{"id":100421,"date":"2016-06-27T20:19:55","date_gmt":"2016-06-28T00:19:55","guid":{"rendered":"https:\/\/bobvarela.com\/?p=100421"},"modified":"2016-06-27T20:19:55","modified_gmt":"2016-06-28T00:19:55","slug":"krizia-robustella-en-el-080-barcelona-fashion-primaveraverano-2017","status":"publish","type":"post","link":"https:\/\/bobvarela.com\/?p=100421","title":{"rendered":"Krizia Robustella en el 080 BARCELONA FASHION Primavera\/Verano 2017"},"content":{"rendered":"<h6 align=\"justify\"><font size=\"3\">COLECCI\u00d3N &#8211; HAPPY ENDING<\/font><\/h6>\n<p align=\"justify\"><font size=\"3\">En la mayor\u00eda de culturas la muerte suele verse como algo negativo, triste y doloroso. En otras en cambio, la muerte es s\u00f3lo el fin de una etapa y el principio de otra. Happy Ending es la nueva colecci\u00f3n de la dise\u00f1adora Krizia Robustella para el verano 2017, un funeral donde el color, las flores y la iron\u00eda son los protagonistas. Los estampados, de la mano del artista David M\u00e9ndez Alonso, se llenan de iconograf\u00eda gangsta: pistolas, navajas y pu\u00f1os americanos mezclados con <em>smileys<\/em>, plantas y rejas. Personajes urbanos caracter\u00edsticos de Robustella donde el lujo y el deporte se mezclan para crear este vestuario <em>funny-f\u00fanebre<\/em>.<\/font><\/p>\n<p align=\"justify\"><div class=\"flagallery photomania_skin\" id=\"FlaGallery_sc1_335\" ><style type=\"text\/css\" class=\"flagallery_skin_style_import\">#FlaGallery_sc1_335 .flagpm_preload {opacity:0;}#FlaGallery_sc1_335 .swiper-big-images img.flagpm_the_photo { max-height:100%; max-width:100%; display:inline; width:auto; height:auto !important; object-fit:unset; vertical-align:middle; border:none; }#FlaGallery_sc1_335 .flagpm_focus .swiper-big-images img.flagpm_the_photo { width:auto; height:auto; object-fit:unset; }#FlaGallery_sc1_335 .swiper-small-images img.flagpm_photo { max-width:none; max-height:none; }#FlaGallery_sc1_335 .swiper-small-images img.flagpm_photo.flagpm_photo_landscape { width:auto; height:100% !important; }#FlaGallery_sc1_335 .swiper-small-images img.flagpm_photo.flagpm_photo_portrait { width:100%; height:auto !important; }#FlaGallery_sc1_335 .flagpm_gallery_sources_list p { margin:7px 0; padding:0; font-size:inherit; }#FlaGallery_sc1_335 .flagpm_photo_details .flagpm_description_wrap a,#FlaGallery_sc1_335 .flagpm_big_button_wrap .flagpm_button.flagpm_like.flagpm_liked,#FlaGallery_sc1_335 .flagpm_big_button_wrap .flagpm_button.flagpm_like.flagpm_liked:hover {color:#0099e5;}#FlaGallery_sc1_335 .flagpm_photo_show .flagpm_big_button {background-color:#0099e5;}#FlaGallery_sc1_335 .swiper-small-images div.flagpm_photo.swiper-slide-active {border-color:#02adea;}#FlaGallery_sc1_335 .flagpm_photo_header .flagpm_name_wrap .flagpm_title_author a:hover,#FlaGallery_sc1_335 .flagpm_photo_details .flagpm_description_wrap a:hover {color:#02adea;}#FlaGallery_sc1_335 .flagpm_photo_show .flagpm_big_button:hover,#FlaGallery_sc1_335 .flagpm_focus_actions ul .flagpm_button.like.flagpm_liked {background-color:#02adea;}<\/style> <div class=\"flagpm_photo_show flagpm_w960 flagpm_w640 flagpm_w480 flagpm_preload\"> <div class=\"flagpm_photo_wrap has_prev_photo has_next_photo\"> <div class=\"swiper-container swiper-big-images\"> <div class=\"flagpm_photo_arrow_next flagpm_photo_arrow flagpm_next\"> <div title=\"Next\" class=\"flagpm_arrow\"><\/div> <\/div> <div class=\"flagpm_photo_arrow_previous flagpm_photo_arrow flagpm_prev\"> <div title=\"Previous\" class=\"flagpm_arrow\"><\/div> <\/div> <div class=\"swiper-wrapper\"><div class=\"swiper-slide\" data-hash=\"flagallery24020\" data-photo-id=\"24020\"><span class=\"flagpm_va\"><\/span><img decoding=\"async\" src=\"https:\/\/bobvarela.com\/wp-content\/flagallery\/krizia-robustella-en-el-080-barcelona-fashion-primaveraverano-2017\/webview\/krizia_robustella_002.jpg\" data-src=\"https:\/\/bobvarela.com\/wp-content\/flagallery\/krizia-robustella-en-el-080-barcelona-fashion-primaveraverano-2017\/webview\/krizia_robustella_002.jpg\" alt=\"080 Barcelona Spring-Summer 2017\" class=\"noLazy flagpm_the_photo swiper-lazy\"><div class=\"swiper-lazy-preloader swiper-lazy-preloader-black\"><\/div><\/div><div class=\"swiper-slide\" data-hash=\"flagallery24021\" data-photo-id=\"24021\"><span class=\"flagpm_va\"><\/span><img data-src=\"https:\/\/bobvarela.com\/wp-content\/flagallery\/krizia-robustella-en-el-080-barcelona-fashion-primaveraverano-2017\/webview\/krizia_robustella_003.jpg\" alt=\"080 Barcelona Spring-Summer 2017\" class=\"noLazy flagpm_the_photo swiper-lazy\"><div class=\"swiper-lazy-preloader swiper-lazy-preloader-black\"><\/div><\/div><div class=\"swiper-slide\" data-hash=\"flagallery24022\" data-photo-id=\"24022\"><span class=\"flagpm_va\"><\/span><img data-src=\"https:\/\/bobvarela.com\/wp-content\/flagallery\/krizia-robustella-en-el-080-barcelona-fashion-primaveraverano-2017\/webview\/krizia_robustella_004.jpg\" alt=\"080 Barcelona Spring-Summer 2017\" class=\"noLazy flagpm_the_photo swiper-lazy\"><div class=\"swiper-lazy-preloader swiper-lazy-preloader-black\"><\/div><\/div><div class=\"swiper-slide\" data-hash=\"flagallery24023\" data-photo-id=\"24023\"><span class=\"flagpm_va\"><\/span><img data-src=\"https:\/\/bobvarela.com\/wp-content\/flagallery\/krizia-robustella-en-el-080-barcelona-fashion-primaveraverano-2017\/webview\/krizia_robustella_005.jpg\" alt=\"080 Barcelona Spring-Summer 2017\" class=\"noLazy flagpm_the_photo swiper-lazy\"><div class=\"swiper-lazy-preloader swiper-lazy-preloader-black\"><\/div><\/div><div class=\"swiper-slide\" data-hash=\"flagallery24024\" data-photo-id=\"24024\"><span class=\"flagpm_va\"><\/span><img data-src=\"https:\/\/bobvarela.com\/wp-content\/flagallery\/krizia-robustella-en-el-080-barcelona-fashion-primaveraverano-2017\/webview\/krizia_robustella_006.jpg\" alt=\"080 Barcelona Spring-Summer 2017\" class=\"noLazy flagpm_the_photo swiper-lazy\"><div class=\"swiper-lazy-preloader swiper-lazy-preloader-black\"><\/div><\/div><div class=\"swiper-slide\" data-hash=\"flagallery24025\" data-photo-id=\"24025\"><span class=\"flagpm_va\"><\/span><img data-src=\"https:\/\/bobvarela.com\/wp-content\/flagallery\/krizia-robustella-en-el-080-barcelona-fashion-primaveraverano-2017\/webview\/krizia_robustella_007.jpg\" alt=\"080 Barcelona Spring-Summer 2017\" class=\"noLazy flagpm_the_photo swiper-lazy\"><div class=\"swiper-lazy-preloader swiper-lazy-preloader-black\"><\/div><\/div><div class=\"swiper-slide\" data-hash=\"flagallery24026\" data-photo-id=\"24026\"><span class=\"flagpm_va\"><\/span><img data-src=\"https:\/\/bobvarela.com\/wp-content\/flagallery\/krizia-robustella-en-el-080-barcelona-fashion-primaveraverano-2017\/webview\/krizia_robustella_008.jpg\" alt=\"080 Barcelona Spring-Summer 2017\" class=\"noLazy flagpm_the_photo swiper-lazy\"><div class=\"swiper-lazy-preloader swiper-lazy-preloader-black\"><\/div><\/div><div class=\"swiper-slide\" data-hash=\"flagallery24027\" data-photo-id=\"24027\"><span class=\"flagpm_va\"><\/span><img data-src=\"https:\/\/bobvarela.com\/wp-content\/flagallery\/krizia-robustella-en-el-080-barcelona-fashion-primaveraverano-2017\/webview\/krizia_robustella_009.jpg\" alt=\"080 Barcelona Spring-Summer 2017\" class=\"noLazy flagpm_the_photo swiper-lazy\"><div class=\"swiper-lazy-preloader swiper-lazy-preloader-black\"><\/div><\/div><div class=\"swiper-slide\" data-hash=\"flagallery24028\" data-photo-id=\"24028\"><span class=\"flagpm_va\"><\/span><img data-src=\"https:\/\/bobvarela.com\/wp-content\/flagallery\/krizia-robustella-en-el-080-barcelona-fashion-primaveraverano-2017\/webview\/krizia_robustella_010.jpg\" alt=\"080 Barcelona Spring-Summer 2017\" class=\"noLazy flagpm_the_photo swiper-lazy\"><div class=\"swiper-lazy-preloader swiper-lazy-preloader-black\"><\/div><\/div><div class=\"swiper-slide\" data-hash=\"flagallery24029\" data-photo-id=\"24029\"><span class=\"flagpm_va\"><\/span><img data-src=\"https:\/\/bobvarela.com\/wp-content\/flagallery\/krizia-robustella-en-el-080-barcelona-fashion-primaveraverano-2017\/webview\/krizia_robustella_011.jpg\" alt=\"080 Barcelona Spring-Summer 2017\" class=\"noLazy flagpm_the_photo swiper-lazy\"><div class=\"swiper-lazy-preloader swiper-lazy-preloader-black\"><\/div><\/div><div class=\"swiper-slide\" data-hash=\"flagallery24030\" data-photo-id=\"24030\"><span class=\"flagpm_va\"><\/span><img data-src=\"https:\/\/bobvarela.com\/wp-content\/flagallery\/krizia-robustella-en-el-080-barcelona-fashion-primaveraverano-2017\/webview\/krizia_robustella_012.jpg\" alt=\"080 Barcelona Spring-Summer 2017\" class=\"noLazy flagpm_the_photo swiper-lazy\"><div class=\"swiper-lazy-preloader swiper-lazy-preloader-black\"><\/div><\/div><div class=\"swiper-slide\" data-hash=\"flagallery24031\" data-photo-id=\"24031\"><span class=\"flagpm_va\"><\/span><img data-src=\"https:\/\/bobvarela.com\/wp-content\/flagallery\/krizia-robustella-en-el-080-barcelona-fashion-primaveraverano-2017\/webview\/krizia_robustella_013.jpg\" alt=\"080 Barcelona Spring-Summer 2017\" class=\"noLazy flagpm_the_photo swiper-lazy\"><div class=\"swiper-lazy-preloader swiper-lazy-preloader-black\"><\/div><\/div><div class=\"swiper-slide\" data-hash=\"flagallery24032\" data-photo-id=\"24032\"><span class=\"flagpm_va\"><\/span><img data-src=\"https:\/\/bobvarela.com\/wp-content\/flagallery\/krizia-robustella-en-el-080-barcelona-fashion-primaveraverano-2017\/webview\/krizia_robustella_015.jpg\" alt=\"080 Barcelona Spring-Summer 2017\" class=\"noLazy flagpm_the_photo swiper-lazy\"><div class=\"swiper-lazy-preloader swiper-lazy-preloader-black\"><\/div><\/div><div class=\"swiper-slide\" data-hash=\"flagallery24033\" data-photo-id=\"24033\"><span class=\"flagpm_va\"><\/span><img data-src=\"https:\/\/bobvarela.com\/wp-content\/flagallery\/krizia-robustella-en-el-080-barcelona-fashion-primaveraverano-2017\/webview\/krizia_robustella_016.jpg\" alt=\"080 Barcelona Spring-Summer 2017\" class=\"noLazy flagpm_the_photo swiper-lazy\"><div class=\"swiper-lazy-preloader swiper-lazy-preloader-black\"><\/div><\/div><div class=\"swiper-slide\" data-hash=\"flagallery24034\" data-photo-id=\"24034\"><span class=\"flagpm_va\"><\/span><img data-src=\"https:\/\/bobvarela.com\/wp-content\/flagallery\/krizia-robustella-en-el-080-barcelona-fashion-primaveraverano-2017\/webview\/krizia_robustella_017.jpg\" alt=\"080 Barcelona Spring-Summer 2017\" class=\"noLazy flagpm_the_photo swiper-lazy\"><div class=\"swiper-lazy-preloader swiper-lazy-preloader-black\"><\/div><\/div><div class=\"swiper-slide\" data-hash=\"flagallery24035\" data-photo-id=\"24035\"><span class=\"flagpm_va\"><\/span><img data-src=\"https:\/\/bobvarela.com\/wp-content\/flagallery\/krizia-robustella-en-el-080-barcelona-fashion-primaveraverano-2017\/webview\/krizia_robustella_018.jpg\" alt=\"080 Barcelona Spring-Summer 2017\" class=\"noLazy flagpm_the_photo swiper-lazy\"><div class=\"swiper-lazy-preloader swiper-lazy-preloader-black\"><\/div><\/div><div class=\"swiper-slide\" data-hash=\"flagallery24036\" data-photo-id=\"24036\"><span class=\"flagpm_va\"><\/span><img data-src=\"https:\/\/bobvarela.com\/wp-content\/flagallery\/krizia-robustella-en-el-080-barcelona-fashion-primaveraverano-2017\/webview\/krizia_robustella_019.jpg\" alt=\"080 Barcelona Spring-Summer 2017\" class=\"noLazy flagpm_the_photo swiper-lazy\"><div class=\"swiper-lazy-preloader swiper-lazy-preloader-black\"><\/div><\/div><div class=\"swiper-slide\" data-hash=\"flagallery24037\" data-photo-id=\"24037\"><span class=\"flagpm_va\"><\/span><img data-src=\"https:\/\/bobvarela.com\/wp-content\/flagallery\/krizia-robustella-en-el-080-barcelona-fashion-primaveraverano-2017\/webview\/krizia_robustella_020.jpg\" alt=\"080 Barcelona Spring-Summer 2017\" class=\"noLazy flagpm_the_photo swiper-lazy\"><div class=\"swiper-lazy-preloader swiper-lazy-preloader-black\"><\/div><\/div><div class=\"swiper-slide\" data-hash=\"flagallery24038\" data-photo-id=\"24038\"><span class=\"flagpm_va\"><\/span><img data-src=\"https:\/\/bobvarela.com\/wp-content\/flagallery\/krizia-robustella-en-el-080-barcelona-fashion-primaveraverano-2017\/webview\/krizia_robustella_021.jpg\" alt=\"080 Barcelona Spring-Summer 2017\" class=\"noLazy flagpm_the_photo swiper-lazy\"><div class=\"swiper-lazy-preloader swiper-lazy-preloader-black\"><\/div><\/div><div class=\"swiper-slide\" data-hash=\"flagallery24039\" data-photo-id=\"24039\"><span class=\"flagpm_va\"><\/span><img data-src=\"https:\/\/bobvarela.com\/wp-content\/flagallery\/krizia-robustella-en-el-080-barcelona-fashion-primaveraverano-2017\/webview\/krizia_robustella_022.jpg\" alt=\"080 Barcelona Spring-Summer 2017\" class=\"noLazy flagpm_the_photo swiper-lazy\"><div class=\"swiper-lazy-preloader swiper-lazy-preloader-black\"><\/div><\/div><div class=\"swiper-slide\" data-hash=\"flagallery24040\" data-photo-id=\"24040\"><span class=\"flagpm_va\"><\/span><img data-src=\"https:\/\/bobvarela.com\/wp-content\/flagallery\/krizia-robustella-en-el-080-barcelona-fashion-primaveraverano-2017\/webview\/krizia_robustella_023.jpg\" alt=\"080 Barcelona Spring-Summer 2017\" class=\"noLazy flagpm_the_photo swiper-lazy\"><div class=\"swiper-lazy-preloader swiper-lazy-preloader-black\"><\/div><\/div><div class=\"swiper-slide\" data-hash=\"flagallery24041\" data-photo-id=\"24041\"><span class=\"flagpm_va\"><\/span><img data-src=\"https:\/\/bobvarela.com\/wp-content\/flagallery\/krizia-robustella-en-el-080-barcelona-fashion-primaveraverano-2017\/webview\/krizia_robustella_024.jpg\" alt=\"080 Barcelona Spring-Summer 2017\" class=\"noLazy flagpm_the_photo swiper-lazy\"><div class=\"swiper-lazy-preloader swiper-lazy-preloader-black\"><\/div><\/div><div class=\"swiper-slide\" data-hash=\"flagallery24042\" data-photo-id=\"24042\"><span class=\"flagpm_va\"><\/span><img data-src=\"https:\/\/bobvarela.com\/wp-content\/flagallery\/krizia-robustella-en-el-080-barcelona-fashion-primaveraverano-2017\/webview\/krizia_robustella_025.jpg\" alt=\"080 Barcelona Spring-Summer 2017\" class=\"noLazy flagpm_the_photo swiper-lazy\"><div class=\"swiper-lazy-preloader swiper-lazy-preloader-black\"><\/div><\/div><div class=\"swiper-slide\" data-hash=\"flagallery24043\" data-photo-id=\"24043\"><span class=\"flagpm_va\"><\/span><img data-src=\"https:\/\/bobvarela.com\/wp-content\/flagallery\/krizia-robustella-en-el-080-barcelona-fashion-primaveraverano-2017\/webview\/krizia_robustella_026.jpg\" alt=\"080 Barcelona Spring-Summer 2017\" class=\"noLazy flagpm_the_photo swiper-lazy\"><div class=\"swiper-lazy-preloader swiper-lazy-preloader-black\"><\/div><\/div><div class=\"swiper-slide\" data-hash=\"flagallery24044\" data-photo-id=\"24044\"><span class=\"flagpm_va\"><\/span><img data-src=\"https:\/\/bobvarela.com\/wp-content\/flagallery\/krizia-robustella-en-el-080-barcelona-fashion-primaveraverano-2017\/webview\/krizia_robustella_027.jpg\" alt=\"080 Barcelona Spring-Summer 2017\" class=\"noLazy flagpm_the_photo swiper-lazy\"><div class=\"swiper-lazy-preloader swiper-lazy-preloader-black\"><\/div><\/div><div class=\"swiper-slide\" data-hash=\"flagallery24045\" data-photo-id=\"24045\"><span class=\"flagpm_va\"><\/span><img data-src=\"https:\/\/bobvarela.com\/wp-content\/flagallery\/krizia-robustella-en-el-080-barcelona-fashion-primaveraverano-2017\/webview\/krizia_robustella_028.jpg\" alt=\"080 Barcelona Spring-Summer 2017\" class=\"noLazy flagpm_the_photo swiper-lazy\"><div class=\"swiper-lazy-preloader swiper-lazy-preloader-black\"><\/div><\/div><div class=\"swiper-slide\" data-hash=\"flagallery24046\" data-photo-id=\"24046\"><span class=\"flagpm_va\"><\/span><img data-src=\"https:\/\/bobvarela.com\/wp-content\/flagallery\/krizia-robustella-en-el-080-barcelona-fashion-primaveraverano-2017\/webview\/krizia_robustella_029.jpg\" alt=\"080 Barcelona Spring-Summer 2017\" class=\"noLazy flagpm_the_photo swiper-lazy\"><div class=\"swiper-lazy-preloader swiper-lazy-preloader-black\"><\/div><\/div><div class=\"swiper-slide\" data-hash=\"flagallery24047\" data-photo-id=\"24047\"><span class=\"flagpm_va\"><\/span><img data-src=\"https:\/\/bobvarela.com\/wp-content\/flagallery\/krizia-robustella-en-el-080-barcelona-fashion-primaveraverano-2017\/webview\/krizia_robustella_030.jpg\" alt=\"080 Barcelona Spring-Summer 2017\" class=\"noLazy flagpm_the_photo swiper-lazy\"><div class=\"swiper-lazy-preloader swiper-lazy-preloader-black\"><\/div><\/div><div class=\"swiper-slide\" data-hash=\"flagallery24048\" data-photo-id=\"24048\"><span class=\"flagpm_va\"><\/span><img data-src=\"https:\/\/bobvarela.com\/wp-content\/flagallery\/krizia-robustella-en-el-080-barcelona-fashion-primaveraverano-2017\/webview\/krizia_robustella_031.jpg\" alt=\"080 Barcelona Spring-Summer 2017\" class=\"noLazy flagpm_the_photo swiper-lazy\"><div class=\"swiper-lazy-preloader swiper-lazy-preloader-black\"><\/div><\/div><div class=\"swiper-slide\" data-hash=\"flagallery24049\" data-photo-id=\"24049\"><span class=\"flagpm_va\"><\/span><img data-src=\"https:\/\/bobvarela.com\/wp-content\/flagallery\/krizia-robustella-en-el-080-barcelona-fashion-primaveraverano-2017\/webview\/krizia_robustella_032.jpg\" alt=\"080 Barcelona Spring-Summer 2017\" class=\"noLazy flagpm_the_photo swiper-lazy\"><div class=\"swiper-lazy-preloader swiper-lazy-preloader-black\"><\/div><\/div><div class=\"swiper-slide\" data-hash=\"flagallery24050\" data-photo-id=\"24050\"><span class=\"flagpm_va\"><\/span><img data-src=\"https:\/\/bobvarela.com\/wp-content\/flagallery\/krizia-robustella-en-el-080-barcelona-fashion-primaveraverano-2017\/webview\/krizia_robustella_033.jpg\" alt=\"080 Barcelona Spring-Summer 2017\" class=\"noLazy flagpm_the_photo swiper-lazy\"><div class=\"swiper-lazy-preloader swiper-lazy-preloader-black\"><\/div><\/div><div class=\"swiper-slide\" data-hash=\"flagallery24051\" data-photo-id=\"24051\"><span class=\"flagpm_va\"><\/span><img data-src=\"https:\/\/bobvarela.com\/wp-content\/flagallery\/krizia-robustella-en-el-080-barcelona-fashion-primaveraverano-2017\/webview\/krizia_robustella_034.jpg\" alt=\"080 Barcelona Spring-Summer 2017\" class=\"noLazy flagpm_the_photo swiper-lazy\"><div class=\"swiper-lazy-preloader swiper-lazy-preloader-black\"><\/div><\/div><div class=\"swiper-slide\" data-hash=\"flagallery24052\" data-photo-id=\"24052\"><span class=\"flagpm_va\"><\/span><img data-src=\"https:\/\/bobvarela.com\/wp-content\/flagallery\/krizia-robustella-en-el-080-barcelona-fashion-primaveraverano-2017\/webview\/krizia_robustella_035.jpg\" alt=\"080 Barcelona Spring-Summer 2017\" class=\"noLazy flagpm_the_photo swiper-lazy\"><div class=\"swiper-lazy-preloader swiper-lazy-preloader-black\"><\/div><\/div><div class=\"swiper-slide\" data-hash=\"flagallery24053\" data-photo-id=\"24053\"><span class=\"flagpm_va\"><\/span><img data-src=\"https:\/\/bobvarela.com\/wp-content\/flagallery\/krizia-robustella-en-el-080-barcelona-fashion-primaveraverano-2017\/webview\/krizia_robustella_036.jpg\" alt=\"080 Barcelona Spring-Summer 2017\" class=\"noLazy flagpm_the_photo swiper-lazy\"><div class=\"swiper-lazy-preloader swiper-lazy-preloader-black\"><\/div><\/div><div class=\"swiper-slide\" data-hash=\"flagallery24054\" data-photo-id=\"24054\"><span class=\"flagpm_va\"><\/span><img data-src=\"https:\/\/bobvarela.com\/wp-content\/flagallery\/krizia-robustella-en-el-080-barcelona-fashion-primaveraverano-2017\/webview\/krizia_robustella_037.jpg\" alt=\"080 Barcelona Spring-Summer 2017\" class=\"noLazy flagpm_the_photo swiper-lazy\"><div class=\"swiper-lazy-preloader swiper-lazy-preloader-black\"><\/div><\/div><div class=\"swiper-slide\" data-hash=\"flagallery24055\" data-photo-id=\"24055\"><span class=\"flagpm_va\"><\/span><img data-src=\"https:\/\/bobvarela.com\/wp-content\/flagallery\/krizia-robustella-en-el-080-barcelona-fashion-primaveraverano-2017\/webview\/krizia_robustella_038.jpg\" alt=\"080 Barcelona Spring-Summer 2017\" class=\"noLazy flagpm_the_photo swiper-lazy\"><div class=\"swiper-lazy-preloader swiper-lazy-preloader-black\"><\/div><\/div><div class=\"swiper-slide\" data-hash=\"flagallery24056\" data-photo-id=\"24056\"><span class=\"flagpm_va\"><\/span><img data-src=\"https:\/\/bobvarela.com\/wp-content\/flagallery\/krizia-robustella-en-el-080-barcelona-fashion-primaveraverano-2017\/webview\/krizia_robustella_039.jpg\" alt=\"080 Barcelona Spring-Summer 2017\" class=\"noLazy flagpm_the_photo swiper-lazy\"><div class=\"swiper-lazy-preloader swiper-lazy-preloader-black\"><\/div><\/div><div class=\"swiper-slide\" data-hash=\"flagallery24057\" data-photo-id=\"24057\"><span class=\"flagpm_va\"><\/span><img data-src=\"https:\/\/bobvarela.com\/wp-content\/flagallery\/krizia-robustella-en-el-080-barcelona-fashion-primaveraverano-2017\/webview\/krizia_robustella_040.jpg\" alt=\"080 Barcelona Spring-Summer 2017\" class=\"noLazy flagpm_the_photo swiper-lazy\"><div class=\"swiper-lazy-preloader swiper-lazy-preloader-black\"><\/div><\/div><div class=\"swiper-slide\" data-hash=\"flagallery24058\" data-photo-id=\"24058\"><span class=\"flagpm_va\"><\/span><img data-src=\"https:\/\/bobvarela.com\/wp-content\/flagallery\/krizia-robustella-en-el-080-barcelona-fashion-primaveraverano-2017\/webview\/krizia_robustella_041.jpg\" alt=\"080 Barcelona Spring-Summer 2017\" class=\"noLazy flagpm_the_photo swiper-lazy\"><div class=\"swiper-lazy-preloader swiper-lazy-preloader-black\"><\/div><\/div><div class=\"swiper-slide\" data-hash=\"flagallery24059\" data-photo-id=\"24059\"><span class=\"flagpm_va\"><\/span><img data-src=\"https:\/\/bobvarela.com\/wp-content\/flagallery\/krizia-robustella-en-el-080-barcelona-fashion-primaveraverano-2017\/webview\/krizia_robustella_042.jpg\" alt=\"080 Barcelona Spring-Summer 2017\" class=\"noLazy flagpm_the_photo swiper-lazy\"><div class=\"swiper-lazy-preloader swiper-lazy-preloader-black\"><\/div><\/div><div class=\"swiper-slide\" data-hash=\"flagallery24060\" data-photo-id=\"24060\"><span class=\"flagpm_va\"><\/span><img data-src=\"https:\/\/bobvarela.com\/wp-content\/flagallery\/krizia-robustella-en-el-080-barcelona-fashion-primaveraverano-2017\/webview\/krizia_robustella_043.jpg\" alt=\"080 Barcelona Spring-Summer 2017\" class=\"noLazy flagpm_the_photo swiper-lazy\"><div class=\"swiper-lazy-preloader swiper-lazy-preloader-black\"><\/div><\/div><div class=\"swiper-slide\" data-hash=\"flagallery24061\" data-photo-id=\"24061\"><span class=\"flagpm_va\"><\/span><img data-src=\"https:\/\/bobvarela.com\/wp-content\/flagallery\/krizia-robustella-en-el-080-barcelona-fashion-primaveraverano-2017\/webview\/krizia_robustella_044.jpg\" alt=\"080 Barcelona Spring-Summer 2017\" class=\"noLazy flagpm_the_photo swiper-lazy\"><div class=\"swiper-lazy-preloader swiper-lazy-preloader-black\"><\/div><\/div><div class=\"swiper-slide\" data-hash=\"flagallery24062\" data-photo-id=\"24062\"><span class=\"flagpm_va\"><\/span><img data-src=\"https:\/\/bobvarela.com\/wp-content\/flagallery\/krizia-robustella-en-el-080-barcelona-fashion-primaveraverano-2017\/webview\/krizia_robustella_045.jpg\" alt=\"080 Barcelona Spring-Summer 2017\" class=\"noLazy flagpm_the_photo swiper-lazy\"><div class=\"swiper-lazy-preloader swiper-lazy-preloader-black\"><\/div><\/div><div class=\"swiper-slide\" data-hash=\"flagallery24063\" data-photo-id=\"24063\"><span class=\"flagpm_va\"><\/span><img data-src=\"https:\/\/bobvarela.com\/wp-content\/flagallery\/krizia-robustella-en-el-080-barcelona-fashion-primaveraverano-2017\/webview\/krizia_robustella_046.jpg\" alt=\"080 Barcelona Spring-Summer 2017\" class=\"noLazy flagpm_the_photo swiper-lazy\"><div class=\"swiper-lazy-preloader swiper-lazy-preloader-black\"><\/div><\/div><div class=\"swiper-slide\" data-hash=\"flagallery24064\" data-photo-id=\"24064\"><span class=\"flagpm_va\"><\/span><img data-src=\"https:\/\/bobvarela.com\/wp-content\/flagallery\/krizia-robustella-en-el-080-barcelona-fashion-primaveraverano-2017\/webview\/krizia_robustella_047.jpg\" alt=\"080 Barcelona Spring-Summer 2017\" class=\"noLazy flagpm_the_photo swiper-lazy\"><div class=\"swiper-lazy-preloader swiper-lazy-preloader-black\"><\/div><\/div><div class=\"swiper-slide\" data-hash=\"flagallery24065\" data-photo-id=\"24065\"><span class=\"flagpm_va\"><\/span><img data-src=\"https:\/\/bobvarela.com\/wp-content\/flagallery\/krizia-robustella-en-el-080-barcelona-fashion-primaveraverano-2017\/webview\/krizia_robustella_048.jpg\" alt=\"080 Barcelona Spring-Summer 2017\" class=\"noLazy flagpm_the_photo swiper-lazy\"><div class=\"swiper-lazy-preloader swiper-lazy-preloader-black\"><\/div><\/div><div class=\"swiper-slide\" data-hash=\"flagallery24066\" data-photo-id=\"24066\"><span class=\"flagpm_va\"><\/span><img data-src=\"https:\/\/bobvarela.com\/wp-content\/flagallery\/krizia-robustella-en-el-080-barcelona-fashion-primaveraverano-2017\/webview\/krizia_robustella_049.jpg\" alt=\"\" class=\"noLazy flagpm_the_photo swiper-lazy\"><div class=\"swiper-lazy-preloader swiper-lazy-preloader-black\"><\/div><\/div><div class=\"swiper-slide\" data-hash=\"flagallery24067\" data-photo-id=\"24067\"><span class=\"flagpm_va\"><\/span><img data-src=\"https:\/\/bobvarela.com\/wp-content\/flagallery\/krizia-robustella-en-el-080-barcelona-fashion-primaveraverano-2017\/webview\/krizia_robustella_050.jpg\" alt=\"080 Barcelona Spring-Summer 2017\" class=\"noLazy flagpm_the_photo swiper-lazy\"><div class=\"swiper-lazy-preloader swiper-lazy-preloader-black\"><\/div><\/div><div class=\"swiper-slide\" data-hash=\"flagallery24068\" data-photo-id=\"24068\"><span class=\"flagpm_va\"><\/span><img data-src=\"https:\/\/bobvarela.com\/wp-content\/flagallery\/krizia-robustella-en-el-080-barcelona-fashion-primaveraverano-2017\/webview\/krizia_robustella_051.jpg\" alt=\"080 Barcelona Spring-Summer 2017\" class=\"noLazy flagpm_the_photo swiper-lazy\"><div class=\"swiper-lazy-preloader swiper-lazy-preloader-black\"><\/div><\/div><div class=\"swiper-slide\" data-hash=\"flagallery24069\" data-photo-id=\"24069\"><span class=\"flagpm_va\"><\/span><img data-src=\"https:\/\/bobvarela.com\/wp-content\/flagallery\/krizia-robustella-en-el-080-barcelona-fashion-primaveraverano-2017\/webview\/krizia_robustella_052.jpg\" alt=\"080 Barcelona Spring-Summer 2017\" class=\"noLazy flagpm_the_photo swiper-lazy\"><div class=\"swiper-lazy-preloader swiper-lazy-preloader-black\"><\/div><\/div><div class=\"swiper-slide\" data-hash=\"flagallery24070\" data-photo-id=\"24070\"><span class=\"flagpm_va\"><\/span><img data-src=\"https:\/\/bobvarela.com\/wp-content\/flagallery\/krizia-robustella-en-el-080-barcelona-fashion-primaveraverano-2017\/webview\/krizia_robustella_053.jpg\" alt=\"080 Barcelona Spring-Summer 2017\" class=\"noLazy flagpm_the_photo swiper-lazy\"><div class=\"swiper-lazy-preloader swiper-lazy-preloader-black\"><\/div><\/div><div class=\"swiper-slide\" data-hash=\"flagallery24071\" data-photo-id=\"24071\"><span class=\"flagpm_va\"><\/span><img data-src=\"https:\/\/bobvarela.com\/wp-content\/flagallery\/krizia-robustella-en-el-080-barcelona-fashion-primaveraverano-2017\/webview\/krizia_robustella_054.jpg\" alt=\"080 Barcelona Spring-Summer 2017\" class=\"noLazy flagpm_the_photo swiper-lazy\"><div class=\"swiper-lazy-preloader swiper-lazy-preloader-black\"><\/div><\/div><div class=\"swiper-slide\" data-hash=\"flagallery24072\" data-photo-id=\"24072\"><span class=\"flagpm_va\"><\/span><img data-src=\"https:\/\/bobvarela.com\/wp-content\/flagallery\/krizia-robustella-en-el-080-barcelona-fashion-primaveraverano-2017\/webview\/krizia_robustella_055.jpg\" alt=\"080 Barcelona Spring-Summer 2017\" class=\"noLazy flagpm_the_photo swiper-lazy\"><div class=\"swiper-lazy-preloader swiper-lazy-preloader-black\"><\/div><\/div><div class=\"swiper-slide\" data-hash=\"flagallery24073\" data-photo-id=\"24073\"><span class=\"flagpm_va\"><\/span><img data-src=\"https:\/\/bobvarela.com\/wp-content\/flagallery\/krizia-robustella-en-el-080-barcelona-fashion-primaveraverano-2017\/webview\/krizia_robustella_056.jpg\" alt=\"080 Barcelona Spring-Summer 2017\" class=\"noLazy flagpm_the_photo swiper-lazy\"><div class=\"swiper-lazy-preloader swiper-lazy-preloader-black\"><\/div><\/div><div class=\"swiper-slide\" data-hash=\"flagallery24074\" data-photo-id=\"24074\"><span class=\"flagpm_va\"><\/span><img data-src=\"https:\/\/bobvarela.com\/wp-content\/flagallery\/krizia-robustella-en-el-080-barcelona-fashion-primaveraverano-2017\/webview\/krizia_robustella_057.jpg\" alt=\"080 Barcelona Spring-Summer 2017\" class=\"noLazy flagpm_the_photo swiper-lazy\"><div class=\"swiper-lazy-preloader swiper-lazy-preloader-black\"><\/div><\/div><div class=\"swiper-slide\" data-hash=\"flagallery24075\" data-photo-id=\"24075\"><span class=\"flagpm_va\"><\/span><img data-src=\"https:\/\/bobvarela.com\/wp-content\/flagallery\/krizia-robustella-en-el-080-barcelona-fashion-primaveraverano-2017\/webview\/krizia_robustella_058.jpg\" alt=\"080 Barcelona Spring-Summer 2017\" class=\"noLazy flagpm_the_photo swiper-lazy\"><div class=\"swiper-lazy-preloader swiper-lazy-preloader-black\"><\/div><\/div><div class=\"swiper-slide\" data-hash=\"flagallery24076\" data-photo-id=\"24076\"><span class=\"flagpm_va\"><\/span><img data-src=\"https:\/\/bobvarela.com\/wp-content\/flagallery\/krizia-robustella-en-el-080-barcelona-fashion-primaveraverano-2017\/webview\/krizia_robustella_059.jpg\" alt=\"080 Barcelona Spring-Summer 2017\" class=\"noLazy flagpm_the_photo swiper-lazy\"><div class=\"swiper-lazy-preloader swiper-lazy-preloader-black\"><\/div><\/div><div class=\"swiper-slide\" data-hash=\"flagallery24077\" data-photo-id=\"24077\"><span class=\"flagpm_va\"><\/span><img data-src=\"https:\/\/bobvarela.com\/wp-content\/flagallery\/krizia-robustella-en-el-080-barcelona-fashion-primaveraverano-2017\/webview\/krizia_robustella_060.jpg\" alt=\"080 Barcelona Spring-Summer 2017\" class=\"noLazy flagpm_the_photo swiper-lazy\"><div class=\"swiper-lazy-preloader swiper-lazy-preloader-black\"><\/div><\/div><div class=\"swiper-slide\" data-hash=\"flagallery24078\" data-photo-id=\"24078\"><span class=\"flagpm_va\"><\/span><img data-src=\"https:\/\/bobvarela.com\/wp-content\/flagallery\/krizia-robustella-en-el-080-barcelona-fashion-primaveraverano-2017\/webview\/krizia_robustella_061.jpg\" alt=\"080 Barcelona Spring-Summer 2017\" class=\"noLazy flagpm_the_photo swiper-lazy\"><div class=\"swiper-lazy-preloader swiper-lazy-preloader-black\"><\/div><\/div><div class=\"swiper-slide\" data-hash=\"flagallery24079\" data-photo-id=\"24079\"><span class=\"flagpm_va\"><\/span><img data-src=\"https:\/\/bobvarela.com\/wp-content\/flagallery\/krizia-robustella-en-el-080-barcelona-fashion-primaveraverano-2017\/webview\/krizia_robustella_062.jpg\" alt=\"080 Barcelona Spring-Summer 2017\" class=\"noLazy flagpm_the_photo swiper-lazy\"><div class=\"swiper-lazy-preloader swiper-lazy-preloader-black\"><\/div><\/div> <\/div> <\/div> <\/div> <div class=\"flagpm_photo_header\"> <div class=\"flagpm_wrapper flagpm_clearfix\"> <div class=\"flagpm_focus_actions\"> <ul class=\"flagpm_focus_share\"> <li style=\"list-style:none;\" class=\"flagpm_share_wrapper\"> <a class=\"flagpm_button flagpm_share\">Share<\/a> <ul class=\"flagpm_sharelizers flagpm_clearfix\"> <li style=\"list-style:none;\"><a class=\"flagpm_button flagpm_facebook flagpm_sharelizer\">Facebook<\/a><\/li> <li style=\"list-style:none;\"><a class=\"flagpm_button flagpm_twitter flagpm_sharelizer\">Twitter<\/a><\/li> <li style=\"list-style:none;\"><a class=\"flagpm_button flagpm_pinterest flagpm_sharelizer\">Pinterest<\/a><\/li> <li style=\"list-style:none;\"><a class=\"flagpm_button flagpm_stumbleupon flagpm_sharelizer\">StumbleUpon<\/a><\/li> <\/ul> <\/li> <\/ul> <ul class=\"flagpm_focus_like_fave flagpm_clearfix\"> <li style=\"list-style:none;\"><a class=\"flagpm_button flagpm_like\">Like<\/a><\/li> <\/ul> <ul class=\"flagpm_focus_arrows flagpm_clearfix\"> <li style=\"list-style:none;\"><a class=\"flagpm_button flagpm_photo_arrow_previous flagpm_prev\">Previous<\/a><\/li> <li style=\"list-style:none;\"><a class=\"flagpm_button flagpm_photo_arrow_next flagpm_next\">Next<\/a><\/li> <\/ul> <\/div> <div class=\"flagpm_name_wrap flagpm_clearfix flagpm_no_avatar\"> <div class=\"flagpm_title_author\"> <div class=\"flagpm_title\">080 Barcelona Spring-Summer 2017<\/div> <\/div> <\/div> <div class=\"flagpm_actions flagpm_clearfix\"> <div class=\"flagpm_carousel flagpm_has_previous flagpm_has_next\"> <div class=\"flagpm_previous_button\"><\/div> <div class=\"flagpm_photo_carousel\"> <div class=\"swiper-container swiper-small-images\"> <div class=\"swiper-wrapper\"><div class=\"swiper-slide flagpm_photo\" data-photo-id=\"24020\"><img decoding=\"async\" src=\"https:\/\/bobvarela.com\/wp-content\/flagallery\/krizia-robustella-en-el-080-barcelona-fashion-primaveraverano-2017\/thumbs\/thumbs_krizia_robustella_002.jpg\" data-src=\"https:\/\/bobvarela.com\/wp-content\/flagallery\/krizia-robustella-en-el-080-barcelona-fashion-primaveraverano-2017\/thumbs\/thumbs_krizia_robustella_002.jpg\" alt=\"080 Barcelona Spring-Summer 2017\" class=\"noLazy flagpm_photo swiper-lazy flagpm_photo_portrait\"><span class=\"swiper-lazy-preloader swiper-lazy-preloader-black\"><\/span><\/div><div class=\"swiper-slide flagpm_photo\" data-photo-id=\"24021\"><img data-src=\"https:\/\/bobvarela.com\/wp-content\/flagallery\/krizia-robustella-en-el-080-barcelona-fashion-primaveraverano-2017\/thumbs\/thumbs_krizia_robustella_003.jpg\" alt=\"080 Barcelona Spring-Summer 2017\" class=\"noLazy flagpm_photo swiper-lazy flagpm_photo_portrait\"><span class=\"swiper-lazy-preloader swiper-lazy-preloader-black\"><\/span><\/div><div class=\"swiper-slide flagpm_photo\" data-photo-id=\"24022\"><img data-src=\"https:\/\/bobvarela.com\/wp-content\/flagallery\/krizia-robustella-en-el-080-barcelona-fashion-primaveraverano-2017\/thumbs\/thumbs_krizia_robustella_004.jpg\" alt=\"080 Barcelona Spring-Summer 2017\" class=\"noLazy flagpm_photo swiper-lazy flagpm_photo_portrait\"><span class=\"swiper-lazy-preloader swiper-lazy-preloader-black\"><\/span><\/div><div class=\"swiper-slide flagpm_photo\" data-photo-id=\"24023\"><img data-src=\"https:\/\/bobvarela.com\/wp-content\/flagallery\/krizia-robustella-en-el-080-barcelona-fashion-primaveraverano-2017\/thumbs\/thumbs_krizia_robustella_005.jpg\" alt=\"080 Barcelona Spring-Summer 2017\" class=\"noLazy flagpm_photo swiper-lazy flagpm_photo_portrait\"><span class=\"swiper-lazy-preloader swiper-lazy-preloader-black\"><\/span><\/div><div class=\"swiper-slide flagpm_photo\" data-photo-id=\"24024\"><img data-src=\"https:\/\/bobvarela.com\/wp-content\/flagallery\/krizia-robustella-en-el-080-barcelona-fashion-primaveraverano-2017\/thumbs\/thumbs_krizia_robustella_006.jpg\" alt=\"080 Barcelona Spring-Summer 2017\" class=\"noLazy flagpm_photo swiper-lazy flagpm_photo_portrait\"><span class=\"swiper-lazy-preloader swiper-lazy-preloader-black\"><\/span><\/div><div class=\"swiper-slide flagpm_photo\" data-photo-id=\"24025\"><img data-src=\"https:\/\/bobvarela.com\/wp-content\/flagallery\/krizia-robustella-en-el-080-barcelona-fashion-primaveraverano-2017\/thumbs\/thumbs_krizia_robustella_007.jpg\" alt=\"080 Barcelona Spring-Summer 2017\" class=\"noLazy flagpm_photo swiper-lazy flagpm_photo_portrait\"><span class=\"swiper-lazy-preloader swiper-lazy-preloader-black\"><\/span><\/div><div class=\"swiper-slide flagpm_photo\" data-photo-id=\"24026\"><img data-src=\"https:\/\/bobvarela.com\/wp-content\/flagallery\/krizia-robustella-en-el-080-barcelona-fashion-primaveraverano-2017\/thumbs\/thumbs_krizia_robustella_008.jpg\" alt=\"080 Barcelona Spring-Summer 2017\" class=\"noLazy flagpm_photo swiper-lazy flagpm_photo_portrait\"><span class=\"swiper-lazy-preloader swiper-lazy-preloader-black\"><\/span><\/div><div class=\"swiper-slide flagpm_photo\" data-photo-id=\"24027\"><img data-src=\"https:\/\/bobvarela.com\/wp-content\/flagallery\/krizia-robustella-en-el-080-barcelona-fashion-primaveraverano-2017\/thumbs\/thumbs_krizia_robustella_009.jpg\" alt=\"080 Barcelona Spring-Summer 2017\" class=\"noLazy flagpm_photo swiper-lazy flagpm_photo_portrait\"><span class=\"swiper-lazy-preloader swiper-lazy-preloader-black\"><\/span><\/div><div class=\"swiper-slide flagpm_photo\" data-photo-id=\"24028\"><img data-src=\"https:\/\/bobvarela.com\/wp-content\/flagallery\/krizia-robustella-en-el-080-barcelona-fashion-primaveraverano-2017\/thumbs\/thumbs_krizia_robustella_010.jpg\" alt=\"080 Barcelona Spring-Summer 2017\" class=\"noLazy flagpm_photo swiper-lazy flagpm_photo_portrait\"><span class=\"swiper-lazy-preloader swiper-lazy-preloader-black\"><\/span><\/div><div class=\"swiper-slide flagpm_photo\" data-photo-id=\"24029\"><img data-src=\"https:\/\/bobvarela.com\/wp-content\/flagallery\/krizia-robustella-en-el-080-barcelona-fashion-primaveraverano-2017\/thumbs\/thumbs_krizia_robustella_011.jpg\" alt=\"080 Barcelona Spring-Summer 2017\" class=\"noLazy flagpm_photo swiper-lazy flagpm_photo_portrait\"><span class=\"swiper-lazy-preloader swiper-lazy-preloader-black\"><\/span><\/div><div class=\"swiper-slide flagpm_photo\" data-photo-id=\"24030\"><img data-src=\"https:\/\/bobvarela.com\/wp-content\/flagallery\/krizia-robustella-en-el-080-barcelona-fashion-primaveraverano-2017\/thumbs\/thumbs_krizia_robustella_012.jpg\" alt=\"080 Barcelona Spring-Summer 2017\" class=\"noLazy flagpm_photo swiper-lazy flagpm_photo_portrait\"><span class=\"swiper-lazy-preloader swiper-lazy-preloader-black\"><\/span><\/div><div class=\"swiper-slide flagpm_photo\" data-photo-id=\"24031\"><img data-src=\"https:\/\/bobvarela.com\/wp-content\/flagallery\/krizia-robustella-en-el-080-barcelona-fashion-primaveraverano-2017\/thumbs\/thumbs_krizia_robustella_013.jpg\" alt=\"080 Barcelona Spring-Summer 2017\" class=\"noLazy flagpm_photo swiper-lazy flagpm_photo_portrait\"><span class=\"swiper-lazy-preloader swiper-lazy-preloader-black\"><\/span><\/div><div class=\"swiper-slide flagpm_photo\" data-photo-id=\"24032\"><img data-src=\"https:\/\/bobvarela.com\/wp-content\/flagallery\/krizia-robustella-en-el-080-barcelona-fashion-primaveraverano-2017\/thumbs\/thumbs_krizia_robustella_015.jpg\" alt=\"080 Barcelona Spring-Summer 2017\" class=\"noLazy flagpm_photo swiper-lazy flagpm_photo_portrait\"><span class=\"swiper-lazy-preloader swiper-lazy-preloader-black\"><\/span><\/div><div class=\"swiper-slide flagpm_photo\" data-photo-id=\"24033\"><img data-src=\"https:\/\/bobvarela.com\/wp-content\/flagallery\/krizia-robustella-en-el-080-barcelona-fashion-primaveraverano-2017\/thumbs\/thumbs_krizia_robustella_016.jpg\" alt=\"080 Barcelona Spring-Summer 2017\" class=\"noLazy flagpm_photo swiper-lazy flagpm_photo_portrait\"><span class=\"swiper-lazy-preloader swiper-lazy-preloader-black\"><\/span><\/div><div class=\"swiper-slide flagpm_photo\" data-photo-id=\"24034\"><img data-src=\"https:\/\/bobvarela.com\/wp-content\/flagallery\/krizia-robustella-en-el-080-barcelona-fashion-primaveraverano-2017\/thumbs\/thumbs_krizia_robustella_017.jpg\" alt=\"080 Barcelona Spring-Summer 2017\" class=\"noLazy flagpm_photo swiper-lazy flagpm_photo_portrait\"><span class=\"swiper-lazy-preloader swiper-lazy-preloader-black\"><\/span><\/div><div class=\"swiper-slide flagpm_photo\" data-photo-id=\"24035\"><img data-src=\"https:\/\/bobvarela.com\/wp-content\/flagallery\/krizia-robustella-en-el-080-barcelona-fashion-primaveraverano-2017\/thumbs\/thumbs_krizia_robustella_018.jpg\" alt=\"080 Barcelona Spring-Summer 2017\" class=\"noLazy flagpm_photo swiper-lazy flagpm_photo_portrait\"><span class=\"swiper-lazy-preloader swiper-lazy-preloader-black\"><\/span><\/div><div class=\"swiper-slide flagpm_photo\" data-photo-id=\"24036\"><img data-src=\"https:\/\/bobvarela.com\/wp-content\/flagallery\/krizia-robustella-en-el-080-barcelona-fashion-primaveraverano-2017\/thumbs\/thumbs_krizia_robustella_019.jpg\" alt=\"080 Barcelona Spring-Summer 2017\" class=\"noLazy flagpm_photo swiper-lazy flagpm_photo_portrait\"><span class=\"swiper-lazy-preloader swiper-lazy-preloader-black\"><\/span><\/div><div class=\"swiper-slide flagpm_photo\" data-photo-id=\"24037\"><img data-src=\"https:\/\/bobvarela.com\/wp-content\/flagallery\/krizia-robustella-en-el-080-barcelona-fashion-primaveraverano-2017\/thumbs\/thumbs_krizia_robustella_020.jpg\" alt=\"080 Barcelona Spring-Summer 2017\" class=\"noLazy flagpm_photo swiper-lazy flagpm_photo_portrait\"><span class=\"swiper-lazy-preloader swiper-lazy-preloader-black\"><\/span><\/div><div class=\"swiper-slide flagpm_photo\" data-photo-id=\"24038\"><img data-src=\"https:\/\/bobvarela.com\/wp-content\/flagallery\/krizia-robustella-en-el-080-barcelona-fashion-primaveraverano-2017\/thumbs\/thumbs_krizia_robustella_021.jpg\" alt=\"080 Barcelona Spring-Summer 2017\" class=\"noLazy flagpm_photo swiper-lazy flagpm_photo_portrait\"><span class=\"swiper-lazy-preloader swiper-lazy-preloader-black\"><\/span><\/div><div class=\"swiper-slide flagpm_photo\" data-photo-id=\"24039\"><img data-src=\"https:\/\/bobvarela.com\/wp-content\/flagallery\/krizia-robustella-en-el-080-barcelona-fashion-primaveraverano-2017\/thumbs\/thumbs_krizia_robustella_022.jpg\" alt=\"080 Barcelona Spring-Summer 2017\" class=\"noLazy flagpm_photo swiper-lazy flagpm_photo_portrait\"><span class=\"swiper-lazy-preloader swiper-lazy-preloader-black\"><\/span><\/div><div class=\"swiper-slide flagpm_photo\" data-photo-id=\"24040\"><img data-src=\"https:\/\/bobvarela.com\/wp-content\/flagallery\/krizia-robustella-en-el-080-barcelona-fashion-primaveraverano-2017\/thumbs\/thumbs_krizia_robustella_023.jpg\" alt=\"080 Barcelona Spring-Summer 2017\" class=\"noLazy flagpm_photo swiper-lazy flagpm_photo_portrait\"><span class=\"swiper-lazy-preloader swiper-lazy-preloader-black\"><\/span><\/div><div class=\"swiper-slide flagpm_photo\" data-photo-id=\"24041\"><img data-src=\"https:\/\/bobvarela.com\/wp-content\/flagallery\/krizia-robustella-en-el-080-barcelona-fashion-primaveraverano-2017\/thumbs\/thumbs_krizia_robustella_024.jpg\" alt=\"080 Barcelona Spring-Summer 2017\" class=\"noLazy flagpm_photo swiper-lazy flagpm_photo_portrait\"><span class=\"swiper-lazy-preloader swiper-lazy-preloader-black\"><\/span><\/div><div class=\"swiper-slide flagpm_photo\" data-photo-id=\"24042\"><img data-src=\"https:\/\/bobvarela.com\/wp-content\/flagallery\/krizia-robustella-en-el-080-barcelona-fashion-primaveraverano-2017\/thumbs\/thumbs_krizia_robustella_025.jpg\" alt=\"080 Barcelona Spring-Summer 2017\" class=\"noLazy flagpm_photo swiper-lazy flagpm_photo_portrait\"><span class=\"swiper-lazy-preloader swiper-lazy-preloader-black\"><\/span><\/div><div class=\"swiper-slide flagpm_photo\" data-photo-id=\"24043\"><img data-src=\"https:\/\/bobvarela.com\/wp-content\/flagallery\/krizia-robustella-en-el-080-barcelona-fashion-primaveraverano-2017\/thumbs\/thumbs_krizia_robustella_026.jpg\" alt=\"080 Barcelona Spring-Summer 2017\" class=\"noLazy flagpm_photo swiper-lazy flagpm_photo_portrait\"><span class=\"swiper-lazy-preloader swiper-lazy-preloader-black\"><\/span><\/div><div class=\"swiper-slide flagpm_photo\" data-photo-id=\"24044\"><img data-src=\"https:\/\/bobvarela.com\/wp-content\/flagallery\/krizia-robustella-en-el-080-barcelona-fashion-primaveraverano-2017\/thumbs\/thumbs_krizia_robustella_027.jpg\" alt=\"080 Barcelona Spring-Summer 2017\" class=\"noLazy flagpm_photo swiper-lazy flagpm_photo_portrait\"><span class=\"swiper-lazy-preloader swiper-lazy-preloader-black\"><\/span><\/div><div class=\"swiper-slide flagpm_photo\" data-photo-id=\"24045\"><img data-src=\"https:\/\/bobvarela.com\/wp-content\/flagallery\/krizia-robustella-en-el-080-barcelona-fashion-primaveraverano-2017\/thumbs\/thumbs_krizia_robustella_028.jpg\" alt=\"080 Barcelona Spring-Summer 2017\" class=\"noLazy flagpm_photo swiper-lazy flagpm_photo_portrait\"><span class=\"swiper-lazy-preloader swiper-lazy-preloader-black\"><\/span><\/div><div class=\"swiper-slide flagpm_photo\" data-photo-id=\"24046\"><img data-src=\"https:\/\/bobvarela.com\/wp-content\/flagallery\/krizia-robustella-en-el-080-barcelona-fashion-primaveraverano-2017\/thumbs\/thumbs_krizia_robustella_029.jpg\" alt=\"080 Barcelona Spring-Summer 2017\" class=\"noLazy flagpm_photo swiper-lazy flagpm_photo_portrait\"><span class=\"swiper-lazy-preloader swiper-lazy-preloader-black\"><\/span><\/div><div class=\"swiper-slide flagpm_photo\" data-photo-id=\"24047\"><img data-src=\"https:\/\/bobvarela.com\/wp-content\/flagallery\/krizia-robustella-en-el-080-barcelona-fashion-primaveraverano-2017\/thumbs\/thumbs_krizia_robustella_030.jpg\" alt=\"080 Barcelona Spring-Summer 2017\" class=\"noLazy flagpm_photo swiper-lazy flagpm_photo_portrait\"><span class=\"swiper-lazy-preloader swiper-lazy-preloader-black\"><\/span><\/div><div class=\"swiper-slide flagpm_photo\" data-photo-id=\"24048\"><img data-src=\"https:\/\/bobvarela.com\/wp-content\/flagallery\/krizia-robustella-en-el-080-barcelona-fashion-primaveraverano-2017\/thumbs\/thumbs_krizia_robustella_031.jpg\" alt=\"080 Barcelona Spring-Summer 2017\" class=\"noLazy flagpm_photo swiper-lazy flagpm_photo_portrait\"><span class=\"swiper-lazy-preloader swiper-lazy-preloader-black\"><\/span><\/div><div class=\"swiper-slide flagpm_photo\" data-photo-id=\"24049\"><img data-src=\"https:\/\/bobvarela.com\/wp-content\/flagallery\/krizia-robustella-en-el-080-barcelona-fashion-primaveraverano-2017\/thumbs\/thumbs_krizia_robustella_032.jpg\" alt=\"080 Barcelona Spring-Summer 2017\" class=\"noLazy flagpm_photo swiper-lazy flagpm_photo_landscape\"><span class=\"swiper-lazy-preloader swiper-lazy-preloader-black\"><\/span><\/div><div class=\"swiper-slide flagpm_photo\" data-photo-id=\"24050\"><img data-src=\"https:\/\/bobvarela.com\/wp-content\/flagallery\/krizia-robustella-en-el-080-barcelona-fashion-primaveraverano-2017\/thumbs\/thumbs_krizia_robustella_033.jpg\" alt=\"080 Barcelona Spring-Summer 2017\" class=\"noLazy flagpm_photo swiper-lazy flagpm_photo_portrait\"><span class=\"swiper-lazy-preloader swiper-lazy-preloader-black\"><\/span><\/div><div class=\"swiper-slide flagpm_photo\" data-photo-id=\"24051\"><img data-src=\"https:\/\/bobvarela.com\/wp-content\/flagallery\/krizia-robustella-en-el-080-barcelona-fashion-primaveraverano-2017\/thumbs\/thumbs_krizia_robustella_034.jpg\" alt=\"080 Barcelona Spring-Summer 2017\" class=\"noLazy flagpm_photo swiper-lazy flagpm_photo_portrait\"><span class=\"swiper-lazy-preloader swiper-lazy-preloader-black\"><\/span><\/div><div class=\"swiper-slide flagpm_photo\" data-photo-id=\"24052\"><img data-src=\"https:\/\/bobvarela.com\/wp-content\/flagallery\/krizia-robustella-en-el-080-barcelona-fashion-primaveraverano-2017\/thumbs\/thumbs_krizia_robustella_035.jpg\" alt=\"080 Barcelona Spring-Summer 2017\" class=\"noLazy flagpm_photo swiper-lazy flagpm_photo_portrait\"><span class=\"swiper-lazy-preloader swiper-lazy-preloader-black\"><\/span><\/div><div class=\"swiper-slide flagpm_photo\" data-photo-id=\"24053\"><img data-src=\"https:\/\/bobvarela.com\/wp-content\/flagallery\/krizia-robustella-en-el-080-barcelona-fashion-primaveraverano-2017\/thumbs\/thumbs_krizia_robustella_036.jpg\" alt=\"080 Barcelona Spring-Summer 2017\" class=\"noLazy flagpm_photo swiper-lazy flagpm_photo_landscape\"><span class=\"swiper-lazy-preloader swiper-lazy-preloader-black\"><\/span><\/div><div class=\"swiper-slide flagpm_photo\" data-photo-id=\"24054\"><img data-src=\"https:\/\/bobvarela.com\/wp-content\/flagallery\/krizia-robustella-en-el-080-barcelona-fashion-primaveraverano-2017\/thumbs\/thumbs_krizia_robustella_037.jpg\" alt=\"080 Barcelona Spring-Summer 2017\" class=\"noLazy flagpm_photo swiper-lazy flagpm_photo_portrait\"><span class=\"swiper-lazy-preloader swiper-lazy-preloader-black\"><\/span><\/div><div class=\"swiper-slide flagpm_photo\" data-photo-id=\"24055\"><img data-src=\"https:\/\/bobvarela.com\/wp-content\/flagallery\/krizia-robustella-en-el-080-barcelona-fashion-primaveraverano-2017\/thumbs\/thumbs_krizia_robustella_038.jpg\" alt=\"080 Barcelona Spring-Summer 2017\" class=\"noLazy flagpm_photo swiper-lazy flagpm_photo_portrait\"><span class=\"swiper-lazy-preloader swiper-lazy-preloader-black\"><\/span><\/div><div class=\"swiper-slide flagpm_photo\" data-photo-id=\"24056\"><img data-src=\"https:\/\/bobvarela.com\/wp-content\/flagallery\/krizia-robustella-en-el-080-barcelona-fashion-primaveraverano-2017\/thumbs\/thumbs_krizia_robustella_039.jpg\" alt=\"080 Barcelona Spring-Summer 2017\" class=\"noLazy flagpm_photo swiper-lazy flagpm_photo_portrait\"><span class=\"swiper-lazy-preloader swiper-lazy-preloader-black\"><\/span><\/div><div class=\"swiper-slide flagpm_photo\" data-photo-id=\"24057\"><img data-src=\"https:\/\/bobvarela.com\/wp-content\/flagallery\/krizia-robustella-en-el-080-barcelona-fashion-primaveraverano-2017\/thumbs\/thumbs_krizia_robustella_040.jpg\" alt=\"080 Barcelona Spring-Summer 2017\" class=\"noLazy flagpm_photo swiper-lazy flagpm_photo_portrait\"><span class=\"swiper-lazy-preloader swiper-lazy-preloader-black\"><\/span><\/div><div class=\"swiper-slide flagpm_photo\" data-photo-id=\"24058\"><img data-src=\"https:\/\/bobvarela.com\/wp-content\/flagallery\/krizia-robustella-en-el-080-barcelona-fashion-primaveraverano-2017\/thumbs\/thumbs_krizia_robustella_041.jpg\" alt=\"080 Barcelona Spring-Summer 2017\" class=\"noLazy flagpm_photo swiper-lazy flagpm_photo_portrait\"><span class=\"swiper-lazy-preloader swiper-lazy-preloader-black\"><\/span><\/div><div class=\"swiper-slide flagpm_photo\" data-photo-id=\"24059\"><img data-src=\"https:\/\/bobvarela.com\/wp-content\/flagallery\/krizia-robustella-en-el-080-barcelona-fashion-primaveraverano-2017\/thumbs\/thumbs_krizia_robustella_042.jpg\" alt=\"080 Barcelona Spring-Summer 2017\" class=\"noLazy flagpm_photo swiper-lazy flagpm_photo_portrait\"><span class=\"swiper-lazy-preloader swiper-lazy-preloader-black\"><\/span><\/div><div class=\"swiper-slide flagpm_photo\" data-photo-id=\"24060\"><img data-src=\"https:\/\/bobvarela.com\/wp-content\/flagallery\/krizia-robustella-en-el-080-barcelona-fashion-primaveraverano-2017\/thumbs\/thumbs_krizia_robustella_043.jpg\" alt=\"080 Barcelona Spring-Summer 2017\" class=\"noLazy flagpm_photo swiper-lazy flagpm_photo_portrait\"><span class=\"swiper-lazy-preloader swiper-lazy-preloader-black\"><\/span><\/div><div class=\"swiper-slide flagpm_photo\" data-photo-id=\"24061\"><img data-src=\"https:\/\/bobvarela.com\/wp-content\/flagallery\/krizia-robustella-en-el-080-barcelona-fashion-primaveraverano-2017\/thumbs\/thumbs_krizia_robustella_044.jpg\" alt=\"080 Barcelona Spring-Summer 2017\" class=\"noLazy flagpm_photo swiper-lazy flagpm_photo_portrait\"><span class=\"swiper-lazy-preloader swiper-lazy-preloader-black\"><\/span><\/div><div class=\"swiper-slide flagpm_photo\" data-photo-id=\"24062\"><img data-src=\"https:\/\/bobvarela.com\/wp-content\/flagallery\/krizia-robustella-en-el-080-barcelona-fashion-primaveraverano-2017\/thumbs\/thumbs_krizia_robustella_045.jpg\" alt=\"080 Barcelona Spring-Summer 2017\" class=\"noLazy flagpm_photo swiper-lazy flagpm_photo_portrait\"><span class=\"swiper-lazy-preloader swiper-lazy-preloader-black\"><\/span><\/div><div class=\"swiper-slide flagpm_photo\" data-photo-id=\"24063\"><img data-src=\"https:\/\/bobvarela.com\/wp-content\/flagallery\/krizia-robustella-en-el-080-barcelona-fashion-primaveraverano-2017\/thumbs\/thumbs_krizia_robustella_046.jpg\" alt=\"080 Barcelona Spring-Summer 2017\" class=\"noLazy flagpm_photo swiper-lazy flagpm_photo_portrait\"><span class=\"swiper-lazy-preloader swiper-lazy-preloader-black\"><\/span><\/div><div class=\"swiper-slide flagpm_photo\" data-photo-id=\"24064\"><img data-src=\"https:\/\/bobvarela.com\/wp-content\/flagallery\/krizia-robustella-en-el-080-barcelona-fashion-primaveraverano-2017\/thumbs\/thumbs_krizia_robustella_047.jpg\" alt=\"080 Barcelona Spring-Summer 2017\" class=\"noLazy flagpm_photo swiper-lazy flagpm_photo_portrait\"><span class=\"swiper-lazy-preloader swiper-lazy-preloader-black\"><\/span><\/div><div class=\"swiper-slide flagpm_photo\" data-photo-id=\"24065\"><img data-src=\"https:\/\/bobvarela.com\/wp-content\/flagallery\/krizia-robustella-en-el-080-barcelona-fashion-primaveraverano-2017\/thumbs\/thumbs_krizia_robustella_048.jpg\" alt=\"080 Barcelona Spring-Summer 2017\" class=\"noLazy flagpm_photo swiper-lazy flagpm_photo_portrait\"><span class=\"swiper-lazy-preloader swiper-lazy-preloader-black\"><\/span><\/div><div class=\"swiper-slide flagpm_photo\" data-photo-id=\"24066\"><img data-src=\"https:\/\/bobvarela.com\/wp-content\/flagallery\/krizia-robustella-en-el-080-barcelona-fashion-primaveraverano-2017\/thumbs\/thumbs_krizia_robustella_049.jpg\" alt=\"\" class=\"noLazy flagpm_photo swiper-lazy flagpm_photo_portrait\"><span class=\"swiper-lazy-preloader swiper-lazy-preloader-black\"><\/span><\/div><div class=\"swiper-slide flagpm_photo\" data-photo-id=\"24067\"><img data-src=\"https:\/\/bobvarela.com\/wp-content\/flagallery\/krizia-robustella-en-el-080-barcelona-fashion-primaveraverano-2017\/thumbs\/thumbs_krizia_robustella_050.jpg\" alt=\"080 Barcelona Spring-Summer 2017\" class=\"noLazy flagpm_photo swiper-lazy flagpm_photo_portrait\"><span class=\"swiper-lazy-preloader swiper-lazy-preloader-black\"><\/span><\/div><div class=\"swiper-slide flagpm_photo\" data-photo-id=\"24068\"><img data-src=\"https:\/\/bobvarela.com\/wp-content\/flagallery\/krizia-robustella-en-el-080-barcelona-fashion-primaveraverano-2017\/thumbs\/thumbs_krizia_robustella_051.jpg\" alt=\"080 Barcelona Spring-Summer 2017\" class=\"noLazy flagpm_photo swiper-lazy flagpm_photo_portrait\"><span class=\"swiper-lazy-preloader swiper-lazy-preloader-black\"><\/span><\/div><div class=\"swiper-slide flagpm_photo\" data-photo-id=\"24069\"><img data-src=\"https:\/\/bobvarela.com\/wp-content\/flagallery\/krizia-robustella-en-el-080-barcelona-fashion-primaveraverano-2017\/thumbs\/thumbs_krizia_robustella_052.jpg\" alt=\"080 Barcelona Spring-Summer 2017\" class=\"noLazy flagpm_photo swiper-lazy flagpm_photo_portrait\"><span class=\"swiper-lazy-preloader swiper-lazy-preloader-black\"><\/span><\/div><div class=\"swiper-slide flagpm_photo\" data-photo-id=\"24070\"><img data-src=\"https:\/\/bobvarela.com\/wp-content\/flagallery\/krizia-robustella-en-el-080-barcelona-fashion-primaveraverano-2017\/thumbs\/thumbs_krizia_robustella_053.jpg\" alt=\"080 Barcelona Spring-Summer 2017\" class=\"noLazy flagpm_photo swiper-lazy flagpm_photo_portrait\"><span class=\"swiper-lazy-preloader swiper-lazy-preloader-black\"><\/span><\/div><div class=\"swiper-slide flagpm_photo\" data-photo-id=\"24071\"><img data-src=\"https:\/\/bobvarela.com\/wp-content\/flagallery\/krizia-robustella-en-el-080-barcelona-fashion-primaveraverano-2017\/thumbs\/thumbs_krizia_robustella_054.jpg\" alt=\"080 Barcelona Spring-Summer 2017\" class=\"noLazy flagpm_photo swiper-lazy flagpm_photo_portrait\"><span class=\"swiper-lazy-preloader swiper-lazy-preloader-black\"><\/span><\/div><div class=\"swiper-slide flagpm_photo\" data-photo-id=\"24072\"><img data-src=\"https:\/\/bobvarela.com\/wp-content\/flagallery\/krizia-robustella-en-el-080-barcelona-fashion-primaveraverano-2017\/thumbs\/thumbs_krizia_robustella_055.jpg\" alt=\"080 Barcelona Spring-Summer 2017\" class=\"noLazy flagpm_photo swiper-lazy flagpm_photo_portrait\"><span class=\"swiper-lazy-preloader swiper-lazy-preloader-black\"><\/span><\/div><div class=\"swiper-slide flagpm_photo\" data-photo-id=\"24073\"><img data-src=\"https:\/\/bobvarela.com\/wp-content\/flagallery\/krizia-robustella-en-el-080-barcelona-fashion-primaveraverano-2017\/thumbs\/thumbs_krizia_robustella_056.jpg\" alt=\"080 Barcelona Spring-Summer 2017\" class=\"noLazy flagpm_photo swiper-lazy flagpm_photo_portrait\"><span class=\"swiper-lazy-preloader swiper-lazy-preloader-black\"><\/span><\/div><div class=\"swiper-slide flagpm_photo\" data-photo-id=\"24074\"><img data-src=\"https:\/\/bobvarela.com\/wp-content\/flagallery\/krizia-robustella-en-el-080-barcelona-fashion-primaveraverano-2017\/thumbs\/thumbs_krizia_robustella_057.jpg\" alt=\"080 Barcelona Spring-Summer 2017\" class=\"noLazy flagpm_photo swiper-lazy flagpm_photo_portrait\"><span class=\"swiper-lazy-preloader swiper-lazy-preloader-black\"><\/span><\/div><div class=\"swiper-slide flagpm_photo\" data-photo-id=\"24075\"><img data-src=\"https:\/\/bobvarela.com\/wp-content\/flagallery\/krizia-robustella-en-el-080-barcelona-fashion-primaveraverano-2017\/thumbs\/thumbs_krizia_robustella_058.jpg\" alt=\"080 Barcelona Spring-Summer 2017\" class=\"noLazy flagpm_photo swiper-lazy flagpm_photo_portrait\"><span class=\"swiper-lazy-preloader swiper-lazy-preloader-black\"><\/span><\/div><div class=\"swiper-slide flagpm_photo\" data-photo-id=\"24076\"><img data-src=\"https:\/\/bobvarela.com\/wp-content\/flagallery\/krizia-robustella-en-el-080-barcelona-fashion-primaveraverano-2017\/thumbs\/thumbs_krizia_robustella_059.jpg\" alt=\"080 Barcelona Spring-Summer 2017\" class=\"noLazy flagpm_photo swiper-lazy flagpm_photo_portrait\"><span class=\"swiper-lazy-preloader swiper-lazy-preloader-black\"><\/span><\/div><div class=\"swiper-slide flagpm_photo\" data-photo-id=\"24077\"><img data-src=\"https:\/\/bobvarela.com\/wp-content\/flagallery\/krizia-robustella-en-el-080-barcelona-fashion-primaveraverano-2017\/thumbs\/thumbs_krizia_robustella_060.jpg\" alt=\"080 Barcelona Spring-Summer 2017\" class=\"noLazy flagpm_photo swiper-lazy flagpm_photo_portrait\"><span class=\"swiper-lazy-preloader swiper-lazy-preloader-black\"><\/span><\/div><div class=\"swiper-slide flagpm_photo\" data-photo-id=\"24078\"><img data-src=\"https:\/\/bobvarela.com\/wp-content\/flagallery\/krizia-robustella-en-el-080-barcelona-fashion-primaveraverano-2017\/thumbs\/thumbs_krizia_robustella_061.jpg\" alt=\"080 Barcelona Spring-Summer 2017\" class=\"noLazy flagpm_photo swiper-lazy flagpm_photo_portrait\"><span class=\"swiper-lazy-preloader swiper-lazy-preloader-black\"><\/span><\/div><div class=\"swiper-slide flagpm_photo\" data-photo-id=\"24079\"><img data-src=\"https:\/\/bobvarela.com\/wp-content\/flagallery\/krizia-robustella-en-el-080-barcelona-fashion-primaveraverano-2017\/thumbs\/thumbs_krizia_robustella_062.jpg\" alt=\"080 Barcelona Spring-Summer 2017\" class=\"noLazy flagpm_photo swiper-lazy flagpm_photo_portrait\"><span class=\"swiper-lazy-preloader swiper-lazy-preloader-black\"><\/span><\/div> <\/div> <\/div> <\/div> <div class=\"flagpm_next_button\"><\/div> <\/div> <div class=\"flagpm_big_button_wrap\"> <div class=\"flagpm_share_wrapper\"> <a class=\"flagpm_button flagpm_share\">Share<\/a> <div class=\"flagpm_sharelizers_wrap\"> <ul class=\"flagpm_sharelizers\"> <li style=\"list-style:none;\"><a class=\"flagpm_button flagpm_facebook flagpm_sharelizer\">Facebook<\/a><\/li> <li style=\"list-style:none;\"><a class=\"flagpm_button flagpm_twitter flagpm_sharelizer\">Twitter<\/a><\/li> <li style=\"list-style:none;\"><a class=\"flagpm_button flagpm_pinterest flagpm_sharelizer\">Pinterest<\/a><\/li> <li style=\"list-style:none;\"><a class=\"flagpm_button flagpm_stumbleupon flagpm_sharelizer\">StumbleUpon<\/a><\/li> <\/ul> <\/div> <\/div> <a class=\"flagpm_button flagpm_like\">Like<\/a> <\/div> <div class=\"flagpm_big_button_wrap\"> <a class=\"flagpm_big_button flagpm_download_button\" href=\"https:\/\/bobvarela.com\/wp-content\/flagallery\/krizia-robustella-en-el-080-barcelona-fashion-primaveraverano-2017\/krizia_robustella_002.jpg\" download=\"krizia_robustella_002.jpg\"> <span class=\"flagpm_icon\"><\/span> <span class=\"flagpm_label\">Download<\/span> <\/a> <\/div> <div class=\"flagpm_big_button_wrap\"> <a class=\"flagpm_big_button flagpm_link_button flagpm_inactive\" > <span class=\"flagpm_icon\"><\/span> <span class=\"flagpm_label\">Open Link<\/span> <\/a> <\/div> <\/div> <\/div> <\/div> <div class=\"flagpm_focus_close_full\"> <span><a class=\"flagpm_button flagpm_close\">Close<\/a><\/span> <span><a class=\"flagpm_button flagpm_full\">Full<\/a><\/span> <\/div> <div class=\"flagpm_photo_details\"> <div class=\"flagpm_description_wrap\"> <div class=\"details_title\">Description<\/div> <div class=\"flagpm_description_text_wrap\"> <div class=\"flagpm_slide_description\"><p>080 Barcelona Spring-Summer 2017<\/p><\/div> <\/div> <\/div> <\/div> <div class=\"flagpm_focus_footer\"> <div class=\"flagpm_focus_keyboard\"> <div class=\"flagpm_focus_keyboard_title\">Keyboard Shortcuts <a class=\"flagpm_focus_keyboard_dismiss\">Dismiss<\/a><\/div> <ul> <li style=\"list-style:none;\"><a data-key=\"p\" class=\"flagpm_key\">S<\/a><span class=\"flagpm_label\">Slideshow<\/span><\/li> <li style=\"list-style:none;\"><a data-key=\"m\" class=\"flagpm_key\">M<\/a><span class=\"flagpm_label\">Maximize<\/span><\/li> <li style=\"list-style:none;\"><a data-key=\"left\" class=\"flagpm_key\">&nbsp;<\/a><span class=\"flagpm_label\">Previous<\/span><\/li> <li style=\"list-style:none;\"><a data-key=\"right\" class=\"flagpm_key\">&nbsp;<\/a><span class=\"flagpm_label\">Next<\/span><\/li> <li style=\"list-style:none;\"><a data-key=\"escape\" class=\"flagpm_key flagpm_esc\">esc<\/a><span class=\"flagpm_label\">Close<\/span><\/li> <\/ul> <\/div> <\/div> <\/div> <script type=\"text\/javascript\"> jQuery(function($) { var settings = {\"base_gallery_width\":\"800\",\"base_gallery_height\":\"500\",\"gallery_min_height\":\"230\",\"scale_mode\":\"fit\",\"initial_slide\":0,\"slideshow_autoplay\":\"0\",\"slideshow_delay\":\"7000\",\"gallery_focus\":\"0\",\"gallery_maximized\":\"0\",\"gallery_focus_maximized\":\"0\",\"keyboard_help\":\"1\",\"show_download_button\":\"1\",\"show_link_button\":\"1\",\"show_description\":\"1\",\"show_share_button\":\"1\",\"show_like_button\":\"1\",\"link_color\":\"#0099e5\",\"link_color_hover\":\"#02adea\",\"download_button_text\":\"Download\",\"link_button_text\":\"Open Link\",\"description_title\":\"Description\",\"key\":\"\",\"name\":\"\",\"gallID\":\"sc1_335\"}; var content = {\"data\":[{\"id\":\"24020\",\"image\":\"https:\\\/\\\/bobvarela.com\\\/wp-content\\\/flagallery\\\/krizia-robustella-en-el-080-barcelona-fashion-primaveraverano-2017\\\/webview\\\/krizia_robustella_002.jpg\",\"thumb\":\"https:\\\/\\\/bobvarela.com\\\/wp-content\\\/flagallery\\\/krizia-robustella-en-el-080-barcelona-fashion-primaveraverano-2017\\\/thumbs\\\/thumbs_krizia_robustella_002.jpg\",\"file\":\"krizia_robustella_002.jpg\",\"meta\":{\"aperture\":false,\"credit\":false,\"camera\":false,\"caption\":\"080 Barcelona Spring-Summer 2017\",\"created_timestamp\":\"June 27, 2016 1:00 pm\",\"copyright\":\"\\u00c2\\u00a9 2016 Estrop-Barcelona PHOTOGRAPH FOR FASHION EDITORIAL USE ONLY\",\"focal_length\":false,\"iso\":false,\"shutter_speed\":false,\"flash\":false,\"title\":\"080 Barcelona Spring-Summer 2017\",\"keywords\":\"080 Barcelona,Estrop-Barcelona,INEF,Spring-Summer 2017\",\"width\":1333,\"height\":2000,\"saved\":true,\"thumbnail\":{\"width\":220,\"height\":220,\"ewww_image_optimizer\":\"Reduced by 18.4% (10.2&nbsp;kB)\"},\"webview\":{\"0\":800,\"1\":1200,\"2\":2,\"3\":\"width=\\\"800\\\" height=\\\"1200\\\"\",\"bits\":8,\"channels\":3,\"mime\":\"image\\\/jpeg\",\"ewww_image_optimizer\":\"Reduced by 6.4% (12.5&nbsp;kB) - Previously Optimized\"},\"0\":false,\"ewww_image_optimizer\":\"Reduced by 8.5% (21.6&nbsp;kB)\",\"views\":\"108\",\"likes\":\"0\"},\"title\":\"080 Barcelona Spring-Summer 2017\",\"description\":\"<p>080 Barcelona Spring-Summer 2017<\\\/p>\",\"link\":null,\"link_target\":\"\",\"download\":\"https:\\\/\\\/bobvarela.com\\\/wp-content\\\/flagallery\\\/krizia-robustella-en-el-080-barcelona-fashion-primaveraverano-2017\\\/krizia_robustella_002.jpg\",\"ratio\":0.66666666666666662965923251249478198587894439697265625},{\"id\":\"24021\",\"image\":\"https:\\\/\\\/bobvarela.com\\\/wp-content\\\/flagallery\\\/krizia-robustella-en-el-080-barcelona-fashion-primaveraverano-2017\\\/webview\\\/krizia_robustella_003.jpg\",\"thumb\":\"https:\\\/\\\/bobvarela.com\\\/wp-content\\\/flagallery\\\/krizia-robustella-en-el-080-barcelona-fashion-primaveraverano-2017\\\/thumbs\\\/thumbs_krizia_robustella_003.jpg\",\"file\":\"krizia_robustella_003.jpg\",\"meta\":{\"aperture\":false,\"credit\":false,\"camera\":false,\"caption\":\"080 Barcelona Spring-Summer 2017\",\"created_timestamp\":\"June 27, 2016 1:00 pm\",\"copyright\":\"\\u00c2\\u00a9 2016 Estrop-Barcelona PHOTOGRAPH FOR FASHION EDITORIAL USE ONLY\",\"focal_length\":false,\"iso\":false,\"shutter_speed\":false,\"flash\":false,\"title\":\"080 Barcelona Spring-Summer 2017\",\"keywords\":\"080 Barcelona,Estrop-Barcelona,INEF,Spring-Summer 2017\",\"width\":1333,\"height\":2000,\"saved\":true,\"thumbnail\":{\"width\":220,\"height\":220,\"ewww_image_optimizer\":\"Reduced by 17.6% (9.3&nbsp;kB)\"},\"webview\":{\"0\":800,\"1\":1200,\"2\":2,\"3\":\"width=\\\"800\\\" height=\\\"1200\\\"\",\"bits\":8,\"channels\":3,\"mime\":\"image\\\/jpeg\",\"ewww_image_optimizer\":\"Reduced by 5.9% (11.5&nbsp;kB) - Previously Optimized\"},\"0\":false,\"ewww_image_optimizer\":\"Reduced by 7.7% (19.4&nbsp;kB)\",\"views\":\"0\",\"likes\":\"0\"},\"title\":\"080 Barcelona Spring-Summer 2017\",\"description\":\"<p>080 Barcelona Spring-Summer 2017<\\\/p>\",\"link\":null,\"link_target\":\"\",\"download\":\"https:\\\/\\\/bobvarela.com\\\/wp-content\\\/flagallery\\\/krizia-robustella-en-el-080-barcelona-fashion-primaveraverano-2017\\\/krizia_robustella_003.jpg\",\"ratio\":0.66666666666666662965923251249478198587894439697265625},{\"id\":\"24022\",\"image\":\"https:\\\/\\\/bobvarela.com\\\/wp-content\\\/flagallery\\\/krizia-robustella-en-el-080-barcelona-fashion-primaveraverano-2017\\\/webview\\\/krizia_robustella_004.jpg\",\"thumb\":\"https:\\\/\\\/bobvarela.com\\\/wp-content\\\/flagallery\\\/krizia-robustella-en-el-080-barcelona-fashion-primaveraverano-2017\\\/thumbs\\\/thumbs_krizia_robustella_004.jpg\",\"file\":\"krizia_robustella_004.jpg\",\"meta\":{\"aperture\":false,\"credit\":false,\"camera\":false,\"caption\":\"080 Barcelona Spring-Summer 2017\",\"created_timestamp\":\"June 27, 2016 1:01 pm\",\"copyright\":\"\\u00c2\\u00a9 2016 Estrop-Barcelona PHOTOGRAPH FOR FASHION EDITORIAL USE ONLY\",\"focal_length\":false,\"iso\":false,\"shutter_speed\":false,\"flash\":false,\"title\":\"080 Barcelona Spring-Summer 2017\",\"keywords\":\"080 Barcelona,Estrop-Barcelona,INEF,Spring-Summer 2017\",\"width\":1333,\"height\":2000,\"saved\":true,\"thumbnail\":{\"width\":220,\"height\":220,\"ewww_image_optimizer\":\"Reduced by 16.3% (7.1&nbsp;kB)\"},\"webview\":{\"0\":800,\"1\":1200,\"2\":2,\"3\":\"width=\\\"800\\\" height=\\\"1200\\\"\",\"bits\":8,\"channels\":3,\"mime\":\"image\\\/jpeg\",\"ewww_image_optimizer\":\"Reduced by 5.8% (9.6&nbsp;kB) - Previously Optimized\"},\"0\":false,\"ewww_image_optimizer\":\"Reduced by 9.3% (25.4&nbsp;kB)\",\"views\":\"2\",\"likes\":\"0\"},\"title\":\"080 Barcelona Spring-Summer 2017\",\"description\":\"<p>080 Barcelona Spring-Summer 2017<\\\/p>\",\"link\":null,\"link_target\":\"\",\"download\":\"https:\\\/\\\/bobvarela.com\\\/wp-content\\\/flagallery\\\/krizia-robustella-en-el-080-barcelona-fashion-primaveraverano-2017\\\/krizia_robustella_004.jpg\",\"ratio\":0.66666666666666662965923251249478198587894439697265625},{\"id\":\"24023\",\"image\":\"https:\\\/\\\/bobvarela.com\\\/wp-content\\\/flagallery\\\/krizia-robustella-en-el-080-barcelona-fashion-primaveraverano-2017\\\/webview\\\/krizia_robustella_005.jpg\",\"thumb\":\"https:\\\/\\\/bobvarela.com\\\/wp-content\\\/flagallery\\\/krizia-robustella-en-el-080-barcelona-fashion-primaveraverano-2017\\\/thumbs\\\/thumbs_krizia_robustella_005.jpg\",\"file\":\"krizia_robustella_005.jpg\",\"meta\":{\"aperture\":false,\"credit\":false,\"camera\":false,\"caption\":\"080 Barcelona Spring-Summer 2017\",\"created_timestamp\":\"June 27, 2016 1:01 pm\",\"copyright\":\"\\u00c2\\u00a9 2016 Estrop-Barcelona PHOTOGRAPH FOR FASHION EDITORIAL USE ONLY\",\"focal_length\":false,\"iso\":false,\"shutter_speed\":false,\"flash\":false,\"title\":\"080 Barcelona Spring-Summer 2017\",\"keywords\":\"080 Barcelona,Estrop-Barcelona,INEF,Spring-Summer 2017\",\"width\":1333,\"height\":2000,\"saved\":true,\"thumbnail\":{\"width\":220,\"height\":220,\"ewww_image_optimizer\":\"Reduced by 16.9% (8.6&nbsp;kB)\"},\"webview\":{\"0\":800,\"1\":1200,\"2\":2,\"3\":\"width=\\\"800\\\" height=\\\"1200\\\"\",\"bits\":8,\"channels\":3,\"mime\":\"image\\\/jpeg\",\"ewww_image_optimizer\":\"Reduced by 6.0% (11.3&nbsp;kB) - Previously Optimized\"},\"0\":false,\"ewww_image_optimizer\":\"Reduced by 8.1% (22.8&nbsp;kB)\",\"views\":\"0\",\"likes\":\"0\"},\"title\":\"080 Barcelona Spring-Summer 2017\",\"description\":\"<p>080 Barcelona Spring-Summer 2017<\\\/p>\",\"link\":null,\"link_target\":\"\",\"download\":\"https:\\\/\\\/bobvarela.com\\\/wp-content\\\/flagallery\\\/krizia-robustella-en-el-080-barcelona-fashion-primaveraverano-2017\\\/krizia_robustella_005.jpg\",\"ratio\":0.66666666666666662965923251249478198587894439697265625},{\"id\":\"24024\",\"image\":\"https:\\\/\\\/bobvarela.com\\\/wp-content\\\/flagallery\\\/krizia-robustella-en-el-080-barcelona-fashion-primaveraverano-2017\\\/webview\\\/krizia_robustella_006.jpg\",\"thumb\":\"https:\\\/\\\/bobvarela.com\\\/wp-content\\\/flagallery\\\/krizia-robustella-en-el-080-barcelona-fashion-primaveraverano-2017\\\/thumbs\\\/thumbs_krizia_robustella_006.jpg\",\"file\":\"krizia_robustella_006.jpg\",\"meta\":{\"aperture\":false,\"credit\":false,\"camera\":false,\"caption\":\"080 Barcelona Spring-Summer 2017\",\"created_timestamp\":\"June 27, 2016 1:01 pm\",\"copyright\":\"\\u00c2\\u00a9 2016 Estrop-Barcelona PHOTOGRAPH FOR FASHION EDITORIAL USE ONLY\",\"focal_length\":false,\"iso\":false,\"shutter_speed\":false,\"flash\":false,\"title\":\"080 Barcelona Spring-Summer 2017\",\"keywords\":\"080 Barcelona,Estrop-Barcelona,INEF,Spring-Summer 2017\",\"width\":1333,\"height\":2000,\"saved\":true,\"thumbnail\":{\"width\":220,\"height\":220,\"ewww_image_optimizer\":\"Reduced by 16.5% (8.9&nbsp;kB)\"},\"webview\":{\"0\":800,\"1\":1200,\"2\":2,\"3\":\"width=\\\"800\\\" height=\\\"1200\\\"\",\"bits\":8,\"channels\":3,\"mime\":\"image\\\/jpeg\",\"ewww_image_optimizer\":\"Reduced by 5.7% (10.5&nbsp;kB) - Previously Optimized\"},\"0\":false,\"ewww_image_optimizer\":\"Reduced by 6.6% (16.9&nbsp;kB)\",\"views\":\"2\",\"likes\":\"0\"},\"title\":\"080 Barcelona Spring-Summer 2017\",\"description\":\"<p>080 Barcelona Spring-Summer 2017<\\\/p>\",\"link\":null,\"link_target\":\"\",\"download\":\"https:\\\/\\\/bobvarela.com\\\/wp-content\\\/flagallery\\\/krizia-robustella-en-el-080-barcelona-fashion-primaveraverano-2017\\\/krizia_robustella_006.jpg\",\"ratio\":0.66666666666666662965923251249478198587894439697265625},{\"id\":\"24025\",\"image\":\"https:\\\/\\\/bobvarela.com\\\/wp-content\\\/flagallery\\\/krizia-robustella-en-el-080-barcelona-fashion-primaveraverano-2017\\\/webview\\\/krizia_robustella_007.jpg\",\"thumb\":\"https:\\\/\\\/bobvarela.com\\\/wp-content\\\/flagallery\\\/krizia-robustella-en-el-080-barcelona-fashion-primaveraverano-2017\\\/thumbs\\\/thumbs_krizia_robustella_007.jpg\",\"file\":\"krizia_robustella_007.jpg\",\"meta\":{\"aperture\":false,\"credit\":false,\"camera\":false,\"caption\":\"080 Barcelona Spring-Summer 2017\",\"created_timestamp\":\"June 27, 2016 1:01 pm\",\"copyright\":\"\\u00c2\\u00a9 2016 Estrop-Barcelona PHOTOGRAPH FOR FASHION EDITORIAL USE ONLY\",\"focal_length\":false,\"iso\":false,\"shutter_speed\":false,\"flash\":false,\"title\":\"080 Barcelona Spring-Summer 2017\",\"keywords\":\"080 Barcelona,Estrop-Barcelona,INEF,Spring-Summer 2017\",\"width\":1333,\"height\":2000,\"saved\":true,\"thumbnail\":{\"width\":220,\"height\":220,\"ewww_image_optimizer\":\"Reduced by 17.3% (9.7&nbsp;kB)\"},\"webview\":{\"0\":800,\"1\":1200,\"2\":2,\"3\":\"width=\\\"800\\\" height=\\\"1200\\\"\",\"bits\":8,\"channels\":3,\"mime\":\"image\\\/jpeg\",\"ewww_image_optimizer\":\"Reduced by 6.0% (13.0&nbsp;kB) - Previously Optimized\"},\"0\":false,\"ewww_image_optimizer\":\"Reduced by 12.2% (31.0&nbsp;kB)\",\"views\":\"2\",\"likes\":\"0\"},\"title\":\"080 Barcelona Spring-Summer 2017\",\"description\":\"<p>080 Barcelona Spring-Summer 2017<\\\/p>\",\"link\":null,\"link_target\":\"\",\"download\":\"https:\\\/\\\/bobvarela.com\\\/wp-content\\\/flagallery\\\/krizia-robustella-en-el-080-barcelona-fashion-primaveraverano-2017\\\/krizia_robustella_007.jpg\",\"ratio\":0.66666666666666662965923251249478198587894439697265625},{\"id\":\"24026\",\"image\":\"https:\\\/\\\/bobvarela.com\\\/wp-content\\\/flagallery\\\/krizia-robustella-en-el-080-barcelona-fashion-primaveraverano-2017\\\/webview\\\/krizia_robustella_008.jpg\",\"thumb\":\"https:\\\/\\\/bobvarela.com\\\/wp-content\\\/flagallery\\\/krizia-robustella-en-el-080-barcelona-fashion-primaveraverano-2017\\\/thumbs\\\/thumbs_krizia_robustella_008.jpg\",\"file\":\"krizia_robustella_008.jpg\",\"meta\":{\"aperture\":false,\"credit\":false,\"camera\":false,\"caption\":\"080 Barcelona Spring-Summer 2017\",\"created_timestamp\":\"June 27, 2016 1:01 pm\",\"copyright\":\"\\u00c2\\u00a9 2016 Estrop-Barcelona PHOTOGRAPH FOR FASHION EDITORIAL USE ONLY\",\"focal_length\":false,\"iso\":false,\"shutter_speed\":false,\"flash\":false,\"title\":\"080 Barcelona Spring-Summer 2017\",\"keywords\":\"080 Barcelona,Estrop-Barcelona,INEF,Spring-Summer 2017\",\"width\":1333,\"height\":2000,\"saved\":true,\"thumbnail\":{\"width\":220,\"height\":220,\"ewww_image_optimizer\":\"Reduced by 13.3% (6.8&nbsp;kB)\"},\"webview\":{\"0\":800,\"1\":1200,\"2\":2,\"3\":\"width=\\\"800\\\" height=\\\"1200\\\"\",\"bits\":8,\"channels\":3,\"mime\":\"image\\\/jpeg\",\"ewww_image_optimizer\":\"Reduced by 5.2% (8.5&nbsp;kB) - Previously Optimized\"},\"0\":false,\"ewww_image_optimizer\":\"Reduced by 8.1% (22.5&nbsp;kB)\",\"views\":\"1\",\"likes\":\"0\"},\"title\":\"080 Barcelona Spring-Summer 2017\",\"description\":\"<p>080 Barcelona Spring-Summer 2017<\\\/p>\",\"link\":null,\"link_target\":\"\",\"download\":\"https:\\\/\\\/bobvarela.com\\\/wp-content\\\/flagallery\\\/krizia-robustella-en-el-080-barcelona-fashion-primaveraverano-2017\\\/krizia_robustella_008.jpg\",\"ratio\":0.66666666666666662965923251249478198587894439697265625},{\"id\":\"24027\",\"image\":\"https:\\\/\\\/bobvarela.com\\\/wp-content\\\/flagallery\\\/krizia-robustella-en-el-080-barcelona-fashion-primaveraverano-2017\\\/webview\\\/krizia_robustella_009.jpg\",\"thumb\":\"https:\\\/\\\/bobvarela.com\\\/wp-content\\\/flagallery\\\/krizia-robustella-en-el-080-barcelona-fashion-primaveraverano-2017\\\/thumbs\\\/thumbs_krizia_robustella_009.jpg\",\"file\":\"krizia_robustella_009.jpg\",\"meta\":{\"aperture\":false,\"credit\":false,\"camera\":false,\"caption\":\"080 Barcelona Spring-Summer 2017\",\"created_timestamp\":\"June 27, 2016 1:01 pm\",\"copyright\":\"\\u00c2\\u00a9 2016 Estrop-Barcelona PHOTOGRAPH FOR FASHION EDITORIAL USE ONLY\",\"focal_length\":false,\"iso\":false,\"shutter_speed\":false,\"flash\":false,\"title\":\"080 Barcelona Spring-Summer 2017\",\"keywords\":\"080 Barcelona,Estrop-Barcelona,INEF,Spring-Summer 2017\",\"width\":1333,\"height\":2000,\"saved\":true,\"thumbnail\":{\"width\":220,\"height\":220,\"ewww_image_optimizer\":\"Reduced by 16.2% (7.3&nbsp;kB)\"},\"webview\":{\"0\":800,\"1\":1200,\"2\":2,\"3\":\"width=\\\"800\\\" height=\\\"1200\\\"\",\"bits\":8,\"channels\":3,\"mime\":\"image\\\/jpeg\",\"ewww_image_optimizer\":\"Reduced by 5.7% (9.4&nbsp;kB) - Previously Optimized\"},\"0\":false,\"ewww_image_optimizer\":\"Reduced by 7.3% (18.8&nbsp;kB)\",\"views\":\"2\",\"likes\":\"0\"},\"title\":\"080 Barcelona Spring-Summer 2017\",\"description\":\"<p>080 Barcelona Spring-Summer 2017<\\\/p>\",\"link\":null,\"link_target\":\"\",\"download\":\"https:\\\/\\\/bobvarela.com\\\/wp-content\\\/flagallery\\\/krizia-robustella-en-el-080-barcelona-fashion-primaveraverano-2017\\\/krizia_robustella_009.jpg\",\"ratio\":0.66666666666666662965923251249478198587894439697265625},{\"id\":\"24028\",\"image\":\"https:\\\/\\\/bobvarela.com\\\/wp-content\\\/flagallery\\\/krizia-robustella-en-el-080-barcelona-fashion-primaveraverano-2017\\\/webview\\\/krizia_robustella_010.jpg\",\"thumb\":\"https:\\\/\\\/bobvarela.com\\\/wp-content\\\/flagallery\\\/krizia-robustella-en-el-080-barcelona-fashion-primaveraverano-2017\\\/thumbs\\\/thumbs_krizia_robustella_010.jpg\",\"file\":\"krizia_robustella_010.jpg\",\"meta\":{\"aperture\":false,\"credit\":false,\"camera\":false,\"caption\":\"080 Barcelona Spring-Summer 2017\",\"created_timestamp\":\"June 27, 2016 1:01 pm\",\"copyright\":\"\\u00c2\\u00a9 2016 Estrop-Barcelona PHOTOGRAPH FOR FASHION EDITORIAL USE ONLY\",\"focal_length\":false,\"iso\":false,\"shutter_speed\":false,\"flash\":false,\"title\":\"080 Barcelona Spring-Summer 2017\",\"keywords\":\"080 Barcelona,Estrop-Barcelona,INEF,Spring-Summer 2017\",\"width\":1333,\"height\":2000,\"saved\":true,\"thumbnail\":{\"width\":220,\"height\":220,\"ewww_image_optimizer\":\"Reduced by 17.7% (10.0&nbsp;kB)\"},\"webview\":{\"0\":800,\"1\":1200,\"2\":2,\"3\":\"width=\\\"800\\\" height=\\\"1200\\\"\",\"bits\":8,\"channels\":3,\"mime\":\"image\\\/jpeg\",\"ewww_image_optimizer\":\"Reduced by 6.2% (12.9&nbsp;kB) - Previously Optimized\"},\"0\":false,\"ewww_image_optimizer\":\"Reduced by 9.6% (24.2&nbsp;kB)\",\"views\":\"1\",\"likes\":\"0\"},\"title\":\"080 Barcelona Spring-Summer 2017\",\"description\":\"<p>080 Barcelona Spring-Summer 2017<\\\/p>\",\"link\":null,\"link_target\":\"\",\"download\":\"https:\\\/\\\/bobvarela.com\\\/wp-content\\\/flagallery\\\/krizia-robustella-en-el-080-barcelona-fashion-primaveraverano-2017\\\/krizia_robustella_010.jpg\",\"ratio\":0.66666666666666662965923251249478198587894439697265625},{\"id\":\"24029\",\"image\":\"https:\\\/\\\/bobvarela.com\\\/wp-content\\\/flagallery\\\/krizia-robustella-en-el-080-barcelona-fashion-primaveraverano-2017\\\/webview\\\/krizia_robustella_011.jpg\",\"thumb\":\"https:\\\/\\\/bobvarela.com\\\/wp-content\\\/flagallery\\\/krizia-robustella-en-el-080-barcelona-fashion-primaveraverano-2017\\\/thumbs\\\/thumbs_krizia_robustella_011.jpg\",\"file\":\"krizia_robustella_011.jpg\",\"meta\":{\"aperture\":false,\"credit\":false,\"camera\":false,\"caption\":\"080 Barcelona Spring-Summer 2017\",\"created_timestamp\":\"June 27, 2016 1:01 pm\",\"copyright\":\"\\u00c2\\u00a9 2016 Estrop-Barcelona PHOTOGRAPH FOR FASHION EDITORIAL USE ONLY\",\"focal_length\":false,\"iso\":false,\"shutter_speed\":false,\"flash\":false,\"title\":\"080 Barcelona Spring-Summer 2017\",\"keywords\":\"080 Barcelona,Estrop-Barcelona,INEF,Spring-Summer 2017\",\"width\":1333,\"height\":2000,\"saved\":true,\"thumbnail\":{\"width\":220,\"height\":220,\"ewww_image_optimizer\":\"Reduced by 10.7% (3.9&nbsp;kB)\"},\"webview\":{\"0\":800,\"1\":1200,\"2\":2,\"3\":\"width=\\\"800\\\" height=\\\"1200\\\"\",\"bits\":8,\"channels\":3,\"mime\":\"image\\\/jpeg\",\"ewww_image_optimizer\":\"Reduced by 4.1% (5.1&nbsp;kB) - Previously Optimized\"},\"0\":false,\"ewww_image_optimizer\":\"Reduced by 11.2% (27.0&nbsp;kB)\",\"views\":\"1\",\"likes\":\"0\"},\"title\":\"080 Barcelona Spring-Summer 2017\",\"description\":\"<p>080 Barcelona Spring-Summer 2017<\\\/p>\",\"link\":null,\"link_target\":\"\",\"download\":\"https:\\\/\\\/bobvarela.com\\\/wp-content\\\/flagallery\\\/krizia-robustella-en-el-080-barcelona-fashion-primaveraverano-2017\\\/krizia_robustella_011.jpg\",\"ratio\":0.66666666666666662965923251249478198587894439697265625},{\"id\":\"24030\",\"image\":\"https:\\\/\\\/bobvarela.com\\\/wp-content\\\/flagallery\\\/krizia-robustella-en-el-080-barcelona-fashion-primaveraverano-2017\\\/webview\\\/krizia_robustella_012.jpg\",\"thumb\":\"https:\\\/\\\/bobvarela.com\\\/wp-content\\\/flagallery\\\/krizia-robustella-en-el-080-barcelona-fashion-primaveraverano-2017\\\/thumbs\\\/thumbs_krizia_robustella_012.jpg\",\"file\":\"krizia_robustella_012.jpg\",\"meta\":{\"aperture\":false,\"credit\":false,\"camera\":false,\"caption\":\"080 Barcelona Spring-Summer 2017\",\"created_timestamp\":\"June 27, 2016 1:02 pm\",\"copyright\":\"\\u00c2\\u00a9 2016 Estrop-Barcelona PHOTOGRAPH FOR FASHION EDITORIAL USE ONLY\",\"focal_length\":false,\"iso\":false,\"shutter_speed\":false,\"flash\":false,\"title\":\"080 Barcelona Spring-Summer 2017\",\"keywords\":\"080 Barcelona,Estrop-Barcelona,INEF,Spring-Summer 2017\",\"width\":1333,\"height\":2000,\"saved\":true,\"thumbnail\":{\"width\":220,\"height\":220,\"ewww_image_optimizer\":\"Reduced by 12.6% (5.0&nbsp;kB)\"},\"webview\":{\"0\":800,\"1\":1200,\"2\":2,\"3\":\"width=\\\"800\\\" height=\\\"1200\\\"\",\"bits\":8,\"channels\":3,\"mime\":\"image\\\/jpeg\",\"ewww_image_optimizer\":\"Reduced by 5.0% (6.6&nbsp;kB) - Previously Optimized\"},\"0\":false,\"ewww_image_optimizer\":\"Reduced by 8.9% (22.5&nbsp;kB)\",\"views\":\"2\",\"likes\":\"0\"},\"title\":\"080 Barcelona Spring-Summer 2017\",\"description\":\"<p>080 Barcelona Spring-Summer 2017<\\\/p>\",\"link\":null,\"link_target\":\"\",\"download\":\"https:\\\/\\\/bobvarela.com\\\/wp-content\\\/flagallery\\\/krizia-robustella-en-el-080-barcelona-fashion-primaveraverano-2017\\\/krizia_robustella_012.jpg\",\"ratio\":0.66666666666666662965923251249478198587894439697265625},{\"id\":\"24031\",\"image\":\"https:\\\/\\\/bobvarela.com\\\/wp-content\\\/flagallery\\\/krizia-robustella-en-el-080-barcelona-fashion-primaveraverano-2017\\\/webview\\\/krizia_robustella_013.jpg\",\"thumb\":\"https:\\\/\\\/bobvarela.com\\\/wp-content\\\/flagallery\\\/krizia-robustella-en-el-080-barcelona-fashion-primaveraverano-2017\\\/thumbs\\\/thumbs_krizia_robustella_013.jpg\",\"file\":\"krizia_robustella_013.jpg\",\"meta\":{\"aperture\":false,\"credit\":false,\"camera\":false,\"caption\":\"080 Barcelona Spring-Summer 2017\",\"created_timestamp\":\"June 27, 2016 1:02 pm\",\"copyright\":\"\\u00c2\\u00a9 2016 Estrop-Barcelona PHOTOGRAPH FOR FASHION EDITORIAL USE ONLY\",\"focal_length\":false,\"iso\":false,\"shutter_speed\":false,\"flash\":false,\"title\":\"080 Barcelona Spring-Summer 2017\",\"keywords\":\"080 Barcelona,Estrop-Barcelona,INEF,Spring-Summer 2017\",\"width\":1333,\"height\":2000,\"saved\":true,\"thumbnail\":{\"width\":220,\"height\":220,\"ewww_image_optimizer\":\"Reduced by 12.3% (5.2&nbsp;kB)\"},\"webview\":{\"0\":800,\"1\":1200,\"2\":2,\"3\":\"width=\\\"800\\\" height=\\\"1200\\\"\",\"bits\":8,\"channels\":3,\"mime\":\"image\\\/jpeg\",\"ewww_image_optimizer\":\"Reduced by 5.4% (9.0&nbsp;kB) - Previously Optimized\"},\"0\":false,\"ewww_image_optimizer\":\"Reduced by 8.9% (25.0&nbsp;kB)\",\"views\":\"2\",\"likes\":\"0\"},\"title\":\"080 Barcelona Spring-Summer 2017\",\"description\":\"<p>080 Barcelona Spring-Summer 2017<\\\/p>\",\"link\":null,\"link_target\":\"\",\"download\":\"https:\\\/\\\/bobvarela.com\\\/wp-content\\\/flagallery\\\/krizia-robustella-en-el-080-barcelona-fashion-primaveraverano-2017\\\/krizia_robustella_013.jpg\",\"ratio\":0.66666666666666662965923251249478198587894439697265625},{\"id\":\"24032\",\"image\":\"https:\\\/\\\/bobvarela.com\\\/wp-content\\\/flagallery\\\/krizia-robustella-en-el-080-barcelona-fashion-primaveraverano-2017\\\/webview\\\/krizia_robustella_015.jpg\",\"thumb\":\"https:\\\/\\\/bobvarela.com\\\/wp-content\\\/flagallery\\\/krizia-robustella-en-el-080-barcelona-fashion-primaveraverano-2017\\\/thumbs\\\/thumbs_krizia_robustella_015.jpg\",\"file\":\"krizia_robustella_015.jpg\",\"meta\":{\"aperture\":false,\"credit\":false,\"camera\":false,\"caption\":\"080 Barcelona Spring-Summer 2017\",\"created_timestamp\":\"June 27, 2016 1:02 pm\",\"copyright\":\"\\u00c2\\u00a9 2016 Estrop-Barcelona PHOTOGRAPH FOR FASHION EDITORIAL USE ONLY\",\"focal_length\":false,\"iso\":false,\"shutter_speed\":false,\"flash\":false,\"title\":\"080 Barcelona Spring-Summer 2017\",\"keywords\":\"080 Barcelona,Estrop-Barcelona,INEF,Spring-Summer 2017\",\"width\":1333,\"height\":2000,\"saved\":true,\"thumbnail\":{\"width\":220,\"height\":220,\"ewww_image_optimizer\":\"Reduced by 14.8% (6.0&nbsp;kB)\"},\"webview\":{\"0\":800,\"1\":1200,\"2\":2,\"3\":\"width=\\\"800\\\" height=\\\"1200\\\"\",\"bits\":8,\"channels\":3,\"mime\":\"image\\\/jpeg\",\"ewww_image_optimizer\":\"Reduced by 5.9% (8.9&nbsp;kB) - Previously Optimized\"},\"0\":false,\"ewww_image_optimizer\":\"Reduced by 7.5% (22.0&nbsp;kB)\",\"views\":\"1\",\"likes\":\"0\"},\"title\":\"080 Barcelona Spring-Summer 2017\",\"description\":\"<p>080 Barcelona Spring-Summer 2017<\\\/p>\",\"link\":null,\"link_target\":\"\",\"download\":\"https:\\\/\\\/bobvarela.com\\\/wp-content\\\/flagallery\\\/krizia-robustella-en-el-080-barcelona-fashion-primaveraverano-2017\\\/krizia_robustella_015.jpg\",\"ratio\":0.66666666666666662965923251249478198587894439697265625},{\"id\":\"24033\",\"image\":\"https:\\\/\\\/bobvarela.com\\\/wp-content\\\/flagallery\\\/krizia-robustella-en-el-080-barcelona-fashion-primaveraverano-2017\\\/webview\\\/krizia_robustella_016.jpg\",\"thumb\":\"https:\\\/\\\/bobvarela.com\\\/wp-content\\\/flagallery\\\/krizia-robustella-en-el-080-barcelona-fashion-primaveraverano-2017\\\/thumbs\\\/thumbs_krizia_robustella_016.jpg\",\"file\":\"krizia_robustella_016.jpg\",\"meta\":{\"aperture\":false,\"credit\":false,\"camera\":false,\"caption\":\"080 Barcelona Spring-Summer 2017\",\"created_timestamp\":\"June 27, 2016 1:02 pm\",\"copyright\":\"\\u00c2\\u00a9 2016 Estrop-Barcelona PHOTOGRAPH FOR FASHION EDITORIAL USE ONLY\",\"focal_length\":false,\"iso\":false,\"shutter_speed\":false,\"flash\":false,\"title\":\"080 Barcelona Spring-Summer 2017\",\"keywords\":\"080 Barcelona,Estrop-Barcelona,INEF,Spring-Summer 2017\",\"width\":1333,\"height\":2000,\"saved\":true,\"thumbnail\":{\"width\":220,\"height\":220,\"ewww_image_optimizer\":\"Reduced by 14.2% (6.7&nbsp;kB)\"},\"webview\":{\"0\":800,\"1\":1200,\"2\":2,\"3\":\"width=\\\"800\\\" height=\\\"1200\\\"\",\"bits\":8,\"channels\":3,\"mime\":\"image\\\/jpeg\",\"ewww_image_optimizer\":\"Reduced by 5.4% (9.7&nbsp;kB) - Previously Optimized\"},\"0\":false,\"ewww_image_optimizer\":\"Reduced by 5.6% (14.7&nbsp;kB)\",\"views\":\"2\",\"likes\":\"0\"},\"title\":\"080 Barcelona Spring-Summer 2017\",\"description\":\"<p>080 Barcelona Spring-Summer 2017<\\\/p>\",\"link\":null,\"link_target\":\"\",\"download\":\"https:\\\/\\\/bobvarela.com\\\/wp-content\\\/flagallery\\\/krizia-robustella-en-el-080-barcelona-fashion-primaveraverano-2017\\\/krizia_robustella_016.jpg\",\"ratio\":0.66666666666666662965923251249478198587894439697265625},{\"id\":\"24034\",\"image\":\"https:\\\/\\\/bobvarela.com\\\/wp-content\\\/flagallery\\\/krizia-robustella-en-el-080-barcelona-fashion-primaveraverano-2017\\\/webview\\\/krizia_robustella_017.jpg\",\"thumb\":\"https:\\\/\\\/bobvarela.com\\\/wp-content\\\/flagallery\\\/krizia-robustella-en-el-080-barcelona-fashion-primaveraverano-2017\\\/thumbs\\\/thumbs_krizia_robustella_017.jpg\",\"file\":\"krizia_robustella_017.jpg\",\"meta\":{\"aperture\":false,\"credit\":false,\"camera\":false,\"caption\":\"080 Barcelona Spring-Summer 2017\",\"created_timestamp\":\"June 27, 2016 1:02 pm\",\"copyright\":\"\\u00c2\\u00a9 2016 Estrop-Barcelona PHOTOGRAPH FOR FASHION EDITORIAL USE ONLY\",\"focal_length\":false,\"iso\":false,\"shutter_speed\":false,\"flash\":false,\"title\":\"080 Barcelona Spring-Summer 2017\",\"keywords\":\"080 Barcelona,Estrop-Barcelona,INEF,Spring-Summer 2017\",\"width\":1333,\"height\":2000,\"saved\":true,\"thumbnail\":{\"width\":220,\"height\":220,\"ewww_image_optimizer\":\"Reduced by 11.4% (5.7&nbsp;kB)\"},\"webview\":{\"0\":800,\"1\":1200,\"2\":2,\"3\":\"width=\\\"800\\\" height=\\\"1200\\\"\",\"bits\":8,\"channels\":3,\"mime\":\"image\\\/jpeg\",\"ewww_image_optimizer\":\"Reduced by 3.5% (8.0&nbsp;kB) - Previously Optimized\"},\"0\":false,\"ewww_image_optimizer\":\"Reduced by 11.8% (34.1&nbsp;kB)\",\"views\":\"2\",\"likes\":\"0\"},\"title\":\"080 Barcelona Spring-Summer 2017\",\"description\":\"<p>080 Barcelona Spring-Summer 2017<\\\/p>\",\"link\":null,\"link_target\":\"\",\"download\":\"https:\\\/\\\/bobvarela.com\\\/wp-content\\\/flagallery\\\/krizia-robustella-en-el-080-barcelona-fashion-primaveraverano-2017\\\/krizia_robustella_017.jpg\",\"ratio\":0.66666666666666662965923251249478198587894439697265625},{\"id\":\"24035\",\"image\":\"https:\\\/\\\/bobvarela.com\\\/wp-content\\\/flagallery\\\/krizia-robustella-en-el-080-barcelona-fashion-primaveraverano-2017\\\/webview\\\/krizia_robustella_018.jpg\",\"thumb\":\"https:\\\/\\\/bobvarela.com\\\/wp-content\\\/flagallery\\\/krizia-robustella-en-el-080-barcelona-fashion-primaveraverano-2017\\\/thumbs\\\/thumbs_krizia_robustella_018.jpg\",\"file\":\"krizia_robustella_018.jpg\",\"meta\":{\"aperture\":false,\"credit\":false,\"camera\":false,\"caption\":\"080 Barcelona Spring-Summer 2017\",\"created_timestamp\":\"June 27, 2016 1:02 pm\",\"copyright\":\"\\u00c2\\u00a9 2016 Estrop-Barcelona PHOTOGRAPH FOR FASHION EDITORIAL USE ONLY\",\"focal_length\":false,\"iso\":false,\"shutter_speed\":false,\"flash\":false,\"title\":\"080 Barcelona Spring-Summer 2017\",\"keywords\":\"080 Barcelona,Estrop-Barcelona,INEF,Spring-Summer 2017\",\"width\":1333,\"height\":2000,\"saved\":true,\"thumbnail\":{\"width\":220,\"height\":220,\"ewww_image_optimizer\":\"Reduced by 12.0% (4.1&nbsp;kB)\"},\"webview\":{\"0\":800,\"1\":1200,\"2\":2,\"3\":\"width=\\\"800\\\" height=\\\"1200\\\"\",\"bits\":8,\"channels\":3,\"mime\":\"image\\\/jpeg\",\"ewww_image_optimizer\":\"Reduced by 4.6% (5.0&nbsp;kB) - Previously Optimized\"},\"0\":false,\"ewww_image_optimizer\":\"Reduced by 7.8% (22.0&nbsp;kB)\",\"views\":\"1\",\"likes\":\"0\"},\"title\":\"080 Barcelona Spring-Summer 2017\",\"description\":\"<p>080 Barcelona Spring-Summer 2017<\\\/p>\",\"link\":null,\"link_target\":\"\",\"download\":\"https:\\\/\\\/bobvarela.com\\\/wp-content\\\/flagallery\\\/krizia-robustella-en-el-080-barcelona-fashion-primaveraverano-2017\\\/krizia_robustella_018.jpg\",\"ratio\":0.66666666666666662965923251249478198587894439697265625},{\"id\":\"24036\",\"image\":\"https:\\\/\\\/bobvarela.com\\\/wp-content\\\/flagallery\\\/krizia-robustella-en-el-080-barcelona-fashion-primaveraverano-2017\\\/webview\\\/krizia_robustella_019.jpg\",\"thumb\":\"https:\\\/\\\/bobvarela.com\\\/wp-content\\\/flagallery\\\/krizia-robustella-en-el-080-barcelona-fashion-primaveraverano-2017\\\/thumbs\\\/thumbs_krizia_robustella_019.jpg\",\"file\":\"krizia_robustella_019.jpg\",\"meta\":{\"aperture\":false,\"credit\":false,\"camera\":false,\"caption\":\"080 Barcelona Spring-Summer 2017\",\"created_timestamp\":\"June 27, 2016 1:02 pm\",\"copyright\":\"\\u00c2\\u00a9 2016 Estrop-Barcelona PHOTOGRAPH FOR FASHION EDITORIAL USE ONLY\",\"focal_length\":false,\"iso\":false,\"shutter_speed\":false,\"flash\":false,\"title\":\"080 Barcelona Spring-Summer 2017\",\"keywords\":\"080 Barcelona,Estrop-Barcelona,INEF,Spring-Summer 2017\",\"width\":1333,\"height\":2000,\"saved\":true,\"thumbnail\":{\"width\":220,\"height\":220,\"ewww_image_optimizer\":\"Reduced by 11.8% (5.1&nbsp;kB)\"},\"webview\":{\"0\":800,\"1\":1200,\"2\":2,\"3\":\"width=\\\"800\\\" height=\\\"1200\\\"\",\"bits\":8,\"channels\":3,\"mime\":\"image\\\/jpeg\",\"ewww_image_optimizer\":\"Reduced by 4.6% (6.9&nbsp;kB) - Previously Optimized\"},\"0\":false,\"ewww_image_optimizer\":\"Reduced by 5.0% (13.7&nbsp;kB)\",\"views\":\"2\",\"likes\":\"0\"},\"title\":\"080 Barcelona Spring-Summer 2017\",\"description\":\"<p>080 Barcelona Spring-Summer 2017<\\\/p>\",\"link\":null,\"link_target\":\"\",\"download\":\"https:\\\/\\\/bobvarela.com\\\/wp-content\\\/flagallery\\\/krizia-robustella-en-el-080-barcelona-fashion-primaveraverano-2017\\\/krizia_robustella_019.jpg\",\"ratio\":0.66666666666666662965923251249478198587894439697265625},{\"id\":\"24037\",\"image\":\"https:\\\/\\\/bobvarela.com\\\/wp-content\\\/flagallery\\\/krizia-robustella-en-el-080-barcelona-fashion-primaveraverano-2017\\\/webview\\\/krizia_robustella_020.jpg\",\"thumb\":\"https:\\\/\\\/bobvarela.com\\\/wp-content\\\/flagallery\\\/krizia-robustella-en-el-080-barcelona-fashion-primaveraverano-2017\\\/thumbs\\\/thumbs_krizia_robustella_020.jpg\",\"file\":\"krizia_robustella_020.jpg\",\"meta\":{\"aperture\":false,\"credit\":false,\"camera\":false,\"caption\":\"080 Barcelona Spring-Summer 2017\",\"created_timestamp\":\"June 27, 2016 1:02 pm\",\"copyright\":\"\\u00c2\\u00a9 2016 Estrop-Barcelona PHOTOGRAPH FOR FASHION EDITORIAL USE ONLY\",\"focal_length\":false,\"iso\":false,\"shutter_speed\":false,\"flash\":false,\"title\":\"080 Barcelona Spring-Summer 2017\",\"keywords\":\"080 Barcelona,Estrop-Barcelona,INEF,Spring-Summer 2017\",\"width\":1333,\"height\":1999,\"saved\":true,\"thumbnail\":{\"width\":220,\"height\":220,\"ewww_image_optimizer\":\"Reduced by 11.3% (3.9&nbsp;kB)\"},\"webview\":{\"0\":800,\"1\":1200,\"2\":2,\"3\":\"width=\\\"800\\\" height=\\\"1200\\\"\",\"bits\":8,\"channels\":3,\"mime\":\"image\\\/jpeg\",\"ewww_image_optimizer\":\"Reduced by 4.4% (4.7&nbsp;kB) - Previously Optimized\"},\"0\":false,\"ewww_image_optimizer\":\"Reduced by 8.2% (22.7&nbsp;kB)\",\"views\":\"0\",\"likes\":\"0\"},\"title\":\"080 Barcelona Spring-Summer 2017\",\"description\":\"<p>080 Barcelona Spring-Summer 2017<\\\/p>\",\"link\":null,\"link_target\":\"\",\"download\":\"https:\\\/\\\/bobvarela.com\\\/wp-content\\\/flagallery\\\/krizia-robustella-en-el-080-barcelona-fashion-primaveraverano-2017\\\/krizia_robustella_020.jpg\",\"ratio\":0.66666666666666662965923251249478198587894439697265625},{\"id\":\"24038\",\"image\":\"https:\\\/\\\/bobvarela.com\\\/wp-content\\\/flagallery\\\/krizia-robustella-en-el-080-barcelona-fashion-primaveraverano-2017\\\/webview\\\/krizia_robustella_021.jpg\",\"thumb\":\"https:\\\/\\\/bobvarela.com\\\/wp-content\\\/flagallery\\\/krizia-robustella-en-el-080-barcelona-fashion-primaveraverano-2017\\\/thumbs\\\/thumbs_krizia_robustella_021.jpg\",\"file\":\"krizia_robustella_021.jpg\",\"meta\":{\"aperture\":false,\"credit\":false,\"camera\":false,\"caption\":\"080 Barcelona Spring-Summer 2017\",\"created_timestamp\":\"June 27, 2016 1:03 pm\",\"copyright\":\"\\u00c2\\u00a9 2016 Estrop-Barcelona PHOTOGRAPH FOR FASHION EDITORIAL USE ONLY\",\"focal_length\":false,\"iso\":false,\"shutter_speed\":false,\"flash\":false,\"title\":\"080 Barcelona Spring-Summer 2017\",\"keywords\":\"080 Barcelona,Estrop-Barcelona,INEF,Spring-Summer 2017\",\"width\":1333,\"height\":2000,\"saved\":true,\"thumbnail\":{\"width\":220,\"height\":220,\"ewww_image_optimizer\":\"Reduced by 13.2% (4.6&nbsp;kB)\"},\"webview\":{\"0\":800,\"1\":1200,\"2\":2,\"3\":\"width=\\\"800\\\" height=\\\"1200\\\"\",\"bits\":8,\"channels\":3,\"mime\":\"image\\\/jpeg\",\"ewww_image_optimizer\":\"Reduced by 5.7% (6.2&nbsp;kB) - Previously Optimized\"},\"0\":false,\"ewww_image_optimizer\":\"Reduced by 8.5% (24.9&nbsp;kB)\",\"views\":\"0\",\"likes\":\"0\"},\"title\":\"080 Barcelona Spring-Summer 2017\",\"description\":\"<p>080 Barcelona Spring-Summer 2017<\\\/p>\",\"link\":null,\"link_target\":\"\",\"download\":\"https:\\\/\\\/bobvarela.com\\\/wp-content\\\/flagallery\\\/krizia-robustella-en-el-080-barcelona-fashion-primaveraverano-2017\\\/krizia_robustella_021.jpg\",\"ratio\":0.66666666666666662965923251249478198587894439697265625},{\"id\":\"24039\",\"image\":\"https:\\\/\\\/bobvarela.com\\\/wp-content\\\/flagallery\\\/krizia-robustella-en-el-080-barcelona-fashion-primaveraverano-2017\\\/webview\\\/krizia_robustella_022.jpg\",\"thumb\":\"https:\\\/\\\/bobvarela.com\\\/wp-content\\\/flagallery\\\/krizia-robustella-en-el-080-barcelona-fashion-primaveraverano-2017\\\/thumbs\\\/thumbs_krizia_robustella_022.jpg\",\"file\":\"krizia_robustella_022.jpg\",\"meta\":{\"aperture\":false,\"credit\":false,\"camera\":false,\"caption\":\"080 Barcelona Spring-Summer 2017\",\"created_timestamp\":\"June 27, 2016 1:03 pm\",\"copyright\":\"\\u00c2\\u00a9 2016 Estrop-Barcelona PHOTOGRAPH FOR FASHION EDITORIAL USE ONLY\",\"focal_length\":false,\"iso\":false,\"shutter_speed\":false,\"flash\":false,\"title\":\"080 Barcelona Spring-Summer 2017\",\"keywords\":\"080 Barcelona,Estrop-Barcelona,INEF,Spring-Summer 2017\",\"width\":1333,\"height\":2000,\"saved\":true,\"thumbnail\":{\"width\":220,\"height\":220,\"ewww_image_optimizer\":\"Reduced by 12.1% (4.3&nbsp;kB)\"},\"webview\":{\"0\":800,\"1\":1200,\"2\":2,\"3\":\"width=\\\"800\\\" height=\\\"1200\\\"\",\"bits\":8,\"channels\":3,\"mime\":\"image\\\/jpeg\",\"ewww_image_optimizer\":\"Reduced by 5.2% (6.2&nbsp;kB) - Previously Optimized\"},\"0\":false,\"ewww_image_optimizer\":\"Reduced by 12.8% (31.5&nbsp;kB)\",\"views\":\"0\",\"likes\":\"0\"},\"title\":\"080 Barcelona Spring-Summer 2017\",\"description\":\"<p>080 Barcelona Spring-Summer 2017<\\\/p>\",\"link\":null,\"link_target\":\"\",\"download\":\"https:\\\/\\\/bobvarela.com\\\/wp-content\\\/flagallery\\\/krizia-robustella-en-el-080-barcelona-fashion-primaveraverano-2017\\\/krizia_robustella_022.jpg\",\"ratio\":0.66666666666666662965923251249478198587894439697265625},{\"id\":\"24040\",\"image\":\"https:\\\/\\\/bobvarela.com\\\/wp-content\\\/flagallery\\\/krizia-robustella-en-el-080-barcelona-fashion-primaveraverano-2017\\\/webview\\\/krizia_robustella_023.jpg\",\"thumb\":\"https:\\\/\\\/bobvarela.com\\\/wp-content\\\/flagallery\\\/krizia-robustella-en-el-080-barcelona-fashion-primaveraverano-2017\\\/thumbs\\\/thumbs_krizia_robustella_023.jpg\",\"file\":\"krizia_robustella_023.jpg\",\"meta\":{\"aperture\":false,\"credit\":false,\"camera\":false,\"caption\":\"080 Barcelona Spring-Summer 2017\",\"created_timestamp\":\"June 27, 2016 1:03 pm\",\"copyright\":\"\\u00c2\\u00a9 2016 Estrop-Barcelona PHOTOGRAPH FOR FASHION EDITORIAL USE ONLY\",\"focal_length\":false,\"iso\":false,\"shutter_speed\":false,\"flash\":false,\"title\":\"080 Barcelona Spring-Summer 2017\",\"keywords\":\"080 Barcelona,Estrop-Barcelona,INEF,Spring-Summer 2017\",\"width\":1333,\"height\":2000,\"saved\":true,\"thumbnail\":{\"width\":220,\"height\":220,\"ewww_image_optimizer\":\"Reduced by 14.5% (5.7&nbsp;kB)\"},\"webview\":{\"0\":800,\"1\":1200,\"2\":2,\"3\":\"width=\\\"800\\\" height=\\\"1200\\\"\",\"bits\":8,\"channels\":3,\"mime\":\"image\\\/jpeg\",\"ewww_image_optimizer\":\"Reduced by 7.9% (10.3&nbsp;kB) - Previously Optimized\"},\"0\":false,\"ewww_image_optimizer\":\"Reduced by 15.5% (41.2&nbsp;kB)\",\"views\":\"1\",\"likes\":\"0\"},\"title\":\"080 Barcelona Spring-Summer 2017\",\"description\":\"<p>080 Barcelona Spring-Summer 2017<\\\/p>\",\"link\":null,\"link_target\":\"\",\"download\":\"https:\\\/\\\/bobvarela.com\\\/wp-content\\\/flagallery\\\/krizia-robustella-en-el-080-barcelona-fashion-primaveraverano-2017\\\/krizia_robustella_023.jpg\",\"ratio\":0.66666666666666662965923251249478198587894439697265625},{\"id\":\"24041\",\"image\":\"https:\\\/\\\/bobvarela.com\\\/wp-content\\\/flagallery\\\/krizia-robustella-en-el-080-barcelona-fashion-primaveraverano-2017\\\/webview\\\/krizia_robustella_024.jpg\",\"thumb\":\"https:\\\/\\\/bobvarela.com\\\/wp-content\\\/flagallery\\\/krizia-robustella-en-el-080-barcelona-fashion-primaveraverano-2017\\\/thumbs\\\/thumbs_krizia_robustella_024.jpg\",\"file\":\"krizia_robustella_024.jpg\",\"meta\":{\"aperture\":false,\"credit\":false,\"camera\":false,\"caption\":\"080 Barcelona Spring-Summer 2017\",\"created_timestamp\":\"June 27, 2016 1:03 pm\",\"copyright\":\"\\u00c2\\u00a9 2016 Estrop-Barcelona PHOTOGRAPH FOR FASHION EDITORIAL USE ONLY\",\"focal_length\":false,\"iso\":false,\"shutter_speed\":false,\"flash\":false,\"title\":\"080 Barcelona Spring-Summer 2017\",\"keywords\":\"080 Barcelona,Estrop-Barcelona,INEF,Spring-Summer 2017\",\"width\":1333,\"height\":2000,\"saved\":true,\"thumbnail\":{\"width\":220,\"height\":220,\"ewww_image_optimizer\":\"Reduced by 12.9% (4.4&nbsp;kB)\"},\"webview\":{\"0\":800,\"1\":1200,\"2\":2,\"3\":\"width=\\\"800\\\" height=\\\"1200\\\"\",\"bits\":8,\"channels\":3,\"mime\":\"image\\\/jpeg\",\"ewww_image_optimizer\":\"Reduced by 5.6% (6.1&nbsp;kB) - Previously Optimized\"},\"0\":false,\"ewww_image_optimizer\":\"Reduced by 8.5% (24.7&nbsp;kB)\",\"views\":\"0\",\"likes\":\"0\"},\"title\":\"080 Barcelona Spring-Summer 2017\",\"description\":\"<p>080 Barcelona Spring-Summer 2017<\\\/p>\",\"link\":null,\"link_target\":\"\",\"download\":\"https:\\\/\\\/bobvarela.com\\\/wp-content\\\/flagallery\\\/krizia-robustella-en-el-080-barcelona-fashion-primaveraverano-2017\\\/krizia_robustella_024.jpg\",\"ratio\":0.66666666666666662965923251249478198587894439697265625},{\"id\":\"24042\",\"image\":\"https:\\\/\\\/bobvarela.com\\\/wp-content\\\/flagallery\\\/krizia-robustella-en-el-080-barcelona-fashion-primaveraverano-2017\\\/webview\\\/krizia_robustella_025.jpg\",\"thumb\":\"https:\\\/\\\/bobvarela.com\\\/wp-content\\\/flagallery\\\/krizia-robustella-en-el-080-barcelona-fashion-primaveraverano-2017\\\/thumbs\\\/thumbs_krizia_robustella_025.jpg\",\"file\":\"krizia_robustella_025.jpg\",\"meta\":{\"aperture\":false,\"credit\":false,\"camera\":false,\"caption\":\"080 Barcelona Spring-Summer 2017\",\"created_timestamp\":\"June 27, 2016 1:03 pm\",\"copyright\":\"\\u00c2\\u00a9 2016 Estrop-Barcelona PHOTOGRAPH FOR FASHION EDITORIAL USE ONLY\",\"focal_length\":false,\"iso\":false,\"shutter_speed\":false,\"flash\":false,\"title\":\"080 Barcelona Spring-Summer 2017\",\"keywords\":\"080 Barcelona,Estrop-Barcelona,INEF,Spring-Summer 2017\",\"width\":1333,\"height\":2000,\"saved\":true,\"thumbnail\":{\"width\":220,\"height\":220,\"ewww_image_optimizer\":\"Reduced by 12.4% (4.7&nbsp;kB)\"},\"webview\":{\"0\":800,\"1\":1200,\"2\":2,\"3\":\"width=\\\"800\\\" height=\\\"1200\\\"\",\"bits\":8,\"channels\":3,\"mime\":\"image\\\/jpeg\",\"ewww_image_optimizer\":\"Reduced by 4.2% (5.1&nbsp;kB) - Previously Optimized\"},\"0\":false,\"ewww_image_optimizer\":\"Reduced by 9.2% (21.5&nbsp;kB)\",\"views\":\"2\",\"likes\":\"0\"},\"title\":\"080 Barcelona Spring-Summer 2017\",\"description\":\"<p>080 Barcelona Spring-Summer 2017<\\\/p>\",\"link\":null,\"link_target\":\"\",\"download\":\"https:\\\/\\\/bobvarela.com\\\/wp-content\\\/flagallery\\\/krizia-robustella-en-el-080-barcelona-fashion-primaveraverano-2017\\\/krizia_robustella_025.jpg\",\"ratio\":0.66666666666666662965923251249478198587894439697265625},{\"id\":\"24043\",\"image\":\"https:\\\/\\\/bobvarela.com\\\/wp-content\\\/flagallery\\\/krizia-robustella-en-el-080-barcelona-fashion-primaveraverano-2017\\\/webview\\\/krizia_robustella_026.jpg\",\"thumb\":\"https:\\\/\\\/bobvarela.com\\\/wp-content\\\/flagallery\\\/krizia-robustella-en-el-080-barcelona-fashion-primaveraverano-2017\\\/thumbs\\\/thumbs_krizia_robustella_026.jpg\",\"file\":\"krizia_robustella_026.jpg\",\"meta\":{\"aperture\":false,\"credit\":false,\"camera\":false,\"caption\":\"080 Barcelona Spring-Summer 2017\",\"created_timestamp\":\"June 27, 2016 1:03 pm\",\"copyright\":\"\\u00c2\\u00a9 2016 Estrop-Barcelona PHOTOGRAPH FOR FASHION EDITORIAL USE ONLY\",\"focal_length\":false,\"iso\":false,\"shutter_speed\":false,\"flash\":false,\"title\":\"080 Barcelona Spring-Summer 2017\",\"keywords\":\"080 Barcelona,Estrop-Barcelona,INEF,Spring-Summer 2017\",\"width\":1333,\"height\":2000,\"saved\":true,\"thumbnail\":{\"width\":220,\"height\":220,\"ewww_image_optimizer\":\"Reduced by 10.5% (3.6&nbsp;kB)\"},\"webview\":{\"0\":800,\"1\":1200,\"2\":2,\"3\":\"width=\\\"800\\\" height=\\\"1200\\\"\",\"bits\":8,\"channels\":3,\"mime\":\"image\\\/jpeg\",\"ewww_image_optimizer\":\"Reduced by 6.6% (6.4&nbsp;kB) - Previously Optimized\"},\"0\":false,\"ewww_image_optimizer\":\"Reduced by 10.7% (28.3&nbsp;kB)\",\"views\":\"0\",\"likes\":\"0\"},\"title\":\"080 Barcelona Spring-Summer 2017\",\"description\":\"<p>080 Barcelona Spring-Summer 2017<\\\/p>\",\"link\":null,\"link_target\":\"\",\"download\":\"https:\\\/\\\/bobvarela.com\\\/wp-content\\\/flagallery\\\/krizia-robustella-en-el-080-barcelona-fashion-primaveraverano-2017\\\/krizia_robustella_026.jpg\",\"ratio\":0.66666666666666662965923251249478198587894439697265625},{\"id\":\"24044\",\"image\":\"https:\\\/\\\/bobvarela.com\\\/wp-content\\\/flagallery\\\/krizia-robustella-en-el-080-barcelona-fashion-primaveraverano-2017\\\/webview\\\/krizia_robustella_027.jpg\",\"thumb\":\"https:\\\/\\\/bobvarela.com\\\/wp-content\\\/flagallery\\\/krizia-robustella-en-el-080-barcelona-fashion-primaveraverano-2017\\\/thumbs\\\/thumbs_krizia_robustella_027.jpg\",\"file\":\"krizia_robustella_027.jpg\",\"meta\":{\"aperture\":false,\"credit\":false,\"camera\":false,\"caption\":\"080 Barcelona Spring-Summer 2017\",\"created_timestamp\":\"June 27, 2016 1:03 pm\",\"copyright\":\"\\u00c2\\u00a9 2016 Estrop-Barcelona PHOTOGRAPH FOR FASHION EDITORIAL USE ONLY\",\"focal_length\":false,\"iso\":false,\"shutter_speed\":false,\"flash\":false,\"title\":\"080 Barcelona Spring-Summer 2017\",\"keywords\":\"080 Barcelona,Estrop-Barcelona,INEF,Spring-Summer 2017\",\"width\":1333,\"height\":2000,\"saved\":true,\"thumbnail\":{\"width\":220,\"height\":220,\"ewww_image_optimizer\":\"Reduced by 12.7% (4.8&nbsp;kB)\"},\"webview\":{\"0\":800,\"1\":1200,\"2\":2,\"3\":\"width=\\\"800\\\" height=\\\"1200\\\"\",\"bits\":8,\"channels\":3,\"mime\":\"image\\\/jpeg\",\"ewww_image_optimizer\":\"Reduced by 5.6% (7.1&nbsp;kB) - Previously Optimized\"},\"0\":false,\"ewww_image_optimizer\":\"Reduced by 7.2% (17.3&nbsp;kB)\",\"views\":\"0\",\"likes\":\"0\"},\"title\":\"080 Barcelona Spring-Summer 2017\",\"description\":\"<p>080 Barcelona Spring-Summer 2017<\\\/p>\",\"link\":null,\"link_target\":\"\",\"download\":\"https:\\\/\\\/bobvarela.com\\\/wp-content\\\/flagallery\\\/krizia-robustella-en-el-080-barcelona-fashion-primaveraverano-2017\\\/krizia_robustella_027.jpg\",\"ratio\":0.66666666666666662965923251249478198587894439697265625},{\"id\":\"24045\",\"image\":\"https:\\\/\\\/bobvarela.com\\\/wp-content\\\/flagallery\\\/krizia-robustella-en-el-080-barcelona-fashion-primaveraverano-2017\\\/webview\\\/krizia_robustella_028.jpg\",\"thumb\":\"https:\\\/\\\/bobvarela.com\\\/wp-content\\\/flagallery\\\/krizia-robustella-en-el-080-barcelona-fashion-primaveraverano-2017\\\/thumbs\\\/thumbs_krizia_robustella_028.jpg\",\"file\":\"krizia_robustella_028.jpg\",\"meta\":{\"aperture\":false,\"credit\":false,\"camera\":false,\"caption\":\"080 Barcelona Spring-Summer 2017\",\"created_timestamp\":\"June 27, 2016 1:03 pm\",\"copyright\":\"\\u00c2\\u00a9 2016 Estrop-Barcelona PHOTOGRAPH FOR FASHION EDITORIAL USE ONLY\",\"focal_length\":false,\"iso\":false,\"shutter_speed\":false,\"flash\":false,\"title\":\"080 Barcelona Spring-Summer 2017\",\"keywords\":\"080 Barcelona,Estrop-Barcelona,INEF,Spring-Summer 2017\",\"width\":1333,\"height\":2000,\"saved\":true,\"thumbnail\":{\"width\":220,\"height\":220,\"ewww_image_optimizer\":\"Reduced by 12.9% (6.3&nbsp;kB)\"},\"webview\":{\"0\":800,\"1\":1200,\"2\":2,\"3\":\"width=\\\"800\\\" height=\\\"1200\\\"\",\"bits\":8,\"channels\":3,\"mime\":\"image\\\/jpeg\",\"ewww_image_optimizer\":\"Reduced by 4.6% (7.7&nbsp;kB) - Previously Optimized\"},\"0\":false,\"ewww_image_optimizer\":\"Reduced by 3.3% (7.9&nbsp;kB)\",\"views\":\"1\",\"likes\":\"0\"},\"title\":\"080 Barcelona Spring-Summer 2017\",\"description\":\"<p>080 Barcelona Spring-Summer 2017<\\\/p>\",\"link\":null,\"link_target\":\"\",\"download\":\"https:\\\/\\\/bobvarela.com\\\/wp-content\\\/flagallery\\\/krizia-robustella-en-el-080-barcelona-fashion-primaveraverano-2017\\\/krizia_robustella_028.jpg\",\"ratio\":0.66666666666666662965923251249478198587894439697265625},{\"id\":\"24046\",\"image\":\"https:\\\/\\\/bobvarela.com\\\/wp-content\\\/flagallery\\\/krizia-robustella-en-el-080-barcelona-fashion-primaveraverano-2017\\\/webview\\\/krizia_robustella_029.jpg\",\"thumb\":\"https:\\\/\\\/bobvarela.com\\\/wp-content\\\/flagallery\\\/krizia-robustella-en-el-080-barcelona-fashion-primaveraverano-2017\\\/thumbs\\\/thumbs_krizia_robustella_029.jpg\",\"file\":\"krizia_robustella_029.jpg\",\"meta\":{\"aperture\":false,\"credit\":false,\"camera\":false,\"caption\":\"080 Barcelona Spring-Summer 2017\",\"created_timestamp\":\"June 27, 2016 1:03 pm\",\"copyright\":\"\\u00c2\\u00a9 2016 Estrop-Barcelona PHOTOGRAPH FOR FASHION EDITORIAL USE ONLY\",\"focal_length\":false,\"iso\":false,\"shutter_speed\":false,\"flash\":false,\"title\":\"080 Barcelona Spring-Summer 2017\",\"keywords\":\"080 Barcelona,Estrop-Barcelona,INEF,Spring-Summer 2017\",\"width\":1333,\"height\":2000,\"saved\":true,\"thumbnail\":{\"width\":220,\"height\":220,\"ewww_image_optimizer\":\"Reduced by 10.8% (5.3&nbsp;kB)\"},\"webview\":{\"0\":800,\"1\":1200,\"2\":2,\"3\":\"width=\\\"800\\\" height=\\\"1200\\\"\",\"bits\":8,\"channels\":3,\"mime\":\"image\\\/jpeg\",\"ewww_image_optimizer\":\"Reduced by 4.4% (7.7&nbsp;kB) - Previously Optimized\"},\"0\":false,\"ewww_image_optimizer\":\"Reduced by 4.9% (13.2&nbsp;kB)\",\"views\":\"0\",\"likes\":\"0\"},\"title\":\"080 Barcelona Spring-Summer 2017\",\"description\":\"<p>080 Barcelona Spring-Summer 2017<\\\/p>\",\"link\":null,\"link_target\":\"\",\"download\":\"https:\\\/\\\/bobvarela.com\\\/wp-content\\\/flagallery\\\/krizia-robustella-en-el-080-barcelona-fashion-primaveraverano-2017\\\/krizia_robustella_029.jpg\",\"ratio\":0.66666666666666662965923251249478198587894439697265625},{\"id\":\"24047\",\"image\":\"https:\\\/\\\/bobvarela.com\\\/wp-content\\\/flagallery\\\/krizia-robustella-en-el-080-barcelona-fashion-primaveraverano-2017\\\/webview\\\/krizia_robustella_030.jpg\",\"thumb\":\"https:\\\/\\\/bobvarela.com\\\/wp-content\\\/flagallery\\\/krizia-robustella-en-el-080-barcelona-fashion-primaveraverano-2017\\\/thumbs\\\/thumbs_krizia_robustella_030.jpg\",\"file\":\"krizia_robustella_030.jpg\",\"meta\":{\"aperture\":false,\"credit\":false,\"camera\":false,\"caption\":\"080 Barcelona Spring-Summer 2017\",\"created_timestamp\":\"June 27, 2016 1:03 pm\",\"copyright\":\"\\u00c2\\u00a9 2016 Estrop-Barcelona PHOTOGRAPH FOR FASHION EDITORIAL USE ONLY\",\"focal_length\":false,\"iso\":false,\"shutter_speed\":false,\"flash\":false,\"title\":\"080 Barcelona Spring-Summer 2017\",\"keywords\":\"080 Barcelona,Estrop-Barcelona,INEF,Spring-Summer 2017\",\"width\":1333,\"height\":2000,\"saved\":true,\"thumbnail\":{\"width\":220,\"height\":220,\"ewww_image_optimizer\":\"Reduced by 13.2% (5.2&nbsp;kB)\"},\"webview\":{\"0\":800,\"1\":1200,\"2\":2,\"3\":\"width=\\\"800\\\" height=\\\"1200\\\"\",\"bits\":8,\"channels\":3,\"mime\":\"image\\\/jpeg\",\"ewww_image_optimizer\":\"Reduced by 5.7% (7.9&nbsp;kB) - Previously Optimized\"},\"0\":false,\"ewww_image_optimizer\":\"Reduced by 7.1% (19.3&nbsp;kB)\",\"views\":\"1\",\"likes\":\"0\"},\"title\":\"080 Barcelona Spring-Summer 2017\",\"description\":\"<p>080 Barcelona Spring-Summer 2017<\\\/p>\",\"link\":null,\"link_target\":\"\",\"download\":\"https:\\\/\\\/bobvarela.com\\\/wp-content\\\/flagallery\\\/krizia-robustella-en-el-080-barcelona-fashion-primaveraverano-2017\\\/krizia_robustella_030.jpg\",\"ratio\":0.66666666666666662965923251249478198587894439697265625},{\"id\":\"24048\",\"image\":\"https:\\\/\\\/bobvarela.com\\\/wp-content\\\/flagallery\\\/krizia-robustella-en-el-080-barcelona-fashion-primaveraverano-2017\\\/webview\\\/krizia_robustella_031.jpg\",\"thumb\":\"https:\\\/\\\/bobvarela.com\\\/wp-content\\\/flagallery\\\/krizia-robustella-en-el-080-barcelona-fashion-primaveraverano-2017\\\/thumbs\\\/thumbs_krizia_robustella_031.jpg\",\"file\":\"krizia_robustella_031.jpg\",\"meta\":{\"aperture\":false,\"credit\":false,\"camera\":false,\"caption\":\"080 Barcelona Spring-Summer 2017\",\"created_timestamp\":\"June 27, 2016 1:04 pm\",\"copyright\":\"\\u00c2\\u00a9 2016 Estrop-Barcelona PHOTOGRAPH FOR FASHION EDITORIAL USE ONLY\",\"focal_length\":false,\"iso\":false,\"shutter_speed\":false,\"flash\":false,\"title\":\"080 Barcelona Spring-Summer 2017\",\"keywords\":\"080 Barcelona,Estrop-Barcelona,INEF,Spring-Summer 2017\",\"width\":1333,\"height\":2000,\"saved\":true,\"thumbnail\":{\"width\":220,\"height\":220,\"ewww_image_optimizer\":\"Reduced by 15.3% (8.4&nbsp;kB)\"},\"webview\":{\"0\":800,\"1\":1200,\"2\":2,\"3\":\"width=\\\"800\\\" height=\\\"1200\\\"\",\"bits\":8,\"channels\":3,\"mime\":\"image\\\/jpeg\",\"ewww_image_optimizer\":\"Reduced by 5.1% (10.6&nbsp;kB) - Previously Optimized\"},\"0\":false,\"ewww_image_optimizer\":\"Reduced by 5.1% (13.3&nbsp;kB)\",\"views\":\"2\",\"likes\":\"0\"},\"title\":\"080 Barcelona Spring-Summer 2017\",\"description\":\"<p>080 Barcelona Spring-Summer 2017<\\\/p>\",\"link\":null,\"link_target\":\"\",\"download\":\"https:\\\/\\\/bobvarela.com\\\/wp-content\\\/flagallery\\\/krizia-robustella-en-el-080-barcelona-fashion-primaveraverano-2017\\\/krizia_robustella_031.jpg\",\"ratio\":0.66666666666666662965923251249478198587894439697265625},{\"id\":\"24049\",\"image\":\"https:\\\/\\\/bobvarela.com\\\/wp-content\\\/flagallery\\\/krizia-robustella-en-el-080-barcelona-fashion-primaveraverano-2017\\\/webview\\\/krizia_robustella_032.jpg\",\"thumb\":\"https:\\\/\\\/bobvarela.com\\\/wp-content\\\/flagallery\\\/krizia-robustella-en-el-080-barcelona-fashion-primaveraverano-2017\\\/thumbs\\\/thumbs_krizia_robustella_032.jpg\",\"file\":\"krizia_robustella_032.jpg\",\"meta\":{\"aperture\":false,\"credit\":false,\"camera\":false,\"caption\":\"080 Barcelona Spring-Summer 2017\",\"created_timestamp\":\"June 27, 2016 1:04 pm\",\"copyright\":\"\\u00c2\\u00a9 2016 Estrop-Barcelona PHOTOGRAPH FOR FASHION EDITORIAL USE ONLY\",\"focal_length\":false,\"iso\":false,\"shutter_speed\":false,\"flash\":false,\"title\":\"080 Barcelona Spring-Summer 2017\",\"keywords\":\"080 Barcelona,Estrop-Barcelona,INEF,Spring-Summer 2017\",\"width\":1600,\"height\":1067,\"saved\":true,\"thumbnail\":{\"width\":220,\"height\":220,\"ewww_image_optimizer\":\"Reduced by 14.7% (7.0&nbsp;kB)\"},\"webview\":{\"0\":1200,\"1\":800,\"2\":2,\"3\":\"width=\\\"1200\\\" height=\\\"800\\\"\",\"bits\":8,\"channels\":3,\"mime\":\"image\\\/jpeg\",\"ewww_image_optimizer\":\"Reduced by 5.4% (7.3&nbsp;kB) - Previously Optimized\"},\"0\":false,\"ewww_image_optimizer\":\"Reduced by 6.8% (16.5&nbsp;kB)\",\"views\":\"1\",\"likes\":\"0\"},\"title\":\"080 Barcelona Spring-Summer 2017\",\"description\":\"<p>080 Barcelona Spring-Summer 2017<\\\/p>\",\"link\":null,\"link_target\":\"\",\"download\":\"https:\\\/\\\/bobvarela.com\\\/wp-content\\\/flagallery\\\/krizia-robustella-en-el-080-barcelona-fashion-primaveraverano-2017\\\/krizia_robustella_032.jpg\",\"ratio\":1.5},{\"id\":\"24050\",\"image\":\"https:\\\/\\\/bobvarela.com\\\/wp-content\\\/flagallery\\\/krizia-robustella-en-el-080-barcelona-fashion-primaveraverano-2017\\\/webview\\\/krizia_robustella_033.jpg\",\"thumb\":\"https:\\\/\\\/bobvarela.com\\\/wp-content\\\/flagallery\\\/krizia-robustella-en-el-080-barcelona-fashion-primaveraverano-2017\\\/thumbs\\\/thumbs_krizia_robustella_033.jpg\",\"file\":\"krizia_robustella_033.jpg\",\"meta\":{\"aperture\":false,\"credit\":false,\"camera\":false,\"caption\":\"080 Barcelona Spring-Summer 2017\",\"created_timestamp\":\"June 27, 2016 1:04 pm\",\"copyright\":\"\\u00c2\\u00a9 2016 Estrop-Barcelona PHOTOGRAPH FOR FASHION EDITORIAL USE ONLY\",\"focal_length\":false,\"iso\":false,\"shutter_speed\":false,\"flash\":false,\"title\":\"080 Barcelona Spring-Summer 2017\",\"keywords\":\"080 Barcelona,Estrop-Barcelona,INEF,Spring-Summer 2017\",\"width\":1333,\"height\":2000,\"saved\":true,\"thumbnail\":{\"width\":220,\"height\":220,\"ewww_image_optimizer\":\"Reduced by 9.0% (2.8&nbsp;kB)\"},\"webview\":{\"0\":800,\"1\":1200,\"2\":2,\"3\":\"width=\\\"800\\\" height=\\\"1200\\\"\",\"bits\":8,\"channels\":3,\"mime\":\"image\\\/jpeg\",\"ewww_image_optimizer\":\"Reduced by 4.5% (4.5&nbsp;kB) - Previously Optimized\"},\"0\":false,\"ewww_image_optimizer\":\"Reduced by 9.6% (24.5&nbsp;kB)\",\"views\":\"0\",\"likes\":\"0\"},\"title\":\"080 Barcelona Spring-Summer 2017\",\"description\":\"<p>080 Barcelona Spring-Summer 2017<\\\/p>\",\"link\":null,\"link_target\":\"\",\"download\":\"https:\\\/\\\/bobvarela.com\\\/wp-content\\\/flagallery\\\/krizia-robustella-en-el-080-barcelona-fashion-primaveraverano-2017\\\/krizia_robustella_033.jpg\",\"ratio\":0.66666666666666662965923251249478198587894439697265625},{\"id\":\"24051\",\"image\":\"https:\\\/\\\/bobvarela.com\\\/wp-content\\\/flagallery\\\/krizia-robustella-en-el-080-barcelona-fashion-primaveraverano-2017\\\/webview\\\/krizia_robustella_034.jpg\",\"thumb\":\"https:\\\/\\\/bobvarela.com\\\/wp-content\\\/flagallery\\\/krizia-robustella-en-el-080-barcelona-fashion-primaveraverano-2017\\\/thumbs\\\/thumbs_krizia_robustella_034.jpg\",\"file\":\"krizia_robustella_034.jpg\",\"meta\":{\"aperture\":false,\"credit\":false,\"camera\":false,\"caption\":\"080 Barcelona Spring-Summer 2017\",\"created_timestamp\":\"June 27, 2016 1:04 pm\",\"copyright\":\"\\u00c2\\u00a9 2016 Estrop-Barcelona PHOTOGRAPH FOR FASHION EDITORIAL USE ONLY\",\"focal_length\":false,\"iso\":false,\"shutter_speed\":false,\"flash\":false,\"title\":\"080 Barcelona Spring-Summer 2017\",\"keywords\":\"080 Barcelona,Estrop-Barcelona,INEF,Spring-Summer 2017\",\"width\":1333,\"height\":2000,\"saved\":true,\"thumbnail\":{\"width\":220,\"height\":220,\"ewww_image_optimizer\":\"Reduced by 13.3% (4.7&nbsp;kB)\"},\"webview\":{\"0\":800,\"1\":1200,\"2\":2,\"3\":\"width=\\\"800\\\" height=\\\"1200\\\"\",\"bits\":8,\"channels\":3,\"mime\":\"image\\\/jpeg\",\"ewww_image_optimizer\":\"Reduced by 5.0% (5.8&nbsp;kB) - Previously Optimized\"},\"0\":false,\"ewww_image_optimizer\":\"Reduced by 11.1% (25.4&nbsp;kB)\",\"views\":\"0\",\"likes\":\"0\"},\"title\":\"080 Barcelona Spring-Summer 2017\",\"description\":\"<p>080 Barcelona Spring-Summer 2017<\\\/p>\",\"link\":null,\"link_target\":\"\",\"download\":\"https:\\\/\\\/bobvarela.com\\\/wp-content\\\/flagallery\\\/krizia-robustella-en-el-080-barcelona-fashion-primaveraverano-2017\\\/krizia_robustella_034.jpg\",\"ratio\":0.66666666666666662965923251249478198587894439697265625},{\"id\":\"24052\",\"image\":\"https:\\\/\\\/bobvarela.com\\\/wp-content\\\/flagallery\\\/krizia-robustella-en-el-080-barcelona-fashion-primaveraverano-2017\\\/webview\\\/krizia_robustella_035.jpg\",\"thumb\":\"https:\\\/\\\/bobvarela.com\\\/wp-content\\\/flagallery\\\/krizia-robustella-en-el-080-barcelona-fashion-primaveraverano-2017\\\/thumbs\\\/thumbs_krizia_robustella_035.jpg\",\"file\":\"krizia_robustella_035.jpg\",\"meta\":{\"aperture\":false,\"credit\":false,\"camera\":false,\"caption\":\"080 Barcelona Spring-Summer 2017\",\"created_timestamp\":\"June 27, 2016 1:04 pm\",\"copyright\":\"\\u00c2\\u00a9 2016 Estrop-Barcelona PHOTOGRAPH FOR FASHION EDITORIAL USE ONLY\",\"focal_length\":false,\"iso\":false,\"shutter_speed\":false,\"flash\":false,\"title\":\"080 Barcelona Spring-Summer 2017\",\"keywords\":\"080 Barcelona,Estrop-Barcelona,INEF,Spring-Summer 2017\",\"width\":1333,\"height\":2000,\"saved\":true,\"thumbnail\":{\"width\":220,\"height\":220,\"ewww_image_optimizer\":\"Reduced by 13.7% (6.1&nbsp;kB)\"},\"webview\":{\"0\":800,\"1\":1200,\"2\":2,\"3\":\"width=\\\"800\\\" height=\\\"1200\\\"\",\"bits\":8,\"channels\":3,\"mime\":\"image\\\/jpeg\",\"ewww_image_optimizer\":\"Reduced by 5.0% (8.0&nbsp;kB) - Previously Optimized\"},\"0\":false,\"ewww_image_optimizer\":\"Reduced by 7.3% (18.7&nbsp;kB)\",\"views\":\"1\",\"likes\":\"0\"},\"title\":\"080 Barcelona Spring-Summer 2017\",\"description\":\"<p>080 Barcelona Spring-Summer 2017<\\\/p>\",\"link\":null,\"link_target\":\"\",\"download\":\"https:\\\/\\\/bobvarela.com\\\/wp-content\\\/flagallery\\\/krizia-robustella-en-el-080-barcelona-fashion-primaveraverano-2017\\\/krizia_robustella_035.jpg\",\"ratio\":0.66666666666666662965923251249478198587894439697265625},{\"id\":\"24053\",\"image\":\"https:\\\/\\\/bobvarela.com\\\/wp-content\\\/flagallery\\\/krizia-robustella-en-el-080-barcelona-fashion-primaveraverano-2017\\\/webview\\\/krizia_robustella_036.jpg\",\"thumb\":\"https:\\\/\\\/bobvarela.com\\\/wp-content\\\/flagallery\\\/krizia-robustella-en-el-080-barcelona-fashion-primaveraverano-2017\\\/thumbs\\\/thumbs_krizia_robustella_036.jpg\",\"file\":\"krizia_robustella_036.jpg\",\"meta\":{\"aperture\":false,\"credit\":false,\"camera\":false,\"caption\":\"080 Barcelona Spring-Summer 2017\",\"created_timestamp\":\"June 27, 2016 1:04 pm\",\"copyright\":\"\\u00c2\\u00a9 2016 Estrop-Barcelona PHOTOGRAPH FOR FASHION EDITORIAL USE ONLY\",\"focal_length\":false,\"iso\":false,\"shutter_speed\":false,\"flash\":false,\"title\":\"080 Barcelona Spring-Summer 2017\",\"keywords\":\"080 Barcelona,Estrop-Barcelona,INEF,Spring-Summer 2017\",\"width\":1600,\"height\":1067,\"saved\":true,\"thumbnail\":{\"width\":220,\"height\":220,\"ewww_image_optimizer\":\"Reduced by 11.8% (4.7&nbsp;kB)\"},\"webview\":{\"0\":1200,\"1\":800,\"2\":2,\"3\":\"width=\\\"1200\\\" height=\\\"800\\\"\",\"bits\":8,\"channels\":3,\"mime\":\"image\\\/jpeg\",\"ewww_image_optimizer\":\"Reduced by 4.5% (5.5&nbsp;kB) - Previously Optimized\"},\"0\":false,\"ewww_image_optimizer\":\"Reduced by 7.8% (18.3&nbsp;kB)\",\"views\":\"1\",\"likes\":\"0\"},\"title\":\"080 Barcelona Spring-Summer 2017\",\"description\":\"<p>080 Barcelona Spring-Summer 2017<\\\/p>\",\"link\":null,\"link_target\":\"\",\"download\":\"https:\\\/\\\/bobvarela.com\\\/wp-content\\\/flagallery\\\/krizia-robustella-en-el-080-barcelona-fashion-primaveraverano-2017\\\/krizia_robustella_036.jpg\",\"ratio\":1.5},{\"id\":\"24054\",\"image\":\"https:\\\/\\\/bobvarela.com\\\/wp-content\\\/flagallery\\\/krizia-robustella-en-el-080-barcelona-fashion-primaveraverano-2017\\\/webview\\\/krizia_robustella_037.jpg\",\"thumb\":\"https:\\\/\\\/bobvarela.com\\\/wp-content\\\/flagallery\\\/krizia-robustella-en-el-080-barcelona-fashion-primaveraverano-2017\\\/thumbs\\\/thumbs_krizia_robustella_037.jpg\",\"file\":\"krizia_robustella_037.jpg\",\"meta\":{\"aperture\":false,\"credit\":false,\"camera\":false,\"caption\":\"080 Barcelona Spring-Summer 2017\",\"created_timestamp\":\"June 27, 2016 1:04 pm\",\"copyright\":\"\\u00c2\\u00a9 2016 Estrop-Barcelona PHOTOGRAPH FOR FASHION EDITORIAL USE ONLY\",\"focal_length\":false,\"iso\":false,\"shutter_speed\":false,\"flash\":false,\"title\":\"080 Barcelona Spring-Summer 2017\",\"keywords\":\"080 Barcelona,Estrop-Barcelona,INEF,Spring-Summer 2017\",\"width\":1333,\"height\":2000,\"saved\":true,\"thumbnail\":{\"width\":220,\"height\":220,\"ewww_image_optimizer\":\"Reduced by 12.9% (5.1&nbsp;kB)\"},\"webview\":{\"0\":800,\"1\":1200,\"2\":2,\"3\":\"width=\\\"800\\\" height=\\\"1200\\\"\",\"bits\":8,\"channels\":3,\"mime\":\"image\\\/jpeg\",\"ewww_image_optimizer\":\"Reduced by 5.3% (6.9&nbsp;kB) - Previously Optimized\"},\"0\":false,\"ewww_image_optimizer\":\"Reduced by 6.0% (14.4&nbsp;kB)\",\"views\":\"1\",\"likes\":\"0\"},\"title\":\"080 Barcelona Spring-Summer 2017\",\"description\":\"<p>080 Barcelona Spring-Summer 2017<\\\/p>\",\"link\":null,\"link_target\":\"\",\"download\":\"https:\\\/\\\/bobvarela.com\\\/wp-content\\\/flagallery\\\/krizia-robustella-en-el-080-barcelona-fashion-primaveraverano-2017\\\/krizia_robustella_037.jpg\",\"ratio\":0.66666666666666662965923251249478198587894439697265625},{\"id\":\"24055\",\"image\":\"https:\\\/\\\/bobvarela.com\\\/wp-content\\\/flagallery\\\/krizia-robustella-en-el-080-barcelona-fashion-primaveraverano-2017\\\/webview\\\/krizia_robustella_038.jpg\",\"thumb\":\"https:\\\/\\\/bobvarela.com\\\/wp-content\\\/flagallery\\\/krizia-robustella-en-el-080-barcelona-fashion-primaveraverano-2017\\\/thumbs\\\/thumbs_krizia_robustella_038.jpg\",\"file\":\"krizia_robustella_038.jpg\",\"meta\":{\"aperture\":false,\"credit\":false,\"camera\":false,\"caption\":\"080 Barcelona Spring-Summer 2017\",\"created_timestamp\":\"June 27, 2016 1:04 pm\",\"copyright\":\"\\u00c2\\u00a9 2016 Estrop-Barcelona PHOTOGRAPH FOR FASHION EDITORIAL USE ONLY\",\"focal_length\":false,\"iso\":false,\"shutter_speed\":false,\"flash\":false,\"title\":\"080 Barcelona Spring-Summer 2017\",\"keywords\":\"080 Barcelona,Estrop-Barcelona,INEF,Spring-Summer 2017\",\"width\":1333,\"height\":2000,\"saved\":true,\"thumbnail\":{\"width\":220,\"height\":220,\"ewww_image_optimizer\":\"Reduced by 14.0% (6.9&nbsp;kB)\"},\"webview\":{\"0\":800,\"1\":1200,\"2\":2,\"3\":\"width=\\\"800\\\" height=\\\"1200\\\"\",\"bits\":8,\"channels\":3,\"mime\":\"image\\\/jpeg\",\"ewww_image_optimizer\":\"Reduced by 4.8% (8.3&nbsp;kB) - Previously Optimized\"},\"0\":false,\"ewww_image_optimizer\":\"Reduced by 4.0% (9.9&nbsp;kB)\",\"views\":\"1\",\"likes\":\"0\"},\"title\":\"080 Barcelona Spring-Summer 2017\",\"description\":\"<p>080 Barcelona Spring-Summer 2017<\\\/p>\",\"link\":null,\"link_target\":\"\",\"download\":\"https:\\\/\\\/bobvarela.com\\\/wp-content\\\/flagallery\\\/krizia-robustella-en-el-080-barcelona-fashion-primaveraverano-2017\\\/krizia_robustella_038.jpg\",\"ratio\":0.66666666666666662965923251249478198587894439697265625},{\"id\":\"24056\",\"image\":\"https:\\\/\\\/bobvarela.com\\\/wp-content\\\/flagallery\\\/krizia-robustella-en-el-080-barcelona-fashion-primaveraverano-2017\\\/webview\\\/krizia_robustella_039.jpg\",\"thumb\":\"https:\\\/\\\/bobvarela.com\\\/wp-content\\\/flagallery\\\/krizia-robustella-en-el-080-barcelona-fashion-primaveraverano-2017\\\/thumbs\\\/thumbs_krizia_robustella_039.jpg\",\"file\":\"krizia_robustella_039.jpg\",\"meta\":{\"aperture\":false,\"credit\":false,\"camera\":false,\"caption\":\"080 Barcelona Spring-Summer 2017\",\"created_timestamp\":\"June 27, 2016 1:04 pm\",\"copyright\":\"\\u00c2\\u00a9 2016 Estrop-Barcelona PHOTOGRAPH FOR FASHION EDITORIAL USE ONLY\",\"focal_length\":false,\"iso\":false,\"shutter_speed\":false,\"flash\":false,\"title\":\"080 Barcelona Spring-Summer 2017\",\"keywords\":\"080 Barcelona,Estrop-Barcelona,INEF,Spring-Summer 2017\",\"width\":1333,\"height\":2000,\"saved\":true,\"thumbnail\":{\"width\":220,\"height\":220,\"ewww_image_optimizer\":\"Reduced by 12.7% (6.5&nbsp;kB)\"},\"webview\":{\"0\":800,\"1\":1200,\"2\":2,\"3\":\"width=\\\"800\\\" height=\\\"1200\\\"\",\"bits\":8,\"channels\":3,\"mime\":\"image\\\/jpeg\",\"ewww_image_optimizer\":\"Reduced by 4.7% (8.9&nbsp;kB) - Previously Optimized\"},\"0\":false,\"ewww_image_optimizer\":\"Reduced by 3.4% (9.0&nbsp;kB)\",\"views\":\"1\",\"likes\":\"0\"},\"title\":\"080 Barcelona Spring-Summer 2017\",\"description\":\"<p>080 Barcelona Spring-Summer 2017<\\\/p>\",\"link\":null,\"link_target\":\"\",\"download\":\"https:\\\/\\\/bobvarela.com\\\/wp-content\\\/flagallery\\\/krizia-robustella-en-el-080-barcelona-fashion-primaveraverano-2017\\\/krizia_robustella_039.jpg\",\"ratio\":0.66666666666666662965923251249478198587894439697265625},{\"id\":\"24057\",\"image\":\"https:\\\/\\\/bobvarela.com\\\/wp-content\\\/flagallery\\\/krizia-robustella-en-el-080-barcelona-fashion-primaveraverano-2017\\\/webview\\\/krizia_robustella_040.jpg\",\"thumb\":\"https:\\\/\\\/bobvarela.com\\\/wp-content\\\/flagallery\\\/krizia-robustella-en-el-080-barcelona-fashion-primaveraverano-2017\\\/thumbs\\\/thumbs_krizia_robustella_040.jpg\",\"file\":\"krizia_robustella_040.jpg\",\"meta\":{\"aperture\":false,\"credit\":false,\"camera\":false,\"caption\":\"080 Barcelona Spring-Summer 2017\",\"created_timestamp\":\"June 27, 2016 1:04 pm\",\"copyright\":\"\\u00c2\\u00a9 2016 Estrop-Barcelona PHOTOGRAPH FOR FASHION EDITORIAL USE ONLY\",\"focal_length\":false,\"iso\":false,\"shutter_speed\":false,\"flash\":false,\"title\":\"080 Barcelona Spring-Summer 2017\",\"keywords\":\"080 Barcelona,Estrop-Barcelona,INEF,Spring-Summer 2017\",\"width\":1333,\"height\":2000,\"saved\":true,\"thumbnail\":{\"width\":220,\"height\":220,\"ewww_image_optimizer\":\"Reduced by 15.2% (6.3&nbsp;kB)\"},\"webview\":{\"0\":800,\"1\":1200,\"2\":2,\"3\":\"width=\\\"800\\\" height=\\\"1200\\\"\",\"bits\":8,\"channels\":3,\"mime\":\"image\\\/jpeg\",\"ewww_image_optimizer\":\"Reduced by 5.4% (8.9&nbsp;kB) - Previously Optimized\"},\"0\":false,\"ewww_image_optimizer\":\"Reduced by 9.0% (24.7&nbsp;kB)\",\"views\":\"2\",\"likes\":\"0\"},\"title\":\"080 Barcelona Spring-Summer 2017\",\"description\":\"<p>080 Barcelona Spring-Summer 2017<\\\/p>\",\"link\":null,\"link_target\":\"\",\"download\":\"https:\\\/\\\/bobvarela.com\\\/wp-content\\\/flagallery\\\/krizia-robustella-en-el-080-barcelona-fashion-primaveraverano-2017\\\/krizia_robustella_040.jpg\",\"ratio\":0.66666666666666662965923251249478198587894439697265625},{\"id\":\"24058\",\"image\":\"https:\\\/\\\/bobvarela.com\\\/wp-content\\\/flagallery\\\/krizia-robustella-en-el-080-barcelona-fashion-primaveraverano-2017\\\/webview\\\/krizia_robustella_041.jpg\",\"thumb\":\"https:\\\/\\\/bobvarela.com\\\/wp-content\\\/flagallery\\\/krizia-robustella-en-el-080-barcelona-fashion-primaveraverano-2017\\\/thumbs\\\/thumbs_krizia_robustella_041.jpg\",\"file\":\"krizia_robustella_041.jpg\",\"meta\":{\"aperture\":false,\"credit\":false,\"camera\":false,\"caption\":\"080 Barcelona Spring-Summer 2017\",\"created_timestamp\":\"June 27, 2016 1:04 pm\",\"copyright\":\"\\u00c2\\u00a9 2016 Estrop-Barcelona PHOTOGRAPH FOR FASHION EDITORIAL USE ONLY\",\"focal_length\":false,\"iso\":false,\"shutter_speed\":false,\"flash\":false,\"title\":\"080 Barcelona Spring-Summer 2017\",\"keywords\":\"080 Barcelona,Estrop-Barcelona,INEF,Spring-Summer 2017\",\"width\":1333,\"height\":2000,\"saved\":true,\"thumbnail\":{\"width\":220,\"height\":220,\"ewww_image_optimizer\":\"Reduced by 16.9% (9.2&nbsp;kB)\"},\"webview\":{\"0\":800,\"1\":1200,\"2\":2,\"3\":\"width=\\\"800\\\" height=\\\"1200\\\"\",\"bits\":8,\"channels\":3,\"mime\":\"image\\\/jpeg\",\"ewww_image_optimizer\":\"Reduced by 6.3% (14.9&nbsp;kB) - Previously Optimized\"},\"0\":false,\"ewww_image_optimizer\":\"Reduced by 13.6% (38.6&nbsp;kB)\",\"views\":\"1\",\"likes\":\"0\"},\"title\":\"080 Barcelona Spring-Summer 2017\",\"description\":\"<p>080 Barcelona Spring-Summer 2017<\\\/p>\",\"link\":null,\"link_target\":\"\",\"download\":\"https:\\\/\\\/bobvarela.com\\\/wp-content\\\/flagallery\\\/krizia-robustella-en-el-080-barcelona-fashion-primaveraverano-2017\\\/krizia_robustella_041.jpg\",\"ratio\":0.66666666666666662965923251249478198587894439697265625},{\"id\":\"24059\",\"image\":\"https:\\\/\\\/bobvarela.com\\\/wp-content\\\/flagallery\\\/krizia-robustella-en-el-080-barcelona-fashion-primaveraverano-2017\\\/webview\\\/krizia_robustella_042.jpg\",\"thumb\":\"https:\\\/\\\/bobvarela.com\\\/wp-content\\\/flagallery\\\/krizia-robustella-en-el-080-barcelona-fashion-primaveraverano-2017\\\/thumbs\\\/thumbs_krizia_robustella_042.jpg\",\"file\":\"krizia_robustella_042.jpg\",\"meta\":{\"aperture\":false,\"credit\":false,\"camera\":false,\"caption\":\"080 Barcelona Spring-Summer 2017\",\"created_timestamp\":\"June 27, 2016 1:05 pm\",\"copyright\":\"\\u00c2\\u00a9 2016 Estrop-Barcelona PHOTOGRAPH FOR FASHION EDITORIAL USE ONLY\",\"focal_length\":false,\"iso\":false,\"shutter_speed\":false,\"flash\":false,\"title\":\"080 Barcelona Spring-Summer 2017\",\"keywords\":\"080 Barcelona,Estrop-Barcelona,INEF,Spring-Summer 2017\",\"width\":1333,\"height\":2000,\"saved\":true,\"thumbnail\":{\"width\":220,\"height\":220,\"ewww_image_optimizer\":\"Reduced by 14.1% (6.6&nbsp;kB)\"},\"webview\":{\"0\":800,\"1\":1200,\"2\":2,\"3\":\"width=\\\"800\\\" height=\\\"1200\\\"\",\"bits\":8,\"channels\":3,\"mime\":\"image\\\/jpeg\",\"ewww_image_optimizer\":\"Reduced by 6.9% (14.2&nbsp;kB) - Previously Optimized\"},\"0\":false,\"ewww_image_optimizer\":\"Reduced by 7.3% (18.5&nbsp;kB)\",\"views\":\"0\",\"likes\":\"0\"},\"title\":\"080 Barcelona Spring-Summer 2017\",\"description\":\"<p>080 Barcelona Spring-Summer 2017<\\\/p>\",\"link\":null,\"link_target\":\"\",\"download\":\"https:\\\/\\\/bobvarela.com\\\/wp-content\\\/flagallery\\\/krizia-robustella-en-el-080-barcelona-fashion-primaveraverano-2017\\\/krizia_robustella_042.jpg\",\"ratio\":0.66666666666666662965923251249478198587894439697265625},{\"id\":\"24060\",\"image\":\"https:\\\/\\\/bobvarela.com\\\/wp-content\\\/flagallery\\\/krizia-robustella-en-el-080-barcelona-fashion-primaveraverano-2017\\\/webview\\\/krizia_robustella_043.jpg\",\"thumb\":\"https:\\\/\\\/bobvarela.com\\\/wp-content\\\/flagallery\\\/krizia-robustella-en-el-080-barcelona-fashion-primaveraverano-2017\\\/thumbs\\\/thumbs_krizia_robustella_043.jpg\",\"file\":\"krizia_robustella_043.jpg\",\"meta\":{\"aperture\":false,\"credit\":false,\"camera\":false,\"caption\":\"080 Barcelona Spring-Summer 2017\",\"created_timestamp\":\"June 27, 2016 1:05 pm\",\"copyright\":\"\\u00c2\\u00a9 2016 Estrop-Barcelona PHOTOGRAPH FOR FASHION EDITORIAL USE ONLY\",\"focal_length\":false,\"iso\":false,\"shutter_speed\":false,\"flash\":false,\"title\":\"080 Barcelona Spring-Summer 2017\",\"keywords\":\"080 Barcelona,Estrop-Barcelona,INEF,Spring-Summer 2017\",\"width\":1333,\"height\":2000,\"saved\":true,\"thumbnail\":{\"width\":220,\"height\":220,\"ewww_image_optimizer\":\"Reduced by 15.3% (6.8&nbsp;kB)\"},\"webview\":{\"0\":800,\"1\":1200,\"2\":2,\"3\":\"width=\\\"800\\\" height=\\\"1200\\\"\",\"bits\":8,\"channels\":3,\"mime\":\"image\\\/jpeg\",\"ewww_image_optimizer\":\"Reduced by 5.6% (8.8&nbsp;kB) - Previously Optimized\"},\"0\":false,\"ewww_image_optimizer\":\"Reduced by 6.3% (18.3&nbsp;kB)\",\"views\":\"1\",\"likes\":\"0\"},\"title\":\"080 Barcelona Spring-Summer 2017\",\"description\":\"<p>080 Barcelona Spring-Summer 2017<\\\/p>\",\"link\":null,\"link_target\":\"\",\"download\":\"https:\\\/\\\/bobvarela.com\\\/wp-content\\\/flagallery\\\/krizia-robustella-en-el-080-barcelona-fashion-primaveraverano-2017\\\/krizia_robustella_043.jpg\",\"ratio\":0.66666666666666662965923251249478198587894439697265625},{\"id\":\"24061\",\"image\":\"https:\\\/\\\/bobvarela.com\\\/wp-content\\\/flagallery\\\/krizia-robustella-en-el-080-barcelona-fashion-primaveraverano-2017\\\/webview\\\/krizia_robustella_044.jpg\",\"thumb\":\"https:\\\/\\\/bobvarela.com\\\/wp-content\\\/flagallery\\\/krizia-robustella-en-el-080-barcelona-fashion-primaveraverano-2017\\\/thumbs\\\/thumbs_krizia_robustella_044.jpg\",\"file\":\"krizia_robustella_044.jpg\",\"meta\":{\"aperture\":false,\"credit\":false,\"camera\":false,\"caption\":\"080 Barcelona Spring-Summer 2017\",\"created_timestamp\":\"June 27, 2016 1:05 pm\",\"copyright\":\"\\u00c2\\u00a9 2016 Estrop-Barcelona PHOTOGRAPH FOR FASHION EDITORIAL USE ONLY\",\"focal_length\":false,\"iso\":false,\"shutter_speed\":false,\"flash\":false,\"title\":\"080 Barcelona Spring-Summer 2017\",\"keywords\":\"080 Barcelona,Estrop-Barcelona,INEF,Spring-Summer 2017\",\"width\":1333,\"height\":2000,\"saved\":true,\"thumbnail\":{\"width\":220,\"height\":220,\"ewww_image_optimizer\":\"Reduced by 17.3% (9.0&nbsp;kB)\"},\"webview\":{\"0\":800,\"1\":1200,\"2\":2,\"3\":\"width=\\\"800\\\" height=\\\"1200\\\"\",\"bits\":8,\"channels\":3,\"mime\":\"image\\\/jpeg\",\"ewww_image_optimizer\":\"Reduced by 6.0% (11.3&nbsp;kB) - Previously Optimized\"},\"0\":false,\"ewww_image_optimizer\":\"Reduced by 6.7% (18.1&nbsp;kB)\",\"views\":\"1\",\"likes\":\"0\"},\"title\":\"080 Barcelona Spring-Summer 2017\",\"description\":\"<p>080 Barcelona Spring-Summer 2017<\\\/p>\",\"link\":null,\"link_target\":\"\",\"download\":\"https:\\\/\\\/bobvarela.com\\\/wp-content\\\/flagallery\\\/krizia-robustella-en-el-080-barcelona-fashion-primaveraverano-2017\\\/krizia_robustella_044.jpg\",\"ratio\":0.66666666666666662965923251249478198587894439697265625},{\"id\":\"24062\",\"image\":\"https:\\\/\\\/bobvarela.com\\\/wp-content\\\/flagallery\\\/krizia-robustella-en-el-080-barcelona-fashion-primaveraverano-2017\\\/webview\\\/krizia_robustella_045.jpg\",\"thumb\":\"https:\\\/\\\/bobvarela.com\\\/wp-content\\\/flagallery\\\/krizia-robustella-en-el-080-barcelona-fashion-primaveraverano-2017\\\/thumbs\\\/thumbs_krizia_robustella_045.jpg\",\"file\":\"krizia_robustella_045.jpg\",\"meta\":{\"aperture\":false,\"credit\":false,\"camera\":false,\"caption\":\"080 Barcelona Spring-Summer 2017\",\"created_timestamp\":\"June 27, 2016 1:05 pm\",\"copyright\":\"\\u00c2\\u00a9 2016 Estrop-Barcelona PHOTOGRAPH FOR FASHION EDITORIAL USE ONLY\",\"focal_length\":false,\"iso\":false,\"shutter_speed\":false,\"flash\":false,\"title\":\"080 Barcelona Spring-Summer 2017\",\"keywords\":\"080 Barcelona,Estrop-Barcelona,INEF,Spring-Summer 2017\",\"width\":1333,\"height\":2000,\"saved\":true,\"thumbnail\":{\"width\":220,\"height\":220,\"ewww_image_optimizer\":\"Reduced by 17.1% (10.9&nbsp;kB)\"},\"webview\":{\"0\":800,\"1\":1200,\"2\":2,\"3\":\"width=\\\"800\\\" height=\\\"1200\\\"\",\"bits\":8,\"channels\":3,\"mime\":\"image\\\/jpeg\",\"ewww_image_optimizer\":\"Reduced by 6.9% (17.2&nbsp;kB) - Previously Optimized\"},\"0\":false,\"ewww_image_optimizer\":\"Reduced by 6.0% (14.8&nbsp;kB)\",\"views\":\"1\",\"likes\":\"0\"},\"title\":\"080 Barcelona Spring-Summer 2017\",\"description\":\"<p>080 Barcelona Spring-Summer 2017<\\\/p>\",\"link\":null,\"link_target\":\"\",\"download\":\"https:\\\/\\\/bobvarela.com\\\/wp-content\\\/flagallery\\\/krizia-robustella-en-el-080-barcelona-fashion-primaveraverano-2017\\\/krizia_robustella_045.jpg\",\"ratio\":0.66666666666666662965923251249478198587894439697265625},{\"id\":\"24063\",\"image\":\"https:\\\/\\\/bobvarela.com\\\/wp-content\\\/flagallery\\\/krizia-robustella-en-el-080-barcelona-fashion-primaveraverano-2017\\\/webview\\\/krizia_robustella_046.jpg\",\"thumb\":\"https:\\\/\\\/bobvarela.com\\\/wp-content\\\/flagallery\\\/krizia-robustella-en-el-080-barcelona-fashion-primaveraverano-2017\\\/thumbs\\\/thumbs_krizia_robustella_046.jpg\",\"file\":\"krizia_robustella_046.jpg\",\"meta\":{\"aperture\":false,\"credit\":false,\"camera\":false,\"caption\":\"080 Barcelona Spring-Summer 2017\",\"created_timestamp\":\"June 27, 2016 1:05 pm\",\"copyright\":\"\\u00c2\\u00a9 2016 Estrop-Barcelona PHOTOGRAPH FOR FASHION EDITORIAL USE ONLY\",\"focal_length\":false,\"iso\":false,\"shutter_speed\":false,\"flash\":false,\"title\":\"080 Barcelona Spring-Summer 2017\",\"keywords\":\"080 Barcelona,Estrop-Barcelona,INEF,Spring-Summer 2017\",\"width\":1333,\"height\":2000,\"saved\":true,\"thumbnail\":{\"width\":220,\"height\":220,\"ewww_image_optimizer\":\"Reduced by 15.7% (5.9&nbsp;kB)\"},\"webview\":{\"0\":800,\"1\":1200,\"2\":2,\"3\":\"width=\\\"800\\\" height=\\\"1200\\\"\",\"bits\":8,\"channels\":3,\"mime\":\"image\\\/jpeg\",\"ewww_image_optimizer\":\"Reduced by 6.1% (9.0&nbsp;kB) - Previously Optimized\"},\"0\":false,\"ewww_image_optimizer\":\"Reduced by 11.0% (26.4&nbsp;kB)\",\"views\":\"0\",\"likes\":\"0\"},\"title\":\"080 Barcelona Spring-Summer 2017\",\"description\":\"<p>080 Barcelona Spring-Summer 2017<\\\/p>\",\"link\":null,\"link_target\":\"\",\"download\":\"https:\\\/\\\/bobvarela.com\\\/wp-content\\\/flagallery\\\/krizia-robustella-en-el-080-barcelona-fashion-primaveraverano-2017\\\/krizia_robustella_046.jpg\",\"ratio\":0.66666666666666662965923251249478198587894439697265625},{\"id\":\"24064\",\"image\":\"https:\\\/\\\/bobvarela.com\\\/wp-content\\\/flagallery\\\/krizia-robustella-en-el-080-barcelona-fashion-primaveraverano-2017\\\/webview\\\/krizia_robustella_047.jpg\",\"thumb\":\"https:\\\/\\\/bobvarela.com\\\/wp-content\\\/flagallery\\\/krizia-robustella-en-el-080-barcelona-fashion-primaveraverano-2017\\\/thumbs\\\/thumbs_krizia_robustella_047.jpg\",\"file\":\"krizia_robustella_047.jpg\",\"meta\":{\"aperture\":false,\"credit\":false,\"camera\":false,\"caption\":\"080 Barcelona Spring-Summer 2017\",\"created_timestamp\":\"June 27, 2016 1:05 pm\",\"copyright\":\"\\u00c2\\u00a9 2016 Estrop-Barcelona PHOTOGRAPH FOR FASHION EDITORIAL USE ONLY\",\"focal_length\":false,\"iso\":false,\"shutter_speed\":false,\"flash\":false,\"title\":\"080 Barcelona Spring-Summer 2017\",\"keywords\":\"080 Barcelona,Estrop-Barcelona,INEF,Spring-Summer 2017\",\"width\":1333,\"height\":2000,\"saved\":true,\"thumbnail\":{\"width\":220,\"height\":220,\"ewww_image_optimizer\":\"Reduced by 16.3% (8.0&nbsp;kB)\"},\"webview\":{\"0\":800,\"1\":1200,\"2\":2,\"3\":\"width=\\\"800\\\" height=\\\"1200\\\"\",\"bits\":8,\"channels\":3,\"mime\":\"image\\\/jpeg\",\"ewww_image_optimizer\":\"Reduced by 5.8% (11.8&nbsp;kB) - Previously Optimized\"},\"0\":false,\"ewww_image_optimizer\":\"Reduced by 10.6% (26.2&nbsp;kB)\",\"views\":\"2\",\"likes\":\"0\"},\"title\":\"080 Barcelona Spring-Summer 2017\",\"description\":\"<p>080 Barcelona Spring-Summer 2017<\\\/p>\",\"link\":null,\"link_target\":\"\",\"download\":\"https:\\\/\\\/bobvarela.com\\\/wp-content\\\/flagallery\\\/krizia-robustella-en-el-080-barcelona-fashion-primaveraverano-2017\\\/krizia_robustella_047.jpg\",\"ratio\":0.66666666666666662965923251249478198587894439697265625},{\"id\":\"24065\",\"image\":\"https:\\\/\\\/bobvarela.com\\\/wp-content\\\/flagallery\\\/krizia-robustella-en-el-080-barcelona-fashion-primaveraverano-2017\\\/webview\\\/krizia_robustella_048.jpg\",\"thumb\":\"https:\\\/\\\/bobvarela.com\\\/wp-content\\\/flagallery\\\/krizia-robustella-en-el-080-barcelona-fashion-primaveraverano-2017\\\/thumbs\\\/thumbs_krizia_robustella_048.jpg\",\"file\":\"krizia_robustella_048.jpg\",\"meta\":{\"aperture\":false,\"credit\":false,\"camera\":false,\"caption\":\"080 Barcelona Spring-Summer 2017\",\"created_timestamp\":\"June 27, 2016 1:05 pm\",\"copyright\":\"\\u00c2\\u00a9 2016 Estrop-Barcelona PHOTOGRAPH FOR FASHION EDITORIAL USE ONLY\",\"focal_length\":false,\"iso\":false,\"shutter_speed\":false,\"flash\":false,\"title\":\"080 Barcelona Spring-Summer 2017\",\"keywords\":\"080 Barcelona,Estrop-Barcelona,INEF,Spring-Summer 2017\",\"width\":1333,\"height\":2000,\"saved\":true,\"thumbnail\":{\"width\":220,\"height\":220,\"ewww_image_optimizer\":\"Reduced by 12.1% (5.7&nbsp;kB)\"},\"webview\":{\"0\":800,\"1\":1200,\"2\":2,\"3\":\"width=\\\"800\\\" height=\\\"1200\\\"\",\"bits\":8,\"channels\":3,\"mime\":\"image\\\/jpeg\",\"ewww_image_optimizer\":\"Reduced by 4.5% (8.5&nbsp;kB) - Previously Optimized\"},\"0\":false,\"ewww_image_optimizer\":\"Reduced by 7.2% (17.9&nbsp;kB)\",\"views\":\"0\",\"likes\":\"0\"},\"title\":\"080 Barcelona Spring-Summer 2017\",\"description\":\"<p>080 Barcelona Spring-Summer 2017<\\\/p>\",\"link\":null,\"link_target\":\"\",\"download\":\"https:\\\/\\\/bobvarela.com\\\/wp-content\\\/flagallery\\\/krizia-robustella-en-el-080-barcelona-fashion-primaveraverano-2017\\\/krizia_robustella_048.jpg\",\"ratio\":0.66666666666666662965923251249478198587894439697265625},{\"id\":\"24066\",\"image\":\"https:\\\/\\\/bobvarela.com\\\/wp-content\\\/flagallery\\\/krizia-robustella-en-el-080-barcelona-fashion-primaveraverano-2017\\\/webview\\\/krizia_robustella_049.jpg\",\"thumb\":\"https:\\\/\\\/bobvarela.com\\\/wp-content\\\/flagallery\\\/krizia-robustella-en-el-080-barcelona-fashion-primaveraverano-2017\\\/thumbs\\\/thumbs_krizia_robustella_049.jpg\",\"file\":\"krizia_robustella_049.jpg\",\"meta\":{\"aperture\":false,\"credit\":false,\"camera\":false,\"caption\":false,\"created_timestamp\":\"June 27, 2016 1:05 pm\",\"copyright\":false,\"focal_length\":false,\"iso\":false,\"shutter_speed\":false,\"flash\":false,\"title\":false,\"keywords\":false,\"width\":1333,\"height\":2000,\"saved\":true,\"thumbnail\":{\"width\":220,\"height\":220,\"ewww_image_optimizer\":\"Reduced by 15.1% (6.1&nbsp;kB)\"},\"webview\":{\"0\":800,\"1\":1200,\"2\":2,\"3\":\"width=\\\"800\\\" height=\\\"1200\\\"\",\"bits\":8,\"channels\":3,\"mime\":\"image\\\/jpeg\",\"ewww_image_optimizer\":\"Reduced by 5.8% (8.5&nbsp;kB) - Previously Optimized\"},\"0\":false,\"ewww_image_optimizer\":\"Reduced by 7.4% (19.5&nbsp;kB)\",\"views\":\"1\",\"likes\":\"0\"},\"title\":\"\",\"description\":\"\",\"link\":null,\"link_target\":\"\",\"download\":\"https:\\\/\\\/bobvarela.com\\\/wp-content\\\/flagallery\\\/krizia-robustella-en-el-080-barcelona-fashion-primaveraverano-2017\\\/krizia_robustella_049.jpg\",\"ratio\":0.66666666666666662965923251249478198587894439697265625},{\"id\":\"24067\",\"image\":\"https:\\\/\\\/bobvarela.com\\\/wp-content\\\/flagallery\\\/krizia-robustella-en-el-080-barcelona-fashion-primaveraverano-2017\\\/webview\\\/krizia_robustella_050.jpg\",\"thumb\":\"https:\\\/\\\/bobvarela.com\\\/wp-content\\\/flagallery\\\/krizia-robustella-en-el-080-barcelona-fashion-primaveraverano-2017\\\/thumbs\\\/thumbs_krizia_robustella_050.jpg\",\"file\":\"krizia_robustella_050.jpg\",\"meta\":{\"aperture\":false,\"credit\":false,\"camera\":false,\"caption\":\"080 Barcelona Spring-Summer 2017\",\"created_timestamp\":\"June 27, 2016 1:05 pm\",\"copyright\":\"\\u00c2\\u00a9 2016 Estrop-Barcelona PHOTOGRAPH FOR FASHION EDITORIAL USE ONLY\",\"focal_length\":false,\"iso\":false,\"shutter_speed\":false,\"flash\":false,\"title\":\"080 Barcelona Spring-Summer 2017\",\"keywords\":\"080 Barcelona,Estrop-Barcelona,INEF,Spring-Summer 2017\",\"width\":1333,\"height\":2000,\"saved\":true,\"thumbnail\":{\"width\":220,\"height\":220,\"ewww_image_optimizer\":\"Reduced by 13.4% (4.8&nbsp;kB)\"},\"webview\":{\"0\":800,\"1\":1200,\"2\":2,\"3\":\"width=\\\"800\\\" height=\\\"1200\\\"\",\"bits\":8,\"channels\":3,\"mime\":\"image\\\/jpeg\",\"ewww_image_optimizer\":\"Reduced by 5.7% (6.6&nbsp;kB) - Previously Optimized\"},\"0\":false,\"ewww_image_optimizer\":\"Reduced by 8.1% (24.1&nbsp;kB)\",\"views\":\"1\",\"likes\":\"0\"},\"title\":\"080 Barcelona Spring-Summer 2017\",\"description\":\"<p>080 Barcelona Spring-Summer 2017<\\\/p>\",\"link\":null,\"link_target\":\"\",\"download\":\"https:\\\/\\\/bobvarela.com\\\/wp-content\\\/flagallery\\\/krizia-robustella-en-el-080-barcelona-fashion-primaveraverano-2017\\\/krizia_robustella_050.jpg\",\"ratio\":0.66666666666666662965923251249478198587894439697265625},{\"id\":\"24068\",\"image\":\"https:\\\/\\\/bobvarela.com\\\/wp-content\\\/flagallery\\\/krizia-robustella-en-el-080-barcelona-fashion-primaveraverano-2017\\\/webview\\\/krizia_robustella_051.jpg\",\"thumb\":\"https:\\\/\\\/bobvarela.com\\\/wp-content\\\/flagallery\\\/krizia-robustella-en-el-080-barcelona-fashion-primaveraverano-2017\\\/thumbs\\\/thumbs_krizia_robustella_051.jpg\",\"file\":\"krizia_robustella_051.jpg\",\"meta\":{\"aperture\":false,\"credit\":false,\"camera\":false,\"caption\":\"080 Barcelona Spring-Summer 2017\",\"created_timestamp\":\"June 27, 2016 1:05 pm\",\"copyright\":\"\\u00c2\\u00a9 2016 Estrop-Barcelona PHOTOGRAPH FOR FASHION EDITORIAL USE ONLY\",\"focal_length\":false,\"iso\":false,\"shutter_speed\":false,\"flash\":false,\"title\":\"080 Barcelona Spring-Summer 2017\",\"keywords\":\"080 Barcelona,Estrop-Barcelona,INEF,Spring-Summer 2017\",\"width\":1333,\"height\":2000,\"saved\":true,\"thumbnail\":{\"width\":220,\"height\":220,\"ewww_image_optimizer\":\"Reduced by 15.1% (8.0&nbsp;kB)\"},\"webview\":{\"0\":800,\"1\":1200,\"2\":2,\"3\":\"width=\\\"800\\\" height=\\\"1200\\\"\",\"bits\":8,\"channels\":3,\"mime\":\"image\\\/jpeg\",\"ewww_image_optimizer\":\"Reduced by 6.4% (11.7&nbsp;kB) - Previously Optimized\"},\"0\":false,\"ewww_image_optimizer\":\"Reduced by 6.6% (17.4&nbsp;kB)\",\"views\":\"1\",\"likes\":\"0\"},\"title\":\"080 Barcelona Spring-Summer 2017\",\"description\":\"<p>080 Barcelona Spring-Summer 2017<\\\/p>\",\"link\":null,\"link_target\":\"\",\"download\":\"https:\\\/\\\/bobvarela.com\\\/wp-content\\\/flagallery\\\/krizia-robustella-en-el-080-barcelona-fashion-primaveraverano-2017\\\/krizia_robustella_051.jpg\",\"ratio\":0.66666666666666662965923251249478198587894439697265625},{\"id\":\"24069\",\"image\":\"https:\\\/\\\/bobvarela.com\\\/wp-content\\\/flagallery\\\/krizia-robustella-en-el-080-barcelona-fashion-primaveraverano-2017\\\/webview\\\/krizia_robustella_052.jpg\",\"thumb\":\"https:\\\/\\\/bobvarela.com\\\/wp-content\\\/flagallery\\\/krizia-robustella-en-el-080-barcelona-fashion-primaveraverano-2017\\\/thumbs\\\/thumbs_krizia_robustella_052.jpg\",\"file\":\"krizia_robustella_052.jpg\",\"meta\":{\"aperture\":false,\"credit\":false,\"camera\":false,\"caption\":\"080 Barcelona Spring-Summer 2017\",\"created_timestamp\":\"June 27, 2016 1:06 pm\",\"copyright\":\"\\u00c2\\u00a9 2016 Estrop-Barcelona PHOTOGRAPH FOR FASHION EDITORIAL USE ONLY\",\"focal_length\":false,\"iso\":false,\"shutter_speed\":false,\"flash\":false,\"title\":\"080 Barcelona Spring-Summer 2017\",\"keywords\":\"080 Barcelona,Estrop-Barcelona,INEF,Spring-Summer 2017\",\"width\":1333,\"height\":2000,\"saved\":true,\"thumbnail\":{\"width\":220,\"height\":220,\"ewww_image_optimizer\":\"Reduced by 13.2% (4.9&nbsp;kB)\"},\"webview\":{\"0\":800,\"1\":1200,\"2\":2,\"3\":\"width=\\\"800\\\" height=\\\"1200\\\"\",\"bits\":8,\"channels\":3,\"mime\":\"image\\\/jpeg\",\"ewww_image_optimizer\":\"Reduced by 5.3% (6.4&nbsp;kB) - Previously Optimized\"},\"0\":false,\"ewww_image_optimizer\":\"Reduced by 11.8% (27.7&nbsp;kB)\",\"views\":\"0\",\"likes\":\"0\"},\"title\":\"080 Barcelona Spring-Summer 2017\",\"description\":\"<p>080 Barcelona Spring-Summer 2017<\\\/p>\",\"link\":null,\"link_target\":\"\",\"download\":\"https:\\\/\\\/bobvarela.com\\\/wp-content\\\/flagallery\\\/krizia-robustella-en-el-080-barcelona-fashion-primaveraverano-2017\\\/krizia_robustella_052.jpg\",\"ratio\":0.66666666666666662965923251249478198587894439697265625},{\"id\":\"24070\",\"image\":\"https:\\\/\\\/bobvarela.com\\\/wp-content\\\/flagallery\\\/krizia-robustella-en-el-080-barcelona-fashion-primaveraverano-2017\\\/webview\\\/krizia_robustella_053.jpg\",\"thumb\":\"https:\\\/\\\/bobvarela.com\\\/wp-content\\\/flagallery\\\/krizia-robustella-en-el-080-barcelona-fashion-primaveraverano-2017\\\/thumbs\\\/thumbs_krizia_robustella_053.jpg\",\"file\":\"krizia_robustella_053.jpg\",\"meta\":{\"aperture\":false,\"credit\":false,\"camera\":false,\"caption\":\"080 Barcelona Spring-Summer 2017\",\"created_timestamp\":\"June 27, 2016 1:06 pm\",\"copyright\":\"\\u00c2\\u00a9 2016 Estrop-Barcelona PHOTOGRAPH FOR FASHION EDITORIAL USE ONLY\",\"focal_length\":false,\"iso\":false,\"shutter_speed\":false,\"flash\":false,\"title\":\"080 Barcelona Spring-Summer 2017\",\"keywords\":\"080 Barcelona,Estrop-Barcelona,INEF,Spring-Summer 2017\",\"width\":1333,\"height\":2000,\"saved\":true,\"thumbnail\":{\"width\":220,\"height\":220,\"ewww_image_optimizer\":\"Reduced by 12.6% (4.2&nbsp;kB)\"},\"webview\":{\"0\":800,\"1\":1200,\"2\":2,\"3\":\"width=\\\"800\\\" height=\\\"1200\\\"\",\"bits\":8,\"channels\":3,\"mime\":\"image\\\/jpeg\",\"ewww_image_optimizer\":\"Reduced by 5.5% (6.4&nbsp;kB) - Previously Optimized\"},\"0\":false,\"ewww_image_optimizer\":\"Reduced by 12.6% (29.1&nbsp;kB)\",\"views\":\"1\",\"likes\":\"0\"},\"title\":\"080 Barcelona Spring-Summer 2017\",\"description\":\"<p>080 Barcelona Spring-Summer 2017<\\\/p>\",\"link\":null,\"link_target\":\"\",\"download\":\"https:\\\/\\\/bobvarela.com\\\/wp-content\\\/flagallery\\\/krizia-robustella-en-el-080-barcelona-fashion-primaveraverano-2017\\\/krizia_robustella_053.jpg\",\"ratio\":0.66666666666666662965923251249478198587894439697265625},{\"id\":\"24071\",\"image\":\"https:\\\/\\\/bobvarela.com\\\/wp-content\\\/flagallery\\\/krizia-robustella-en-el-080-barcelona-fashion-primaveraverano-2017\\\/webview\\\/krizia_robustella_054.jpg\",\"thumb\":\"https:\\\/\\\/bobvarela.com\\\/wp-content\\\/flagallery\\\/krizia-robustella-en-el-080-barcelona-fashion-primaveraverano-2017\\\/thumbs\\\/thumbs_krizia_robustella_054.jpg\",\"file\":\"krizia_robustella_054.jpg\",\"meta\":{\"aperture\":false,\"credit\":false,\"camera\":false,\"caption\":\"080 Barcelona Spring-Summer 2017\",\"created_timestamp\":\"June 27, 2016 1:06 pm\",\"copyright\":\"\\u00c2\\u00a9 2016 Estrop-Barcelona PHOTOGRAPH FOR FASHION EDITORIAL USE ONLY\",\"focal_length\":false,\"iso\":false,\"shutter_speed\":false,\"flash\":false,\"title\":\"080 Barcelona Spring-Summer 2017\",\"keywords\":\"080 Barcelona,Estrop-Barcelona,INEF,Spring-Summer 2017\",\"width\":1333,\"height\":2000,\"saved\":true,\"thumbnail\":{\"width\":220,\"height\":220,\"ewww_image_optimizer\":\"Reduced by 17.1% (9.0&nbsp;kB)\"},\"webview\":{\"0\":800,\"1\":1200,\"2\":2,\"3\":\"width=\\\"800\\\" height=\\\"1200\\\"\",\"bits\":8,\"channels\":3,\"mime\":\"image\\\/jpeg\",\"ewww_image_optimizer\":\"Reduced by 8.4% (13.5&nbsp;kB) - Previously Optimized\"},\"0\":false,\"ewww_image_optimizer\":\"Reduced by 9.1% (27.2&nbsp;kB)\",\"views\":\"0\",\"likes\":\"0\"},\"title\":\"080 Barcelona Spring-Summer 2017\",\"description\":\"<p>080 Barcelona Spring-Summer 2017<\\\/p>\",\"link\":null,\"link_target\":\"\",\"download\":\"https:\\\/\\\/bobvarela.com\\\/wp-content\\\/flagallery\\\/krizia-robustella-en-el-080-barcelona-fashion-primaveraverano-2017\\\/krizia_robustella_054.jpg\",\"ratio\":0.66666666666666662965923251249478198587894439697265625},{\"id\":\"24072\",\"image\":\"https:\\\/\\\/bobvarela.com\\\/wp-content\\\/flagallery\\\/krizia-robustella-en-el-080-barcelona-fashion-primaveraverano-2017\\\/webview\\\/krizia_robustella_055.jpg\",\"thumb\":\"https:\\\/\\\/bobvarela.com\\\/wp-content\\\/flagallery\\\/krizia-robustella-en-el-080-barcelona-fashion-primaveraverano-2017\\\/thumbs\\\/thumbs_krizia_robustella_055.jpg\",\"file\":\"krizia_robustella_055.jpg\",\"meta\":{\"aperture\":false,\"credit\":false,\"camera\":false,\"caption\":\"080 Barcelona Spring-Summer 2017\",\"created_timestamp\":\"June 27, 2016 1:06 pm\",\"copyright\":\"\\u00c2\\u00a9 2016 Estrop-Barcelona PHOTOGRAPH FOR FASHION EDITORIAL USE ONLY\",\"focal_length\":false,\"iso\":false,\"shutter_speed\":false,\"flash\":false,\"title\":\"080 Barcelona Spring-Summer 2017\",\"keywords\":\"080 Barcelona,Estrop-Barcelona,INEF,Spring-Summer 2017\",\"width\":1333,\"height\":2000,\"saved\":true,\"thumbnail\":{\"width\":220,\"height\":220,\"ewww_image_optimizer\":\"Reduced by 10.8% (3.6&nbsp;kB)\"},\"webview\":{\"0\":800,\"1\":1200,\"2\":2,\"3\":\"width=\\\"800\\\" height=\\\"1200\\\"\",\"bits\":8,\"channels\":3,\"mime\":\"image\\\/jpeg\",\"ewww_image_optimizer\":\"Reduced by 5.5% (6.1&nbsp;kB) - Previously Optimized\"},\"0\":false,\"ewww_image_optimizer\":\"Reduced by 13.9% (31.1&nbsp;kB)\",\"views\":\"0\",\"likes\":\"0\"},\"title\":\"080 Barcelona Spring-Summer 2017\",\"description\":\"<p>080 Barcelona Spring-Summer 2017<\\\/p>\",\"link\":null,\"link_target\":\"\",\"download\":\"https:\\\/\\\/bobvarela.com\\\/wp-content\\\/flagallery\\\/krizia-robustella-en-el-080-barcelona-fashion-primaveraverano-2017\\\/krizia_robustella_055.jpg\",\"ratio\":0.66666666666666662965923251249478198587894439697265625},{\"id\":\"24073\",\"image\":\"https:\\\/\\\/bobvarela.com\\\/wp-content\\\/flagallery\\\/krizia-robustella-en-el-080-barcelona-fashion-primaveraverano-2017\\\/webview\\\/krizia_robustella_056.jpg\",\"thumb\":\"https:\\\/\\\/bobvarela.com\\\/wp-content\\\/flagallery\\\/krizia-robustella-en-el-080-barcelona-fashion-primaveraverano-2017\\\/thumbs\\\/thumbs_krizia_robustella_056.jpg\",\"file\":\"krizia_robustella_056.jpg\",\"meta\":{\"aperture\":false,\"credit\":false,\"camera\":false,\"caption\":\"080 Barcelona Spring-Summer 2017\",\"created_timestamp\":\"June 27, 2016 1:06 pm\",\"copyright\":\"\\u00c2\\u00a9 2016 Estrop-Barcelona PHOTOGRAPH FOR FASHION EDITORIAL USE ONLY\",\"focal_length\":false,\"iso\":false,\"shutter_speed\":false,\"flash\":false,\"title\":\"080 Barcelona Spring-Summer 2017\",\"keywords\":\"080 Barcelona,Estrop-Barcelona,INEF,Spring-Summer 2017\",\"width\":1333,\"height\":2000,\"saved\":true,\"thumbnail\":{\"width\":220,\"height\":220,\"ewww_image_optimizer\":\"Reduced by 12.6% (4.8&nbsp;kB)\"},\"webview\":{\"0\":800,\"1\":1200,\"2\":2,\"3\":\"width=\\\"800\\\" height=\\\"1200\\\"\",\"bits\":8,\"channels\":3,\"mime\":\"image\\\/jpeg\",\"ewww_image_optimizer\":\"Reduced by 4.8% (7.2&nbsp;kB) - Previously Optimized\"},\"0\":false,\"ewww_image_optimizer\":\"Reduced by 8.2% (20.1&nbsp;kB)\",\"views\":\"1\",\"likes\":\"0\"},\"title\":\"080 Barcelona Spring-Summer 2017\",\"description\":\"<p>080 Barcelona Spring-Summer 2017<\\\/p>\",\"link\":null,\"link_target\":\"\",\"download\":\"https:\\\/\\\/bobvarela.com\\\/wp-content\\\/flagallery\\\/krizia-robustella-en-el-080-barcelona-fashion-primaveraverano-2017\\\/krizia_robustella_056.jpg\",\"ratio\":0.66666666666666662965923251249478198587894439697265625},{\"id\":\"24074\",\"image\":\"https:\\\/\\\/bobvarela.com\\\/wp-content\\\/flagallery\\\/krizia-robustella-en-el-080-barcelona-fashion-primaveraverano-2017\\\/webview\\\/krizia_robustella_057.jpg\",\"thumb\":\"https:\\\/\\\/bobvarela.com\\\/wp-content\\\/flagallery\\\/krizia-robustella-en-el-080-barcelona-fashion-primaveraverano-2017\\\/thumbs\\\/thumbs_krizia_robustella_057.jpg\",\"file\":\"krizia_robustella_057.jpg\",\"meta\":{\"aperture\":false,\"credit\":false,\"camera\":false,\"caption\":\"080 Barcelona Spring-Summer 2017\",\"created_timestamp\":\"June 27, 2016 1:06 pm\",\"copyright\":\"\\u00c2\\u00a9 2016 Estrop-Barcelona PHOTOGRAPH FOR FASHION EDITORIAL USE ONLY\",\"focal_length\":false,\"iso\":false,\"shutter_speed\":false,\"flash\":false,\"title\":\"080 Barcelona Spring-Summer 2017\",\"keywords\":\"080 Barcelona,Estrop-Barcelona,INEF,Spring-Summer 2017\",\"width\":1333,\"height\":2000,\"saved\":true,\"thumbnail\":{\"width\":220,\"height\":220,\"ewww_image_optimizer\":\"Reduced by 15.0% (7.3&nbsp;kB)\"},\"webview\":{\"0\":800,\"1\":1200,\"2\":2,\"3\":\"width=\\\"800\\\" height=\\\"1200\\\"\",\"bits\":8,\"channels\":3,\"mime\":\"image\\\/jpeg\",\"ewww_image_optimizer\":\"Reduced by 5.5% (11.6&nbsp;kB) - Previously Optimized\"},\"0\":false,\"ewww_image_optimizer\":\"Reduced by 7.8% (19.2&nbsp;kB)\",\"views\":\"2\",\"likes\":\"0\"},\"title\":\"080 Barcelona Spring-Summer 2017\",\"description\":\"<p>080 Barcelona Spring-Summer 2017<\\\/p>\",\"link\":null,\"link_target\":\"\",\"download\":\"https:\\\/\\\/bobvarela.com\\\/wp-content\\\/flagallery\\\/krizia-robustella-en-el-080-barcelona-fashion-primaveraverano-2017\\\/krizia_robustella_057.jpg\",\"ratio\":0.66666666666666662965923251249478198587894439697265625},{\"id\":\"24075\",\"image\":\"https:\\\/\\\/bobvarela.com\\\/wp-content\\\/flagallery\\\/krizia-robustella-en-el-080-barcelona-fashion-primaveraverano-2017\\\/webview\\\/krizia_robustella_058.jpg\",\"thumb\":\"https:\\\/\\\/bobvarela.com\\\/wp-content\\\/flagallery\\\/krizia-robustella-en-el-080-barcelona-fashion-primaveraverano-2017\\\/thumbs\\\/thumbs_krizia_robustella_058.jpg\",\"file\":\"krizia_robustella_058.jpg\",\"meta\":{\"aperture\":false,\"credit\":false,\"camera\":false,\"caption\":\"080 Barcelona Spring-Summer 2017\",\"created_timestamp\":\"June 27, 2016 1:06 pm\",\"copyright\":\"\\u00c2\\u00a9 2016 Estrop-Barcelona PHOTOGRAPH FOR FASHION EDITORIAL USE ONLY\",\"focal_length\":false,\"iso\":false,\"shutter_speed\":false,\"flash\":false,\"title\":\"080 Barcelona Spring-Summer 2017\",\"keywords\":\"080 Barcelona,Estrop-Barcelona,INEF,Spring-Summer 2017\",\"width\":1333,\"height\":2000,\"saved\":true,\"thumbnail\":{\"width\":220,\"height\":220,\"ewww_image_optimizer\":\"Reduced by 20.3% (15.1&nbsp;kB)\"},\"webview\":{\"0\":1333,\"1\":2000,\"2\":2,\"3\":\"width=\\\"1333\\\" height=\\\"2000\\\"\",\"bits\":8,\"channels\":3,\"mime\":\"image\\\/jpeg\",\"ewww_image_optimizer\":\"Reduced by 28.8% (105.1&nbsp;kB)\"},\"0\":false,\"ewww_image_optimizer\":\"Reduced by 10.6% (30.8&nbsp;kB)\",\"views\":\"1\",\"likes\":\"0\"},\"title\":\"080 Barcelona Spring-Summer 2017\",\"description\":\"<p>080 Barcelona Spring-Summer 2017<\\\/p>\",\"link\":null,\"link_target\":\"\",\"download\":\"https:\\\/\\\/bobvarela.com\\\/wp-content\\\/flagallery\\\/krizia-robustella-en-el-080-barcelona-fashion-primaveraverano-2017\\\/krizia_robustella_058.jpg\",\"ratio\":0.66649999999999998134825318629737012088298797607421875},{\"id\":\"24076\",\"image\":\"https:\\\/\\\/bobvarela.com\\\/wp-content\\\/flagallery\\\/krizia-robustella-en-el-080-barcelona-fashion-primaveraverano-2017\\\/webview\\\/krizia_robustella_059.jpg\",\"thumb\":\"https:\\\/\\\/bobvarela.com\\\/wp-content\\\/flagallery\\\/krizia-robustella-en-el-080-barcelona-fashion-primaveraverano-2017\\\/thumbs\\\/thumbs_krizia_robustella_059.jpg\",\"file\":\"krizia_robustella_059.jpg\",\"meta\":{\"aperture\":false,\"credit\":false,\"camera\":false,\"caption\":\"080 Barcelona Spring-Summer 2017\",\"created_timestamp\":\"June 27, 2016 1:06 pm\",\"copyright\":\"\\u00c2\\u00a9 2016 Estrop-Barcelona PHOTOGRAPH FOR FASHION EDITORIAL USE ONLY\",\"focal_length\":false,\"iso\":false,\"shutter_speed\":false,\"flash\":false,\"title\":\"080 Barcelona Spring-Summer 2017\",\"keywords\":\"080 Barcelona,Estrop-Barcelona,INEF,Spring-Summer 2017\",\"width\":1333,\"height\":2000,\"saved\":true,\"thumbnail\":{\"width\":220,\"height\":220,\"ewww_image_optimizer\":\"Reduced by 9.6% (3.3&nbsp;kB)\"},\"webview\":{\"0\":800,\"1\":1200,\"2\":2,\"3\":\"width=\\\"800\\\" height=\\\"1200\\\"\",\"bits\":8,\"channels\":3,\"mime\":\"image\\\/jpeg\",\"ewww_image_optimizer\":\"Reduced by 4.5% (5.8&nbsp;kB) - Previously Optimized\"},\"0\":false,\"ewww_image_optimizer\":\"Reduced by 8.3% (22.3&nbsp;kB)\",\"views\":\"0\",\"likes\":\"0\"},\"title\":\"080 Barcelona Spring-Summer 2017\",\"description\":\"<p>080 Barcelona Spring-Summer 2017<\\\/p>\",\"link\":null,\"link_target\":\"\",\"download\":\"https:\\\/\\\/bobvarela.com\\\/wp-content\\\/flagallery\\\/krizia-robustella-en-el-080-barcelona-fashion-primaveraverano-2017\\\/krizia_robustella_059.jpg\",\"ratio\":0.66666666666666662965923251249478198587894439697265625},{\"id\":\"24077\",\"image\":\"https:\\\/\\\/bobvarela.com\\\/wp-content\\\/flagallery\\\/krizia-robustella-en-el-080-barcelona-fashion-primaveraverano-2017\\\/webview\\\/krizia_robustella_060.jpg\",\"thumb\":\"https:\\\/\\\/bobvarela.com\\\/wp-content\\\/flagallery\\\/krizia-robustella-en-el-080-barcelona-fashion-primaveraverano-2017\\\/thumbs\\\/thumbs_krizia_robustella_060.jpg\",\"file\":\"krizia_robustella_060.jpg\",\"meta\":{\"aperture\":false,\"credit\":false,\"camera\":false,\"caption\":\"080 Barcelona Spring-Summer 2017\",\"created_timestamp\":\"June 27, 2016 1:06 pm\",\"copyright\":\"\\u00c2\\u00a9 2016 Estrop-Barcelona PHOTOGRAPH FOR FASHION EDITORIAL USE ONLY\",\"focal_length\":false,\"iso\":false,\"shutter_speed\":false,\"flash\":false,\"title\":\"080 Barcelona Spring-Summer 2017\",\"keywords\":\"080 Barcelona,Estrop-Barcelona,INEF,Spring-Summer 2017\",\"width\":1333,\"height\":2000,\"saved\":true,\"thumbnail\":{\"width\":220,\"height\":220,\"ewww_image_optimizer\":\"Reduced by 13.2% (5.0&nbsp;kB)\"},\"webview\":{\"0\":800,\"1\":1200,\"2\":2,\"3\":\"width=\\\"800\\\" height=\\\"1200\\\"\",\"bits\":8,\"channels\":3,\"mime\":\"image\\\/jpeg\",\"ewww_image_optimizer\":\"Reduced by 5.1% (6.5&nbsp;kB) - Previously Optimized\"},\"0\":false,\"ewww_image_optimizer\":\"Reduced by 7.0% (17.2&nbsp;kB)\",\"views\":\"2\",\"likes\":\"0\"},\"title\":\"080 Barcelona Spring-Summer 2017\",\"description\":\"<p>080 Barcelona Spring-Summer 2017<\\\/p>\",\"link\":null,\"link_target\":\"\",\"download\":\"https:\\\/\\\/bobvarela.com\\\/wp-content\\\/flagallery\\\/krizia-robustella-en-el-080-barcelona-fashion-primaveraverano-2017\\\/krizia_robustella_060.jpg\",\"ratio\":0.66666666666666662965923251249478198587894439697265625},{\"id\":\"24078\",\"image\":\"https:\\\/\\\/bobvarela.com\\\/wp-content\\\/flagallery\\\/krizia-robustella-en-el-080-barcelona-fashion-primaveraverano-2017\\\/webview\\\/krizia_robustella_061.jpg\",\"thumb\":\"https:\\\/\\\/bobvarela.com\\\/wp-content\\\/flagallery\\\/krizia-robustella-en-el-080-barcelona-fashion-primaveraverano-2017\\\/thumbs\\\/thumbs_krizia_robustella_061.jpg\",\"file\":\"krizia_robustella_061.jpg\",\"meta\":{\"aperture\":false,\"credit\":false,\"camera\":false,\"caption\":\"080 Barcelona Spring-Summer 2017\",\"created_timestamp\":\"June 27, 2016 1:06 pm\",\"copyright\":\"\\u00c2\\u00a9 2016 Estrop-Barcelona PHOTOGRAPH FOR FASHION EDITORIAL USE ONLY\",\"focal_length\":false,\"iso\":false,\"shutter_speed\":false,\"flash\":false,\"title\":\"080 Barcelona Spring-Summer 2017\",\"keywords\":\"080 Barcelona,Estrop-Barcelona,INEF,Spring-Summer 2017\",\"width\":1333,\"height\":2000,\"saved\":true,\"thumbnail\":{\"width\":220,\"height\":220,\"ewww_image_optimizer\":\"Reduced by 16.0% (8.2&nbsp;kB)\"},\"webview\":{\"0\":800,\"1\":1200,\"2\":2,\"3\":\"width=\\\"800\\\" height=\\\"1200\\\"\",\"bits\":8,\"channels\":3,\"mime\":\"image\\\/jpeg\",\"ewww_image_optimizer\":\"Reduced by 5.5% (8.9&nbsp;kB) - Previously Optimized\"},\"0\":false,\"ewww_image_optimizer\":\"Reduced by 5.2% (15.1&nbsp;kB)\",\"views\":\"1\",\"likes\":\"0\"},\"title\":\"080 Barcelona Spring-Summer 2017\",\"description\":\"<p>080 Barcelona Spring-Summer 2017<\\\/p>\",\"link\":null,\"link_target\":\"\",\"download\":\"https:\\\/\\\/bobvarela.com\\\/wp-content\\\/flagallery\\\/krizia-robustella-en-el-080-barcelona-fashion-primaveraverano-2017\\\/krizia_robustella_061.jpg\",\"ratio\":0.66666666666666662965923251249478198587894439697265625},{\"id\":\"24079\",\"image\":\"https:\\\/\\\/bobvarela.com\\\/wp-content\\\/flagallery\\\/krizia-robustella-en-el-080-barcelona-fashion-primaveraverano-2017\\\/webview\\\/krizia_robustella_062.jpg\",\"thumb\":\"https:\\\/\\\/bobvarela.com\\\/wp-content\\\/flagallery\\\/krizia-robustella-en-el-080-barcelona-fashion-primaveraverano-2017\\\/thumbs\\\/thumbs_krizia_robustella_062.jpg\",\"file\":\"krizia_robustella_062.jpg\",\"meta\":{\"aperture\":false,\"credit\":false,\"camera\":false,\"caption\":\"080 Barcelona Spring-Summer 2017\",\"created_timestamp\":\"June 27, 2016 1:06 pm\",\"copyright\":\"\\u00c2\\u00a9 2016 Estrop-Barcelona PHOTOGRAPH FOR FASHION EDITORIAL USE ONLY\",\"focal_length\":false,\"iso\":false,\"shutter_speed\":false,\"flash\":false,\"title\":\"080 Barcelona Spring-Summer 2017\",\"keywords\":\"080 Barcelona,Estrop-Barcelona,INEF,Spring-Summer 2017\",\"width\":1333,\"height\":2000,\"saved\":true,\"thumbnail\":{\"width\":220,\"height\":220,\"ewww_image_optimizer\":\"Reduced by 13.6% (6.7&nbsp;kB)\"},\"webview\":{\"0\":800,\"1\":1200,\"2\":2,\"3\":\"width=\\\"800\\\" height=\\\"1200\\\"\",\"bits\":8,\"channels\":3,\"mime\":\"image\\\/jpeg\",\"ewww_image_optimizer\":\"Reduced by 5.2% (9.0&nbsp;kB) - Previously Optimized\"},\"0\":false,\"ewww_image_optimizer\":\"Reduced by 4.9% (11.6&nbsp;kB)\",\"views\":\"2\",\"likes\":\"0\"},\"title\":\"080 Barcelona Spring-Summer 2017\",\"description\":\"<p>080 Barcelona Spring-Summer 2017<\\\/p>\",\"link\":null,\"link_target\":\"\",\"download\":\"https:\\\/\\\/bobvarela.com\\\/wp-content\\\/flagallery\\\/krizia-robustella-en-el-080-barcelona-fashion-primaveraverano-2017\\\/krizia_robustella_062.jpg\",\"ratio\":0.66666666666666662965923251249478198587894439697265625}]}; var container = $('#FlaGallery_sc1_335'); container.photomania(settings, content); window.FlaGallery_sc1_335 = container.data('photomania'); }); <\/script><\/div><noscript id=\"noscript_FlaGallery_sc1_335\"><img class=\"skip-lazy no-lazyload noLazy\" data-lazy-src=\"\" src =\"https:\/\/bobvarela.com\/wp-content\/flagallery\/krizia-robustella-en-el-080-barcelona-fashion-primaveraverano-2017\/krizia_robustella_002.jpg\" alt=\"080 Barcelona Spring-Summer 2017\" \/><img class=\"skip-lazy no-lazyload noLazy\" data-lazy-src=\"\" src =\"https:\/\/bobvarela.com\/wp-content\/flagallery\/krizia-robustella-en-el-080-barcelona-fashion-primaveraverano-2017\/krizia_robustella_003.jpg\" alt=\"080 Barcelona Spring-Summer 2017\" \/><img class=\"skip-lazy no-lazyload noLazy\" data-lazy-src=\"\" src =\"https:\/\/bobvarela.com\/wp-content\/flagallery\/krizia-robustella-en-el-080-barcelona-fashion-primaveraverano-2017\/krizia_robustella_004.jpg\" alt=\"080 Barcelona Spring-Summer 2017\" \/><img class=\"skip-lazy no-lazyload noLazy\" data-lazy-src=\"\" src =\"https:\/\/bobvarela.com\/wp-content\/flagallery\/krizia-robustella-en-el-080-barcelona-fashion-primaveraverano-2017\/krizia_robustella_005.jpg\" alt=\"080 Barcelona Spring-Summer 2017\" \/><img class=\"skip-lazy no-lazyload noLazy\" data-lazy-src=\"\" src =\"https:\/\/bobvarela.com\/wp-content\/flagallery\/krizia-robustella-en-el-080-barcelona-fashion-primaveraverano-2017\/krizia_robustella_006.jpg\" alt=\"080 Barcelona Spring-Summer 2017\" \/><img class=\"skip-lazy no-lazyload noLazy\" data-lazy-src=\"\" src =\"https:\/\/bobvarela.com\/wp-content\/flagallery\/krizia-robustella-en-el-080-barcelona-fashion-primaveraverano-2017\/krizia_robustella_007.jpg\" alt=\"080 Barcelona Spring-Summer 2017\" \/><img class=\"skip-lazy no-lazyload noLazy\" data-lazy-src=\"\" src =\"https:\/\/bobvarela.com\/wp-content\/flagallery\/krizia-robustella-en-el-080-barcelona-fashion-primaveraverano-2017\/krizia_robustella_008.jpg\" alt=\"080 Barcelona Spring-Summer 2017\" \/><img class=\"skip-lazy no-lazyload noLazy\" data-lazy-src=\"\" src =\"https:\/\/bobvarela.com\/wp-content\/flagallery\/krizia-robustella-en-el-080-barcelona-fashion-primaveraverano-2017\/krizia_robustella_009.jpg\" alt=\"080 Barcelona Spring-Summer 2017\" \/><img class=\"skip-lazy no-lazyload noLazy\" data-lazy-src=\"\" src =\"https:\/\/bobvarela.com\/wp-content\/flagallery\/krizia-robustella-en-el-080-barcelona-fashion-primaveraverano-2017\/krizia_robustella_010.jpg\" alt=\"080 Barcelona Spring-Summer 2017\" \/><img class=\"skip-lazy no-lazyload noLazy\" data-lazy-src=\"\" src =\"https:\/\/bobvarela.com\/wp-content\/flagallery\/krizia-robustella-en-el-080-barcelona-fashion-primaveraverano-2017\/krizia_robustella_011.jpg\" alt=\"080 Barcelona Spring-Summer 2017\" \/><img class=\"skip-lazy no-lazyload noLazy\" data-lazy-src=\"\" src =\"https:\/\/bobvarela.com\/wp-content\/flagallery\/krizia-robustella-en-el-080-barcelona-fashion-primaveraverano-2017\/krizia_robustella_012.jpg\" alt=\"080 Barcelona Spring-Summer 2017\" \/><img class=\"skip-lazy no-lazyload noLazy\" data-lazy-src=\"\" src =\"https:\/\/bobvarela.com\/wp-content\/flagallery\/krizia-robustella-en-el-080-barcelona-fashion-primaveraverano-2017\/krizia_robustella_013.jpg\" alt=\"080 Barcelona Spring-Summer 2017\" \/><img class=\"skip-lazy no-lazyload noLazy\" data-lazy-src=\"\" src =\"https:\/\/bobvarela.com\/wp-content\/flagallery\/krizia-robustella-en-el-080-barcelona-fashion-primaveraverano-2017\/krizia_robustella_015.jpg\" alt=\"080 Barcelona Spring-Summer 2017\" \/><img class=\"skip-lazy no-lazyload noLazy\" data-lazy-src=\"\" src =\"https:\/\/bobvarela.com\/wp-content\/flagallery\/krizia-robustella-en-el-080-barcelona-fashion-primaveraverano-2017\/krizia_robustella_016.jpg\" alt=\"080 Barcelona Spring-Summer 2017\" \/><img class=\"skip-lazy no-lazyload noLazy\" data-lazy-src=\"\" src =\"https:\/\/bobvarela.com\/wp-content\/flagallery\/krizia-robustella-en-el-080-barcelona-fashion-primaveraverano-2017\/krizia_robustella_017.jpg\" alt=\"080 Barcelona Spring-Summer 2017\" \/><img class=\"skip-lazy no-lazyload noLazy\" data-lazy-src=\"\" src =\"https:\/\/bobvarela.com\/wp-content\/flagallery\/krizia-robustella-en-el-080-barcelona-fashion-primaveraverano-2017\/krizia_robustella_018.jpg\" alt=\"080 Barcelona Spring-Summer 2017\" \/><img class=\"skip-lazy no-lazyload noLazy\" data-lazy-src=\"\" src =\"https:\/\/bobvarela.com\/wp-content\/flagallery\/krizia-robustella-en-el-080-barcelona-fashion-primaveraverano-2017\/krizia_robustella_019.jpg\" alt=\"080 Barcelona Spring-Summer 2017\" \/><img class=\"skip-lazy no-lazyload noLazy\" data-lazy-src=\"\" src =\"https:\/\/bobvarela.com\/wp-content\/flagallery\/krizia-robustella-en-el-080-barcelona-fashion-primaveraverano-2017\/krizia_robustella_020.jpg\" alt=\"080 Barcelona Spring-Summer 2017\" \/><img class=\"skip-lazy no-lazyload noLazy\" data-lazy-src=\"\" src =\"https:\/\/bobvarela.com\/wp-content\/flagallery\/krizia-robustella-en-el-080-barcelona-fashion-primaveraverano-2017\/krizia_robustella_021.jpg\" alt=\"080 Barcelona Spring-Summer 2017\" \/><img class=\"skip-lazy no-lazyload noLazy\" data-lazy-src=\"\" src =\"https:\/\/bobvarela.com\/wp-content\/flagallery\/krizia-robustella-en-el-080-barcelona-fashion-primaveraverano-2017\/krizia_robustella_022.jpg\" alt=\"080 Barcelona Spring-Summer 2017\" \/><img class=\"skip-lazy no-lazyload noLazy\" data-lazy-src=\"\" src =\"https:\/\/bobvarela.com\/wp-content\/flagallery\/krizia-robustella-en-el-080-barcelona-fashion-primaveraverano-2017\/krizia_robustella_023.jpg\" alt=\"080 Barcelona Spring-Summer 2017\" \/><img class=\"skip-lazy no-lazyload noLazy\" data-lazy-src=\"\" src =\"https:\/\/bobvarela.com\/wp-content\/flagallery\/krizia-robustella-en-el-080-barcelona-fashion-primaveraverano-2017\/krizia_robustella_024.jpg\" alt=\"080 Barcelona Spring-Summer 2017\" \/><img class=\"skip-lazy no-lazyload noLazy\" data-lazy-src=\"\" src =\"https:\/\/bobvarela.com\/wp-content\/flagallery\/krizia-robustella-en-el-080-barcelona-fashion-primaveraverano-2017\/krizia_robustella_025.jpg\" alt=\"080 Barcelona Spring-Summer 2017\" \/><img class=\"skip-lazy no-lazyload noLazy\" data-lazy-src=\"\" src =\"https:\/\/bobvarela.com\/wp-content\/flagallery\/krizia-robustella-en-el-080-barcelona-fashion-primaveraverano-2017\/krizia_robustella_026.jpg\" alt=\"080 Barcelona Spring-Summer 2017\" \/><img class=\"skip-lazy no-lazyload noLazy\" data-lazy-src=\"\" src =\"https:\/\/bobvarela.com\/wp-content\/flagallery\/krizia-robustella-en-el-080-barcelona-fashion-primaveraverano-2017\/krizia_robustella_027.jpg\" alt=\"080 Barcelona Spring-Summer 2017\" \/><img class=\"skip-lazy no-lazyload noLazy\" data-lazy-src=\"\" src =\"https:\/\/bobvarela.com\/wp-content\/flagallery\/krizia-robustella-en-el-080-barcelona-fashion-primaveraverano-2017\/krizia_robustella_028.jpg\" alt=\"080 Barcelona Spring-Summer 2017\" \/><img class=\"skip-lazy no-lazyload noLazy\" data-lazy-src=\"\" src =\"https:\/\/bobvarela.com\/wp-content\/flagallery\/krizia-robustella-en-el-080-barcelona-fashion-primaveraverano-2017\/krizia_robustella_029.jpg\" alt=\"080 Barcelona Spring-Summer 2017\" \/><img class=\"skip-lazy no-lazyload noLazy\" data-lazy-src=\"\" src =\"https:\/\/bobvarela.com\/wp-content\/flagallery\/krizia-robustella-en-el-080-barcelona-fashion-primaveraverano-2017\/krizia_robustella_030.jpg\" alt=\"080 Barcelona Spring-Summer 2017\" \/><img class=\"skip-lazy no-lazyload noLazy\" data-lazy-src=\"\" src =\"https:\/\/bobvarela.com\/wp-content\/flagallery\/krizia-robustella-en-el-080-barcelona-fashion-primaveraverano-2017\/krizia_robustella_031.jpg\" alt=\"080 Barcelona Spring-Summer 2017\" \/><img class=\"skip-lazy no-lazyload noLazy\" data-lazy-src=\"\" src =\"https:\/\/bobvarela.com\/wp-content\/flagallery\/krizia-robustella-en-el-080-barcelona-fashion-primaveraverano-2017\/krizia_robustella_032.jpg\" alt=\"080 Barcelona Spring-Summer 2017\" \/><img class=\"skip-lazy no-lazyload noLazy\" data-lazy-src=\"\" src =\"https:\/\/bobvarela.com\/wp-content\/flagallery\/krizia-robustella-en-el-080-barcelona-fashion-primaveraverano-2017\/krizia_robustella_033.jpg\" alt=\"080 Barcelona Spring-Summer 2017\" \/><img class=\"skip-lazy no-lazyload noLazy\" data-lazy-src=\"\" src =\"https:\/\/bobvarela.com\/wp-content\/flagallery\/krizia-robustella-en-el-080-barcelona-fashion-primaveraverano-2017\/krizia_robustella_034.jpg\" alt=\"080 Barcelona Spring-Summer 2017\" \/><img class=\"skip-lazy no-lazyload noLazy\" data-lazy-src=\"\" src =\"https:\/\/bobvarela.com\/wp-content\/flagallery\/krizia-robustella-en-el-080-barcelona-fashion-primaveraverano-2017\/krizia_robustella_035.jpg\" alt=\"080 Barcelona Spring-Summer 2017\" \/><img class=\"skip-lazy no-lazyload noLazy\" data-lazy-src=\"\" src =\"https:\/\/bobvarela.com\/wp-content\/flagallery\/krizia-robustella-en-el-080-barcelona-fashion-primaveraverano-2017\/krizia_robustella_036.jpg\" alt=\"080 Barcelona Spring-Summer 2017\" \/><img class=\"skip-lazy no-lazyload noLazy\" data-lazy-src=\"\" src =\"https:\/\/bobvarela.com\/wp-content\/flagallery\/krizia-robustella-en-el-080-barcelona-fashion-primaveraverano-2017\/krizia_robustella_037.jpg\" alt=\"080 Barcelona Spring-Summer 2017\" \/><img class=\"skip-lazy no-lazyload noLazy\" data-lazy-src=\"\" src =\"https:\/\/bobvarela.com\/wp-content\/flagallery\/krizia-robustella-en-el-080-barcelona-fashion-primaveraverano-2017\/krizia_robustella_038.jpg\" alt=\"080 Barcelona Spring-Summer 2017\" \/><img class=\"skip-lazy no-lazyload noLazy\" data-lazy-src=\"\" src =\"https:\/\/bobvarela.com\/wp-content\/flagallery\/krizia-robustella-en-el-080-barcelona-fashion-primaveraverano-2017\/krizia_robustella_039.jpg\" alt=\"080 Barcelona Spring-Summer 2017\" \/><img class=\"skip-lazy no-lazyload noLazy\" data-lazy-src=\"\" src =\"https:\/\/bobvarela.com\/wp-content\/flagallery\/krizia-robustella-en-el-080-barcelona-fashion-primaveraverano-2017\/krizia_robustella_040.jpg\" alt=\"080 Barcelona Spring-Summer 2017\" \/><img class=\"skip-lazy no-lazyload noLazy\" data-lazy-src=\"\" src =\"https:\/\/bobvarela.com\/wp-content\/flagallery\/krizia-robustella-en-el-080-barcelona-fashion-primaveraverano-2017\/krizia_robustella_041.jpg\" alt=\"080 Barcelona Spring-Summer 2017\" \/><img class=\"skip-lazy no-lazyload noLazy\" data-lazy-src=\"\" src =\"https:\/\/bobvarela.com\/wp-content\/flagallery\/krizia-robustella-en-el-080-barcelona-fashion-primaveraverano-2017\/krizia_robustella_042.jpg\" alt=\"080 Barcelona Spring-Summer 2017\" \/><img class=\"skip-lazy no-lazyload noLazy\" data-lazy-src=\"\" src =\"https:\/\/bobvarela.com\/wp-content\/flagallery\/krizia-robustella-en-el-080-barcelona-fashion-primaveraverano-2017\/krizia_robustella_043.jpg\" alt=\"080 Barcelona Spring-Summer 2017\" \/><img class=\"skip-lazy no-lazyload noLazy\" data-lazy-src=\"\" src =\"https:\/\/bobvarela.com\/wp-content\/flagallery\/krizia-robustella-en-el-080-barcelona-fashion-primaveraverano-2017\/krizia_robustella_044.jpg\" alt=\"080 Barcelona Spring-Summer 2017\" \/><img class=\"skip-lazy no-lazyload noLazy\" data-lazy-src=\"\" src =\"https:\/\/bobvarela.com\/wp-content\/flagallery\/krizia-robustella-en-el-080-barcelona-fashion-primaveraverano-2017\/krizia_robustella_045.jpg\" alt=\"080 Barcelona Spring-Summer 2017\" \/><img class=\"skip-lazy no-lazyload noLazy\" data-lazy-src=\"\" src =\"https:\/\/bobvarela.com\/wp-content\/flagallery\/krizia-robustella-en-el-080-barcelona-fashion-primaveraverano-2017\/krizia_robustella_046.jpg\" alt=\"080 Barcelona Spring-Summer 2017\" \/><img class=\"skip-lazy no-lazyload noLazy\" data-lazy-src=\"\" src =\"https:\/\/bobvarela.com\/wp-content\/flagallery\/krizia-robustella-en-el-080-barcelona-fashion-primaveraverano-2017\/krizia_robustella_047.jpg\" alt=\"080 Barcelona Spring-Summer 2017\" \/><img class=\"skip-lazy no-lazyload noLazy\" data-lazy-src=\"\" src =\"https:\/\/bobvarela.com\/wp-content\/flagallery\/krizia-robustella-en-el-080-barcelona-fashion-primaveraverano-2017\/krizia_robustella_048.jpg\" alt=\"080 Barcelona Spring-Summer 2017\" \/><img class=\"skip-lazy no-lazyload noLazy\" data-lazy-src=\"\" src =\"https:\/\/bobvarela.com\/wp-content\/flagallery\/krizia-robustella-en-el-080-barcelona-fashion-primaveraverano-2017\/krizia_robustella_049.jpg\" alt=\"\" \/><img class=\"skip-lazy no-lazyload noLazy\" data-lazy-src=\"\" src =\"https:\/\/bobvarela.com\/wp-content\/flagallery\/krizia-robustella-en-el-080-barcelona-fashion-primaveraverano-2017\/krizia_robustella_050.jpg\" alt=\"080 Barcelona Spring-Summer 2017\" \/><img class=\"skip-lazy no-lazyload noLazy\" data-lazy-src=\"\" src =\"https:\/\/bobvarela.com\/wp-content\/flagallery\/krizia-robustella-en-el-080-barcelona-fashion-primaveraverano-2017\/krizia_robustella_051.jpg\" alt=\"080 Barcelona Spring-Summer 2017\" \/><img class=\"skip-lazy no-lazyload noLazy\" data-lazy-src=\"\" src =\"https:\/\/bobvarela.com\/wp-content\/flagallery\/krizia-robustella-en-el-080-barcelona-fashion-primaveraverano-2017\/krizia_robustella_052.jpg\" alt=\"080 Barcelona Spring-Summer 2017\" \/><img class=\"skip-lazy no-lazyload noLazy\" data-lazy-src=\"\" src =\"https:\/\/bobvarela.com\/wp-content\/flagallery\/krizia-robustella-en-el-080-barcelona-fashion-primaveraverano-2017\/krizia_robustella_053.jpg\" alt=\"080 Barcelona Spring-Summer 2017\" \/><img class=\"skip-lazy no-lazyload noLazy\" data-lazy-src=\"\" src =\"https:\/\/bobvarela.com\/wp-content\/flagallery\/krizia-robustella-en-el-080-barcelona-fashion-primaveraverano-2017\/krizia_robustella_054.jpg\" alt=\"080 Barcelona Spring-Summer 2017\" \/><img class=\"skip-lazy no-lazyload noLazy\" data-lazy-src=\"\" src =\"https:\/\/bobvarela.com\/wp-content\/flagallery\/krizia-robustella-en-el-080-barcelona-fashion-primaveraverano-2017\/krizia_robustella_055.jpg\" alt=\"080 Barcelona Spring-Summer 2017\" \/><img class=\"skip-lazy no-lazyload noLazy\" data-lazy-src=\"\" src =\"https:\/\/bobvarela.com\/wp-content\/flagallery\/krizia-robustella-en-el-080-barcelona-fashion-primaveraverano-2017\/krizia_robustella_056.jpg\" alt=\"080 Barcelona Spring-Summer 2017\" \/><img class=\"skip-lazy no-lazyload noLazy\" data-lazy-src=\"\" src =\"https:\/\/bobvarela.com\/wp-content\/flagallery\/krizia-robustella-en-el-080-barcelona-fashion-primaveraverano-2017\/krizia_robustella_057.jpg\" alt=\"080 Barcelona Spring-Summer 2017\" \/><img class=\"skip-lazy no-lazyload noLazy\" data-lazy-src=\"\" src =\"https:\/\/bobvarela.com\/wp-content\/flagallery\/krizia-robustella-en-el-080-barcelona-fashion-primaveraverano-2017\/krizia_robustella_058.jpg\" alt=\"080 Barcelona Spring-Summer 2017\" \/><img class=\"skip-lazy no-lazyload noLazy\" data-lazy-src=\"\" src =\"https:\/\/bobvarela.com\/wp-content\/flagallery\/krizia-robustella-en-el-080-barcelona-fashion-primaveraverano-2017\/krizia_robustella_059.jpg\" alt=\"080 Barcelona Spring-Summer 2017\" \/><img class=\"skip-lazy no-lazyload noLazy\" data-lazy-src=\"\" src =\"https:\/\/bobvarela.com\/wp-content\/flagallery\/krizia-robustella-en-el-080-barcelona-fashion-primaveraverano-2017\/krizia_robustella_060.jpg\" alt=\"080 Barcelona Spring-Summer 2017\" \/><img class=\"skip-lazy no-lazyload noLazy\" data-lazy-src=\"\" src =\"https:\/\/bobvarela.com\/wp-content\/flagallery\/krizia-robustella-en-el-080-barcelona-fashion-primaveraverano-2017\/krizia_robustella_061.jpg\" alt=\"080 Barcelona Spring-Summer 2017\" \/><img class=\"skip-lazy no-lazyload noLazy\" data-lazy-src=\"\" src =\"https:\/\/bobvarela.com\/wp-content\/flagallery\/krizia-robustella-en-el-080-barcelona-fashion-primaveraverano-2017\/krizia_robustella_062.jpg\" alt=\"080 Barcelona Spring-Summer 2017\" \/><\/noscript><\/p>\n","protected":false},"excerpt":{"rendered":"<p>COLECCI\u00d3N &#8211; HAPPY ENDING En la mayor\u00eda de culturas la muerte suele verse como algo negativo, triste y doloroso. En otras en cambio, la muerte es s\u00f3lo el fin de una etapa y el principio de otra. Happy Ending es&hellip;<\/p>\n<p class=\"more-link-p\"><a class=\"more-link\" href=\"https:\/\/bobvarela.com\/?p=100421\">Read more &rarr;<\/a><\/p>\n","protected":false},"author":1,"featured_media":0,"comment_status":"open","ping_status":"open","sticky":false,"template":"","format":"standard","meta":{"ngg_post_thumbnail":0,"footnotes":""},"categories":[478,4],"tags":[],"class_list":["post-100421","post","type-post","status-publish","format-standard","hentry","category-080-barcelona","category-moda"],"_links":{"self":[{"href":"https:\/\/bobvarela.com\/index.php?rest_route=\/wp\/v2\/posts\/100421","targetHints":{"allow":["GET"]}}],"collection":[{"href":"https:\/\/bobvarela.com\/index.php?rest_route=\/wp\/v2\/posts"}],"about":[{"href":"https:\/\/bobvarela.com\/index.php?rest_route=\/wp\/v2\/types\/post"}],"author":[{"embeddable":true,"href":"https:\/\/bobvarela.com\/index.php?rest_route=\/wp\/v2\/users\/1"}],"replies":[{"embeddable":true,"href":"https:\/\/bobvarela.com\/index.php?rest_route=%2Fwp%2Fv2%2Fcomments&post=100421"}],"version-history":[{"count":1,"href":"https:\/\/bobvarela.com\/index.php?rest_route=\/wp\/v2\/posts\/100421\/revisions"}],"predecessor-version":[{"id":100422,"href":"https:\/\/bobvarela.com\/index.php?rest_route=\/wp\/v2\/posts\/100421\/revisions\/100422"}],"wp:attachment":[{"href":"https:\/\/bobvarela.com\/index.php?rest_route=%2Fwp%2Fv2%2Fmedia&parent=100421"}],"wp:term":[{"taxonomy":"category","embeddable":true,"href":"https:\/\/bobvarela.com\/index.php?rest_route=%2Fwp%2Fv2%2Fcategories&post=100421"},{"taxonomy":"post_tag","embeddable":true,"href":"https:\/\/bobvarela.com\/index.php?rest_route=%2Fwp%2Fv2%2Ftags&post=100421"}],"curies":[{"name":"wp","href":"https:\/\/api.w.org\/{rel}","templated":true}]}}