{"id":100577,"date":"2016-06-29T20:31:12","date_gmt":"2016-06-30T00:31:12","guid":{"rendered":"https:\/\/bobvarela.com\/?p=100577"},"modified":"2016-06-29T20:31:12","modified_gmt":"2016-06-30T00:31:12","slug":"miquel-suay-en-el-080-barcelona-fashion-primaveraverano-2017","status":"publish","type":"post","link":"https:\/\/bobvarela.com\/?p=100577","title":{"rendered":"Miquel Suay en el 080 BARCELONA FASHION Primavera\/Verano 2017"},"content":{"rendered":"<h6 align=\"justify\"><font size=\"3\">COLECCI\u00d3N- Miquel Suay Spring\/Summer 2017<\/font><\/h6>\n<p align=\"justify\"><font size=\"3\">Miquel Suay visualiza el fascinante entorno que nace a trav\u00e9s de la exploraci\u00f3n de las posibilida\u00addes constructivas y pl\u00e1sticas, de la obra de Zaha Hadid. Fuerza emocional que hace que arranque todo el proyecto creativo de la nueva colecci\u00f3n de pr\u00eat-\u00e0-porter masculino 2017. Zaha Hadid, artista de lo imposible, es considerada la arquitecta m\u00e1s audaz y vanguardista de la arquitectura moderna internacional. Su obra inspira un lenguaje de curvas exuberantes, un claro ejercicio de libertad expresiva, que crea formas sorprendentes. Es poes\u00eda en movimiento. Ayud\u00e1ndonos a dejar atr\u00e1s la l\u00f3gica, sirvi\u00e9ndonos de la intuici\u00f3n en b\u00fasqueda de una belleza sinuosa e infinita.<\/font><\/p>\n<p align=\"justify\"><font size=\"3\">Una colecci\u00f3n de dise\u00f1o vanguardista, funcional y pr\u00e1ctico, pero a la vez con una actitud que experimenta con texturas que, en definitiva, juegan con los sentidos. Para el hombre inconformista y vers\u00e1til, con un equilibrio perfecto entre innovaci\u00f3n y elegancia.<\/font><\/p>\n<div class=\"flagallery photomania_skin\" id=\"FlaGallery_sc1_336\" ><style type=\"text\/css\" class=\"flagallery_skin_style_import\">#FlaGallery_sc1_336 .flagpm_preload {opacity:0;}#FlaGallery_sc1_336 .swiper-big-images img.flagpm_the_photo { max-height:100%; max-width:100%; display:inline; width:auto; height:auto !important; object-fit:unset; vertical-align:middle; border:none; }#FlaGallery_sc1_336 .flagpm_focus .swiper-big-images img.flagpm_the_photo { width:auto; height:auto; object-fit:unset; }#FlaGallery_sc1_336 .swiper-small-images img.flagpm_photo { max-width:none; max-height:none; }#FlaGallery_sc1_336 .swiper-small-images img.flagpm_photo.flagpm_photo_landscape { width:auto; height:100% !important; }#FlaGallery_sc1_336 .swiper-small-images img.flagpm_photo.flagpm_photo_portrait { width:100%; height:auto !important; }#FlaGallery_sc1_336 .flagpm_gallery_sources_list p { margin:7px 0; padding:0; font-size:inherit; }#FlaGallery_sc1_336 .flagpm_photo_details .flagpm_description_wrap a,#FlaGallery_sc1_336 .flagpm_big_button_wrap .flagpm_button.flagpm_like.flagpm_liked,#FlaGallery_sc1_336 .flagpm_big_button_wrap .flagpm_button.flagpm_like.flagpm_liked:hover {color:#0099e5;}#FlaGallery_sc1_336 .flagpm_photo_show .flagpm_big_button {background-color:#0099e5;}#FlaGallery_sc1_336 .swiper-small-images div.flagpm_photo.swiper-slide-active {border-color:#02adea;}#FlaGallery_sc1_336 .flagpm_photo_header .flagpm_name_wrap .flagpm_title_author a:hover,#FlaGallery_sc1_336 .flagpm_photo_details .flagpm_description_wrap a:hover {color:#02adea;}#FlaGallery_sc1_336 .flagpm_photo_show .flagpm_big_button:hover,#FlaGallery_sc1_336 .flagpm_focus_actions ul .flagpm_button.like.flagpm_liked {background-color:#02adea;}<\/style> <div class=\"flagpm_photo_show flagpm_w960 flagpm_w640 flagpm_w480 flagpm_preload\"> <div class=\"flagpm_photo_wrap has_prev_photo has_next_photo\"> <div class=\"swiper-container swiper-big-images\"> <div class=\"flagpm_photo_arrow_next flagpm_photo_arrow flagpm_next\"> <div title=\"Next\" class=\"flagpm_arrow\"><\/div> <\/div> <div class=\"flagpm_photo_arrow_previous flagpm_photo_arrow flagpm_prev\"> <div title=\"Previous\" class=\"flagpm_arrow\"><\/div> <\/div> <div class=\"swiper-wrapper\"><div class=\"swiper-slide\" data-hash=\"flagallery24100\" data-photo-id=\"24100\"><span class=\"flagpm_va\"><\/span><img decoding=\"async\" src=\"https:\/\/bobvarela.com\/wp-content\/flagallery\/miquel-suay-en-el-080-barcelona-fashion-primaveraverano-2017\/webview\/miquel_suay_001.jpg\" data-src=\"https:\/\/bobvarela.com\/wp-content\/flagallery\/miquel-suay-en-el-080-barcelona-fashion-primaveraverano-2017\/webview\/miquel_suay_001.jpg\" alt=\"080 Barcelona Spring-Summer 2017\" class=\"noLazy flagpm_the_photo swiper-lazy\"><div class=\"swiper-lazy-preloader swiper-lazy-preloader-black\"><\/div><\/div><div class=\"swiper-slide\" data-hash=\"flagallery24101\" data-photo-id=\"24101\"><span class=\"flagpm_va\"><\/span><img data-src=\"https:\/\/bobvarela.com\/wp-content\/flagallery\/miquel-suay-en-el-080-barcelona-fashion-primaveraverano-2017\/webview\/miquel_suay_002.jpg\" alt=\"080 Barcelona Spring-Summer 2017\" class=\"noLazy flagpm_the_photo swiper-lazy\"><div class=\"swiper-lazy-preloader swiper-lazy-preloader-black\"><\/div><\/div><div class=\"swiper-slide\" data-hash=\"flagallery24102\" data-photo-id=\"24102\"><span class=\"flagpm_va\"><\/span><img data-src=\"https:\/\/bobvarela.com\/wp-content\/flagallery\/miquel-suay-en-el-080-barcelona-fashion-primaveraverano-2017\/webview\/miquel_suay_003.jpg\" alt=\"080 Barcelona Spring-Summer 2017\" class=\"noLazy flagpm_the_photo swiper-lazy\"><div class=\"swiper-lazy-preloader swiper-lazy-preloader-black\"><\/div><\/div><div class=\"swiper-slide\" data-hash=\"flagallery24103\" data-photo-id=\"24103\"><span class=\"flagpm_va\"><\/span><img data-src=\"https:\/\/bobvarela.com\/wp-content\/flagallery\/miquel-suay-en-el-080-barcelona-fashion-primaveraverano-2017\/webview\/miquel_suay_004.jpg\" alt=\"080 Barcelona Spring-Summer 2017\" class=\"noLazy flagpm_the_photo swiper-lazy\"><div class=\"swiper-lazy-preloader swiper-lazy-preloader-black\"><\/div><\/div><div class=\"swiper-slide\" data-hash=\"flagallery24104\" data-photo-id=\"24104\"><span class=\"flagpm_va\"><\/span><img data-src=\"https:\/\/bobvarela.com\/wp-content\/flagallery\/miquel-suay-en-el-080-barcelona-fashion-primaveraverano-2017\/webview\/miquel_suay_005.jpg\" alt=\"080 Barcelona Spring-Summer 2017\" class=\"noLazy flagpm_the_photo swiper-lazy\"><div class=\"swiper-lazy-preloader swiper-lazy-preloader-black\"><\/div><\/div><div class=\"swiper-slide\" data-hash=\"flagallery24105\" data-photo-id=\"24105\"><span class=\"flagpm_va\"><\/span><img data-src=\"https:\/\/bobvarela.com\/wp-content\/flagallery\/miquel-suay-en-el-080-barcelona-fashion-primaveraverano-2017\/webview\/miquel_suay_006.jpg\" alt=\"080 Barcelona Spring-Summer 2017\" class=\"noLazy flagpm_the_photo swiper-lazy\"><div class=\"swiper-lazy-preloader swiper-lazy-preloader-black\"><\/div><\/div><div class=\"swiper-slide\" data-hash=\"flagallery24106\" data-photo-id=\"24106\"><span class=\"flagpm_va\"><\/span><img data-src=\"https:\/\/bobvarela.com\/wp-content\/flagallery\/miquel-suay-en-el-080-barcelona-fashion-primaveraverano-2017\/webview\/miquel_suay_007.jpg\" alt=\"080 Barcelona Spring-Summer 2017\" class=\"noLazy flagpm_the_photo swiper-lazy\"><div class=\"swiper-lazy-preloader swiper-lazy-preloader-black\"><\/div><\/div><div class=\"swiper-slide\" data-hash=\"flagallery24107\" data-photo-id=\"24107\"><span class=\"flagpm_va\"><\/span><img data-src=\"https:\/\/bobvarela.com\/wp-content\/flagallery\/miquel-suay-en-el-080-barcelona-fashion-primaveraverano-2017\/webview\/miquel_suay_008.jpg\" alt=\"080 Barcelona Spring-Summer 2017\" class=\"noLazy flagpm_the_photo swiper-lazy\"><div class=\"swiper-lazy-preloader swiper-lazy-preloader-black\"><\/div><\/div><div class=\"swiper-slide\" data-hash=\"flagallery24108\" data-photo-id=\"24108\"><span class=\"flagpm_va\"><\/span><img data-src=\"https:\/\/bobvarela.com\/wp-content\/flagallery\/miquel-suay-en-el-080-barcelona-fashion-primaveraverano-2017\/webview\/miquel_suay_009.jpg\" alt=\"080 Barcelona Spring-Summer 2017\" class=\"noLazy flagpm_the_photo swiper-lazy\"><div class=\"swiper-lazy-preloader swiper-lazy-preloader-black\"><\/div><\/div><div class=\"swiper-slide\" data-hash=\"flagallery24109\" data-photo-id=\"24109\"><span class=\"flagpm_va\"><\/span><img data-src=\"https:\/\/bobvarela.com\/wp-content\/flagallery\/miquel-suay-en-el-080-barcelona-fashion-primaveraverano-2017\/webview\/miquel_suay_010.jpg\" alt=\"080 Barcelona Spring-Summer 2017\" class=\"noLazy flagpm_the_photo swiper-lazy\"><div class=\"swiper-lazy-preloader swiper-lazy-preloader-black\"><\/div><\/div><div class=\"swiper-slide\" data-hash=\"flagallery24110\" data-photo-id=\"24110\"><span class=\"flagpm_va\"><\/span><img data-src=\"https:\/\/bobvarela.com\/wp-content\/flagallery\/miquel-suay-en-el-080-barcelona-fashion-primaveraverano-2017\/webview\/miquel_suay_011.jpg\" alt=\"080 Barcelona Spring-Summer 2017\" class=\"noLazy flagpm_the_photo swiper-lazy\"><div class=\"swiper-lazy-preloader swiper-lazy-preloader-black\"><\/div><\/div><div class=\"swiper-slide\" data-hash=\"flagallery24111\" data-photo-id=\"24111\"><span class=\"flagpm_va\"><\/span><img data-src=\"https:\/\/bobvarela.com\/wp-content\/flagallery\/miquel-suay-en-el-080-barcelona-fashion-primaveraverano-2017\/webview\/miquel_suay_012.jpg\" alt=\"080 Barcelona Spring-Summer 2017\" class=\"noLazy flagpm_the_photo swiper-lazy\"><div class=\"swiper-lazy-preloader swiper-lazy-preloader-black\"><\/div><\/div><div class=\"swiper-slide\" data-hash=\"flagallery24112\" data-photo-id=\"24112\"><span class=\"flagpm_va\"><\/span><img data-src=\"https:\/\/bobvarela.com\/wp-content\/flagallery\/miquel-suay-en-el-080-barcelona-fashion-primaveraverano-2017\/webview\/miquel_suay_013.jpg\" alt=\"080 Barcelona Spring-Summer 2017\" class=\"noLazy flagpm_the_photo swiper-lazy\"><div class=\"swiper-lazy-preloader swiper-lazy-preloader-black\"><\/div><\/div><div class=\"swiper-slide\" data-hash=\"flagallery24113\" data-photo-id=\"24113\"><span class=\"flagpm_va\"><\/span><img data-src=\"https:\/\/bobvarela.com\/wp-content\/flagallery\/miquel-suay-en-el-080-barcelona-fashion-primaveraverano-2017\/webview\/miquel_suay_014.jpg\" alt=\"080 Barcelona Spring-Summer 2017\" class=\"noLazy flagpm_the_photo swiper-lazy\"><div class=\"swiper-lazy-preloader swiper-lazy-preloader-black\"><\/div><\/div><div class=\"swiper-slide\" data-hash=\"flagallery24114\" data-photo-id=\"24114\"><span class=\"flagpm_va\"><\/span><img data-src=\"https:\/\/bobvarela.com\/wp-content\/flagallery\/miquel-suay-en-el-080-barcelona-fashion-primaveraverano-2017\/webview\/miquel_suay_015.jpg\" alt=\"080 Barcelona Spring-Summer 2017\" class=\"noLazy flagpm_the_photo swiper-lazy\"><div class=\"swiper-lazy-preloader swiper-lazy-preloader-black\"><\/div><\/div><div class=\"swiper-slide\" data-hash=\"flagallery24115\" data-photo-id=\"24115\"><span class=\"flagpm_va\"><\/span><img data-src=\"https:\/\/bobvarela.com\/wp-content\/flagallery\/miquel-suay-en-el-080-barcelona-fashion-primaveraverano-2017\/webview\/miquel_suay_016.jpg\" alt=\"080 Barcelona Spring-Summer 2017\" class=\"noLazy flagpm_the_photo swiper-lazy\"><div class=\"swiper-lazy-preloader swiper-lazy-preloader-black\"><\/div><\/div><div class=\"swiper-slide\" data-hash=\"flagallery24116\" data-photo-id=\"24116\"><span class=\"flagpm_va\"><\/span><img data-src=\"https:\/\/bobvarela.com\/wp-content\/flagallery\/miquel-suay-en-el-080-barcelona-fashion-primaveraverano-2017\/webview\/miquel_suay_017.jpg\" alt=\"080 Barcelona Spring-Summer 2017\" class=\"noLazy flagpm_the_photo swiper-lazy\"><div class=\"swiper-lazy-preloader swiper-lazy-preloader-black\"><\/div><\/div><div class=\"swiper-slide\" data-hash=\"flagallery24117\" data-photo-id=\"24117\"><span class=\"flagpm_va\"><\/span><img data-src=\"https:\/\/bobvarela.com\/wp-content\/flagallery\/miquel-suay-en-el-080-barcelona-fashion-primaveraverano-2017\/webview\/miquel_suay_018.jpg\" alt=\"080 Barcelona Spring-Summer 2017\" class=\"noLazy flagpm_the_photo swiper-lazy\"><div class=\"swiper-lazy-preloader swiper-lazy-preloader-black\"><\/div><\/div><div class=\"swiper-slide\" data-hash=\"flagallery24118\" data-photo-id=\"24118\"><span class=\"flagpm_va\"><\/span><img data-src=\"https:\/\/bobvarela.com\/wp-content\/flagallery\/miquel-suay-en-el-080-barcelona-fashion-primaveraverano-2017\/webview\/miquel_suay_019.jpg\" alt=\"080 Barcelona Spring-Summer 2017\" class=\"noLazy flagpm_the_photo swiper-lazy\"><div class=\"swiper-lazy-preloader swiper-lazy-preloader-black\"><\/div><\/div><div class=\"swiper-slide\" data-hash=\"flagallery24119\" data-photo-id=\"24119\"><span class=\"flagpm_va\"><\/span><img data-src=\"https:\/\/bobvarela.com\/wp-content\/flagallery\/miquel-suay-en-el-080-barcelona-fashion-primaveraverano-2017\/webview\/miquel_suay_020.jpg\" alt=\"080 Barcelona Spring-Summer 2017\" class=\"noLazy flagpm_the_photo swiper-lazy\"><div class=\"swiper-lazy-preloader swiper-lazy-preloader-black\"><\/div><\/div><div class=\"swiper-slide\" data-hash=\"flagallery24120\" data-photo-id=\"24120\"><span class=\"flagpm_va\"><\/span><img data-src=\"https:\/\/bobvarela.com\/wp-content\/flagallery\/miquel-suay-en-el-080-barcelona-fashion-primaveraverano-2017\/webview\/miquel_suay_021.jpg\" alt=\"080 Barcelona Spring-Summer 2017\" class=\"noLazy flagpm_the_photo swiper-lazy\"><div class=\"swiper-lazy-preloader swiper-lazy-preloader-black\"><\/div><\/div><div class=\"swiper-slide\" data-hash=\"flagallery24121\" data-photo-id=\"24121\"><span class=\"flagpm_va\"><\/span><img data-src=\"https:\/\/bobvarela.com\/wp-content\/flagallery\/miquel-suay-en-el-080-barcelona-fashion-primaveraverano-2017\/webview\/miquel_suay_022.jpg\" alt=\"080 Barcelona Spring-Summer 2017\" class=\"noLazy flagpm_the_photo swiper-lazy\"><div class=\"swiper-lazy-preloader swiper-lazy-preloader-black\"><\/div><\/div><div class=\"swiper-slide\" data-hash=\"flagallery24122\" data-photo-id=\"24122\"><span class=\"flagpm_va\"><\/span><img data-src=\"https:\/\/bobvarela.com\/wp-content\/flagallery\/miquel-suay-en-el-080-barcelona-fashion-primaveraverano-2017\/webview\/miquel_suay_023.jpg\" alt=\"080 Barcelona Spring-Summer 2017\" class=\"noLazy flagpm_the_photo swiper-lazy\"><div class=\"swiper-lazy-preloader swiper-lazy-preloader-black\"><\/div><\/div><div class=\"swiper-slide\" data-hash=\"flagallery24123\" data-photo-id=\"24123\"><span class=\"flagpm_va\"><\/span><img data-src=\"https:\/\/bobvarela.com\/wp-content\/flagallery\/miquel-suay-en-el-080-barcelona-fashion-primaveraverano-2017\/webview\/miquel_suay_024.jpg\" alt=\"080 Barcelona Spring-Summer 2017\" class=\"noLazy flagpm_the_photo swiper-lazy\"><div class=\"swiper-lazy-preloader swiper-lazy-preloader-black\"><\/div><\/div><div class=\"swiper-slide\" data-hash=\"flagallery24124\" data-photo-id=\"24124\"><span class=\"flagpm_va\"><\/span><img data-src=\"https:\/\/bobvarela.com\/wp-content\/flagallery\/miquel-suay-en-el-080-barcelona-fashion-primaveraverano-2017\/webview\/miquel_suay_025.jpg\" alt=\"080 Barcelona Spring-Summer 2017\" class=\"noLazy flagpm_the_photo swiper-lazy\"><div class=\"swiper-lazy-preloader swiper-lazy-preloader-black\"><\/div><\/div><div class=\"swiper-slide\" data-hash=\"flagallery24125\" data-photo-id=\"24125\"><span class=\"flagpm_va\"><\/span><img data-src=\"https:\/\/bobvarela.com\/wp-content\/flagallery\/miquel-suay-en-el-080-barcelona-fashion-primaveraverano-2017\/webview\/miquel_suay_026.jpg\" alt=\"080 Barcelona Spring-Summer 2017\" class=\"noLazy flagpm_the_photo swiper-lazy\"><div class=\"swiper-lazy-preloader swiper-lazy-preloader-black\"><\/div><\/div><div class=\"swiper-slide\" data-hash=\"flagallery24126\" data-photo-id=\"24126\"><span class=\"flagpm_va\"><\/span><img data-src=\"https:\/\/bobvarela.com\/wp-content\/flagallery\/miquel-suay-en-el-080-barcelona-fashion-primaveraverano-2017\/webview\/miquel_suay_027.jpg\" alt=\"080 Barcelona Spring-Summer 2017\" class=\"noLazy flagpm_the_photo swiper-lazy\"><div class=\"swiper-lazy-preloader swiper-lazy-preloader-black\"><\/div><\/div><div class=\"swiper-slide\" data-hash=\"flagallery24127\" data-photo-id=\"24127\"><span class=\"flagpm_va\"><\/span><img data-src=\"https:\/\/bobvarela.com\/wp-content\/flagallery\/miquel-suay-en-el-080-barcelona-fashion-primaveraverano-2017\/webview\/miquel_suay_028.jpg\" alt=\"080 Barcelona Spring-Summer 2017\" class=\"noLazy flagpm_the_photo swiper-lazy\"><div class=\"swiper-lazy-preloader swiper-lazy-preloader-black\"><\/div><\/div><div class=\"swiper-slide\" data-hash=\"flagallery24128\" data-photo-id=\"24128\"><span class=\"flagpm_va\"><\/span><img data-src=\"https:\/\/bobvarela.com\/wp-content\/flagallery\/miquel-suay-en-el-080-barcelona-fashion-primaveraverano-2017\/webview\/miquel_suay_029.jpg\" alt=\"080 Barcelona Spring-Summer 2017\" class=\"noLazy flagpm_the_photo swiper-lazy\"><div class=\"swiper-lazy-preloader swiper-lazy-preloader-black\"><\/div><\/div><div class=\"swiper-slide\" data-hash=\"flagallery24129\" data-photo-id=\"24129\"><span class=\"flagpm_va\"><\/span><img data-src=\"https:\/\/bobvarela.com\/wp-content\/flagallery\/miquel-suay-en-el-080-barcelona-fashion-primaveraverano-2017\/webview\/miquel_suay_030.jpg\" alt=\"080 Barcelona Spring-Summer 2017\" class=\"noLazy flagpm_the_photo swiper-lazy\"><div class=\"swiper-lazy-preloader swiper-lazy-preloader-black\"><\/div><\/div><div class=\"swiper-slide\" data-hash=\"flagallery24130\" data-photo-id=\"24130\"><span class=\"flagpm_va\"><\/span><img data-src=\"https:\/\/bobvarela.com\/wp-content\/flagallery\/miquel-suay-en-el-080-barcelona-fashion-primaveraverano-2017\/webview\/miquel_suay_031.jpg\" alt=\"080 Barcelona Spring-Summer 2017\" class=\"noLazy flagpm_the_photo swiper-lazy\"><div class=\"swiper-lazy-preloader swiper-lazy-preloader-black\"><\/div><\/div><div class=\"swiper-slide\" data-hash=\"flagallery24131\" data-photo-id=\"24131\"><span class=\"flagpm_va\"><\/span><img data-src=\"https:\/\/bobvarela.com\/wp-content\/flagallery\/miquel-suay-en-el-080-barcelona-fashion-primaveraverano-2017\/webview\/miquel_suay_032.jpg\" alt=\"080 Barcelona Spring-Summer 2017\" class=\"noLazy flagpm_the_photo swiper-lazy\"><div class=\"swiper-lazy-preloader swiper-lazy-preloader-black\"><\/div><\/div><div class=\"swiper-slide\" data-hash=\"flagallery24132\" data-photo-id=\"24132\"><span class=\"flagpm_va\"><\/span><img data-src=\"https:\/\/bobvarela.com\/wp-content\/flagallery\/miquel-suay-en-el-080-barcelona-fashion-primaveraverano-2017\/webview\/miquel_suay_033.jpg\" alt=\"080 Barcelona Spring-Summer 2017\" class=\"noLazy flagpm_the_photo swiper-lazy\"><div class=\"swiper-lazy-preloader swiper-lazy-preloader-black\"><\/div><\/div><div class=\"swiper-slide\" data-hash=\"flagallery24133\" data-photo-id=\"24133\"><span class=\"flagpm_va\"><\/span><img data-src=\"https:\/\/bobvarela.com\/wp-content\/flagallery\/miquel-suay-en-el-080-barcelona-fashion-primaveraverano-2017\/webview\/miquel_suay_034.jpg\" alt=\"080 Barcelona Spring-Summer 2017\" class=\"noLazy flagpm_the_photo swiper-lazy\"><div class=\"swiper-lazy-preloader swiper-lazy-preloader-black\"><\/div><\/div><div class=\"swiper-slide\" data-hash=\"flagallery24134\" data-photo-id=\"24134\"><span class=\"flagpm_va\"><\/span><img data-src=\"https:\/\/bobvarela.com\/wp-content\/flagallery\/miquel-suay-en-el-080-barcelona-fashion-primaveraverano-2017\/webview\/miquel_suay_035.jpg\" alt=\"080 Barcelona Spring-Summer 2017\" class=\"noLazy flagpm_the_photo swiper-lazy\"><div class=\"swiper-lazy-preloader swiper-lazy-preloader-black\"><\/div><\/div><div class=\"swiper-slide\" data-hash=\"flagallery24135\" data-photo-id=\"24135\"><span class=\"flagpm_va\"><\/span><img data-src=\"https:\/\/bobvarela.com\/wp-content\/flagallery\/miquel-suay-en-el-080-barcelona-fashion-primaveraverano-2017\/webview\/miquel_suay_036.jpg\" alt=\"080 Barcelona Spring-Summer 2017\" class=\"noLazy flagpm_the_photo swiper-lazy\"><div class=\"swiper-lazy-preloader swiper-lazy-preloader-black\"><\/div><\/div><div class=\"swiper-slide\" data-hash=\"flagallery24136\" data-photo-id=\"24136\"><span class=\"flagpm_va\"><\/span><img data-src=\"https:\/\/bobvarela.com\/wp-content\/flagallery\/miquel-suay-en-el-080-barcelona-fashion-primaveraverano-2017\/webview\/miquel_suay_037.jpg\" alt=\"080 Barcelona Spring-Summer 2017\" class=\"noLazy flagpm_the_photo swiper-lazy\"><div class=\"swiper-lazy-preloader swiper-lazy-preloader-black\"><\/div><\/div><div class=\"swiper-slide\" data-hash=\"flagallery24137\" data-photo-id=\"24137\"><span class=\"flagpm_va\"><\/span><img data-src=\"https:\/\/bobvarela.com\/wp-content\/flagallery\/miquel-suay-en-el-080-barcelona-fashion-primaveraverano-2017\/webview\/miquel_suay_038.jpg\" alt=\"080 Barcelona Spring-Summer 2017\" class=\"noLazy flagpm_the_photo swiper-lazy\"><div class=\"swiper-lazy-preloader swiper-lazy-preloader-black\"><\/div><\/div><div class=\"swiper-slide\" data-hash=\"flagallery24138\" data-photo-id=\"24138\"><span class=\"flagpm_va\"><\/span><img data-src=\"https:\/\/bobvarela.com\/wp-content\/flagallery\/miquel-suay-en-el-080-barcelona-fashion-primaveraverano-2017\/webview\/miquel_suay_039.jpg\" alt=\"080 Barcelona Spring-Summer 2017\" class=\"noLazy flagpm_the_photo swiper-lazy\"><div class=\"swiper-lazy-preloader swiper-lazy-preloader-black\"><\/div><\/div><div class=\"swiper-slide\" data-hash=\"flagallery24139\" data-photo-id=\"24139\"><span class=\"flagpm_va\"><\/span><img data-src=\"https:\/\/bobvarela.com\/wp-content\/flagallery\/miquel-suay-en-el-080-barcelona-fashion-primaveraverano-2017\/webview\/miquel_suay_040.jpg\" alt=\"080 Barcelona Spring-Summer 2017\" class=\"noLazy flagpm_the_photo swiper-lazy\"><div class=\"swiper-lazy-preloader swiper-lazy-preloader-black\"><\/div><\/div><div class=\"swiper-slide\" data-hash=\"flagallery24140\" data-photo-id=\"24140\"><span class=\"flagpm_va\"><\/span><img data-src=\"https:\/\/bobvarela.com\/wp-content\/flagallery\/miquel-suay-en-el-080-barcelona-fashion-primaveraverano-2017\/webview\/miquel_suay_041.jpg\" alt=\"080 Barcelona Spring-Summer 2017\" class=\"noLazy flagpm_the_photo swiper-lazy\"><div class=\"swiper-lazy-preloader swiper-lazy-preloader-black\"><\/div><\/div><div class=\"swiper-slide\" data-hash=\"flagallery24141\" data-photo-id=\"24141\"><span class=\"flagpm_va\"><\/span><img data-src=\"https:\/\/bobvarela.com\/wp-content\/flagallery\/miquel-suay-en-el-080-barcelona-fashion-primaveraverano-2017\/webview\/miquel_suay_042.jpg\" alt=\"080 Barcelona Spring-Summer 2017\" class=\"noLazy flagpm_the_photo swiper-lazy\"><div class=\"swiper-lazy-preloader swiper-lazy-preloader-black\"><\/div><\/div><div class=\"swiper-slide\" data-hash=\"flagallery24142\" data-photo-id=\"24142\"><span class=\"flagpm_va\"><\/span><img data-src=\"https:\/\/bobvarela.com\/wp-content\/flagallery\/miquel-suay-en-el-080-barcelona-fashion-primaveraverano-2017\/webview\/miquel_suay_043.jpg\" alt=\"080 Barcelona Spring-Summer 2017\" class=\"noLazy flagpm_the_photo swiper-lazy\"><div class=\"swiper-lazy-preloader swiper-lazy-preloader-black\"><\/div><\/div><div class=\"swiper-slide\" data-hash=\"flagallery24143\" data-photo-id=\"24143\"><span class=\"flagpm_va\"><\/span><img data-src=\"https:\/\/bobvarela.com\/wp-content\/flagallery\/miquel-suay-en-el-080-barcelona-fashion-primaveraverano-2017\/webview\/miquel_suay_044.jpg\" alt=\"080 Barcelona Spring-Summer 2017\" class=\"noLazy flagpm_the_photo swiper-lazy\"><div class=\"swiper-lazy-preloader swiper-lazy-preloader-black\"><\/div><\/div><div class=\"swiper-slide\" data-hash=\"flagallery24144\" data-photo-id=\"24144\"><span class=\"flagpm_va\"><\/span><img data-src=\"https:\/\/bobvarela.com\/wp-content\/flagallery\/miquel-suay-en-el-080-barcelona-fashion-primaveraverano-2017\/webview\/miquel_suay_045.jpg\" alt=\"080 Barcelona Spring-Summer 2017\" class=\"noLazy flagpm_the_photo swiper-lazy\"><div class=\"swiper-lazy-preloader swiper-lazy-preloader-black\"><\/div><\/div><div class=\"swiper-slide\" data-hash=\"flagallery24145\" data-photo-id=\"24145\"><span class=\"flagpm_va\"><\/span><img data-src=\"https:\/\/bobvarela.com\/wp-content\/flagallery\/miquel-suay-en-el-080-barcelona-fashion-primaveraverano-2017\/webview\/miquel_suay_046.jpg\" alt=\"080 Barcelona Spring-Summer 2017\" class=\"noLazy flagpm_the_photo swiper-lazy\"><div class=\"swiper-lazy-preloader swiper-lazy-preloader-black\"><\/div><\/div><div class=\"swiper-slide\" data-hash=\"flagallery24146\" data-photo-id=\"24146\"><span class=\"flagpm_va\"><\/span><img data-src=\"https:\/\/bobvarela.com\/wp-content\/flagallery\/miquel-suay-en-el-080-barcelona-fashion-primaveraverano-2017\/webview\/miquel_suay_047.jpg\" alt=\"080 Barcelona Spring-Summer 2017\" class=\"noLazy flagpm_the_photo swiper-lazy\"><div class=\"swiper-lazy-preloader swiper-lazy-preloader-black\"><\/div><\/div><div class=\"swiper-slide\" data-hash=\"flagallery24147\" data-photo-id=\"24147\"><span class=\"flagpm_va\"><\/span><img data-src=\"https:\/\/bobvarela.com\/wp-content\/flagallery\/miquel-suay-en-el-080-barcelona-fashion-primaveraverano-2017\/webview\/miquel_suay_048.jpg\" alt=\"080 Barcelona Spring-Summer 2017\" class=\"noLazy flagpm_the_photo swiper-lazy\"><div class=\"swiper-lazy-preloader swiper-lazy-preloader-black\"><\/div><\/div><div class=\"swiper-slide\" data-hash=\"flagallery24148\" data-photo-id=\"24148\"><span class=\"flagpm_va\"><\/span><img data-src=\"https:\/\/bobvarela.com\/wp-content\/flagallery\/miquel-suay-en-el-080-barcelona-fashion-primaveraverano-2017\/webview\/miquel_suay_049.jpg\" alt=\"080 Barcelona Spring-Summer 2017\" class=\"noLazy flagpm_the_photo swiper-lazy\"><div class=\"swiper-lazy-preloader swiper-lazy-preloader-black\"><\/div><\/div><div class=\"swiper-slide\" data-hash=\"flagallery24149\" data-photo-id=\"24149\"><span class=\"flagpm_va\"><\/span><img data-src=\"https:\/\/bobvarela.com\/wp-content\/flagallery\/miquel-suay-en-el-080-barcelona-fashion-primaveraverano-2017\/webview\/miquel_suay_050.jpg\" alt=\"080 Barcelona Spring-Summer 2017\" class=\"noLazy flagpm_the_photo swiper-lazy\"><div class=\"swiper-lazy-preloader swiper-lazy-preloader-black\"><\/div><\/div><div class=\"swiper-slide\" data-hash=\"flagallery24150\" data-photo-id=\"24150\"><span class=\"flagpm_va\"><\/span><img data-src=\"https:\/\/bobvarela.com\/wp-content\/flagallery\/miquel-suay-en-el-080-barcelona-fashion-primaveraverano-2017\/webview\/miquel_suay_051.jpg\" alt=\"080 Barcelona Spring-Summer 2017\" class=\"noLazy flagpm_the_photo swiper-lazy\"><div class=\"swiper-lazy-preloader swiper-lazy-preloader-black\"><\/div><\/div><div class=\"swiper-slide\" data-hash=\"flagallery24151\" data-photo-id=\"24151\"><span class=\"flagpm_va\"><\/span><img data-src=\"https:\/\/bobvarela.com\/wp-content\/flagallery\/miquel-suay-en-el-080-barcelona-fashion-primaveraverano-2017\/webview\/miquel_suay_052.jpg\" alt=\"080 Barcelona Spring-Summer 2017\" class=\"noLazy flagpm_the_photo swiper-lazy\"><div class=\"swiper-lazy-preloader swiper-lazy-preloader-black\"><\/div><\/div><div class=\"swiper-slide\" data-hash=\"flagallery24152\" data-photo-id=\"24152\"><span class=\"flagpm_va\"><\/span><img data-src=\"https:\/\/bobvarela.com\/wp-content\/flagallery\/miquel-suay-en-el-080-barcelona-fashion-primaveraverano-2017\/webview\/miquel_suay_053.jpg\" alt=\"080 Barcelona Spring-Summer 2017\" class=\"noLazy flagpm_the_photo swiper-lazy\"><div class=\"swiper-lazy-preloader swiper-lazy-preloader-black\"><\/div><\/div><div class=\"swiper-slide\" data-hash=\"flagallery24153\" data-photo-id=\"24153\"><span class=\"flagpm_va\"><\/span><img data-src=\"https:\/\/bobvarela.com\/wp-content\/flagallery\/miquel-suay-en-el-080-barcelona-fashion-primaveraverano-2017\/webview\/miquel_suay_054.jpg\" alt=\"080 Barcelona Spring-Summer 2017\" class=\"noLazy flagpm_the_photo swiper-lazy\"><div class=\"swiper-lazy-preloader swiper-lazy-preloader-black\"><\/div><\/div><div class=\"swiper-slide\" data-hash=\"flagallery24154\" data-photo-id=\"24154\"><span class=\"flagpm_va\"><\/span><img data-src=\"https:\/\/bobvarela.com\/wp-content\/flagallery\/miquel-suay-en-el-080-barcelona-fashion-primaveraverano-2017\/webview\/miquel_suay_055.jpg\" alt=\"080 Barcelona Spring-Summer 2017\" class=\"noLazy flagpm_the_photo swiper-lazy\"><div class=\"swiper-lazy-preloader swiper-lazy-preloader-black\"><\/div><\/div><div class=\"swiper-slide\" data-hash=\"flagallery24155\" data-photo-id=\"24155\"><span class=\"flagpm_va\"><\/span><img data-src=\"https:\/\/bobvarela.com\/wp-content\/flagallery\/miquel-suay-en-el-080-barcelona-fashion-primaveraverano-2017\/webview\/miquel_suay_056.jpg\" alt=\"080 Barcelona Spring-Summer 2017\" class=\"noLazy flagpm_the_photo swiper-lazy\"><div class=\"swiper-lazy-preloader swiper-lazy-preloader-black\"><\/div><\/div><div class=\"swiper-slide\" data-hash=\"flagallery24156\" data-photo-id=\"24156\"><span class=\"flagpm_va\"><\/span><img data-src=\"https:\/\/bobvarela.com\/wp-content\/flagallery\/miquel-suay-en-el-080-barcelona-fashion-primaveraverano-2017\/webview\/miquel_suay_057.jpg\" alt=\"080 Barcelona Spring-Summer 2017\" class=\"noLazy flagpm_the_photo swiper-lazy\"><div class=\"swiper-lazy-preloader swiper-lazy-preloader-black\"><\/div><\/div><div class=\"swiper-slide\" data-hash=\"flagallery24157\" data-photo-id=\"24157\"><span class=\"flagpm_va\"><\/span><img data-src=\"https:\/\/bobvarela.com\/wp-content\/flagallery\/miquel-suay-en-el-080-barcelona-fashion-primaveraverano-2017\/webview\/miquel_suay_058.jpg\" alt=\"080 Barcelona Spring-Summer 2017\" class=\"noLazy flagpm_the_photo swiper-lazy\"><div class=\"swiper-lazy-preloader swiper-lazy-preloader-black\"><\/div><\/div><div class=\"swiper-slide\" data-hash=\"flagallery24158\" data-photo-id=\"24158\"><span class=\"flagpm_va\"><\/span><img data-src=\"https:\/\/bobvarela.com\/wp-content\/flagallery\/miquel-suay-en-el-080-barcelona-fashion-primaveraverano-2017\/webview\/miquel_suay_059.jpg\" alt=\"080 Barcelona Spring-Summer 2017\" class=\"noLazy flagpm_the_photo swiper-lazy\"><div class=\"swiper-lazy-preloader swiper-lazy-preloader-black\"><\/div><\/div><div class=\"swiper-slide\" data-hash=\"flagallery24159\" data-photo-id=\"24159\"><span class=\"flagpm_va\"><\/span><img data-src=\"https:\/\/bobvarela.com\/wp-content\/flagallery\/miquel-suay-en-el-080-barcelona-fashion-primaveraverano-2017\/webview\/miquel_suay_060.jpg\" alt=\"080 Barcelona Spring-Summer 2017\" class=\"noLazy flagpm_the_photo swiper-lazy\"><div class=\"swiper-lazy-preloader swiper-lazy-preloader-black\"><\/div><\/div> <\/div> <\/div> <\/div> <div class=\"flagpm_photo_header\"> <div class=\"flagpm_wrapper flagpm_clearfix\"> <div class=\"flagpm_focus_actions\"> <ul class=\"flagpm_focus_share\"> <li style=\"list-style:none;\" class=\"flagpm_share_wrapper\"> <a class=\"flagpm_button flagpm_share\">Share<\/a> <ul class=\"flagpm_sharelizers flagpm_clearfix\"> <li style=\"list-style:none;\"><a class=\"flagpm_button flagpm_facebook flagpm_sharelizer\">Facebook<\/a><\/li> <li style=\"list-style:none;\"><a class=\"flagpm_button flagpm_twitter flagpm_sharelizer\">Twitter<\/a><\/li> <li style=\"list-style:none;\"><a class=\"flagpm_button flagpm_pinterest flagpm_sharelizer\">Pinterest<\/a><\/li> <li style=\"list-style:none;\"><a class=\"flagpm_button flagpm_stumbleupon flagpm_sharelizer\">StumbleUpon<\/a><\/li> <\/ul> <\/li> <\/ul> <ul class=\"flagpm_focus_like_fave flagpm_clearfix\"> <li style=\"list-style:none;\"><a class=\"flagpm_button flagpm_like\">Like<\/a><\/li> <\/ul> <ul class=\"flagpm_focus_arrows flagpm_clearfix\"> <li style=\"list-style:none;\"><a class=\"flagpm_button flagpm_photo_arrow_previous flagpm_prev\">Previous<\/a><\/li> <li style=\"list-style:none;\"><a class=\"flagpm_button flagpm_photo_arrow_next flagpm_next\">Next<\/a><\/li> <\/ul> <\/div> <div class=\"flagpm_name_wrap flagpm_clearfix flagpm_no_avatar\"> <div class=\"flagpm_title_author\"> <div class=\"flagpm_title\">080 Barcelona Spring-Summer 2017<\/div> <\/div> <\/div> <div class=\"flagpm_actions flagpm_clearfix\"> <div class=\"flagpm_carousel flagpm_has_previous flagpm_has_next\"> <div class=\"flagpm_previous_button\"><\/div> <div class=\"flagpm_photo_carousel\"> <div class=\"swiper-container swiper-small-images\"> <div class=\"swiper-wrapper\"><div class=\"swiper-slide flagpm_photo\" data-photo-id=\"24100\"><img decoding=\"async\" src=\"https:\/\/bobvarela.com\/wp-content\/flagallery\/miquel-suay-en-el-080-barcelona-fashion-primaveraverano-2017\/thumbs\/thumbs_miquel_suay_001.jpg\" data-src=\"https:\/\/bobvarela.com\/wp-content\/flagallery\/miquel-suay-en-el-080-barcelona-fashion-primaveraverano-2017\/thumbs\/thumbs_miquel_suay_001.jpg\" alt=\"080 Barcelona Spring-Summer 2017\" class=\"noLazy flagpm_photo swiper-lazy flagpm_photo_portrait\"><span class=\"swiper-lazy-preloader swiper-lazy-preloader-black\"><\/span><\/div><div class=\"swiper-slide flagpm_photo\" data-photo-id=\"24101\"><img data-src=\"https:\/\/bobvarela.com\/wp-content\/flagallery\/miquel-suay-en-el-080-barcelona-fashion-primaveraverano-2017\/thumbs\/thumbs_miquel_suay_002.jpg\" alt=\"080 Barcelona Spring-Summer 2017\" class=\"noLazy flagpm_photo swiper-lazy flagpm_photo_portrait\"><span class=\"swiper-lazy-preloader swiper-lazy-preloader-black\"><\/span><\/div><div class=\"swiper-slide flagpm_photo\" data-photo-id=\"24102\"><img data-src=\"https:\/\/bobvarela.com\/wp-content\/flagallery\/miquel-suay-en-el-080-barcelona-fashion-primaveraverano-2017\/thumbs\/thumbs_miquel_suay_003.jpg\" alt=\"080 Barcelona Spring-Summer 2017\" class=\"noLazy flagpm_photo swiper-lazy flagpm_photo_portrait\"><span class=\"swiper-lazy-preloader swiper-lazy-preloader-black\"><\/span><\/div><div class=\"swiper-slide flagpm_photo\" data-photo-id=\"24103\"><img data-src=\"https:\/\/bobvarela.com\/wp-content\/flagallery\/miquel-suay-en-el-080-barcelona-fashion-primaveraverano-2017\/thumbs\/thumbs_miquel_suay_004.jpg\" alt=\"080 Barcelona Spring-Summer 2017\" class=\"noLazy flagpm_photo swiper-lazy flagpm_photo_portrait\"><span class=\"swiper-lazy-preloader swiper-lazy-preloader-black\"><\/span><\/div><div class=\"swiper-slide flagpm_photo\" data-photo-id=\"24104\"><img data-src=\"https:\/\/bobvarela.com\/wp-content\/flagallery\/miquel-suay-en-el-080-barcelona-fashion-primaveraverano-2017\/thumbs\/thumbs_miquel_suay_005.jpg\" alt=\"080 Barcelona Spring-Summer 2017\" class=\"noLazy flagpm_photo swiper-lazy flagpm_photo_portrait\"><span class=\"swiper-lazy-preloader swiper-lazy-preloader-black\"><\/span><\/div><div class=\"swiper-slide flagpm_photo\" data-photo-id=\"24105\"><img data-src=\"https:\/\/bobvarela.com\/wp-content\/flagallery\/miquel-suay-en-el-080-barcelona-fashion-primaveraverano-2017\/thumbs\/thumbs_miquel_suay_006.jpg\" alt=\"080 Barcelona Spring-Summer 2017\" class=\"noLazy flagpm_photo swiper-lazy flagpm_photo_portrait\"><span class=\"swiper-lazy-preloader swiper-lazy-preloader-black\"><\/span><\/div><div class=\"swiper-slide flagpm_photo\" data-photo-id=\"24106\"><img data-src=\"https:\/\/bobvarela.com\/wp-content\/flagallery\/miquel-suay-en-el-080-barcelona-fashion-primaveraverano-2017\/thumbs\/thumbs_miquel_suay_007.jpg\" alt=\"080 Barcelona Spring-Summer 2017\" class=\"noLazy flagpm_photo swiper-lazy flagpm_photo_portrait\"><span class=\"swiper-lazy-preloader swiper-lazy-preloader-black\"><\/span><\/div><div class=\"swiper-slide flagpm_photo\" data-photo-id=\"24107\"><img data-src=\"https:\/\/bobvarela.com\/wp-content\/flagallery\/miquel-suay-en-el-080-barcelona-fashion-primaveraverano-2017\/thumbs\/thumbs_miquel_suay_008.jpg\" alt=\"080 Barcelona Spring-Summer 2017\" class=\"noLazy flagpm_photo swiper-lazy flagpm_photo_portrait\"><span class=\"swiper-lazy-preloader swiper-lazy-preloader-black\"><\/span><\/div><div class=\"swiper-slide flagpm_photo\" data-photo-id=\"24108\"><img data-src=\"https:\/\/bobvarela.com\/wp-content\/flagallery\/miquel-suay-en-el-080-barcelona-fashion-primaveraverano-2017\/thumbs\/thumbs_miquel_suay_009.jpg\" alt=\"080 Barcelona Spring-Summer 2017\" class=\"noLazy flagpm_photo swiper-lazy flagpm_photo_portrait\"><span class=\"swiper-lazy-preloader swiper-lazy-preloader-black\"><\/span><\/div><div class=\"swiper-slide flagpm_photo\" data-photo-id=\"24109\"><img data-src=\"https:\/\/bobvarela.com\/wp-content\/flagallery\/miquel-suay-en-el-080-barcelona-fashion-primaveraverano-2017\/thumbs\/thumbs_miquel_suay_010.jpg\" alt=\"080 Barcelona Spring-Summer 2017\" class=\"noLazy flagpm_photo swiper-lazy flagpm_photo_landscape\"><span class=\"swiper-lazy-preloader swiper-lazy-preloader-black\"><\/span><\/div><div class=\"swiper-slide flagpm_photo\" data-photo-id=\"24110\"><img data-src=\"https:\/\/bobvarela.com\/wp-content\/flagallery\/miquel-suay-en-el-080-barcelona-fashion-primaveraverano-2017\/thumbs\/thumbs_miquel_suay_011.jpg\" alt=\"080 Barcelona Spring-Summer 2017\" class=\"noLazy flagpm_photo swiper-lazy flagpm_photo_portrait\"><span class=\"swiper-lazy-preloader swiper-lazy-preloader-black\"><\/span><\/div><div class=\"swiper-slide flagpm_photo\" data-photo-id=\"24111\"><img data-src=\"https:\/\/bobvarela.com\/wp-content\/flagallery\/miquel-suay-en-el-080-barcelona-fashion-primaveraverano-2017\/thumbs\/thumbs_miquel_suay_012.jpg\" alt=\"080 Barcelona Spring-Summer 2017\" class=\"noLazy flagpm_photo swiper-lazy flagpm_photo_portrait\"><span class=\"swiper-lazy-preloader swiper-lazy-preloader-black\"><\/span><\/div><div class=\"swiper-slide flagpm_photo\" data-photo-id=\"24112\"><img data-src=\"https:\/\/bobvarela.com\/wp-content\/flagallery\/miquel-suay-en-el-080-barcelona-fashion-primaveraverano-2017\/thumbs\/thumbs_miquel_suay_013.jpg\" alt=\"080 Barcelona Spring-Summer 2017\" class=\"noLazy flagpm_photo swiper-lazy flagpm_photo_portrait\"><span class=\"swiper-lazy-preloader swiper-lazy-preloader-black\"><\/span><\/div><div class=\"swiper-slide flagpm_photo\" data-photo-id=\"24113\"><img data-src=\"https:\/\/bobvarela.com\/wp-content\/flagallery\/miquel-suay-en-el-080-barcelona-fashion-primaveraverano-2017\/thumbs\/thumbs_miquel_suay_014.jpg\" alt=\"080 Barcelona Spring-Summer 2017\" class=\"noLazy flagpm_photo swiper-lazy flagpm_photo_portrait\"><span class=\"swiper-lazy-preloader swiper-lazy-preloader-black\"><\/span><\/div><div class=\"swiper-slide flagpm_photo\" data-photo-id=\"24114\"><img data-src=\"https:\/\/bobvarela.com\/wp-content\/flagallery\/miquel-suay-en-el-080-barcelona-fashion-primaveraverano-2017\/thumbs\/thumbs_miquel_suay_015.jpg\" alt=\"080 Barcelona Spring-Summer 2017\" class=\"noLazy flagpm_photo swiper-lazy flagpm_photo_portrait\"><span class=\"swiper-lazy-preloader swiper-lazy-preloader-black\"><\/span><\/div><div class=\"swiper-slide flagpm_photo\" data-photo-id=\"24115\"><img data-src=\"https:\/\/bobvarela.com\/wp-content\/flagallery\/miquel-suay-en-el-080-barcelona-fashion-primaveraverano-2017\/thumbs\/thumbs_miquel_suay_016.jpg\" alt=\"080 Barcelona Spring-Summer 2017\" class=\"noLazy flagpm_photo swiper-lazy flagpm_photo_portrait\"><span class=\"swiper-lazy-preloader swiper-lazy-preloader-black\"><\/span><\/div><div class=\"swiper-slide flagpm_photo\" data-photo-id=\"24116\"><img data-src=\"https:\/\/bobvarela.com\/wp-content\/flagallery\/miquel-suay-en-el-080-barcelona-fashion-primaveraverano-2017\/thumbs\/thumbs_miquel_suay_017.jpg\" alt=\"080 Barcelona Spring-Summer 2017\" class=\"noLazy flagpm_photo swiper-lazy flagpm_photo_portrait\"><span class=\"swiper-lazy-preloader swiper-lazy-preloader-black\"><\/span><\/div><div class=\"swiper-slide flagpm_photo\" data-photo-id=\"24117\"><img data-src=\"https:\/\/bobvarela.com\/wp-content\/flagallery\/miquel-suay-en-el-080-barcelona-fashion-primaveraverano-2017\/thumbs\/thumbs_miquel_suay_018.jpg\" alt=\"080 Barcelona Spring-Summer 2017\" class=\"noLazy flagpm_photo swiper-lazy flagpm_photo_portrait\"><span class=\"swiper-lazy-preloader swiper-lazy-preloader-black\"><\/span><\/div><div class=\"swiper-slide flagpm_photo\" data-photo-id=\"24118\"><img data-src=\"https:\/\/bobvarela.com\/wp-content\/flagallery\/miquel-suay-en-el-080-barcelona-fashion-primaveraverano-2017\/thumbs\/thumbs_miquel_suay_019.jpg\" alt=\"080 Barcelona Spring-Summer 2017\" class=\"noLazy flagpm_photo swiper-lazy flagpm_photo_portrait\"><span class=\"swiper-lazy-preloader swiper-lazy-preloader-black\"><\/span><\/div><div class=\"swiper-slide flagpm_photo\" data-photo-id=\"24119\"><img data-src=\"https:\/\/bobvarela.com\/wp-content\/flagallery\/miquel-suay-en-el-080-barcelona-fashion-primaveraverano-2017\/thumbs\/thumbs_miquel_suay_020.jpg\" alt=\"080 Barcelona Spring-Summer 2017\" class=\"noLazy flagpm_photo swiper-lazy flagpm_photo_portrait\"><span class=\"swiper-lazy-preloader swiper-lazy-preloader-black\"><\/span><\/div><div class=\"swiper-slide flagpm_photo\" data-photo-id=\"24120\"><img data-src=\"https:\/\/bobvarela.com\/wp-content\/flagallery\/miquel-suay-en-el-080-barcelona-fashion-primaveraverano-2017\/thumbs\/thumbs_miquel_suay_021.jpg\" alt=\"080 Barcelona Spring-Summer 2017\" class=\"noLazy flagpm_photo swiper-lazy flagpm_photo_portrait\"><span class=\"swiper-lazy-preloader swiper-lazy-preloader-black\"><\/span><\/div><div class=\"swiper-slide flagpm_photo\" data-photo-id=\"24121\"><img data-src=\"https:\/\/bobvarela.com\/wp-content\/flagallery\/miquel-suay-en-el-080-barcelona-fashion-primaveraverano-2017\/thumbs\/thumbs_miquel_suay_022.jpg\" alt=\"080 Barcelona Spring-Summer 2017\" class=\"noLazy flagpm_photo swiper-lazy flagpm_photo_portrait\"><span class=\"swiper-lazy-preloader swiper-lazy-preloader-black\"><\/span><\/div><div class=\"swiper-slide flagpm_photo\" data-photo-id=\"24122\"><img data-src=\"https:\/\/bobvarela.com\/wp-content\/flagallery\/miquel-suay-en-el-080-barcelona-fashion-primaveraverano-2017\/thumbs\/thumbs_miquel_suay_023.jpg\" alt=\"080 Barcelona Spring-Summer 2017\" class=\"noLazy flagpm_photo swiper-lazy flagpm_photo_portrait\"><span class=\"swiper-lazy-preloader swiper-lazy-preloader-black\"><\/span><\/div><div class=\"swiper-slide flagpm_photo\" data-photo-id=\"24123\"><img data-src=\"https:\/\/bobvarela.com\/wp-content\/flagallery\/miquel-suay-en-el-080-barcelona-fashion-primaveraverano-2017\/thumbs\/thumbs_miquel_suay_024.jpg\" alt=\"080 Barcelona Spring-Summer 2017\" class=\"noLazy flagpm_photo swiper-lazy flagpm_photo_portrait\"><span class=\"swiper-lazy-preloader swiper-lazy-preloader-black\"><\/span><\/div><div class=\"swiper-slide flagpm_photo\" data-photo-id=\"24124\"><img data-src=\"https:\/\/bobvarela.com\/wp-content\/flagallery\/miquel-suay-en-el-080-barcelona-fashion-primaveraverano-2017\/thumbs\/thumbs_miquel_suay_025.jpg\" alt=\"080 Barcelona Spring-Summer 2017\" class=\"noLazy flagpm_photo swiper-lazy flagpm_photo_portrait\"><span class=\"swiper-lazy-preloader swiper-lazy-preloader-black\"><\/span><\/div><div class=\"swiper-slide flagpm_photo\" data-photo-id=\"24125\"><img data-src=\"https:\/\/bobvarela.com\/wp-content\/flagallery\/miquel-suay-en-el-080-barcelona-fashion-primaveraverano-2017\/thumbs\/thumbs_miquel_suay_026.jpg\" alt=\"080 Barcelona Spring-Summer 2017\" class=\"noLazy flagpm_photo swiper-lazy flagpm_photo_portrait\"><span class=\"swiper-lazy-preloader swiper-lazy-preloader-black\"><\/span><\/div><div class=\"swiper-slide flagpm_photo\" data-photo-id=\"24126\"><img data-src=\"https:\/\/bobvarela.com\/wp-content\/flagallery\/miquel-suay-en-el-080-barcelona-fashion-primaveraverano-2017\/thumbs\/thumbs_miquel_suay_027.jpg\" alt=\"080 Barcelona Spring-Summer 2017\" class=\"noLazy flagpm_photo swiper-lazy flagpm_photo_portrait\"><span class=\"swiper-lazy-preloader swiper-lazy-preloader-black\"><\/span><\/div><div class=\"swiper-slide flagpm_photo\" data-photo-id=\"24127\"><img data-src=\"https:\/\/bobvarela.com\/wp-content\/flagallery\/miquel-suay-en-el-080-barcelona-fashion-primaveraverano-2017\/thumbs\/thumbs_miquel_suay_028.jpg\" alt=\"080 Barcelona Spring-Summer 2017\" class=\"noLazy flagpm_photo swiper-lazy flagpm_photo_portrait\"><span class=\"swiper-lazy-preloader swiper-lazy-preloader-black\"><\/span><\/div><div class=\"swiper-slide flagpm_photo\" data-photo-id=\"24128\"><img data-src=\"https:\/\/bobvarela.com\/wp-content\/flagallery\/miquel-suay-en-el-080-barcelona-fashion-primaveraverano-2017\/thumbs\/thumbs_miquel_suay_029.jpg\" alt=\"080 Barcelona Spring-Summer 2017\" class=\"noLazy flagpm_photo swiper-lazy flagpm_photo_portrait\"><span class=\"swiper-lazy-preloader swiper-lazy-preloader-black\"><\/span><\/div><div class=\"swiper-slide flagpm_photo\" data-photo-id=\"24129\"><img data-src=\"https:\/\/bobvarela.com\/wp-content\/flagallery\/miquel-suay-en-el-080-barcelona-fashion-primaveraverano-2017\/thumbs\/thumbs_miquel_suay_030.jpg\" alt=\"080 Barcelona Spring-Summer 2017\" class=\"noLazy flagpm_photo swiper-lazy flagpm_photo_portrait\"><span class=\"swiper-lazy-preloader swiper-lazy-preloader-black\"><\/span><\/div><div class=\"swiper-slide flagpm_photo\" data-photo-id=\"24130\"><img data-src=\"https:\/\/bobvarela.com\/wp-content\/flagallery\/miquel-suay-en-el-080-barcelona-fashion-primaveraverano-2017\/thumbs\/thumbs_miquel_suay_031.jpg\" alt=\"080 Barcelona Spring-Summer 2017\" class=\"noLazy flagpm_photo swiper-lazy flagpm_photo_portrait\"><span class=\"swiper-lazy-preloader swiper-lazy-preloader-black\"><\/span><\/div><div class=\"swiper-slide flagpm_photo\" data-photo-id=\"24131\"><img data-src=\"https:\/\/bobvarela.com\/wp-content\/flagallery\/miquel-suay-en-el-080-barcelona-fashion-primaveraverano-2017\/thumbs\/thumbs_miquel_suay_032.jpg\" alt=\"080 Barcelona Spring-Summer 2017\" class=\"noLazy flagpm_photo swiper-lazy flagpm_photo_portrait\"><span class=\"swiper-lazy-preloader swiper-lazy-preloader-black\"><\/span><\/div><div class=\"swiper-slide flagpm_photo\" data-photo-id=\"24132\"><img data-src=\"https:\/\/bobvarela.com\/wp-content\/flagallery\/miquel-suay-en-el-080-barcelona-fashion-primaveraverano-2017\/thumbs\/thumbs_miquel_suay_033.jpg\" alt=\"080 Barcelona Spring-Summer 2017\" class=\"noLazy flagpm_photo swiper-lazy flagpm_photo_portrait\"><span class=\"swiper-lazy-preloader swiper-lazy-preloader-black\"><\/span><\/div><div class=\"swiper-slide flagpm_photo\" data-photo-id=\"24133\"><img data-src=\"https:\/\/bobvarela.com\/wp-content\/flagallery\/miquel-suay-en-el-080-barcelona-fashion-primaveraverano-2017\/thumbs\/thumbs_miquel_suay_034.jpg\" alt=\"080 Barcelona Spring-Summer 2017\" class=\"noLazy flagpm_photo swiper-lazy flagpm_photo_portrait\"><span class=\"swiper-lazy-preloader swiper-lazy-preloader-black\"><\/span><\/div><div class=\"swiper-slide flagpm_photo\" data-photo-id=\"24134\"><img data-src=\"https:\/\/bobvarela.com\/wp-content\/flagallery\/miquel-suay-en-el-080-barcelona-fashion-primaveraverano-2017\/thumbs\/thumbs_miquel_suay_035.jpg\" alt=\"080 Barcelona Spring-Summer 2017\" class=\"noLazy flagpm_photo swiper-lazy flagpm_photo_portrait\"><span class=\"swiper-lazy-preloader swiper-lazy-preloader-black\"><\/span><\/div><div class=\"swiper-slide flagpm_photo\" data-photo-id=\"24135\"><img data-src=\"https:\/\/bobvarela.com\/wp-content\/flagallery\/miquel-suay-en-el-080-barcelona-fashion-primaveraverano-2017\/thumbs\/thumbs_miquel_suay_036.jpg\" alt=\"080 Barcelona Spring-Summer 2017\" class=\"noLazy flagpm_photo swiper-lazy flagpm_photo_portrait\"><span class=\"swiper-lazy-preloader swiper-lazy-preloader-black\"><\/span><\/div><div class=\"swiper-slide flagpm_photo\" data-photo-id=\"24136\"><img data-src=\"https:\/\/bobvarela.com\/wp-content\/flagallery\/miquel-suay-en-el-080-barcelona-fashion-primaveraverano-2017\/thumbs\/thumbs_miquel_suay_037.jpg\" alt=\"080 Barcelona Spring-Summer 2017\" class=\"noLazy flagpm_photo swiper-lazy flagpm_photo_portrait\"><span class=\"swiper-lazy-preloader swiper-lazy-preloader-black\"><\/span><\/div><div class=\"swiper-slide flagpm_photo\" data-photo-id=\"24137\"><img data-src=\"https:\/\/bobvarela.com\/wp-content\/flagallery\/miquel-suay-en-el-080-barcelona-fashion-primaveraverano-2017\/thumbs\/thumbs_miquel_suay_038.jpg\" alt=\"080 Barcelona Spring-Summer 2017\" class=\"noLazy flagpm_photo swiper-lazy flagpm_photo_portrait\"><span class=\"swiper-lazy-preloader swiper-lazy-preloader-black\"><\/span><\/div><div class=\"swiper-slide flagpm_photo\" data-photo-id=\"24138\"><img data-src=\"https:\/\/bobvarela.com\/wp-content\/flagallery\/miquel-suay-en-el-080-barcelona-fashion-primaveraverano-2017\/thumbs\/thumbs_miquel_suay_039.jpg\" alt=\"080 Barcelona Spring-Summer 2017\" class=\"noLazy flagpm_photo swiper-lazy flagpm_photo_portrait\"><span class=\"swiper-lazy-preloader swiper-lazy-preloader-black\"><\/span><\/div><div class=\"swiper-slide flagpm_photo\" data-photo-id=\"24139\"><img data-src=\"https:\/\/bobvarela.com\/wp-content\/flagallery\/miquel-suay-en-el-080-barcelona-fashion-primaveraverano-2017\/thumbs\/thumbs_miquel_suay_040.jpg\" alt=\"080 Barcelona Spring-Summer 2017\" class=\"noLazy flagpm_photo swiper-lazy flagpm_photo_portrait\"><span class=\"swiper-lazy-preloader swiper-lazy-preloader-black\"><\/span><\/div><div class=\"swiper-slide flagpm_photo\" data-photo-id=\"24140\"><img data-src=\"https:\/\/bobvarela.com\/wp-content\/flagallery\/miquel-suay-en-el-080-barcelona-fashion-primaveraverano-2017\/thumbs\/thumbs_miquel_suay_041.jpg\" alt=\"080 Barcelona Spring-Summer 2017\" class=\"noLazy flagpm_photo swiper-lazy flagpm_photo_portrait\"><span class=\"swiper-lazy-preloader swiper-lazy-preloader-black\"><\/span><\/div><div class=\"swiper-slide flagpm_photo\" data-photo-id=\"24141\"><img data-src=\"https:\/\/bobvarela.com\/wp-content\/flagallery\/miquel-suay-en-el-080-barcelona-fashion-primaveraverano-2017\/thumbs\/thumbs_miquel_suay_042.jpg\" alt=\"080 Barcelona Spring-Summer 2017\" class=\"noLazy flagpm_photo swiper-lazy flagpm_photo_portrait\"><span class=\"swiper-lazy-preloader swiper-lazy-preloader-black\"><\/span><\/div><div class=\"swiper-slide flagpm_photo\" data-photo-id=\"24142\"><img data-src=\"https:\/\/bobvarela.com\/wp-content\/flagallery\/miquel-suay-en-el-080-barcelona-fashion-primaveraverano-2017\/thumbs\/thumbs_miquel_suay_043.jpg\" alt=\"080 Barcelona Spring-Summer 2017\" class=\"noLazy flagpm_photo swiper-lazy flagpm_photo_portrait\"><span class=\"swiper-lazy-preloader swiper-lazy-preloader-black\"><\/span><\/div><div class=\"swiper-slide flagpm_photo\" data-photo-id=\"24143\"><img data-src=\"https:\/\/bobvarela.com\/wp-content\/flagallery\/miquel-suay-en-el-080-barcelona-fashion-primaveraverano-2017\/thumbs\/thumbs_miquel_suay_044.jpg\" alt=\"080 Barcelona Spring-Summer 2017\" class=\"noLazy flagpm_photo swiper-lazy flagpm_photo_portrait\"><span class=\"swiper-lazy-preloader swiper-lazy-preloader-black\"><\/span><\/div><div class=\"swiper-slide flagpm_photo\" data-photo-id=\"24144\"><img data-src=\"https:\/\/bobvarela.com\/wp-content\/flagallery\/miquel-suay-en-el-080-barcelona-fashion-primaveraverano-2017\/thumbs\/thumbs_miquel_suay_045.jpg\" alt=\"080 Barcelona Spring-Summer 2017\" class=\"noLazy flagpm_photo swiper-lazy flagpm_photo_portrait\"><span class=\"swiper-lazy-preloader swiper-lazy-preloader-black\"><\/span><\/div><div class=\"swiper-slide flagpm_photo\" data-photo-id=\"24145\"><img data-src=\"https:\/\/bobvarela.com\/wp-content\/flagallery\/miquel-suay-en-el-080-barcelona-fashion-primaveraverano-2017\/thumbs\/thumbs_miquel_suay_046.jpg\" alt=\"080 Barcelona Spring-Summer 2017\" class=\"noLazy flagpm_photo swiper-lazy flagpm_photo_portrait\"><span class=\"swiper-lazy-preloader swiper-lazy-preloader-black\"><\/span><\/div><div class=\"swiper-slide flagpm_photo\" data-photo-id=\"24146\"><img data-src=\"https:\/\/bobvarela.com\/wp-content\/flagallery\/miquel-suay-en-el-080-barcelona-fashion-primaveraverano-2017\/thumbs\/thumbs_miquel_suay_047.jpg\" alt=\"080 Barcelona Spring-Summer 2017\" class=\"noLazy flagpm_photo swiper-lazy flagpm_photo_portrait\"><span class=\"swiper-lazy-preloader swiper-lazy-preloader-black\"><\/span><\/div><div class=\"swiper-slide flagpm_photo\" data-photo-id=\"24147\"><img data-src=\"https:\/\/bobvarela.com\/wp-content\/flagallery\/miquel-suay-en-el-080-barcelona-fashion-primaveraverano-2017\/thumbs\/thumbs_miquel_suay_048.jpg\" alt=\"080 Barcelona Spring-Summer 2017\" class=\"noLazy flagpm_photo swiper-lazy flagpm_photo_portrait\"><span class=\"swiper-lazy-preloader swiper-lazy-preloader-black\"><\/span><\/div><div class=\"swiper-slide flagpm_photo\" data-photo-id=\"24148\"><img data-src=\"https:\/\/bobvarela.com\/wp-content\/flagallery\/miquel-suay-en-el-080-barcelona-fashion-primaveraverano-2017\/thumbs\/thumbs_miquel_suay_049.jpg\" alt=\"080 Barcelona Spring-Summer 2017\" class=\"noLazy flagpm_photo swiper-lazy flagpm_photo_portrait\"><span class=\"swiper-lazy-preloader swiper-lazy-preloader-black\"><\/span><\/div><div class=\"swiper-slide flagpm_photo\" data-photo-id=\"24149\"><img data-src=\"https:\/\/bobvarela.com\/wp-content\/flagallery\/miquel-suay-en-el-080-barcelona-fashion-primaveraverano-2017\/thumbs\/thumbs_miquel_suay_050.jpg\" alt=\"080 Barcelona Spring-Summer 2017\" class=\"noLazy flagpm_photo swiper-lazy flagpm_photo_portrait\"><span class=\"swiper-lazy-preloader swiper-lazy-preloader-black\"><\/span><\/div><div class=\"swiper-slide flagpm_photo\" data-photo-id=\"24150\"><img data-src=\"https:\/\/bobvarela.com\/wp-content\/flagallery\/miquel-suay-en-el-080-barcelona-fashion-primaveraverano-2017\/thumbs\/thumbs_miquel_suay_051.jpg\" alt=\"080 Barcelona Spring-Summer 2017\" class=\"noLazy flagpm_photo swiper-lazy flagpm_photo_portrait\"><span class=\"swiper-lazy-preloader swiper-lazy-preloader-black\"><\/span><\/div><div class=\"swiper-slide flagpm_photo\" data-photo-id=\"24151\"><img data-src=\"https:\/\/bobvarela.com\/wp-content\/flagallery\/miquel-suay-en-el-080-barcelona-fashion-primaveraverano-2017\/thumbs\/thumbs_miquel_suay_052.jpg\" alt=\"080 Barcelona Spring-Summer 2017\" class=\"noLazy flagpm_photo swiper-lazy flagpm_photo_portrait\"><span class=\"swiper-lazy-preloader swiper-lazy-preloader-black\"><\/span><\/div><div class=\"swiper-slide flagpm_photo\" data-photo-id=\"24152\"><img data-src=\"https:\/\/bobvarela.com\/wp-content\/flagallery\/miquel-suay-en-el-080-barcelona-fashion-primaveraverano-2017\/thumbs\/thumbs_miquel_suay_053.jpg\" alt=\"080 Barcelona Spring-Summer 2017\" class=\"noLazy flagpm_photo swiper-lazy flagpm_photo_portrait\"><span class=\"swiper-lazy-preloader swiper-lazy-preloader-black\"><\/span><\/div><div class=\"swiper-slide flagpm_photo\" data-photo-id=\"24153\"><img data-src=\"https:\/\/bobvarela.com\/wp-content\/flagallery\/miquel-suay-en-el-080-barcelona-fashion-primaveraverano-2017\/thumbs\/thumbs_miquel_suay_054.jpg\" alt=\"080 Barcelona Spring-Summer 2017\" class=\"noLazy flagpm_photo swiper-lazy flagpm_photo_portrait\"><span class=\"swiper-lazy-preloader swiper-lazy-preloader-black\"><\/span><\/div><div class=\"swiper-slide flagpm_photo\" data-photo-id=\"24154\"><img data-src=\"https:\/\/bobvarela.com\/wp-content\/flagallery\/miquel-suay-en-el-080-barcelona-fashion-primaveraverano-2017\/thumbs\/thumbs_miquel_suay_055.jpg\" alt=\"080 Barcelona Spring-Summer 2017\" class=\"noLazy flagpm_photo swiper-lazy flagpm_photo_portrait\"><span class=\"swiper-lazy-preloader swiper-lazy-preloader-black\"><\/span><\/div><div class=\"swiper-slide flagpm_photo\" data-photo-id=\"24155\"><img data-src=\"https:\/\/bobvarela.com\/wp-content\/flagallery\/miquel-suay-en-el-080-barcelona-fashion-primaveraverano-2017\/thumbs\/thumbs_miquel_suay_056.jpg\" alt=\"080 Barcelona Spring-Summer 2017\" class=\"noLazy flagpm_photo swiper-lazy flagpm_photo_portrait\"><span class=\"swiper-lazy-preloader swiper-lazy-preloader-black\"><\/span><\/div><div class=\"swiper-slide flagpm_photo\" data-photo-id=\"24156\"><img data-src=\"https:\/\/bobvarela.com\/wp-content\/flagallery\/miquel-suay-en-el-080-barcelona-fashion-primaveraverano-2017\/thumbs\/thumbs_miquel_suay_057.jpg\" alt=\"080 Barcelona Spring-Summer 2017\" class=\"noLazy flagpm_photo swiper-lazy flagpm_photo_portrait\"><span class=\"swiper-lazy-preloader swiper-lazy-preloader-black\"><\/span><\/div><div class=\"swiper-slide flagpm_photo\" data-photo-id=\"24157\"><img data-src=\"https:\/\/bobvarela.com\/wp-content\/flagallery\/miquel-suay-en-el-080-barcelona-fashion-primaveraverano-2017\/thumbs\/thumbs_miquel_suay_058.jpg\" alt=\"080 Barcelona Spring-Summer 2017\" class=\"noLazy flagpm_photo swiper-lazy flagpm_photo_portrait\"><span class=\"swiper-lazy-preloader swiper-lazy-preloader-black\"><\/span><\/div><div class=\"swiper-slide flagpm_photo\" data-photo-id=\"24158\"><img data-src=\"https:\/\/bobvarela.com\/wp-content\/flagallery\/miquel-suay-en-el-080-barcelona-fashion-primaveraverano-2017\/thumbs\/thumbs_miquel_suay_059.jpg\" alt=\"080 Barcelona Spring-Summer 2017\" class=\"noLazy flagpm_photo swiper-lazy flagpm_photo_portrait\"><span class=\"swiper-lazy-preloader swiper-lazy-preloader-black\"><\/span><\/div><div class=\"swiper-slide flagpm_photo\" data-photo-id=\"24159\"><img data-src=\"https:\/\/bobvarela.com\/wp-content\/flagallery\/miquel-suay-en-el-080-barcelona-fashion-primaveraverano-2017\/thumbs\/thumbs_miquel_suay_060.jpg\" alt=\"080 Barcelona Spring-Summer 2017\" class=\"noLazy flagpm_photo swiper-lazy flagpm_photo_portrait\"><span class=\"swiper-lazy-preloader swiper-lazy-preloader-black\"><\/span><\/div> <\/div> <\/div> <\/div> <div class=\"flagpm_next_button\"><\/div> <\/div> <div class=\"flagpm_big_button_wrap\"> <div class=\"flagpm_share_wrapper\"> <a class=\"flagpm_button flagpm_share\">Share<\/a> <div class=\"flagpm_sharelizers_wrap\"> <ul class=\"flagpm_sharelizers\"> <li style=\"list-style:none;\"><a class=\"flagpm_button flagpm_facebook flagpm_sharelizer\">Facebook<\/a><\/li> <li style=\"list-style:none;\"><a class=\"flagpm_button flagpm_twitter flagpm_sharelizer\">Twitter<\/a><\/li> <li style=\"list-style:none;\"><a class=\"flagpm_button flagpm_pinterest flagpm_sharelizer\">Pinterest<\/a><\/li> <li style=\"list-style:none;\"><a class=\"flagpm_button flagpm_stumbleupon flagpm_sharelizer\">StumbleUpon<\/a><\/li> <\/ul> <\/div> <\/div> <a class=\"flagpm_button flagpm_like\">Like<\/a> <\/div> <div class=\"flagpm_big_button_wrap\"> <a class=\"flagpm_big_button flagpm_download_button\" href=\"https:\/\/bobvarela.com\/wp-content\/flagallery\/miquel-suay-en-el-080-barcelona-fashion-primaveraverano-2017\/miquel_suay_001.jpg\" download=\"miquel_suay_001.jpg\"> <span class=\"flagpm_icon\"><\/span> <span class=\"flagpm_label\">Download<\/span> <\/a> <\/div> <div class=\"flagpm_big_button_wrap\"> <a class=\"flagpm_big_button flagpm_link_button flagpm_inactive\" > <span class=\"flagpm_icon\"><\/span> <span class=\"flagpm_label\">Open Link<\/span> <\/a> <\/div> <\/div> <\/div> <\/div> <div class=\"flagpm_focus_close_full\"> <span><a class=\"flagpm_button flagpm_close\">Close<\/a><\/span> <span><a class=\"flagpm_button flagpm_full\">Full<\/a><\/span> <\/div> <div class=\"flagpm_photo_details\"> <div class=\"flagpm_description_wrap\"> <div class=\"details_title\">Description<\/div> <div class=\"flagpm_description_text_wrap\"> <div class=\"flagpm_slide_description\"><p>080 Barcelona Spring-Summer 2017<\/p><\/div> <\/div> <\/div> <\/div> <div class=\"flagpm_focus_footer\"> <div class=\"flagpm_focus_keyboard\"> <div class=\"flagpm_focus_keyboard_title\">Keyboard Shortcuts <a class=\"flagpm_focus_keyboard_dismiss\">Dismiss<\/a><\/div> <ul> <li style=\"list-style:none;\"><a data-key=\"p\" class=\"flagpm_key\">S<\/a><span class=\"flagpm_label\">Slideshow<\/span><\/li> <li style=\"list-style:none;\"><a data-key=\"m\" class=\"flagpm_key\">M<\/a><span class=\"flagpm_label\">Maximize<\/span><\/li> <li style=\"list-style:none;\"><a data-key=\"left\" class=\"flagpm_key\">&nbsp;<\/a><span class=\"flagpm_label\">Previous<\/span><\/li> <li style=\"list-style:none;\"><a data-key=\"right\" class=\"flagpm_key\">&nbsp;<\/a><span class=\"flagpm_label\">Next<\/span><\/li> <li style=\"list-style:none;\"><a data-key=\"escape\" class=\"flagpm_key flagpm_esc\">esc<\/a><span class=\"flagpm_label\">Close<\/span><\/li> <\/ul> <\/div> <\/div> <\/div> <script type=\"text\/javascript\"> jQuery(function($) { var settings = {\"base_gallery_width\":\"800\",\"base_gallery_height\":\"500\",\"gallery_min_height\":\"230\",\"scale_mode\":\"fit\",\"initial_slide\":0,\"slideshow_autoplay\":\"0\",\"slideshow_delay\":\"7000\",\"gallery_focus\":\"0\",\"gallery_maximized\":\"0\",\"gallery_focus_maximized\":\"0\",\"keyboard_help\":\"1\",\"show_download_button\":\"1\",\"show_link_button\":\"1\",\"show_description\":\"1\",\"show_share_button\":\"1\",\"show_like_button\":\"1\",\"link_color\":\"#0099e5\",\"link_color_hover\":\"#02adea\",\"download_button_text\":\"Download\",\"link_button_text\":\"Open Link\",\"description_title\":\"Description\",\"key\":\"\",\"name\":\"\",\"gallID\":\"sc1_336\"}; var content = {\"data\":[{\"id\":\"24100\",\"image\":\"https:\\\/\\\/bobvarela.com\\\/wp-content\\\/flagallery\\\/miquel-suay-en-el-080-barcelona-fashion-primaveraverano-2017\\\/webview\\\/miquel_suay_001.jpg\",\"thumb\":\"https:\\\/\\\/bobvarela.com\\\/wp-content\\\/flagallery\\\/miquel-suay-en-el-080-barcelona-fashion-primaveraverano-2017\\\/thumbs\\\/thumbs_miquel_suay_001.jpg\",\"file\":\"miquel_suay_001.jpg\",\"meta\":{\"aperture\":false,\"credit\":false,\"camera\":false,\"caption\":\"080 Barcelona Spring-Summer 2017\",\"created_timestamp\":\"June 27, 2016 7:34 pm\",\"copyright\":\"\\u00c2\\u00a9 2016 Estrop-Barcelona PHOTOGRAPH FOR FASHION EDITORIAL USE ONLY\",\"focal_length\":false,\"iso\":false,\"shutter_speed\":false,\"flash\":false,\"title\":\"080 Barcelona Spring-Summer 2017\",\"keywords\":\"080 Barcelona,Estrop-Barcelona,INEF,Spring-Summer 2017\",\"width\":1333,\"height\":2000,\"saved\":true,\"thumbnail\":{\"width\":220,\"height\":220,\"ewww_image_optimizer\":\"Reduced by 9.2% (2.7&nbsp;kB)\"},\"webview\":{\"0\":800,\"1\":1200,\"2\":2,\"3\":\"width=\\\"800\\\" height=\\\"1200\\\"\",\"bits\":8,\"channels\":3,\"mime\":\"image\\\/jpeg\",\"ewww_image_optimizer\":\"Reduced by 3.7% (4.2&nbsp;kB) - Previously Optimized\"},\"0\":false,\"ewww_image_optimizer\":\"Reduced by 9.3% (26.1&nbsp;kB)\",\"views\":\"119\",\"likes\":\"0\"},\"title\":\"080 Barcelona Spring-Summer 2017\",\"description\":\"<p>080 Barcelona Spring-Summer 2017<\\\/p>\",\"link\":null,\"link_target\":\"\",\"download\":\"https:\\\/\\\/bobvarela.com\\\/wp-content\\\/flagallery\\\/miquel-suay-en-el-080-barcelona-fashion-primaveraverano-2017\\\/miquel_suay_001.jpg\",\"ratio\":0.66666666666666662965923251249478198587894439697265625},{\"id\":\"24101\",\"image\":\"https:\\\/\\\/bobvarela.com\\\/wp-content\\\/flagallery\\\/miquel-suay-en-el-080-barcelona-fashion-primaveraverano-2017\\\/webview\\\/miquel_suay_002.jpg\",\"thumb\":\"https:\\\/\\\/bobvarela.com\\\/wp-content\\\/flagallery\\\/miquel-suay-en-el-080-barcelona-fashion-primaveraverano-2017\\\/thumbs\\\/thumbs_miquel_suay_002.jpg\",\"file\":\"miquel_suay_002.jpg\",\"meta\":{\"aperture\":false,\"credit\":false,\"camera\":false,\"caption\":\"080 Barcelona Spring-Summer 2017\",\"created_timestamp\":\"June 27, 2016 7:34 pm\",\"copyright\":\"\\u00c2\\u00a9 2016 Estrop-Barcelona PHOTOGRAPH FOR FASHION EDITORIAL USE ONLY\",\"focal_length\":false,\"iso\":false,\"shutter_speed\":false,\"flash\":false,\"title\":\"080 Barcelona Spring-Summer 2017\",\"keywords\":\"080 Barcelona,Estrop-Barcelona,INEF,Spring-Summer 2017\",\"width\":1333,\"height\":2000,\"saved\":true,\"thumbnail\":{\"width\":220,\"height\":220,\"ewww_image_optimizer\":\"Reduced by 8.1% (2.7&nbsp;kB)\"},\"webview\":{\"0\":800,\"1\":1200,\"2\":2,\"3\":\"width=\\\"800\\\" height=\\\"1200\\\"\",\"bits\":8,\"channels\":3,\"mime\":\"image\\\/jpeg\",\"ewww_image_optimizer\":\"Reduced by 2.6% (4.6&nbsp;kB) - Previously Optimized\"},\"0\":false,\"ewww_image_optimizer\":\"Reduced by 17.0% (49.3&nbsp;kB)\",\"views\":\"1\",\"likes\":\"0\"},\"title\":\"080 Barcelona Spring-Summer 2017\",\"description\":\"<p>080 Barcelona Spring-Summer 2017<\\\/p>\",\"link\":null,\"link_target\":\"\",\"download\":\"https:\\\/\\\/bobvarela.com\\\/wp-content\\\/flagallery\\\/miquel-suay-en-el-080-barcelona-fashion-primaveraverano-2017\\\/miquel_suay_002.jpg\",\"ratio\":0.66666666666666662965923251249478198587894439697265625},{\"id\":\"24102\",\"image\":\"https:\\\/\\\/bobvarela.com\\\/wp-content\\\/flagallery\\\/miquel-suay-en-el-080-barcelona-fashion-primaveraverano-2017\\\/webview\\\/miquel_suay_003.jpg\",\"thumb\":\"https:\\\/\\\/bobvarela.com\\\/wp-content\\\/flagallery\\\/miquel-suay-en-el-080-barcelona-fashion-primaveraverano-2017\\\/thumbs\\\/thumbs_miquel_suay_003.jpg\",\"file\":\"miquel_suay_003.jpg\",\"meta\":{\"aperture\":false,\"credit\":false,\"camera\":false,\"caption\":\"080 Barcelona Spring-Summer 2017\",\"created_timestamp\":\"June 27, 2016 7:34 pm\",\"copyright\":\"\\u00c2\\u00a9 2016 Estrop-Barcelona PHOTOGRAPH FOR FASHION EDITORIAL USE ONLY\",\"focal_length\":false,\"iso\":false,\"shutter_speed\":false,\"flash\":false,\"title\":\"080 Barcelona Spring-Summer 2017\",\"keywords\":\"080 Barcelona,Estrop-Barcelona,INEF,Spring-Summer 2017\",\"width\":1333,\"height\":2000,\"saved\":true,\"thumbnail\":{\"width\":220,\"height\":220,\"ewww_image_optimizer\":\"Reduced by 7.2% (2.7&nbsp;kB)\"},\"webview\":{\"0\":800,\"1\":1200,\"2\":2,\"3\":\"width=\\\"800\\\" height=\\\"1200\\\"\",\"bits\":8,\"channels\":3,\"mime\":\"image\\\/jpeg\",\"ewww_image_optimizer\":\"Reduced by 4.0% (9.9&nbsp;kB) - Previously Optimized\"},\"0\":false,\"ewww_image_optimizer\":\"Reduced by 17.5% (50.4&nbsp;kB)\",\"views\":\"2\",\"likes\":\"0\"},\"title\":\"080 Barcelona Spring-Summer 2017\",\"description\":\"<p>080 Barcelona Spring-Summer 2017<\\\/p>\",\"link\":null,\"link_target\":\"\",\"download\":\"https:\\\/\\\/bobvarela.com\\\/wp-content\\\/flagallery\\\/miquel-suay-en-el-080-barcelona-fashion-primaveraverano-2017\\\/miquel_suay_003.jpg\",\"ratio\":0.66666666666666662965923251249478198587894439697265625},{\"id\":\"24103\",\"image\":\"https:\\\/\\\/bobvarela.com\\\/wp-content\\\/flagallery\\\/miquel-suay-en-el-080-barcelona-fashion-primaveraverano-2017\\\/webview\\\/miquel_suay_004.jpg\",\"thumb\":\"https:\\\/\\\/bobvarela.com\\\/wp-content\\\/flagallery\\\/miquel-suay-en-el-080-barcelona-fashion-primaveraverano-2017\\\/thumbs\\\/thumbs_miquel_suay_004.jpg\",\"file\":\"miquel_suay_004.jpg\",\"meta\":{\"aperture\":false,\"credit\":false,\"camera\":false,\"caption\":\"080 Barcelona Spring-Summer 2017\",\"created_timestamp\":\"June 27, 2016 7:35 pm\",\"copyright\":\"\\u00c2\\u00a9 2016 Estrop-Barcelona PHOTOGRAPH FOR FASHION EDITORIAL USE ONLY\",\"focal_length\":false,\"iso\":false,\"shutter_speed\":false,\"flash\":false,\"title\":\"080 Barcelona Spring-Summer 2017\",\"keywords\":\"080 Barcelona,Estrop-Barcelona,INEF,Spring-Summer 2017\",\"width\":1333,\"height\":2000,\"saved\":true,\"thumbnail\":{\"width\":220,\"height\":220,\"ewww_image_optimizer\":\"Reduced by 9.6% (2.7&nbsp;kB)\"},\"webview\":{\"0\":800,\"1\":1200,\"2\":2,\"3\":\"width=\\\"800\\\" height=\\\"1200\\\"\",\"bits\":8,\"channels\":3,\"mime\":\"image\\\/jpeg\",\"ewww_image_optimizer\":\"Reduced by 3.6% (3.5&nbsp;kB) - Previously Optimized\"},\"0\":false,\"ewww_image_optimizer\":\"Reduced by 9.7% (26.4&nbsp;kB)\",\"views\":\"0\",\"likes\":\"0\"},\"title\":\"080 Barcelona Spring-Summer 2017\",\"description\":\"<p>080 Barcelona Spring-Summer 2017<\\\/p>\",\"link\":null,\"link_target\":\"\",\"download\":\"https:\\\/\\\/bobvarela.com\\\/wp-content\\\/flagallery\\\/miquel-suay-en-el-080-barcelona-fashion-primaveraverano-2017\\\/miquel_suay_004.jpg\",\"ratio\":0.66666666666666662965923251249478198587894439697265625},{\"id\":\"24104\",\"image\":\"https:\\\/\\\/bobvarela.com\\\/wp-content\\\/flagallery\\\/miquel-suay-en-el-080-barcelona-fashion-primaveraverano-2017\\\/webview\\\/miquel_suay_005.jpg\",\"thumb\":\"https:\\\/\\\/bobvarela.com\\\/wp-content\\\/flagallery\\\/miquel-suay-en-el-080-barcelona-fashion-primaveraverano-2017\\\/thumbs\\\/thumbs_miquel_suay_005.jpg\",\"file\":\"miquel_suay_005.jpg\",\"meta\":{\"aperture\":false,\"credit\":false,\"camera\":false,\"caption\":\"080 Barcelona Spring-Summer 2017\",\"created_timestamp\":\"June 27, 2016 7:35 pm\",\"copyright\":\"\\u00c2\\u00a9 2016 Estrop-Barcelona PHOTOGRAPH FOR FASHION EDITORIAL USE ONLY\",\"focal_length\":false,\"iso\":false,\"shutter_speed\":false,\"flash\":false,\"title\":\"080 Barcelona Spring-Summer 2017\",\"keywords\":\"080 Barcelona,Estrop-Barcelona,INEF,Spring-Summer 2017\",\"width\":1333,\"height\":2000,\"saved\":true,\"thumbnail\":{\"width\":220,\"height\":220,\"ewww_image_optimizer\":\"Reduced by 9.1% (2.8&nbsp;kB)\"},\"webview\":{\"0\":800,\"1\":1200,\"2\":2,\"3\":\"width=\\\"800\\\" height=\\\"1200\\\"\",\"bits\":8,\"channels\":3,\"mime\":\"image\\\/jpeg\",\"ewww_image_optimizer\":\"Reduced by 4.6% (6.2&nbsp;kB) - Previously Optimized\"},\"0\":false,\"ewww_image_optimizer\":\"Reduced by 8.4% (23.6&nbsp;kB)\",\"views\":\"1\",\"likes\":\"0\"},\"title\":\"080 Barcelona Spring-Summer 2017\",\"description\":\"<p>080 Barcelona Spring-Summer 2017<\\\/p>\",\"link\":null,\"link_target\":\"\",\"download\":\"https:\\\/\\\/bobvarela.com\\\/wp-content\\\/flagallery\\\/miquel-suay-en-el-080-barcelona-fashion-primaveraverano-2017\\\/miquel_suay_005.jpg\",\"ratio\":0.66666666666666662965923251249478198587894439697265625},{\"id\":\"24105\",\"image\":\"https:\\\/\\\/bobvarela.com\\\/wp-content\\\/flagallery\\\/miquel-suay-en-el-080-barcelona-fashion-primaveraverano-2017\\\/webview\\\/miquel_suay_006.jpg\",\"thumb\":\"https:\\\/\\\/bobvarela.com\\\/wp-content\\\/flagallery\\\/miquel-suay-en-el-080-barcelona-fashion-primaveraverano-2017\\\/thumbs\\\/thumbs_miquel_suay_006.jpg\",\"file\":\"miquel_suay_006.jpg\",\"meta\":{\"aperture\":false,\"credit\":false,\"camera\":false,\"caption\":\"080 Barcelona Spring-Summer 2017\",\"created_timestamp\":\"June 27, 2016 7:35 pm\",\"copyright\":\"\\u00c2\\u00a9 2016 Estrop-Barcelona PHOTOGRAPH FOR FASHION EDITORIAL USE ONLY\",\"focal_length\":false,\"iso\":false,\"shutter_speed\":false,\"flash\":false,\"title\":\"080 Barcelona Spring-Summer 2017\",\"keywords\":\"080 Barcelona,Estrop-Barcelona,INEF,Spring-Summer 2017\",\"width\":1333,\"height\":2000,\"saved\":true,\"thumbnail\":{\"width\":220,\"height\":220,\"ewww_image_optimizer\":\"Reduced by 9.3% (2.7&nbsp;kB)\"},\"webview\":{\"0\":800,\"1\":1200,\"2\":2,\"3\":\"width=\\\"800\\\" height=\\\"1200\\\"\",\"bits\":8,\"channels\":3,\"mime\":\"image\\\/jpeg\",\"ewww_image_optimizer\":\"Reduced by 3.1% (2.9&nbsp;kB) - Previously Optimized\"},\"0\":false,\"ewww_image_optimizer\":\"Reduced by 9.2% (23.8&nbsp;kB)\",\"views\":\"0\",\"likes\":\"0\"},\"title\":\"080 Barcelona Spring-Summer 2017\",\"description\":\"<p>080 Barcelona Spring-Summer 2017<\\\/p>\",\"link\":null,\"link_target\":\"\",\"download\":\"https:\\\/\\\/bobvarela.com\\\/wp-content\\\/flagallery\\\/miquel-suay-en-el-080-barcelona-fashion-primaveraverano-2017\\\/miquel_suay_006.jpg\",\"ratio\":0.66666666666666662965923251249478198587894439697265625},{\"id\":\"24106\",\"image\":\"https:\\\/\\\/bobvarela.com\\\/wp-content\\\/flagallery\\\/miquel-suay-en-el-080-barcelona-fashion-primaveraverano-2017\\\/webview\\\/miquel_suay_007.jpg\",\"thumb\":\"https:\\\/\\\/bobvarela.com\\\/wp-content\\\/flagallery\\\/miquel-suay-en-el-080-barcelona-fashion-primaveraverano-2017\\\/thumbs\\\/thumbs_miquel_suay_007.jpg\",\"file\":\"miquel_suay_007.jpg\",\"meta\":{\"aperture\":false,\"credit\":false,\"camera\":false,\"caption\":\"080 Barcelona Spring-Summer 2017\",\"created_timestamp\":\"June 27, 2016 7:35 pm\",\"copyright\":\"\\u00c2\\u00a9 2016 Estrop-Barcelona PHOTOGRAPH FOR FASHION EDITORIAL USE ONLY\",\"focal_length\":false,\"iso\":false,\"shutter_speed\":false,\"flash\":false,\"title\":\"080 Barcelona Spring-Summer 2017\",\"keywords\":\"080 Barcelona,Estrop-Barcelona,INEF,Spring-Summer 2017\",\"width\":1333,\"height\":2000,\"saved\":true,\"thumbnail\":{\"width\":220,\"height\":220,\"ewww_image_optimizer\":\"Reduced by 9.8% (3.1&nbsp;kB)\"},\"webview\":{\"0\":800,\"1\":1200,\"2\":2,\"3\":\"width=\\\"800\\\" height=\\\"1200\\\"\",\"bits\":8,\"channels\":3,\"mime\":\"image\\\/jpeg\",\"ewww_image_optimizer\":\"Reduced by 3.7% (4.4&nbsp;kB) - Previously Optimized\"},\"0\":false,\"ewww_image_optimizer\":\"Reduced by 8.0% (19.6&nbsp;kB)\",\"views\":\"2\",\"likes\":\"0\"},\"title\":\"080 Barcelona Spring-Summer 2017\",\"description\":\"<p>080 Barcelona Spring-Summer 2017<\\\/p>\",\"link\":null,\"link_target\":\"\",\"download\":\"https:\\\/\\\/bobvarela.com\\\/wp-content\\\/flagallery\\\/miquel-suay-en-el-080-barcelona-fashion-primaveraverano-2017\\\/miquel_suay_007.jpg\",\"ratio\":0.66666666666666662965923251249478198587894439697265625},{\"id\":\"24107\",\"image\":\"https:\\\/\\\/bobvarela.com\\\/wp-content\\\/flagallery\\\/miquel-suay-en-el-080-barcelona-fashion-primaveraverano-2017\\\/webview\\\/miquel_suay_008.jpg\",\"thumb\":\"https:\\\/\\\/bobvarela.com\\\/wp-content\\\/flagallery\\\/miquel-suay-en-el-080-barcelona-fashion-primaveraverano-2017\\\/thumbs\\\/thumbs_miquel_suay_008.jpg\",\"file\":\"miquel_suay_008.jpg\",\"meta\":{\"aperture\":false,\"credit\":false,\"camera\":false,\"caption\":\"080 Barcelona Spring-Summer 2017\",\"created_timestamp\":\"June 27, 2016 7:35 pm\",\"copyright\":\"\\u00c2\\u00a9 2016 Estrop-Barcelona PHOTOGRAPH FOR FASHION EDITORIAL USE ONLY\",\"focal_length\":false,\"iso\":false,\"shutter_speed\":false,\"flash\":false,\"title\":\"080 Barcelona Spring-Summer 2017\",\"keywords\":\"080 Barcelona,Estrop-Barcelona,INEF,Spring-Summer 2017\",\"width\":1333,\"height\":2000,\"saved\":true,\"thumbnail\":{\"width\":220,\"height\":220,\"ewww_image_optimizer\":\"Reduced by 9.8% (2.6&nbsp;kB)\"},\"webview\":{\"0\":800,\"1\":1200,\"2\":2,\"3\":\"width=\\\"800\\\" height=\\\"1200\\\"\",\"bits\":8,\"channels\":3,\"mime\":\"image\\\/jpeg\",\"ewww_image_optimizer\":\"Reduced by 4.0% (3.4&nbsp;kB) - Previously Optimized\"},\"0\":false,\"ewww_image_optimizer\":\"Reduced by 10.9% (25.1&nbsp;kB)\",\"views\":\"0\",\"likes\":\"0\"},\"title\":\"080 Barcelona Spring-Summer 2017\",\"description\":\"<p>080 Barcelona Spring-Summer 2017<\\\/p>\",\"link\":null,\"link_target\":\"\",\"download\":\"https:\\\/\\\/bobvarela.com\\\/wp-content\\\/flagallery\\\/miquel-suay-en-el-080-barcelona-fashion-primaveraverano-2017\\\/miquel_suay_008.jpg\",\"ratio\":0.66666666666666662965923251249478198587894439697265625},{\"id\":\"24108\",\"image\":\"https:\\\/\\\/bobvarela.com\\\/wp-content\\\/flagallery\\\/miquel-suay-en-el-080-barcelona-fashion-primaveraverano-2017\\\/webview\\\/miquel_suay_009.jpg\",\"thumb\":\"https:\\\/\\\/bobvarela.com\\\/wp-content\\\/flagallery\\\/miquel-suay-en-el-080-barcelona-fashion-primaveraverano-2017\\\/thumbs\\\/thumbs_miquel_suay_009.jpg\",\"file\":\"miquel_suay_009.jpg\",\"meta\":{\"aperture\":false,\"credit\":false,\"camera\":false,\"caption\":\"080 Barcelona Spring-Summer 2017\",\"created_timestamp\":\"June 27, 2016 7:35 pm\",\"copyright\":\"\\u00c2\\u00a9 2016 Estrop-Barcelona PHOTOGRAPH FOR FASHION EDITORIAL USE ONLY\",\"focal_length\":false,\"iso\":false,\"shutter_speed\":false,\"flash\":false,\"title\":\"080 Barcelona Spring-Summer 2017\",\"keywords\":\"080 Barcelona,Estrop-Barcelona,INEF,Spring-Summer 2017\",\"width\":1333,\"height\":2000,\"saved\":true,\"thumbnail\":{\"width\":220,\"height\":220,\"ewww_image_optimizer\":\"Reduced by 9.0% (2.9&nbsp;kB)\"},\"webview\":{\"0\":800,\"1\":1200,\"2\":2,\"3\":\"width=\\\"800\\\" height=\\\"1200\\\"\",\"bits\":8,\"channels\":3,\"mime\":\"image\\\/jpeg\",\"ewww_image_optimizer\":\"Reduced by 4.2% (4.9&nbsp;kB) - Previously Optimized\"},\"0\":false,\"ewww_image_optimizer\":\"Reduced by 8.5% (20.7&nbsp;kB)\",\"views\":\"1\",\"likes\":\"0\"},\"title\":\"080 Barcelona Spring-Summer 2017\",\"description\":\"<p>080 Barcelona Spring-Summer 2017<\\\/p>\",\"link\":null,\"link_target\":\"\",\"download\":\"https:\\\/\\\/bobvarela.com\\\/wp-content\\\/flagallery\\\/miquel-suay-en-el-080-barcelona-fashion-primaveraverano-2017\\\/miquel_suay_009.jpg\",\"ratio\":0.66666666666666662965923251249478198587894439697265625},{\"id\":\"24109\",\"image\":\"https:\\\/\\\/bobvarela.com\\\/wp-content\\\/flagallery\\\/miquel-suay-en-el-080-barcelona-fashion-primaveraverano-2017\\\/webview\\\/miquel_suay_010.jpg\",\"thumb\":\"https:\\\/\\\/bobvarela.com\\\/wp-content\\\/flagallery\\\/miquel-suay-en-el-080-barcelona-fashion-primaveraverano-2017\\\/thumbs\\\/thumbs_miquel_suay_010.jpg\",\"file\":\"miquel_suay_010.jpg\",\"meta\":{\"aperture\":false,\"credit\":false,\"camera\":false,\"caption\":\"080 Barcelona Spring-Summer 2017\",\"created_timestamp\":\"June 27, 2016 7:35 pm\",\"copyright\":\"\\u00c2\\u00a9 2016 Estrop-Barcelona PHOTOGRAPH FOR FASHION EDITORIAL USE ONLY\",\"focal_length\":false,\"iso\":false,\"shutter_speed\":false,\"flash\":false,\"title\":\"080 Barcelona Spring-Summer 2017\",\"keywords\":\"080 Barcelona,Estrop-Barcelona,INEF,Spring-Summer 2017\",\"width\":1600,\"height\":1067,\"saved\":true,\"thumbnail\":{\"width\":220,\"height\":220,\"ewww_image_optimizer\":\"Reduced by 9.8% (3.8&nbsp;kB)\"},\"webview\":{\"0\":1200,\"1\":800,\"2\":2,\"3\":\"width=\\\"1200\\\" height=\\\"800\\\"\",\"bits\":8,\"channels\":3,\"mime\":\"image\\\/jpeg\",\"ewww_image_optimizer\":\"Reduced by 5.4% (7.5&nbsp;kB) - Previously Optimized\"},\"0\":false,\"ewww_image_optimizer\":\"Reduced by 7.1% (17.8&nbsp;kB)\",\"views\":\"2\",\"likes\":\"0\"},\"title\":\"080 Barcelona Spring-Summer 2017\",\"description\":\"<p>080 Barcelona Spring-Summer 2017<\\\/p>\",\"link\":null,\"link_target\":\"\",\"download\":\"https:\\\/\\\/bobvarela.com\\\/wp-content\\\/flagallery\\\/miquel-suay-en-el-080-barcelona-fashion-primaveraverano-2017\\\/miquel_suay_010.jpg\",\"ratio\":1.5},{\"id\":\"24110\",\"image\":\"https:\\\/\\\/bobvarela.com\\\/wp-content\\\/flagallery\\\/miquel-suay-en-el-080-barcelona-fashion-primaveraverano-2017\\\/webview\\\/miquel_suay_011.jpg\",\"thumb\":\"https:\\\/\\\/bobvarela.com\\\/wp-content\\\/flagallery\\\/miquel-suay-en-el-080-barcelona-fashion-primaveraverano-2017\\\/thumbs\\\/thumbs_miquel_suay_011.jpg\",\"file\":\"miquel_suay_011.jpg\",\"meta\":{\"aperture\":false,\"credit\":false,\"camera\":false,\"caption\":\"080 Barcelona Spring-Summer 2017\",\"created_timestamp\":\"June 27, 2016 7:35 pm\",\"copyright\":\"\\u00c2\\u00a9 2016 Estrop-Barcelona PHOTOGRAPH FOR FASHION EDITORIAL USE ONLY\",\"focal_length\":false,\"iso\":false,\"shutter_speed\":false,\"flash\":false,\"title\":\"080 Barcelona Spring-Summer 2017\",\"keywords\":\"080 Barcelona,Estrop-Barcelona,INEF,Spring-Summer 2017\",\"width\":1333,\"height\":2000,\"saved\":true,\"thumbnail\":{\"width\":220,\"height\":220,\"ewww_image_optimizer\":\"Reduced by 9.8% (2.6&nbsp;kB)\"},\"webview\":{\"0\":800,\"1\":1200,\"2\":2,\"3\":\"width=\\\"800\\\" height=\\\"1200\\\"\",\"bits\":8,\"channels\":3,\"mime\":\"image\\\/jpeg\",\"ewww_image_optimizer\":\"Reduced by 5.1% (4.4&nbsp;kB) - Previously Optimized\"},\"0\":false,\"ewww_image_optimizer\":\"Reduced by 11.7% (27.0&nbsp;kB)\",\"views\":\"1\",\"likes\":\"0\"},\"title\":\"080 Barcelona Spring-Summer 2017\",\"description\":\"<p>080 Barcelona Spring-Summer 2017<\\\/p>\",\"link\":null,\"link_target\":\"\",\"download\":\"https:\\\/\\\/bobvarela.com\\\/wp-content\\\/flagallery\\\/miquel-suay-en-el-080-barcelona-fashion-primaveraverano-2017\\\/miquel_suay_011.jpg\",\"ratio\":0.66666666666666662965923251249478198587894439697265625},{\"id\":\"24111\",\"image\":\"https:\\\/\\\/bobvarela.com\\\/wp-content\\\/flagallery\\\/miquel-suay-en-el-080-barcelona-fashion-primaveraverano-2017\\\/webview\\\/miquel_suay_012.jpg\",\"thumb\":\"https:\\\/\\\/bobvarela.com\\\/wp-content\\\/flagallery\\\/miquel-suay-en-el-080-barcelona-fashion-primaveraverano-2017\\\/thumbs\\\/thumbs_miquel_suay_012.jpg\",\"file\":\"miquel_suay_012.jpg\",\"meta\":{\"aperture\":false,\"credit\":false,\"camera\":false,\"caption\":\"080 Barcelona Spring-Summer 2017\",\"created_timestamp\":\"June 27, 2016 7:35 pm\",\"copyright\":\"\\u00c2\\u00a9 2016 Estrop-Barcelona PHOTOGRAPH FOR FASHION EDITORIAL USE ONLY\",\"focal_length\":false,\"iso\":false,\"shutter_speed\":false,\"flash\":false,\"title\":\"080 Barcelona Spring-Summer 2017\",\"keywords\":\"080 Barcelona,Estrop-Barcelona,INEF,Spring-Summer 2017\",\"width\":1333,\"height\":2000,\"saved\":true,\"thumbnail\":{\"width\":220,\"height\":220,\"ewww_image_optimizer\":\"Reduced by 7.5% (2.0&nbsp;kB)\"},\"webview\":{\"0\":800,\"1\":1200,\"2\":2,\"3\":\"width=\\\"800\\\" height=\\\"1200\\\"\",\"bits\":8,\"channels\":3,\"mime\":\"image\\\/jpeg\",\"ewww_image_optimizer\":\"Reduced by 3.4% (4.0&nbsp;kB) - Previously Optimized\"},\"0\":false,\"ewww_image_optimizer\":\"Reduced by 7.9% (20.0&nbsp;kB)\",\"views\":\"0\",\"likes\":\"0\"},\"title\":\"080 Barcelona Spring-Summer 2017\",\"description\":\"<p>080 Barcelona Spring-Summer 2017<\\\/p>\",\"link\":null,\"link_target\":\"\",\"download\":\"https:\\\/\\\/bobvarela.com\\\/wp-content\\\/flagallery\\\/miquel-suay-en-el-080-barcelona-fashion-primaveraverano-2017\\\/miquel_suay_012.jpg\",\"ratio\":0.66666666666666662965923251249478198587894439697265625},{\"id\":\"24112\",\"image\":\"https:\\\/\\\/bobvarela.com\\\/wp-content\\\/flagallery\\\/miquel-suay-en-el-080-barcelona-fashion-primaveraverano-2017\\\/webview\\\/miquel_suay_013.jpg\",\"thumb\":\"https:\\\/\\\/bobvarela.com\\\/wp-content\\\/flagallery\\\/miquel-suay-en-el-080-barcelona-fashion-primaveraverano-2017\\\/thumbs\\\/thumbs_miquel_suay_013.jpg\",\"file\":\"miquel_suay_013.jpg\",\"meta\":{\"aperture\":false,\"credit\":false,\"camera\":false,\"caption\":\"080 Barcelona Spring-Summer 2017\",\"created_timestamp\":\"June 27, 2016 7:35 pm\",\"copyright\":\"\\u00c2\\u00a9 2016 Estrop-Barcelona PHOTOGRAPH FOR FASHION EDITORIAL USE ONLY\",\"focal_length\":false,\"iso\":false,\"shutter_speed\":false,\"flash\":false,\"title\":\"080 Barcelona Spring-Summer 2017\",\"keywords\":\"080 Barcelona,Estrop-Barcelona,INEF,Spring-Summer 2017\",\"width\":1333,\"height\":2000,\"saved\":true,\"thumbnail\":{\"width\":220,\"height\":220,\"ewww_image_optimizer\":\"Reduced by 10.1% (2.7&nbsp;kB)\"},\"webview\":{\"0\":800,\"1\":1200,\"2\":2,\"3\":\"width=\\\"800\\\" height=\\\"1200\\\"\",\"bits\":8,\"channels\":3,\"mime\":\"image\\\/jpeg\",\"ewww_image_optimizer\":\"Reduced by 4.8% (3.7&nbsp;kB) - Previously Optimized\"},\"0\":false,\"ewww_image_optimizer\":\"Reduced by 8.6% (23.8&nbsp;kB)\",\"views\":\"1\",\"likes\":\"0\"},\"title\":\"080 Barcelona Spring-Summer 2017\",\"description\":\"<p>080 Barcelona Spring-Summer 2017<\\\/p>\",\"link\":null,\"link_target\":\"\",\"download\":\"https:\\\/\\\/bobvarela.com\\\/wp-content\\\/flagallery\\\/miquel-suay-en-el-080-barcelona-fashion-primaveraverano-2017\\\/miquel_suay_013.jpg\",\"ratio\":0.66666666666666662965923251249478198587894439697265625},{\"id\":\"24113\",\"image\":\"https:\\\/\\\/bobvarela.com\\\/wp-content\\\/flagallery\\\/miquel-suay-en-el-080-barcelona-fashion-primaveraverano-2017\\\/webview\\\/miquel_suay_014.jpg\",\"thumb\":\"https:\\\/\\\/bobvarela.com\\\/wp-content\\\/flagallery\\\/miquel-suay-en-el-080-barcelona-fashion-primaveraverano-2017\\\/thumbs\\\/thumbs_miquel_suay_014.jpg\",\"file\":\"miquel_suay_014.jpg\",\"meta\":{\"aperture\":false,\"credit\":false,\"camera\":false,\"caption\":\"080 Barcelona Spring-Summer 2017\",\"created_timestamp\":\"June 27, 2016 7:36 pm\",\"copyright\":\"\\u00c2\\u00a9 2016 Estrop-Barcelona PHOTOGRAPH FOR FASHION EDITORIAL USE ONLY\",\"focal_length\":false,\"iso\":false,\"shutter_speed\":false,\"flash\":false,\"title\":\"080 Barcelona Spring-Summer 2017\",\"keywords\":\"080 Barcelona,Estrop-Barcelona,INEF,Spring-Summer 2017\",\"width\":1333,\"height\":2000,\"saved\":true,\"thumbnail\":{\"width\":220,\"height\":220,\"ewww_image_optimizer\":\"Reduced by 9.1% (2.5&nbsp;kB)\"},\"webview\":{\"0\":800,\"1\":1200,\"2\":2,\"3\":\"width=\\\"800\\\" height=\\\"1200\\\"\",\"bits\":8,\"channels\":3,\"mime\":\"image\\\/jpeg\",\"ewww_image_optimizer\":\"Reduced by 2.4% (2.4&nbsp;kB) - Previously Optimized\"},\"0\":false,\"ewww_image_optimizer\":\"Reduced by 10.3% (30.3&nbsp;kB)\",\"views\":\"0\",\"likes\":\"0\"},\"title\":\"080 Barcelona Spring-Summer 2017\",\"description\":\"<p>080 Barcelona Spring-Summer 2017<\\\/p>\",\"link\":null,\"link_target\":\"\",\"download\":\"https:\\\/\\\/bobvarela.com\\\/wp-content\\\/flagallery\\\/miquel-suay-en-el-080-barcelona-fashion-primaveraverano-2017\\\/miquel_suay_014.jpg\",\"ratio\":0.66666666666666662965923251249478198587894439697265625},{\"id\":\"24114\",\"image\":\"https:\\\/\\\/bobvarela.com\\\/wp-content\\\/flagallery\\\/miquel-suay-en-el-080-barcelona-fashion-primaveraverano-2017\\\/webview\\\/miquel_suay_015.jpg\",\"thumb\":\"https:\\\/\\\/bobvarela.com\\\/wp-content\\\/flagallery\\\/miquel-suay-en-el-080-barcelona-fashion-primaveraverano-2017\\\/thumbs\\\/thumbs_miquel_suay_015.jpg\",\"file\":\"miquel_suay_015.jpg\",\"meta\":{\"aperture\":false,\"credit\":false,\"camera\":false,\"caption\":\"080 Barcelona Spring-Summer 2017\",\"created_timestamp\":\"June 27, 2016 7:36 pm\",\"copyright\":\"\\u00c2\\u00a9 2016 Estrop-Barcelona PHOTOGRAPH FOR FASHION EDITORIAL USE ONLY\",\"focal_length\":false,\"iso\":false,\"shutter_speed\":false,\"flash\":false,\"title\":\"080 Barcelona Spring-Summer 2017\",\"keywords\":\"080 Barcelona,Estrop-Barcelona,INEF,Spring-Summer 2017\",\"width\":1333,\"height\":2000,\"saved\":true,\"thumbnail\":{\"width\":220,\"height\":220,\"ewww_image_optimizer\":\"Reduced by 8.9% (2.7&nbsp;kB)\"},\"webview\":{\"0\":800,\"1\":1200,\"2\":2,\"3\":\"width=\\\"800\\\" height=\\\"1200\\\"\",\"bits\":8,\"channels\":3,\"mime\":\"image\\\/jpeg\",\"ewww_image_optimizer\":\"Reduced by 4.5% (4.1&nbsp;kB) - Previously Optimized\"},\"0\":false,\"ewww_image_optimizer\":\"Reduced by 7.0% (20.9&nbsp;kB)\",\"views\":\"1\",\"likes\":\"0\"},\"title\":\"080 Barcelona Spring-Summer 2017\",\"description\":\"<p>080 Barcelona Spring-Summer 2017<\\\/p>\",\"link\":null,\"link_target\":\"\",\"download\":\"https:\\\/\\\/bobvarela.com\\\/wp-content\\\/flagallery\\\/miquel-suay-en-el-080-barcelona-fashion-primaveraverano-2017\\\/miquel_suay_015.jpg\",\"ratio\":0.66666666666666662965923251249478198587894439697265625},{\"id\":\"24115\",\"image\":\"https:\\\/\\\/bobvarela.com\\\/wp-content\\\/flagallery\\\/miquel-suay-en-el-080-barcelona-fashion-primaveraverano-2017\\\/webview\\\/miquel_suay_016.jpg\",\"thumb\":\"https:\\\/\\\/bobvarela.com\\\/wp-content\\\/flagallery\\\/miquel-suay-en-el-080-barcelona-fashion-primaveraverano-2017\\\/thumbs\\\/thumbs_miquel_suay_016.jpg\",\"file\":\"miquel_suay_016.jpg\",\"meta\":{\"aperture\":false,\"credit\":false,\"camera\":false,\"caption\":\"080 Barcelona Spring-Summer 2017\",\"created_timestamp\":\"June 27, 2016 7:36 pm\",\"copyright\":\"\\u00c2\\u00a9 2016 Estrop-Barcelona PHOTOGRAPH FOR FASHION EDITORIAL USE ONLY\",\"focal_length\":false,\"iso\":false,\"shutter_speed\":false,\"flash\":false,\"title\":\"080 Barcelona Spring-Summer 2017\",\"keywords\":\"080 Barcelona,Estrop-Barcelona,INEF,Spring-Summer 2017\",\"width\":1333,\"height\":2000,\"saved\":true,\"thumbnail\":{\"width\":220,\"height\":220,\"ewww_image_optimizer\":\"Reduced by 9.7% (2.6&nbsp;kB)\"},\"webview\":{\"0\":800,\"1\":1200,\"2\":2,\"3\":\"width=\\\"800\\\" height=\\\"1200\\\"\",\"bits\":8,\"channels\":3,\"mime\":\"image\\\/jpeg\",\"ewww_image_optimizer\":\"Reduced by 3.7% (3.4&nbsp;kB) - Previously Optimized\"},\"0\":false,\"ewww_image_optimizer\":\"Reduced by 10.5% (26.9&nbsp;kB)\",\"views\":\"1\",\"likes\":\"0\"},\"title\":\"080 Barcelona Spring-Summer 2017\",\"description\":\"<p>080 Barcelona Spring-Summer 2017<\\\/p>\",\"link\":null,\"link_target\":\"\",\"download\":\"https:\\\/\\\/bobvarela.com\\\/wp-content\\\/flagallery\\\/miquel-suay-en-el-080-barcelona-fashion-primaveraverano-2017\\\/miquel_suay_016.jpg\",\"ratio\":0.66666666666666662965923251249478198587894439697265625},{\"id\":\"24116\",\"image\":\"https:\\\/\\\/bobvarela.com\\\/wp-content\\\/flagallery\\\/miquel-suay-en-el-080-barcelona-fashion-primaveraverano-2017\\\/webview\\\/miquel_suay_017.jpg\",\"thumb\":\"https:\\\/\\\/bobvarela.com\\\/wp-content\\\/flagallery\\\/miquel-suay-en-el-080-barcelona-fashion-primaveraverano-2017\\\/thumbs\\\/thumbs_miquel_suay_017.jpg\",\"file\":\"miquel_suay_017.jpg\",\"meta\":{\"aperture\":false,\"credit\":false,\"camera\":false,\"caption\":\"080 Barcelona Spring-Summer 2017\",\"created_timestamp\":\"June 27, 2016 7:36 pm\",\"copyright\":\"\\u00c2\\u00a9 2016 Estrop-Barcelona PHOTOGRAPH FOR FASHION EDITORIAL USE ONLY\",\"focal_length\":false,\"iso\":false,\"shutter_speed\":false,\"flash\":false,\"title\":\"080 Barcelona Spring-Summer 2017\",\"keywords\":\"080 Barcelona,Estrop-Barcelona,INEF,Spring-Summer 2017\",\"width\":1333,\"height\":2000,\"saved\":true,\"thumbnail\":{\"width\":220,\"height\":220,\"ewww_image_optimizer\":\"Reduced by 9.4% (3.1&nbsp;kB)\"},\"webview\":{\"0\":800,\"1\":1200,\"2\":2,\"3\":\"width=\\\"800\\\" height=\\\"1200\\\"\",\"bits\":8,\"channels\":3,\"mime\":\"image\\\/jpeg\",\"ewww_image_optimizer\":\"Reduced by 4.1% (4.7&nbsp;kB) - Previously Optimized\"},\"0\":false,\"ewww_image_optimizer\":\"Reduced by 7.6% (22.7&nbsp;kB)\",\"views\":\"1\",\"likes\":\"0\"},\"title\":\"080 Barcelona Spring-Summer 2017\",\"description\":\"<p>080 Barcelona Spring-Summer 2017<\\\/p>\",\"link\":null,\"link_target\":\"\",\"download\":\"https:\\\/\\\/bobvarela.com\\\/wp-content\\\/flagallery\\\/miquel-suay-en-el-080-barcelona-fashion-primaveraverano-2017\\\/miquel_suay_017.jpg\",\"ratio\":0.66666666666666662965923251249478198587894439697265625},{\"id\":\"24117\",\"image\":\"https:\\\/\\\/bobvarela.com\\\/wp-content\\\/flagallery\\\/miquel-suay-en-el-080-barcelona-fashion-primaveraverano-2017\\\/webview\\\/miquel_suay_018.jpg\",\"thumb\":\"https:\\\/\\\/bobvarela.com\\\/wp-content\\\/flagallery\\\/miquel-suay-en-el-080-barcelona-fashion-primaveraverano-2017\\\/thumbs\\\/thumbs_miquel_suay_018.jpg\",\"file\":\"miquel_suay_018.jpg\",\"meta\":{\"aperture\":false,\"credit\":false,\"camera\":false,\"caption\":\"080 Barcelona Spring-Summer 2017\",\"created_timestamp\":\"June 27, 2016 7:36 pm\",\"copyright\":\"\\u00c2\\u00a9 2016 Estrop-Barcelona PHOTOGRAPH FOR FASHION EDITORIAL USE ONLY\",\"focal_length\":false,\"iso\":false,\"shutter_speed\":false,\"flash\":false,\"title\":\"080 Barcelona Spring-Summer 2017\",\"keywords\":\"080 Barcelona,Estrop-Barcelona,INEF,Spring-Summer 2017\",\"width\":1333,\"height\":2000,\"saved\":true,\"thumbnail\":{\"width\":220,\"height\":220,\"ewww_image_optimizer\":\"Reduced by 9.6% (2.9&nbsp;kB)\"},\"webview\":{\"0\":800,\"1\":1200,\"2\":2,\"3\":\"width=\\\"800\\\" height=\\\"1200\\\"\",\"bits\":8,\"channels\":3,\"mime\":\"image\\\/jpeg\",\"ewww_image_optimizer\":\"Reduced by 3.5% (3.8&nbsp;kB) - Previously Optimized\"},\"0\":false,\"ewww_image_optimizer\":\"Reduced by 14.8% (35.4&nbsp;kB)\",\"views\":\"1\",\"likes\":\"0\"},\"title\":\"080 Barcelona Spring-Summer 2017\",\"description\":\"<p>080 Barcelona Spring-Summer 2017<\\\/p>\",\"link\":null,\"link_target\":\"\",\"download\":\"https:\\\/\\\/bobvarela.com\\\/wp-content\\\/flagallery\\\/miquel-suay-en-el-080-barcelona-fashion-primaveraverano-2017\\\/miquel_suay_018.jpg\",\"ratio\":0.66666666666666662965923251249478198587894439697265625},{\"id\":\"24118\",\"image\":\"https:\\\/\\\/bobvarela.com\\\/wp-content\\\/flagallery\\\/miquel-suay-en-el-080-barcelona-fashion-primaveraverano-2017\\\/webview\\\/miquel_suay_019.jpg\",\"thumb\":\"https:\\\/\\\/bobvarela.com\\\/wp-content\\\/flagallery\\\/miquel-suay-en-el-080-barcelona-fashion-primaveraverano-2017\\\/thumbs\\\/thumbs_miquel_suay_019.jpg\",\"file\":\"miquel_suay_019.jpg\",\"meta\":{\"aperture\":false,\"credit\":false,\"camera\":false,\"caption\":\"080 Barcelona Spring-Summer 2017\",\"created_timestamp\":\"June 27, 2016 7:36 pm\",\"copyright\":\"\\u00c2\\u00a9 2016 Estrop-Barcelona PHOTOGRAPH FOR FASHION EDITORIAL USE ONLY\",\"focal_length\":false,\"iso\":false,\"shutter_speed\":false,\"flash\":false,\"title\":\"080 Barcelona Spring-Summer 2017\",\"keywords\":\"080 Barcelona,Estrop-Barcelona,INEF,Spring-Summer 2017\",\"width\":1333,\"height\":2000,\"saved\":true,\"thumbnail\":{\"width\":220,\"height\":220,\"ewww_image_optimizer\":\"Reduced by 7.1% (2.5&nbsp;kB)\"},\"webview\":{\"0\":800,\"1\":1200,\"2\":2,\"3\":\"width=\\\"800\\\" height=\\\"1200\\\"\",\"bits\":8,\"channels\":3,\"mime\":\"image\\\/jpeg\",\"ewww_image_optimizer\":\"Reduced by 3.3% (5.4&nbsp;kB) - Previously Optimized\"},\"0\":false,\"ewww_image_optimizer\":\"Reduced by 8.1% (21.8&nbsp;kB)\",\"views\":\"0\",\"likes\":\"0\"},\"title\":\"080 Barcelona Spring-Summer 2017\",\"description\":\"<p>080 Barcelona Spring-Summer 2017<\\\/p>\",\"link\":null,\"link_target\":\"\",\"download\":\"https:\\\/\\\/bobvarela.com\\\/wp-content\\\/flagallery\\\/miquel-suay-en-el-080-barcelona-fashion-primaveraverano-2017\\\/miquel_suay_019.jpg\",\"ratio\":0.66666666666666662965923251249478198587894439697265625},{\"id\":\"24119\",\"image\":\"https:\\\/\\\/bobvarela.com\\\/wp-content\\\/flagallery\\\/miquel-suay-en-el-080-barcelona-fashion-primaveraverano-2017\\\/webview\\\/miquel_suay_020.jpg\",\"thumb\":\"https:\\\/\\\/bobvarela.com\\\/wp-content\\\/flagallery\\\/miquel-suay-en-el-080-barcelona-fashion-primaveraverano-2017\\\/thumbs\\\/thumbs_miquel_suay_020.jpg\",\"file\":\"miquel_suay_020.jpg\",\"meta\":{\"aperture\":false,\"credit\":false,\"camera\":false,\"caption\":\"080 Barcelona Spring-Summer 2017\",\"created_timestamp\":\"June 27, 2016 7:36 pm\",\"copyright\":\"\\u00c2\\u00a9 2016 Estrop-Barcelona PHOTOGRAPH FOR FASHION EDITORIAL USE ONLY\",\"focal_length\":false,\"iso\":false,\"shutter_speed\":false,\"flash\":false,\"title\":\"080 Barcelona Spring-Summer 2017\",\"keywords\":\"080 Barcelona,Estrop-Barcelona,INEF,Spring-Summer 2017\",\"width\":1333,\"height\":2000,\"saved\":true,\"thumbnail\":{\"width\":220,\"height\":220,\"ewww_image_optimizer\":\"Reduced by 10.1% (3.3&nbsp;kB)\"},\"webview\":{\"0\":800,\"1\":1200,\"2\":2,\"3\":\"width=\\\"800\\\" height=\\\"1200\\\"\",\"bits\":8,\"channels\":3,\"mime\":\"image\\\/jpeg\",\"ewww_image_optimizer\":\"Reduced by 2.6% (3.6&nbsp;kB) - Previously Optimized\"},\"0\":false,\"ewww_image_optimizer\":\"Reduced by 9.9% (25.7&nbsp;kB)\",\"views\":\"2\",\"likes\":\"0\"},\"title\":\"080 Barcelona Spring-Summer 2017\",\"description\":\"<p>080 Barcelona Spring-Summer 2017<\\\/p>\",\"link\":null,\"link_target\":\"\",\"download\":\"https:\\\/\\\/bobvarela.com\\\/wp-content\\\/flagallery\\\/miquel-suay-en-el-080-barcelona-fashion-primaveraverano-2017\\\/miquel_suay_020.jpg\",\"ratio\":0.66666666666666662965923251249478198587894439697265625},{\"id\":\"24120\",\"image\":\"https:\\\/\\\/bobvarela.com\\\/wp-content\\\/flagallery\\\/miquel-suay-en-el-080-barcelona-fashion-primaveraverano-2017\\\/webview\\\/miquel_suay_021.jpg\",\"thumb\":\"https:\\\/\\\/bobvarela.com\\\/wp-content\\\/flagallery\\\/miquel-suay-en-el-080-barcelona-fashion-primaveraverano-2017\\\/thumbs\\\/thumbs_miquel_suay_021.jpg\",\"file\":\"miquel_suay_021.jpg\",\"meta\":{\"aperture\":false,\"credit\":false,\"camera\":false,\"caption\":\"080 Barcelona Spring-Summer 2017\",\"created_timestamp\":\"June 27, 2016 7:36 pm\",\"copyright\":\"\\u00c2\\u00a9 2016 Estrop-Barcelona PHOTOGRAPH FOR FASHION EDITORIAL USE ONLY\",\"focal_length\":false,\"iso\":false,\"shutter_speed\":false,\"flash\":false,\"title\":\"080 Barcelona Spring-Summer 2017\",\"keywords\":\"080 Barcelona,Estrop-Barcelona,INEF,Spring-Summer 2017\",\"width\":1333,\"height\":2000,\"saved\":true,\"thumbnail\":{\"width\":220,\"height\":220,\"ewww_image_optimizer\":\"Reduced by 8.4% (3.0&nbsp;kB)\"},\"webview\":{\"0\":800,\"1\":1200,\"2\":2,\"3\":\"width=\\\"800\\\" height=\\\"1200\\\"\",\"bits\":8,\"channels\":3,\"mime\":\"image\\\/jpeg\",\"ewww_image_optimizer\":\"Reduced by 3.1% (5.9&nbsp;kB) - Previously Optimized\"},\"0\":false,\"ewww_image_optimizer\":\"Reduced by 13.4% (34.3&nbsp;kB)\",\"views\":\"2\",\"likes\":\"0\"},\"title\":\"080 Barcelona Spring-Summer 2017\",\"description\":\"<p>080 Barcelona Spring-Summer 2017<\\\/p>\",\"link\":null,\"link_target\":\"\",\"download\":\"https:\\\/\\\/bobvarela.com\\\/wp-content\\\/flagallery\\\/miquel-suay-en-el-080-barcelona-fashion-primaveraverano-2017\\\/miquel_suay_021.jpg\",\"ratio\":0.66666666666666662965923251249478198587894439697265625},{\"id\":\"24121\",\"image\":\"https:\\\/\\\/bobvarela.com\\\/wp-content\\\/flagallery\\\/miquel-suay-en-el-080-barcelona-fashion-primaveraverano-2017\\\/webview\\\/miquel_suay_022.jpg\",\"thumb\":\"https:\\\/\\\/bobvarela.com\\\/wp-content\\\/flagallery\\\/miquel-suay-en-el-080-barcelona-fashion-primaveraverano-2017\\\/thumbs\\\/thumbs_miquel_suay_022.jpg\",\"file\":\"miquel_suay_022.jpg\",\"meta\":{\"aperture\":false,\"credit\":false,\"camera\":false,\"caption\":\"080 Barcelona Spring-Summer 2017\",\"created_timestamp\":\"June 27, 2016 7:36 pm\",\"copyright\":\"\\u00c2\\u00a9 2016 Estrop-Barcelona PHOTOGRAPH FOR FASHION EDITORIAL USE ONLY\",\"focal_length\":false,\"iso\":false,\"shutter_speed\":false,\"flash\":false,\"title\":\"080 Barcelona Spring-Summer 2017\",\"keywords\":\"080 Barcelona,Estrop-Barcelona,INEF,Spring-Summer 2017\",\"width\":1333,\"height\":2000,\"saved\":true,\"thumbnail\":{\"width\":220,\"height\":220,\"ewww_image_optimizer\":\"Reduced by 11.6% (4.8&nbsp;kB)\"},\"webview\":{\"0\":800,\"1\":1200,\"2\":2,\"3\":\"width=\\\"800\\\" height=\\\"1200\\\"\",\"bits\":8,\"channels\":3,\"mime\":\"image\\\/jpeg\",\"ewww_image_optimizer\":\"Reduced by 4.5% (8.1&nbsp;kB) - Previously Optimized\"},\"0\":false,\"ewww_image_optimizer\":\"Reduced by 5.6% (14.9&nbsp;kB)\",\"views\":\"1\",\"likes\":\"0\"},\"title\":\"080 Barcelona Spring-Summer 2017\",\"description\":\"<p>080 Barcelona Spring-Summer 2017<\\\/p>\",\"link\":null,\"link_target\":\"\",\"download\":\"https:\\\/\\\/bobvarela.com\\\/wp-content\\\/flagallery\\\/miquel-suay-en-el-080-barcelona-fashion-primaveraverano-2017\\\/miquel_suay_022.jpg\",\"ratio\":0.66666666666666662965923251249478198587894439697265625},{\"id\":\"24122\",\"image\":\"https:\\\/\\\/bobvarela.com\\\/wp-content\\\/flagallery\\\/miquel-suay-en-el-080-barcelona-fashion-primaveraverano-2017\\\/webview\\\/miquel_suay_023.jpg\",\"thumb\":\"https:\\\/\\\/bobvarela.com\\\/wp-content\\\/flagallery\\\/miquel-suay-en-el-080-barcelona-fashion-primaveraverano-2017\\\/thumbs\\\/thumbs_miquel_suay_023.jpg\",\"file\":\"miquel_suay_023.jpg\",\"meta\":{\"aperture\":false,\"credit\":false,\"camera\":false,\"caption\":\"080 Barcelona Spring-Summer 2017\",\"created_timestamp\":\"June 27, 2016 7:37 pm\",\"copyright\":\"\\u00c2\\u00a9 2016 Estrop-Barcelona PHOTOGRAPH FOR FASHION EDITORIAL USE ONLY\",\"focal_length\":false,\"iso\":false,\"shutter_speed\":false,\"flash\":false,\"title\":\"080 Barcelona Spring-Summer 2017\",\"keywords\":\"080 Barcelona,Estrop-Barcelona,INEF,Spring-Summer 2017\",\"width\":1333,\"height\":2000,\"saved\":true,\"thumbnail\":{\"width\":220,\"height\":220,\"ewww_image_optimizer\":\"Reduced by 9.6% (2.6&nbsp;kB)\"},\"webview\":{\"0\":800,\"1\":1200,\"2\":2,\"3\":\"width=\\\"800\\\" height=\\\"1200\\\"\",\"bits\":8,\"channels\":3,\"mime\":\"image\\\/jpeg\",\"ewww_image_optimizer\":\"Reduced by 3.6% (2.9&nbsp;kB) - Previously Optimized\"},\"0\":false,\"ewww_image_optimizer\":\"Reduced by 7.8% (22.5&nbsp;kB)\",\"views\":\"2\",\"likes\":\"0\"},\"title\":\"080 Barcelona Spring-Summer 2017\",\"description\":\"<p>080 Barcelona Spring-Summer 2017<\\\/p>\",\"link\":null,\"link_target\":\"\",\"download\":\"https:\\\/\\\/bobvarela.com\\\/wp-content\\\/flagallery\\\/miquel-suay-en-el-080-barcelona-fashion-primaveraverano-2017\\\/miquel_suay_023.jpg\",\"ratio\":0.66666666666666662965923251249478198587894439697265625},{\"id\":\"24123\",\"image\":\"https:\\\/\\\/bobvarela.com\\\/wp-content\\\/flagallery\\\/miquel-suay-en-el-080-barcelona-fashion-primaveraverano-2017\\\/webview\\\/miquel_suay_024.jpg\",\"thumb\":\"https:\\\/\\\/bobvarela.com\\\/wp-content\\\/flagallery\\\/miquel-suay-en-el-080-barcelona-fashion-primaveraverano-2017\\\/thumbs\\\/thumbs_miquel_suay_024.jpg\",\"file\":\"miquel_suay_024.jpg\",\"meta\":{\"aperture\":false,\"credit\":false,\"camera\":false,\"caption\":\"080 Barcelona Spring-Summer 2017\",\"created_timestamp\":\"June 27, 2016 7:37 pm\",\"copyright\":\"\\u00c2\\u00a9 2016 Estrop-Barcelona PHOTOGRAPH FOR FASHION EDITORIAL USE ONLY\",\"focal_length\":false,\"iso\":false,\"shutter_speed\":false,\"flash\":false,\"title\":\"080 Barcelona Spring-Summer 2017\",\"keywords\":\"080 Barcelona,Estrop-Barcelona,INEF,Spring-Summer 2017\",\"width\":1333,\"height\":2000,\"saved\":true,\"thumbnail\":{\"width\":220,\"height\":220,\"ewww_image_optimizer\":\"Reduced by 10.6% (3.1&nbsp;kB)\"},\"webview\":{\"0\":800,\"1\":1200,\"2\":2,\"3\":\"width=\\\"800\\\" height=\\\"1200\\\"\",\"bits\":8,\"channels\":3,\"mime\":\"image\\\/jpeg\",\"ewww_image_optimizer\":\"Reduced by 4.0% (3.9&nbsp;kB) - Previously Optimized\"},\"0\":false,\"ewww_image_optimizer\":\"Reduced by 10.1% (27.6&nbsp;kB)\",\"views\":\"1\",\"likes\":\"0\"},\"title\":\"080 Barcelona Spring-Summer 2017\",\"description\":\"<p>080 Barcelona Spring-Summer 2017<\\\/p>\",\"link\":null,\"link_target\":\"\",\"download\":\"https:\\\/\\\/bobvarela.com\\\/wp-content\\\/flagallery\\\/miquel-suay-en-el-080-barcelona-fashion-primaveraverano-2017\\\/miquel_suay_024.jpg\",\"ratio\":0.66666666666666662965923251249478198587894439697265625},{\"id\":\"24124\",\"image\":\"https:\\\/\\\/bobvarela.com\\\/wp-content\\\/flagallery\\\/miquel-suay-en-el-080-barcelona-fashion-primaveraverano-2017\\\/webview\\\/miquel_suay_025.jpg\",\"thumb\":\"https:\\\/\\\/bobvarela.com\\\/wp-content\\\/flagallery\\\/miquel-suay-en-el-080-barcelona-fashion-primaveraverano-2017\\\/thumbs\\\/thumbs_miquel_suay_025.jpg\",\"file\":\"miquel_suay_025.jpg\",\"meta\":{\"aperture\":false,\"credit\":false,\"camera\":false,\"caption\":\"080 Barcelona Spring-Summer 2017\",\"created_timestamp\":\"June 27, 2016 7:37 pm\",\"copyright\":\"\\u00c2\\u00a9 2016 Estrop-Barcelona PHOTOGRAPH FOR FASHION EDITORIAL USE ONLY\",\"focal_length\":false,\"iso\":false,\"shutter_speed\":false,\"flash\":false,\"title\":\"080 Barcelona Spring-Summer 2017\",\"keywords\":\"080 Barcelona,Estrop-Barcelona,INEF,Spring-Summer 2017\",\"width\":1333,\"height\":2000,\"saved\":true,\"thumbnail\":{\"width\":220,\"height\":220,\"ewww_image_optimizer\":\"Reduced by 12.6% (4.1&nbsp;kB)\"},\"webview\":{\"0\":800,\"1\":1200,\"2\":2,\"3\":\"width=\\\"800\\\" height=\\\"1200\\\"\",\"bits\":8,\"channels\":3,\"mime\":\"image\\\/jpeg\",\"ewww_image_optimizer\":\"Reduced by 6.8% (9.5&nbsp;kB) - Previously Optimized\"},\"0\":false,\"ewww_image_optimizer\":\"Reduced by 9.4% (26.7&nbsp;kB)\",\"views\":\"2\",\"likes\":\"0\"},\"title\":\"080 Barcelona Spring-Summer 2017\",\"description\":\"<p>080 Barcelona Spring-Summer 2017<\\\/p>\",\"link\":null,\"link_target\":\"\",\"download\":\"https:\\\/\\\/bobvarela.com\\\/wp-content\\\/flagallery\\\/miquel-suay-en-el-080-barcelona-fashion-primaveraverano-2017\\\/miquel_suay_025.jpg\",\"ratio\":0.66666666666666662965923251249478198587894439697265625},{\"id\":\"24125\",\"image\":\"https:\\\/\\\/bobvarela.com\\\/wp-content\\\/flagallery\\\/miquel-suay-en-el-080-barcelona-fashion-primaveraverano-2017\\\/webview\\\/miquel_suay_026.jpg\",\"thumb\":\"https:\\\/\\\/bobvarela.com\\\/wp-content\\\/flagallery\\\/miquel-suay-en-el-080-barcelona-fashion-primaveraverano-2017\\\/thumbs\\\/thumbs_miquel_suay_026.jpg\",\"file\":\"miquel_suay_026.jpg\",\"meta\":{\"aperture\":false,\"credit\":false,\"camera\":false,\"caption\":\"080 Barcelona Spring-Summer 2017\",\"created_timestamp\":\"June 27, 2016 7:37 pm\",\"copyright\":\"\\u00c2\\u00a9 2016 Estrop-Barcelona PHOTOGRAPH FOR FASHION EDITORIAL USE ONLY\",\"focal_length\":false,\"iso\":false,\"shutter_speed\":false,\"flash\":false,\"title\":\"080 Barcelona Spring-Summer 2017\",\"keywords\":\"080 Barcelona,Estrop-Barcelona,INEF,Spring-Summer 2017\",\"width\":1333,\"height\":2000,\"saved\":true,\"thumbnail\":{\"width\":220,\"height\":220,\"ewww_image_optimizer\":\"Reduced by 11.0% (3.2&nbsp;kB)\"},\"webview\":{\"0\":800,\"1\":1200,\"2\":2,\"3\":\"width=\\\"800\\\" height=\\\"1200\\\"\",\"bits\":8,\"channels\":3,\"mime\":\"image\\\/jpeg\",\"ewww_image_optimizer\":\"Reduced by 3.8% (3.6&nbsp;kB) - Previously Optimized\"},\"0\":false,\"ewww_image_optimizer\":\"Reduced by 10.0% (25.9&nbsp;kB)\",\"views\":\"2\",\"likes\":\"0\"},\"title\":\"080 Barcelona Spring-Summer 2017\",\"description\":\"<p>080 Barcelona Spring-Summer 2017<\\\/p>\",\"link\":null,\"link_target\":\"\",\"download\":\"https:\\\/\\\/bobvarela.com\\\/wp-content\\\/flagallery\\\/miquel-suay-en-el-080-barcelona-fashion-primaveraverano-2017\\\/miquel_suay_026.jpg\",\"ratio\":0.66666666666666662965923251249478198587894439697265625},{\"id\":\"24126\",\"image\":\"https:\\\/\\\/bobvarela.com\\\/wp-content\\\/flagallery\\\/miquel-suay-en-el-080-barcelona-fashion-primaveraverano-2017\\\/webview\\\/miquel_suay_027.jpg\",\"thumb\":\"https:\\\/\\\/bobvarela.com\\\/wp-content\\\/flagallery\\\/miquel-suay-en-el-080-barcelona-fashion-primaveraverano-2017\\\/thumbs\\\/thumbs_miquel_suay_027.jpg\",\"file\":\"miquel_suay_027.jpg\",\"meta\":{\"aperture\":false,\"credit\":false,\"camera\":false,\"caption\":\"080 Barcelona Spring-Summer 2017\",\"created_timestamp\":\"June 27, 2016 7:37 pm\",\"copyright\":\"\\u00c2\\u00a9 2016 Estrop-Barcelona PHOTOGRAPH FOR FASHION EDITORIAL USE ONLY\",\"focal_length\":false,\"iso\":false,\"shutter_speed\":false,\"flash\":false,\"title\":\"080 Barcelona Spring-Summer 2017\",\"keywords\":\"080 Barcelona,Estrop-Barcelona,INEF,Spring-Summer 2017\",\"width\":1333,\"height\":2000,\"saved\":true,\"thumbnail\":{\"width\":220,\"height\":220,\"ewww_image_optimizer\":\"Reduced by 11.9% (4.3&nbsp;kB)\"},\"webview\":{\"0\":800,\"1\":1200,\"2\":2,\"3\":\"width=\\\"800\\\" height=\\\"1200\\\"\",\"bits\":8,\"channels\":3,\"mime\":\"image\\\/jpeg\",\"ewww_image_optimizer\":\"Reduced by 3.5% (4.6&nbsp;kB) - Previously Optimized\"},\"0\":false,\"ewww_image_optimizer\":\"Reduced by 8.1% (22.6&nbsp;kB)\",\"views\":\"2\",\"likes\":\"0\"},\"title\":\"080 Barcelona Spring-Summer 2017\",\"description\":\"<p>080 Barcelona Spring-Summer 2017<\\\/p>\",\"link\":null,\"link_target\":\"\",\"download\":\"https:\\\/\\\/bobvarela.com\\\/wp-content\\\/flagallery\\\/miquel-suay-en-el-080-barcelona-fashion-primaveraverano-2017\\\/miquel_suay_027.jpg\",\"ratio\":0.66666666666666662965923251249478198587894439697265625},{\"id\":\"24127\",\"image\":\"https:\\\/\\\/bobvarela.com\\\/wp-content\\\/flagallery\\\/miquel-suay-en-el-080-barcelona-fashion-primaveraverano-2017\\\/webview\\\/miquel_suay_028.jpg\",\"thumb\":\"https:\\\/\\\/bobvarela.com\\\/wp-content\\\/flagallery\\\/miquel-suay-en-el-080-barcelona-fashion-primaveraverano-2017\\\/thumbs\\\/thumbs_miquel_suay_028.jpg\",\"file\":\"miquel_suay_028.jpg\",\"meta\":{\"aperture\":false,\"credit\":false,\"camera\":false,\"caption\":\"080 Barcelona Spring-Summer 2017\",\"created_timestamp\":\"June 27, 2016 7:37 pm\",\"copyright\":\"\\u00c2\\u00a9 2016 Estrop-Barcelona PHOTOGRAPH FOR FASHION EDITORIAL USE ONLY\",\"focal_length\":false,\"iso\":false,\"shutter_speed\":false,\"flash\":false,\"title\":\"080 Barcelona Spring-Summer 2017\",\"keywords\":\"080 Barcelona,Estrop-Barcelona,INEF,Spring-Summer 2017\",\"width\":1333,\"height\":2000,\"saved\":true,\"thumbnail\":{\"width\":220,\"height\":220,\"ewww_image_optimizer\":\"Reduced by 13.2% (6.3&nbsp;kB)\"},\"webview\":{\"0\":800,\"1\":1200,\"2\":2,\"3\":\"width=\\\"800\\\" height=\\\"1200\\\"\",\"bits\":8,\"channels\":3,\"mime\":\"image\\\/jpeg\",\"ewww_image_optimizer\":\"Reduced by 4.5% (9.9&nbsp;kB) - Previously Optimized\"},\"0\":false,\"ewww_image_optimizer\":\"Reduced by 13.9% (39.9&nbsp;kB)\",\"views\":\"1\",\"likes\":\"0\"},\"title\":\"080 Barcelona Spring-Summer 2017\",\"description\":\"<p>080 Barcelona Spring-Summer 2017<\\\/p>\",\"link\":null,\"link_target\":\"\",\"download\":\"https:\\\/\\\/bobvarela.com\\\/wp-content\\\/flagallery\\\/miquel-suay-en-el-080-barcelona-fashion-primaveraverano-2017\\\/miquel_suay_028.jpg\",\"ratio\":0.66666666666666662965923251249478198587894439697265625},{\"id\":\"24128\",\"image\":\"https:\\\/\\\/bobvarela.com\\\/wp-content\\\/flagallery\\\/miquel-suay-en-el-080-barcelona-fashion-primaveraverano-2017\\\/webview\\\/miquel_suay_029.jpg\",\"thumb\":\"https:\\\/\\\/bobvarela.com\\\/wp-content\\\/flagallery\\\/miquel-suay-en-el-080-barcelona-fashion-primaveraverano-2017\\\/thumbs\\\/thumbs_miquel_suay_029.jpg\",\"file\":\"miquel_suay_029.jpg\",\"meta\":{\"aperture\":false,\"credit\":false,\"camera\":false,\"caption\":\"080 Barcelona Spring-Summer 2017\",\"created_timestamp\":\"June 27, 2016 7:37 pm\",\"copyright\":\"\\u00c2\\u00a9 2016 Estrop-Barcelona PHOTOGRAPH FOR FASHION EDITORIAL USE ONLY\",\"focal_length\":false,\"iso\":false,\"shutter_speed\":false,\"flash\":false,\"title\":\"080 Barcelona Spring-Summer 2017\",\"keywords\":\"080 Barcelona,Estrop-Barcelona,INEF,Spring-Summer 2017\",\"width\":1333,\"height\":2000,\"saved\":true,\"thumbnail\":{\"width\":220,\"height\":220,\"ewww_image_optimizer\":\"Reduced by 9.8% (3.0&nbsp;kB)\"},\"webview\":{\"0\":800,\"1\":1200,\"2\":2,\"3\":\"width=\\\"800\\\" height=\\\"1200\\\"\",\"bits\":8,\"channels\":3,\"mime\":\"image\\\/jpeg\",\"ewww_image_optimizer\":\"Reduced by 3.9% (4.2&nbsp;kB) - Previously Optimized\"},\"0\":false,\"ewww_image_optimizer\":\"Reduced by 14.8% (37.9&nbsp;kB)\",\"views\":\"1\",\"likes\":\"0\"},\"title\":\"080 Barcelona Spring-Summer 2017\",\"description\":\"<p>080 Barcelona Spring-Summer 2017<\\\/p>\",\"link\":null,\"link_target\":\"\",\"download\":\"https:\\\/\\\/bobvarela.com\\\/wp-content\\\/flagallery\\\/miquel-suay-en-el-080-barcelona-fashion-primaveraverano-2017\\\/miquel_suay_029.jpg\",\"ratio\":0.66666666666666662965923251249478198587894439697265625},{\"id\":\"24129\",\"image\":\"https:\\\/\\\/bobvarela.com\\\/wp-content\\\/flagallery\\\/miquel-suay-en-el-080-barcelona-fashion-primaveraverano-2017\\\/webview\\\/miquel_suay_030.jpg\",\"thumb\":\"https:\\\/\\\/bobvarela.com\\\/wp-content\\\/flagallery\\\/miquel-suay-en-el-080-barcelona-fashion-primaveraverano-2017\\\/thumbs\\\/thumbs_miquel_suay_030.jpg\",\"file\":\"miquel_suay_030.jpg\",\"meta\":{\"aperture\":false,\"credit\":false,\"camera\":false,\"caption\":\"080 Barcelona Spring-Summer 2017\",\"created_timestamp\":\"June 27, 2016 7:37 pm\",\"copyright\":\"\\u00c2\\u00a9 2016 Estrop-Barcelona PHOTOGRAPH FOR FASHION EDITORIAL USE ONLY\",\"focal_length\":false,\"iso\":false,\"shutter_speed\":false,\"flash\":false,\"title\":\"080 Barcelona Spring-Summer 2017\",\"keywords\":\"080 Barcelona,Estrop-Barcelona,INEF,Spring-Summer 2017\",\"width\":1333,\"height\":2000,\"saved\":true,\"thumbnail\":{\"width\":220,\"height\":220,\"ewww_image_optimizer\":\"Reduced by 10.2% (2.8&nbsp;kB)\"},\"webview\":{\"0\":800,\"1\":1200,\"2\":2,\"3\":\"width=\\\"800\\\" height=\\\"1200\\\"\",\"bits\":8,\"channels\":3,\"mime\":\"image\\\/jpeg\",\"ewww_image_optimizer\":\"Reduced by 4.0% (3.5&nbsp;kB) - Previously Optimized\"},\"0\":false,\"ewww_image_optimizer\":\"Reduced by 9.4% (23.5&nbsp;kB)\",\"views\":\"2\",\"likes\":\"0\"},\"title\":\"080 Barcelona Spring-Summer 2017\",\"description\":\"<p>080 Barcelona Spring-Summer 2017<\\\/p>\",\"link\":null,\"link_target\":\"\",\"download\":\"https:\\\/\\\/bobvarela.com\\\/wp-content\\\/flagallery\\\/miquel-suay-en-el-080-barcelona-fashion-primaveraverano-2017\\\/miquel_suay_030.jpg\",\"ratio\":0.66666666666666662965923251249478198587894439697265625},{\"id\":\"24130\",\"image\":\"https:\\\/\\\/bobvarela.com\\\/wp-content\\\/flagallery\\\/miquel-suay-en-el-080-barcelona-fashion-primaveraverano-2017\\\/webview\\\/miquel_suay_031.jpg\",\"thumb\":\"https:\\\/\\\/bobvarela.com\\\/wp-content\\\/flagallery\\\/miquel-suay-en-el-080-barcelona-fashion-primaveraverano-2017\\\/thumbs\\\/thumbs_miquel_suay_031.jpg\",\"file\":\"miquel_suay_031.jpg\",\"meta\":{\"aperture\":false,\"credit\":false,\"camera\":false,\"caption\":\"080 Barcelona Spring-Summer 2017\",\"created_timestamp\":\"June 27, 2016 7:37 pm\",\"copyright\":\"\\u00c2\\u00a9 2016 Estrop-Barcelona PHOTOGRAPH FOR FASHION EDITORIAL USE ONLY\",\"focal_length\":false,\"iso\":false,\"shutter_speed\":false,\"flash\":false,\"title\":\"080 Barcelona Spring-Summer 2017\",\"keywords\":\"080 Barcelona,Estrop-Barcelona,INEF,Spring-Summer 2017\",\"width\":1333,\"height\":2000,\"saved\":true,\"thumbnail\":{\"width\":220,\"height\":220,\"ewww_image_optimizer\":\"Reduced by 8.5% (3.1&nbsp;kB)\"},\"webview\":{\"0\":800,\"1\":1200,\"2\":2,\"3\":\"width=\\\"800\\\" height=\\\"1200\\\"\",\"bits\":8,\"channels\":3,\"mime\":\"image\\\/jpeg\",\"ewww_image_optimizer\":\"Reduced by 2.5% (4.5&nbsp;kB) - Previously Optimized\"},\"0\":false,\"ewww_image_optimizer\":\"Reduced by 20.5% (54.7&nbsp;kB)\",\"views\":\"1\",\"likes\":\"0\"},\"title\":\"080 Barcelona Spring-Summer 2017\",\"description\":\"<p>080 Barcelona Spring-Summer 2017<\\\/p>\",\"link\":null,\"link_target\":\"\",\"download\":\"https:\\\/\\\/bobvarela.com\\\/wp-content\\\/flagallery\\\/miquel-suay-en-el-080-barcelona-fashion-primaveraverano-2017\\\/miquel_suay_031.jpg\",\"ratio\":0.66666666666666662965923251249478198587894439697265625},{\"id\":\"24131\",\"image\":\"https:\\\/\\\/bobvarela.com\\\/wp-content\\\/flagallery\\\/miquel-suay-en-el-080-barcelona-fashion-primaveraverano-2017\\\/webview\\\/miquel_suay_032.jpg\",\"thumb\":\"https:\\\/\\\/bobvarela.com\\\/wp-content\\\/flagallery\\\/miquel-suay-en-el-080-barcelona-fashion-primaveraverano-2017\\\/thumbs\\\/thumbs_miquel_suay_032.jpg\",\"file\":\"miquel_suay_032.jpg\",\"meta\":{\"aperture\":false,\"credit\":false,\"camera\":false,\"caption\":\"080 Barcelona Spring-Summer 2017\",\"created_timestamp\":\"June 27, 2016 7:37 pm\",\"copyright\":\"\\u00c2\\u00a9 2016 Estrop-Barcelona PHOTOGRAPH FOR FASHION EDITORIAL USE ONLY\",\"focal_length\":false,\"iso\":false,\"shutter_speed\":false,\"flash\":false,\"title\":\"080 Barcelona Spring-Summer 2017\",\"keywords\":\"080 Barcelona,Estrop-Barcelona,INEF,Spring-Summer 2017\",\"width\":1333,\"height\":2000,\"saved\":true,\"thumbnail\":{\"width\":220,\"height\":220,\"ewww_image_optimizer\":\"Reduced by 9.6% (2.8&nbsp;kB)\"},\"webview\":{\"0\":800,\"1\":1200,\"2\":2,\"3\":\"width=\\\"800\\\" height=\\\"1200\\\"\",\"bits\":8,\"channels\":3,\"mime\":\"image\\\/jpeg\",\"ewww_image_optimizer\":\"Reduced by 4.5% (4.6&nbsp;kB) - Previously Optimized\"},\"0\":false,\"ewww_image_optimizer\":\"Reduced by 15.8% (38.7&nbsp;kB)\",\"views\":\"1\",\"likes\":\"0\"},\"title\":\"080 Barcelona Spring-Summer 2017\",\"description\":\"<p>080 Barcelona Spring-Summer 2017<\\\/p>\",\"link\":null,\"link_target\":\"\",\"download\":\"https:\\\/\\\/bobvarela.com\\\/wp-content\\\/flagallery\\\/miquel-suay-en-el-080-barcelona-fashion-primaveraverano-2017\\\/miquel_suay_032.jpg\",\"ratio\":0.66666666666666662965923251249478198587894439697265625},{\"id\":\"24132\",\"image\":\"https:\\\/\\\/bobvarela.com\\\/wp-content\\\/flagallery\\\/miquel-suay-en-el-080-barcelona-fashion-primaveraverano-2017\\\/webview\\\/miquel_suay_033.jpg\",\"thumb\":\"https:\\\/\\\/bobvarela.com\\\/wp-content\\\/flagallery\\\/miquel-suay-en-el-080-barcelona-fashion-primaveraverano-2017\\\/thumbs\\\/thumbs_miquel_suay_033.jpg\",\"file\":\"miquel_suay_033.jpg\",\"meta\":{\"aperture\":false,\"credit\":false,\"camera\":false,\"caption\":\"080 Barcelona Spring-Summer 2017\",\"created_timestamp\":\"June 27, 2016 7:37 pm\",\"copyright\":\"\\u00c2\\u00a9 2016 Estrop-Barcelona PHOTOGRAPH FOR FASHION EDITORIAL USE ONLY\",\"focal_length\":false,\"iso\":false,\"shutter_speed\":false,\"flash\":false,\"title\":\"080 Barcelona Spring-Summer 2017\",\"keywords\":\"080 Barcelona,Estrop-Barcelona,INEF,Spring-Summer 2017\",\"width\":1333,\"height\":2000,\"saved\":true,\"thumbnail\":{\"width\":220,\"height\":220,\"ewww_image_optimizer\":\"Reduced by 8.0% (2.6&nbsp;kB)\"},\"webview\":{\"0\":800,\"1\":1200,\"2\":2,\"3\":\"width=\\\"800\\\" height=\\\"1200\\\"\",\"bits\":8,\"channels\":3,\"mime\":\"image\\\/jpeg\",\"ewww_image_optimizer\":\"Reduced by 2.2% (3.5&nbsp;kB) - Previously Optimized\"},\"0\":false,\"ewww_image_optimizer\":\"Reduced by 15.1% (38.5&nbsp;kB)\",\"views\":\"1\",\"likes\":\"0\"},\"title\":\"080 Barcelona Spring-Summer 2017\",\"description\":\"<p>080 Barcelona Spring-Summer 2017<\\\/p>\",\"link\":null,\"link_target\":\"\",\"download\":\"https:\\\/\\\/bobvarela.com\\\/wp-content\\\/flagallery\\\/miquel-suay-en-el-080-barcelona-fashion-primaveraverano-2017\\\/miquel_suay_033.jpg\",\"ratio\":0.66666666666666662965923251249478198587894439697265625},{\"id\":\"24133\",\"image\":\"https:\\\/\\\/bobvarela.com\\\/wp-content\\\/flagallery\\\/miquel-suay-en-el-080-barcelona-fashion-primaveraverano-2017\\\/webview\\\/miquel_suay_034.jpg\",\"thumb\":\"https:\\\/\\\/bobvarela.com\\\/wp-content\\\/flagallery\\\/miquel-suay-en-el-080-barcelona-fashion-primaveraverano-2017\\\/thumbs\\\/thumbs_miquel_suay_034.jpg\",\"file\":\"miquel_suay_034.jpg\",\"meta\":{\"aperture\":false,\"credit\":false,\"camera\":false,\"caption\":\"080 Barcelona Spring-Summer 2017\",\"created_timestamp\":\"June 27, 2016 7:37 pm\",\"copyright\":\"\\u00c2\\u00a9 2016 Estrop-Barcelona PHOTOGRAPH FOR FASHION EDITORIAL USE ONLY\",\"focal_length\":false,\"iso\":false,\"shutter_speed\":false,\"flash\":false,\"title\":\"080 Barcelona Spring-Summer 2017\",\"keywords\":\"080 Barcelona,Estrop-Barcelona,INEF,Spring-Summer 2017\",\"width\":1333,\"height\":2000,\"saved\":true,\"thumbnail\":{\"width\":220,\"height\":220,\"ewww_image_optimizer\":\"Reduced by 9.8% (2.9&nbsp;kB)\"},\"webview\":{\"0\":800,\"1\":1200,\"2\":2,\"3\":\"width=\\\"800\\\" height=\\\"1200\\\"\",\"bits\":8,\"channels\":3,\"mime\":\"image\\\/jpeg\",\"ewww_image_optimizer\":\"Reduced by 3.1% (3.4&nbsp;kB) - Previously Optimized\"},\"0\":false,\"ewww_image_optimizer\":\"Reduced by 12.2% (30.3&nbsp;kB)\",\"views\":\"1\",\"likes\":\"0\"},\"title\":\"080 Barcelona Spring-Summer 2017\",\"description\":\"<p>080 Barcelona Spring-Summer 2017<\\\/p>\",\"link\":null,\"link_target\":\"\",\"download\":\"https:\\\/\\\/bobvarela.com\\\/wp-content\\\/flagallery\\\/miquel-suay-en-el-080-barcelona-fashion-primaveraverano-2017\\\/miquel_suay_034.jpg\",\"ratio\":0.66666666666666662965923251249478198587894439697265625},{\"id\":\"24134\",\"image\":\"https:\\\/\\\/bobvarela.com\\\/wp-content\\\/flagallery\\\/miquel-suay-en-el-080-barcelona-fashion-primaveraverano-2017\\\/webview\\\/miquel_suay_035.jpg\",\"thumb\":\"https:\\\/\\\/bobvarela.com\\\/wp-content\\\/flagallery\\\/miquel-suay-en-el-080-barcelona-fashion-primaveraverano-2017\\\/thumbs\\\/thumbs_miquel_suay_035.jpg\",\"file\":\"miquel_suay_035.jpg\",\"meta\":{\"aperture\":false,\"credit\":false,\"camera\":false,\"caption\":\"080 Barcelona Spring-Summer 2017\",\"created_timestamp\":\"June 27, 2016 7:38 pm\",\"copyright\":\"\\u00c2\\u00a9 2016 Estrop-Barcelona PHOTOGRAPH FOR FASHION EDITORIAL USE ONLY\",\"focal_length\":false,\"iso\":false,\"shutter_speed\":false,\"flash\":false,\"title\":\"080 Barcelona Spring-Summer 2017\",\"keywords\":\"080 Barcelona,Estrop-Barcelona,INEF,Spring-Summer 2017\",\"width\":1333,\"height\":2000,\"saved\":true,\"thumbnail\":{\"width\":220,\"height\":220,\"ewww_image_optimizer\":\"Reduced by 8.3% (2.8&nbsp;kB)\"},\"webview\":{\"0\":800,\"1\":1200,\"2\":2,\"3\":\"width=\\\"800\\\" height=\\\"1200\\\"\",\"bits\":8,\"channels\":3,\"mime\":\"image\\\/jpeg\",\"ewww_image_optimizer\":\"Reduced by 2.1% (3.8&nbsp;kB) - Previously Optimized\"},\"0\":false,\"ewww_image_optimizer\":\"Reduced by 17.0% (50.3&nbsp;kB)\",\"views\":\"1\",\"likes\":\"0\"},\"title\":\"080 Barcelona Spring-Summer 2017\",\"description\":\"<p>080 Barcelona Spring-Summer 2017<\\\/p>\",\"link\":null,\"link_target\":\"\",\"download\":\"https:\\\/\\\/bobvarela.com\\\/wp-content\\\/flagallery\\\/miquel-suay-en-el-080-barcelona-fashion-primaveraverano-2017\\\/miquel_suay_035.jpg\",\"ratio\":0.66666666666666662965923251249478198587894439697265625},{\"id\":\"24135\",\"image\":\"https:\\\/\\\/bobvarela.com\\\/wp-content\\\/flagallery\\\/miquel-suay-en-el-080-barcelona-fashion-primaveraverano-2017\\\/webview\\\/miquel_suay_036.jpg\",\"thumb\":\"https:\\\/\\\/bobvarela.com\\\/wp-content\\\/flagallery\\\/miquel-suay-en-el-080-barcelona-fashion-primaveraverano-2017\\\/thumbs\\\/thumbs_miquel_suay_036.jpg\",\"file\":\"miquel_suay_036.jpg\",\"meta\":{\"aperture\":false,\"credit\":false,\"camera\":false,\"caption\":\"080 Barcelona Spring-Summer 2017\",\"created_timestamp\":\"June 27, 2016 7:38 pm\",\"copyright\":\"\\u00c2\\u00a9 2016 Estrop-Barcelona PHOTOGRAPH FOR FASHION EDITORIAL USE ONLY\",\"focal_length\":false,\"iso\":false,\"shutter_speed\":false,\"flash\":false,\"title\":\"080 Barcelona Spring-Summer 2017\",\"keywords\":\"080 Barcelona,Estrop-Barcelona,INEF,Spring-Summer 2017\",\"width\":1333,\"height\":2000,\"saved\":true,\"thumbnail\":{\"width\":220,\"height\":220,\"ewww_image_optimizer\":\"Reduced by 5.7% (1.8&nbsp;kB)\"},\"webview\":{\"0\":800,\"1\":1200,\"2\":2,\"3\":\"width=\\\"800\\\" height=\\\"1200\\\"\",\"bits\":8,\"channels\":3,\"mime\":\"image\\\/jpeg\",\"ewww_image_optimizer\":\"Reduced by 2.8% (5.3&nbsp;kB) - Previously Optimized\"},\"0\":false,\"ewww_image_optimizer\":\"Reduced by 7.5% (20.4&nbsp;kB)\",\"views\":\"1\",\"likes\":\"0\"},\"title\":\"080 Barcelona Spring-Summer 2017\",\"description\":\"<p>080 Barcelona Spring-Summer 2017<\\\/p>\",\"link\":null,\"link_target\":\"\",\"download\":\"https:\\\/\\\/bobvarela.com\\\/wp-content\\\/flagallery\\\/miquel-suay-en-el-080-barcelona-fashion-primaveraverano-2017\\\/miquel_suay_036.jpg\",\"ratio\":0.66666666666666662965923251249478198587894439697265625},{\"id\":\"24136\",\"image\":\"https:\\\/\\\/bobvarela.com\\\/wp-content\\\/flagallery\\\/miquel-suay-en-el-080-barcelona-fashion-primaveraverano-2017\\\/webview\\\/miquel_suay_037.jpg\",\"thumb\":\"https:\\\/\\\/bobvarela.com\\\/wp-content\\\/flagallery\\\/miquel-suay-en-el-080-barcelona-fashion-primaveraverano-2017\\\/thumbs\\\/thumbs_miquel_suay_037.jpg\",\"file\":\"miquel_suay_037.jpg\",\"meta\":{\"aperture\":false,\"credit\":false,\"camera\":false,\"caption\":\"080 Barcelona Spring-Summer 2017\",\"created_timestamp\":\"June 27, 2016 7:38 pm\",\"copyright\":\"\\u00c2\\u00a9 2016 Estrop-Barcelona PHOTOGRAPH FOR FASHION EDITORIAL USE ONLY\",\"focal_length\":false,\"iso\":false,\"shutter_speed\":false,\"flash\":false,\"title\":\"080 Barcelona Spring-Summer 2017\",\"keywords\":\"080 Barcelona,Estrop-Barcelona,INEF,Spring-Summer 2017\",\"width\":1333,\"height\":2000,\"saved\":true,\"thumbnail\":{\"width\":220,\"height\":220,\"ewww_image_optimizer\":\"Reduced by 9.8% (3.0&nbsp;kB)\"},\"webview\":{\"0\":800,\"1\":1200,\"2\":2,\"3\":\"width=\\\"800\\\" height=\\\"1200\\\"\",\"bits\":8,\"channels\":3,\"mime\":\"image\\\/jpeg\",\"ewww_image_optimizer\":\"Reduced by 2.3% (3.3&nbsp;kB) - Previously Optimized\"},\"0\":false,\"ewww_image_optimizer\":\"Reduced by 16.1% (47.1&nbsp;kB)\",\"views\":\"1\",\"likes\":\"0\"},\"title\":\"080 Barcelona Spring-Summer 2017\",\"description\":\"<p>080 Barcelona Spring-Summer 2017<\\\/p>\",\"link\":null,\"link_target\":\"\",\"download\":\"https:\\\/\\\/bobvarela.com\\\/wp-content\\\/flagallery\\\/miquel-suay-en-el-080-barcelona-fashion-primaveraverano-2017\\\/miquel_suay_037.jpg\",\"ratio\":0.66666666666666662965923251249478198587894439697265625},{\"id\":\"24137\",\"image\":\"https:\\\/\\\/bobvarela.com\\\/wp-content\\\/flagallery\\\/miquel-suay-en-el-080-barcelona-fashion-primaveraverano-2017\\\/webview\\\/miquel_suay_038.jpg\",\"thumb\":\"https:\\\/\\\/bobvarela.com\\\/wp-content\\\/flagallery\\\/miquel-suay-en-el-080-barcelona-fashion-primaveraverano-2017\\\/thumbs\\\/thumbs_miquel_suay_038.jpg\",\"file\":\"miquel_suay_038.jpg\",\"meta\":{\"aperture\":false,\"credit\":false,\"camera\":false,\"caption\":\"080 Barcelona Spring-Summer 2017\",\"created_timestamp\":\"June 27, 2016 7:38 pm\",\"copyright\":\"\\u00c2\\u00a9 2016 Estrop-Barcelona PHOTOGRAPH FOR FASHION EDITORIAL USE ONLY\",\"focal_length\":false,\"iso\":false,\"shutter_speed\":false,\"flash\":false,\"title\":\"080 Barcelona Spring-Summer 2017\",\"keywords\":\"080 Barcelona,Estrop-Barcelona,INEF,Spring-Summer 2017\",\"width\":667,\"height\":1000,\"saved\":true,\"thumbnail\":{\"width\":220,\"height\":220,\"ewww_image_optimizer\":\"Reduced by 11.7% (4.5&nbsp;kB)\"},\"webview\":{\"0\":667,\"1\":1000,\"2\":2,\"3\":\"width=\\\"667\\\" height=\\\"1000\\\"\",\"bits\":8,\"channels\":3,\"mime\":\"image\\\/jpeg\",\"ewww_image_optimizer\":\"Reduced by 4.2% (7.8&nbsp;kB) - Previously Optimized\"},\"0\":false,\"ewww_image_optimizer\":\"Reduced by 6.3% (15.3&nbsp;kB)\",\"views\":\"2\",\"likes\":\"0\"},\"title\":\"080 Barcelona Spring-Summer 2017\",\"description\":\"<p>080 Barcelona Spring-Summer 2017<\\\/p>\",\"link\":null,\"link_target\":\"\",\"download\":\"https:\\\/\\\/bobvarela.com\\\/wp-content\\\/flagallery\\\/miquel-suay-en-el-080-barcelona-fashion-primaveraverano-2017\\\/miquel_suay_038.jpg\",\"ratio\":0.6670000000000000373034936274052597582340240478515625},{\"id\":\"24138\",\"image\":\"https:\\\/\\\/bobvarela.com\\\/wp-content\\\/flagallery\\\/miquel-suay-en-el-080-barcelona-fashion-primaveraverano-2017\\\/webview\\\/miquel_suay_039.jpg\",\"thumb\":\"https:\\\/\\\/bobvarela.com\\\/wp-content\\\/flagallery\\\/miquel-suay-en-el-080-barcelona-fashion-primaveraverano-2017\\\/thumbs\\\/thumbs_miquel_suay_039.jpg\",\"file\":\"miquel_suay_039.jpg\",\"meta\":{\"aperture\":false,\"credit\":false,\"camera\":false,\"caption\":\"080 Barcelona Spring-Summer 2017\",\"created_timestamp\":\"June 27, 2016 7:38 pm\",\"copyright\":\"\\u00c2\\u00a9 2016 Estrop-Barcelona PHOTOGRAPH FOR FASHION EDITORIAL USE ONLY\",\"focal_length\":false,\"iso\":false,\"shutter_speed\":false,\"flash\":false,\"title\":\"080 Barcelona Spring-Summer 2017\",\"keywords\":\"080 Barcelona,Estrop-Barcelona,INEF,Spring-Summer 2017\",\"width\":1333,\"height\":2000,\"saved\":true,\"thumbnail\":{\"width\":220,\"height\":220,\"ewww_image_optimizer\":\"Reduced by 9.0% (3.2&nbsp;kB)\"},\"webview\":{\"0\":800,\"1\":1200,\"2\":2,\"3\":\"width=\\\"800\\\" height=\\\"1200\\\"\",\"bits\":8,\"channels\":3,\"mime\":\"image\\\/jpeg\",\"ewww_image_optimizer\":\"Reduced by 3.9% (4.9&nbsp;kB) - Previously Optimized\"},\"0\":false,\"ewww_image_optimizer\":\"Reduced by 10.5% (24.0&nbsp;kB)\",\"views\":\"2\",\"likes\":\"0\"},\"title\":\"080 Barcelona Spring-Summer 2017\",\"description\":\"<p>080 Barcelona Spring-Summer 2017<\\\/p>\",\"link\":null,\"link_target\":\"\",\"download\":\"https:\\\/\\\/bobvarela.com\\\/wp-content\\\/flagallery\\\/miquel-suay-en-el-080-barcelona-fashion-primaveraverano-2017\\\/miquel_suay_039.jpg\",\"ratio\":0.66666666666666662965923251249478198587894439697265625},{\"id\":\"24139\",\"image\":\"https:\\\/\\\/bobvarela.com\\\/wp-content\\\/flagallery\\\/miquel-suay-en-el-080-barcelona-fashion-primaveraverano-2017\\\/webview\\\/miquel_suay_040.jpg\",\"thumb\":\"https:\\\/\\\/bobvarela.com\\\/wp-content\\\/flagallery\\\/miquel-suay-en-el-080-barcelona-fashion-primaveraverano-2017\\\/thumbs\\\/thumbs_miquel_suay_040.jpg\",\"file\":\"miquel_suay_040.jpg\",\"meta\":{\"aperture\":false,\"credit\":false,\"camera\":false,\"caption\":\"080 Barcelona Spring-Summer 2017\",\"created_timestamp\":\"June 27, 2016 7:38 pm\",\"copyright\":\"\\u00c2\\u00a9 2016 Estrop-Barcelona PHOTOGRAPH FOR FASHION EDITORIAL USE ONLY\",\"focal_length\":false,\"iso\":false,\"shutter_speed\":false,\"flash\":false,\"title\":\"080 Barcelona Spring-Summer 2017\",\"keywords\":\"080 Barcelona,Estrop-Barcelona,INEF,Spring-Summer 2017\",\"width\":1333,\"height\":2000,\"saved\":true,\"thumbnail\":{\"width\":220,\"height\":220,\"ewww_image_optimizer\":\"Reduced by 11.4% (3.2&nbsp;kB)\"},\"webview\":{\"0\":800,\"1\":1200,\"2\":2,\"3\":\"width=\\\"800\\\" height=\\\"1200\\\"\",\"bits\":8,\"channels\":3,\"mime\":\"image\\\/jpeg\",\"ewww_image_optimizer\":\"Reduced by 4.3% (3.5&nbsp;kB) - Previously Optimized\"},\"0\":false,\"ewww_image_optimizer\":\"Reduced by 7.3% (21.7&nbsp;kB)\",\"views\":\"0\",\"likes\":\"0\"},\"title\":\"080 Barcelona Spring-Summer 2017\",\"description\":\"<p>080 Barcelona Spring-Summer 2017<\\\/p>\",\"link\":null,\"link_target\":\"\",\"download\":\"https:\\\/\\\/bobvarela.com\\\/wp-content\\\/flagallery\\\/miquel-suay-en-el-080-barcelona-fashion-primaveraverano-2017\\\/miquel_suay_040.jpg\",\"ratio\":0.66666666666666662965923251249478198587894439697265625},{\"id\":\"24140\",\"image\":\"https:\\\/\\\/bobvarela.com\\\/wp-content\\\/flagallery\\\/miquel-suay-en-el-080-barcelona-fashion-primaveraverano-2017\\\/webview\\\/miquel_suay_041.jpg\",\"thumb\":\"https:\\\/\\\/bobvarela.com\\\/wp-content\\\/flagallery\\\/miquel-suay-en-el-080-barcelona-fashion-primaveraverano-2017\\\/thumbs\\\/thumbs_miquel_suay_041.jpg\",\"file\":\"miquel_suay_041.jpg\",\"meta\":{\"aperture\":false,\"credit\":false,\"camera\":false,\"caption\":\"080 Barcelona Spring-Summer 2017\",\"created_timestamp\":\"June 27, 2016 7:38 pm\",\"copyright\":\"\\u00c2\\u00a9 2016 Estrop-Barcelona PHOTOGRAPH FOR FASHION EDITORIAL USE ONLY\",\"focal_length\":false,\"iso\":false,\"shutter_speed\":false,\"flash\":false,\"title\":\"080 Barcelona Spring-Summer 2017\",\"keywords\":\"080 Barcelona,Estrop-Barcelona,INEF,Spring-Summer 2017\",\"width\":1333,\"height\":2000,\"saved\":true,\"thumbnail\":{\"width\":220,\"height\":220,\"ewww_image_optimizer\":\"Reduced by 11.1% (3.8&nbsp;kB)\"},\"webview\":{\"0\":800,\"1\":1200,\"2\":2,\"3\":\"width=\\\"800\\\" height=\\\"1200\\\"\",\"bits\":8,\"channels\":3,\"mime\":\"image\\\/jpeg\",\"ewww_image_optimizer\":\"Reduced by 2.8% (3.1&nbsp;kB) - Previously Optimized\"},\"0\":false,\"ewww_image_optimizer\":\"Reduced by 13.4% (31.6&nbsp;kB)\",\"views\":\"2\",\"likes\":\"0\"},\"title\":\"080 Barcelona Spring-Summer 2017\",\"description\":\"<p>080 Barcelona Spring-Summer 2017<\\\/p>\",\"link\":null,\"link_target\":\"\",\"download\":\"https:\\\/\\\/bobvarela.com\\\/wp-content\\\/flagallery\\\/miquel-suay-en-el-080-barcelona-fashion-primaveraverano-2017\\\/miquel_suay_041.jpg\",\"ratio\":0.66666666666666662965923251249478198587894439697265625},{\"id\":\"24141\",\"image\":\"https:\\\/\\\/bobvarela.com\\\/wp-content\\\/flagallery\\\/miquel-suay-en-el-080-barcelona-fashion-primaveraverano-2017\\\/webview\\\/miquel_suay_042.jpg\",\"thumb\":\"https:\\\/\\\/bobvarela.com\\\/wp-content\\\/flagallery\\\/miquel-suay-en-el-080-barcelona-fashion-primaveraverano-2017\\\/thumbs\\\/thumbs_miquel_suay_042.jpg\",\"file\":\"miquel_suay_042.jpg\",\"meta\":{\"aperture\":false,\"credit\":false,\"camera\":false,\"caption\":\"080 Barcelona Spring-Summer 2017\",\"created_timestamp\":\"June 27, 2016 7:38 pm\",\"copyright\":\"\\u00c2\\u00a9 2016 Estrop-Barcelona PHOTOGRAPH FOR FASHION EDITORIAL USE ONLY\",\"focal_length\":false,\"iso\":false,\"shutter_speed\":false,\"flash\":false,\"title\":\"080 Barcelona Spring-Summer 2017\",\"keywords\":\"080 Barcelona,Estrop-Barcelona,INEF,Spring-Summer 2017\",\"width\":1333,\"height\":2000,\"saved\":true,\"thumbnail\":{\"width\":220,\"height\":220,\"ewww_image_optimizer\":\"Reduced by 10.5% (3.4&nbsp;kB)\"},\"webview\":{\"0\":800,\"1\":1200,\"2\":2,\"3\":\"width=\\\"800\\\" height=\\\"1200\\\"\",\"bits\":8,\"channels\":3,\"mime\":\"image\\\/jpeg\",\"ewww_image_optimizer\":\"Reduced by 2.9% (3.7&nbsp;kB) - Previously Optimized\"},\"0\":false,\"ewww_image_optimizer\":\"Reduced by 12.2% (31.1&nbsp;kB)\",\"views\":\"2\",\"likes\":\"0\"},\"title\":\"080 Barcelona Spring-Summer 2017\",\"description\":\"<p>080 Barcelona Spring-Summer 2017<\\\/p>\",\"link\":null,\"link_target\":\"\",\"download\":\"https:\\\/\\\/bobvarela.com\\\/wp-content\\\/flagallery\\\/miquel-suay-en-el-080-barcelona-fashion-primaveraverano-2017\\\/miquel_suay_042.jpg\",\"ratio\":0.66666666666666662965923251249478198587894439697265625},{\"id\":\"24142\",\"image\":\"https:\\\/\\\/bobvarela.com\\\/wp-content\\\/flagallery\\\/miquel-suay-en-el-080-barcelona-fashion-primaveraverano-2017\\\/webview\\\/miquel_suay_043.jpg\",\"thumb\":\"https:\\\/\\\/bobvarela.com\\\/wp-content\\\/flagallery\\\/miquel-suay-en-el-080-barcelona-fashion-primaveraverano-2017\\\/thumbs\\\/thumbs_miquel_suay_043.jpg\",\"file\":\"miquel_suay_043.jpg\",\"meta\":{\"aperture\":false,\"credit\":false,\"camera\":false,\"caption\":\"080 Barcelona Spring-Summer 2017\",\"created_timestamp\":\"June 27, 2016 7:38 pm\",\"copyright\":\"\\u00c2\\u00a9 2016 Estrop-Barcelona PHOTOGRAPH FOR FASHION EDITORIAL USE ONLY\",\"focal_length\":false,\"iso\":false,\"shutter_speed\":false,\"flash\":false,\"title\":\"080 Barcelona Spring-Summer 2017\",\"keywords\":\"080 Barcelona,Estrop-Barcelona,INEF,Spring-Summer 2017\",\"width\":667,\"height\":1000,\"saved\":true,\"thumbnail\":{\"width\":220,\"height\":220,\"ewww_image_optimizer\":\"Reduced by 11.1% (4.3&nbsp;kB)\"},\"webview\":{\"0\":667,\"1\":1000,\"2\":2,\"3\":\"width=\\\"667\\\" height=\\\"1000\\\"\",\"bits\":8,\"channels\":3,\"mime\":\"image\\\/jpeg\",\"ewww_image_optimizer\":\"Reduced by 4.1% (7.0&nbsp;kB) - Previously Optimized\"},\"0\":false,\"ewww_image_optimizer\":\"Reduced by 7.0% (20.0&nbsp;kB)\",\"views\":\"2\",\"likes\":\"0\"},\"title\":\"080 Barcelona Spring-Summer 2017\",\"description\":\"<p>080 Barcelona Spring-Summer 2017<\\\/p>\",\"link\":null,\"link_target\":\"\",\"download\":\"https:\\\/\\\/bobvarela.com\\\/wp-content\\\/flagallery\\\/miquel-suay-en-el-080-barcelona-fashion-primaveraverano-2017\\\/miquel_suay_043.jpg\",\"ratio\":0.6670000000000000373034936274052597582340240478515625},{\"id\":\"24143\",\"image\":\"https:\\\/\\\/bobvarela.com\\\/wp-content\\\/flagallery\\\/miquel-suay-en-el-080-barcelona-fashion-primaveraverano-2017\\\/webview\\\/miquel_suay_044.jpg\",\"thumb\":\"https:\\\/\\\/bobvarela.com\\\/wp-content\\\/flagallery\\\/miquel-suay-en-el-080-barcelona-fashion-primaveraverano-2017\\\/thumbs\\\/thumbs_miquel_suay_044.jpg\",\"file\":\"miquel_suay_044.jpg\",\"meta\":{\"aperture\":false,\"credit\":false,\"camera\":false,\"caption\":\"080 Barcelona Spring-Summer 2017\",\"created_timestamp\":\"June 27, 2016 7:38 pm\",\"copyright\":\"\\u00c2\\u00a9 2016 Estrop-Barcelona PHOTOGRAPH FOR FASHION EDITORIAL USE ONLY\",\"focal_length\":false,\"iso\":false,\"shutter_speed\":false,\"flash\":false,\"title\":\"080 Barcelona Spring-Summer 2017\",\"keywords\":\"080 Barcelona,Estrop-Barcelona,INEF,Spring-Summer 2017\",\"width\":1333,\"height\":2000,\"saved\":true,\"thumbnail\":{\"width\":220,\"height\":220,\"ewww_image_optimizer\":\"Reduced by 13.7% (6.8&nbsp;kB)\"},\"webview\":{\"0\":800,\"1\":1200,\"2\":2,\"3\":\"width=\\\"800\\\" height=\\\"1200\\\"\",\"bits\":8,\"channels\":3,\"mime\":\"image\\\/jpeg\",\"ewww_image_optimizer\":\"Reduced by 7.8% (20.4&nbsp;kB) - Previously Optimized\"},\"0\":false,\"ewww_image_optimizer\":\"Reduced by 8.9% (24.5&nbsp;kB)\",\"views\":\"2\",\"likes\":\"0\"},\"title\":\"080 Barcelona Spring-Summer 2017\",\"description\":\"<p>080 Barcelona Spring-Summer 2017<\\\/p>\",\"link\":null,\"link_target\":\"\",\"download\":\"https:\\\/\\\/bobvarela.com\\\/wp-content\\\/flagallery\\\/miquel-suay-en-el-080-barcelona-fashion-primaveraverano-2017\\\/miquel_suay_044.jpg\",\"ratio\":0.66666666666666662965923251249478198587894439697265625},{\"id\":\"24144\",\"image\":\"https:\\\/\\\/bobvarela.com\\\/wp-content\\\/flagallery\\\/miquel-suay-en-el-080-barcelona-fashion-primaveraverano-2017\\\/webview\\\/miquel_suay_045.jpg\",\"thumb\":\"https:\\\/\\\/bobvarela.com\\\/wp-content\\\/flagallery\\\/miquel-suay-en-el-080-barcelona-fashion-primaveraverano-2017\\\/thumbs\\\/thumbs_miquel_suay_045.jpg\",\"file\":\"miquel_suay_045.jpg\",\"meta\":{\"aperture\":false,\"credit\":false,\"camera\":false,\"caption\":\"080 Barcelona Spring-Summer 2017\",\"created_timestamp\":\"June 27, 2016 7:38 pm\",\"copyright\":\"\\u00c2\\u00a9 2016 Estrop-Barcelona PHOTOGRAPH FOR FASHION EDITORIAL USE ONLY\",\"focal_length\":false,\"iso\":false,\"shutter_speed\":false,\"flash\":false,\"title\":\"080 Barcelona Spring-Summer 2017\",\"keywords\":\"080 Barcelona,Estrop-Barcelona,INEF,Spring-Summer 2017\",\"width\":1333,\"height\":2000,\"saved\":true,\"thumbnail\":{\"width\":220,\"height\":220,\"ewww_image_optimizer\":\"Reduced by 10.9% (3.4&nbsp;kB)\"},\"webview\":{\"0\":800,\"1\":1200,\"2\":2,\"3\":\"width=\\\"800\\\" height=\\\"1200\\\"\",\"bits\":8,\"channels\":3,\"mime\":\"image\\\/jpeg\",\"ewww_image_optimizer\":\"Reduced by 3.8% (4.2&nbsp;kB) - Previously Optimized\"},\"0\":false,\"ewww_image_optimizer\":\"Reduced by 14.8% (36.2&nbsp;kB)\",\"views\":\"1\",\"likes\":\"0\"},\"title\":\"080 Barcelona Spring-Summer 2017\",\"description\":\"<p>080 Barcelona Spring-Summer 2017<\\\/p>\",\"link\":null,\"link_target\":\"\",\"download\":\"https:\\\/\\\/bobvarela.com\\\/wp-content\\\/flagallery\\\/miquel-suay-en-el-080-barcelona-fashion-primaveraverano-2017\\\/miquel_suay_045.jpg\",\"ratio\":0.66666666666666662965923251249478198587894439697265625},{\"id\":\"24145\",\"image\":\"https:\\\/\\\/bobvarela.com\\\/wp-content\\\/flagallery\\\/miquel-suay-en-el-080-barcelona-fashion-primaveraverano-2017\\\/webview\\\/miquel_suay_046.jpg\",\"thumb\":\"https:\\\/\\\/bobvarela.com\\\/wp-content\\\/flagallery\\\/miquel-suay-en-el-080-barcelona-fashion-primaveraverano-2017\\\/thumbs\\\/thumbs_miquel_suay_046.jpg\",\"file\":\"miquel_suay_046.jpg\",\"meta\":{\"aperture\":false,\"credit\":false,\"camera\":false,\"caption\":\"080 Barcelona Spring-Summer 2017\",\"created_timestamp\":\"June 27, 2016 7:38 pm\",\"copyright\":\"\\u00c2\\u00a9 2016 Estrop-Barcelona PHOTOGRAPH FOR FASHION EDITORIAL USE ONLY\",\"focal_length\":false,\"iso\":false,\"shutter_speed\":false,\"flash\":false,\"title\":\"080 Barcelona Spring-Summer 2017\",\"keywords\":\"080 Barcelona,Estrop-Barcelona,INEF,Spring-Summer 2017\",\"width\":1333,\"height\":2000,\"saved\":true,\"thumbnail\":{\"width\":220,\"height\":220,\"ewww_image_optimizer\":\"Reduced by 12.3% (4.7&nbsp;kB)\"},\"webview\":{\"0\":800,\"1\":1200,\"2\":2,\"3\":\"width=\\\"800\\\" height=\\\"1200\\\"\",\"bits\":8,\"channels\":3,\"mime\":\"image\\\/jpeg\",\"ewww_image_optimizer\":\"Reduced by 3.1% (4.6&nbsp;kB) - Previously Optimized\"},\"0\":false,\"ewww_image_optimizer\":\"Reduced by 8.5% (21.6&nbsp;kB)\",\"views\":\"2\",\"likes\":\"0\"},\"title\":\"080 Barcelona Spring-Summer 2017\",\"description\":\"<p>080 Barcelona Spring-Summer 2017<\\\/p>\",\"link\":null,\"link_target\":\"\",\"download\":\"https:\\\/\\\/bobvarela.com\\\/wp-content\\\/flagallery\\\/miquel-suay-en-el-080-barcelona-fashion-primaveraverano-2017\\\/miquel_suay_046.jpg\",\"ratio\":0.66666666666666662965923251249478198587894439697265625},{\"id\":\"24146\",\"image\":\"https:\\\/\\\/bobvarela.com\\\/wp-content\\\/flagallery\\\/miquel-suay-en-el-080-barcelona-fashion-primaveraverano-2017\\\/webview\\\/miquel_suay_047.jpg\",\"thumb\":\"https:\\\/\\\/bobvarela.com\\\/wp-content\\\/flagallery\\\/miquel-suay-en-el-080-barcelona-fashion-primaveraverano-2017\\\/thumbs\\\/thumbs_miquel_suay_047.jpg\",\"file\":\"miquel_suay_047.jpg\",\"meta\":{\"aperture\":false,\"credit\":false,\"camera\":false,\"caption\":\"080 Barcelona Spring-Summer 2017\",\"created_timestamp\":\"June 27, 2016 7:38 pm\",\"copyright\":\"\\u00c2\\u00a9 2016 Estrop-Barcelona PHOTOGRAPH FOR FASHION EDITORIAL USE ONLY\",\"focal_length\":false,\"iso\":false,\"shutter_speed\":false,\"flash\":false,\"title\":\"080 Barcelona Spring-Summer 2017\",\"keywords\":\"080 Barcelona,Estrop-Barcelona,INEF,Spring-Summer 2017\",\"width\":1333,\"height\":2000,\"saved\":true,\"thumbnail\":{\"width\":220,\"height\":220,\"ewww_image_optimizer\":\"Reduced by 12.4% (5.6&nbsp;kB)\"},\"webview\":{\"0\":800,\"1\":1200,\"2\":2,\"3\":\"width=\\\"800\\\" height=\\\"1200\\\"\",\"bits\":8,\"channels\":3,\"mime\":\"image\\\/jpeg\",\"ewww_image_optimizer\":\"Reduced by 4.9% (11.5&nbsp;kB) - Previously Optimized\"},\"0\":false,\"ewww_image_optimizer\":\"Reduced by 14.2% (34.3&nbsp;kB)\",\"views\":\"3\",\"likes\":\"0\"},\"title\":\"080 Barcelona Spring-Summer 2017\",\"description\":\"<p>080 Barcelona Spring-Summer 2017<\\\/p>\",\"link\":null,\"link_target\":\"\",\"download\":\"https:\\\/\\\/bobvarela.com\\\/wp-content\\\/flagallery\\\/miquel-suay-en-el-080-barcelona-fashion-primaveraverano-2017\\\/miquel_suay_047.jpg\",\"ratio\":0.66666666666666662965923251249478198587894439697265625},{\"id\":\"24147\",\"image\":\"https:\\\/\\\/bobvarela.com\\\/wp-content\\\/flagallery\\\/miquel-suay-en-el-080-barcelona-fashion-primaveraverano-2017\\\/webview\\\/miquel_suay_048.jpg\",\"thumb\":\"https:\\\/\\\/bobvarela.com\\\/wp-content\\\/flagallery\\\/miquel-suay-en-el-080-barcelona-fashion-primaveraverano-2017\\\/thumbs\\\/thumbs_miquel_suay_048.jpg\",\"file\":\"miquel_suay_048.jpg\",\"meta\":{\"aperture\":false,\"credit\":false,\"camera\":false,\"caption\":\"080 Barcelona Spring-Summer 2017\",\"created_timestamp\":\"June 27, 2016 7:39 pm\",\"copyright\":\"\\u00c2\\u00a9 2016 Estrop-Barcelona PHOTOGRAPH FOR FASHION EDITORIAL USE ONLY\",\"focal_length\":false,\"iso\":false,\"shutter_speed\":false,\"flash\":false,\"title\":\"080 Barcelona Spring-Summer 2017\",\"keywords\":\"080 Barcelona,Estrop-Barcelona,INEF,Spring-Summer 2017\",\"width\":1333,\"height\":2000,\"saved\":true,\"thumbnail\":{\"width\":220,\"height\":220,\"ewww_image_optimizer\":\"Reduced by 11.3% (3.2&nbsp;kB)\"},\"webview\":{\"0\":800,\"1\":1200,\"2\":2,\"3\":\"width=\\\"800\\\" height=\\\"1200\\\"\",\"bits\":8,\"channels\":3,\"mime\":\"image\\\/jpeg\",\"ewww_image_optimizer\":\"Reduced by 4.9% (4.1&nbsp;kB) - Previously Optimized\"},\"0\":false,\"ewww_image_optimizer\":\"Reduced by 8.4% (25.2&nbsp;kB)\",\"views\":\"0\",\"likes\":\"0\"},\"title\":\"080 Barcelona Spring-Summer 2017\",\"description\":\"<p>080 Barcelona Spring-Summer 2017<\\\/p>\",\"link\":null,\"link_target\":\"\",\"download\":\"https:\\\/\\\/bobvarela.com\\\/wp-content\\\/flagallery\\\/miquel-suay-en-el-080-barcelona-fashion-primaveraverano-2017\\\/miquel_suay_048.jpg\",\"ratio\":0.66666666666666662965923251249478198587894439697265625},{\"id\":\"24148\",\"image\":\"https:\\\/\\\/bobvarela.com\\\/wp-content\\\/flagallery\\\/miquel-suay-en-el-080-barcelona-fashion-primaveraverano-2017\\\/webview\\\/miquel_suay_049.jpg\",\"thumb\":\"https:\\\/\\\/bobvarela.com\\\/wp-content\\\/flagallery\\\/miquel-suay-en-el-080-barcelona-fashion-primaveraverano-2017\\\/thumbs\\\/thumbs_miquel_suay_049.jpg\",\"file\":\"miquel_suay_049.jpg\",\"meta\":{\"aperture\":false,\"credit\":false,\"camera\":false,\"caption\":\"080 Barcelona Spring-Summer 2017\",\"created_timestamp\":\"June 27, 2016 7:39 pm\",\"copyright\":\"\\u00c2\\u00a9 2016 Estrop-Barcelona PHOTOGRAPH FOR FASHION EDITORIAL USE ONLY\",\"focal_length\":false,\"iso\":false,\"shutter_speed\":false,\"flash\":false,\"title\":\"080 Barcelona Spring-Summer 2017\",\"keywords\":\"080 Barcelona,Estrop-Barcelona,INEF,Spring-Summer 2017\",\"width\":1333,\"height\":2000,\"saved\":true,\"thumbnail\":{\"width\":220,\"height\":220,\"ewww_image_optimizer\":\"Reduced by 11.5% (4.1&nbsp;kB)\"},\"webview\":{\"0\":800,\"1\":1200,\"2\":2,\"3\":\"width=\\\"800\\\" height=\\\"1200\\\"\",\"bits\":8,\"channels\":3,\"mime\":\"image\\\/jpeg\",\"ewww_image_optimizer\":\"Reduced by 3.2% (3.6&nbsp;kB) - Previously Optimized\"},\"0\":false,\"ewww_image_optimizer\":\"Reduced by 8.7% (25.6&nbsp;kB)\",\"views\":\"2\",\"likes\":\"0\"},\"title\":\"080 Barcelona Spring-Summer 2017\",\"description\":\"<p>080 Barcelona Spring-Summer 2017<\\\/p>\",\"link\":null,\"link_target\":\"\",\"download\":\"https:\\\/\\\/bobvarela.com\\\/wp-content\\\/flagallery\\\/miquel-suay-en-el-080-barcelona-fashion-primaveraverano-2017\\\/miquel_suay_049.jpg\",\"ratio\":0.66666666666666662965923251249478198587894439697265625},{\"id\":\"24149\",\"image\":\"https:\\\/\\\/bobvarela.com\\\/wp-content\\\/flagallery\\\/miquel-suay-en-el-080-barcelona-fashion-primaveraverano-2017\\\/webview\\\/miquel_suay_050.jpg\",\"thumb\":\"https:\\\/\\\/bobvarela.com\\\/wp-content\\\/flagallery\\\/miquel-suay-en-el-080-barcelona-fashion-primaveraverano-2017\\\/thumbs\\\/thumbs_miquel_suay_050.jpg\",\"file\":\"miquel_suay_050.jpg\",\"meta\":{\"aperture\":false,\"credit\":false,\"camera\":false,\"caption\":\"080 Barcelona Spring-Summer 2017\",\"created_timestamp\":\"June 27, 2016 7:39 pm\",\"copyright\":\"\\u00c2\\u00a9 2016 Estrop-Barcelona PHOTOGRAPH FOR FASHION EDITORIAL USE ONLY\",\"focal_length\":false,\"iso\":false,\"shutter_speed\":false,\"flash\":false,\"title\":\"080 Barcelona Spring-Summer 2017\",\"keywords\":\"080 Barcelona,Estrop-Barcelona,INEF,Spring-Summer 2017\",\"width\":1333,\"height\":2000,\"saved\":true,\"thumbnail\":{\"width\":220,\"height\":220,\"ewww_image_optimizer\":\"Reduced by 10.8% (3.0&nbsp;kB)\"},\"webview\":{\"0\":800,\"1\":1200,\"2\":2,\"3\":\"width=\\\"800\\\" height=\\\"1200\\\"\",\"bits\":8,\"channels\":3,\"mime\":\"image\\\/jpeg\",\"ewww_image_optimizer\":\"Reduced by 4.2% (3.4&nbsp;kB) - Previously Optimized\"},\"0\":false,\"ewww_image_optimizer\":\"Reduced by 11.2% (26.4&nbsp;kB)\",\"views\":\"1\",\"likes\":\"0\"},\"title\":\"080 Barcelona Spring-Summer 2017\",\"description\":\"<p>080 Barcelona Spring-Summer 2017<\\\/p>\",\"link\":null,\"link_target\":\"\",\"download\":\"https:\\\/\\\/bobvarela.com\\\/wp-content\\\/flagallery\\\/miquel-suay-en-el-080-barcelona-fashion-primaveraverano-2017\\\/miquel_suay_050.jpg\",\"ratio\":0.66666666666666662965923251249478198587894439697265625},{\"id\":\"24150\",\"image\":\"https:\\\/\\\/bobvarela.com\\\/wp-content\\\/flagallery\\\/miquel-suay-en-el-080-barcelona-fashion-primaveraverano-2017\\\/webview\\\/miquel_suay_051.jpg\",\"thumb\":\"https:\\\/\\\/bobvarela.com\\\/wp-content\\\/flagallery\\\/miquel-suay-en-el-080-barcelona-fashion-primaveraverano-2017\\\/thumbs\\\/thumbs_miquel_suay_051.jpg\",\"file\":\"miquel_suay_051.jpg\",\"meta\":{\"aperture\":false,\"credit\":false,\"camera\":false,\"caption\":\"080 Barcelona Spring-Summer 2017\",\"created_timestamp\":\"June 27, 2016 7:39 pm\",\"copyright\":\"\\u00c2\\u00a9 2016 Estrop-Barcelona PHOTOGRAPH FOR FASHION EDITORIAL USE ONLY\",\"focal_length\":false,\"iso\":false,\"shutter_speed\":false,\"flash\":false,\"title\":\"080 Barcelona Spring-Summer 2017\",\"keywords\":\"080 Barcelona,Estrop-Barcelona,INEF,Spring-Summer 2017\",\"width\":1333,\"height\":2000,\"saved\":true,\"thumbnail\":{\"width\":220,\"height\":220,\"ewww_image_optimizer\":\"Reduced by 10.3% (2.9&nbsp;kB)\"},\"webview\":{\"0\":800,\"1\":1200,\"2\":2,\"3\":\"width=\\\"800\\\" height=\\\"1200\\\"\",\"bits\":8,\"channels\":3,\"mime\":\"image\\\/jpeg\",\"ewww_image_optimizer\":\"Reduced by 3.6% (3.7&nbsp;kB) - Previously Optimized\"},\"0\":false,\"ewww_image_optimizer\":\"Reduced by 9.9% (29.2&nbsp;kB)\",\"views\":\"2\",\"likes\":\"0\"},\"title\":\"080 Barcelona Spring-Summer 2017\",\"description\":\"<p>080 Barcelona Spring-Summer 2017<\\\/p>\",\"link\":null,\"link_target\":\"\",\"download\":\"https:\\\/\\\/bobvarela.com\\\/wp-content\\\/flagallery\\\/miquel-suay-en-el-080-barcelona-fashion-primaveraverano-2017\\\/miquel_suay_051.jpg\",\"ratio\":0.66666666666666662965923251249478198587894439697265625},{\"id\":\"24151\",\"image\":\"https:\\\/\\\/bobvarela.com\\\/wp-content\\\/flagallery\\\/miquel-suay-en-el-080-barcelona-fashion-primaveraverano-2017\\\/webview\\\/miquel_suay_052.jpg\",\"thumb\":\"https:\\\/\\\/bobvarela.com\\\/wp-content\\\/flagallery\\\/miquel-suay-en-el-080-barcelona-fashion-primaveraverano-2017\\\/thumbs\\\/thumbs_miquel_suay_052.jpg\",\"file\":\"miquel_suay_052.jpg\",\"meta\":{\"aperture\":false,\"credit\":false,\"camera\":false,\"caption\":\"080 Barcelona Spring-Summer 2017\",\"created_timestamp\":\"June 27, 2016 7:39 pm\",\"copyright\":\"\\u00c2\\u00a9 2016 Estrop-Barcelona PHOTOGRAPH FOR FASHION EDITORIAL USE ONLY\",\"focal_length\":false,\"iso\":false,\"shutter_speed\":false,\"flash\":false,\"title\":\"080 Barcelona Spring-Summer 2017\",\"keywords\":\"080 Barcelona,Estrop-Barcelona,INEF,Spring-Summer 2017\",\"width\":1333,\"height\":2000,\"saved\":true,\"thumbnail\":{\"width\":220,\"height\":220,\"ewww_image_optimizer\":\"Reduced by 10.1% (2.8&nbsp;kB)\"},\"webview\":{\"0\":800,\"1\":1200,\"2\":2,\"3\":\"width=\\\"800\\\" height=\\\"1200\\\"\",\"bits\":8,\"channels\":3,\"mime\":\"image\\\/jpeg\",\"ewww_image_optimizer\":\"Reduced by 4.7% (4.0&nbsp;kB) - Previously Optimized\"},\"0\":false,\"ewww_image_optimizer\":\"Reduced by 11.0% (26.4&nbsp;kB)\",\"views\":\"0\",\"likes\":\"0\"},\"title\":\"080 Barcelona Spring-Summer 2017\",\"description\":\"<p>080 Barcelona Spring-Summer 2017<\\\/p>\",\"link\":null,\"link_target\":\"\",\"download\":\"https:\\\/\\\/bobvarela.com\\\/wp-content\\\/flagallery\\\/miquel-suay-en-el-080-barcelona-fashion-primaveraverano-2017\\\/miquel_suay_052.jpg\",\"ratio\":0.66666666666666662965923251249478198587894439697265625},{\"id\":\"24152\",\"image\":\"https:\\\/\\\/bobvarela.com\\\/wp-content\\\/flagallery\\\/miquel-suay-en-el-080-barcelona-fashion-primaveraverano-2017\\\/webview\\\/miquel_suay_053.jpg\",\"thumb\":\"https:\\\/\\\/bobvarela.com\\\/wp-content\\\/flagallery\\\/miquel-suay-en-el-080-barcelona-fashion-primaveraverano-2017\\\/thumbs\\\/thumbs_miquel_suay_053.jpg\",\"file\":\"miquel_suay_053.jpg\",\"meta\":{\"aperture\":false,\"credit\":false,\"camera\":false,\"caption\":\"080 Barcelona Spring-Summer 2017\",\"created_timestamp\":\"June 27, 2016 7:39 pm\",\"copyright\":\"\\u00c2\\u00a9 2016 Estrop-Barcelona PHOTOGRAPH FOR FASHION EDITORIAL USE ONLY\",\"focal_length\":false,\"iso\":false,\"shutter_speed\":false,\"flash\":false,\"title\":\"080 Barcelona Spring-Summer 2017\",\"keywords\":\"080 Barcelona,Estrop-Barcelona,INEF,Spring-Summer 2017\",\"width\":1333,\"height\":2000,\"saved\":true,\"thumbnail\":{\"width\":220,\"height\":220,\"ewww_image_optimizer\":\"Reduced by 8.9% (2.9&nbsp;kB)\"},\"webview\":{\"0\":800,\"1\":1200,\"2\":2,\"3\":\"width=\\\"800\\\" height=\\\"1200\\\"\",\"bits\":8,\"channels\":3,\"mime\":\"image\\\/jpeg\",\"ewww_image_optimizer\":\"Reduced by 3.1% (4.0&nbsp;kB) - Previously Optimized\"},\"0\":false,\"ewww_image_optimizer\":\"Reduced by 7.4% (20.4&nbsp;kB)\",\"views\":\"1\",\"likes\":\"0\"},\"title\":\"080 Barcelona Spring-Summer 2017\",\"description\":\"<p>080 Barcelona Spring-Summer 2017<\\\/p>\",\"link\":null,\"link_target\":\"\",\"download\":\"https:\\\/\\\/bobvarela.com\\\/wp-content\\\/flagallery\\\/miquel-suay-en-el-080-barcelona-fashion-primaveraverano-2017\\\/miquel_suay_053.jpg\",\"ratio\":0.66666666666666662965923251249478198587894439697265625},{\"id\":\"24153\",\"image\":\"https:\\\/\\\/bobvarela.com\\\/wp-content\\\/flagallery\\\/miquel-suay-en-el-080-barcelona-fashion-primaveraverano-2017\\\/webview\\\/miquel_suay_054.jpg\",\"thumb\":\"https:\\\/\\\/bobvarela.com\\\/wp-content\\\/flagallery\\\/miquel-suay-en-el-080-barcelona-fashion-primaveraverano-2017\\\/thumbs\\\/thumbs_miquel_suay_054.jpg\",\"file\":\"miquel_suay_054.jpg\",\"meta\":{\"aperture\":false,\"credit\":false,\"camera\":false,\"caption\":\"080 Barcelona Spring-Summer 2017\",\"created_timestamp\":\"June 27, 2016 7:39 pm\",\"copyright\":\"\\u00c2\\u00a9 2016 Estrop-Barcelona PHOTOGRAPH FOR FASHION EDITORIAL USE ONLY\",\"focal_length\":false,\"iso\":false,\"shutter_speed\":false,\"flash\":false,\"title\":\"080 Barcelona Spring-Summer 2017\",\"keywords\":\"080 Barcelona,Estrop-Barcelona,INEF,Spring-Summer 2017\",\"width\":1333,\"height\":2000,\"saved\":true,\"thumbnail\":{\"width\":220,\"height\":220,\"ewww_image_optimizer\":\"Reduced by 9.8% (3.2&nbsp;kB)\"},\"webview\":{\"0\":800,\"1\":1200,\"2\":2,\"3\":\"width=\\\"800\\\" height=\\\"1200\\\"\",\"bits\":8,\"channels\":3,\"mime\":\"image\\\/jpeg\",\"ewww_image_optimizer\":\"Reduced by 2.5% (3.1&nbsp;kB) - Previously Optimized\"},\"0\":false,\"ewww_image_optimizer\":\"Reduced by 8.3% (24.8&nbsp;kB)\",\"views\":\"1\",\"likes\":\"0\"},\"title\":\"080 Barcelona Spring-Summer 2017\",\"description\":\"<p>080 Barcelona Spring-Summer 2017<\\\/p>\",\"link\":null,\"link_target\":\"\",\"download\":\"https:\\\/\\\/bobvarela.com\\\/wp-content\\\/flagallery\\\/miquel-suay-en-el-080-barcelona-fashion-primaveraverano-2017\\\/miquel_suay_054.jpg\",\"ratio\":0.66666666666666662965923251249478198587894439697265625},{\"id\":\"24154\",\"image\":\"https:\\\/\\\/bobvarela.com\\\/wp-content\\\/flagallery\\\/miquel-suay-en-el-080-barcelona-fashion-primaveraverano-2017\\\/webview\\\/miquel_suay_055.jpg\",\"thumb\":\"https:\\\/\\\/bobvarela.com\\\/wp-content\\\/flagallery\\\/miquel-suay-en-el-080-barcelona-fashion-primaveraverano-2017\\\/thumbs\\\/thumbs_miquel_suay_055.jpg\",\"file\":\"miquel_suay_055.jpg\",\"meta\":{\"aperture\":false,\"credit\":false,\"camera\":false,\"caption\":\"080 Barcelona Spring-Summer 2017\",\"created_timestamp\":\"June 27, 2016 7:40 pm\",\"copyright\":\"\\u00c2\\u00a9 2016 Estrop-Barcelona PHOTOGRAPH FOR FASHION EDITORIAL USE ONLY\",\"focal_length\":false,\"iso\":false,\"shutter_speed\":false,\"flash\":false,\"title\":\"080 Barcelona Spring-Summer 2017\",\"keywords\":\"080 Barcelona,Estrop-Barcelona,INEF,Spring-Summer 2017\",\"width\":1333,\"height\":2000,\"saved\":true,\"thumbnail\":{\"width\":220,\"height\":220,\"ewww_image_optimizer\":\"Reduced by 9.0% (3.6&nbsp;kB)\"},\"webview\":{\"0\":800,\"1\":1200,\"2\":2,\"3\":\"width=\\\"800\\\" height=\\\"1200\\\"\",\"bits\":8,\"channels\":3,\"mime\":\"image\\\/jpeg\",\"ewww_image_optimizer\":\"Reduced by 2.6% (5.1&nbsp;kB) - Previously Optimized\"},\"0\":false,\"ewww_image_optimizer\":\"Reduced by 19.1% (50.7&nbsp;kB)\",\"views\":\"0\",\"likes\":\"0\"},\"title\":\"080 Barcelona Spring-Summer 2017\",\"description\":\"<p>080 Barcelona Spring-Summer 2017<\\\/p>\",\"link\":null,\"link_target\":\"\",\"download\":\"https:\\\/\\\/bobvarela.com\\\/wp-content\\\/flagallery\\\/miquel-suay-en-el-080-barcelona-fashion-primaveraverano-2017\\\/miquel_suay_055.jpg\",\"ratio\":0.66666666666666662965923251249478198587894439697265625},{\"id\":\"24155\",\"image\":\"https:\\\/\\\/bobvarela.com\\\/wp-content\\\/flagallery\\\/miquel-suay-en-el-080-barcelona-fashion-primaveraverano-2017\\\/webview\\\/miquel_suay_056.jpg\",\"thumb\":\"https:\\\/\\\/bobvarela.com\\\/wp-content\\\/flagallery\\\/miquel-suay-en-el-080-barcelona-fashion-primaveraverano-2017\\\/thumbs\\\/thumbs_miquel_suay_056.jpg\",\"file\":\"miquel_suay_056.jpg\",\"meta\":{\"aperture\":false,\"credit\":false,\"camera\":false,\"caption\":\"080 Barcelona Spring-Summer 2017\",\"created_timestamp\":\"June 27, 2016 7:40 pm\",\"copyright\":\"\\u00c2\\u00a9 2016 Estrop-Barcelona PHOTOGRAPH FOR FASHION EDITORIAL USE ONLY\",\"focal_length\":false,\"iso\":false,\"shutter_speed\":false,\"flash\":false,\"title\":\"080 Barcelona Spring-Summer 2017\",\"keywords\":\"080 Barcelona,Estrop-Barcelona,INEF,Spring-Summer 2017\",\"width\":1333,\"height\":2000,\"saved\":true,\"thumbnail\":{\"width\":220,\"height\":220,\"ewww_image_optimizer\":\"Reduced by 10.7% (3.5&nbsp;kB)\"},\"webview\":{\"0\":800,\"1\":1200,\"2\":2,\"3\":\"width=\\\"800\\\" height=\\\"1200\\\"\",\"bits\":8,\"channels\":3,\"mime\":\"image\\\/jpeg\",\"ewww_image_optimizer\":\"Reduced by 4.4% (4.4&nbsp;kB) - Previously Optimized\"},\"0\":false,\"ewww_image_optimizer\":\"Reduced by 8.1% (23.0&nbsp;kB)\",\"views\":\"1\",\"likes\":\"0\"},\"title\":\"080 Barcelona Spring-Summer 2017\",\"description\":\"<p>080 Barcelona Spring-Summer 2017<\\\/p>\",\"link\":null,\"link_target\":\"\",\"download\":\"https:\\\/\\\/bobvarela.com\\\/wp-content\\\/flagallery\\\/miquel-suay-en-el-080-barcelona-fashion-primaveraverano-2017\\\/miquel_suay_056.jpg\",\"ratio\":0.66666666666666662965923251249478198587894439697265625},{\"id\":\"24156\",\"image\":\"https:\\\/\\\/bobvarela.com\\\/wp-content\\\/flagallery\\\/miquel-suay-en-el-080-barcelona-fashion-primaveraverano-2017\\\/webview\\\/miquel_suay_057.jpg\",\"thumb\":\"https:\\\/\\\/bobvarela.com\\\/wp-content\\\/flagallery\\\/miquel-suay-en-el-080-barcelona-fashion-primaveraverano-2017\\\/thumbs\\\/thumbs_miquel_suay_057.jpg\",\"file\":\"miquel_suay_057.jpg\",\"meta\":{\"aperture\":false,\"credit\":false,\"camera\":false,\"caption\":\"080 Barcelona Spring-Summer 2017\",\"created_timestamp\":\"June 27, 2016 7:40 pm\",\"copyright\":\"\\u00c2\\u00a9 2016 Estrop-Barcelona PHOTOGRAPH FOR FASHION EDITORIAL USE ONLY\",\"focal_length\":false,\"iso\":false,\"shutter_speed\":false,\"flash\":false,\"title\":\"080 Barcelona Spring-Summer 2017\",\"keywords\":\"080 Barcelona,Estrop-Barcelona,INEF,Spring-Summer 2017\",\"width\":1333,\"height\":2000,\"saved\":true,\"thumbnail\":{\"width\":220,\"height\":220,\"ewww_image_optimizer\":\"Reduced by 9.7% (3.5&nbsp;kB)\"},\"webview\":{\"0\":800,\"1\":1200,\"2\":2,\"3\":\"width=\\\"800\\\" height=\\\"1200\\\"\",\"bits\":8,\"channels\":3,\"mime\":\"image\\\/jpeg\",\"ewww_image_optimizer\":\"Reduced by 2.2% (3.1&nbsp;kB) - Previously Optimized\"},\"0\":false,\"ewww_image_optimizer\":\"Reduced by 6.3% (18.2&nbsp;kB)\",\"views\":\"1\",\"likes\":\"0\"},\"title\":\"080 Barcelona Spring-Summer 2017\",\"description\":\"<p>080 Barcelona Spring-Summer 2017<\\\/p>\",\"link\":null,\"link_target\":\"\",\"download\":\"https:\\\/\\\/bobvarela.com\\\/wp-content\\\/flagallery\\\/miquel-suay-en-el-080-barcelona-fashion-primaveraverano-2017\\\/miquel_suay_057.jpg\",\"ratio\":0.66666666666666662965923251249478198587894439697265625},{\"id\":\"24157\",\"image\":\"https:\\\/\\\/bobvarela.com\\\/wp-content\\\/flagallery\\\/miquel-suay-en-el-080-barcelona-fashion-primaveraverano-2017\\\/webview\\\/miquel_suay_058.jpg\",\"thumb\":\"https:\\\/\\\/bobvarela.com\\\/wp-content\\\/flagallery\\\/miquel-suay-en-el-080-barcelona-fashion-primaveraverano-2017\\\/thumbs\\\/thumbs_miquel_suay_058.jpg\",\"file\":\"miquel_suay_058.jpg\",\"meta\":{\"aperture\":false,\"credit\":false,\"camera\":false,\"caption\":\"080 Barcelona Spring-Summer 2017\",\"created_timestamp\":\"June 27, 2016 7:40 pm\",\"copyright\":\"\\u00c2\\u00a9 2016 Estrop-Barcelona PHOTOGRAPH FOR FASHION EDITORIAL USE ONLY\",\"focal_length\":false,\"iso\":false,\"shutter_speed\":false,\"flash\":false,\"title\":\"080 Barcelona Spring-Summer 2017\",\"keywords\":\"080 Barcelona,Estrop-Barcelona,INEF,Spring-Summer 2017\",\"width\":1333,\"height\":2000,\"saved\":true,\"thumbnail\":{\"width\":220,\"height\":220,\"ewww_image_optimizer\":\"Reduced by 8.4% (2.7&nbsp;kB)\"},\"webview\":{\"0\":800,\"1\":1200,\"2\":2,\"3\":\"width=\\\"800\\\" height=\\\"1200\\\"\",\"bits\":8,\"channels\":3,\"mime\":\"image\\\/jpeg\",\"ewww_image_optimizer\":\"Reduced by 3.9% (4.6&nbsp;kB) - Previously Optimized\"},\"0\":false,\"ewww_image_optimizer\":\"Reduced by 7.3% (21.8&nbsp;kB)\",\"views\":\"0\",\"likes\":\"0\"},\"title\":\"080 Barcelona Spring-Summer 2017\",\"description\":\"<p>080 Barcelona Spring-Summer 2017<\\\/p>\",\"link\":null,\"link_target\":\"\",\"download\":\"https:\\\/\\\/bobvarela.com\\\/wp-content\\\/flagallery\\\/miquel-suay-en-el-080-barcelona-fashion-primaveraverano-2017\\\/miquel_suay_058.jpg\",\"ratio\":0.66666666666666662965923251249478198587894439697265625},{\"id\":\"24158\",\"image\":\"https:\\\/\\\/bobvarela.com\\\/wp-content\\\/flagallery\\\/miquel-suay-en-el-080-barcelona-fashion-primaveraverano-2017\\\/webview\\\/miquel_suay_059.jpg\",\"thumb\":\"https:\\\/\\\/bobvarela.com\\\/wp-content\\\/flagallery\\\/miquel-suay-en-el-080-barcelona-fashion-primaveraverano-2017\\\/thumbs\\\/thumbs_miquel_suay_059.jpg\",\"file\":\"miquel_suay_059.jpg\",\"meta\":{\"aperture\":false,\"credit\":false,\"camera\":false,\"caption\":\"080 Barcelona Spring-Summer 2017\",\"created_timestamp\":\"June 27, 2016 7:40 pm\",\"copyright\":\"\\u00c2\\u00a9 2016 Estrop-Barcelona PHOTOGRAPH FOR FASHION EDITORIAL USE ONLY\",\"focal_length\":false,\"iso\":false,\"shutter_speed\":false,\"flash\":false,\"title\":\"080 Barcelona Spring-Summer 2017\",\"keywords\":\"080 Barcelona,Estrop-Barcelona,INEF,Spring-Summer 2017\",\"width\":1333,\"height\":2000,\"saved\":true,\"thumbnail\":{\"width\":220,\"height\":220,\"ewww_image_optimizer\":\"Reduced by 9.1% (2.9&nbsp;kB)\"},\"webview\":{\"0\":800,\"1\":1200,\"2\":2,\"3\":\"width=\\\"800\\\" height=\\\"1200\\\"\",\"bits\":8,\"channels\":3,\"mime\":\"image\\\/jpeg\",\"ewww_image_optimizer\":\"Reduced by 1.8% (2.5&nbsp;kB) - Previously Optimized\"},\"0\":false,\"ewww_image_optimizer\":\"Reduced by 19.5% (52.3&nbsp;kB)\",\"views\":\"1\",\"likes\":\"0\"},\"title\":\"080 Barcelona Spring-Summer 2017\",\"description\":\"<p>080 Barcelona Spring-Summer 2017<\\\/p>\",\"link\":null,\"link_target\":\"\",\"download\":\"https:\\\/\\\/bobvarela.com\\\/wp-content\\\/flagallery\\\/miquel-suay-en-el-080-barcelona-fashion-primaveraverano-2017\\\/miquel_suay_059.jpg\",\"ratio\":0.66666666666666662965923251249478198587894439697265625},{\"id\":\"24159\",\"image\":\"https:\\\/\\\/bobvarela.com\\\/wp-content\\\/flagallery\\\/miquel-suay-en-el-080-barcelona-fashion-primaveraverano-2017\\\/webview\\\/miquel_suay_060.jpg\",\"thumb\":\"https:\\\/\\\/bobvarela.com\\\/wp-content\\\/flagallery\\\/miquel-suay-en-el-080-barcelona-fashion-primaveraverano-2017\\\/thumbs\\\/thumbs_miquel_suay_060.jpg\",\"file\":\"miquel_suay_060.jpg\",\"meta\":{\"aperture\":false,\"credit\":false,\"camera\":false,\"caption\":\"080 Barcelona Spring-Summer 2017\",\"created_timestamp\":\"June 27, 2016 7:40 pm\",\"copyright\":\"\\u00c2\\u00a9 2016 Estrop-Barcelona PHOTOGRAPH FOR FASHION EDITORIAL USE ONLY\",\"focal_length\":false,\"iso\":false,\"shutter_speed\":false,\"flash\":false,\"title\":\"080 Barcelona Spring-Summer 2017\",\"keywords\":\"080 Barcelona,Estrop-Barcelona,INEF,Spring-Summer 2017\",\"width\":667,\"height\":1000,\"saved\":true,\"thumbnail\":{\"width\":220,\"height\":220,\"ewww_image_optimizer\":\"Reduced by 10.3% (4.0&nbsp;kB)\"},\"webview\":{\"0\":667,\"1\":1000,\"2\":2,\"3\":\"width=\\\"667\\\" height=\\\"1000\\\"\",\"bits\":8,\"channels\":3,\"mime\":\"image\\\/jpeg\",\"ewww_image_optimizer\":\"Reduced by 4.5% (9.0&nbsp;kB) - Previously Optimized\"},\"0\":false,\"ewww_image_optimizer\":\"Reduced by 7.8% (19.6&nbsp;kB)\",\"views\":\"2\",\"likes\":\"0\"},\"title\":\"080 Barcelona Spring-Summer 2017\",\"description\":\"<p>080 Barcelona Spring-Summer 2017<\\\/p>\",\"link\":null,\"link_target\":\"\",\"download\":\"https:\\\/\\\/bobvarela.com\\\/wp-content\\\/flagallery\\\/miquel-suay-en-el-080-barcelona-fashion-primaveraverano-2017\\\/miquel_suay_060.jpg\",\"ratio\":0.6670000000000000373034936274052597582340240478515625}]}; var container = $('#FlaGallery_sc1_336'); container.photomania(settings, content); window.FlaGallery_sc1_336 = container.data('photomania'); }); <\/script><\/div><noscript id=\"noscript_FlaGallery_sc1_336\"><img class=\"skip-lazy no-lazyload noLazy\" data-lazy-src=\"\" src =\"https:\/\/bobvarela.com\/wp-content\/flagallery\/miquel-suay-en-el-080-barcelona-fashion-primaveraverano-2017\/miquel_suay_001.jpg\" alt=\"080 Barcelona Spring-Summer 2017\" \/><img class=\"skip-lazy no-lazyload noLazy\" data-lazy-src=\"\" src =\"https:\/\/bobvarela.com\/wp-content\/flagallery\/miquel-suay-en-el-080-barcelona-fashion-primaveraverano-2017\/miquel_suay_002.jpg\" alt=\"080 Barcelona Spring-Summer 2017\" \/><img class=\"skip-lazy no-lazyload noLazy\" data-lazy-src=\"\" src =\"https:\/\/bobvarela.com\/wp-content\/flagallery\/miquel-suay-en-el-080-barcelona-fashion-primaveraverano-2017\/miquel_suay_003.jpg\" alt=\"080 Barcelona Spring-Summer 2017\" \/><img class=\"skip-lazy no-lazyload noLazy\" data-lazy-src=\"\" src =\"https:\/\/bobvarela.com\/wp-content\/flagallery\/miquel-suay-en-el-080-barcelona-fashion-primaveraverano-2017\/miquel_suay_004.jpg\" alt=\"080 Barcelona Spring-Summer 2017\" \/><img class=\"skip-lazy no-lazyload noLazy\" data-lazy-src=\"\" src =\"https:\/\/bobvarela.com\/wp-content\/flagallery\/miquel-suay-en-el-080-barcelona-fashion-primaveraverano-2017\/miquel_suay_005.jpg\" alt=\"080 Barcelona Spring-Summer 2017\" \/><img class=\"skip-lazy no-lazyload noLazy\" data-lazy-src=\"\" src =\"https:\/\/bobvarela.com\/wp-content\/flagallery\/miquel-suay-en-el-080-barcelona-fashion-primaveraverano-2017\/miquel_suay_006.jpg\" alt=\"080 Barcelona Spring-Summer 2017\" \/><img class=\"skip-lazy no-lazyload noLazy\" data-lazy-src=\"\" src =\"https:\/\/bobvarela.com\/wp-content\/flagallery\/miquel-suay-en-el-080-barcelona-fashion-primaveraverano-2017\/miquel_suay_007.jpg\" alt=\"080 Barcelona Spring-Summer 2017\" \/><img class=\"skip-lazy no-lazyload noLazy\" data-lazy-src=\"\" src =\"https:\/\/bobvarela.com\/wp-content\/flagallery\/miquel-suay-en-el-080-barcelona-fashion-primaveraverano-2017\/miquel_suay_008.jpg\" alt=\"080 Barcelona Spring-Summer 2017\" \/><img class=\"skip-lazy no-lazyload noLazy\" data-lazy-src=\"\" src =\"https:\/\/bobvarela.com\/wp-content\/flagallery\/miquel-suay-en-el-080-barcelona-fashion-primaveraverano-2017\/miquel_suay_009.jpg\" alt=\"080 Barcelona Spring-Summer 2017\" \/><img class=\"skip-lazy no-lazyload noLazy\" data-lazy-src=\"\" src =\"https:\/\/bobvarela.com\/wp-content\/flagallery\/miquel-suay-en-el-080-barcelona-fashion-primaveraverano-2017\/miquel_suay_010.jpg\" alt=\"080 Barcelona Spring-Summer 2017\" \/><img class=\"skip-lazy no-lazyload noLazy\" data-lazy-src=\"\" src =\"https:\/\/bobvarela.com\/wp-content\/flagallery\/miquel-suay-en-el-080-barcelona-fashion-primaveraverano-2017\/miquel_suay_011.jpg\" alt=\"080 Barcelona Spring-Summer 2017\" \/><img class=\"skip-lazy no-lazyload noLazy\" data-lazy-src=\"\" src =\"https:\/\/bobvarela.com\/wp-content\/flagallery\/miquel-suay-en-el-080-barcelona-fashion-primaveraverano-2017\/miquel_suay_012.jpg\" alt=\"080 Barcelona Spring-Summer 2017\" \/><img class=\"skip-lazy no-lazyload noLazy\" data-lazy-src=\"\" src =\"https:\/\/bobvarela.com\/wp-content\/flagallery\/miquel-suay-en-el-080-barcelona-fashion-primaveraverano-2017\/miquel_suay_013.jpg\" alt=\"080 Barcelona Spring-Summer 2017\" \/><img class=\"skip-lazy no-lazyload noLazy\" data-lazy-src=\"\" src =\"https:\/\/bobvarela.com\/wp-content\/flagallery\/miquel-suay-en-el-080-barcelona-fashion-primaveraverano-2017\/miquel_suay_014.jpg\" alt=\"080 Barcelona Spring-Summer 2017\" \/><img class=\"skip-lazy no-lazyload noLazy\" data-lazy-src=\"\" src =\"https:\/\/bobvarela.com\/wp-content\/flagallery\/miquel-suay-en-el-080-barcelona-fashion-primaveraverano-2017\/miquel_suay_015.jpg\" alt=\"080 Barcelona Spring-Summer 2017\" \/><img class=\"skip-lazy no-lazyload noLazy\" data-lazy-src=\"\" src =\"https:\/\/bobvarela.com\/wp-content\/flagallery\/miquel-suay-en-el-080-barcelona-fashion-primaveraverano-2017\/miquel_suay_016.jpg\" alt=\"080 Barcelona Spring-Summer 2017\" \/><img class=\"skip-lazy no-lazyload noLazy\" data-lazy-src=\"\" src =\"https:\/\/bobvarela.com\/wp-content\/flagallery\/miquel-suay-en-el-080-barcelona-fashion-primaveraverano-2017\/miquel_suay_017.jpg\" alt=\"080 Barcelona Spring-Summer 2017\" \/><img class=\"skip-lazy no-lazyload noLazy\" data-lazy-src=\"\" src =\"https:\/\/bobvarela.com\/wp-content\/flagallery\/miquel-suay-en-el-080-barcelona-fashion-primaveraverano-2017\/miquel_suay_018.jpg\" alt=\"080 Barcelona Spring-Summer 2017\" \/><img class=\"skip-lazy no-lazyload noLazy\" data-lazy-src=\"\" src =\"https:\/\/bobvarela.com\/wp-content\/flagallery\/miquel-suay-en-el-080-barcelona-fashion-primaveraverano-2017\/miquel_suay_019.jpg\" alt=\"080 Barcelona Spring-Summer 2017\" \/><img class=\"skip-lazy no-lazyload noLazy\" data-lazy-src=\"\" src =\"https:\/\/bobvarela.com\/wp-content\/flagallery\/miquel-suay-en-el-080-barcelona-fashion-primaveraverano-2017\/miquel_suay_020.jpg\" alt=\"080 Barcelona Spring-Summer 2017\" \/><img class=\"skip-lazy no-lazyload noLazy\" data-lazy-src=\"\" src =\"https:\/\/bobvarela.com\/wp-content\/flagallery\/miquel-suay-en-el-080-barcelona-fashion-primaveraverano-2017\/miquel_suay_021.jpg\" alt=\"080 Barcelona Spring-Summer 2017\" \/><img class=\"skip-lazy no-lazyload noLazy\" data-lazy-src=\"\" src =\"https:\/\/bobvarela.com\/wp-content\/flagallery\/miquel-suay-en-el-080-barcelona-fashion-primaveraverano-2017\/miquel_suay_022.jpg\" alt=\"080 Barcelona Spring-Summer 2017\" \/><img class=\"skip-lazy no-lazyload noLazy\" data-lazy-src=\"\" src =\"https:\/\/bobvarela.com\/wp-content\/flagallery\/miquel-suay-en-el-080-barcelona-fashion-primaveraverano-2017\/miquel_suay_023.jpg\" alt=\"080 Barcelona Spring-Summer 2017\" \/><img class=\"skip-lazy no-lazyload noLazy\" data-lazy-src=\"\" src =\"https:\/\/bobvarela.com\/wp-content\/flagallery\/miquel-suay-en-el-080-barcelona-fashion-primaveraverano-2017\/miquel_suay_024.jpg\" alt=\"080 Barcelona Spring-Summer 2017\" \/><img class=\"skip-lazy no-lazyload noLazy\" data-lazy-src=\"\" src =\"https:\/\/bobvarela.com\/wp-content\/flagallery\/miquel-suay-en-el-080-barcelona-fashion-primaveraverano-2017\/miquel_suay_025.jpg\" alt=\"080 Barcelona Spring-Summer 2017\" \/><img class=\"skip-lazy no-lazyload noLazy\" data-lazy-src=\"\" src =\"https:\/\/bobvarela.com\/wp-content\/flagallery\/miquel-suay-en-el-080-barcelona-fashion-primaveraverano-2017\/miquel_suay_026.jpg\" alt=\"080 Barcelona Spring-Summer 2017\" \/><img class=\"skip-lazy no-lazyload noLazy\" data-lazy-src=\"\" src =\"https:\/\/bobvarela.com\/wp-content\/flagallery\/miquel-suay-en-el-080-barcelona-fashion-primaveraverano-2017\/miquel_suay_027.jpg\" alt=\"080 Barcelona Spring-Summer 2017\" \/><img class=\"skip-lazy no-lazyload noLazy\" data-lazy-src=\"\" src =\"https:\/\/bobvarela.com\/wp-content\/flagallery\/miquel-suay-en-el-080-barcelona-fashion-primaveraverano-2017\/miquel_suay_028.jpg\" alt=\"080 Barcelona Spring-Summer 2017\" \/><img class=\"skip-lazy no-lazyload noLazy\" data-lazy-src=\"\" src =\"https:\/\/bobvarela.com\/wp-content\/flagallery\/miquel-suay-en-el-080-barcelona-fashion-primaveraverano-2017\/miquel_suay_029.jpg\" alt=\"080 Barcelona Spring-Summer 2017\" \/><img class=\"skip-lazy no-lazyload noLazy\" data-lazy-src=\"\" src =\"https:\/\/bobvarela.com\/wp-content\/flagallery\/miquel-suay-en-el-080-barcelona-fashion-primaveraverano-2017\/miquel_suay_030.jpg\" alt=\"080 Barcelona Spring-Summer 2017\" \/><img class=\"skip-lazy no-lazyload noLazy\" data-lazy-src=\"\" src =\"https:\/\/bobvarela.com\/wp-content\/flagallery\/miquel-suay-en-el-080-barcelona-fashion-primaveraverano-2017\/miquel_suay_031.jpg\" alt=\"080 Barcelona Spring-Summer 2017\" \/><img class=\"skip-lazy no-lazyload noLazy\" data-lazy-src=\"\" src =\"https:\/\/bobvarela.com\/wp-content\/flagallery\/miquel-suay-en-el-080-barcelona-fashion-primaveraverano-2017\/miquel_suay_032.jpg\" alt=\"080 Barcelona Spring-Summer 2017\" \/><img class=\"skip-lazy no-lazyload noLazy\" data-lazy-src=\"\" src =\"https:\/\/bobvarela.com\/wp-content\/flagallery\/miquel-suay-en-el-080-barcelona-fashion-primaveraverano-2017\/miquel_suay_033.jpg\" alt=\"080 Barcelona Spring-Summer 2017\" \/><img class=\"skip-lazy no-lazyload noLazy\" data-lazy-src=\"\" src =\"https:\/\/bobvarela.com\/wp-content\/flagallery\/miquel-suay-en-el-080-barcelona-fashion-primaveraverano-2017\/miquel_suay_034.jpg\" alt=\"080 Barcelona Spring-Summer 2017\" \/><img class=\"skip-lazy no-lazyload noLazy\" data-lazy-src=\"\" src =\"https:\/\/bobvarela.com\/wp-content\/flagallery\/miquel-suay-en-el-080-barcelona-fashion-primaveraverano-2017\/miquel_suay_035.jpg\" alt=\"080 Barcelona Spring-Summer 2017\" \/><img class=\"skip-lazy no-lazyload noLazy\" data-lazy-src=\"\" src =\"https:\/\/bobvarela.com\/wp-content\/flagallery\/miquel-suay-en-el-080-barcelona-fashion-primaveraverano-2017\/miquel_suay_036.jpg\" alt=\"080 Barcelona Spring-Summer 2017\" \/><img class=\"skip-lazy no-lazyload noLazy\" data-lazy-src=\"\" src =\"https:\/\/bobvarela.com\/wp-content\/flagallery\/miquel-suay-en-el-080-barcelona-fashion-primaveraverano-2017\/miquel_suay_037.jpg\" alt=\"080 Barcelona Spring-Summer 2017\" \/><img class=\"skip-lazy no-lazyload noLazy\" data-lazy-src=\"\" src =\"https:\/\/bobvarela.com\/wp-content\/flagallery\/miquel-suay-en-el-080-barcelona-fashion-primaveraverano-2017\/miquel_suay_038.jpg\" alt=\"080 Barcelona Spring-Summer 2017\" \/><img class=\"skip-lazy no-lazyload noLazy\" data-lazy-src=\"\" src =\"https:\/\/bobvarela.com\/wp-content\/flagallery\/miquel-suay-en-el-080-barcelona-fashion-primaveraverano-2017\/miquel_suay_039.jpg\" alt=\"080 Barcelona Spring-Summer 2017\" \/><img class=\"skip-lazy no-lazyload noLazy\" data-lazy-src=\"\" src =\"https:\/\/bobvarela.com\/wp-content\/flagallery\/miquel-suay-en-el-080-barcelona-fashion-primaveraverano-2017\/miquel_suay_040.jpg\" alt=\"080 Barcelona Spring-Summer 2017\" \/><img class=\"skip-lazy no-lazyload noLazy\" data-lazy-src=\"\" src =\"https:\/\/bobvarela.com\/wp-content\/flagallery\/miquel-suay-en-el-080-barcelona-fashion-primaveraverano-2017\/miquel_suay_041.jpg\" alt=\"080 Barcelona Spring-Summer 2017\" \/><img class=\"skip-lazy no-lazyload noLazy\" data-lazy-src=\"\" src =\"https:\/\/bobvarela.com\/wp-content\/flagallery\/miquel-suay-en-el-080-barcelona-fashion-primaveraverano-2017\/miquel_suay_042.jpg\" alt=\"080 Barcelona Spring-Summer 2017\" \/><img class=\"skip-lazy no-lazyload noLazy\" data-lazy-src=\"\" src =\"https:\/\/bobvarela.com\/wp-content\/flagallery\/miquel-suay-en-el-080-barcelona-fashion-primaveraverano-2017\/miquel_suay_043.jpg\" alt=\"080 Barcelona Spring-Summer 2017\" \/><img class=\"skip-lazy no-lazyload noLazy\" data-lazy-src=\"\" src =\"https:\/\/bobvarela.com\/wp-content\/flagallery\/miquel-suay-en-el-080-barcelona-fashion-primaveraverano-2017\/miquel_suay_044.jpg\" alt=\"080 Barcelona Spring-Summer 2017\" \/><img class=\"skip-lazy no-lazyload noLazy\" data-lazy-src=\"\" src =\"https:\/\/bobvarela.com\/wp-content\/flagallery\/miquel-suay-en-el-080-barcelona-fashion-primaveraverano-2017\/miquel_suay_045.jpg\" alt=\"080 Barcelona Spring-Summer 2017\" \/><img class=\"skip-lazy no-lazyload noLazy\" data-lazy-src=\"\" src =\"https:\/\/bobvarela.com\/wp-content\/flagallery\/miquel-suay-en-el-080-barcelona-fashion-primaveraverano-2017\/miquel_suay_046.jpg\" alt=\"080 Barcelona Spring-Summer 2017\" \/><img class=\"skip-lazy no-lazyload noLazy\" data-lazy-src=\"\" src =\"https:\/\/bobvarela.com\/wp-content\/flagallery\/miquel-suay-en-el-080-barcelona-fashion-primaveraverano-2017\/miquel_suay_047.jpg\" alt=\"080 Barcelona Spring-Summer 2017\" \/><img class=\"skip-lazy no-lazyload noLazy\" data-lazy-src=\"\" src =\"https:\/\/bobvarela.com\/wp-content\/flagallery\/miquel-suay-en-el-080-barcelona-fashion-primaveraverano-2017\/miquel_suay_048.jpg\" alt=\"080 Barcelona Spring-Summer 2017\" \/><img class=\"skip-lazy no-lazyload noLazy\" data-lazy-src=\"\" src =\"https:\/\/bobvarela.com\/wp-content\/flagallery\/miquel-suay-en-el-080-barcelona-fashion-primaveraverano-2017\/miquel_suay_049.jpg\" alt=\"080 Barcelona Spring-Summer 2017\" \/><img class=\"skip-lazy no-lazyload noLazy\" data-lazy-src=\"\" src =\"https:\/\/bobvarela.com\/wp-content\/flagallery\/miquel-suay-en-el-080-barcelona-fashion-primaveraverano-2017\/miquel_suay_050.jpg\" alt=\"080 Barcelona Spring-Summer 2017\" \/><img class=\"skip-lazy no-lazyload noLazy\" data-lazy-src=\"\" src =\"https:\/\/bobvarela.com\/wp-content\/flagallery\/miquel-suay-en-el-080-barcelona-fashion-primaveraverano-2017\/miquel_suay_051.jpg\" alt=\"080 Barcelona Spring-Summer 2017\" \/><img class=\"skip-lazy no-lazyload noLazy\" data-lazy-src=\"\" src =\"https:\/\/bobvarela.com\/wp-content\/flagallery\/miquel-suay-en-el-080-barcelona-fashion-primaveraverano-2017\/miquel_suay_052.jpg\" alt=\"080 Barcelona Spring-Summer 2017\" \/><img class=\"skip-lazy no-lazyload noLazy\" data-lazy-src=\"\" src =\"https:\/\/bobvarela.com\/wp-content\/flagallery\/miquel-suay-en-el-080-barcelona-fashion-primaveraverano-2017\/miquel_suay_053.jpg\" alt=\"080 Barcelona Spring-Summer 2017\" \/><img class=\"skip-lazy no-lazyload noLazy\" data-lazy-src=\"\" src =\"https:\/\/bobvarela.com\/wp-content\/flagallery\/miquel-suay-en-el-080-barcelona-fashion-primaveraverano-2017\/miquel_suay_054.jpg\" alt=\"080 Barcelona Spring-Summer 2017\" \/><img class=\"skip-lazy no-lazyload noLazy\" data-lazy-src=\"\" src =\"https:\/\/bobvarela.com\/wp-content\/flagallery\/miquel-suay-en-el-080-barcelona-fashion-primaveraverano-2017\/miquel_suay_055.jpg\" alt=\"080 Barcelona Spring-Summer 2017\" \/><img class=\"skip-lazy no-lazyload noLazy\" data-lazy-src=\"\" src =\"https:\/\/bobvarela.com\/wp-content\/flagallery\/miquel-suay-en-el-080-barcelona-fashion-primaveraverano-2017\/miquel_suay_056.jpg\" alt=\"080 Barcelona Spring-Summer 2017\" \/><img class=\"skip-lazy no-lazyload noLazy\" data-lazy-src=\"\" src =\"https:\/\/bobvarela.com\/wp-content\/flagallery\/miquel-suay-en-el-080-barcelona-fashion-primaveraverano-2017\/miquel_suay_057.jpg\" alt=\"080 Barcelona Spring-Summer 2017\" \/><img class=\"skip-lazy no-lazyload noLazy\" data-lazy-src=\"\" src =\"https:\/\/bobvarela.com\/wp-content\/flagallery\/miquel-suay-en-el-080-barcelona-fashion-primaveraverano-2017\/miquel_suay_058.jpg\" alt=\"080 Barcelona Spring-Summer 2017\" \/><img class=\"skip-lazy no-lazyload noLazy\" data-lazy-src=\"\" src =\"https:\/\/bobvarela.com\/wp-content\/flagallery\/miquel-suay-en-el-080-barcelona-fashion-primaveraverano-2017\/miquel_suay_059.jpg\" alt=\"080 Barcelona Spring-Summer 2017\" \/><img class=\"skip-lazy no-lazyload noLazy\" data-lazy-src=\"\" src =\"https:\/\/bobvarela.com\/wp-content\/flagallery\/miquel-suay-en-el-080-barcelona-fashion-primaveraverano-2017\/miquel_suay_060.jpg\" alt=\"080 Barcelona Spring-Summer 2017\" \/><\/noscript>\n<p>fotos cortesia de 080 barcelona<\/p>\n","protected":false},"excerpt":{"rendered":"<p>COLECCI\u00d3N- Miquel Suay Spring\/Summer 2017 Miquel Suay visualiza el fascinante entorno que nace a trav\u00e9s de la exploraci\u00f3n de las posibilida\u00addes constructivas y pl\u00e1sticas, de la obra de Zaha Hadid. Fuerza emocional que hace que arranque todo el proyecto creativo&hellip;<\/p>\n<p class=\"more-link-p\"><a class=\"more-link\" href=\"https:\/\/bobvarela.com\/?p=100577\">Read more &rarr;<\/a><\/p>\n","protected":false},"author":1,"featured_media":0,"comment_status":"open","ping_status":"open","sticky":false,"template":"","format":"standard","meta":{"ngg_post_thumbnail":0,"footnotes":""},"categories":[478,4],"tags":[],"class_list":["post-100577","post","type-post","status-publish","format-standard","hentry","category-080-barcelona","category-moda"],"_links":{"self":[{"href":"https:\/\/bobvarela.com\/index.php?rest_route=\/wp\/v2\/posts\/100577","targetHints":{"allow":["GET"]}}],"collection":[{"href":"https:\/\/bobvarela.com\/index.php?rest_route=\/wp\/v2\/posts"}],"about":[{"href":"https:\/\/bobvarela.com\/index.php?rest_route=\/wp\/v2\/types\/post"}],"author":[{"embeddable":true,"href":"https:\/\/bobvarela.com\/index.php?rest_route=\/wp\/v2\/users\/1"}],"replies":[{"embeddable":true,"href":"https:\/\/bobvarela.com\/index.php?rest_route=%2Fwp%2Fv2%2Fcomments&post=100577"}],"version-history":[{"count":1,"href":"https:\/\/bobvarela.com\/index.php?rest_route=\/wp\/v2\/posts\/100577\/revisions"}],"predecessor-version":[{"id":100578,"href":"https:\/\/bobvarela.com\/index.php?rest_route=\/wp\/v2\/posts\/100577\/revisions\/100578"}],"wp:attachment":[{"href":"https:\/\/bobvarela.com\/index.php?rest_route=%2Fwp%2Fv2%2Fmedia&parent=100577"}],"wp:term":[{"taxonomy":"category","embeddable":true,"href":"https:\/\/bobvarela.com\/index.php?rest_route=%2Fwp%2Fv2%2Fcategories&post=100577"},{"taxonomy":"post_tag","embeddable":true,"href":"https:\/\/bobvarela.com\/index.php?rest_route=%2Fwp%2Fv2%2Ftags&post=100577"}],"curies":[{"name":"wp","href":"https:\/\/api.w.org\/{rel}","templated":true}]}}