{"id":100581,"date":"2016-06-29T21:17:34","date_gmt":"2016-06-30T01:17:34","guid":{"rendered":"https:\/\/bobvarela.com\/?p=100581"},"modified":"2016-06-29T21:17:34","modified_gmt":"2016-06-30T01:17:34","slug":"tcn-en-el-080-barcelona-fashion-primaveraverano-2017","status":"publish","type":"post","link":"https:\/\/bobvarela.com\/?p=100581","title":{"rendered":"TCN en el 080 BARCELONA FASHION Primavera\/Verano 2017"},"content":{"rendered":"<p align=\"justify\"><font size=\"3\">Naci\u00f3 en Arenys de Mar, Barcelona, en la d\u00e9cada de los sesenta. De Saint Tropez donde su familia ten\u00eda una tienda y donde ella pasaba sus vacaciones de verano, todav\u00eda recuerda sus juegos de infancia perdida entre maniqu\u00edes, probadores y estanter\u00edas.<\/font><\/p>\n<p align=\"justify\"><font size=\"3\">A los 10 a\u00f1os, Tot\u00f3nComella dibujaba con rapidez cualquier figur\u00edn, patr\u00f3n o estampado que se le pasara por la cabeza. Su talento natural le decide a estudiar interiorismo e ingresar en Bellas Artes ya que en esa \u00e9poca su deseo era dedicarse a la pintura y interiorismo.<\/font><\/p>\n<p align=\"justify\"><font size=\"3\">TCN nace de la necesidad de encontrar una prenda de ba\u00f1o c\u00f3moda, vers\u00e1til, que se adapte a su gusto natural e innato. Desde 1987 la firma esta presente en las mejores tiendas del mundo siendo una referencia hoy ya en el mundo entero por su estilo shaby chic.<\/font><\/p>\n<p align=\"justify\"><div class=\"flagallery photomania_skin\" id=\"FlaGallery_sc1_338\" ><style type=\"text\/css\" class=\"flagallery_skin_style_import\">#FlaGallery_sc1_338 .flagpm_preload {opacity:0;}#FlaGallery_sc1_338 .swiper-big-images img.flagpm_the_photo { max-height:100%; max-width:100%; display:inline; width:auto; height:auto !important; object-fit:unset; vertical-align:middle; border:none; }#FlaGallery_sc1_338 .flagpm_focus .swiper-big-images img.flagpm_the_photo { width:auto; height:auto; object-fit:unset; }#FlaGallery_sc1_338 .swiper-small-images img.flagpm_photo { max-width:none; max-height:none; }#FlaGallery_sc1_338 .swiper-small-images img.flagpm_photo.flagpm_photo_landscape { width:auto; height:100% !important; }#FlaGallery_sc1_338 .swiper-small-images img.flagpm_photo.flagpm_photo_portrait { width:100%; height:auto !important; }#FlaGallery_sc1_338 .flagpm_gallery_sources_list p { margin:7px 0; padding:0; font-size:inherit; }#FlaGallery_sc1_338 .flagpm_photo_details .flagpm_description_wrap a,#FlaGallery_sc1_338 .flagpm_big_button_wrap .flagpm_button.flagpm_like.flagpm_liked,#FlaGallery_sc1_338 .flagpm_big_button_wrap .flagpm_button.flagpm_like.flagpm_liked:hover {color:#0099e5;}#FlaGallery_sc1_338 .flagpm_photo_show .flagpm_big_button {background-color:#0099e5;}#FlaGallery_sc1_338 .swiper-small-images div.flagpm_photo.swiper-slide-active {border-color:#02adea;}#FlaGallery_sc1_338 .flagpm_photo_header .flagpm_name_wrap .flagpm_title_author a:hover,#FlaGallery_sc1_338 .flagpm_photo_details .flagpm_description_wrap a:hover {color:#02adea;}#FlaGallery_sc1_338 .flagpm_photo_show .flagpm_big_button:hover,#FlaGallery_sc1_338 .flagpm_focus_actions ul .flagpm_button.like.flagpm_liked {background-color:#02adea;}<\/style> <div class=\"flagpm_photo_show flagpm_w960 flagpm_w640 flagpm_w480 flagpm_preload\"> <div class=\"flagpm_photo_wrap has_prev_photo has_next_photo\"> <div class=\"swiper-container swiper-big-images\"> <div class=\"flagpm_photo_arrow_next flagpm_photo_arrow flagpm_next\"> <div title=\"Next\" class=\"flagpm_arrow\"><\/div> <\/div> <div class=\"flagpm_photo_arrow_previous flagpm_photo_arrow flagpm_prev\"> <div title=\"Previous\" class=\"flagpm_arrow\"><\/div> <\/div> <div class=\"swiper-wrapper\"><div class=\"swiper-slide\" data-hash=\"flagallery24317\" data-photo-id=\"24317\"><span class=\"flagpm_va\"><\/span><img decoding=\"async\" src=\"https:\/\/bobvarela.com\/wp-content\/flagallery\/tcn-en-el-080-barcelona-fashion-primaveraverano-2017\/webview\/tcn_001.jpg\" data-src=\"https:\/\/bobvarela.com\/wp-content\/flagallery\/tcn-en-el-080-barcelona-fashion-primaveraverano-2017\/webview\/tcn_001.jpg\" alt=\"080 Barcelona Spring-Summer 2017\" class=\"noLazy flagpm_the_photo swiper-lazy\"><div class=\"swiper-lazy-preloader swiper-lazy-preloader-black\"><\/div><\/div><div class=\"swiper-slide\" data-hash=\"flagallery24318\" data-photo-id=\"24318\"><span class=\"flagpm_va\"><\/span><img data-src=\"https:\/\/bobvarela.com\/wp-content\/flagallery\/tcn-en-el-080-barcelona-fashion-primaveraverano-2017\/webview\/tcn_002.jpg\" alt=\"080 Barcelona Spring-Summer 2017\" class=\"noLazy flagpm_the_photo swiper-lazy\"><div class=\"swiper-lazy-preloader swiper-lazy-preloader-black\"><\/div><\/div><div class=\"swiper-slide\" data-hash=\"flagallery24319\" data-photo-id=\"24319\"><span class=\"flagpm_va\"><\/span><img data-src=\"https:\/\/bobvarela.com\/wp-content\/flagallery\/tcn-en-el-080-barcelona-fashion-primaveraverano-2017\/webview\/tcn_003.jpg\" alt=\"080 Barcelona Spring-Summer 2017\" class=\"noLazy flagpm_the_photo swiper-lazy\"><div class=\"swiper-lazy-preloader swiper-lazy-preloader-black\"><\/div><\/div><div class=\"swiper-slide\" data-hash=\"flagallery24320\" data-photo-id=\"24320\"><span class=\"flagpm_va\"><\/span><img data-src=\"https:\/\/bobvarela.com\/wp-content\/flagallery\/tcn-en-el-080-barcelona-fashion-primaveraverano-2017\/webview\/tcn_004.jpg\" alt=\"080 Barcelona Spring-Summer 2017\" class=\"noLazy flagpm_the_photo swiper-lazy\"><div class=\"swiper-lazy-preloader swiper-lazy-preloader-black\"><\/div><\/div><div class=\"swiper-slide\" data-hash=\"flagallery24321\" data-photo-id=\"24321\"><span class=\"flagpm_va\"><\/span><img data-src=\"https:\/\/bobvarela.com\/wp-content\/flagallery\/tcn-en-el-080-barcelona-fashion-primaveraverano-2017\/webview\/tcn_005.jpg\" alt=\"080 Barcelona Spring-Summer 2017\" class=\"noLazy flagpm_the_photo swiper-lazy\"><div class=\"swiper-lazy-preloader swiper-lazy-preloader-black\"><\/div><\/div><div class=\"swiper-slide\" data-hash=\"flagallery24322\" data-photo-id=\"24322\"><span class=\"flagpm_va\"><\/span><img data-src=\"https:\/\/bobvarela.com\/wp-content\/flagallery\/tcn-en-el-080-barcelona-fashion-primaveraverano-2017\/webview\/tcn_006.jpg\" alt=\"080 Barcelona Spring-Summer 2017\" class=\"noLazy flagpm_the_photo swiper-lazy\"><div class=\"swiper-lazy-preloader swiper-lazy-preloader-black\"><\/div><\/div><div class=\"swiper-slide\" data-hash=\"flagallery24323\" data-photo-id=\"24323\"><span class=\"flagpm_va\"><\/span><img data-src=\"https:\/\/bobvarela.com\/wp-content\/flagallery\/tcn-en-el-080-barcelona-fashion-primaveraverano-2017\/webview\/tcn_007.jpg\" alt=\"080 Barcelona Spring-Summer 2017\" class=\"noLazy flagpm_the_photo swiper-lazy\"><div class=\"swiper-lazy-preloader swiper-lazy-preloader-black\"><\/div><\/div><div class=\"swiper-slide\" data-hash=\"flagallery24324\" data-photo-id=\"24324\"><span class=\"flagpm_va\"><\/span><img data-src=\"https:\/\/bobvarela.com\/wp-content\/flagallery\/tcn-en-el-080-barcelona-fashion-primaveraverano-2017\/webview\/tcn_008.jpg\" alt=\"080 Barcelona Spring-Summer 2017\" class=\"noLazy flagpm_the_photo swiper-lazy\"><div class=\"swiper-lazy-preloader swiper-lazy-preloader-black\"><\/div><\/div><div class=\"swiper-slide\" data-hash=\"flagallery24325\" data-photo-id=\"24325\"><span class=\"flagpm_va\"><\/span><img data-src=\"https:\/\/bobvarela.com\/wp-content\/flagallery\/tcn-en-el-080-barcelona-fashion-primaveraverano-2017\/webview\/tcn_009.jpg\" alt=\"080 Barcelona Spring-Summer 2017\" class=\"noLazy flagpm_the_photo swiper-lazy\"><div class=\"swiper-lazy-preloader swiper-lazy-preloader-black\"><\/div><\/div><div class=\"swiper-slide\" data-hash=\"flagallery24326\" data-photo-id=\"24326\"><span class=\"flagpm_va\"><\/span><img data-src=\"https:\/\/bobvarela.com\/wp-content\/flagallery\/tcn-en-el-080-barcelona-fashion-primaveraverano-2017\/webview\/tcn_010.jpg\" alt=\"080 Barcelona Spring-Summer 2017\" class=\"noLazy flagpm_the_photo swiper-lazy\"><div class=\"swiper-lazy-preloader swiper-lazy-preloader-black\"><\/div><\/div><div class=\"swiper-slide\" data-hash=\"flagallery24327\" data-photo-id=\"24327\"><span class=\"flagpm_va\"><\/span><img data-src=\"https:\/\/bobvarela.com\/wp-content\/flagallery\/tcn-en-el-080-barcelona-fashion-primaveraverano-2017\/webview\/tcn_011.jpg\" alt=\"\" class=\"noLazy flagpm_the_photo swiper-lazy\"><div class=\"swiper-lazy-preloader swiper-lazy-preloader-black\"><\/div><\/div><div class=\"swiper-slide\" data-hash=\"flagallery24328\" data-photo-id=\"24328\"><span class=\"flagpm_va\"><\/span><img data-src=\"https:\/\/bobvarela.com\/wp-content\/flagallery\/tcn-en-el-080-barcelona-fashion-primaveraverano-2017\/webview\/tcn_012.jpg\" alt=\"080 Barcelona Spring-Summer 2017\" class=\"noLazy flagpm_the_photo swiper-lazy\"><div class=\"swiper-lazy-preloader swiper-lazy-preloader-black\"><\/div><\/div><div class=\"swiper-slide\" data-hash=\"flagallery24329\" data-photo-id=\"24329\"><span class=\"flagpm_va\"><\/span><img data-src=\"https:\/\/bobvarela.com\/wp-content\/flagallery\/tcn-en-el-080-barcelona-fashion-primaveraverano-2017\/webview\/tcn_013.jpg\" alt=\"080 Barcelona Spring-Summer 2017\" class=\"noLazy flagpm_the_photo swiper-lazy\"><div class=\"swiper-lazy-preloader swiper-lazy-preloader-black\"><\/div><\/div><div class=\"swiper-slide\" data-hash=\"flagallery24330\" data-photo-id=\"24330\"><span class=\"flagpm_va\"><\/span><img data-src=\"https:\/\/bobvarela.com\/wp-content\/flagallery\/tcn-en-el-080-barcelona-fashion-primaveraverano-2017\/webview\/tcn_014.jpg\" alt=\"080 Barcelona Spring-Summer 2017\" class=\"noLazy flagpm_the_photo swiper-lazy\"><div class=\"swiper-lazy-preloader swiper-lazy-preloader-black\"><\/div><\/div><div class=\"swiper-slide\" data-hash=\"flagallery24331\" data-photo-id=\"24331\"><span class=\"flagpm_va\"><\/span><img data-src=\"https:\/\/bobvarela.com\/wp-content\/flagallery\/tcn-en-el-080-barcelona-fashion-primaveraverano-2017\/webview\/tcn_015.jpg\" alt=\"080 Barcelona Spring-Summer 2017\" class=\"noLazy flagpm_the_photo swiper-lazy\"><div class=\"swiper-lazy-preloader swiper-lazy-preloader-black\"><\/div><\/div><div class=\"swiper-slide\" data-hash=\"flagallery24332\" data-photo-id=\"24332\"><span class=\"flagpm_va\"><\/span><img data-src=\"https:\/\/bobvarela.com\/wp-content\/flagallery\/tcn-en-el-080-barcelona-fashion-primaveraverano-2017\/webview\/tcn_016.jpg\" alt=\"080 Barcelona Spring-Summer 2017\" class=\"noLazy flagpm_the_photo swiper-lazy\"><div class=\"swiper-lazy-preloader swiper-lazy-preloader-black\"><\/div><\/div><div class=\"swiper-slide\" data-hash=\"flagallery24333\" data-photo-id=\"24333\"><span class=\"flagpm_va\"><\/span><img data-src=\"https:\/\/bobvarela.com\/wp-content\/flagallery\/tcn-en-el-080-barcelona-fashion-primaveraverano-2017\/webview\/tcn_017.jpg\" alt=\"080 Barcelona Spring-Summer 2017\" class=\"noLazy flagpm_the_photo swiper-lazy\"><div class=\"swiper-lazy-preloader swiper-lazy-preloader-black\"><\/div><\/div><div class=\"swiper-slide\" data-hash=\"flagallery24334\" data-photo-id=\"24334\"><span class=\"flagpm_va\"><\/span><img data-src=\"https:\/\/bobvarela.com\/wp-content\/flagallery\/tcn-en-el-080-barcelona-fashion-primaveraverano-2017\/webview\/tcn_018.jpg\" alt=\"080 Barcelona Spring-Summer 2017\" class=\"noLazy flagpm_the_photo swiper-lazy\"><div class=\"swiper-lazy-preloader swiper-lazy-preloader-black\"><\/div><\/div><div class=\"swiper-slide\" data-hash=\"flagallery24335\" data-photo-id=\"24335\"><span class=\"flagpm_va\"><\/span><img data-src=\"https:\/\/bobvarela.com\/wp-content\/flagallery\/tcn-en-el-080-barcelona-fashion-primaveraverano-2017\/webview\/tcn_019.jpg\" alt=\"080 Barcelona Spring-Summer 2017\" class=\"noLazy flagpm_the_photo swiper-lazy\"><div class=\"swiper-lazy-preloader swiper-lazy-preloader-black\"><\/div><\/div><div class=\"swiper-slide\" data-hash=\"flagallery24336\" data-photo-id=\"24336\"><span class=\"flagpm_va\"><\/span><img data-src=\"https:\/\/bobvarela.com\/wp-content\/flagallery\/tcn-en-el-080-barcelona-fashion-primaveraverano-2017\/webview\/tcn_020.jpg\" alt=\"080 Barcelona Spring-Summer 2017\" class=\"noLazy flagpm_the_photo swiper-lazy\"><div class=\"swiper-lazy-preloader swiper-lazy-preloader-black\"><\/div><\/div><div class=\"swiper-slide\" data-hash=\"flagallery24337\" data-photo-id=\"24337\"><span class=\"flagpm_va\"><\/span><img data-src=\"https:\/\/bobvarela.com\/wp-content\/flagallery\/tcn-en-el-080-barcelona-fashion-primaveraverano-2017\/webview\/tcn_021.jpg\" alt=\"080 Barcelona Spring-Summer 2017\" class=\"noLazy flagpm_the_photo swiper-lazy\"><div class=\"swiper-lazy-preloader swiper-lazy-preloader-black\"><\/div><\/div><div class=\"swiper-slide\" data-hash=\"flagallery24338\" data-photo-id=\"24338\"><span class=\"flagpm_va\"><\/span><img data-src=\"https:\/\/bobvarela.com\/wp-content\/flagallery\/tcn-en-el-080-barcelona-fashion-primaveraverano-2017\/webview\/tcn_022.jpg\" alt=\"080 Barcelona Spring-Summer 2017\" class=\"noLazy flagpm_the_photo swiper-lazy\"><div class=\"swiper-lazy-preloader swiper-lazy-preloader-black\"><\/div><\/div><div class=\"swiper-slide\" data-hash=\"flagallery24339\" data-photo-id=\"24339\"><span class=\"flagpm_va\"><\/span><img data-src=\"https:\/\/bobvarela.com\/wp-content\/flagallery\/tcn-en-el-080-barcelona-fashion-primaveraverano-2017\/webview\/tcn_023.jpg\" alt=\"080 Barcelona Spring-Summer 2017\" class=\"noLazy flagpm_the_photo swiper-lazy\"><div class=\"swiper-lazy-preloader swiper-lazy-preloader-black\"><\/div><\/div><div class=\"swiper-slide\" data-hash=\"flagallery24340\" data-photo-id=\"24340\"><span class=\"flagpm_va\"><\/span><img data-src=\"https:\/\/bobvarela.com\/wp-content\/flagallery\/tcn-en-el-080-barcelona-fashion-primaveraverano-2017\/webview\/tcn_024.jpg\" alt=\"080 Barcelona Spring-Summer 2017\" class=\"noLazy flagpm_the_photo swiper-lazy\"><div class=\"swiper-lazy-preloader swiper-lazy-preloader-black\"><\/div><\/div><div class=\"swiper-slide\" data-hash=\"flagallery24341\" data-photo-id=\"24341\"><span class=\"flagpm_va\"><\/span><img data-src=\"https:\/\/bobvarela.com\/wp-content\/flagallery\/tcn-en-el-080-barcelona-fashion-primaveraverano-2017\/webview\/tcn_025.jpg\" alt=\"080 Barcelona Spring-Summer 2017\" class=\"noLazy flagpm_the_photo swiper-lazy\"><div class=\"swiper-lazy-preloader swiper-lazy-preloader-black\"><\/div><\/div><div class=\"swiper-slide\" data-hash=\"flagallery24342\" data-photo-id=\"24342\"><span class=\"flagpm_va\"><\/span><img data-src=\"https:\/\/bobvarela.com\/wp-content\/flagallery\/tcn-en-el-080-barcelona-fashion-primaveraverano-2017\/webview\/tcn_026.jpg\" alt=\"080 Barcelona Spring-Summer 2017\" class=\"noLazy flagpm_the_photo swiper-lazy\"><div class=\"swiper-lazy-preloader swiper-lazy-preloader-black\"><\/div><\/div><div class=\"swiper-slide\" data-hash=\"flagallery24343\" data-photo-id=\"24343\"><span class=\"flagpm_va\"><\/span><img data-src=\"https:\/\/bobvarela.com\/wp-content\/flagallery\/tcn-en-el-080-barcelona-fashion-primaveraverano-2017\/webview\/tcn_027.jpg\" alt=\"080 Barcelona Spring-Summer 2017\" class=\"noLazy flagpm_the_photo swiper-lazy\"><div class=\"swiper-lazy-preloader swiper-lazy-preloader-black\"><\/div><\/div><div class=\"swiper-slide\" data-hash=\"flagallery24344\" data-photo-id=\"24344\"><span class=\"flagpm_va\"><\/span><img data-src=\"https:\/\/bobvarela.com\/wp-content\/flagallery\/tcn-en-el-080-barcelona-fashion-primaveraverano-2017\/webview\/tcn_028.jpg\" alt=\"080 Barcelona Spring-Summer 2017\" class=\"noLazy flagpm_the_photo swiper-lazy\"><div class=\"swiper-lazy-preloader swiper-lazy-preloader-black\"><\/div><\/div><div class=\"swiper-slide\" data-hash=\"flagallery24345\" data-photo-id=\"24345\"><span class=\"flagpm_va\"><\/span><img data-src=\"https:\/\/bobvarela.com\/wp-content\/flagallery\/tcn-en-el-080-barcelona-fashion-primaveraverano-2017\/webview\/tcn_029.jpg\" alt=\"080 Barcelona Spring-Summer 2017\" class=\"noLazy flagpm_the_photo swiper-lazy\"><div class=\"swiper-lazy-preloader swiper-lazy-preloader-black\"><\/div><\/div><div class=\"swiper-slide\" data-hash=\"flagallery24346\" data-photo-id=\"24346\"><span class=\"flagpm_va\"><\/span><img data-src=\"https:\/\/bobvarela.com\/wp-content\/flagallery\/tcn-en-el-080-barcelona-fashion-primaveraverano-2017\/webview\/tcn_030.jpg\" alt=\"080 Barcelona Spring-Summer 2017\" class=\"noLazy flagpm_the_photo swiper-lazy\"><div class=\"swiper-lazy-preloader swiper-lazy-preloader-black\"><\/div><\/div><div class=\"swiper-slide\" data-hash=\"flagallery24347\" data-photo-id=\"24347\"><span class=\"flagpm_va\"><\/span><img data-src=\"https:\/\/bobvarela.com\/wp-content\/flagallery\/tcn-en-el-080-barcelona-fashion-primaveraverano-2017\/webview\/tcn_031.jpg\" alt=\"080 Barcelona Spring-Summer 2017\" class=\"noLazy flagpm_the_photo swiper-lazy\"><div class=\"swiper-lazy-preloader swiper-lazy-preloader-black\"><\/div><\/div><div class=\"swiper-slide\" data-hash=\"flagallery24348\" data-photo-id=\"24348\"><span class=\"flagpm_va\"><\/span><img data-src=\"https:\/\/bobvarela.com\/wp-content\/flagallery\/tcn-en-el-080-barcelona-fashion-primaveraverano-2017\/webview\/tcn_032.jpg\" alt=\"080 Barcelona Spring-Summer 2017\" class=\"noLazy flagpm_the_photo swiper-lazy\"><div class=\"swiper-lazy-preloader swiper-lazy-preloader-black\"><\/div><\/div><div class=\"swiper-slide\" data-hash=\"flagallery24349\" data-photo-id=\"24349\"><span class=\"flagpm_va\"><\/span><img data-src=\"https:\/\/bobvarela.com\/wp-content\/flagallery\/tcn-en-el-080-barcelona-fashion-primaveraverano-2017\/webview\/tcn_033.jpg\" alt=\"080 Barcelona Spring-Summer 2017\" class=\"noLazy flagpm_the_photo swiper-lazy\"><div class=\"swiper-lazy-preloader swiper-lazy-preloader-black\"><\/div><\/div><div class=\"swiper-slide\" data-hash=\"flagallery24350\" data-photo-id=\"24350\"><span class=\"flagpm_va\"><\/span><img data-src=\"https:\/\/bobvarela.com\/wp-content\/flagallery\/tcn-en-el-080-barcelona-fashion-primaveraverano-2017\/webview\/tcn_034.jpg\" alt=\"080 Barcelona Spring-Summer 2017\" class=\"noLazy flagpm_the_photo swiper-lazy\"><div class=\"swiper-lazy-preloader swiper-lazy-preloader-black\"><\/div><\/div><div class=\"swiper-slide\" data-hash=\"flagallery24351\" data-photo-id=\"24351\"><span class=\"flagpm_va\"><\/span><img data-src=\"https:\/\/bobvarela.com\/wp-content\/flagallery\/tcn-en-el-080-barcelona-fashion-primaveraverano-2017\/webview\/tcn_035.jpg\" alt=\"080 Barcelona Spring-Summer 2017\" class=\"noLazy flagpm_the_photo swiper-lazy\"><div class=\"swiper-lazy-preloader swiper-lazy-preloader-black\"><\/div><\/div><div class=\"swiper-slide\" data-hash=\"flagallery24352\" data-photo-id=\"24352\"><span class=\"flagpm_va\"><\/span><img data-src=\"https:\/\/bobvarela.com\/wp-content\/flagallery\/tcn-en-el-080-barcelona-fashion-primaveraverano-2017\/webview\/tcn_036.jpg\" alt=\"080 Barcelona Spring-Summer 2017\" class=\"noLazy flagpm_the_photo swiper-lazy\"><div class=\"swiper-lazy-preloader swiper-lazy-preloader-black\"><\/div><\/div><div class=\"swiper-slide\" data-hash=\"flagallery24353\" data-photo-id=\"24353\"><span class=\"flagpm_va\"><\/span><img data-src=\"https:\/\/bobvarela.com\/wp-content\/flagallery\/tcn-en-el-080-barcelona-fashion-primaveraverano-2017\/webview\/tcn_037.jpg\" alt=\"080 Barcelona Spring-Summer 2017\" class=\"noLazy flagpm_the_photo swiper-lazy\"><div class=\"swiper-lazy-preloader swiper-lazy-preloader-black\"><\/div><\/div><div class=\"swiper-slide\" data-hash=\"flagallery24354\" data-photo-id=\"24354\"><span class=\"flagpm_va\"><\/span><img data-src=\"https:\/\/bobvarela.com\/wp-content\/flagallery\/tcn-en-el-080-barcelona-fashion-primaveraverano-2017\/webview\/tcn_038.jpg\" alt=\"080 Barcelona Spring-Summer 2017\" class=\"noLazy flagpm_the_photo swiper-lazy\"><div class=\"swiper-lazy-preloader swiper-lazy-preloader-black\"><\/div><\/div><div class=\"swiper-slide\" data-hash=\"flagallery24355\" data-photo-id=\"24355\"><span class=\"flagpm_va\"><\/span><img data-src=\"https:\/\/bobvarela.com\/wp-content\/flagallery\/tcn-en-el-080-barcelona-fashion-primaveraverano-2017\/webview\/tcn_039.jpg\" alt=\"080 Barcelona Spring-Summer 2017\" class=\"noLazy flagpm_the_photo swiper-lazy\"><div class=\"swiper-lazy-preloader swiper-lazy-preloader-black\"><\/div><\/div><div class=\"swiper-slide\" data-hash=\"flagallery24356\" data-photo-id=\"24356\"><span class=\"flagpm_va\"><\/span><img data-src=\"https:\/\/bobvarela.com\/wp-content\/flagallery\/tcn-en-el-080-barcelona-fashion-primaveraverano-2017\/webview\/tcn_040.jpg\" alt=\"080 Barcelona Spring-Summer 2017\" class=\"noLazy flagpm_the_photo swiper-lazy\"><div class=\"swiper-lazy-preloader swiper-lazy-preloader-black\"><\/div><\/div><div class=\"swiper-slide\" data-hash=\"flagallery24357\" data-photo-id=\"24357\"><span class=\"flagpm_va\"><\/span><img data-src=\"https:\/\/bobvarela.com\/wp-content\/flagallery\/tcn-en-el-080-barcelona-fashion-primaveraverano-2017\/webview\/tcn_041.jpg\" alt=\"080 Barcelona Spring-Summer 2017\" class=\"noLazy flagpm_the_photo swiper-lazy\"><div class=\"swiper-lazy-preloader swiper-lazy-preloader-black\"><\/div><\/div><div class=\"swiper-slide\" data-hash=\"flagallery24358\" data-photo-id=\"24358\"><span class=\"flagpm_va\"><\/span><img data-src=\"https:\/\/bobvarela.com\/wp-content\/flagallery\/tcn-en-el-080-barcelona-fashion-primaveraverano-2017\/webview\/tcn_042.jpg\" alt=\"080 Barcelona Spring-Summer 2017\" class=\"noLazy flagpm_the_photo swiper-lazy\"><div class=\"swiper-lazy-preloader swiper-lazy-preloader-black\"><\/div><\/div><div class=\"swiper-slide\" data-hash=\"flagallery24359\" data-photo-id=\"24359\"><span class=\"flagpm_va\"><\/span><img data-src=\"https:\/\/bobvarela.com\/wp-content\/flagallery\/tcn-en-el-080-barcelona-fashion-primaveraverano-2017\/webview\/tcn_043.jpg\" alt=\"080 Barcelona Spring-Summer 2017\" class=\"noLazy flagpm_the_photo swiper-lazy\"><div class=\"swiper-lazy-preloader swiper-lazy-preloader-black\"><\/div><\/div><div class=\"swiper-slide\" data-hash=\"flagallery24360\" data-photo-id=\"24360\"><span class=\"flagpm_va\"><\/span><img data-src=\"https:\/\/bobvarela.com\/wp-content\/flagallery\/tcn-en-el-080-barcelona-fashion-primaveraverano-2017\/webview\/tcn_044.jpg\" alt=\"080 Barcelona Spring-Summer 2017\" class=\"noLazy flagpm_the_photo swiper-lazy\"><div class=\"swiper-lazy-preloader swiper-lazy-preloader-black\"><\/div><\/div><div class=\"swiper-slide\" data-hash=\"flagallery24361\" data-photo-id=\"24361\"><span class=\"flagpm_va\"><\/span><img data-src=\"https:\/\/bobvarela.com\/wp-content\/flagallery\/tcn-en-el-080-barcelona-fashion-primaveraverano-2017\/webview\/tcn_045.jpg\" alt=\"080 Barcelona Spring-Summer 2017\" class=\"noLazy flagpm_the_photo swiper-lazy\"><div class=\"swiper-lazy-preloader swiper-lazy-preloader-black\"><\/div><\/div><div class=\"swiper-slide\" data-hash=\"flagallery24362\" data-photo-id=\"24362\"><span class=\"flagpm_va\"><\/span><img data-src=\"https:\/\/bobvarela.com\/wp-content\/flagallery\/tcn-en-el-080-barcelona-fashion-primaveraverano-2017\/webview\/tcn_046.jpg\" alt=\"080 Barcelona Spring-Summer 2017\" class=\"noLazy flagpm_the_photo swiper-lazy\"><div class=\"swiper-lazy-preloader swiper-lazy-preloader-black\"><\/div><\/div><div class=\"swiper-slide\" data-hash=\"flagallery24363\" data-photo-id=\"24363\"><span class=\"flagpm_va\"><\/span><img data-src=\"https:\/\/bobvarela.com\/wp-content\/flagallery\/tcn-en-el-080-barcelona-fashion-primaveraverano-2017\/webview\/tcn_047.jpg\" alt=\"080 Barcelona Spring-Summer 2017\" class=\"noLazy flagpm_the_photo swiper-lazy\"><div class=\"swiper-lazy-preloader swiper-lazy-preloader-black\"><\/div><\/div><div class=\"swiper-slide\" data-hash=\"flagallery24364\" data-photo-id=\"24364\"><span class=\"flagpm_va\"><\/span><img data-src=\"https:\/\/bobvarela.com\/wp-content\/flagallery\/tcn-en-el-080-barcelona-fashion-primaveraverano-2017\/webview\/tcn_048.jpg\" alt=\"080 Barcelona Spring-Summer 2017\" class=\"noLazy flagpm_the_photo swiper-lazy\"><div class=\"swiper-lazy-preloader swiper-lazy-preloader-black\"><\/div><\/div><div class=\"swiper-slide\" data-hash=\"flagallery24365\" data-photo-id=\"24365\"><span class=\"flagpm_va\"><\/span><img data-src=\"https:\/\/bobvarela.com\/wp-content\/flagallery\/tcn-en-el-080-barcelona-fashion-primaveraverano-2017\/webview\/tcn_049.jpg\" alt=\"080 Barcelona Spring-Summer 2017\" class=\"noLazy flagpm_the_photo swiper-lazy\"><div class=\"swiper-lazy-preloader swiper-lazy-preloader-black\"><\/div><\/div><div class=\"swiper-slide\" data-hash=\"flagallery24366\" data-photo-id=\"24366\"><span class=\"flagpm_va\"><\/span><img data-src=\"https:\/\/bobvarela.com\/wp-content\/flagallery\/tcn-en-el-080-barcelona-fashion-primaveraverano-2017\/webview\/tcn_050.jpg\" alt=\"080 Barcelona Spring-Summer 2017\" class=\"noLazy flagpm_the_photo swiper-lazy\"><div class=\"swiper-lazy-preloader swiper-lazy-preloader-black\"><\/div><\/div><div class=\"swiper-slide\" data-hash=\"flagallery24367\" data-photo-id=\"24367\"><span class=\"flagpm_va\"><\/span><img data-src=\"https:\/\/bobvarela.com\/wp-content\/flagallery\/tcn-en-el-080-barcelona-fashion-primaveraverano-2017\/webview\/tcn_051.jpg\" alt=\"080 Barcelona Spring-Summer 2017\" class=\"noLazy flagpm_the_photo swiper-lazy\"><div class=\"swiper-lazy-preloader swiper-lazy-preloader-black\"><\/div><\/div><div class=\"swiper-slide\" data-hash=\"flagallery24368\" data-photo-id=\"24368\"><span class=\"flagpm_va\"><\/span><img data-src=\"https:\/\/bobvarela.com\/wp-content\/flagallery\/tcn-en-el-080-barcelona-fashion-primaveraverano-2017\/webview\/tcn_052.jpg\" alt=\"080 Barcelona Spring-Summer 2017\" class=\"noLazy flagpm_the_photo swiper-lazy\"><div class=\"swiper-lazy-preloader swiper-lazy-preloader-black\"><\/div><\/div><div class=\"swiper-slide\" data-hash=\"flagallery24369\" data-photo-id=\"24369\"><span class=\"flagpm_va\"><\/span><img data-src=\"https:\/\/bobvarela.com\/wp-content\/flagallery\/tcn-en-el-080-barcelona-fashion-primaveraverano-2017\/webview\/tcn_053.jpg\" alt=\"080 Barcelona Spring-Summer 2017\" class=\"noLazy flagpm_the_photo swiper-lazy\"><div class=\"swiper-lazy-preloader swiper-lazy-preloader-black\"><\/div><\/div><div class=\"swiper-slide\" data-hash=\"flagallery24370\" data-photo-id=\"24370\"><span class=\"flagpm_va\"><\/span><img data-src=\"https:\/\/bobvarela.com\/wp-content\/flagallery\/tcn-en-el-080-barcelona-fashion-primaveraverano-2017\/webview\/tcn_054.jpg\" alt=\"080 Barcelona Spring-Summer 2017\" class=\"noLazy flagpm_the_photo swiper-lazy\"><div class=\"swiper-lazy-preloader swiper-lazy-preloader-black\"><\/div><\/div><div class=\"swiper-slide\" data-hash=\"flagallery24371\" data-photo-id=\"24371\"><span class=\"flagpm_va\"><\/span><img data-src=\"https:\/\/bobvarela.com\/wp-content\/flagallery\/tcn-en-el-080-barcelona-fashion-primaveraverano-2017\/webview\/tcn_055.jpg\" alt=\"080 Barcelona Spring-Summer 2017\" class=\"noLazy flagpm_the_photo swiper-lazy\"><div class=\"swiper-lazy-preloader swiper-lazy-preloader-black\"><\/div><\/div><div class=\"swiper-slide\" data-hash=\"flagallery24372\" data-photo-id=\"24372\"><span class=\"flagpm_va\"><\/span><img data-src=\"https:\/\/bobvarela.com\/wp-content\/flagallery\/tcn-en-el-080-barcelona-fashion-primaveraverano-2017\/webview\/tcn_056.jpg\" alt=\"080 Barcelona Spring-Summer 2017\" class=\"noLazy flagpm_the_photo swiper-lazy\"><div class=\"swiper-lazy-preloader swiper-lazy-preloader-black\"><\/div><\/div><div class=\"swiper-slide\" data-hash=\"flagallery24373\" data-photo-id=\"24373\"><span class=\"flagpm_va\"><\/span><img data-src=\"https:\/\/bobvarela.com\/wp-content\/flagallery\/tcn-en-el-080-barcelona-fashion-primaveraverano-2017\/webview\/tcn_057.jpg\" alt=\"080 Barcelona Spring-Summer 2017\" class=\"noLazy flagpm_the_photo swiper-lazy\"><div class=\"swiper-lazy-preloader swiper-lazy-preloader-black\"><\/div><\/div><div class=\"swiper-slide\" data-hash=\"flagallery24374\" data-photo-id=\"24374\"><span class=\"flagpm_va\"><\/span><img data-src=\"https:\/\/bobvarela.com\/wp-content\/flagallery\/tcn-en-el-080-barcelona-fashion-primaveraverano-2017\/webview\/tcn_058.jpg\" alt=\"080 Barcelona Spring-Summer 2017\" class=\"noLazy flagpm_the_photo swiper-lazy\"><div class=\"swiper-lazy-preloader swiper-lazy-preloader-black\"><\/div><\/div><div class=\"swiper-slide\" data-hash=\"flagallery24375\" data-photo-id=\"24375\"><span class=\"flagpm_va\"><\/span><img data-src=\"https:\/\/bobvarela.com\/wp-content\/flagallery\/tcn-en-el-080-barcelona-fashion-primaveraverano-2017\/webview\/tcn_059.jpg\" alt=\"080 Barcelona Spring-Summer 2017\" class=\"noLazy flagpm_the_photo swiper-lazy\"><div class=\"swiper-lazy-preloader swiper-lazy-preloader-black\"><\/div><\/div><div class=\"swiper-slide\" data-hash=\"flagallery24376\" data-photo-id=\"24376\"><span class=\"flagpm_va\"><\/span><img data-src=\"https:\/\/bobvarela.com\/wp-content\/flagallery\/tcn-en-el-080-barcelona-fashion-primaveraverano-2017\/webview\/tcn_060.jpg\" alt=\"080 Barcelona Spring-Summer 2017\" class=\"noLazy flagpm_the_photo swiper-lazy\"><div class=\"swiper-lazy-preloader swiper-lazy-preloader-black\"><\/div><\/div> <\/div> <\/div> <\/div> <div class=\"flagpm_photo_header\"> <div class=\"flagpm_wrapper flagpm_clearfix\"> <div class=\"flagpm_focus_actions\"> <ul class=\"flagpm_focus_share\"> <li style=\"list-style:none;\" class=\"flagpm_share_wrapper\"> <a class=\"flagpm_button flagpm_share\">Share<\/a> <ul class=\"flagpm_sharelizers flagpm_clearfix\"> <li style=\"list-style:none;\"><a class=\"flagpm_button flagpm_facebook flagpm_sharelizer\">Facebook<\/a><\/li> <li style=\"list-style:none;\"><a class=\"flagpm_button flagpm_twitter flagpm_sharelizer\">Twitter<\/a><\/li> <li style=\"list-style:none;\"><a class=\"flagpm_button flagpm_pinterest flagpm_sharelizer\">Pinterest<\/a><\/li> <li style=\"list-style:none;\"><a class=\"flagpm_button flagpm_stumbleupon flagpm_sharelizer\">StumbleUpon<\/a><\/li> <\/ul> <\/li> <\/ul> <ul class=\"flagpm_focus_like_fave flagpm_clearfix\"> <li style=\"list-style:none;\"><a class=\"flagpm_button flagpm_like\">Like<\/a><\/li> <\/ul> <ul class=\"flagpm_focus_arrows flagpm_clearfix\"> <li style=\"list-style:none;\"><a class=\"flagpm_button flagpm_photo_arrow_previous flagpm_prev\">Previous<\/a><\/li> <li style=\"list-style:none;\"><a class=\"flagpm_button flagpm_photo_arrow_next flagpm_next\">Next<\/a><\/li> <\/ul> <\/div> <div class=\"flagpm_name_wrap flagpm_clearfix flagpm_no_avatar\"> <div class=\"flagpm_title_author\"> <div class=\"flagpm_title\">080 Barcelona Spring-Summer 2017<\/div> <\/div> <\/div> <div class=\"flagpm_actions flagpm_clearfix\"> <div class=\"flagpm_carousel flagpm_has_previous flagpm_has_next\"> <div class=\"flagpm_previous_button\"><\/div> <div class=\"flagpm_photo_carousel\"> <div class=\"swiper-container swiper-small-images\"> <div class=\"swiper-wrapper\"><div class=\"swiper-slide flagpm_photo\" data-photo-id=\"24317\"><img decoding=\"async\" src=\"https:\/\/bobvarela.com\/wp-content\/flagallery\/tcn-en-el-080-barcelona-fashion-primaveraverano-2017\/thumbs\/thumbs_tcn_001.jpg\" data-src=\"https:\/\/bobvarela.com\/wp-content\/flagallery\/tcn-en-el-080-barcelona-fashion-primaveraverano-2017\/thumbs\/thumbs_tcn_001.jpg\" alt=\"080 Barcelona Spring-Summer 2017\" class=\"noLazy flagpm_photo swiper-lazy flagpm_photo_landscape\"><span class=\"swiper-lazy-preloader swiper-lazy-preloader-black\"><\/span><\/div><div class=\"swiper-slide flagpm_photo\" data-photo-id=\"24318\"><img data-src=\"https:\/\/bobvarela.com\/wp-content\/flagallery\/tcn-en-el-080-barcelona-fashion-primaveraverano-2017\/thumbs\/thumbs_tcn_002.jpg\" alt=\"080 Barcelona Spring-Summer 2017\" class=\"noLazy flagpm_photo swiper-lazy flagpm_photo_portrait\"><span class=\"swiper-lazy-preloader swiper-lazy-preloader-black\"><\/span><\/div><div class=\"swiper-slide flagpm_photo\" data-photo-id=\"24319\"><img data-src=\"https:\/\/bobvarela.com\/wp-content\/flagallery\/tcn-en-el-080-barcelona-fashion-primaveraverano-2017\/thumbs\/thumbs_tcn_003.jpg\" alt=\"080 Barcelona Spring-Summer 2017\" class=\"noLazy flagpm_photo swiper-lazy flagpm_photo_portrait\"><span class=\"swiper-lazy-preloader swiper-lazy-preloader-black\"><\/span><\/div><div class=\"swiper-slide flagpm_photo\" data-photo-id=\"24320\"><img data-src=\"https:\/\/bobvarela.com\/wp-content\/flagallery\/tcn-en-el-080-barcelona-fashion-primaveraverano-2017\/thumbs\/thumbs_tcn_004.jpg\" alt=\"080 Barcelona Spring-Summer 2017\" class=\"noLazy flagpm_photo swiper-lazy flagpm_photo_portrait\"><span class=\"swiper-lazy-preloader swiper-lazy-preloader-black\"><\/span><\/div><div class=\"swiper-slide flagpm_photo\" data-photo-id=\"24321\"><img data-src=\"https:\/\/bobvarela.com\/wp-content\/flagallery\/tcn-en-el-080-barcelona-fashion-primaveraverano-2017\/thumbs\/thumbs_tcn_005.jpg\" alt=\"080 Barcelona Spring-Summer 2017\" class=\"noLazy flagpm_photo swiper-lazy flagpm_photo_portrait\"><span class=\"swiper-lazy-preloader swiper-lazy-preloader-black\"><\/span><\/div><div class=\"swiper-slide flagpm_photo\" data-photo-id=\"24322\"><img data-src=\"https:\/\/bobvarela.com\/wp-content\/flagallery\/tcn-en-el-080-barcelona-fashion-primaveraverano-2017\/thumbs\/thumbs_tcn_006.jpg\" alt=\"080 Barcelona Spring-Summer 2017\" class=\"noLazy flagpm_photo swiper-lazy flagpm_photo_portrait\"><span class=\"swiper-lazy-preloader swiper-lazy-preloader-black\"><\/span><\/div><div class=\"swiper-slide flagpm_photo\" data-photo-id=\"24323\"><img data-src=\"https:\/\/bobvarela.com\/wp-content\/flagallery\/tcn-en-el-080-barcelona-fashion-primaveraverano-2017\/thumbs\/thumbs_tcn_007.jpg\" alt=\"080 Barcelona Spring-Summer 2017\" class=\"noLazy flagpm_photo swiper-lazy flagpm_photo_portrait\"><span class=\"swiper-lazy-preloader swiper-lazy-preloader-black\"><\/span><\/div><div class=\"swiper-slide flagpm_photo\" data-photo-id=\"24324\"><img data-src=\"https:\/\/bobvarela.com\/wp-content\/flagallery\/tcn-en-el-080-barcelona-fashion-primaveraverano-2017\/thumbs\/thumbs_tcn_008.jpg\" alt=\"080 Barcelona Spring-Summer 2017\" class=\"noLazy flagpm_photo swiper-lazy flagpm_photo_portrait\"><span class=\"swiper-lazy-preloader swiper-lazy-preloader-black\"><\/span><\/div><div class=\"swiper-slide flagpm_photo\" data-photo-id=\"24325\"><img data-src=\"https:\/\/bobvarela.com\/wp-content\/flagallery\/tcn-en-el-080-barcelona-fashion-primaveraverano-2017\/thumbs\/thumbs_tcn_009.jpg\" alt=\"080 Barcelona Spring-Summer 2017\" class=\"noLazy flagpm_photo swiper-lazy flagpm_photo_portrait\"><span class=\"swiper-lazy-preloader swiper-lazy-preloader-black\"><\/span><\/div><div class=\"swiper-slide flagpm_photo\" data-photo-id=\"24326\"><img data-src=\"https:\/\/bobvarela.com\/wp-content\/flagallery\/tcn-en-el-080-barcelona-fashion-primaveraverano-2017\/thumbs\/thumbs_tcn_010.jpg\" alt=\"080 Barcelona Spring-Summer 2017\" class=\"noLazy flagpm_photo swiper-lazy flagpm_photo_portrait\"><span class=\"swiper-lazy-preloader swiper-lazy-preloader-black\"><\/span><\/div><div class=\"swiper-slide flagpm_photo\" data-photo-id=\"24327\"><img data-src=\"https:\/\/bobvarela.com\/wp-content\/flagallery\/tcn-en-el-080-barcelona-fashion-primaveraverano-2017\/thumbs\/thumbs_tcn_011.jpg\" alt=\"\" class=\"noLazy flagpm_photo swiper-lazy flagpm_photo_portrait\"><span class=\"swiper-lazy-preloader swiper-lazy-preloader-black\"><\/span><\/div><div class=\"swiper-slide flagpm_photo\" data-photo-id=\"24328\"><img data-src=\"https:\/\/bobvarela.com\/wp-content\/flagallery\/tcn-en-el-080-barcelona-fashion-primaveraverano-2017\/thumbs\/thumbs_tcn_012.jpg\" alt=\"080 Barcelona Spring-Summer 2017\" class=\"noLazy flagpm_photo swiper-lazy flagpm_photo_portrait\"><span class=\"swiper-lazy-preloader swiper-lazy-preloader-black\"><\/span><\/div><div class=\"swiper-slide flagpm_photo\" data-photo-id=\"24329\"><img data-src=\"https:\/\/bobvarela.com\/wp-content\/flagallery\/tcn-en-el-080-barcelona-fashion-primaveraverano-2017\/thumbs\/thumbs_tcn_013.jpg\" alt=\"080 Barcelona Spring-Summer 2017\" class=\"noLazy flagpm_photo swiper-lazy flagpm_photo_portrait\"><span class=\"swiper-lazy-preloader swiper-lazy-preloader-black\"><\/span><\/div><div class=\"swiper-slide flagpm_photo\" data-photo-id=\"24330\"><img data-src=\"https:\/\/bobvarela.com\/wp-content\/flagallery\/tcn-en-el-080-barcelona-fashion-primaveraverano-2017\/thumbs\/thumbs_tcn_014.jpg\" alt=\"080 Barcelona Spring-Summer 2017\" class=\"noLazy flagpm_photo swiper-lazy flagpm_photo_portrait\"><span class=\"swiper-lazy-preloader swiper-lazy-preloader-black\"><\/span><\/div><div class=\"swiper-slide flagpm_photo\" data-photo-id=\"24331\"><img data-src=\"https:\/\/bobvarela.com\/wp-content\/flagallery\/tcn-en-el-080-barcelona-fashion-primaveraverano-2017\/thumbs\/thumbs_tcn_015.jpg\" alt=\"080 Barcelona Spring-Summer 2017\" class=\"noLazy flagpm_photo swiper-lazy flagpm_photo_portrait\"><span class=\"swiper-lazy-preloader swiper-lazy-preloader-black\"><\/span><\/div><div class=\"swiper-slide flagpm_photo\" data-photo-id=\"24332\"><img data-src=\"https:\/\/bobvarela.com\/wp-content\/flagallery\/tcn-en-el-080-barcelona-fashion-primaveraverano-2017\/thumbs\/thumbs_tcn_016.jpg\" alt=\"080 Barcelona Spring-Summer 2017\" class=\"noLazy flagpm_photo swiper-lazy flagpm_photo_portrait\"><span class=\"swiper-lazy-preloader swiper-lazy-preloader-black\"><\/span><\/div><div class=\"swiper-slide flagpm_photo\" data-photo-id=\"24333\"><img data-src=\"https:\/\/bobvarela.com\/wp-content\/flagallery\/tcn-en-el-080-barcelona-fashion-primaveraverano-2017\/thumbs\/thumbs_tcn_017.jpg\" alt=\"080 Barcelona Spring-Summer 2017\" class=\"noLazy flagpm_photo swiper-lazy flagpm_photo_portrait\"><span class=\"swiper-lazy-preloader swiper-lazy-preloader-black\"><\/span><\/div><div class=\"swiper-slide flagpm_photo\" data-photo-id=\"24334\"><img data-src=\"https:\/\/bobvarela.com\/wp-content\/flagallery\/tcn-en-el-080-barcelona-fashion-primaveraverano-2017\/thumbs\/thumbs_tcn_018.jpg\" alt=\"080 Barcelona Spring-Summer 2017\" class=\"noLazy flagpm_photo swiper-lazy flagpm_photo_portrait\"><span class=\"swiper-lazy-preloader swiper-lazy-preloader-black\"><\/span><\/div><div class=\"swiper-slide flagpm_photo\" data-photo-id=\"24335\"><img data-src=\"https:\/\/bobvarela.com\/wp-content\/flagallery\/tcn-en-el-080-barcelona-fashion-primaveraverano-2017\/thumbs\/thumbs_tcn_019.jpg\" alt=\"080 Barcelona Spring-Summer 2017\" class=\"noLazy flagpm_photo swiper-lazy flagpm_photo_portrait\"><span class=\"swiper-lazy-preloader swiper-lazy-preloader-black\"><\/span><\/div><div class=\"swiper-slide flagpm_photo\" data-photo-id=\"24336\"><img data-src=\"https:\/\/bobvarela.com\/wp-content\/flagallery\/tcn-en-el-080-barcelona-fashion-primaveraverano-2017\/thumbs\/thumbs_tcn_020.jpg\" alt=\"080 Barcelona Spring-Summer 2017\" class=\"noLazy flagpm_photo swiper-lazy flagpm_photo_portrait\"><span class=\"swiper-lazy-preloader swiper-lazy-preloader-black\"><\/span><\/div><div class=\"swiper-slide flagpm_photo\" data-photo-id=\"24337\"><img data-src=\"https:\/\/bobvarela.com\/wp-content\/flagallery\/tcn-en-el-080-barcelona-fashion-primaveraverano-2017\/thumbs\/thumbs_tcn_021.jpg\" alt=\"080 Barcelona Spring-Summer 2017\" class=\"noLazy flagpm_photo swiper-lazy flagpm_photo_portrait\"><span class=\"swiper-lazy-preloader swiper-lazy-preloader-black\"><\/span><\/div><div class=\"swiper-slide flagpm_photo\" data-photo-id=\"24338\"><img data-src=\"https:\/\/bobvarela.com\/wp-content\/flagallery\/tcn-en-el-080-barcelona-fashion-primaveraverano-2017\/thumbs\/thumbs_tcn_022.jpg\" alt=\"080 Barcelona Spring-Summer 2017\" class=\"noLazy flagpm_photo swiper-lazy flagpm_photo_portrait\"><span class=\"swiper-lazy-preloader swiper-lazy-preloader-black\"><\/span><\/div><div class=\"swiper-slide flagpm_photo\" data-photo-id=\"24339\"><img data-src=\"https:\/\/bobvarela.com\/wp-content\/flagallery\/tcn-en-el-080-barcelona-fashion-primaveraverano-2017\/thumbs\/thumbs_tcn_023.jpg\" alt=\"080 Barcelona Spring-Summer 2017\" class=\"noLazy flagpm_photo swiper-lazy flagpm_photo_portrait\"><span class=\"swiper-lazy-preloader swiper-lazy-preloader-black\"><\/span><\/div><div class=\"swiper-slide flagpm_photo\" data-photo-id=\"24340\"><img data-src=\"https:\/\/bobvarela.com\/wp-content\/flagallery\/tcn-en-el-080-barcelona-fashion-primaveraverano-2017\/thumbs\/thumbs_tcn_024.jpg\" alt=\"080 Barcelona Spring-Summer 2017\" class=\"noLazy flagpm_photo swiper-lazy flagpm_photo_portrait\"><span class=\"swiper-lazy-preloader swiper-lazy-preloader-black\"><\/span><\/div><div class=\"swiper-slide flagpm_photo\" data-photo-id=\"24341\"><img data-src=\"https:\/\/bobvarela.com\/wp-content\/flagallery\/tcn-en-el-080-barcelona-fashion-primaveraverano-2017\/thumbs\/thumbs_tcn_025.jpg\" alt=\"080 Barcelona Spring-Summer 2017\" class=\"noLazy flagpm_photo swiper-lazy flagpm_photo_portrait\"><span class=\"swiper-lazy-preloader swiper-lazy-preloader-black\"><\/span><\/div><div class=\"swiper-slide flagpm_photo\" data-photo-id=\"24342\"><img data-src=\"https:\/\/bobvarela.com\/wp-content\/flagallery\/tcn-en-el-080-barcelona-fashion-primaveraverano-2017\/thumbs\/thumbs_tcn_026.jpg\" alt=\"080 Barcelona Spring-Summer 2017\" class=\"noLazy flagpm_photo swiper-lazy flagpm_photo_portrait\"><span class=\"swiper-lazy-preloader swiper-lazy-preloader-black\"><\/span><\/div><div class=\"swiper-slide flagpm_photo\" data-photo-id=\"24343\"><img data-src=\"https:\/\/bobvarela.com\/wp-content\/flagallery\/tcn-en-el-080-barcelona-fashion-primaveraverano-2017\/thumbs\/thumbs_tcn_027.jpg\" alt=\"080 Barcelona Spring-Summer 2017\" class=\"noLazy flagpm_photo swiper-lazy flagpm_photo_portrait\"><span class=\"swiper-lazy-preloader swiper-lazy-preloader-black\"><\/span><\/div><div class=\"swiper-slide flagpm_photo\" data-photo-id=\"24344\"><img data-src=\"https:\/\/bobvarela.com\/wp-content\/flagallery\/tcn-en-el-080-barcelona-fashion-primaveraverano-2017\/thumbs\/thumbs_tcn_028.jpg\" alt=\"080 Barcelona Spring-Summer 2017\" class=\"noLazy flagpm_photo swiper-lazy flagpm_photo_portrait\"><span class=\"swiper-lazy-preloader swiper-lazy-preloader-black\"><\/span><\/div><div class=\"swiper-slide flagpm_photo\" data-photo-id=\"24345\"><img data-src=\"https:\/\/bobvarela.com\/wp-content\/flagallery\/tcn-en-el-080-barcelona-fashion-primaveraverano-2017\/thumbs\/thumbs_tcn_029.jpg\" alt=\"080 Barcelona Spring-Summer 2017\" class=\"noLazy flagpm_photo swiper-lazy flagpm_photo_portrait\"><span class=\"swiper-lazy-preloader swiper-lazy-preloader-black\"><\/span><\/div><div class=\"swiper-slide flagpm_photo\" data-photo-id=\"24346\"><img data-src=\"https:\/\/bobvarela.com\/wp-content\/flagallery\/tcn-en-el-080-barcelona-fashion-primaveraverano-2017\/thumbs\/thumbs_tcn_030.jpg\" alt=\"080 Barcelona Spring-Summer 2017\" class=\"noLazy flagpm_photo swiper-lazy flagpm_photo_portrait\"><span class=\"swiper-lazy-preloader swiper-lazy-preloader-black\"><\/span><\/div><div class=\"swiper-slide flagpm_photo\" data-photo-id=\"24347\"><img data-src=\"https:\/\/bobvarela.com\/wp-content\/flagallery\/tcn-en-el-080-barcelona-fashion-primaveraverano-2017\/thumbs\/thumbs_tcn_031.jpg\" alt=\"080 Barcelona Spring-Summer 2017\" class=\"noLazy flagpm_photo swiper-lazy flagpm_photo_portrait\"><span class=\"swiper-lazy-preloader swiper-lazy-preloader-black\"><\/span><\/div><div class=\"swiper-slide flagpm_photo\" data-photo-id=\"24348\"><img data-src=\"https:\/\/bobvarela.com\/wp-content\/flagallery\/tcn-en-el-080-barcelona-fashion-primaveraverano-2017\/thumbs\/thumbs_tcn_032.jpg\" alt=\"080 Barcelona Spring-Summer 2017\" class=\"noLazy flagpm_photo swiper-lazy flagpm_photo_portrait\"><span class=\"swiper-lazy-preloader swiper-lazy-preloader-black\"><\/span><\/div><div class=\"swiper-slide flagpm_photo\" data-photo-id=\"24349\"><img data-src=\"https:\/\/bobvarela.com\/wp-content\/flagallery\/tcn-en-el-080-barcelona-fashion-primaveraverano-2017\/thumbs\/thumbs_tcn_033.jpg\" alt=\"080 Barcelona Spring-Summer 2017\" class=\"noLazy flagpm_photo swiper-lazy flagpm_photo_portrait\"><span class=\"swiper-lazy-preloader swiper-lazy-preloader-black\"><\/span><\/div><div class=\"swiper-slide flagpm_photo\" data-photo-id=\"24350\"><img data-src=\"https:\/\/bobvarela.com\/wp-content\/flagallery\/tcn-en-el-080-barcelona-fashion-primaveraverano-2017\/thumbs\/thumbs_tcn_034.jpg\" alt=\"080 Barcelona Spring-Summer 2017\" class=\"noLazy flagpm_photo swiper-lazy flagpm_photo_portrait\"><span class=\"swiper-lazy-preloader swiper-lazy-preloader-black\"><\/span><\/div><div class=\"swiper-slide flagpm_photo\" data-photo-id=\"24351\"><img data-src=\"https:\/\/bobvarela.com\/wp-content\/flagallery\/tcn-en-el-080-barcelona-fashion-primaveraverano-2017\/thumbs\/thumbs_tcn_035.jpg\" alt=\"080 Barcelona Spring-Summer 2017\" class=\"noLazy flagpm_photo swiper-lazy flagpm_photo_portrait\"><span class=\"swiper-lazy-preloader swiper-lazy-preloader-black\"><\/span><\/div><div class=\"swiper-slide flagpm_photo\" data-photo-id=\"24352\"><img data-src=\"https:\/\/bobvarela.com\/wp-content\/flagallery\/tcn-en-el-080-barcelona-fashion-primaveraverano-2017\/thumbs\/thumbs_tcn_036.jpg\" alt=\"080 Barcelona Spring-Summer 2017\" class=\"noLazy flagpm_photo swiper-lazy flagpm_photo_portrait\"><span class=\"swiper-lazy-preloader swiper-lazy-preloader-black\"><\/span><\/div><div class=\"swiper-slide flagpm_photo\" data-photo-id=\"24353\"><img data-src=\"https:\/\/bobvarela.com\/wp-content\/flagallery\/tcn-en-el-080-barcelona-fashion-primaveraverano-2017\/thumbs\/thumbs_tcn_037.jpg\" alt=\"080 Barcelona Spring-Summer 2017\" class=\"noLazy flagpm_photo swiper-lazy flagpm_photo_portrait\"><span class=\"swiper-lazy-preloader swiper-lazy-preloader-black\"><\/span><\/div><div class=\"swiper-slide flagpm_photo\" data-photo-id=\"24354\"><img data-src=\"https:\/\/bobvarela.com\/wp-content\/flagallery\/tcn-en-el-080-barcelona-fashion-primaveraverano-2017\/thumbs\/thumbs_tcn_038.jpg\" alt=\"080 Barcelona Spring-Summer 2017\" class=\"noLazy flagpm_photo swiper-lazy flagpm_photo_portrait\"><span class=\"swiper-lazy-preloader swiper-lazy-preloader-black\"><\/span><\/div><div class=\"swiper-slide flagpm_photo\" data-photo-id=\"24355\"><img data-src=\"https:\/\/bobvarela.com\/wp-content\/flagallery\/tcn-en-el-080-barcelona-fashion-primaveraverano-2017\/thumbs\/thumbs_tcn_039.jpg\" alt=\"080 Barcelona Spring-Summer 2017\" class=\"noLazy flagpm_photo swiper-lazy flagpm_photo_portrait\"><span class=\"swiper-lazy-preloader swiper-lazy-preloader-black\"><\/span><\/div><div class=\"swiper-slide flagpm_photo\" data-photo-id=\"24356\"><img data-src=\"https:\/\/bobvarela.com\/wp-content\/flagallery\/tcn-en-el-080-barcelona-fashion-primaveraverano-2017\/thumbs\/thumbs_tcn_040.jpg\" alt=\"080 Barcelona Spring-Summer 2017\" class=\"noLazy flagpm_photo swiper-lazy flagpm_photo_portrait\"><span class=\"swiper-lazy-preloader swiper-lazy-preloader-black\"><\/span><\/div><div class=\"swiper-slide flagpm_photo\" data-photo-id=\"24357\"><img data-src=\"https:\/\/bobvarela.com\/wp-content\/flagallery\/tcn-en-el-080-barcelona-fashion-primaveraverano-2017\/thumbs\/thumbs_tcn_041.jpg\" alt=\"080 Barcelona Spring-Summer 2017\" class=\"noLazy flagpm_photo swiper-lazy flagpm_photo_portrait\"><span class=\"swiper-lazy-preloader swiper-lazy-preloader-black\"><\/span><\/div><div class=\"swiper-slide flagpm_photo\" data-photo-id=\"24358\"><img data-src=\"https:\/\/bobvarela.com\/wp-content\/flagallery\/tcn-en-el-080-barcelona-fashion-primaveraverano-2017\/thumbs\/thumbs_tcn_042.jpg\" alt=\"080 Barcelona Spring-Summer 2017\" class=\"noLazy flagpm_photo swiper-lazy flagpm_photo_portrait\"><span class=\"swiper-lazy-preloader swiper-lazy-preloader-black\"><\/span><\/div><div class=\"swiper-slide flagpm_photo\" data-photo-id=\"24359\"><img data-src=\"https:\/\/bobvarela.com\/wp-content\/flagallery\/tcn-en-el-080-barcelona-fashion-primaveraverano-2017\/thumbs\/thumbs_tcn_043.jpg\" alt=\"080 Barcelona Spring-Summer 2017\" class=\"noLazy flagpm_photo swiper-lazy flagpm_photo_portrait\"><span class=\"swiper-lazy-preloader swiper-lazy-preloader-black\"><\/span><\/div><div class=\"swiper-slide flagpm_photo\" data-photo-id=\"24360\"><img data-src=\"https:\/\/bobvarela.com\/wp-content\/flagallery\/tcn-en-el-080-barcelona-fashion-primaveraverano-2017\/thumbs\/thumbs_tcn_044.jpg\" alt=\"080 Barcelona Spring-Summer 2017\" class=\"noLazy flagpm_photo swiper-lazy flagpm_photo_portrait\"><span class=\"swiper-lazy-preloader swiper-lazy-preloader-black\"><\/span><\/div><div class=\"swiper-slide flagpm_photo\" data-photo-id=\"24361\"><img data-src=\"https:\/\/bobvarela.com\/wp-content\/flagallery\/tcn-en-el-080-barcelona-fashion-primaveraverano-2017\/thumbs\/thumbs_tcn_045.jpg\" alt=\"080 Barcelona Spring-Summer 2017\" class=\"noLazy flagpm_photo swiper-lazy flagpm_photo_portrait\"><span class=\"swiper-lazy-preloader swiper-lazy-preloader-black\"><\/span><\/div><div class=\"swiper-slide flagpm_photo\" data-photo-id=\"24362\"><img data-src=\"https:\/\/bobvarela.com\/wp-content\/flagallery\/tcn-en-el-080-barcelona-fashion-primaveraverano-2017\/thumbs\/thumbs_tcn_046.jpg\" alt=\"080 Barcelona Spring-Summer 2017\" class=\"noLazy flagpm_photo swiper-lazy flagpm_photo_portrait\"><span class=\"swiper-lazy-preloader swiper-lazy-preloader-black\"><\/span><\/div><div class=\"swiper-slide flagpm_photo\" data-photo-id=\"24363\"><img data-src=\"https:\/\/bobvarela.com\/wp-content\/flagallery\/tcn-en-el-080-barcelona-fashion-primaveraverano-2017\/thumbs\/thumbs_tcn_047.jpg\" alt=\"080 Barcelona Spring-Summer 2017\" class=\"noLazy flagpm_photo swiper-lazy flagpm_photo_portrait\"><span class=\"swiper-lazy-preloader swiper-lazy-preloader-black\"><\/span><\/div><div class=\"swiper-slide flagpm_photo\" data-photo-id=\"24364\"><img data-src=\"https:\/\/bobvarela.com\/wp-content\/flagallery\/tcn-en-el-080-barcelona-fashion-primaveraverano-2017\/thumbs\/thumbs_tcn_048.jpg\" alt=\"080 Barcelona Spring-Summer 2017\" class=\"noLazy flagpm_photo swiper-lazy flagpm_photo_portrait\"><span class=\"swiper-lazy-preloader swiper-lazy-preloader-black\"><\/span><\/div><div class=\"swiper-slide flagpm_photo\" data-photo-id=\"24365\"><img data-src=\"https:\/\/bobvarela.com\/wp-content\/flagallery\/tcn-en-el-080-barcelona-fashion-primaveraverano-2017\/thumbs\/thumbs_tcn_049.jpg\" alt=\"080 Barcelona Spring-Summer 2017\" class=\"noLazy flagpm_photo swiper-lazy flagpm_photo_portrait\"><span class=\"swiper-lazy-preloader swiper-lazy-preloader-black\"><\/span><\/div><div class=\"swiper-slide flagpm_photo\" data-photo-id=\"24366\"><img data-src=\"https:\/\/bobvarela.com\/wp-content\/flagallery\/tcn-en-el-080-barcelona-fashion-primaveraverano-2017\/thumbs\/thumbs_tcn_050.jpg\" alt=\"080 Barcelona Spring-Summer 2017\" class=\"noLazy flagpm_photo swiper-lazy flagpm_photo_portrait\"><span class=\"swiper-lazy-preloader swiper-lazy-preloader-black\"><\/span><\/div><div class=\"swiper-slide flagpm_photo\" data-photo-id=\"24367\"><img data-src=\"https:\/\/bobvarela.com\/wp-content\/flagallery\/tcn-en-el-080-barcelona-fashion-primaveraverano-2017\/thumbs\/thumbs_tcn_051.jpg\" alt=\"080 Barcelona Spring-Summer 2017\" class=\"noLazy flagpm_photo swiper-lazy flagpm_photo_portrait\"><span class=\"swiper-lazy-preloader swiper-lazy-preloader-black\"><\/span><\/div><div class=\"swiper-slide flagpm_photo\" data-photo-id=\"24368\"><img data-src=\"https:\/\/bobvarela.com\/wp-content\/flagallery\/tcn-en-el-080-barcelona-fashion-primaveraverano-2017\/thumbs\/thumbs_tcn_052.jpg\" alt=\"080 Barcelona Spring-Summer 2017\" class=\"noLazy flagpm_photo swiper-lazy flagpm_photo_portrait\"><span class=\"swiper-lazy-preloader swiper-lazy-preloader-black\"><\/span><\/div><div class=\"swiper-slide flagpm_photo\" data-photo-id=\"24369\"><img data-src=\"https:\/\/bobvarela.com\/wp-content\/flagallery\/tcn-en-el-080-barcelona-fashion-primaveraverano-2017\/thumbs\/thumbs_tcn_053.jpg\" alt=\"080 Barcelona Spring-Summer 2017\" class=\"noLazy flagpm_photo swiper-lazy flagpm_photo_portrait\"><span class=\"swiper-lazy-preloader swiper-lazy-preloader-black\"><\/span><\/div><div class=\"swiper-slide flagpm_photo\" data-photo-id=\"24370\"><img data-src=\"https:\/\/bobvarela.com\/wp-content\/flagallery\/tcn-en-el-080-barcelona-fashion-primaveraverano-2017\/thumbs\/thumbs_tcn_054.jpg\" alt=\"080 Barcelona Spring-Summer 2017\" class=\"noLazy flagpm_photo swiper-lazy flagpm_photo_portrait\"><span class=\"swiper-lazy-preloader swiper-lazy-preloader-black\"><\/span><\/div><div class=\"swiper-slide flagpm_photo\" data-photo-id=\"24371\"><img data-src=\"https:\/\/bobvarela.com\/wp-content\/flagallery\/tcn-en-el-080-barcelona-fashion-primaveraverano-2017\/thumbs\/thumbs_tcn_055.jpg\" alt=\"080 Barcelona Spring-Summer 2017\" class=\"noLazy flagpm_photo swiper-lazy flagpm_photo_portrait\"><span class=\"swiper-lazy-preloader swiper-lazy-preloader-black\"><\/span><\/div><div class=\"swiper-slide flagpm_photo\" data-photo-id=\"24372\"><img data-src=\"https:\/\/bobvarela.com\/wp-content\/flagallery\/tcn-en-el-080-barcelona-fashion-primaveraverano-2017\/thumbs\/thumbs_tcn_056.jpg\" alt=\"080 Barcelona Spring-Summer 2017\" class=\"noLazy flagpm_photo swiper-lazy flagpm_photo_portrait\"><span class=\"swiper-lazy-preloader swiper-lazy-preloader-black\"><\/span><\/div><div class=\"swiper-slide flagpm_photo\" data-photo-id=\"24373\"><img data-src=\"https:\/\/bobvarela.com\/wp-content\/flagallery\/tcn-en-el-080-barcelona-fashion-primaveraverano-2017\/thumbs\/thumbs_tcn_057.jpg\" alt=\"080 Barcelona Spring-Summer 2017\" class=\"noLazy flagpm_photo swiper-lazy flagpm_photo_portrait\"><span class=\"swiper-lazy-preloader swiper-lazy-preloader-black\"><\/span><\/div><div class=\"swiper-slide flagpm_photo\" data-photo-id=\"24374\"><img data-src=\"https:\/\/bobvarela.com\/wp-content\/flagallery\/tcn-en-el-080-barcelona-fashion-primaveraverano-2017\/thumbs\/thumbs_tcn_058.jpg\" alt=\"080 Barcelona Spring-Summer 2017\" class=\"noLazy flagpm_photo swiper-lazy flagpm_photo_portrait\"><span class=\"swiper-lazy-preloader swiper-lazy-preloader-black\"><\/span><\/div><div class=\"swiper-slide flagpm_photo\" data-photo-id=\"24375\"><img data-src=\"https:\/\/bobvarela.com\/wp-content\/flagallery\/tcn-en-el-080-barcelona-fashion-primaveraverano-2017\/thumbs\/thumbs_tcn_059.jpg\" alt=\"080 Barcelona Spring-Summer 2017\" class=\"noLazy flagpm_photo swiper-lazy flagpm_photo_portrait\"><span class=\"swiper-lazy-preloader swiper-lazy-preloader-black\"><\/span><\/div><div class=\"swiper-slide flagpm_photo\" data-photo-id=\"24376\"><img data-src=\"https:\/\/bobvarela.com\/wp-content\/flagallery\/tcn-en-el-080-barcelona-fashion-primaveraverano-2017\/thumbs\/thumbs_tcn_060.jpg\" alt=\"080 Barcelona Spring-Summer 2017\" class=\"noLazy flagpm_photo swiper-lazy flagpm_photo_portrait\"><span class=\"swiper-lazy-preloader swiper-lazy-preloader-black\"><\/span><\/div> <\/div> <\/div> <\/div> <div class=\"flagpm_next_button\"><\/div> <\/div> <div class=\"flagpm_big_button_wrap\"> <div class=\"flagpm_share_wrapper\"> <a class=\"flagpm_button flagpm_share\">Share<\/a> <div class=\"flagpm_sharelizers_wrap\"> <ul class=\"flagpm_sharelizers\"> <li style=\"list-style:none;\"><a class=\"flagpm_button flagpm_facebook flagpm_sharelizer\">Facebook<\/a><\/li> <li style=\"list-style:none;\"><a class=\"flagpm_button flagpm_twitter flagpm_sharelizer\">Twitter<\/a><\/li> <li style=\"list-style:none;\"><a class=\"flagpm_button flagpm_pinterest flagpm_sharelizer\">Pinterest<\/a><\/li> <li style=\"list-style:none;\"><a class=\"flagpm_button flagpm_stumbleupon flagpm_sharelizer\">StumbleUpon<\/a><\/li> <\/ul> <\/div> <\/div> <a class=\"flagpm_button flagpm_like\">Like<\/a> <\/div> <div class=\"flagpm_big_button_wrap\"> <a class=\"flagpm_big_button flagpm_download_button\" href=\"https:\/\/bobvarela.com\/wp-content\/flagallery\/tcn-en-el-080-barcelona-fashion-primaveraverano-2017\/tcn_001.jpg\" download=\"tcn_001.jpg\"> <span class=\"flagpm_icon\"><\/span> <span class=\"flagpm_label\">Download<\/span> <\/a> <\/div> <div class=\"flagpm_big_button_wrap\"> <a class=\"flagpm_big_button flagpm_link_button flagpm_inactive\" > <span class=\"flagpm_icon\"><\/span> <span class=\"flagpm_label\">Open Link<\/span> <\/a> <\/div> <\/div> <\/div> <\/div> <div class=\"flagpm_focus_close_full\"> <span><a class=\"flagpm_button flagpm_close\">Close<\/a><\/span> <span><a class=\"flagpm_button flagpm_full\">Full<\/a><\/span> <\/div> <div class=\"flagpm_photo_details\"> <div class=\"flagpm_description_wrap\"> <div class=\"details_title\">Description<\/div> <div class=\"flagpm_description_text_wrap\"> <div class=\"flagpm_slide_description\"><p>080 Barcelona Spring-Summer 2017<\/p><\/div> <\/div> <\/div> <\/div> <div class=\"flagpm_focus_footer\"> <div class=\"flagpm_focus_keyboard\"> <div class=\"flagpm_focus_keyboard_title\">Keyboard Shortcuts <a class=\"flagpm_focus_keyboard_dismiss\">Dismiss<\/a><\/div> <ul> <li style=\"list-style:none;\"><a data-key=\"p\" class=\"flagpm_key\">S<\/a><span class=\"flagpm_label\">Slideshow<\/span><\/li> <li style=\"list-style:none;\"><a data-key=\"m\" class=\"flagpm_key\">M<\/a><span class=\"flagpm_label\">Maximize<\/span><\/li> <li style=\"list-style:none;\"><a data-key=\"left\" class=\"flagpm_key\">&nbsp;<\/a><span class=\"flagpm_label\">Previous<\/span><\/li> <li style=\"list-style:none;\"><a data-key=\"right\" class=\"flagpm_key\">&nbsp;<\/a><span class=\"flagpm_label\">Next<\/span><\/li> <li style=\"list-style:none;\"><a data-key=\"escape\" class=\"flagpm_key flagpm_esc\">esc<\/a><span class=\"flagpm_label\">Close<\/span><\/li> <\/ul> <\/div> <\/div> <\/div> <script type=\"text\/javascript\"> jQuery(function($) { var settings = {\"base_gallery_width\":\"800\",\"base_gallery_height\":\"500\",\"gallery_min_height\":\"230\",\"scale_mode\":\"fit\",\"initial_slide\":0,\"slideshow_autoplay\":\"0\",\"slideshow_delay\":\"7000\",\"gallery_focus\":\"0\",\"gallery_maximized\":\"0\",\"gallery_focus_maximized\":\"0\",\"keyboard_help\":\"1\",\"show_download_button\":\"1\",\"show_link_button\":\"1\",\"show_description\":\"1\",\"show_share_button\":\"1\",\"show_like_button\":\"1\",\"link_color\":\"#0099e5\",\"link_color_hover\":\"#02adea\",\"download_button_text\":\"Download\",\"link_button_text\":\"Open Link\",\"description_title\":\"Description\",\"key\":\"\",\"name\":\"\",\"gallID\":\"sc1_338\"}; var content = {\"data\":[{\"id\":\"24317\",\"image\":\"https:\\\/\\\/bobvarela.com\\\/wp-content\\\/flagallery\\\/tcn-en-el-080-barcelona-fashion-primaveraverano-2017\\\/webview\\\/tcn_001.jpg\",\"thumb\":\"https:\\\/\\\/bobvarela.com\\\/wp-content\\\/flagallery\\\/tcn-en-el-080-barcelona-fashion-primaveraverano-2017\\\/thumbs\\\/thumbs_tcn_001.jpg\",\"file\":\"tcn_001.jpg\",\"meta\":{\"aperture\":false,\"credit\":false,\"camera\":false,\"caption\":\"080 Barcelona Spring-Summer 2017\",\"created_timestamp\":\"June 27, 2016 8:37 pm\",\"copyright\":\"\\u00c2\\u00a9 2016 Estrop-Barcelona PHOTOGRAPH FOR FASHION EDITORIAL USE ONLY\",\"focal_length\":false,\"iso\":false,\"shutter_speed\":false,\"flash\":false,\"title\":\"080 Barcelona Spring-Summer 2017\",\"keywords\":\"080 Barcelona,Estrop-Barcelona,INEF,Spring-Summer 2017\",\"width\":1600,\"height\":1067,\"saved\":true,\"thumbnail\":{\"width\":220,\"height\":220,\"ewww_image_optimizer\":\"Reduced by 11.0% (4.5&nbsp;kB)\"},\"webview\":{\"0\":1200,\"1\":800,\"2\":2,\"3\":\"width=\\\"1200\\\" height=\\\"800\\\"\",\"bits\":8,\"channels\":3,\"mime\":\"image\\\/jpeg\",\"ewww_image_optimizer\":\"Reduced by 2.9% (3.4&nbsp;kB) - Previously Optimized\"},\"0\":false,\"ewww_image_optimizer\":\"Reduced by 2.8% (6.8&nbsp;kB)\",\"views\":\"122\",\"likes\":\"0\"},\"title\":\"080 Barcelona Spring-Summer 2017\",\"description\":\"<p>080 Barcelona Spring-Summer 2017<\\\/p>\",\"link\":null,\"link_target\":\"\",\"download\":\"https:\\\/\\\/bobvarela.com\\\/wp-content\\\/flagallery\\\/tcn-en-el-080-barcelona-fashion-primaveraverano-2017\\\/tcn_001.jpg\",\"ratio\":1.5},{\"id\":\"24318\",\"image\":\"https:\\\/\\\/bobvarela.com\\\/wp-content\\\/flagallery\\\/tcn-en-el-080-barcelona-fashion-primaveraverano-2017\\\/webview\\\/tcn_002.jpg\",\"thumb\":\"https:\\\/\\\/bobvarela.com\\\/wp-content\\\/flagallery\\\/tcn-en-el-080-barcelona-fashion-primaveraverano-2017\\\/thumbs\\\/thumbs_tcn_002.jpg\",\"file\":\"tcn_002.jpg\",\"meta\":{\"aperture\":false,\"credit\":false,\"camera\":false,\"caption\":\"080 Barcelona Spring-Summer 2017\",\"created_timestamp\":\"June 27, 2016 8:37 pm\",\"copyright\":\"\\u00c2\\u00a9 2016 Estrop-Barcelona PHOTOGRAPH FOR FASHION EDITORIAL USE ONLY\",\"focal_length\":false,\"iso\":false,\"shutter_speed\":false,\"flash\":false,\"title\":\"080 Barcelona Spring-Summer 2017\",\"keywords\":\"080 Barcelona,Estrop-Barcelona,INEF,Spring-Summer 2017\",\"width\":1333,\"height\":2000,\"saved\":true,\"thumbnail\":{\"width\":220,\"height\":220,\"ewww_image_optimizer\":\"Reduced by 11.4% (4.7&nbsp;kB)\"},\"webview\":{\"0\":800,\"1\":1200,\"2\":2,\"3\":\"width=\\\"800\\\" height=\\\"1200\\\"\",\"bits\":8,\"channels\":3,\"mime\":\"image\\\/jpeg\",\"ewww_image_optimizer\":\"Reduced by 3.8% (4.7&nbsp;kB) - Previously Optimized\"},\"0\":false,\"ewww_image_optimizer\":\"Reduced by 8.6% (20.5&nbsp;kB)\",\"views\":\"2\",\"likes\":\"0\"},\"title\":\"080 Barcelona Spring-Summer 2017\",\"description\":\"<p>080 Barcelona Spring-Summer 2017<\\\/p>\",\"link\":null,\"link_target\":\"\",\"download\":\"https:\\\/\\\/bobvarela.com\\\/wp-content\\\/flagallery\\\/tcn-en-el-080-barcelona-fashion-primaveraverano-2017\\\/tcn_002.jpg\",\"ratio\":0.66666666666666662965923251249478198587894439697265625},{\"id\":\"24319\",\"image\":\"https:\\\/\\\/bobvarela.com\\\/wp-content\\\/flagallery\\\/tcn-en-el-080-barcelona-fashion-primaveraverano-2017\\\/webview\\\/tcn_003.jpg\",\"thumb\":\"https:\\\/\\\/bobvarela.com\\\/wp-content\\\/flagallery\\\/tcn-en-el-080-barcelona-fashion-primaveraverano-2017\\\/thumbs\\\/thumbs_tcn_003.jpg\",\"file\":\"tcn_003.jpg\",\"meta\":{\"aperture\":false,\"credit\":false,\"camera\":false,\"caption\":\"080 Barcelona Spring-Summer 2017\",\"created_timestamp\":\"June 27, 2016 8:37 pm\",\"copyright\":\"\\u00c2\\u00a9 2016 Estrop-Barcelona PHOTOGRAPH FOR FASHION EDITORIAL USE ONLY\",\"focal_length\":false,\"iso\":false,\"shutter_speed\":false,\"flash\":false,\"title\":\"080 Barcelona Spring-Summer 2017\",\"keywords\":\"080 Barcelona,Estrop-Barcelona,INEF,Spring-Summer 2017\",\"width\":1333,\"height\":2000,\"saved\":true,\"thumbnail\":{\"width\":220,\"height\":220,\"ewww_image_optimizer\":\"Reduced by 11.1% (4.6&nbsp;kB)\"},\"webview\":{\"0\":800,\"1\":1200,\"2\":2,\"3\":\"width=\\\"800\\\" height=\\\"1200\\\"\",\"bits\":8,\"channels\":3,\"mime\":\"image\\\/jpeg\",\"ewww_image_optimizer\":\"Reduced by 3.0% (3.8&nbsp;kB) - Previously Optimized\"},\"0\":false,\"ewww_image_optimizer\":\"Reduced by 8.4% (19.7&nbsp;kB)\",\"views\":\"2\",\"likes\":\"0\"},\"title\":\"080 Barcelona Spring-Summer 2017\",\"description\":\"<p>080 Barcelona Spring-Summer 2017<\\\/p>\",\"link\":null,\"link_target\":\"\",\"download\":\"https:\\\/\\\/bobvarela.com\\\/wp-content\\\/flagallery\\\/tcn-en-el-080-barcelona-fashion-primaveraverano-2017\\\/tcn_003.jpg\",\"ratio\":0.66666666666666662965923251249478198587894439697265625},{\"id\":\"24320\",\"image\":\"https:\\\/\\\/bobvarela.com\\\/wp-content\\\/flagallery\\\/tcn-en-el-080-barcelona-fashion-primaveraverano-2017\\\/webview\\\/tcn_004.jpg\",\"thumb\":\"https:\\\/\\\/bobvarela.com\\\/wp-content\\\/flagallery\\\/tcn-en-el-080-barcelona-fashion-primaveraverano-2017\\\/thumbs\\\/thumbs_tcn_004.jpg\",\"file\":\"tcn_004.jpg\",\"meta\":{\"aperture\":false,\"credit\":false,\"camera\":false,\"caption\":\"080 Barcelona Spring-Summer 2017\",\"created_timestamp\":\"June 27, 2016 8:37 pm\",\"copyright\":\"\\u00c2\\u00a9 2016 Estrop-Barcelona PHOTOGRAPH FOR FASHION EDITORIAL USE ONLY\",\"focal_length\":false,\"iso\":false,\"shutter_speed\":false,\"flash\":false,\"title\":\"080 Barcelona Spring-Summer 2017\",\"keywords\":\"080 Barcelona,Estrop-Barcelona,INEF,Spring-Summer 2017\",\"width\":1333,\"height\":2000,\"saved\":true,\"thumbnail\":{\"width\":220,\"height\":220,\"ewww_image_optimizer\":\"Reduced by 11.1% (4.4&nbsp;kB)\"},\"webview\":{\"0\":800,\"1\":1200,\"2\":2,\"3\":\"width=\\\"800\\\" height=\\\"1200\\\"\",\"bits\":8,\"channels\":3,\"mime\":\"image\\\/jpeg\",\"ewww_image_optimizer\":\"Reduced by 2.8% (3.4&nbsp;kB) - Previously Optimized\"},\"0\":false,\"ewww_image_optimizer\":\"Reduced by 8.3% (20.5&nbsp;kB)\",\"views\":\"2\",\"likes\":\"0\"},\"title\":\"080 Barcelona Spring-Summer 2017\",\"description\":\"<p>080 Barcelona Spring-Summer 2017<\\\/p>\",\"link\":null,\"link_target\":\"\",\"download\":\"https:\\\/\\\/bobvarela.com\\\/wp-content\\\/flagallery\\\/tcn-en-el-080-barcelona-fashion-primaveraverano-2017\\\/tcn_004.jpg\",\"ratio\":0.66666666666666662965923251249478198587894439697265625},{\"id\":\"24321\",\"image\":\"https:\\\/\\\/bobvarela.com\\\/wp-content\\\/flagallery\\\/tcn-en-el-080-barcelona-fashion-primaveraverano-2017\\\/webview\\\/tcn_005.jpg\",\"thumb\":\"https:\\\/\\\/bobvarela.com\\\/wp-content\\\/flagallery\\\/tcn-en-el-080-barcelona-fashion-primaveraverano-2017\\\/thumbs\\\/thumbs_tcn_005.jpg\",\"file\":\"tcn_005.jpg\",\"meta\":{\"aperture\":false,\"credit\":false,\"camera\":false,\"caption\":\"080 Barcelona Spring-Summer 2017\",\"created_timestamp\":\"June 27, 2016 8:38 pm\",\"copyright\":\"\\u00c2\\u00a9 2016 Estrop-Barcelona PHOTOGRAPH FOR FASHION EDITORIAL USE ONLY\",\"focal_length\":false,\"iso\":false,\"shutter_speed\":false,\"flash\":false,\"title\":\"080 Barcelona Spring-Summer 2017\",\"keywords\":\"080 Barcelona,Estrop-Barcelona,INEF,Spring-Summer 2017\",\"width\":1333,\"height\":2000,\"saved\":true,\"thumbnail\":{\"width\":220,\"height\":220,\"ewww_image_optimizer\":\"Reduced by 11.6% (4.7&nbsp;kB)\"},\"webview\":{\"0\":800,\"1\":1200,\"2\":2,\"3\":\"width=\\\"800\\\" height=\\\"1200\\\"\",\"bits\":8,\"channels\":3,\"mime\":\"image\\\/jpeg\",\"ewww_image_optimizer\":\"Reduced by 3.5% (4.4&nbsp;kB) - Previously Optimized\"},\"0\":false,\"ewww_image_optimizer\":\"Reduced by 7.7% (18.8&nbsp;kB)\",\"views\":\"3\",\"likes\":\"0\"},\"title\":\"080 Barcelona Spring-Summer 2017\",\"description\":\"<p>080 Barcelona Spring-Summer 2017<\\\/p>\",\"link\":null,\"link_target\":\"\",\"download\":\"https:\\\/\\\/bobvarela.com\\\/wp-content\\\/flagallery\\\/tcn-en-el-080-barcelona-fashion-primaveraverano-2017\\\/tcn_005.jpg\",\"ratio\":0.66666666666666662965923251249478198587894439697265625},{\"id\":\"24322\",\"image\":\"https:\\\/\\\/bobvarela.com\\\/wp-content\\\/flagallery\\\/tcn-en-el-080-barcelona-fashion-primaveraverano-2017\\\/webview\\\/tcn_006.jpg\",\"thumb\":\"https:\\\/\\\/bobvarela.com\\\/wp-content\\\/flagallery\\\/tcn-en-el-080-barcelona-fashion-primaveraverano-2017\\\/thumbs\\\/thumbs_tcn_006.jpg\",\"file\":\"tcn_006.jpg\",\"meta\":{\"aperture\":false,\"credit\":false,\"camera\":false,\"caption\":\"080 Barcelona Spring-Summer 2017\",\"created_timestamp\":\"June 27, 2016 8:38 pm\",\"copyright\":\"\\u00c2\\u00a9 2016 Estrop-Barcelona PHOTOGRAPH FOR FASHION EDITORIAL USE ONLY\",\"focal_length\":false,\"iso\":false,\"shutter_speed\":false,\"flash\":false,\"title\":\"080 Barcelona Spring-Summer 2017\",\"keywords\":\"080 Barcelona,Estrop-Barcelona,INEF,Spring-Summer 2017\",\"width\":1333,\"height\":2000,\"saved\":true,\"thumbnail\":{\"width\":220,\"height\":220,\"ewww_image_optimizer\":\"Reduced by 11.0% (3.9&nbsp;kB)\"},\"webview\":{\"0\":800,\"1\":1200,\"2\":2,\"3\":\"width=\\\"800\\\" height=\\\"1200\\\"\",\"bits\":8,\"channels\":3,\"mime\":\"image\\\/jpeg\",\"ewww_image_optimizer\":\"Reduced by 3.2% (3.7&nbsp;kB) - Previously Optimized\"},\"0\":false,\"ewww_image_optimizer\":\"Reduced by 10.0% (22.9&nbsp;kB)\",\"views\":\"3\",\"likes\":\"0\"},\"title\":\"080 Barcelona Spring-Summer 2017\",\"description\":\"<p>080 Barcelona Spring-Summer 2017<\\\/p>\",\"link\":null,\"link_target\":\"\",\"download\":\"https:\\\/\\\/bobvarela.com\\\/wp-content\\\/flagallery\\\/tcn-en-el-080-barcelona-fashion-primaveraverano-2017\\\/tcn_006.jpg\",\"ratio\":0.66666666666666662965923251249478198587894439697265625},{\"id\":\"24323\",\"image\":\"https:\\\/\\\/bobvarela.com\\\/wp-content\\\/flagallery\\\/tcn-en-el-080-barcelona-fashion-primaveraverano-2017\\\/webview\\\/tcn_007.jpg\",\"thumb\":\"https:\\\/\\\/bobvarela.com\\\/wp-content\\\/flagallery\\\/tcn-en-el-080-barcelona-fashion-primaveraverano-2017\\\/thumbs\\\/thumbs_tcn_007.jpg\",\"file\":\"tcn_007.jpg\",\"meta\":{\"aperture\":false,\"credit\":false,\"camera\":false,\"caption\":\"080 Barcelona Spring-Summer 2017\",\"created_timestamp\":\"June 27, 2016 8:38 pm\",\"copyright\":\"\\u00c2\\u00a9 2016 Estrop-Barcelona PHOTOGRAPH FOR FASHION EDITORIAL USE ONLY\",\"focal_length\":false,\"iso\":false,\"shutter_speed\":false,\"flash\":false,\"title\":\"080 Barcelona Spring-Summer 2017\",\"keywords\":\"080 Barcelona,Estrop-Barcelona,INEF,Spring-Summer 2017\",\"width\":1333,\"height\":2000,\"saved\":true,\"thumbnail\":{\"width\":220,\"height\":220,\"ewww_image_optimizer\":\"Reduced by 11.3% (4.5&nbsp;kB)\"},\"webview\":{\"0\":800,\"1\":1200,\"2\":2,\"3\":\"width=\\\"800\\\" height=\\\"1200\\\"\",\"bits\":8,\"channels\":3,\"mime\":\"image\\\/jpeg\",\"ewww_image_optimizer\":\"Reduced by 3.9% (5.5&nbsp;kB) - Previously Optimized\"},\"0\":false,\"ewww_image_optimizer\":\"Reduced by 6.3% (18.4&nbsp;kB)\",\"views\":\"3\",\"likes\":\"0\"},\"title\":\"080 Barcelona Spring-Summer 2017\",\"description\":\"<p>080 Barcelona Spring-Summer 2017<\\\/p>\",\"link\":null,\"link_target\":\"\",\"download\":\"https:\\\/\\\/bobvarela.com\\\/wp-content\\\/flagallery\\\/tcn-en-el-080-barcelona-fashion-primaveraverano-2017\\\/tcn_007.jpg\",\"ratio\":0.66666666666666662965923251249478198587894439697265625},{\"id\":\"24324\",\"image\":\"https:\\\/\\\/bobvarela.com\\\/wp-content\\\/flagallery\\\/tcn-en-el-080-barcelona-fashion-primaveraverano-2017\\\/webview\\\/tcn_008.jpg\",\"thumb\":\"https:\\\/\\\/bobvarela.com\\\/wp-content\\\/flagallery\\\/tcn-en-el-080-barcelona-fashion-primaveraverano-2017\\\/thumbs\\\/thumbs_tcn_008.jpg\",\"file\":\"tcn_008.jpg\",\"meta\":{\"aperture\":false,\"credit\":false,\"camera\":false,\"caption\":\"080 Barcelona Spring-Summer 2017\",\"created_timestamp\":\"June 27, 2016 8:38 pm\",\"copyright\":\"\\u00c2\\u00a9 2016 Estrop-Barcelona PHOTOGRAPH FOR FASHION EDITORIAL USE ONLY\",\"focal_length\":false,\"iso\":false,\"shutter_speed\":false,\"flash\":false,\"title\":\"080 Barcelona Spring-Summer 2017\",\"keywords\":\"080 Barcelona,Estrop-Barcelona,INEF,Spring-Summer 2017\",\"width\":1333,\"height\":2000,\"saved\":true,\"thumbnail\":{\"width\":220,\"height\":220,\"ewww_image_optimizer\":\"Reduced by 10.8% (3.8&nbsp;kB)\"},\"webview\":{\"0\":800,\"1\":1200,\"2\":2,\"3\":\"width=\\\"800\\\" height=\\\"1200\\\"\",\"bits\":8,\"channels\":3,\"mime\":\"image\\\/jpeg\",\"ewww_image_optimizer\":\"Reduced by 3.8% (3.9&nbsp;kB) - Previously Optimized\"},\"0\":false,\"ewww_image_optimizer\":\"Reduced by 7.5% (20.3&nbsp;kB)\",\"views\":\"2\",\"likes\":\"0\"},\"title\":\"080 Barcelona Spring-Summer 2017\",\"description\":\"<p>080 Barcelona Spring-Summer 2017<\\\/p>\",\"link\":null,\"link_target\":\"\",\"download\":\"https:\\\/\\\/bobvarela.com\\\/wp-content\\\/flagallery\\\/tcn-en-el-080-barcelona-fashion-primaveraverano-2017\\\/tcn_008.jpg\",\"ratio\":0.66666666666666662965923251249478198587894439697265625},{\"id\":\"24325\",\"image\":\"https:\\\/\\\/bobvarela.com\\\/wp-content\\\/flagallery\\\/tcn-en-el-080-barcelona-fashion-primaveraverano-2017\\\/webview\\\/tcn_009.jpg\",\"thumb\":\"https:\\\/\\\/bobvarela.com\\\/wp-content\\\/flagallery\\\/tcn-en-el-080-barcelona-fashion-primaveraverano-2017\\\/thumbs\\\/thumbs_tcn_009.jpg\",\"file\":\"tcn_009.jpg\",\"meta\":{\"aperture\":false,\"credit\":false,\"camera\":false,\"caption\":\"080 Barcelona Spring-Summer 2017\",\"created_timestamp\":\"June 27, 2016 8:38 pm\",\"copyright\":\"\\u00c2\\u00a9 2016 Estrop-Barcelona PHOTOGRAPH FOR FASHION EDITORIAL USE ONLY\",\"focal_length\":false,\"iso\":false,\"shutter_speed\":false,\"flash\":false,\"title\":\"080 Barcelona Spring-Summer 2017\",\"keywords\":\"080 Barcelona,Estrop-Barcelona,INEF,Spring-Summer 2017\",\"width\":1333,\"height\":2000,\"saved\":true,\"thumbnail\":{\"width\":220,\"height\":220,\"ewww_image_optimizer\":\"Reduced by 12.0% (4.6&nbsp;kB)\"},\"webview\":{\"0\":800,\"1\":1200,\"2\":2,\"3\":\"width=\\\"800\\\" height=\\\"1200\\\"\",\"bits\":8,\"channels\":3,\"mime\":\"image\\\/jpeg\",\"ewww_image_optimizer\":\"Reduced by 3.9% (4.9&nbsp;kB) - Previously Optimized\"},\"0\":false,\"ewww_image_optimizer\":\"Reduced by 10.0% (24.3&nbsp;kB)\",\"views\":\"3\",\"likes\":\"0\"},\"title\":\"080 Barcelona Spring-Summer 2017\",\"description\":\"<p>080 Barcelona Spring-Summer 2017<\\\/p>\",\"link\":null,\"link_target\":\"\",\"download\":\"https:\\\/\\\/bobvarela.com\\\/wp-content\\\/flagallery\\\/tcn-en-el-080-barcelona-fashion-primaveraverano-2017\\\/tcn_009.jpg\",\"ratio\":0.66666666666666662965923251249478198587894439697265625},{\"id\":\"24326\",\"image\":\"https:\\\/\\\/bobvarela.com\\\/wp-content\\\/flagallery\\\/tcn-en-el-080-barcelona-fashion-primaveraverano-2017\\\/webview\\\/tcn_010.jpg\",\"thumb\":\"https:\\\/\\\/bobvarela.com\\\/wp-content\\\/flagallery\\\/tcn-en-el-080-barcelona-fashion-primaveraverano-2017\\\/thumbs\\\/thumbs_tcn_010.jpg\",\"file\":\"tcn_010.jpg\",\"meta\":{\"aperture\":false,\"credit\":false,\"camera\":false,\"caption\":\"080 Barcelona Spring-Summer 2017\",\"created_timestamp\":\"June 27, 2016 8:38 pm\",\"copyright\":\"\\u00c2\\u00a9 2016 Estrop-Barcelona PHOTOGRAPH FOR FASHION EDITORIAL USE ONLY\",\"focal_length\":false,\"iso\":false,\"shutter_speed\":false,\"flash\":false,\"title\":\"080 Barcelona Spring-Summer 2017\",\"keywords\":\"080 Barcelona,Estrop-Barcelona,INEF,Spring-Summer 2017\",\"width\":1333,\"height\":2000,\"saved\":true,\"thumbnail\":{\"width\":220,\"height\":220,\"ewww_image_optimizer\":\"Reduced by 10.6% (4.2&nbsp;kB)\"},\"webview\":{\"0\":800,\"1\":1200,\"2\":2,\"3\":\"width=\\\"800\\\" height=\\\"1200\\\"\",\"bits\":8,\"channels\":3,\"mime\":\"image\\\/jpeg\",\"ewww_image_optimizer\":\"Reduced by 4.2% (5.8&nbsp;kB) - Previously Optimized\"},\"0\":false,\"ewww_image_optimizer\":\"Reduced by 8.8% (21.1&nbsp;kB)\",\"views\":\"3\",\"likes\":\"0\"},\"title\":\"080 Barcelona Spring-Summer 2017\",\"description\":\"<p>080 Barcelona Spring-Summer 2017<\\\/p>\",\"link\":null,\"link_target\":\"\",\"download\":\"https:\\\/\\\/bobvarela.com\\\/wp-content\\\/flagallery\\\/tcn-en-el-080-barcelona-fashion-primaveraverano-2017\\\/tcn_010.jpg\",\"ratio\":0.66666666666666662965923251249478198587894439697265625},{\"id\":\"24327\",\"image\":\"https:\\\/\\\/bobvarela.com\\\/wp-content\\\/flagallery\\\/tcn-en-el-080-barcelona-fashion-primaveraverano-2017\\\/webview\\\/tcn_011.jpg\",\"thumb\":\"https:\\\/\\\/bobvarela.com\\\/wp-content\\\/flagallery\\\/tcn-en-el-080-barcelona-fashion-primaveraverano-2017\\\/thumbs\\\/thumbs_tcn_011.jpg\",\"file\":\"tcn_011.jpg\",\"meta\":{\"aperture\":false,\"credit\":false,\"camera\":false,\"caption\":false,\"created_timestamp\":\"June 27, 2016 8:38 pm\",\"copyright\":false,\"focal_length\":false,\"iso\":false,\"shutter_speed\":false,\"flash\":false,\"title\":false,\"keywords\":false,\"width\":1333,\"height\":2000,\"saved\":true,\"thumbnail\":{\"width\":220,\"height\":220,\"ewww_image_optimizer\":\"Reduced by 10.1% (3.2&nbsp;kB)\"},\"webview\":{\"0\":800,\"1\":1200,\"2\":2,\"3\":\"width=\\\"800\\\" height=\\\"1200\\\"\",\"bits\":8,\"channels\":3,\"mime\":\"image\\\/jpeg\",\"ewww_image_optimizer\":\"Reduced by 3.5% (3.2&nbsp;kB) - Previously Optimized\"},\"0\":false,\"ewww_image_optimizer\":\"Reduced by 5.7% (16.5&nbsp;kB)\",\"views\":\"2\",\"likes\":\"0\"},\"title\":\"\",\"description\":\"\",\"link\":null,\"link_target\":\"\",\"download\":\"https:\\\/\\\/bobvarela.com\\\/wp-content\\\/flagallery\\\/tcn-en-el-080-barcelona-fashion-primaveraverano-2017\\\/tcn_011.jpg\",\"ratio\":0.66666666666666662965923251249478198587894439697265625},{\"id\":\"24328\",\"image\":\"https:\\\/\\\/bobvarela.com\\\/wp-content\\\/flagallery\\\/tcn-en-el-080-barcelona-fashion-primaveraverano-2017\\\/webview\\\/tcn_012.jpg\",\"thumb\":\"https:\\\/\\\/bobvarela.com\\\/wp-content\\\/flagallery\\\/tcn-en-el-080-barcelona-fashion-primaveraverano-2017\\\/thumbs\\\/thumbs_tcn_012.jpg\",\"file\":\"tcn_012.jpg\",\"meta\":{\"aperture\":false,\"credit\":false,\"camera\":false,\"caption\":\"080 Barcelona Spring-Summer 2017\",\"created_timestamp\":\"June 27, 2016 8:39 pm\",\"copyright\":\"\\u00c2\\u00a9 2016 Estrop-Barcelona PHOTOGRAPH FOR FASHION EDITORIAL USE ONLY\",\"focal_length\":false,\"iso\":false,\"shutter_speed\":false,\"flash\":false,\"title\":\"080 Barcelona Spring-Summer 2017\",\"keywords\":\"080 Barcelona,Estrop-Barcelona,INEF,Spring-Summer 2017\",\"width\":1333,\"height\":2000,\"saved\":true,\"thumbnail\":{\"width\":220,\"height\":220,\"ewww_image_optimizer\":\"Reduced by 11.1% (4.0&nbsp;kB)\"},\"webview\":{\"0\":800,\"1\":1200,\"2\":2,\"3\":\"width=\\\"800\\\" height=\\\"1200\\\"\",\"bits\":8,\"channels\":3,\"mime\":\"image\\\/jpeg\",\"ewww_image_optimizer\":\"Reduced by 3.5% (4.3&nbsp;kB) - Previously Optimized\"},\"0\":false,\"ewww_image_optimizer\":\"Reduced by 9.8% (23.9&nbsp;kB)\",\"views\":\"2\",\"likes\":\"0\"},\"title\":\"080 Barcelona Spring-Summer 2017\",\"description\":\"<p>080 Barcelona Spring-Summer 2017<\\\/p>\",\"link\":null,\"link_target\":\"\",\"download\":\"https:\\\/\\\/bobvarela.com\\\/wp-content\\\/flagallery\\\/tcn-en-el-080-barcelona-fashion-primaveraverano-2017\\\/tcn_012.jpg\",\"ratio\":0.66666666666666662965923251249478198587894439697265625},{\"id\":\"24329\",\"image\":\"https:\\\/\\\/bobvarela.com\\\/wp-content\\\/flagallery\\\/tcn-en-el-080-barcelona-fashion-primaveraverano-2017\\\/webview\\\/tcn_013.jpg\",\"thumb\":\"https:\\\/\\\/bobvarela.com\\\/wp-content\\\/flagallery\\\/tcn-en-el-080-barcelona-fashion-primaveraverano-2017\\\/thumbs\\\/thumbs_tcn_013.jpg\",\"file\":\"tcn_013.jpg\",\"meta\":{\"aperture\":false,\"credit\":false,\"camera\":false,\"caption\":\"080 Barcelona Spring-Summer 2017\",\"created_timestamp\":\"June 27, 2016 8:39 pm\",\"copyright\":\"\\u00c2\\u00a9 2016 Estrop-Barcelona PHOTOGRAPH FOR FASHION EDITORIAL USE ONLY\",\"focal_length\":false,\"iso\":false,\"shutter_speed\":false,\"flash\":false,\"title\":\"080 Barcelona Spring-Summer 2017\",\"keywords\":\"080 Barcelona,Estrop-Barcelona,INEF,Spring-Summer 2017\",\"width\":1333,\"height\":2000,\"saved\":true,\"thumbnail\":{\"width\":220,\"height\":220,\"ewww_image_optimizer\":\"Reduced by 10.8% (4.5&nbsp;kB)\"},\"webview\":{\"0\":800,\"1\":1200,\"2\":2,\"3\":\"width=\\\"800\\\" height=\\\"1200\\\"\",\"bits\":8,\"channels\":3,\"mime\":\"image\\\/jpeg\",\"ewww_image_optimizer\":\"Reduced by 5.2% (9.9&nbsp;kB) - Previously Optimized\"},\"0\":false,\"ewww_image_optimizer\":\"Reduced by 13.2% (34.6&nbsp;kB)\",\"views\":\"3\",\"likes\":\"0\"},\"title\":\"080 Barcelona Spring-Summer 2017\",\"description\":\"<p>080 Barcelona Spring-Summer 2017<\\\/p>\",\"link\":null,\"link_target\":\"\",\"download\":\"https:\\\/\\\/bobvarela.com\\\/wp-content\\\/flagallery\\\/tcn-en-el-080-barcelona-fashion-primaveraverano-2017\\\/tcn_013.jpg\",\"ratio\":0.66666666666666662965923251249478198587894439697265625},{\"id\":\"24330\",\"image\":\"https:\\\/\\\/bobvarela.com\\\/wp-content\\\/flagallery\\\/tcn-en-el-080-barcelona-fashion-primaveraverano-2017\\\/webview\\\/tcn_014.jpg\",\"thumb\":\"https:\\\/\\\/bobvarela.com\\\/wp-content\\\/flagallery\\\/tcn-en-el-080-barcelona-fashion-primaveraverano-2017\\\/thumbs\\\/thumbs_tcn_014.jpg\",\"file\":\"tcn_014.jpg\",\"meta\":{\"aperture\":false,\"credit\":false,\"camera\":false,\"caption\":\"080 Barcelona Spring-Summer 2017\",\"created_timestamp\":\"June 27, 2016 8:39 pm\",\"copyright\":\"\\u00c2\\u00a9 2016 Estrop-Barcelona PHOTOGRAPH FOR FASHION EDITORIAL USE ONLY\",\"focal_length\":false,\"iso\":false,\"shutter_speed\":false,\"flash\":false,\"title\":\"080 Barcelona Spring-Summer 2017\",\"keywords\":\"080 Barcelona,Estrop-Barcelona,INEF,Spring-Summer 2017\",\"width\":1333,\"height\":2000,\"saved\":true,\"thumbnail\":{\"width\":220,\"height\":220,\"ewww_image_optimizer\":\"Reduced by 10.8% (3.7&nbsp;kB)\"},\"webview\":{\"0\":800,\"1\":1200,\"2\":2,\"3\":\"width=\\\"800\\\" height=\\\"1200\\\"\",\"bits\":8,\"channels\":3,\"mime\":\"image\\\/jpeg\",\"ewww_image_optimizer\":\"Reduced by 3.9% (4.0&nbsp;kB) - Previously Optimized\"},\"0\":false,\"ewww_image_optimizer\":\"Reduced by 7.6% (19.9&nbsp;kB)\",\"views\":\"1\",\"likes\":\"0\"},\"title\":\"080 Barcelona Spring-Summer 2017\",\"description\":\"<p>080 Barcelona Spring-Summer 2017<\\\/p>\",\"link\":null,\"link_target\":\"\",\"download\":\"https:\\\/\\\/bobvarela.com\\\/wp-content\\\/flagallery\\\/tcn-en-el-080-barcelona-fashion-primaveraverano-2017\\\/tcn_014.jpg\",\"ratio\":0.66666666666666662965923251249478198587894439697265625},{\"id\":\"24331\",\"image\":\"https:\\\/\\\/bobvarela.com\\\/wp-content\\\/flagallery\\\/tcn-en-el-080-barcelona-fashion-primaveraverano-2017\\\/webview\\\/tcn_015.jpg\",\"thumb\":\"https:\\\/\\\/bobvarela.com\\\/wp-content\\\/flagallery\\\/tcn-en-el-080-barcelona-fashion-primaveraverano-2017\\\/thumbs\\\/thumbs_tcn_015.jpg\",\"file\":\"tcn_015.jpg\",\"meta\":{\"aperture\":false,\"credit\":false,\"camera\":false,\"caption\":\"080 Barcelona Spring-Summer 2017\",\"created_timestamp\":\"June 27, 2016 8:39 pm\",\"copyright\":\"\\u00c2\\u00a9 2016 Estrop-Barcelona PHOTOGRAPH FOR FASHION EDITORIAL USE ONLY\",\"focal_length\":false,\"iso\":false,\"shutter_speed\":false,\"flash\":false,\"title\":\"080 Barcelona Spring-Summer 2017\",\"keywords\":\"080 Barcelona,Estrop-Barcelona,INEF,Spring-Summer 2017\",\"width\":1333,\"height\":2000,\"saved\":true,\"thumbnail\":{\"width\":220,\"height\":220,\"ewww_image_optimizer\":\"Reduced by 11.2% (4.1&nbsp;kB)\"},\"webview\":{\"0\":800,\"1\":1200,\"2\":2,\"3\":\"width=\\\"800\\\" height=\\\"1200\\\"\",\"bits\":8,\"channels\":3,\"mime\":\"image\\\/jpeg\",\"ewww_image_optimizer\":\"Reduced by 4.0% (4.7&nbsp;kB) - Previously Optimized\"},\"0\":false,\"ewww_image_optimizer\":\"Reduced by 11.3% (26.6&nbsp;kB)\",\"views\":\"1\",\"likes\":\"0\"},\"title\":\"080 Barcelona Spring-Summer 2017\",\"description\":\"<p>080 Barcelona Spring-Summer 2017<\\\/p>\",\"link\":null,\"link_target\":\"\",\"download\":\"https:\\\/\\\/bobvarela.com\\\/wp-content\\\/flagallery\\\/tcn-en-el-080-barcelona-fashion-primaveraverano-2017\\\/tcn_015.jpg\",\"ratio\":0.66666666666666662965923251249478198587894439697265625},{\"id\":\"24332\",\"image\":\"https:\\\/\\\/bobvarela.com\\\/wp-content\\\/flagallery\\\/tcn-en-el-080-barcelona-fashion-primaveraverano-2017\\\/webview\\\/tcn_016.jpg\",\"thumb\":\"https:\\\/\\\/bobvarela.com\\\/wp-content\\\/flagallery\\\/tcn-en-el-080-barcelona-fashion-primaveraverano-2017\\\/thumbs\\\/thumbs_tcn_016.jpg\",\"file\":\"tcn_016.jpg\",\"meta\":{\"aperture\":false,\"credit\":false,\"camera\":false,\"caption\":\"080 Barcelona Spring-Summer 2017\",\"created_timestamp\":\"June 27, 2016 8:39 pm\",\"copyright\":\"\\u00c2\\u00a9 2016 Estrop-Barcelona PHOTOGRAPH FOR FASHION EDITORIAL USE ONLY\",\"focal_length\":false,\"iso\":false,\"shutter_speed\":false,\"flash\":false,\"title\":\"080 Barcelona Spring-Summer 2017\",\"keywords\":\"080 Barcelona,Estrop-Barcelona,INEF,Spring-Summer 2017\",\"width\":1333,\"height\":2000,\"saved\":true,\"thumbnail\":{\"width\":220,\"height\":220,\"ewww_image_optimizer\":\"Reduced by 10.9% (3.4&nbsp;kB)\"},\"webview\":{\"0\":800,\"1\":1200,\"2\":2,\"3\":\"width=\\\"800\\\" height=\\\"1200\\\"\",\"bits\":8,\"channels\":3,\"mime\":\"image\\\/jpeg\",\"ewww_image_optimizer\":\"Reduced by 4.7% (4.4&nbsp;kB) - Previously Optimized\"},\"0\":false,\"ewww_image_optimizer\":\"Reduced by 9.4% (23.9&nbsp;kB)\",\"views\":\"2\",\"likes\":\"0\"},\"title\":\"080 Barcelona Spring-Summer 2017\",\"description\":\"<p>080 Barcelona Spring-Summer 2017<\\\/p>\",\"link\":null,\"link_target\":\"\",\"download\":\"https:\\\/\\\/bobvarela.com\\\/wp-content\\\/flagallery\\\/tcn-en-el-080-barcelona-fashion-primaveraverano-2017\\\/tcn_016.jpg\",\"ratio\":0.66666666666666662965923251249478198587894439697265625},{\"id\":\"24333\",\"image\":\"https:\\\/\\\/bobvarela.com\\\/wp-content\\\/flagallery\\\/tcn-en-el-080-barcelona-fashion-primaveraverano-2017\\\/webview\\\/tcn_017.jpg\",\"thumb\":\"https:\\\/\\\/bobvarela.com\\\/wp-content\\\/flagallery\\\/tcn-en-el-080-barcelona-fashion-primaveraverano-2017\\\/thumbs\\\/thumbs_tcn_017.jpg\",\"file\":\"tcn_017.jpg\",\"meta\":{\"aperture\":false,\"credit\":false,\"camera\":false,\"caption\":\"080 Barcelona Spring-Summer 2017\",\"created_timestamp\":\"June 27, 2016 8:39 pm\",\"copyright\":\"\\u00c2\\u00a9 2016 Estrop-Barcelona PHOTOGRAPH FOR FASHION EDITORIAL USE ONLY\",\"focal_length\":false,\"iso\":false,\"shutter_speed\":false,\"flash\":false,\"title\":\"080 Barcelona Spring-Summer 2017\",\"keywords\":\"080 Barcelona,Estrop-Barcelona,INEF,Spring-Summer 2017\",\"width\":1333,\"height\":2000,\"saved\":true,\"thumbnail\":{\"width\":220,\"height\":220,\"ewww_image_optimizer\":\"Reduced by 11.8% (4.2&nbsp;kB)\"},\"webview\":{\"0\":800,\"1\":1200,\"2\":2,\"3\":\"width=\\\"800\\\" height=\\\"1200\\\"\",\"bits\":8,\"channels\":3,\"mime\":\"image\\\/jpeg\",\"ewww_image_optimizer\":\"Reduced by 4.3% (4.9&nbsp;kB) - Previously Optimized\"},\"0\":false,\"ewww_image_optimizer\":\"Reduced by 7.5% (22.4&nbsp;kB)\",\"views\":\"2\",\"likes\":\"0\"},\"title\":\"080 Barcelona Spring-Summer 2017\",\"description\":\"<p>080 Barcelona Spring-Summer 2017<\\\/p>\",\"link\":null,\"link_target\":\"\",\"download\":\"https:\\\/\\\/bobvarela.com\\\/wp-content\\\/flagallery\\\/tcn-en-el-080-barcelona-fashion-primaveraverano-2017\\\/tcn_017.jpg\",\"ratio\":0.66666666666666662965923251249478198587894439697265625},{\"id\":\"24334\",\"image\":\"https:\\\/\\\/bobvarela.com\\\/wp-content\\\/flagallery\\\/tcn-en-el-080-barcelona-fashion-primaveraverano-2017\\\/webview\\\/tcn_018.jpg\",\"thumb\":\"https:\\\/\\\/bobvarela.com\\\/wp-content\\\/flagallery\\\/tcn-en-el-080-barcelona-fashion-primaveraverano-2017\\\/thumbs\\\/thumbs_tcn_018.jpg\",\"file\":\"tcn_018.jpg\",\"meta\":{\"aperture\":false,\"credit\":false,\"camera\":false,\"caption\":\"080 Barcelona Spring-Summer 2017\",\"created_timestamp\":\"June 27, 2016 8:39 pm\",\"copyright\":\"\\u00c2\\u00a9 2016 Estrop-Barcelona PHOTOGRAPH FOR FASHION EDITORIAL USE ONLY\",\"focal_length\":false,\"iso\":false,\"shutter_speed\":false,\"flash\":false,\"title\":\"080 Barcelona Spring-Summer 2017\",\"keywords\":\"080 Barcelona,Estrop-Barcelona,INEF,Spring-Summer 2017\",\"width\":1333,\"height\":2000,\"saved\":true,\"thumbnail\":{\"width\":220,\"height\":220,\"ewww_image_optimizer\":\"Reduced by 10.8% (4.2&nbsp;kB)\"},\"webview\":{\"0\":800,\"1\":1200,\"2\":2,\"3\":\"width=\\\"800\\\" height=\\\"1200\\\"\",\"bits\":8,\"channels\":3,\"mime\":\"image\\\/jpeg\",\"ewww_image_optimizer\":\"Reduced by 3.3% (3.8&nbsp;kB) - Previously Optimized\"},\"0\":false,\"ewww_image_optimizer\":\"Reduced by 5.4% (15.4&nbsp;kB)\",\"views\":\"2\",\"likes\":\"0\"},\"title\":\"080 Barcelona Spring-Summer 2017\",\"description\":\"<p>080 Barcelona Spring-Summer 2017<\\\/p>\",\"link\":null,\"link_target\":\"\",\"download\":\"https:\\\/\\\/bobvarela.com\\\/wp-content\\\/flagallery\\\/tcn-en-el-080-barcelona-fashion-primaveraverano-2017\\\/tcn_018.jpg\",\"ratio\":0.66666666666666662965923251249478198587894439697265625},{\"id\":\"24335\",\"image\":\"https:\\\/\\\/bobvarela.com\\\/wp-content\\\/flagallery\\\/tcn-en-el-080-barcelona-fashion-primaveraverano-2017\\\/webview\\\/tcn_019.jpg\",\"thumb\":\"https:\\\/\\\/bobvarela.com\\\/wp-content\\\/flagallery\\\/tcn-en-el-080-barcelona-fashion-primaveraverano-2017\\\/thumbs\\\/thumbs_tcn_019.jpg\",\"file\":\"tcn_019.jpg\",\"meta\":{\"aperture\":false,\"credit\":false,\"camera\":false,\"caption\":\"080 Barcelona Spring-Summer 2017\",\"created_timestamp\":\"June 27, 2016 8:39 pm\",\"copyright\":\"\\u00c2\\u00a9 2016 Estrop-Barcelona PHOTOGRAPH FOR FASHION EDITORIAL USE ONLY\",\"focal_length\":false,\"iso\":false,\"shutter_speed\":false,\"flash\":false,\"title\":\"080 Barcelona Spring-Summer 2017\",\"keywords\":\"080 Barcelona,Estrop-Barcelona,INEF,Spring-Summer 2017\",\"width\":1333,\"height\":2000,\"saved\":true,\"thumbnail\":{\"width\":220,\"height\":220,\"ewww_image_optimizer\":\"Reduced by 12.1% (4.6&nbsp;kB)\"},\"webview\":{\"0\":800,\"1\":1200,\"2\":2,\"3\":\"width=\\\"800\\\" height=\\\"1200\\\"\",\"bits\":8,\"channels\":3,\"mime\":\"image\\\/jpeg\",\"ewww_image_optimizer\":\"Reduced by 3.0% (3.4&nbsp;kB) - Previously Optimized\"},\"0\":false,\"ewww_image_optimizer\":\"Reduced by 4.8% (13.6&nbsp;kB)\",\"views\":\"2\",\"likes\":\"0\"},\"title\":\"080 Barcelona Spring-Summer 2017\",\"description\":\"<p>080 Barcelona Spring-Summer 2017<\\\/p>\",\"link\":null,\"link_target\":\"\",\"download\":\"https:\\\/\\\/bobvarela.com\\\/wp-content\\\/flagallery\\\/tcn-en-el-080-barcelona-fashion-primaveraverano-2017\\\/tcn_019.jpg\",\"ratio\":0.66666666666666662965923251249478198587894439697265625},{\"id\":\"24336\",\"image\":\"https:\\\/\\\/bobvarela.com\\\/wp-content\\\/flagallery\\\/tcn-en-el-080-barcelona-fashion-primaveraverano-2017\\\/webview\\\/tcn_020.jpg\",\"thumb\":\"https:\\\/\\\/bobvarela.com\\\/wp-content\\\/flagallery\\\/tcn-en-el-080-barcelona-fashion-primaveraverano-2017\\\/thumbs\\\/thumbs_tcn_020.jpg\",\"file\":\"tcn_020.jpg\",\"meta\":{\"aperture\":false,\"credit\":false,\"camera\":false,\"caption\":\"080 Barcelona Spring-Summer 2017\",\"created_timestamp\":\"June 27, 2016 8:40 pm\",\"copyright\":\"\\u00c2\\u00a9 2016 Estrop-Barcelona PHOTOGRAPH FOR FASHION EDITORIAL USE ONLY\",\"focal_length\":false,\"iso\":false,\"shutter_speed\":false,\"flash\":false,\"title\":\"080 Barcelona Spring-Summer 2017\",\"keywords\":\"080 Barcelona,Estrop-Barcelona,INEF,Spring-Summer 2017\",\"width\":1333,\"height\":2000,\"saved\":true,\"thumbnail\":{\"width\":220,\"height\":220,\"ewww_image_optimizer\":\"Reduced by 10.1% (3.3&nbsp;kB)\"},\"webview\":{\"0\":800,\"1\":1200,\"2\":2,\"3\":\"width=\\\"800\\\" height=\\\"1200\\\"\",\"bits\":8,\"channels\":3,\"mime\":\"image\\\/jpeg\",\"ewww_image_optimizer\":\"Reduced by 3.9% (3.9&nbsp;kB) - Previously Optimized\"},\"0\":false,\"ewww_image_optimizer\":\"Reduced by 7.9% (21.4&nbsp;kB)\",\"views\":\"1\",\"likes\":\"0\"},\"title\":\"080 Barcelona Spring-Summer 2017\",\"description\":\"<p>080 Barcelona Spring-Summer 2017<\\\/p>\",\"link\":null,\"link_target\":\"\",\"download\":\"https:\\\/\\\/bobvarela.com\\\/wp-content\\\/flagallery\\\/tcn-en-el-080-barcelona-fashion-primaveraverano-2017\\\/tcn_020.jpg\",\"ratio\":0.66666666666666662965923251249478198587894439697265625},{\"id\":\"24337\",\"image\":\"https:\\\/\\\/bobvarela.com\\\/wp-content\\\/flagallery\\\/tcn-en-el-080-barcelona-fashion-primaveraverano-2017\\\/webview\\\/tcn_021.jpg\",\"thumb\":\"https:\\\/\\\/bobvarela.com\\\/wp-content\\\/flagallery\\\/tcn-en-el-080-barcelona-fashion-primaveraverano-2017\\\/thumbs\\\/thumbs_tcn_021.jpg\",\"file\":\"tcn_021.jpg\",\"meta\":{\"aperture\":false,\"credit\":false,\"camera\":false,\"caption\":\"080 Barcelona Spring-Summer 2017\",\"created_timestamp\":\"June 27, 2016 8:40 pm\",\"copyright\":\"\\u00c2\\u00a9 2016 Estrop-Barcelona PHOTOGRAPH FOR FASHION EDITORIAL USE ONLY\",\"focal_length\":false,\"iso\":false,\"shutter_speed\":false,\"flash\":false,\"title\":\"080 Barcelona Spring-Summer 2017\",\"keywords\":\"080 Barcelona,Estrop-Barcelona,INEF,Spring-Summer 2017\",\"width\":1333,\"height\":2000,\"saved\":true,\"thumbnail\":{\"width\":220,\"height\":220,\"ewww_image_optimizer\":\"Reduced by 10.4% (3.8&nbsp;kB)\"},\"webview\":{\"0\":800,\"1\":1200,\"2\":2,\"3\":\"width=\\\"800\\\" height=\\\"1200\\\"\",\"bits\":8,\"channels\":3,\"mime\":\"image\\\/jpeg\",\"ewww_image_optimizer\":\"Reduced by 3.9% (4.9&nbsp;kB) - Previously Optimized\"},\"0\":false,\"ewww_image_optimizer\":\"Reduced by 5.7% (13.8&nbsp;kB)\",\"views\":\"1\",\"likes\":\"0\"},\"title\":\"080 Barcelona Spring-Summer 2017\",\"description\":\"<p>080 Barcelona Spring-Summer 2017<\\\/p>\",\"link\":null,\"link_target\":\"\",\"download\":\"https:\\\/\\\/bobvarela.com\\\/wp-content\\\/flagallery\\\/tcn-en-el-080-barcelona-fashion-primaveraverano-2017\\\/tcn_021.jpg\",\"ratio\":0.66666666666666662965923251249478198587894439697265625},{\"id\":\"24338\",\"image\":\"https:\\\/\\\/bobvarela.com\\\/wp-content\\\/flagallery\\\/tcn-en-el-080-barcelona-fashion-primaveraverano-2017\\\/webview\\\/tcn_022.jpg\",\"thumb\":\"https:\\\/\\\/bobvarela.com\\\/wp-content\\\/flagallery\\\/tcn-en-el-080-barcelona-fashion-primaveraverano-2017\\\/thumbs\\\/thumbs_tcn_022.jpg\",\"file\":\"tcn_022.jpg\",\"meta\":{\"aperture\":false,\"credit\":false,\"camera\":false,\"caption\":\"080 Barcelona Spring-Summer 2017\",\"created_timestamp\":\"June 27, 2016 8:40 pm\",\"copyright\":\"\\u00c2\\u00a9 2016 Estrop-Barcelona PHOTOGRAPH FOR FASHION EDITORIAL USE ONLY\",\"focal_length\":false,\"iso\":false,\"shutter_speed\":false,\"flash\":false,\"title\":\"080 Barcelona Spring-Summer 2017\",\"keywords\":\"080 Barcelona,Estrop-Barcelona,INEF,Spring-Summer 2017\",\"width\":1333,\"height\":2000,\"saved\":true,\"thumbnail\":{\"width\":220,\"height\":220,\"ewww_image_optimizer\":\"Reduced by 10.4% (3.4&nbsp;kB)\"},\"webview\":{\"0\":800,\"1\":1200,\"2\":2,\"3\":\"width=\\\"800\\\" height=\\\"1200\\\"\",\"bits\":8,\"channels\":3,\"mime\":\"image\\\/jpeg\",\"ewww_image_optimizer\":\"Reduced by 4.1% (4.1&nbsp;kB) - Previously Optimized\"},\"0\":false,\"ewww_image_optimizer\":\"Reduced by 8.6% (22.5&nbsp;kB)\",\"views\":\"3\",\"likes\":\"0\"},\"title\":\"080 Barcelona Spring-Summer 2017\",\"description\":\"<p>080 Barcelona Spring-Summer 2017<\\\/p>\",\"link\":null,\"link_target\":\"\",\"download\":\"https:\\\/\\\/bobvarela.com\\\/wp-content\\\/flagallery\\\/tcn-en-el-080-barcelona-fashion-primaveraverano-2017\\\/tcn_022.jpg\",\"ratio\":0.66666666666666662965923251249478198587894439697265625},{\"id\":\"24339\",\"image\":\"https:\\\/\\\/bobvarela.com\\\/wp-content\\\/flagallery\\\/tcn-en-el-080-barcelona-fashion-primaveraverano-2017\\\/webview\\\/tcn_023.jpg\",\"thumb\":\"https:\\\/\\\/bobvarela.com\\\/wp-content\\\/flagallery\\\/tcn-en-el-080-barcelona-fashion-primaveraverano-2017\\\/thumbs\\\/thumbs_tcn_023.jpg\",\"file\":\"tcn_023.jpg\",\"meta\":{\"aperture\":false,\"credit\":false,\"camera\":false,\"caption\":\"080 Barcelona Spring-Summer 2017\",\"created_timestamp\":\"June 27, 2016 8:40 pm\",\"copyright\":\"\\u00c2\\u00a9 2016 Estrop-Barcelona PHOTOGRAPH FOR FASHION EDITORIAL USE ONLY\",\"focal_length\":false,\"iso\":false,\"shutter_speed\":false,\"flash\":false,\"title\":\"080 Barcelona Spring-Summer 2017\",\"keywords\":\"080 Barcelona,Estrop-Barcelona,INEF,Spring-Summer 2017\",\"width\":1333,\"height\":2000,\"saved\":true,\"thumbnail\":{\"width\":220,\"height\":220,\"ewww_image_optimizer\":\"Reduced by 10.0% (3.3&nbsp;kB)\"},\"webview\":{\"0\":800,\"1\":1200,\"2\":2,\"3\":\"width=\\\"800\\\" height=\\\"1200\\\"\",\"bits\":8,\"channels\":3,\"mime\":\"image\\\/jpeg\",\"ewww_image_optimizer\":\"Reduced by 4.4% (4.9&nbsp;kB) - Previously Optimized\"},\"0\":false,\"ewww_image_optimizer\":\"Reduced by 8.2% (24.3&nbsp;kB)\",\"views\":\"3\",\"likes\":\"0\"},\"title\":\"080 Barcelona Spring-Summer 2017\",\"description\":\"<p>080 Barcelona Spring-Summer 2017<\\\/p>\",\"link\":null,\"link_target\":\"\",\"download\":\"https:\\\/\\\/bobvarela.com\\\/wp-content\\\/flagallery\\\/tcn-en-el-080-barcelona-fashion-primaveraverano-2017\\\/tcn_023.jpg\",\"ratio\":0.66666666666666662965923251249478198587894439697265625},{\"id\":\"24340\",\"image\":\"https:\\\/\\\/bobvarela.com\\\/wp-content\\\/flagallery\\\/tcn-en-el-080-barcelona-fashion-primaveraverano-2017\\\/webview\\\/tcn_024.jpg\",\"thumb\":\"https:\\\/\\\/bobvarela.com\\\/wp-content\\\/flagallery\\\/tcn-en-el-080-barcelona-fashion-primaveraverano-2017\\\/thumbs\\\/thumbs_tcn_024.jpg\",\"file\":\"tcn_024.jpg\",\"meta\":{\"aperture\":false,\"credit\":false,\"camera\":false,\"caption\":\"080 Barcelona Spring-Summer 2017\",\"created_timestamp\":\"June 27, 2016 8:40 pm\",\"copyright\":\"\\u00c2\\u00a9 2016 Estrop-Barcelona PHOTOGRAPH FOR FASHION EDITORIAL USE ONLY\",\"focal_length\":false,\"iso\":false,\"shutter_speed\":false,\"flash\":false,\"title\":\"080 Barcelona Spring-Summer 2017\",\"keywords\":\"080 Barcelona,Estrop-Barcelona,INEF,Spring-Summer 2017\",\"width\":1333,\"height\":2000,\"saved\":true,\"thumbnail\":{\"width\":220,\"height\":220,\"ewww_image_optimizer\":\"Reduced by 10.5% (3.2&nbsp;kB)\"},\"webview\":{\"0\":800,\"1\":1200,\"2\":2,\"3\":\"width=\\\"800\\\" height=\\\"1200\\\"\",\"bits\":8,\"channels\":3,\"mime\":\"image\\\/jpeg\",\"ewww_image_optimizer\":\"Reduced by 4.3% (3.8&nbsp;kB) - Previously Optimized\"},\"0\":false,\"ewww_image_optimizer\":\"Reduced by 10.0% (23.4&nbsp;kB)\",\"views\":\"4\",\"likes\":\"0\"},\"title\":\"080 Barcelona Spring-Summer 2017\",\"description\":\"<p>080 Barcelona Spring-Summer 2017<\\\/p>\",\"link\":null,\"link_target\":\"\",\"download\":\"https:\\\/\\\/bobvarela.com\\\/wp-content\\\/flagallery\\\/tcn-en-el-080-barcelona-fashion-primaveraverano-2017\\\/tcn_024.jpg\",\"ratio\":0.66666666666666662965923251249478198587894439697265625},{\"id\":\"24341\",\"image\":\"https:\\\/\\\/bobvarela.com\\\/wp-content\\\/flagallery\\\/tcn-en-el-080-barcelona-fashion-primaveraverano-2017\\\/webview\\\/tcn_025.jpg\",\"thumb\":\"https:\\\/\\\/bobvarela.com\\\/wp-content\\\/flagallery\\\/tcn-en-el-080-barcelona-fashion-primaveraverano-2017\\\/thumbs\\\/thumbs_tcn_025.jpg\",\"file\":\"tcn_025.jpg\",\"meta\":{\"aperture\":false,\"credit\":false,\"camera\":false,\"caption\":\"080 Barcelona Spring-Summer 2017\",\"created_timestamp\":\"June 27, 2016 8:40 pm\",\"copyright\":\"\\u00c2\\u00a9 2016 Estrop-Barcelona PHOTOGRAPH FOR FASHION EDITORIAL USE ONLY\",\"focal_length\":false,\"iso\":false,\"shutter_speed\":false,\"flash\":false,\"title\":\"080 Barcelona Spring-Summer 2017\",\"keywords\":\"080 Barcelona,Estrop-Barcelona,INEF,Spring-Summer 2017\",\"width\":1333,\"height\":2000,\"saved\":true,\"thumbnail\":{\"width\":220,\"height\":220,\"ewww_image_optimizer\":\"Reduced by 11.5% (4.0&nbsp;kB)\"},\"webview\":{\"0\":800,\"1\":1200,\"2\":2,\"3\":\"width=\\\"800\\\" height=\\\"1200\\\"\",\"bits\":8,\"channels\":3,\"mime\":\"image\\\/jpeg\",\"ewww_image_optimizer\":\"Reduced by 3.8% (4.5&nbsp;kB) - Previously Optimized\"},\"0\":false,\"ewww_image_optimizer\":\"Reduced by 6.9% (20.7&nbsp;kB)\",\"views\":\"3\",\"likes\":\"0\"},\"title\":\"080 Barcelona Spring-Summer 2017\",\"description\":\"<p>080 Barcelona Spring-Summer 2017<\\\/p>\",\"link\":null,\"link_target\":\"\",\"download\":\"https:\\\/\\\/bobvarela.com\\\/wp-content\\\/flagallery\\\/tcn-en-el-080-barcelona-fashion-primaveraverano-2017\\\/tcn_025.jpg\",\"ratio\":0.66666666666666662965923251249478198587894439697265625},{\"id\":\"24342\",\"image\":\"https:\\\/\\\/bobvarela.com\\\/wp-content\\\/flagallery\\\/tcn-en-el-080-barcelona-fashion-primaveraverano-2017\\\/webview\\\/tcn_026.jpg\",\"thumb\":\"https:\\\/\\\/bobvarela.com\\\/wp-content\\\/flagallery\\\/tcn-en-el-080-barcelona-fashion-primaveraverano-2017\\\/thumbs\\\/thumbs_tcn_026.jpg\",\"file\":\"tcn_026.jpg\",\"meta\":{\"aperture\":false,\"credit\":false,\"camera\":false,\"caption\":\"080 Barcelona Spring-Summer 2017\",\"created_timestamp\":\"June 27, 2016 8:41 pm\",\"copyright\":\"\\u00c2\\u00a9 2016 Estrop-Barcelona PHOTOGRAPH FOR FASHION EDITORIAL USE ONLY\",\"focal_length\":false,\"iso\":false,\"shutter_speed\":false,\"flash\":false,\"title\":\"080 Barcelona Spring-Summer 2017\",\"keywords\":\"080 Barcelona,Estrop-Barcelona,INEF,Spring-Summer 2017\",\"width\":1333,\"height\":2000,\"saved\":true,\"thumbnail\":{\"width\":220,\"height\":220,\"ewww_image_optimizer\":\"Reduced by 10.0% (3.4&nbsp;kB)\"},\"webview\":{\"0\":800,\"1\":1200,\"2\":2,\"3\":\"width=\\\"800\\\" height=\\\"1200\\\"\",\"bits\":8,\"channels\":3,\"mime\":\"image\\\/jpeg\",\"ewww_image_optimizer\":\"Reduced by 3.5% (3.9&nbsp;kB) - Previously Optimized\"},\"0\":false,\"ewww_image_optimizer\":\"Reduced by 7.2% (20.4&nbsp;kB)\",\"views\":\"3\",\"likes\":\"0\"},\"title\":\"080 Barcelona Spring-Summer 2017\",\"description\":\"<p>080 Barcelona Spring-Summer 2017<\\\/p>\",\"link\":null,\"link_target\":\"\",\"download\":\"https:\\\/\\\/bobvarela.com\\\/wp-content\\\/flagallery\\\/tcn-en-el-080-barcelona-fashion-primaveraverano-2017\\\/tcn_026.jpg\",\"ratio\":0.66666666666666662965923251249478198587894439697265625},{\"id\":\"24343\",\"image\":\"https:\\\/\\\/bobvarela.com\\\/wp-content\\\/flagallery\\\/tcn-en-el-080-barcelona-fashion-primaveraverano-2017\\\/webview\\\/tcn_027.jpg\",\"thumb\":\"https:\\\/\\\/bobvarela.com\\\/wp-content\\\/flagallery\\\/tcn-en-el-080-barcelona-fashion-primaveraverano-2017\\\/thumbs\\\/thumbs_tcn_027.jpg\",\"file\":\"tcn_027.jpg\",\"meta\":{\"aperture\":false,\"credit\":false,\"camera\":false,\"caption\":\"080 Barcelona Spring-Summer 2017\",\"created_timestamp\":\"June 27, 2016 8:41 pm\",\"copyright\":\"\\u00c2\\u00a9 2016 Estrop-Barcelona PHOTOGRAPH FOR FASHION EDITORIAL USE ONLY\",\"focal_length\":false,\"iso\":false,\"shutter_speed\":false,\"flash\":false,\"title\":\"080 Barcelona Spring-Summer 2017\",\"keywords\":\"080 Barcelona,Estrop-Barcelona,INEF,Spring-Summer 2017\",\"width\":1333,\"height\":2000,\"saved\":true,\"thumbnail\":{\"width\":220,\"height\":220,\"ewww_image_optimizer\":\"Reduced by 10.2% (3.8&nbsp;kB)\"},\"webview\":{\"0\":800,\"1\":1200,\"2\":2,\"3\":\"width=\\\"800\\\" height=\\\"1200\\\"\",\"bits\":8,\"channels\":3,\"mime\":\"image\\\/jpeg\",\"ewww_image_optimizer\":\"Reduced by 4.0% (5.3&nbsp;kB) - Previously Optimized\"},\"0\":false,\"ewww_image_optimizer\":\"Reduced by 6.8% (18.1&nbsp;kB)\",\"views\":\"3\",\"likes\":\"0\"},\"title\":\"080 Barcelona Spring-Summer 2017\",\"description\":\"<p>080 Barcelona Spring-Summer 2017<\\\/p>\",\"link\":null,\"link_target\":\"\",\"download\":\"https:\\\/\\\/bobvarela.com\\\/wp-content\\\/flagallery\\\/tcn-en-el-080-barcelona-fashion-primaveraverano-2017\\\/tcn_027.jpg\",\"ratio\":0.66666666666666662965923251249478198587894439697265625},{\"id\":\"24344\",\"image\":\"https:\\\/\\\/bobvarela.com\\\/wp-content\\\/flagallery\\\/tcn-en-el-080-barcelona-fashion-primaveraverano-2017\\\/webview\\\/tcn_028.jpg\",\"thumb\":\"https:\\\/\\\/bobvarela.com\\\/wp-content\\\/flagallery\\\/tcn-en-el-080-barcelona-fashion-primaveraverano-2017\\\/thumbs\\\/thumbs_tcn_028.jpg\",\"file\":\"tcn_028.jpg\",\"meta\":{\"aperture\":false,\"credit\":false,\"camera\":false,\"caption\":\"080 Barcelona Spring-Summer 2017\",\"created_timestamp\":\"June 27, 2016 8:41 pm\",\"copyright\":\"\\u00c2\\u00a9 2016 Estrop-Barcelona PHOTOGRAPH FOR FASHION EDITORIAL USE ONLY\",\"focal_length\":false,\"iso\":false,\"shutter_speed\":false,\"flash\":false,\"title\":\"080 Barcelona Spring-Summer 2017\",\"keywords\":\"080 Barcelona,Estrop-Barcelona,INEF,Spring-Summer 2017\",\"width\":1333,\"height\":2000,\"saved\":true,\"thumbnail\":{\"width\":220,\"height\":220,\"ewww_image_optimizer\":\"Reduced by 9.9% (3.1&nbsp;kB)\"},\"webview\":{\"0\":800,\"1\":1200,\"2\":2,\"3\":\"width=\\\"800\\\" height=\\\"1200\\\"\",\"bits\":8,\"channels\":3,\"mime\":\"image\\\/jpeg\",\"ewww_image_optimizer\":\"Reduced by 3.7% (3.6&nbsp;kB) - Previously Optimized\"},\"0\":false,\"ewww_image_optimizer\":\"Reduced by 9.1% (22.4&nbsp;kB)\",\"views\":\"3\",\"likes\":\"0\"},\"title\":\"080 Barcelona Spring-Summer 2017\",\"description\":\"<p>080 Barcelona Spring-Summer 2017<\\\/p>\",\"link\":null,\"link_target\":\"\",\"download\":\"https:\\\/\\\/bobvarela.com\\\/wp-content\\\/flagallery\\\/tcn-en-el-080-barcelona-fashion-primaveraverano-2017\\\/tcn_028.jpg\",\"ratio\":0.66666666666666662965923251249478198587894439697265625},{\"id\":\"24345\",\"image\":\"https:\\\/\\\/bobvarela.com\\\/wp-content\\\/flagallery\\\/tcn-en-el-080-barcelona-fashion-primaveraverano-2017\\\/webview\\\/tcn_029.jpg\",\"thumb\":\"https:\\\/\\\/bobvarela.com\\\/wp-content\\\/flagallery\\\/tcn-en-el-080-barcelona-fashion-primaveraverano-2017\\\/thumbs\\\/thumbs_tcn_029.jpg\",\"file\":\"tcn_029.jpg\",\"meta\":{\"aperture\":false,\"credit\":false,\"camera\":false,\"caption\":\"080 Barcelona Spring-Summer 2017\",\"created_timestamp\":\"June 27, 2016 8:41 pm\",\"copyright\":\"\\u00c2\\u00a9 2016 Estrop-Barcelona PHOTOGRAPH FOR FASHION EDITORIAL USE ONLY\",\"focal_length\":false,\"iso\":false,\"shutter_speed\":false,\"flash\":false,\"title\":\"080 Barcelona Spring-Summer 2017\",\"keywords\":\"080 Barcelona,Estrop-Barcelona,INEF,Spring-Summer 2017\",\"width\":1333,\"height\":2000,\"saved\":true,\"thumbnail\":{\"width\":220,\"height\":220,\"ewww_image_optimizer\":\"Reduced by 9.0% (3.0&nbsp;kB)\"},\"webview\":{\"0\":800,\"1\":1200,\"2\":2,\"3\":\"width=\\\"800\\\" height=\\\"1200\\\"\",\"bits\":8,\"channels\":3,\"mime\":\"image\\\/jpeg\",\"ewww_image_optimizer\":\"Reduced by 3.7% (4.3&nbsp;kB) - Previously Optimized\"},\"0\":false,\"ewww_image_optimizer\":\"Reduced by 12.1% (27.7&nbsp;kB)\",\"views\":\"3\",\"likes\":\"0\"},\"title\":\"080 Barcelona Spring-Summer 2017\",\"description\":\"<p>080 Barcelona Spring-Summer 2017<\\\/p>\",\"link\":null,\"link_target\":\"\",\"download\":\"https:\\\/\\\/bobvarela.com\\\/wp-content\\\/flagallery\\\/tcn-en-el-080-barcelona-fashion-primaveraverano-2017\\\/tcn_029.jpg\",\"ratio\":0.66666666666666662965923251249478198587894439697265625},{\"id\":\"24346\",\"image\":\"https:\\\/\\\/bobvarela.com\\\/wp-content\\\/flagallery\\\/tcn-en-el-080-barcelona-fashion-primaveraverano-2017\\\/webview\\\/tcn_030.jpg\",\"thumb\":\"https:\\\/\\\/bobvarela.com\\\/wp-content\\\/flagallery\\\/tcn-en-el-080-barcelona-fashion-primaveraverano-2017\\\/thumbs\\\/thumbs_tcn_030.jpg\",\"file\":\"tcn_030.jpg\",\"meta\":{\"aperture\":false,\"credit\":false,\"camera\":false,\"caption\":\"080 Barcelona Spring-Summer 2017\",\"created_timestamp\":\"June 27, 2016 8:41 pm\",\"copyright\":\"\\u00c2\\u00a9 2016 Estrop-Barcelona PHOTOGRAPH FOR FASHION EDITORIAL USE ONLY\",\"focal_length\":false,\"iso\":false,\"shutter_speed\":false,\"flash\":false,\"title\":\"080 Barcelona Spring-Summer 2017\",\"keywords\":\"080 Barcelona,Estrop-Barcelona,INEF,Spring-Summer 2017\",\"width\":1333,\"height\":2000,\"saved\":true,\"thumbnail\":{\"width\":220,\"height\":220,\"ewww_image_optimizer\":\"Reduced by 9.1% (3.0&nbsp;kB)\"},\"webview\":{\"0\":800,\"1\":1200,\"2\":2,\"3\":\"width=\\\"800\\\" height=\\\"1200\\\"\",\"bits\":8,\"channels\":3,\"mime\":\"image\\\/jpeg\",\"ewww_image_optimizer\":\"Reduced by 5.0% (5.9&nbsp;kB) - Previously Optimized\"},\"0\":false,\"ewww_image_optimizer\":\"Reduced by 14.6% (33.5&nbsp;kB)\",\"views\":\"5\",\"likes\":\"0\"},\"title\":\"080 Barcelona Spring-Summer 2017\",\"description\":\"<p>080 Barcelona Spring-Summer 2017<\\\/p>\",\"link\":null,\"link_target\":\"\",\"download\":\"https:\\\/\\\/bobvarela.com\\\/wp-content\\\/flagallery\\\/tcn-en-el-080-barcelona-fashion-primaveraverano-2017\\\/tcn_030.jpg\",\"ratio\":0.66666666666666662965923251249478198587894439697265625},{\"id\":\"24347\",\"image\":\"https:\\\/\\\/bobvarela.com\\\/wp-content\\\/flagallery\\\/tcn-en-el-080-barcelona-fashion-primaveraverano-2017\\\/webview\\\/tcn_031.jpg\",\"thumb\":\"https:\\\/\\\/bobvarela.com\\\/wp-content\\\/flagallery\\\/tcn-en-el-080-barcelona-fashion-primaveraverano-2017\\\/thumbs\\\/thumbs_tcn_031.jpg\",\"file\":\"tcn_031.jpg\",\"meta\":{\"aperture\":false,\"credit\":false,\"camera\":false,\"caption\":\"080 Barcelona Spring-Summer 2017\",\"created_timestamp\":\"June 27, 2016 8:41 pm\",\"copyright\":\"\\u00c2\\u00a9 2016 Estrop-Barcelona PHOTOGRAPH FOR FASHION EDITORIAL USE ONLY\",\"focal_length\":false,\"iso\":false,\"shutter_speed\":false,\"flash\":false,\"title\":\"080 Barcelona Spring-Summer 2017\",\"keywords\":\"080 Barcelona,Estrop-Barcelona,INEF,Spring-Summer 2017\",\"width\":1333,\"height\":2000,\"saved\":true,\"thumbnail\":{\"width\":220,\"height\":220,\"ewww_image_optimizer\":\"Reduced by 10.4% (3.8&nbsp;kB)\"},\"webview\":{\"0\":800,\"1\":1200,\"2\":2,\"3\":\"width=\\\"800\\\" height=\\\"1200\\\"\",\"bits\":8,\"channels\":3,\"mime\":\"image\\\/jpeg\",\"ewww_image_optimizer\":\"Reduced by 4.1% (5.3&nbsp;kB) - Previously Optimized\"},\"0\":false,\"ewww_image_optimizer\":\"Reduced by 11.8% (31.7&nbsp;kB)\",\"views\":\"4\",\"likes\":\"0\"},\"title\":\"080 Barcelona Spring-Summer 2017\",\"description\":\"<p>080 Barcelona Spring-Summer 2017<\\\/p>\",\"link\":null,\"link_target\":\"\",\"download\":\"https:\\\/\\\/bobvarela.com\\\/wp-content\\\/flagallery\\\/tcn-en-el-080-barcelona-fashion-primaveraverano-2017\\\/tcn_031.jpg\",\"ratio\":0.66666666666666662965923251249478198587894439697265625},{\"id\":\"24348\",\"image\":\"https:\\\/\\\/bobvarela.com\\\/wp-content\\\/flagallery\\\/tcn-en-el-080-barcelona-fashion-primaveraverano-2017\\\/webview\\\/tcn_032.jpg\",\"thumb\":\"https:\\\/\\\/bobvarela.com\\\/wp-content\\\/flagallery\\\/tcn-en-el-080-barcelona-fashion-primaveraverano-2017\\\/thumbs\\\/thumbs_tcn_032.jpg\",\"file\":\"tcn_032.jpg\",\"meta\":{\"aperture\":false,\"credit\":false,\"camera\":false,\"caption\":\"080 Barcelona Spring-Summer 2017\",\"created_timestamp\":\"June 27, 2016 8:41 pm\",\"copyright\":\"\\u00c2\\u00a9 2016 Estrop-Barcelona PHOTOGRAPH FOR FASHION EDITORIAL USE ONLY\",\"focal_length\":false,\"iso\":false,\"shutter_speed\":false,\"flash\":false,\"title\":\"080 Barcelona Spring-Summer 2017\",\"keywords\":\"080 Barcelona,Estrop-Barcelona,INEF,Spring-Summer 2017\",\"width\":1333,\"height\":2000,\"saved\":true,\"thumbnail\":{\"width\":220,\"height\":220,\"ewww_image_optimizer\":\"Reduced by 11.9% (4.2&nbsp;kB)\"},\"webview\":{\"0\":800,\"1\":1200,\"2\":2,\"3\":\"width=\\\"800\\\" height=\\\"1200\\\"\",\"bits\":8,\"channels\":3,\"mime\":\"image\\\/jpeg\",\"ewww_image_optimizer\":\"Reduced by 3.9% (4.8&nbsp;kB) - Previously Optimized\"},\"0\":false,\"ewww_image_optimizer\":\"Reduced by 11.4% (28.8&nbsp;kB)\",\"views\":\"3\",\"likes\":\"0\"},\"title\":\"080 Barcelona Spring-Summer 2017\",\"description\":\"<p>080 Barcelona Spring-Summer 2017<\\\/p>\",\"link\":null,\"link_target\":\"\",\"download\":\"https:\\\/\\\/bobvarela.com\\\/wp-content\\\/flagallery\\\/tcn-en-el-080-barcelona-fashion-primaveraverano-2017\\\/tcn_032.jpg\",\"ratio\":0.66666666666666662965923251249478198587894439697265625},{\"id\":\"24349\",\"image\":\"https:\\\/\\\/bobvarela.com\\\/wp-content\\\/flagallery\\\/tcn-en-el-080-barcelona-fashion-primaveraverano-2017\\\/webview\\\/tcn_033.jpg\",\"thumb\":\"https:\\\/\\\/bobvarela.com\\\/wp-content\\\/flagallery\\\/tcn-en-el-080-barcelona-fashion-primaveraverano-2017\\\/thumbs\\\/thumbs_tcn_033.jpg\",\"file\":\"tcn_033.jpg\",\"meta\":{\"aperture\":false,\"credit\":false,\"camera\":false,\"caption\":\"080 Barcelona Spring-Summer 2017\",\"created_timestamp\":\"June 27, 2016 8:41 pm\",\"copyright\":\"\\u00c2\\u00a9 2016 Estrop-Barcelona PHOTOGRAPH FOR FASHION EDITORIAL USE ONLY\",\"focal_length\":false,\"iso\":false,\"shutter_speed\":false,\"flash\":false,\"title\":\"080 Barcelona Spring-Summer 2017\",\"keywords\":\"080 Barcelona,Estrop-Barcelona,INEF,Spring-Summer 2017\",\"width\":1333,\"height\":2000,\"saved\":true,\"thumbnail\":{\"width\":220,\"height\":220,\"ewww_image_optimizer\":\"Reduced by 13.7% (6.0&nbsp;kB)\"},\"webview\":{\"0\":800,\"1\":1200,\"2\":2,\"3\":\"width=\\\"800\\\" height=\\\"1200\\\"\",\"bits\":8,\"channels\":3,\"mime\":\"image\\\/jpeg\",\"ewww_image_optimizer\":\"Reduced by 4.4% (7.5&nbsp;kB) - Previously Optimized\"},\"0\":false,\"ewww_image_optimizer\":\"Reduced by 9.6% (25.2&nbsp;kB)\",\"views\":\"3\",\"likes\":\"0\"},\"title\":\"080 Barcelona Spring-Summer 2017\",\"description\":\"<p>080 Barcelona Spring-Summer 2017<\\\/p>\",\"link\":null,\"link_target\":\"\",\"download\":\"https:\\\/\\\/bobvarela.com\\\/wp-content\\\/flagallery\\\/tcn-en-el-080-barcelona-fashion-primaveraverano-2017\\\/tcn_033.jpg\",\"ratio\":0.66666666666666662965923251249478198587894439697265625},{\"id\":\"24350\",\"image\":\"https:\\\/\\\/bobvarela.com\\\/wp-content\\\/flagallery\\\/tcn-en-el-080-barcelona-fashion-primaveraverano-2017\\\/webview\\\/tcn_034.jpg\",\"thumb\":\"https:\\\/\\\/bobvarela.com\\\/wp-content\\\/flagallery\\\/tcn-en-el-080-barcelona-fashion-primaveraverano-2017\\\/thumbs\\\/thumbs_tcn_034.jpg\",\"file\":\"tcn_034.jpg\",\"meta\":{\"aperture\":false,\"credit\":false,\"camera\":false,\"caption\":\"080 Barcelona Spring-Summer 2017\",\"created_timestamp\":\"June 27, 2016 8:41 pm\",\"copyright\":\"\\u00c2\\u00a9 2016 Estrop-Barcelona PHOTOGRAPH FOR FASHION EDITORIAL USE ONLY\",\"focal_length\":false,\"iso\":false,\"shutter_speed\":false,\"flash\":false,\"title\":\"080 Barcelona Spring-Summer 2017\",\"keywords\":\"080 Barcelona,Estrop-Barcelona,INEF,Spring-Summer 2017\",\"width\":1333,\"height\":2000,\"saved\":true,\"thumbnail\":{\"width\":220,\"height\":220,\"ewww_image_optimizer\":\"Reduced by 13.8% (7.5&nbsp;kB)\"},\"webview\":{\"0\":800,\"1\":1200,\"2\":2,\"3\":\"width=\\\"800\\\" height=\\\"1200\\\"\",\"bits\":8,\"channels\":3,\"mime\":\"image\\\/jpeg\",\"ewww_image_optimizer\":\"Reduced by 5.2% (12.9&nbsp;kB) - Previously Optimized\"},\"0\":false,\"ewww_image_optimizer\":\"Reduced by 19.9% (58.2&nbsp;kB)\",\"views\":\"2\",\"likes\":\"0\"},\"title\":\"080 Barcelona Spring-Summer 2017\",\"description\":\"<p>080 Barcelona Spring-Summer 2017<\\\/p>\",\"link\":null,\"link_target\":\"\",\"download\":\"https:\\\/\\\/bobvarela.com\\\/wp-content\\\/flagallery\\\/tcn-en-el-080-barcelona-fashion-primaveraverano-2017\\\/tcn_034.jpg\",\"ratio\":0.66666666666666662965923251249478198587894439697265625},{\"id\":\"24351\",\"image\":\"https:\\\/\\\/bobvarela.com\\\/wp-content\\\/flagallery\\\/tcn-en-el-080-barcelona-fashion-primaveraverano-2017\\\/webview\\\/tcn_035.jpg\",\"thumb\":\"https:\\\/\\\/bobvarela.com\\\/wp-content\\\/flagallery\\\/tcn-en-el-080-barcelona-fashion-primaveraverano-2017\\\/thumbs\\\/thumbs_tcn_035.jpg\",\"file\":\"tcn_035.jpg\",\"meta\":{\"aperture\":false,\"credit\":false,\"camera\":false,\"caption\":\"080 Barcelona Spring-Summer 2017\",\"created_timestamp\":\"June 27, 2016 8:41 pm\",\"copyright\":\"\\u00c2\\u00a9 2016 Estrop-Barcelona PHOTOGRAPH FOR FASHION EDITORIAL USE ONLY\",\"focal_length\":false,\"iso\":false,\"shutter_speed\":false,\"flash\":false,\"title\":\"080 Barcelona Spring-Summer 2017\",\"keywords\":\"080 Barcelona,Estrop-Barcelona,INEF,Spring-Summer 2017\",\"width\":1333,\"height\":2000,\"saved\":true,\"thumbnail\":{\"width\":220,\"height\":220,\"ewww_image_optimizer\":\"Reduced by 10.6% (3.3&nbsp;kB)\"},\"webview\":{\"0\":800,\"1\":1200,\"2\":2,\"3\":\"width=\\\"800\\\" height=\\\"1200\\\"\",\"bits\":8,\"channels\":3,\"mime\":\"image\\\/jpeg\",\"ewww_image_optimizer\":\"Reduced by 3.7% (3.5&nbsp;kB) - Previously Optimized\"},\"0\":false,\"ewww_image_optimizer\":\"Reduced by 8.6% (21.2&nbsp;kB)\",\"views\":\"3\",\"likes\":\"0\"},\"title\":\"080 Barcelona Spring-Summer 2017\",\"description\":\"<p>080 Barcelona Spring-Summer 2017<\\\/p>\",\"link\":null,\"link_target\":\"\",\"download\":\"https:\\\/\\\/bobvarela.com\\\/wp-content\\\/flagallery\\\/tcn-en-el-080-barcelona-fashion-primaveraverano-2017\\\/tcn_035.jpg\",\"ratio\":0.66666666666666662965923251249478198587894439697265625},{\"id\":\"24352\",\"image\":\"https:\\\/\\\/bobvarela.com\\\/wp-content\\\/flagallery\\\/tcn-en-el-080-barcelona-fashion-primaveraverano-2017\\\/webview\\\/tcn_036.jpg\",\"thumb\":\"https:\\\/\\\/bobvarela.com\\\/wp-content\\\/flagallery\\\/tcn-en-el-080-barcelona-fashion-primaveraverano-2017\\\/thumbs\\\/thumbs_tcn_036.jpg\",\"file\":\"tcn_036.jpg\",\"meta\":{\"aperture\":false,\"credit\":false,\"camera\":false,\"caption\":\"080 Barcelona Spring-Summer 2017\",\"created_timestamp\":\"June 27, 2016 8:41 pm\",\"copyright\":\"\\u00c2\\u00a9 2016 Estrop-Barcelona PHOTOGRAPH FOR FASHION EDITORIAL USE ONLY\",\"focal_length\":false,\"iso\":false,\"shutter_speed\":false,\"flash\":false,\"title\":\"080 Barcelona Spring-Summer 2017\",\"keywords\":\"080 Barcelona,Estrop-Barcelona,INEF,Spring-Summer 2017\",\"width\":1333,\"height\":2000,\"saved\":true,\"thumbnail\":{\"width\":220,\"height\":220,\"ewww_image_optimizer\":\"Reduced by 10.9% (3.9&nbsp;kB)\"},\"webview\":{\"0\":800,\"1\":1200,\"2\":2,\"3\":\"width=\\\"800\\\" height=\\\"1200\\\"\",\"bits\":8,\"channels\":3,\"mime\":\"image\\\/jpeg\",\"ewww_image_optimizer\":\"Reduced by 3.6% (3.9&nbsp;kB) - Previously Optimized\"},\"0\":false,\"ewww_image_optimizer\":\"Reduced by 6.4% (18.2&nbsp;kB)\",\"views\":\"3\",\"likes\":\"0\"},\"title\":\"080 Barcelona Spring-Summer 2017\",\"description\":\"<p>080 Barcelona Spring-Summer 2017<\\\/p>\",\"link\":null,\"link_target\":\"\",\"download\":\"https:\\\/\\\/bobvarela.com\\\/wp-content\\\/flagallery\\\/tcn-en-el-080-barcelona-fashion-primaveraverano-2017\\\/tcn_036.jpg\",\"ratio\":0.66666666666666662965923251249478198587894439697265625},{\"id\":\"24353\",\"image\":\"https:\\\/\\\/bobvarela.com\\\/wp-content\\\/flagallery\\\/tcn-en-el-080-barcelona-fashion-primaveraverano-2017\\\/webview\\\/tcn_037.jpg\",\"thumb\":\"https:\\\/\\\/bobvarela.com\\\/wp-content\\\/flagallery\\\/tcn-en-el-080-barcelona-fashion-primaveraverano-2017\\\/thumbs\\\/thumbs_tcn_037.jpg\",\"file\":\"tcn_037.jpg\",\"meta\":{\"aperture\":false,\"credit\":false,\"camera\":false,\"caption\":\"080 Barcelona Spring-Summer 2017\",\"created_timestamp\":\"June 27, 2016 8:41 pm\",\"copyright\":\"\\u00c2\\u00a9 2016 Estrop-Barcelona PHOTOGRAPH FOR FASHION EDITORIAL USE ONLY\",\"focal_length\":false,\"iso\":false,\"shutter_speed\":false,\"flash\":false,\"title\":\"080 Barcelona Spring-Summer 2017\",\"keywords\":\"080 Barcelona,Estrop-Barcelona,INEF,Spring-Summer 2017\",\"width\":1333,\"height\":2000,\"saved\":true,\"thumbnail\":{\"width\":220,\"height\":220,\"ewww_image_optimizer\":\"Reduced by 8.8% (3.2&nbsp;kB)\"},\"webview\":{\"0\":800,\"1\":1200,\"2\":2,\"3\":\"width=\\\"800\\\" height=\\\"1200\\\"\",\"bits\":8,\"channels\":3,\"mime\":\"image\\\/jpeg\",\"ewww_image_optimizer\":\"Reduced by 4.4% (5.8&nbsp;kB) - Previously Optimized\"},\"0\":false,\"ewww_image_optimizer\":\"Reduced by 6.8% (17.0&nbsp;kB)\",\"views\":\"2\",\"likes\":\"0\"},\"title\":\"080 Barcelona Spring-Summer 2017\",\"description\":\"<p>080 Barcelona Spring-Summer 2017<\\\/p>\",\"link\":null,\"link_target\":\"\",\"download\":\"https:\\\/\\\/bobvarela.com\\\/wp-content\\\/flagallery\\\/tcn-en-el-080-barcelona-fashion-primaveraverano-2017\\\/tcn_037.jpg\",\"ratio\":0.66666666666666662965923251249478198587894439697265625},{\"id\":\"24354\",\"image\":\"https:\\\/\\\/bobvarela.com\\\/wp-content\\\/flagallery\\\/tcn-en-el-080-barcelona-fashion-primaveraverano-2017\\\/webview\\\/tcn_038.jpg\",\"thumb\":\"https:\\\/\\\/bobvarela.com\\\/wp-content\\\/flagallery\\\/tcn-en-el-080-barcelona-fashion-primaveraverano-2017\\\/thumbs\\\/thumbs_tcn_038.jpg\",\"file\":\"tcn_038.jpg\",\"meta\":{\"aperture\":false,\"credit\":false,\"camera\":false,\"caption\":\"080 Barcelona Spring-Summer 2017\",\"created_timestamp\":\"June 27, 2016 8:42 pm\",\"copyright\":\"\\u00c2\\u00a9 2016 Estrop-Barcelona PHOTOGRAPH FOR FASHION EDITORIAL USE ONLY\",\"focal_length\":false,\"iso\":false,\"shutter_speed\":false,\"flash\":false,\"title\":\"080 Barcelona Spring-Summer 2017\",\"keywords\":\"080 Barcelona,Estrop-Barcelona,INEF,Spring-Summer 2017\",\"width\":1333,\"height\":2000,\"saved\":true,\"thumbnail\":{\"width\":220,\"height\":220,\"ewww_image_optimizer\":\"Reduced by 10.4% (3.4&nbsp;kB)\"},\"webview\":{\"0\":800,\"1\":1200,\"2\":2,\"3\":\"width=\\\"800\\\" height=\\\"1200\\\"\",\"bits\":8,\"channels\":3,\"mime\":\"image\\\/jpeg\",\"ewww_image_optimizer\":\"Reduced by 3.5% (3.5&nbsp;kB) - Previously Optimized\"},\"0\":false,\"ewww_image_optimizer\":\"Reduced by 8.8% (22.8&nbsp;kB)\",\"views\":\"4\",\"likes\":\"0\"},\"title\":\"080 Barcelona Spring-Summer 2017\",\"description\":\"<p>080 Barcelona Spring-Summer 2017<\\\/p>\",\"link\":null,\"link_target\":\"\",\"download\":\"https:\\\/\\\/bobvarela.com\\\/wp-content\\\/flagallery\\\/tcn-en-el-080-barcelona-fashion-primaveraverano-2017\\\/tcn_038.jpg\",\"ratio\":0.66666666666666662965923251249478198587894439697265625},{\"id\":\"24355\",\"image\":\"https:\\\/\\\/bobvarela.com\\\/wp-content\\\/flagallery\\\/tcn-en-el-080-barcelona-fashion-primaveraverano-2017\\\/webview\\\/tcn_039.jpg\",\"thumb\":\"https:\\\/\\\/bobvarela.com\\\/wp-content\\\/flagallery\\\/tcn-en-el-080-barcelona-fashion-primaveraverano-2017\\\/thumbs\\\/thumbs_tcn_039.jpg\",\"file\":\"tcn_039.jpg\",\"meta\":{\"aperture\":false,\"credit\":false,\"camera\":false,\"caption\":\"080 Barcelona Spring-Summer 2017\",\"created_timestamp\":\"June 27, 2016 8:42 pm\",\"copyright\":\"\\u00c2\\u00a9 2016 Estrop-Barcelona PHOTOGRAPH FOR FASHION EDITORIAL USE ONLY\",\"focal_length\":false,\"iso\":false,\"shutter_speed\":false,\"flash\":false,\"title\":\"080 Barcelona Spring-Summer 2017\",\"keywords\":\"080 Barcelona,Estrop-Barcelona,INEF,Spring-Summer 2017\",\"width\":1333,\"height\":2000,\"saved\":true,\"thumbnail\":{\"width\":220,\"height\":220,\"ewww_image_optimizer\":\"Reduced by 9.9% (3.3&nbsp;kB)\"},\"webview\":{\"0\":800,\"1\":1200,\"2\":2,\"3\":\"width=\\\"800\\\" height=\\\"1200\\\"\",\"bits\":8,\"channels\":3,\"mime\":\"image\\\/jpeg\",\"ewww_image_optimizer\":\"Reduced by 3.6% (4.0&nbsp;kB) - Previously Optimized\"},\"0\":false,\"ewww_image_optimizer\":\"Reduced by 7.4% (21.5&nbsp;kB)\",\"views\":\"4\",\"likes\":\"0\"},\"title\":\"080 Barcelona Spring-Summer 2017\",\"description\":\"<p>080 Barcelona Spring-Summer 2017<\\\/p>\",\"link\":null,\"link_target\":\"\",\"download\":\"https:\\\/\\\/bobvarela.com\\\/wp-content\\\/flagallery\\\/tcn-en-el-080-barcelona-fashion-primaveraverano-2017\\\/tcn_039.jpg\",\"ratio\":0.66666666666666662965923251249478198587894439697265625},{\"id\":\"24356\",\"image\":\"https:\\\/\\\/bobvarela.com\\\/wp-content\\\/flagallery\\\/tcn-en-el-080-barcelona-fashion-primaveraverano-2017\\\/webview\\\/tcn_040.jpg\",\"thumb\":\"https:\\\/\\\/bobvarela.com\\\/wp-content\\\/flagallery\\\/tcn-en-el-080-barcelona-fashion-primaveraverano-2017\\\/thumbs\\\/thumbs_tcn_040.jpg\",\"file\":\"tcn_040.jpg\",\"meta\":{\"aperture\":false,\"credit\":false,\"camera\":false,\"caption\":\"080 Barcelona Spring-Summer 2017\",\"created_timestamp\":\"June 27, 2016 8:42 pm\",\"copyright\":\"\\u00c2\\u00a9 2016 Estrop-Barcelona PHOTOGRAPH FOR FASHION EDITORIAL USE ONLY\",\"focal_length\":false,\"iso\":false,\"shutter_speed\":false,\"flash\":false,\"title\":\"080 Barcelona Spring-Summer 2017\",\"keywords\":\"080 Barcelona,Estrop-Barcelona,INEF,Spring-Summer 2017\",\"width\":1333,\"height\":2000,\"saved\":true,\"thumbnail\":{\"width\":220,\"height\":220,\"ewww_image_optimizer\":\"Reduced by 11.2% (3.5&nbsp;kB)\"},\"webview\":{\"0\":800,\"1\":1200,\"2\":2,\"3\":\"width=\\\"800\\\" height=\\\"1200\\\"\",\"bits\":8,\"channels\":3,\"mime\":\"image\\\/jpeg\",\"ewww_image_optimizer\":\"Reduced by 4.2% (4.3&nbsp;kB) - Previously Optimized\"},\"0\":false,\"ewww_image_optimizer\":\"Reduced by 9.0% (23.5&nbsp;kB)\",\"views\":\"2\",\"likes\":\"0\"},\"title\":\"080 Barcelona Spring-Summer 2017\",\"description\":\"<p>080 Barcelona Spring-Summer 2017<\\\/p>\",\"link\":null,\"link_target\":\"\",\"download\":\"https:\\\/\\\/bobvarela.com\\\/wp-content\\\/flagallery\\\/tcn-en-el-080-barcelona-fashion-primaveraverano-2017\\\/tcn_040.jpg\",\"ratio\":0.66666666666666662965923251249478198587894439697265625},{\"id\":\"24357\",\"image\":\"https:\\\/\\\/bobvarela.com\\\/wp-content\\\/flagallery\\\/tcn-en-el-080-barcelona-fashion-primaveraverano-2017\\\/webview\\\/tcn_041.jpg\",\"thumb\":\"https:\\\/\\\/bobvarela.com\\\/wp-content\\\/flagallery\\\/tcn-en-el-080-barcelona-fashion-primaveraverano-2017\\\/thumbs\\\/thumbs_tcn_041.jpg\",\"file\":\"tcn_041.jpg\",\"meta\":{\"aperture\":false,\"credit\":false,\"camera\":false,\"caption\":\"080 Barcelona Spring-Summer 2017\",\"created_timestamp\":\"June 27, 2016 8:42 pm\",\"copyright\":\"\\u00c2\\u00a9 2016 Estrop-Barcelona PHOTOGRAPH FOR FASHION EDITORIAL USE ONLY\",\"focal_length\":false,\"iso\":false,\"shutter_speed\":false,\"flash\":false,\"title\":\"080 Barcelona Spring-Summer 2017\",\"keywords\":\"080 Barcelona,Estrop-Barcelona,INEF,Spring-Summer 2017\",\"width\":1333,\"height\":2000,\"saved\":true,\"thumbnail\":{\"width\":220,\"height\":220,\"ewww_image_optimizer\":\"Reduced by 11.5% (4.4&nbsp;kB)\"},\"webview\":{\"0\":800,\"1\":1200,\"2\":2,\"3\":\"width=\\\"800\\\" height=\\\"1200\\\"\",\"bits\":8,\"channels\":3,\"mime\":\"image\\\/jpeg\",\"ewww_image_optimizer\":\"Reduced by 4.2% (5.7&nbsp;kB) - Previously Optimized\"},\"0\":false,\"ewww_image_optimizer\":\"Reduced by 6.1% (14.9&nbsp;kB)\",\"views\":\"3\",\"likes\":\"0\"},\"title\":\"080 Barcelona Spring-Summer 2017\",\"description\":\"<p>080 Barcelona Spring-Summer 2017<\\\/p>\",\"link\":null,\"link_target\":\"\",\"download\":\"https:\\\/\\\/bobvarela.com\\\/wp-content\\\/flagallery\\\/tcn-en-el-080-barcelona-fashion-primaveraverano-2017\\\/tcn_041.jpg\",\"ratio\":0.66666666666666662965923251249478198587894439697265625},{\"id\":\"24358\",\"image\":\"https:\\\/\\\/bobvarela.com\\\/wp-content\\\/flagallery\\\/tcn-en-el-080-barcelona-fashion-primaveraverano-2017\\\/webview\\\/tcn_042.jpg\",\"thumb\":\"https:\\\/\\\/bobvarela.com\\\/wp-content\\\/flagallery\\\/tcn-en-el-080-barcelona-fashion-primaveraverano-2017\\\/thumbs\\\/thumbs_tcn_042.jpg\",\"file\":\"tcn_042.jpg\",\"meta\":{\"aperture\":false,\"credit\":false,\"camera\":false,\"caption\":\"080 Barcelona Spring-Summer 2017\",\"created_timestamp\":\"June 27, 2016 8:42 pm\",\"copyright\":\"\\u00c2\\u00a9 2016 Estrop-Barcelona PHOTOGRAPH FOR FASHION EDITORIAL USE ONLY\",\"focal_length\":false,\"iso\":false,\"shutter_speed\":false,\"flash\":false,\"title\":\"080 Barcelona Spring-Summer 2017\",\"keywords\":\"080 Barcelona,Estrop-Barcelona,INEF,Spring-Summer 2017\",\"width\":1333,\"height\":2000,\"saved\":true,\"thumbnail\":{\"width\":220,\"height\":220,\"ewww_image_optimizer\":\"Reduced by 9.3% (2.7&nbsp;kB)\"},\"webview\":{\"0\":800,\"1\":1200,\"2\":2,\"3\":\"width=\\\"800\\\" height=\\\"1200\\\"\",\"bits\":8,\"channels\":3,\"mime\":\"image\\\/jpeg\",\"ewww_image_optimizer\":\"Reduced by 4.1% (3.8&nbsp;kB) - Previously Optimized\"},\"0\":false,\"ewww_image_optimizer\":\"Reduced by 10.0% (24.3&nbsp;kB)\",\"views\":\"3\",\"likes\":\"0\"},\"title\":\"080 Barcelona Spring-Summer 2017\",\"description\":\"<p>080 Barcelona Spring-Summer 2017<\\\/p>\",\"link\":null,\"link_target\":\"\",\"download\":\"https:\\\/\\\/bobvarela.com\\\/wp-content\\\/flagallery\\\/tcn-en-el-080-barcelona-fashion-primaveraverano-2017\\\/tcn_042.jpg\",\"ratio\":0.66666666666666662965923251249478198587894439697265625},{\"id\":\"24359\",\"image\":\"https:\\\/\\\/bobvarela.com\\\/wp-content\\\/flagallery\\\/tcn-en-el-080-barcelona-fashion-primaveraverano-2017\\\/webview\\\/tcn_043.jpg\",\"thumb\":\"https:\\\/\\\/bobvarela.com\\\/wp-content\\\/flagallery\\\/tcn-en-el-080-barcelona-fashion-primaveraverano-2017\\\/thumbs\\\/thumbs_tcn_043.jpg\",\"file\":\"tcn_043.jpg\",\"meta\":{\"aperture\":false,\"credit\":false,\"camera\":false,\"caption\":\"080 Barcelona Spring-Summer 2017\",\"created_timestamp\":\"June 27, 2016 8:42 pm\",\"copyright\":\"\\u00c2\\u00a9 2016 Estrop-Barcelona PHOTOGRAPH FOR FASHION EDITORIAL USE ONLY\",\"focal_length\":false,\"iso\":false,\"shutter_speed\":false,\"flash\":false,\"title\":\"080 Barcelona Spring-Summer 2017\",\"keywords\":\"080 Barcelona,Estrop-Barcelona,INEF,Spring-Summer 2017\",\"width\":1333,\"height\":2000,\"saved\":true,\"thumbnail\":{\"width\":220,\"height\":220,\"ewww_image_optimizer\":\"Reduced by 8.2% (2.5&nbsp;kB)\"},\"webview\":{\"0\":800,\"1\":1200,\"2\":2,\"3\":\"width=\\\"800\\\" height=\\\"1200\\\"\",\"bits\":8,\"channels\":3,\"mime\":\"image\\\/jpeg\",\"ewww_image_optimizer\":\"Reduced by 3.0% (3.0&nbsp;kB) - Previously Optimized\"},\"0\":false,\"ewww_image_optimizer\":\"Reduced by 8.3% (21.9&nbsp;kB)\",\"views\":\"3\",\"likes\":\"0\"},\"title\":\"080 Barcelona Spring-Summer 2017\",\"description\":\"<p>080 Barcelona Spring-Summer 2017<\\\/p>\",\"link\":null,\"link_target\":\"\",\"download\":\"https:\\\/\\\/bobvarela.com\\\/wp-content\\\/flagallery\\\/tcn-en-el-080-barcelona-fashion-primaveraverano-2017\\\/tcn_043.jpg\",\"ratio\":0.66666666666666662965923251249478198587894439697265625},{\"id\":\"24360\",\"image\":\"https:\\\/\\\/bobvarela.com\\\/wp-content\\\/flagallery\\\/tcn-en-el-080-barcelona-fashion-primaveraverano-2017\\\/webview\\\/tcn_044.jpg\",\"thumb\":\"https:\\\/\\\/bobvarela.com\\\/wp-content\\\/flagallery\\\/tcn-en-el-080-barcelona-fashion-primaveraverano-2017\\\/thumbs\\\/thumbs_tcn_044.jpg\",\"file\":\"tcn_044.jpg\",\"meta\":{\"aperture\":false,\"credit\":false,\"camera\":false,\"caption\":\"080 Barcelona Spring-Summer 2017\",\"created_timestamp\":\"June 27, 2016 8:42 pm\",\"copyright\":\"\\u00c2\\u00a9 2016 Estrop-Barcelona PHOTOGRAPH FOR FASHION EDITORIAL USE ONLY\",\"focal_length\":false,\"iso\":false,\"shutter_speed\":false,\"flash\":false,\"title\":\"080 Barcelona Spring-Summer 2017\",\"keywords\":\"080 Barcelona,Estrop-Barcelona,INEF,Spring-Summer 2017\",\"width\":1333,\"height\":2000,\"saved\":true,\"thumbnail\":{\"width\":220,\"height\":220,\"ewww_image_optimizer\":\"Reduced by 10.9% (3.9&nbsp;kB)\"},\"webview\":{\"0\":800,\"1\":1200,\"2\":2,\"3\":\"width=\\\"800\\\" height=\\\"1200\\\"\",\"bits\":8,\"channels\":3,\"mime\":\"image\\\/jpeg\",\"ewww_image_optimizer\":\"Reduced by 4.4% (5.7&nbsp;kB) - Previously Optimized\"},\"0\":false,\"ewww_image_optimizer\":\"Reduced by 7.0% (17.5&nbsp;kB)\",\"views\":\"2\",\"likes\":\"0\"},\"title\":\"080 Barcelona Spring-Summer 2017\",\"description\":\"<p>080 Barcelona Spring-Summer 2017<\\\/p>\",\"link\":null,\"link_target\":\"\",\"download\":\"https:\\\/\\\/bobvarela.com\\\/wp-content\\\/flagallery\\\/tcn-en-el-080-barcelona-fashion-primaveraverano-2017\\\/tcn_044.jpg\",\"ratio\":0.66666666666666662965923251249478198587894439697265625},{\"id\":\"24361\",\"image\":\"https:\\\/\\\/bobvarela.com\\\/wp-content\\\/flagallery\\\/tcn-en-el-080-barcelona-fashion-primaveraverano-2017\\\/webview\\\/tcn_045.jpg\",\"thumb\":\"https:\\\/\\\/bobvarela.com\\\/wp-content\\\/flagallery\\\/tcn-en-el-080-barcelona-fashion-primaveraverano-2017\\\/thumbs\\\/thumbs_tcn_045.jpg\",\"file\":\"tcn_045.jpg\",\"meta\":{\"aperture\":false,\"credit\":false,\"camera\":false,\"caption\":\"080 Barcelona Spring-Summer 2017\",\"created_timestamp\":\"June 27, 2016 8:42 pm\",\"copyright\":\"\\u00c2\\u00a9 2016 Estrop-Barcelona PHOTOGRAPH FOR FASHION EDITORIAL USE ONLY\",\"focal_length\":false,\"iso\":false,\"shutter_speed\":false,\"flash\":false,\"title\":\"080 Barcelona Spring-Summer 2017\",\"keywords\":\"080 Barcelona,Estrop-Barcelona,INEF,Spring-Summer 2017\",\"width\":1333,\"height\":2000,\"saved\":true,\"thumbnail\":{\"width\":220,\"height\":220,\"ewww_image_optimizer\":\"Reduced by 9.4% (3.5&nbsp;kB)\"},\"webview\":{\"0\":800,\"1\":1200,\"2\":2,\"3\":\"width=\\\"800\\\" height=\\\"1200\\\"\",\"bits\":8,\"channels\":3,\"mime\":\"image\\\/jpeg\",\"ewww_image_optimizer\":\"Reduced by 4.1% (6.6&nbsp;kB) - Previously Optimized\"},\"0\":false,\"ewww_image_optimizer\":\"Reduced by 7.8% (21.8&nbsp;kB)\",\"views\":\"3\",\"likes\":\"0\"},\"title\":\"080 Barcelona Spring-Summer 2017\",\"description\":\"<p>080 Barcelona Spring-Summer 2017<\\\/p>\",\"link\":null,\"link_target\":\"\",\"download\":\"https:\\\/\\\/bobvarela.com\\\/wp-content\\\/flagallery\\\/tcn-en-el-080-barcelona-fashion-primaveraverano-2017\\\/tcn_045.jpg\",\"ratio\":0.66666666666666662965923251249478198587894439697265625},{\"id\":\"24362\",\"image\":\"https:\\\/\\\/bobvarela.com\\\/wp-content\\\/flagallery\\\/tcn-en-el-080-barcelona-fashion-primaveraverano-2017\\\/webview\\\/tcn_046.jpg\",\"thumb\":\"https:\\\/\\\/bobvarela.com\\\/wp-content\\\/flagallery\\\/tcn-en-el-080-barcelona-fashion-primaveraverano-2017\\\/thumbs\\\/thumbs_tcn_046.jpg\",\"file\":\"tcn_046.jpg\",\"meta\":{\"aperture\":false,\"credit\":false,\"camera\":false,\"caption\":\"080 Barcelona Spring-Summer 2017\",\"created_timestamp\":\"June 27, 2016 8:42 pm\",\"copyright\":\"\\u00c2\\u00a9 2016 Estrop-Barcelona PHOTOGRAPH FOR FASHION EDITORIAL USE ONLY\",\"focal_length\":false,\"iso\":false,\"shutter_speed\":false,\"flash\":false,\"title\":\"080 Barcelona Spring-Summer 2017\",\"keywords\":\"080 Barcelona,Estrop-Barcelona,INEF,Spring-Summer 2017\",\"width\":1333,\"height\":2000,\"saved\":true,\"thumbnail\":{\"width\":220,\"height\":220,\"ewww_image_optimizer\":\"Reduced by 12.6% (5.3&nbsp;kB)\"},\"webview\":{\"0\":800,\"1\":1200,\"2\":2,\"3\":\"width=\\\"800\\\" height=\\\"1200\\\"\",\"bits\":8,\"channels\":3,\"mime\":\"image\\\/jpeg\",\"ewww_image_optimizer\":\"Reduced by 4.8% (9.1&nbsp;kB) - Previously Optimized\"},\"0\":false,\"ewww_image_optimizer\":\"Reduced by 11.8% (29.9&nbsp;kB)\",\"views\":\"2\",\"likes\":\"0\"},\"title\":\"080 Barcelona Spring-Summer 2017\",\"description\":\"<p>080 Barcelona Spring-Summer 2017<\\\/p>\",\"link\":null,\"link_target\":\"\",\"download\":\"https:\\\/\\\/bobvarela.com\\\/wp-content\\\/flagallery\\\/tcn-en-el-080-barcelona-fashion-primaveraverano-2017\\\/tcn_046.jpg\",\"ratio\":0.66666666666666662965923251249478198587894439697265625},{\"id\":\"24363\",\"image\":\"https:\\\/\\\/bobvarela.com\\\/wp-content\\\/flagallery\\\/tcn-en-el-080-barcelona-fashion-primaveraverano-2017\\\/webview\\\/tcn_047.jpg\",\"thumb\":\"https:\\\/\\\/bobvarela.com\\\/wp-content\\\/flagallery\\\/tcn-en-el-080-barcelona-fashion-primaveraverano-2017\\\/thumbs\\\/thumbs_tcn_047.jpg\",\"file\":\"tcn_047.jpg\",\"meta\":{\"aperture\":false,\"credit\":false,\"camera\":false,\"caption\":\"080 Barcelona Spring-Summer 2017\",\"created_timestamp\":\"June 27, 2016 8:42 pm\",\"copyright\":\"\\u00c2\\u00a9 2016 Estrop-Barcelona PHOTOGRAPH FOR FASHION EDITORIAL USE ONLY\",\"focal_length\":false,\"iso\":false,\"shutter_speed\":false,\"flash\":false,\"title\":\"080 Barcelona Spring-Summer 2017\",\"keywords\":\"080 Barcelona,Estrop-Barcelona,INEF,Spring-Summer 2017\",\"width\":1333,\"height\":2000,\"saved\":true,\"thumbnail\":{\"width\":220,\"height\":220,\"ewww_image_optimizer\":\"Reduced by 9.2% (3.5&nbsp;kB)\"},\"webview\":{\"0\":800,\"1\":1200,\"2\":2,\"3\":\"width=\\\"800\\\" height=\\\"1200\\\"\",\"bits\":8,\"channels\":3,\"mime\":\"image\\\/jpeg\",\"ewww_image_optimizer\":\"Reduced by 3.9% (5.9&nbsp;kB) - Previously Optimized\"},\"0\":false,\"ewww_image_optimizer\":\"Reduced by 7.4% (18.6&nbsp;kB)\",\"views\":\"3\",\"likes\":\"0\"},\"title\":\"080 Barcelona Spring-Summer 2017\",\"description\":\"<p>080 Barcelona Spring-Summer 2017<\\\/p>\",\"link\":null,\"link_target\":\"\",\"download\":\"https:\\\/\\\/bobvarela.com\\\/wp-content\\\/flagallery\\\/tcn-en-el-080-barcelona-fashion-primaveraverano-2017\\\/tcn_047.jpg\",\"ratio\":0.66666666666666662965923251249478198587894439697265625},{\"id\":\"24364\",\"image\":\"https:\\\/\\\/bobvarela.com\\\/wp-content\\\/flagallery\\\/tcn-en-el-080-barcelona-fashion-primaveraverano-2017\\\/webview\\\/tcn_048.jpg\",\"thumb\":\"https:\\\/\\\/bobvarela.com\\\/wp-content\\\/flagallery\\\/tcn-en-el-080-barcelona-fashion-primaveraverano-2017\\\/thumbs\\\/thumbs_tcn_048.jpg\",\"file\":\"tcn_048.jpg\",\"meta\":{\"aperture\":false,\"credit\":false,\"camera\":false,\"caption\":\"080 Barcelona Spring-Summer 2017\",\"created_timestamp\":\"June 27, 2016 8:42 pm\",\"copyright\":\"\\u00c2\\u00a9 2016 Estrop-Barcelona PHOTOGRAPH FOR FASHION EDITORIAL USE ONLY\",\"focal_length\":false,\"iso\":false,\"shutter_speed\":false,\"flash\":false,\"title\":\"080 Barcelona Spring-Summer 2017\",\"keywords\":\"080 Barcelona,Estrop-Barcelona,INEF,Spring-Summer 2017\",\"width\":1333,\"height\":2000,\"saved\":true,\"thumbnail\":{\"width\":220,\"height\":220,\"ewww_image_optimizer\":\"Reduced by 10.6% (3.3&nbsp;kB)\"},\"webview\":{\"0\":800,\"1\":1200,\"2\":2,\"3\":\"width=\\\"800\\\" height=\\\"1200\\\"\",\"bits\":8,\"channels\":3,\"mime\":\"image\\\/jpeg\",\"ewww_image_optimizer\":\"Reduced by 3.9% (3.4&nbsp;kB) - Previously Optimized\"},\"0\":false,\"ewww_image_optimizer\":\"Reduced by 6.8% (20.1&nbsp;kB)\",\"views\":\"2\",\"likes\":\"0\"},\"title\":\"080 Barcelona Spring-Summer 2017\",\"description\":\"<p>080 Barcelona Spring-Summer 2017<\\\/p>\",\"link\":null,\"link_target\":\"\",\"download\":\"https:\\\/\\\/bobvarela.com\\\/wp-content\\\/flagallery\\\/tcn-en-el-080-barcelona-fashion-primaveraverano-2017\\\/tcn_048.jpg\",\"ratio\":0.66666666666666662965923251249478198587894439697265625},{\"id\":\"24365\",\"image\":\"https:\\\/\\\/bobvarela.com\\\/wp-content\\\/flagallery\\\/tcn-en-el-080-barcelona-fashion-primaveraverano-2017\\\/webview\\\/tcn_049.jpg\",\"thumb\":\"https:\\\/\\\/bobvarela.com\\\/wp-content\\\/flagallery\\\/tcn-en-el-080-barcelona-fashion-primaveraverano-2017\\\/thumbs\\\/thumbs_tcn_049.jpg\",\"file\":\"tcn_049.jpg\",\"meta\":{\"aperture\":false,\"credit\":false,\"camera\":false,\"caption\":\"080 Barcelona Spring-Summer 2017\",\"created_timestamp\":\"June 27, 2016 8:43 pm\",\"copyright\":\"\\u00c2\\u00a9 2016 Estrop-Barcelona PHOTOGRAPH FOR FASHION EDITORIAL USE ONLY\",\"focal_length\":false,\"iso\":false,\"shutter_speed\":false,\"flash\":false,\"title\":\"080 Barcelona Spring-Summer 2017\",\"keywords\":\"080 Barcelona,Estrop-Barcelona,INEF,Spring-Summer 2017\",\"width\":1333,\"height\":2000,\"saved\":true,\"thumbnail\":{\"width\":220,\"height\":220,\"ewww_image_optimizer\":\"Reduced by 10.6% (3.5&nbsp;kB)\"},\"webview\":{\"0\":800,\"1\":1200,\"2\":2,\"3\":\"width=\\\"800\\\" height=\\\"1200\\\"\",\"bits\":8,\"channels\":3,\"mime\":\"image\\\/jpeg\",\"ewww_image_optimizer\":\"Reduced by 3.6% (3.6&nbsp;kB) - Previously Optimized\"},\"0\":false,\"ewww_image_optimizer\":\"Reduced by 7.6% (19.9&nbsp;kB)\",\"views\":\"2\",\"likes\":\"0\"},\"title\":\"080 Barcelona Spring-Summer 2017\",\"description\":\"<p>080 Barcelona Spring-Summer 2017<\\\/p>\",\"link\":null,\"link_target\":\"\",\"download\":\"https:\\\/\\\/bobvarela.com\\\/wp-content\\\/flagallery\\\/tcn-en-el-080-barcelona-fashion-primaveraverano-2017\\\/tcn_049.jpg\",\"ratio\":0.66666666666666662965923251249478198587894439697265625},{\"id\":\"24366\",\"image\":\"https:\\\/\\\/bobvarela.com\\\/wp-content\\\/flagallery\\\/tcn-en-el-080-barcelona-fashion-primaveraverano-2017\\\/webview\\\/tcn_050.jpg\",\"thumb\":\"https:\\\/\\\/bobvarela.com\\\/wp-content\\\/flagallery\\\/tcn-en-el-080-barcelona-fashion-primaveraverano-2017\\\/thumbs\\\/thumbs_tcn_050.jpg\",\"file\":\"tcn_050.jpg\",\"meta\":{\"aperture\":false,\"credit\":false,\"camera\":false,\"caption\":\"080 Barcelona Spring-Summer 2017\",\"created_timestamp\":\"June 27, 2016 8:43 pm\",\"copyright\":\"\\u00c2\\u00a9 2016 Estrop-Barcelona PHOTOGRAPH FOR FASHION EDITORIAL USE ONLY\",\"focal_length\":false,\"iso\":false,\"shutter_speed\":false,\"flash\":false,\"title\":\"080 Barcelona Spring-Summer 2017\",\"keywords\":\"080 Barcelona,Estrop-Barcelona,INEF,Spring-Summer 2017\",\"width\":1333,\"height\":2000,\"saved\":true,\"thumbnail\":{\"width\":220,\"height\":220,\"ewww_image_optimizer\":\"Reduced by 9.6% (3.4&nbsp;kB)\"},\"webview\":{\"0\":800,\"1\":1200,\"2\":2,\"3\":\"width=\\\"800\\\" height=\\\"1200\\\"\",\"bits\":8,\"channels\":3,\"mime\":\"image\\\/jpeg\",\"ewww_image_optimizer\":\"Reduced by 3.7% (4.4&nbsp;kB) - Previously Optimized\"},\"0\":false,\"ewww_image_optimizer\":\"Reduced by 11.9% (26.4&nbsp;kB)\",\"views\":\"4\",\"likes\":\"0\"},\"title\":\"080 Barcelona Spring-Summer 2017\",\"description\":\"<p>080 Barcelona Spring-Summer 2017<\\\/p>\",\"link\":null,\"link_target\":\"\",\"download\":\"https:\\\/\\\/bobvarela.com\\\/wp-content\\\/flagallery\\\/tcn-en-el-080-barcelona-fashion-primaveraverano-2017\\\/tcn_050.jpg\",\"ratio\":0.66666666666666662965923251249478198587894439697265625},{\"id\":\"24367\",\"image\":\"https:\\\/\\\/bobvarela.com\\\/wp-content\\\/flagallery\\\/tcn-en-el-080-barcelona-fashion-primaveraverano-2017\\\/webview\\\/tcn_051.jpg\",\"thumb\":\"https:\\\/\\\/bobvarela.com\\\/wp-content\\\/flagallery\\\/tcn-en-el-080-barcelona-fashion-primaveraverano-2017\\\/thumbs\\\/thumbs_tcn_051.jpg\",\"file\":\"tcn_051.jpg\",\"meta\":{\"aperture\":false,\"credit\":false,\"camera\":false,\"caption\":\"080 Barcelona Spring-Summer 2017\",\"created_timestamp\":\"June 27, 2016 8:43 pm\",\"copyright\":\"\\u00c2\\u00a9 2016 Estrop-Barcelona PHOTOGRAPH FOR FASHION EDITORIAL USE ONLY\",\"focal_length\":false,\"iso\":false,\"shutter_speed\":false,\"flash\":false,\"title\":\"080 Barcelona Spring-Summer 2017\",\"keywords\":\"080 Barcelona,Estrop-Barcelona,INEF,Spring-Summer 2017\",\"width\":1333,\"height\":2000,\"saved\":true,\"thumbnail\":{\"width\":220,\"height\":220,\"ewww_image_optimizer\":\"Reduced by 9.0% (3.0&nbsp;kB)\"},\"webview\":{\"0\":800,\"1\":1200,\"2\":2,\"3\":\"width=\\\"800\\\" height=\\\"1200\\\"\",\"bits\":8,\"channels\":3,\"mime\":\"image\\\/jpeg\",\"ewww_image_optimizer\":\"Reduced by 3.2% (4.0&nbsp;kB) - Previously Optimized\"},\"0\":false,\"ewww_image_optimizer\":\"Reduced by 12.5% (33.0&nbsp;kB)\",\"views\":\"3\",\"likes\":\"0\"},\"title\":\"080 Barcelona Spring-Summer 2017\",\"description\":\"<p>080 Barcelona Spring-Summer 2017<\\\/p>\",\"link\":null,\"link_target\":\"\",\"download\":\"https:\\\/\\\/bobvarela.com\\\/wp-content\\\/flagallery\\\/tcn-en-el-080-barcelona-fashion-primaveraverano-2017\\\/tcn_051.jpg\",\"ratio\":0.66666666666666662965923251249478198587894439697265625},{\"id\":\"24368\",\"image\":\"https:\\\/\\\/bobvarela.com\\\/wp-content\\\/flagallery\\\/tcn-en-el-080-barcelona-fashion-primaveraverano-2017\\\/webview\\\/tcn_052.jpg\",\"thumb\":\"https:\\\/\\\/bobvarela.com\\\/wp-content\\\/flagallery\\\/tcn-en-el-080-barcelona-fashion-primaveraverano-2017\\\/thumbs\\\/thumbs_tcn_052.jpg\",\"file\":\"tcn_052.jpg\",\"meta\":{\"aperture\":false,\"credit\":false,\"camera\":false,\"caption\":\"080 Barcelona Spring-Summer 2017\",\"created_timestamp\":\"June 27, 2016 8:43 pm\",\"copyright\":\"\\u00c2\\u00a9 2016 Estrop-Barcelona PHOTOGRAPH FOR FASHION EDITORIAL USE ONLY\",\"focal_length\":false,\"iso\":false,\"shutter_speed\":false,\"flash\":false,\"title\":\"080 Barcelona Spring-Summer 2017\",\"keywords\":\"080 Barcelona,Estrop-Barcelona,INEF,Spring-Summer 2017\",\"width\":1333,\"height\":2000,\"saved\":true,\"thumbnail\":{\"width\":220,\"height\":220,\"ewww_image_optimizer\":\"Reduced by 9.3% (3.3&nbsp;kB)\"},\"webview\":{\"0\":800,\"1\":1200,\"2\":2,\"3\":\"width=\\\"800\\\" height=\\\"1200\\\"\",\"bits\":8,\"channels\":3,\"mime\":\"image\\\/jpeg\",\"ewww_image_optimizer\":\"Reduced by 3.8% (5.5&nbsp;kB) - Previously Optimized\"},\"0\":false,\"ewww_image_optimizer\":\"Reduced by 8.0% (19.9&nbsp;kB)\",\"views\":\"4\",\"likes\":\"0\"},\"title\":\"080 Barcelona Spring-Summer 2017\",\"description\":\"<p>080 Barcelona Spring-Summer 2017<\\\/p>\",\"link\":null,\"link_target\":\"\",\"download\":\"https:\\\/\\\/bobvarela.com\\\/wp-content\\\/flagallery\\\/tcn-en-el-080-barcelona-fashion-primaveraverano-2017\\\/tcn_052.jpg\",\"ratio\":0.66666666666666662965923251249478198587894439697265625},{\"id\":\"24369\",\"image\":\"https:\\\/\\\/bobvarela.com\\\/wp-content\\\/flagallery\\\/tcn-en-el-080-barcelona-fashion-primaveraverano-2017\\\/webview\\\/tcn_053.jpg\",\"thumb\":\"https:\\\/\\\/bobvarela.com\\\/wp-content\\\/flagallery\\\/tcn-en-el-080-barcelona-fashion-primaveraverano-2017\\\/thumbs\\\/thumbs_tcn_053.jpg\",\"file\":\"tcn_053.jpg\",\"meta\":{\"aperture\":false,\"credit\":false,\"camera\":false,\"caption\":\"080 Barcelona Spring-Summer 2017\",\"created_timestamp\":\"June 27, 2016 8:43 pm\",\"copyright\":\"\\u00c2\\u00a9 2016 Estrop-Barcelona PHOTOGRAPH FOR FASHION EDITORIAL USE ONLY\",\"focal_length\":false,\"iso\":false,\"shutter_speed\":false,\"flash\":false,\"title\":\"080 Barcelona Spring-Summer 2017\",\"keywords\":\"080 Barcelona,Estrop-Barcelona,INEF,Spring-Summer 2017\",\"width\":1333,\"height\":2000,\"saved\":true,\"thumbnail\":{\"width\":220,\"height\":220,\"ewww_image_optimizer\":\"Reduced by 9.6% (2.9&nbsp;kB)\"},\"webview\":{\"0\":800,\"1\":1200,\"2\":2,\"3\":\"width=\\\"800\\\" height=\\\"1200\\\"\",\"bits\":8,\"channels\":3,\"mime\":\"image\\\/jpeg\",\"ewww_image_optimizer\":\"Reduced by 3.1% (2.8&nbsp;kB) - Previously Optimized\"},\"0\":false,\"ewww_image_optimizer\":\"Reduced by 10.0% (23.3&nbsp;kB)\",\"views\":\"3\",\"likes\":\"0\"},\"title\":\"080 Barcelona Spring-Summer 2017\",\"description\":\"<p>080 Barcelona Spring-Summer 2017<\\\/p>\",\"link\":null,\"link_target\":\"\",\"download\":\"https:\\\/\\\/bobvarela.com\\\/wp-content\\\/flagallery\\\/tcn-en-el-080-barcelona-fashion-primaveraverano-2017\\\/tcn_053.jpg\",\"ratio\":0.66666666666666662965923251249478198587894439697265625},{\"id\":\"24370\",\"image\":\"https:\\\/\\\/bobvarela.com\\\/wp-content\\\/flagallery\\\/tcn-en-el-080-barcelona-fashion-primaveraverano-2017\\\/webview\\\/tcn_054.jpg\",\"thumb\":\"https:\\\/\\\/bobvarela.com\\\/wp-content\\\/flagallery\\\/tcn-en-el-080-barcelona-fashion-primaveraverano-2017\\\/thumbs\\\/thumbs_tcn_054.jpg\",\"file\":\"tcn_054.jpg\",\"meta\":{\"aperture\":false,\"credit\":false,\"camera\":false,\"caption\":\"080 Barcelona Spring-Summer 2017\",\"created_timestamp\":\"June 27, 2016 8:43 pm\",\"copyright\":\"\\u00c2\\u00a9 2016 Estrop-Barcelona PHOTOGRAPH FOR FASHION EDITORIAL USE ONLY\",\"focal_length\":false,\"iso\":false,\"shutter_speed\":false,\"flash\":false,\"title\":\"080 Barcelona Spring-Summer 2017\",\"keywords\":\"080 Barcelona,Estrop-Barcelona,INEF,Spring-Summer 2017\",\"width\":1333,\"height\":2000,\"saved\":true,\"thumbnail\":{\"width\":220,\"height\":220,\"ewww_image_optimizer\":\"Reduced by 10.0% (3.2&nbsp;kB)\"},\"webview\":{\"0\":800,\"1\":1200,\"2\":2,\"3\":\"width=\\\"800\\\" height=\\\"1200\\\"\",\"bits\":8,\"channels\":3,\"mime\":\"image\\\/jpeg\",\"ewww_image_optimizer\":\"Reduced by 3.1% (2.8&nbsp;kB) - Previously Optimized\"},\"0\":false,\"ewww_image_optimizer\":\"Reduced by 9.0% (21.5&nbsp;kB)\",\"views\":\"3\",\"likes\":\"0\"},\"title\":\"080 Barcelona Spring-Summer 2017\",\"description\":\"<p>080 Barcelona Spring-Summer 2017<\\\/p>\",\"link\":null,\"link_target\":\"\",\"download\":\"https:\\\/\\\/bobvarela.com\\\/wp-content\\\/flagallery\\\/tcn-en-el-080-barcelona-fashion-primaveraverano-2017\\\/tcn_054.jpg\",\"ratio\":0.66666666666666662965923251249478198587894439697265625},{\"id\":\"24371\",\"image\":\"https:\\\/\\\/bobvarela.com\\\/wp-content\\\/flagallery\\\/tcn-en-el-080-barcelona-fashion-primaveraverano-2017\\\/webview\\\/tcn_055.jpg\",\"thumb\":\"https:\\\/\\\/bobvarela.com\\\/wp-content\\\/flagallery\\\/tcn-en-el-080-barcelona-fashion-primaveraverano-2017\\\/thumbs\\\/thumbs_tcn_055.jpg\",\"file\":\"tcn_055.jpg\",\"meta\":{\"aperture\":false,\"credit\":false,\"camera\":false,\"caption\":\"080 Barcelona Spring-Summer 2017\",\"created_timestamp\":\"June 27, 2016 8:43 pm\",\"copyright\":\"\\u00c2\\u00a9 2016 Estrop-Barcelona PHOTOGRAPH FOR FASHION EDITORIAL USE ONLY\",\"focal_length\":false,\"iso\":false,\"shutter_speed\":false,\"flash\":false,\"title\":\"080 Barcelona Spring-Summer 2017\",\"keywords\":\"080 Barcelona,Estrop-Barcelona,INEF,Spring-Summer 2017\",\"width\":1333,\"height\":2000,\"saved\":true,\"thumbnail\":{\"width\":220,\"height\":220,\"ewww_image_optimizer\":\"Reduced by 10.0% (3.2&nbsp;kB)\"},\"webview\":{\"0\":800,\"1\":1200,\"2\":2,\"3\":\"width=\\\"800\\\" height=\\\"1200\\\"\",\"bits\":8,\"channels\":3,\"mime\":\"image\\\/jpeg\",\"ewww_image_optimizer\":\"Reduced by 2.8% (3.0&nbsp;kB) - Previously Optimized\"},\"0\":false,\"ewww_image_optimizer\":\"Reduced by 7.6% (22.0&nbsp;kB)\",\"views\":\"3\",\"likes\":\"0\"},\"title\":\"080 Barcelona Spring-Summer 2017\",\"description\":\"<p>080 Barcelona Spring-Summer 2017<\\\/p>\",\"link\":null,\"link_target\":\"\",\"download\":\"https:\\\/\\\/bobvarela.com\\\/wp-content\\\/flagallery\\\/tcn-en-el-080-barcelona-fashion-primaveraverano-2017\\\/tcn_055.jpg\",\"ratio\":0.66666666666666662965923251249478198587894439697265625},{\"id\":\"24372\",\"image\":\"https:\\\/\\\/bobvarela.com\\\/wp-content\\\/flagallery\\\/tcn-en-el-080-barcelona-fashion-primaveraverano-2017\\\/webview\\\/tcn_056.jpg\",\"thumb\":\"https:\\\/\\\/bobvarela.com\\\/wp-content\\\/flagallery\\\/tcn-en-el-080-barcelona-fashion-primaveraverano-2017\\\/thumbs\\\/thumbs_tcn_056.jpg\",\"file\":\"tcn_056.jpg\",\"meta\":{\"aperture\":false,\"credit\":false,\"camera\":false,\"caption\":\"080 Barcelona Spring-Summer 2017\",\"created_timestamp\":\"June 27, 2016 8:43 pm\",\"copyright\":\"\\u00c2\\u00a9 2016 Estrop-Barcelona PHOTOGRAPH FOR FASHION EDITORIAL USE ONLY\",\"focal_length\":false,\"iso\":false,\"shutter_speed\":false,\"flash\":false,\"title\":\"080 Barcelona Spring-Summer 2017\",\"keywords\":\"080 Barcelona,Estrop-Barcelona,INEF,Spring-Summer 2017\",\"width\":1333,\"height\":2000,\"saved\":true,\"thumbnail\":{\"width\":220,\"height\":220,\"ewww_image_optimizer\":\"Reduced by 10.1% (2.8&nbsp;kB)\"},\"webview\":{\"0\":800,\"1\":1200,\"2\":2,\"3\":\"width=\\\"800\\\" height=\\\"1200\\\"\",\"bits\":8,\"channels\":3,\"mime\":\"image\\\/jpeg\",\"ewww_image_optimizer\":\"Reduced by 3.0% (2.8&nbsp;kB) - Previously Optimized\"},\"0\":false,\"ewww_image_optimizer\":\"Reduced by 9.0% (22.6&nbsp;kB)\",\"views\":\"2\",\"likes\":\"0\"},\"title\":\"080 Barcelona Spring-Summer 2017\",\"description\":\"<p>080 Barcelona Spring-Summer 2017<\\\/p>\",\"link\":null,\"link_target\":\"\",\"download\":\"https:\\\/\\\/bobvarela.com\\\/wp-content\\\/flagallery\\\/tcn-en-el-080-barcelona-fashion-primaveraverano-2017\\\/tcn_056.jpg\",\"ratio\":0.66666666666666662965923251249478198587894439697265625},{\"id\":\"24373\",\"image\":\"https:\\\/\\\/bobvarela.com\\\/wp-content\\\/flagallery\\\/tcn-en-el-080-barcelona-fashion-primaveraverano-2017\\\/webview\\\/tcn_057.jpg\",\"thumb\":\"https:\\\/\\\/bobvarela.com\\\/wp-content\\\/flagallery\\\/tcn-en-el-080-barcelona-fashion-primaveraverano-2017\\\/thumbs\\\/thumbs_tcn_057.jpg\",\"file\":\"tcn_057.jpg\",\"meta\":{\"aperture\":false,\"credit\":false,\"camera\":false,\"caption\":\"080 Barcelona Spring-Summer 2017\",\"created_timestamp\":\"June 27, 2016 8:43 pm\",\"copyright\":\"\\u00c2\\u00a9 2016 Estrop-Barcelona PHOTOGRAPH FOR FASHION EDITORIAL USE ONLY\",\"focal_length\":false,\"iso\":false,\"shutter_speed\":false,\"flash\":false,\"title\":\"080 Barcelona Spring-Summer 2017\",\"keywords\":\"080 Barcelona,Estrop-Barcelona,INEF,Spring-Summer 2017\",\"width\":1333,\"height\":2000,\"saved\":true,\"thumbnail\":{\"width\":220,\"height\":220,\"ewww_image_optimizer\":\"Reduced by 9.8% (2.9&nbsp;kB)\"},\"webview\":{\"0\":800,\"1\":1200,\"2\":2,\"3\":\"width=\\\"800\\\" height=\\\"1200\\\"\",\"bits\":8,\"channels\":3,\"mime\":\"image\\\/jpeg\",\"ewww_image_optimizer\":\"Reduced by 4.0% (3.3&nbsp;kB) - Previously Optimized\"},\"0\":false,\"ewww_image_optimizer\":\"Reduced by 6.7% (18.8&nbsp;kB)\",\"views\":\"2\",\"likes\":\"0\"},\"title\":\"080 Barcelona Spring-Summer 2017\",\"description\":\"<p>080 Barcelona Spring-Summer 2017<\\\/p>\",\"link\":null,\"link_target\":\"\",\"download\":\"https:\\\/\\\/bobvarela.com\\\/wp-content\\\/flagallery\\\/tcn-en-el-080-barcelona-fashion-primaveraverano-2017\\\/tcn_057.jpg\",\"ratio\":0.66666666666666662965923251249478198587894439697265625},{\"id\":\"24374\",\"image\":\"https:\\\/\\\/bobvarela.com\\\/wp-content\\\/flagallery\\\/tcn-en-el-080-barcelona-fashion-primaveraverano-2017\\\/webview\\\/tcn_058.jpg\",\"thumb\":\"https:\\\/\\\/bobvarela.com\\\/wp-content\\\/flagallery\\\/tcn-en-el-080-barcelona-fashion-primaveraverano-2017\\\/thumbs\\\/thumbs_tcn_058.jpg\",\"file\":\"tcn_058.jpg\",\"meta\":{\"aperture\":false,\"credit\":false,\"camera\":false,\"caption\":\"080 Barcelona Spring-Summer 2017\",\"created_timestamp\":\"June 27, 2016 8:43 pm\",\"copyright\":\"\\u00c2\\u00a9 2016 Estrop-Barcelona PHOTOGRAPH FOR FASHION EDITORIAL USE ONLY\",\"focal_length\":false,\"iso\":false,\"shutter_speed\":false,\"flash\":false,\"title\":\"080 Barcelona Spring-Summer 2017\",\"keywords\":\"080 Barcelona,Estrop-Barcelona,INEF,Spring-Summer 2017\",\"width\":1333,\"height\":2000,\"saved\":true,\"thumbnail\":{\"width\":220,\"height\":220,\"ewww_image_optimizer\":\"Reduced by 9.7% (3.0&nbsp;kB)\"},\"webview\":{\"0\":800,\"1\":1200,\"2\":2,\"3\":\"width=\\\"800\\\" height=\\\"1200\\\"\",\"bits\":8,\"channels\":3,\"mime\":\"image\\\/jpeg\",\"ewww_image_optimizer\":\"Reduced by 3.2% (3.2&nbsp;kB) - Previously Optimized\"},\"0\":false,\"ewww_image_optimizer\":\"Reduced by 7.9% (20.1&nbsp;kB)\",\"views\":\"2\",\"likes\":\"0\"},\"title\":\"080 Barcelona Spring-Summer 2017\",\"description\":\"<p>080 Barcelona Spring-Summer 2017<\\\/p>\",\"link\":null,\"link_target\":\"\",\"download\":\"https:\\\/\\\/bobvarela.com\\\/wp-content\\\/flagallery\\\/tcn-en-el-080-barcelona-fashion-primaveraverano-2017\\\/tcn_058.jpg\",\"ratio\":0.66666666666666662965923251249478198587894439697265625},{\"id\":\"24375\",\"image\":\"https:\\\/\\\/bobvarela.com\\\/wp-content\\\/flagallery\\\/tcn-en-el-080-barcelona-fashion-primaveraverano-2017\\\/webview\\\/tcn_059.jpg\",\"thumb\":\"https:\\\/\\\/bobvarela.com\\\/wp-content\\\/flagallery\\\/tcn-en-el-080-barcelona-fashion-primaveraverano-2017\\\/thumbs\\\/thumbs_tcn_059.jpg\",\"file\":\"tcn_059.jpg\",\"meta\":{\"aperture\":false,\"credit\":false,\"camera\":false,\"caption\":\"080 Barcelona Spring-Summer 2017\",\"created_timestamp\":\"June 27, 2016 8:43 pm\",\"copyright\":\"\\u00c2\\u00a9 2016 Estrop-Barcelona PHOTOGRAPH FOR FASHION EDITORIAL USE ONLY\",\"focal_length\":false,\"iso\":false,\"shutter_speed\":false,\"flash\":false,\"title\":\"080 Barcelona Spring-Summer 2017\",\"keywords\":\"080 Barcelona,Estrop-Barcelona,INEF,Spring-Summer 2017\",\"width\":1333,\"height\":2000,\"saved\":true,\"thumbnail\":{\"width\":220,\"height\":220,\"ewww_image_optimizer\":\"Reduced by 8.5% (2.7&nbsp;kB)\"},\"webview\":{\"0\":800,\"1\":1200,\"2\":2,\"3\":\"width=\\\"800\\\" height=\\\"1200\\\"\",\"bits\":8,\"channels\":3,\"mime\":\"image\\\/jpeg\",\"ewww_image_optimizer\":\"Reduced by 4.1% (4.3&nbsp;kB) - Previously Optimized\"},\"0\":false,\"ewww_image_optimizer\":\"Reduced by 9.0% (23.5&nbsp;kB)\",\"views\":\"3\",\"likes\":\"0\"},\"title\":\"080 Barcelona Spring-Summer 2017\",\"description\":\"<p>080 Barcelona Spring-Summer 2017<\\\/p>\",\"link\":null,\"link_target\":\"\",\"download\":\"https:\\\/\\\/bobvarela.com\\\/wp-content\\\/flagallery\\\/tcn-en-el-080-barcelona-fashion-primaveraverano-2017\\\/tcn_059.jpg\",\"ratio\":0.66666666666666662965923251249478198587894439697265625},{\"id\":\"24376\",\"image\":\"https:\\\/\\\/bobvarela.com\\\/wp-content\\\/flagallery\\\/tcn-en-el-080-barcelona-fashion-primaveraverano-2017\\\/webview\\\/tcn_060.jpg\",\"thumb\":\"https:\\\/\\\/bobvarela.com\\\/wp-content\\\/flagallery\\\/tcn-en-el-080-barcelona-fashion-primaveraverano-2017\\\/thumbs\\\/thumbs_tcn_060.jpg\",\"file\":\"tcn_060.jpg\",\"meta\":{\"aperture\":false,\"credit\":false,\"camera\":false,\"caption\":\"080 Barcelona Spring-Summer 2017\",\"created_timestamp\":\"June 27, 2016 8:43 pm\",\"copyright\":\"\\u00c2\\u00a9 2016 Estrop-Barcelona PHOTOGRAPH FOR FASHION EDITORIAL USE ONLY\",\"focal_length\":false,\"iso\":false,\"shutter_speed\":false,\"flash\":false,\"title\":\"080 Barcelona Spring-Summer 2017\",\"keywords\":\"080 Barcelona,Estrop-Barcelona,INEF,Spring-Summer 2017\",\"width\":1333,\"height\":2000,\"saved\":true,\"thumbnail\":{\"width\":220,\"height\":220,\"ewww_image_optimizer\":\"Reduced by 11.5% (3.7&nbsp;kB)\"},\"webview\":{\"0\":800,\"1\":1200,\"2\":2,\"3\":\"width=\\\"800\\\" height=\\\"1200\\\"\",\"bits\":8,\"channels\":3,\"mime\":\"image\\\/jpeg\",\"ewww_image_optimizer\":\"Reduced by 3.9% (3.9&nbsp;kB) - Previously Optimized\"},\"0\":false,\"ewww_image_optimizer\":\"Reduced by 9.0% (23.2&nbsp;kB)\",\"views\":\"3\",\"likes\":\"0\"},\"title\":\"080 Barcelona Spring-Summer 2017\",\"description\":\"<p>080 Barcelona Spring-Summer 2017<\\\/p>\",\"link\":null,\"link_target\":\"\",\"download\":\"https:\\\/\\\/bobvarela.com\\\/wp-content\\\/flagallery\\\/tcn-en-el-080-barcelona-fashion-primaveraverano-2017\\\/tcn_060.jpg\",\"ratio\":0.66666666666666662965923251249478198587894439697265625}]}; var container = $('#FlaGallery_sc1_338'); container.photomania(settings, content); window.FlaGallery_sc1_338 = container.data('photomania'); }); <\/script><\/div><noscript id=\"noscript_FlaGallery_sc1_338\"><img class=\"skip-lazy no-lazyload noLazy\" data-lazy-src=\"\" src =\"https:\/\/bobvarela.com\/wp-content\/flagallery\/tcn-en-el-080-barcelona-fashion-primaveraverano-2017\/tcn_001.jpg\" alt=\"080 Barcelona Spring-Summer 2017\" \/><img class=\"skip-lazy no-lazyload noLazy\" data-lazy-src=\"\" src =\"https:\/\/bobvarela.com\/wp-content\/flagallery\/tcn-en-el-080-barcelona-fashion-primaveraverano-2017\/tcn_002.jpg\" alt=\"080 Barcelona Spring-Summer 2017\" \/><img class=\"skip-lazy no-lazyload noLazy\" data-lazy-src=\"\" src =\"https:\/\/bobvarela.com\/wp-content\/flagallery\/tcn-en-el-080-barcelona-fashion-primaveraverano-2017\/tcn_003.jpg\" alt=\"080 Barcelona Spring-Summer 2017\" \/><img class=\"skip-lazy no-lazyload noLazy\" data-lazy-src=\"\" src =\"https:\/\/bobvarela.com\/wp-content\/flagallery\/tcn-en-el-080-barcelona-fashion-primaveraverano-2017\/tcn_004.jpg\" alt=\"080 Barcelona Spring-Summer 2017\" \/><img class=\"skip-lazy no-lazyload noLazy\" data-lazy-src=\"\" src =\"https:\/\/bobvarela.com\/wp-content\/flagallery\/tcn-en-el-080-barcelona-fashion-primaveraverano-2017\/tcn_005.jpg\" alt=\"080 Barcelona Spring-Summer 2017\" \/><img class=\"skip-lazy no-lazyload noLazy\" data-lazy-src=\"\" src =\"https:\/\/bobvarela.com\/wp-content\/flagallery\/tcn-en-el-080-barcelona-fashion-primaveraverano-2017\/tcn_006.jpg\" alt=\"080 Barcelona Spring-Summer 2017\" \/><img class=\"skip-lazy no-lazyload noLazy\" data-lazy-src=\"\" src =\"https:\/\/bobvarela.com\/wp-content\/flagallery\/tcn-en-el-080-barcelona-fashion-primaveraverano-2017\/tcn_007.jpg\" alt=\"080 Barcelona Spring-Summer 2017\" \/><img class=\"skip-lazy no-lazyload noLazy\" data-lazy-src=\"\" src =\"https:\/\/bobvarela.com\/wp-content\/flagallery\/tcn-en-el-080-barcelona-fashion-primaveraverano-2017\/tcn_008.jpg\" alt=\"080 Barcelona Spring-Summer 2017\" \/><img class=\"skip-lazy no-lazyload noLazy\" data-lazy-src=\"\" src =\"https:\/\/bobvarela.com\/wp-content\/flagallery\/tcn-en-el-080-barcelona-fashion-primaveraverano-2017\/tcn_009.jpg\" alt=\"080 Barcelona Spring-Summer 2017\" \/><img class=\"skip-lazy no-lazyload noLazy\" data-lazy-src=\"\" src =\"https:\/\/bobvarela.com\/wp-content\/flagallery\/tcn-en-el-080-barcelona-fashion-primaveraverano-2017\/tcn_010.jpg\" alt=\"080 Barcelona Spring-Summer 2017\" \/><img class=\"skip-lazy no-lazyload noLazy\" data-lazy-src=\"\" src =\"https:\/\/bobvarela.com\/wp-content\/flagallery\/tcn-en-el-080-barcelona-fashion-primaveraverano-2017\/tcn_011.jpg\" alt=\"\" \/><img class=\"skip-lazy no-lazyload noLazy\" data-lazy-src=\"\" src =\"https:\/\/bobvarela.com\/wp-content\/flagallery\/tcn-en-el-080-barcelona-fashion-primaveraverano-2017\/tcn_012.jpg\" alt=\"080 Barcelona Spring-Summer 2017\" \/><img class=\"skip-lazy no-lazyload noLazy\" data-lazy-src=\"\" src =\"https:\/\/bobvarela.com\/wp-content\/flagallery\/tcn-en-el-080-barcelona-fashion-primaveraverano-2017\/tcn_013.jpg\" alt=\"080 Barcelona Spring-Summer 2017\" \/><img class=\"skip-lazy no-lazyload noLazy\" data-lazy-src=\"\" src =\"https:\/\/bobvarela.com\/wp-content\/flagallery\/tcn-en-el-080-barcelona-fashion-primaveraverano-2017\/tcn_014.jpg\" alt=\"080 Barcelona Spring-Summer 2017\" \/><img class=\"skip-lazy no-lazyload noLazy\" data-lazy-src=\"\" src =\"https:\/\/bobvarela.com\/wp-content\/flagallery\/tcn-en-el-080-barcelona-fashion-primaveraverano-2017\/tcn_015.jpg\" alt=\"080 Barcelona Spring-Summer 2017\" \/><img class=\"skip-lazy no-lazyload noLazy\" data-lazy-src=\"\" src =\"https:\/\/bobvarela.com\/wp-content\/flagallery\/tcn-en-el-080-barcelona-fashion-primaveraverano-2017\/tcn_016.jpg\" alt=\"080 Barcelona Spring-Summer 2017\" \/><img class=\"skip-lazy no-lazyload noLazy\" data-lazy-src=\"\" src =\"https:\/\/bobvarela.com\/wp-content\/flagallery\/tcn-en-el-080-barcelona-fashion-primaveraverano-2017\/tcn_017.jpg\" alt=\"080 Barcelona Spring-Summer 2017\" \/><img class=\"skip-lazy no-lazyload noLazy\" data-lazy-src=\"\" src =\"https:\/\/bobvarela.com\/wp-content\/flagallery\/tcn-en-el-080-barcelona-fashion-primaveraverano-2017\/tcn_018.jpg\" alt=\"080 Barcelona Spring-Summer 2017\" \/><img class=\"skip-lazy no-lazyload noLazy\" data-lazy-src=\"\" src =\"https:\/\/bobvarela.com\/wp-content\/flagallery\/tcn-en-el-080-barcelona-fashion-primaveraverano-2017\/tcn_019.jpg\" alt=\"080 Barcelona Spring-Summer 2017\" \/><img class=\"skip-lazy no-lazyload noLazy\" data-lazy-src=\"\" src =\"https:\/\/bobvarela.com\/wp-content\/flagallery\/tcn-en-el-080-barcelona-fashion-primaveraverano-2017\/tcn_020.jpg\" alt=\"080 Barcelona Spring-Summer 2017\" \/><img class=\"skip-lazy no-lazyload noLazy\" data-lazy-src=\"\" src =\"https:\/\/bobvarela.com\/wp-content\/flagallery\/tcn-en-el-080-barcelona-fashion-primaveraverano-2017\/tcn_021.jpg\" alt=\"080 Barcelona Spring-Summer 2017\" \/><img class=\"skip-lazy no-lazyload noLazy\" data-lazy-src=\"\" src =\"https:\/\/bobvarela.com\/wp-content\/flagallery\/tcn-en-el-080-barcelona-fashion-primaveraverano-2017\/tcn_022.jpg\" alt=\"080 Barcelona Spring-Summer 2017\" \/><img class=\"skip-lazy no-lazyload noLazy\" data-lazy-src=\"\" src =\"https:\/\/bobvarela.com\/wp-content\/flagallery\/tcn-en-el-080-barcelona-fashion-primaveraverano-2017\/tcn_023.jpg\" alt=\"080 Barcelona Spring-Summer 2017\" \/><img class=\"skip-lazy no-lazyload noLazy\" data-lazy-src=\"\" src =\"https:\/\/bobvarela.com\/wp-content\/flagallery\/tcn-en-el-080-barcelona-fashion-primaveraverano-2017\/tcn_024.jpg\" alt=\"080 Barcelona Spring-Summer 2017\" \/><img class=\"skip-lazy no-lazyload noLazy\" data-lazy-src=\"\" src =\"https:\/\/bobvarela.com\/wp-content\/flagallery\/tcn-en-el-080-barcelona-fashion-primaveraverano-2017\/tcn_025.jpg\" alt=\"080 Barcelona Spring-Summer 2017\" \/><img class=\"skip-lazy no-lazyload noLazy\" data-lazy-src=\"\" src =\"https:\/\/bobvarela.com\/wp-content\/flagallery\/tcn-en-el-080-barcelona-fashion-primaveraverano-2017\/tcn_026.jpg\" alt=\"080 Barcelona Spring-Summer 2017\" \/><img class=\"skip-lazy no-lazyload noLazy\" data-lazy-src=\"\" src =\"https:\/\/bobvarela.com\/wp-content\/flagallery\/tcn-en-el-080-barcelona-fashion-primaveraverano-2017\/tcn_027.jpg\" alt=\"080 Barcelona Spring-Summer 2017\" \/><img class=\"skip-lazy no-lazyload noLazy\" data-lazy-src=\"\" src =\"https:\/\/bobvarela.com\/wp-content\/flagallery\/tcn-en-el-080-barcelona-fashion-primaveraverano-2017\/tcn_028.jpg\" alt=\"080 Barcelona Spring-Summer 2017\" \/><img class=\"skip-lazy no-lazyload noLazy\" data-lazy-src=\"\" src =\"https:\/\/bobvarela.com\/wp-content\/flagallery\/tcn-en-el-080-barcelona-fashion-primaveraverano-2017\/tcn_029.jpg\" alt=\"080 Barcelona Spring-Summer 2017\" \/><img class=\"skip-lazy no-lazyload noLazy\" data-lazy-src=\"\" src =\"https:\/\/bobvarela.com\/wp-content\/flagallery\/tcn-en-el-080-barcelona-fashion-primaveraverano-2017\/tcn_030.jpg\" alt=\"080 Barcelona Spring-Summer 2017\" \/><img class=\"skip-lazy no-lazyload noLazy\" data-lazy-src=\"\" src =\"https:\/\/bobvarela.com\/wp-content\/flagallery\/tcn-en-el-080-barcelona-fashion-primaveraverano-2017\/tcn_031.jpg\" alt=\"080 Barcelona Spring-Summer 2017\" \/><img class=\"skip-lazy no-lazyload noLazy\" data-lazy-src=\"\" src =\"https:\/\/bobvarela.com\/wp-content\/flagallery\/tcn-en-el-080-barcelona-fashion-primaveraverano-2017\/tcn_032.jpg\" alt=\"080 Barcelona Spring-Summer 2017\" \/><img class=\"skip-lazy no-lazyload noLazy\" data-lazy-src=\"\" src =\"https:\/\/bobvarela.com\/wp-content\/flagallery\/tcn-en-el-080-barcelona-fashion-primaveraverano-2017\/tcn_033.jpg\" alt=\"080 Barcelona Spring-Summer 2017\" \/><img class=\"skip-lazy no-lazyload noLazy\" data-lazy-src=\"\" src =\"https:\/\/bobvarela.com\/wp-content\/flagallery\/tcn-en-el-080-barcelona-fashion-primaveraverano-2017\/tcn_034.jpg\" alt=\"080 Barcelona Spring-Summer 2017\" \/><img class=\"skip-lazy no-lazyload noLazy\" data-lazy-src=\"\" src =\"https:\/\/bobvarela.com\/wp-content\/flagallery\/tcn-en-el-080-barcelona-fashion-primaveraverano-2017\/tcn_035.jpg\" alt=\"080 Barcelona Spring-Summer 2017\" \/><img class=\"skip-lazy no-lazyload noLazy\" data-lazy-src=\"\" src =\"https:\/\/bobvarela.com\/wp-content\/flagallery\/tcn-en-el-080-barcelona-fashion-primaveraverano-2017\/tcn_036.jpg\" alt=\"080 Barcelona Spring-Summer 2017\" \/><img class=\"skip-lazy no-lazyload noLazy\" data-lazy-src=\"\" src =\"https:\/\/bobvarela.com\/wp-content\/flagallery\/tcn-en-el-080-barcelona-fashion-primaveraverano-2017\/tcn_037.jpg\" alt=\"080 Barcelona Spring-Summer 2017\" \/><img class=\"skip-lazy no-lazyload noLazy\" data-lazy-src=\"\" src =\"https:\/\/bobvarela.com\/wp-content\/flagallery\/tcn-en-el-080-barcelona-fashion-primaveraverano-2017\/tcn_038.jpg\" alt=\"080 Barcelona Spring-Summer 2017\" \/><img class=\"skip-lazy no-lazyload noLazy\" data-lazy-src=\"\" src =\"https:\/\/bobvarela.com\/wp-content\/flagallery\/tcn-en-el-080-barcelona-fashion-primaveraverano-2017\/tcn_039.jpg\" alt=\"080 Barcelona Spring-Summer 2017\" \/><img class=\"skip-lazy no-lazyload noLazy\" data-lazy-src=\"\" src =\"https:\/\/bobvarela.com\/wp-content\/flagallery\/tcn-en-el-080-barcelona-fashion-primaveraverano-2017\/tcn_040.jpg\" alt=\"080 Barcelona Spring-Summer 2017\" \/><img class=\"skip-lazy no-lazyload noLazy\" data-lazy-src=\"\" src =\"https:\/\/bobvarela.com\/wp-content\/flagallery\/tcn-en-el-080-barcelona-fashion-primaveraverano-2017\/tcn_041.jpg\" alt=\"080 Barcelona Spring-Summer 2017\" \/><img class=\"skip-lazy no-lazyload noLazy\" data-lazy-src=\"\" src =\"https:\/\/bobvarela.com\/wp-content\/flagallery\/tcn-en-el-080-barcelona-fashion-primaveraverano-2017\/tcn_042.jpg\" alt=\"080 Barcelona Spring-Summer 2017\" \/><img class=\"skip-lazy no-lazyload noLazy\" data-lazy-src=\"\" src =\"https:\/\/bobvarela.com\/wp-content\/flagallery\/tcn-en-el-080-barcelona-fashion-primaveraverano-2017\/tcn_043.jpg\" alt=\"080 Barcelona Spring-Summer 2017\" \/><img class=\"skip-lazy no-lazyload noLazy\" data-lazy-src=\"\" src =\"https:\/\/bobvarela.com\/wp-content\/flagallery\/tcn-en-el-080-barcelona-fashion-primaveraverano-2017\/tcn_044.jpg\" alt=\"080 Barcelona Spring-Summer 2017\" \/><img class=\"skip-lazy no-lazyload noLazy\" data-lazy-src=\"\" src =\"https:\/\/bobvarela.com\/wp-content\/flagallery\/tcn-en-el-080-barcelona-fashion-primaveraverano-2017\/tcn_045.jpg\" alt=\"080 Barcelona Spring-Summer 2017\" \/><img class=\"skip-lazy no-lazyload noLazy\" data-lazy-src=\"\" src =\"https:\/\/bobvarela.com\/wp-content\/flagallery\/tcn-en-el-080-barcelona-fashion-primaveraverano-2017\/tcn_046.jpg\" alt=\"080 Barcelona Spring-Summer 2017\" \/><img class=\"skip-lazy no-lazyload noLazy\" data-lazy-src=\"\" src =\"https:\/\/bobvarela.com\/wp-content\/flagallery\/tcn-en-el-080-barcelona-fashion-primaveraverano-2017\/tcn_047.jpg\" alt=\"080 Barcelona Spring-Summer 2017\" \/><img class=\"skip-lazy no-lazyload noLazy\" data-lazy-src=\"\" src =\"https:\/\/bobvarela.com\/wp-content\/flagallery\/tcn-en-el-080-barcelona-fashion-primaveraverano-2017\/tcn_048.jpg\" alt=\"080 Barcelona Spring-Summer 2017\" \/><img class=\"skip-lazy no-lazyload noLazy\" data-lazy-src=\"\" src =\"https:\/\/bobvarela.com\/wp-content\/flagallery\/tcn-en-el-080-barcelona-fashion-primaveraverano-2017\/tcn_049.jpg\" alt=\"080 Barcelona Spring-Summer 2017\" \/><img class=\"skip-lazy no-lazyload noLazy\" data-lazy-src=\"\" src =\"https:\/\/bobvarela.com\/wp-content\/flagallery\/tcn-en-el-080-barcelona-fashion-primaveraverano-2017\/tcn_050.jpg\" alt=\"080 Barcelona Spring-Summer 2017\" \/><img class=\"skip-lazy no-lazyload noLazy\" data-lazy-src=\"\" src =\"https:\/\/bobvarela.com\/wp-content\/flagallery\/tcn-en-el-080-barcelona-fashion-primaveraverano-2017\/tcn_051.jpg\" alt=\"080 Barcelona Spring-Summer 2017\" \/><img class=\"skip-lazy no-lazyload noLazy\" data-lazy-src=\"\" src =\"https:\/\/bobvarela.com\/wp-content\/flagallery\/tcn-en-el-080-barcelona-fashion-primaveraverano-2017\/tcn_052.jpg\" alt=\"080 Barcelona Spring-Summer 2017\" \/><img class=\"skip-lazy no-lazyload noLazy\" data-lazy-src=\"\" src =\"https:\/\/bobvarela.com\/wp-content\/flagallery\/tcn-en-el-080-barcelona-fashion-primaveraverano-2017\/tcn_053.jpg\" alt=\"080 Barcelona Spring-Summer 2017\" \/><img class=\"skip-lazy no-lazyload noLazy\" data-lazy-src=\"\" src =\"https:\/\/bobvarela.com\/wp-content\/flagallery\/tcn-en-el-080-barcelona-fashion-primaveraverano-2017\/tcn_054.jpg\" alt=\"080 Barcelona Spring-Summer 2017\" \/><img class=\"skip-lazy no-lazyload noLazy\" data-lazy-src=\"\" src =\"https:\/\/bobvarela.com\/wp-content\/flagallery\/tcn-en-el-080-barcelona-fashion-primaveraverano-2017\/tcn_055.jpg\" alt=\"080 Barcelona Spring-Summer 2017\" \/><img class=\"skip-lazy no-lazyload noLazy\" data-lazy-src=\"\" src =\"https:\/\/bobvarela.com\/wp-content\/flagallery\/tcn-en-el-080-barcelona-fashion-primaveraverano-2017\/tcn_056.jpg\" alt=\"080 Barcelona Spring-Summer 2017\" \/><img class=\"skip-lazy no-lazyload noLazy\" data-lazy-src=\"\" src =\"https:\/\/bobvarela.com\/wp-content\/flagallery\/tcn-en-el-080-barcelona-fashion-primaveraverano-2017\/tcn_057.jpg\" alt=\"080 Barcelona Spring-Summer 2017\" \/><img class=\"skip-lazy no-lazyload noLazy\" data-lazy-src=\"\" src =\"https:\/\/bobvarela.com\/wp-content\/flagallery\/tcn-en-el-080-barcelona-fashion-primaveraverano-2017\/tcn_058.jpg\" alt=\"080 Barcelona Spring-Summer 2017\" \/><img class=\"skip-lazy no-lazyload noLazy\" data-lazy-src=\"\" src =\"https:\/\/bobvarela.com\/wp-content\/flagallery\/tcn-en-el-080-barcelona-fashion-primaveraverano-2017\/tcn_059.jpg\" alt=\"080 Barcelona Spring-Summer 2017\" \/><img class=\"skip-lazy no-lazyload noLazy\" data-lazy-src=\"\" src =\"https:\/\/bobvarela.com\/wp-content\/flagallery\/tcn-en-el-080-barcelona-fashion-primaveraverano-2017\/tcn_060.jpg\" alt=\"080 Barcelona Spring-Summer 2017\" \/><\/noscript><\/p>\n","protected":false},"excerpt":{"rendered":"<p>Naci\u00f3 en Arenys de Mar, Barcelona, en la d\u00e9cada de los sesenta. De Saint Tropez donde su familia ten\u00eda una tienda y donde ella pasaba sus vacaciones de verano, todav\u00eda recuerda sus juegos de infancia perdida entre maniqu\u00edes, probadores y&hellip;<\/p>\n<p class=\"more-link-p\"><a class=\"more-link\" href=\"https:\/\/bobvarela.com\/?p=100581\">Read more &rarr;<\/a><\/p>\n","protected":false},"author":1,"featured_media":0,"comment_status":"open","ping_status":"open","sticky":false,"template":"","format":"standard","meta":{"ngg_post_thumbnail":0,"footnotes":""},"categories":[478,4],"tags":[],"class_list":["post-100581","post","type-post","status-publish","format-standard","hentry","category-080-barcelona","category-moda"],"_links":{"self":[{"href":"https:\/\/bobvarela.com\/index.php?rest_route=\/wp\/v2\/posts\/100581","targetHints":{"allow":["GET"]}}],"collection":[{"href":"https:\/\/bobvarela.com\/index.php?rest_route=\/wp\/v2\/posts"}],"about":[{"href":"https:\/\/bobvarela.com\/index.php?rest_route=\/wp\/v2\/types\/post"}],"author":[{"embeddable":true,"href":"https:\/\/bobvarela.com\/index.php?rest_route=\/wp\/v2\/users\/1"}],"replies":[{"embeddable":true,"href":"https:\/\/bobvarela.com\/index.php?rest_route=%2Fwp%2Fv2%2Fcomments&post=100581"}],"version-history":[{"count":1,"href":"https:\/\/bobvarela.com\/index.php?rest_route=\/wp\/v2\/posts\/100581\/revisions"}],"predecessor-version":[{"id":100582,"href":"https:\/\/bobvarela.com\/index.php?rest_route=\/wp\/v2\/posts\/100581\/revisions\/100582"}],"wp:attachment":[{"href":"https:\/\/bobvarela.com\/index.php?rest_route=%2Fwp%2Fv2%2Fmedia&parent=100581"}],"wp:term":[{"taxonomy":"category","embeddable":true,"href":"https:\/\/bobvarela.com\/index.php?rest_route=%2Fwp%2Fv2%2Fcategories&post=100581"},{"taxonomy":"post_tag","embeddable":true,"href":"https:\/\/bobvarela.com\/index.php?rest_route=%2Fwp%2Fv2%2Ftags&post=100581"}],"curies":[{"name":"wp","href":"https:\/\/api.w.org\/{rel}","templated":true}]}}