{"id":100604,"date":"2016-07-05T19:58:24","date_gmt":"2016-07-05T23:58:24","guid":{"rendered":"https:\/\/bobvarela.com\/?p=100604"},"modified":"2016-07-05T19:58:24","modified_gmt":"2016-07-05T23:58:24","slug":"samuel-alarcon-en-el-080-barcelona-fashion-primaveraverano-2017","status":"publish","type":"post","link":"https:\/\/bobvarela.com\/?p=100604","title":{"rendered":"Samuel Alarcon en el 080 BARCELONA FASHION Primavera\/Verano 2017"},"content":{"rendered":"<p align=\"justify\"><font size=\"3\">Con la propuesta \u201cEtimolog\u00eda del Yo\u201d, el dise\u00f1ador Samuel Alarcon quiere hacer una reflexi\u00f3n sobre la identidad, las partes que la conforman y qu\u00e9 es el origen. El tricot se mantiene como principal medio de expresi\u00f3n con el cual ha presentado piezas unisex con las que reclama la llegada de una rotura de la moda y una disociaci\u00f3n entre sexo, g\u00e9nero y moda. Propuesta de tonalidades que van desde el negro, el blanco crudo, nude, salm\u00f3n y toques mostaza.<\/font><\/p>\n<p align=\"justify\"><div class=\"flagallery photomania_skin\" id=\"FlaGallery_sc1_349\" ><style type=\"text\/css\" class=\"flagallery_skin_style_import\">#FlaGallery_sc1_349 .flagpm_preload {opacity:0;}#FlaGallery_sc1_349 .swiper-big-images img.flagpm_the_photo { max-height:100%; max-width:100%; display:inline; width:auto; height:auto !important; object-fit:unset; vertical-align:middle; border:none; }#FlaGallery_sc1_349 .flagpm_focus .swiper-big-images img.flagpm_the_photo { width:auto; height:auto; object-fit:unset; }#FlaGallery_sc1_349 .swiper-small-images img.flagpm_photo { max-width:none; max-height:none; }#FlaGallery_sc1_349 .swiper-small-images img.flagpm_photo.flagpm_photo_landscape { width:auto; height:100% !important; }#FlaGallery_sc1_349 .swiper-small-images img.flagpm_photo.flagpm_photo_portrait { width:100%; height:auto !important; }#FlaGallery_sc1_349 .flagpm_gallery_sources_list p { margin:7px 0; padding:0; font-size:inherit; }#FlaGallery_sc1_349 .flagpm_photo_details .flagpm_description_wrap a,#FlaGallery_sc1_349 .flagpm_big_button_wrap .flagpm_button.flagpm_like.flagpm_liked,#FlaGallery_sc1_349 .flagpm_big_button_wrap .flagpm_button.flagpm_like.flagpm_liked:hover {color:#0099e5;}#FlaGallery_sc1_349 .flagpm_photo_show .flagpm_big_button {background-color:#0099e5;}#FlaGallery_sc1_349 .swiper-small-images div.flagpm_photo.swiper-slide-active {border-color:#02adea;}#FlaGallery_sc1_349 .flagpm_photo_header .flagpm_name_wrap .flagpm_title_author a:hover,#FlaGallery_sc1_349 .flagpm_photo_details .flagpm_description_wrap a:hover {color:#02adea;}#FlaGallery_sc1_349 .flagpm_photo_show .flagpm_big_button:hover,#FlaGallery_sc1_349 .flagpm_focus_actions ul .flagpm_button.like.flagpm_liked {background-color:#02adea;}<\/style> <div class=\"flagpm_photo_show flagpm_w960 flagpm_w640 flagpm_w480 flagpm_preload\"> <div class=\"flagpm_photo_wrap has_prev_photo has_next_photo\"> <div class=\"swiper-container swiper-big-images\"> <div class=\"flagpm_photo_arrow_next flagpm_photo_arrow flagpm_next\"> <div title=\"Next\" class=\"flagpm_arrow\"><\/div> <\/div> <div class=\"flagpm_photo_arrow_previous flagpm_photo_arrow flagpm_prev\"> <div title=\"Previous\" class=\"flagpm_arrow\"><\/div> <\/div> <div class=\"swiper-wrapper\"><div class=\"swiper-slide\" data-hash=\"flagallery25362\" data-photo-id=\"25362\"><span class=\"flagpm_va\"><\/span><img decoding=\"async\" src=\"https:\/\/bobvarela.com\/wp-content\/flagallery\/samuel-alarcon-en-el-080-barcelona-fashion-primaveraverano-2017\/webview\/samuel-alarcon_001.jpg\" data-src=\"https:\/\/bobvarela.com\/wp-content\/flagallery\/samuel-alarcon-en-el-080-barcelona-fashion-primaveraverano-2017\/webview\/samuel-alarcon_001.jpg\" alt=\"080 Barcelona Spring-Summer 2017\" class=\"noLazy flagpm_the_photo swiper-lazy\"><div class=\"swiper-lazy-preloader swiper-lazy-preloader-black\"><\/div><\/div><div class=\"swiper-slide\" data-hash=\"flagallery25363\" data-photo-id=\"25363\"><span class=\"flagpm_va\"><\/span><img data-src=\"https:\/\/bobvarela.com\/wp-content\/flagallery\/samuel-alarcon-en-el-080-barcelona-fashion-primaveraverano-2017\/webview\/samuel-alarcon_002.jpg\" alt=\"080 Barcelona Spring-Summer 2017\" class=\"noLazy flagpm_the_photo swiper-lazy\"><div class=\"swiper-lazy-preloader swiper-lazy-preloader-black\"><\/div><\/div><div class=\"swiper-slide\" data-hash=\"flagallery25364\" data-photo-id=\"25364\"><span class=\"flagpm_va\"><\/span><img data-src=\"https:\/\/bobvarela.com\/wp-content\/flagallery\/samuel-alarcon-en-el-080-barcelona-fashion-primaveraverano-2017\/webview\/samuel-alarcon_003.jpg\" alt=\"080 Barcelona Spring-Summer 2017\" class=\"noLazy flagpm_the_photo swiper-lazy\"><div class=\"swiper-lazy-preloader swiper-lazy-preloader-black\"><\/div><\/div><div class=\"swiper-slide\" data-hash=\"flagallery25365\" data-photo-id=\"25365\"><span class=\"flagpm_va\"><\/span><img data-src=\"https:\/\/bobvarela.com\/wp-content\/flagallery\/samuel-alarcon-en-el-080-barcelona-fashion-primaveraverano-2017\/webview\/samuel-alarcon_004.jpg\" alt=\"080 Barcelona Spring-Summer 2017\" class=\"noLazy flagpm_the_photo swiper-lazy\"><div class=\"swiper-lazy-preloader swiper-lazy-preloader-black\"><\/div><\/div><div class=\"swiper-slide\" data-hash=\"flagallery25366\" data-photo-id=\"25366\"><span class=\"flagpm_va\"><\/span><img data-src=\"https:\/\/bobvarela.com\/wp-content\/flagallery\/samuel-alarcon-en-el-080-barcelona-fashion-primaveraverano-2017\/webview\/samuel-alarcon_005.jpg\" alt=\"080 Barcelona Spring-Summer 2017\" class=\"noLazy flagpm_the_photo swiper-lazy\"><div class=\"swiper-lazy-preloader swiper-lazy-preloader-black\"><\/div><\/div><div class=\"swiper-slide\" data-hash=\"flagallery25367\" data-photo-id=\"25367\"><span class=\"flagpm_va\"><\/span><img data-src=\"https:\/\/bobvarela.com\/wp-content\/flagallery\/samuel-alarcon-en-el-080-barcelona-fashion-primaveraverano-2017\/webview\/samuel-alarcon_006.jpg\" alt=\"080 Barcelona Spring-Summer 2017\" class=\"noLazy flagpm_the_photo swiper-lazy\"><div class=\"swiper-lazy-preloader swiper-lazy-preloader-black\"><\/div><\/div><div class=\"swiper-slide\" data-hash=\"flagallery25368\" data-photo-id=\"25368\"><span class=\"flagpm_va\"><\/span><img data-src=\"https:\/\/bobvarela.com\/wp-content\/flagallery\/samuel-alarcon-en-el-080-barcelona-fashion-primaveraverano-2017\/webview\/samuel-alarcon_007.jpg\" alt=\"080 Barcelona Spring-Summer 2017\" class=\"noLazy flagpm_the_photo swiper-lazy\"><div class=\"swiper-lazy-preloader swiper-lazy-preloader-black\"><\/div><\/div><div class=\"swiper-slide\" data-hash=\"flagallery25369\" data-photo-id=\"25369\"><span class=\"flagpm_va\"><\/span><img data-src=\"https:\/\/bobvarela.com\/wp-content\/flagallery\/samuel-alarcon-en-el-080-barcelona-fashion-primaveraverano-2017\/webview\/samuel-alarcon_008.jpg\" alt=\"080 Barcelona Spring-Summer 2017\" class=\"noLazy flagpm_the_photo swiper-lazy\"><div class=\"swiper-lazy-preloader swiper-lazy-preloader-black\"><\/div><\/div><div class=\"swiper-slide\" data-hash=\"flagallery25370\" data-photo-id=\"25370\"><span class=\"flagpm_va\"><\/span><img data-src=\"https:\/\/bobvarela.com\/wp-content\/flagallery\/samuel-alarcon-en-el-080-barcelona-fashion-primaveraverano-2017\/webview\/samuel-alarcon_009.jpg\" alt=\"080 Barcelona Spring-Summer 2017\" class=\"noLazy flagpm_the_photo swiper-lazy\"><div class=\"swiper-lazy-preloader swiper-lazy-preloader-black\"><\/div><\/div><div class=\"swiper-slide\" data-hash=\"flagallery25371\" data-photo-id=\"25371\"><span class=\"flagpm_va\"><\/span><img data-src=\"https:\/\/bobvarela.com\/wp-content\/flagallery\/samuel-alarcon-en-el-080-barcelona-fashion-primaveraverano-2017\/webview\/samuel-alarcon_010.jpg\" alt=\"080 Barcelona Spring-Summer 2017\" class=\"noLazy flagpm_the_photo swiper-lazy\"><div class=\"swiper-lazy-preloader swiper-lazy-preloader-black\"><\/div><\/div><div class=\"swiper-slide\" data-hash=\"flagallery25372\" data-photo-id=\"25372\"><span class=\"flagpm_va\"><\/span><img data-src=\"https:\/\/bobvarela.com\/wp-content\/flagallery\/samuel-alarcon-en-el-080-barcelona-fashion-primaveraverano-2017\/webview\/samuel-alarcon_011.jpg\" alt=\"080 Barcelona Spring-Summer 2017\" class=\"noLazy flagpm_the_photo swiper-lazy\"><div class=\"swiper-lazy-preloader swiper-lazy-preloader-black\"><\/div><\/div><div class=\"swiper-slide\" data-hash=\"flagallery25373\" data-photo-id=\"25373\"><span class=\"flagpm_va\"><\/span><img data-src=\"https:\/\/bobvarela.com\/wp-content\/flagallery\/samuel-alarcon-en-el-080-barcelona-fashion-primaveraverano-2017\/webview\/samuel-alarcon_012.jpg\" alt=\"080 Barcelona Spring-Summer 2017\" class=\"noLazy flagpm_the_photo swiper-lazy\"><div class=\"swiper-lazy-preloader swiper-lazy-preloader-black\"><\/div><\/div><div class=\"swiper-slide\" data-hash=\"flagallery25374\" data-photo-id=\"25374\"><span class=\"flagpm_va\"><\/span><img data-src=\"https:\/\/bobvarela.com\/wp-content\/flagallery\/samuel-alarcon-en-el-080-barcelona-fashion-primaveraverano-2017\/webview\/samuel-alarcon_013.jpg\" alt=\"080 Barcelona Spring-Summer 2017\" class=\"noLazy flagpm_the_photo swiper-lazy\"><div class=\"swiper-lazy-preloader swiper-lazy-preloader-black\"><\/div><\/div><div class=\"swiper-slide\" data-hash=\"flagallery25375\" data-photo-id=\"25375\"><span class=\"flagpm_va\"><\/span><img data-src=\"https:\/\/bobvarela.com\/wp-content\/flagallery\/samuel-alarcon-en-el-080-barcelona-fashion-primaveraverano-2017\/webview\/samuel-alarcon_014.jpg\" alt=\"080 Barcelona Spring-Summer 2017\" class=\"noLazy flagpm_the_photo swiper-lazy\"><div class=\"swiper-lazy-preloader swiper-lazy-preloader-black\"><\/div><\/div><div class=\"swiper-slide\" data-hash=\"flagallery25376\" data-photo-id=\"25376\"><span class=\"flagpm_va\"><\/span><img data-src=\"https:\/\/bobvarela.com\/wp-content\/flagallery\/samuel-alarcon-en-el-080-barcelona-fashion-primaveraverano-2017\/webview\/samuel-alarcon_015.jpg\" alt=\"080 Barcelona Spring-Summer 2017\" class=\"noLazy flagpm_the_photo swiper-lazy\"><div class=\"swiper-lazy-preloader swiper-lazy-preloader-black\"><\/div><\/div><div class=\"swiper-slide\" data-hash=\"flagallery25377\" data-photo-id=\"25377\"><span class=\"flagpm_va\"><\/span><img data-src=\"https:\/\/bobvarela.com\/wp-content\/flagallery\/samuel-alarcon-en-el-080-barcelona-fashion-primaveraverano-2017\/webview\/samuel-alarcon_016.jpg\" alt=\"080 Barcelona Spring-Summer 2017\" class=\"noLazy flagpm_the_photo swiper-lazy\"><div class=\"swiper-lazy-preloader swiper-lazy-preloader-black\"><\/div><\/div><div class=\"swiper-slide\" data-hash=\"flagallery25378\" data-photo-id=\"25378\"><span class=\"flagpm_va\"><\/span><img data-src=\"https:\/\/bobvarela.com\/wp-content\/flagallery\/samuel-alarcon-en-el-080-barcelona-fashion-primaveraverano-2017\/webview\/samuel-alarcon_017.jpg\" alt=\"080 Barcelona Spring-Summer 2017\" class=\"noLazy flagpm_the_photo swiper-lazy\"><div class=\"swiper-lazy-preloader swiper-lazy-preloader-black\"><\/div><\/div><div class=\"swiper-slide\" data-hash=\"flagallery25379\" data-photo-id=\"25379\"><span class=\"flagpm_va\"><\/span><img data-src=\"https:\/\/bobvarela.com\/wp-content\/flagallery\/samuel-alarcon-en-el-080-barcelona-fashion-primaveraverano-2017\/webview\/samuel-alarcon_018.jpg\" alt=\"080 Barcelona Spring-Summer 2017\" class=\"noLazy flagpm_the_photo swiper-lazy\"><div class=\"swiper-lazy-preloader swiper-lazy-preloader-black\"><\/div><\/div><div class=\"swiper-slide\" data-hash=\"flagallery25380\" data-photo-id=\"25380\"><span class=\"flagpm_va\"><\/span><img data-src=\"https:\/\/bobvarela.com\/wp-content\/flagallery\/samuel-alarcon-en-el-080-barcelona-fashion-primaveraverano-2017\/webview\/samuel-alarcon_019.jpg\" alt=\"080 Barcelona Spring-Summer 2017\" class=\"noLazy flagpm_the_photo swiper-lazy\"><div class=\"swiper-lazy-preloader swiper-lazy-preloader-black\"><\/div><\/div><div class=\"swiper-slide\" data-hash=\"flagallery25381\" data-photo-id=\"25381\"><span class=\"flagpm_va\"><\/span><img data-src=\"https:\/\/bobvarela.com\/wp-content\/flagallery\/samuel-alarcon-en-el-080-barcelona-fashion-primaveraverano-2017\/webview\/samuel-alarcon_020.jpg\" alt=\"080 Barcelona Spring-Summer 2017\" class=\"noLazy flagpm_the_photo swiper-lazy\"><div class=\"swiper-lazy-preloader swiper-lazy-preloader-black\"><\/div><\/div><div class=\"swiper-slide\" data-hash=\"flagallery25382\" data-photo-id=\"25382\"><span class=\"flagpm_va\"><\/span><img data-src=\"https:\/\/bobvarela.com\/wp-content\/flagallery\/samuel-alarcon-en-el-080-barcelona-fashion-primaveraverano-2017\/webview\/samuel-alarcon_021.jpg\" alt=\"080 Barcelona Spring-Summer 2017\" class=\"noLazy flagpm_the_photo swiper-lazy\"><div class=\"swiper-lazy-preloader swiper-lazy-preloader-black\"><\/div><\/div><div class=\"swiper-slide\" data-hash=\"flagallery25383\" data-photo-id=\"25383\"><span class=\"flagpm_va\"><\/span><img data-src=\"https:\/\/bobvarela.com\/wp-content\/flagallery\/samuel-alarcon-en-el-080-barcelona-fashion-primaveraverano-2017\/webview\/samuel-alarcon_022.jpg\" alt=\"080 Barcelona Spring-Summer 2017\" class=\"noLazy flagpm_the_photo swiper-lazy\"><div class=\"swiper-lazy-preloader swiper-lazy-preloader-black\"><\/div><\/div><div class=\"swiper-slide\" data-hash=\"flagallery25384\" data-photo-id=\"25384\"><span class=\"flagpm_va\"><\/span><img data-src=\"https:\/\/bobvarela.com\/wp-content\/flagallery\/samuel-alarcon-en-el-080-barcelona-fashion-primaveraverano-2017\/webview\/samuel-alarcon_023.jpg\" alt=\"080 Barcelona Spring-Summer 2017\" class=\"noLazy flagpm_the_photo swiper-lazy\"><div class=\"swiper-lazy-preloader swiper-lazy-preloader-black\"><\/div><\/div><div class=\"swiper-slide\" data-hash=\"flagallery25385\" data-photo-id=\"25385\"><span class=\"flagpm_va\"><\/span><img data-src=\"https:\/\/bobvarela.com\/wp-content\/flagallery\/samuel-alarcon-en-el-080-barcelona-fashion-primaveraverano-2017\/webview\/samuel-alarcon_024.jpg\" alt=\"080 Barcelona Spring-Summer 2017\" class=\"noLazy flagpm_the_photo swiper-lazy\"><div class=\"swiper-lazy-preloader swiper-lazy-preloader-black\"><\/div><\/div><div class=\"swiper-slide\" data-hash=\"flagallery25386\" data-photo-id=\"25386\"><span class=\"flagpm_va\"><\/span><img data-src=\"https:\/\/bobvarela.com\/wp-content\/flagallery\/samuel-alarcon-en-el-080-barcelona-fashion-primaveraverano-2017\/webview\/samuel-alarcon_025.jpg\" alt=\"080 Barcelona Spring-Summer 2017\" class=\"noLazy flagpm_the_photo swiper-lazy\"><div class=\"swiper-lazy-preloader swiper-lazy-preloader-black\"><\/div><\/div><div class=\"swiper-slide\" data-hash=\"flagallery25387\" data-photo-id=\"25387\"><span class=\"flagpm_va\"><\/span><img data-src=\"https:\/\/bobvarela.com\/wp-content\/flagallery\/samuel-alarcon-en-el-080-barcelona-fashion-primaveraverano-2017\/webview\/samuel-alarcon_026.jpg\" alt=\"080 Barcelona Spring-Summer 2017\" class=\"noLazy flagpm_the_photo swiper-lazy\"><div class=\"swiper-lazy-preloader swiper-lazy-preloader-black\"><\/div><\/div><div class=\"swiper-slide\" data-hash=\"flagallery25388\" data-photo-id=\"25388\"><span class=\"flagpm_va\"><\/span><img data-src=\"https:\/\/bobvarela.com\/wp-content\/flagallery\/samuel-alarcon-en-el-080-barcelona-fashion-primaveraverano-2017\/webview\/samuel-alarcon_027.jpg\" alt=\"080 Barcelona Spring-Summer 2017\" class=\"noLazy flagpm_the_photo swiper-lazy\"><div class=\"swiper-lazy-preloader swiper-lazy-preloader-black\"><\/div><\/div><div class=\"swiper-slide\" data-hash=\"flagallery25389\" data-photo-id=\"25389\"><span class=\"flagpm_va\"><\/span><img data-src=\"https:\/\/bobvarela.com\/wp-content\/flagallery\/samuel-alarcon-en-el-080-barcelona-fashion-primaveraverano-2017\/webview\/samuel-alarcon_028.jpg\" alt=\"080 Barcelona Spring-Summer 2017\" class=\"noLazy flagpm_the_photo swiper-lazy\"><div class=\"swiper-lazy-preloader swiper-lazy-preloader-black\"><\/div><\/div><div class=\"swiper-slide\" data-hash=\"flagallery25390\" data-photo-id=\"25390\"><span class=\"flagpm_va\"><\/span><img data-src=\"https:\/\/bobvarela.com\/wp-content\/flagallery\/samuel-alarcon-en-el-080-barcelona-fashion-primaveraverano-2017\/webview\/samuel-alarcon_029.jpg\" alt=\"080 Barcelona Spring-Summer 2017\" class=\"noLazy flagpm_the_photo swiper-lazy\"><div class=\"swiper-lazy-preloader swiper-lazy-preloader-black\"><\/div><\/div><div class=\"swiper-slide\" data-hash=\"flagallery25391\" data-photo-id=\"25391\"><span class=\"flagpm_va\"><\/span><img data-src=\"https:\/\/bobvarela.com\/wp-content\/flagallery\/samuel-alarcon-en-el-080-barcelona-fashion-primaveraverano-2017\/webview\/samuel-alarcon_030.jpg\" alt=\"080 Barcelona Spring-Summer 2017\" class=\"noLazy flagpm_the_photo swiper-lazy\"><div class=\"swiper-lazy-preloader swiper-lazy-preloader-black\"><\/div><\/div><div class=\"swiper-slide\" data-hash=\"flagallery25392\" data-photo-id=\"25392\"><span class=\"flagpm_va\"><\/span><img data-src=\"https:\/\/bobvarela.com\/wp-content\/flagallery\/samuel-alarcon-en-el-080-barcelona-fashion-primaveraverano-2017\/webview\/samuel-alarcon_031.jpg\" alt=\"080 Barcelona Spring-Summer 2017\" class=\"noLazy flagpm_the_photo swiper-lazy\"><div class=\"swiper-lazy-preloader swiper-lazy-preloader-black\"><\/div><\/div><div class=\"swiper-slide\" data-hash=\"flagallery25393\" data-photo-id=\"25393\"><span class=\"flagpm_va\"><\/span><img data-src=\"https:\/\/bobvarela.com\/wp-content\/flagallery\/samuel-alarcon-en-el-080-barcelona-fashion-primaveraverano-2017\/webview\/samuel-alarcon_032.jpg\" alt=\"080 Barcelona Spring-Summer 2017\" class=\"noLazy flagpm_the_photo swiper-lazy\"><div class=\"swiper-lazy-preloader swiper-lazy-preloader-black\"><\/div><\/div><div class=\"swiper-slide\" data-hash=\"flagallery25394\" data-photo-id=\"25394\"><span class=\"flagpm_va\"><\/span><img data-src=\"https:\/\/bobvarela.com\/wp-content\/flagallery\/samuel-alarcon-en-el-080-barcelona-fashion-primaveraverano-2017\/webview\/samuel-alarcon_033.jpg\" alt=\"080 Barcelona Spring-Summer 2017\" class=\"noLazy flagpm_the_photo swiper-lazy\"><div class=\"swiper-lazy-preloader swiper-lazy-preloader-black\"><\/div><\/div><div class=\"swiper-slide\" data-hash=\"flagallery25395\" data-photo-id=\"25395\"><span class=\"flagpm_va\"><\/span><img data-src=\"https:\/\/bobvarela.com\/wp-content\/flagallery\/samuel-alarcon-en-el-080-barcelona-fashion-primaveraverano-2017\/webview\/samuel-alarcon_034.jpg\" alt=\"080 Barcelona Spring-Summer 2017\" class=\"noLazy flagpm_the_photo swiper-lazy\"><div class=\"swiper-lazy-preloader swiper-lazy-preloader-black\"><\/div><\/div><div class=\"swiper-slide\" data-hash=\"flagallery25396\" data-photo-id=\"25396\"><span class=\"flagpm_va\"><\/span><img data-src=\"https:\/\/bobvarela.com\/wp-content\/flagallery\/samuel-alarcon-en-el-080-barcelona-fashion-primaveraverano-2017\/webview\/samuel-alarcon_035.jpg\" alt=\"080 Barcelona Spring-Summer 2017\" class=\"noLazy flagpm_the_photo swiper-lazy\"><div class=\"swiper-lazy-preloader swiper-lazy-preloader-black\"><\/div><\/div><div class=\"swiper-slide\" data-hash=\"flagallery25397\" data-photo-id=\"25397\"><span class=\"flagpm_va\"><\/span><img data-src=\"https:\/\/bobvarela.com\/wp-content\/flagallery\/samuel-alarcon-en-el-080-barcelona-fashion-primaveraverano-2017\/webview\/samuel-alarcon_036.jpg\" alt=\"080 Barcelona Spring-Summer 2017\" class=\"noLazy flagpm_the_photo swiper-lazy\"><div class=\"swiper-lazy-preloader swiper-lazy-preloader-black\"><\/div><\/div><div class=\"swiper-slide\" data-hash=\"flagallery25398\" data-photo-id=\"25398\"><span class=\"flagpm_va\"><\/span><img data-src=\"https:\/\/bobvarela.com\/wp-content\/flagallery\/samuel-alarcon-en-el-080-barcelona-fashion-primaveraverano-2017\/webview\/samuel-alarcon_037.jpg\" alt=\"080 Barcelona Spring-Summer 2017\" class=\"noLazy flagpm_the_photo swiper-lazy\"><div class=\"swiper-lazy-preloader swiper-lazy-preloader-black\"><\/div><\/div><div class=\"swiper-slide\" data-hash=\"flagallery25399\" data-photo-id=\"25399\"><span class=\"flagpm_va\"><\/span><img data-src=\"https:\/\/bobvarela.com\/wp-content\/flagallery\/samuel-alarcon-en-el-080-barcelona-fashion-primaveraverano-2017\/webview\/samuel-alarcon_038.jpg\" alt=\"080 Barcelona Spring-Summer 2017\" class=\"noLazy flagpm_the_photo swiper-lazy\"><div class=\"swiper-lazy-preloader swiper-lazy-preloader-black\"><\/div><\/div><div class=\"swiper-slide\" data-hash=\"flagallery25400\" data-photo-id=\"25400\"><span class=\"flagpm_va\"><\/span><img data-src=\"https:\/\/bobvarela.com\/wp-content\/flagallery\/samuel-alarcon-en-el-080-barcelona-fashion-primaveraverano-2017\/webview\/samuel-alarcon_039.jpg\" alt=\"080 Barcelona Spring-Summer 2017\" class=\"noLazy flagpm_the_photo swiper-lazy\"><div class=\"swiper-lazy-preloader swiper-lazy-preloader-black\"><\/div><\/div><div class=\"swiper-slide\" data-hash=\"flagallery25401\" data-photo-id=\"25401\"><span class=\"flagpm_va\"><\/span><img data-src=\"https:\/\/bobvarela.com\/wp-content\/flagallery\/samuel-alarcon-en-el-080-barcelona-fashion-primaveraverano-2017\/webview\/samuel-alarcon_040.jpg\" alt=\"080 Barcelona Spring-Summer 2017\" class=\"noLazy flagpm_the_photo swiper-lazy\"><div class=\"swiper-lazy-preloader swiper-lazy-preloader-black\"><\/div><\/div><div class=\"swiper-slide\" data-hash=\"flagallery25402\" data-photo-id=\"25402\"><span class=\"flagpm_va\"><\/span><img data-src=\"https:\/\/bobvarela.com\/wp-content\/flagallery\/samuel-alarcon-en-el-080-barcelona-fashion-primaveraverano-2017\/webview\/samuel-alarcon_041.jpg\" alt=\"080 Barcelona Spring-Summer 2017\" class=\"noLazy flagpm_the_photo swiper-lazy\"><div class=\"swiper-lazy-preloader swiper-lazy-preloader-black\"><\/div><\/div><div class=\"swiper-slide\" data-hash=\"flagallery25403\" data-photo-id=\"25403\"><span class=\"flagpm_va\"><\/span><img data-src=\"https:\/\/bobvarela.com\/wp-content\/flagallery\/samuel-alarcon-en-el-080-barcelona-fashion-primaveraverano-2017\/webview\/samuel-alarcon_042.jpg\" alt=\"080 Barcelona Spring-Summer 2017\" class=\"noLazy flagpm_the_photo swiper-lazy\"><div class=\"swiper-lazy-preloader swiper-lazy-preloader-black\"><\/div><\/div><div class=\"swiper-slide\" data-hash=\"flagallery25404\" data-photo-id=\"25404\"><span class=\"flagpm_va\"><\/span><img data-src=\"https:\/\/bobvarela.com\/wp-content\/flagallery\/samuel-alarcon-en-el-080-barcelona-fashion-primaveraverano-2017\/webview\/samuel-alarcon_043.jpg\" alt=\"080 Barcelona Spring-Summer 2017\" class=\"noLazy flagpm_the_photo swiper-lazy\"><div class=\"swiper-lazy-preloader swiper-lazy-preloader-black\"><\/div><\/div><div class=\"swiper-slide\" data-hash=\"flagallery25405\" data-photo-id=\"25405\"><span class=\"flagpm_va\"><\/span><img data-src=\"https:\/\/bobvarela.com\/wp-content\/flagallery\/samuel-alarcon-en-el-080-barcelona-fashion-primaveraverano-2017\/webview\/samuel-alarcon_044.jpg\" alt=\"080 Barcelona Spring-Summer 2017\" class=\"noLazy flagpm_the_photo swiper-lazy\"><div class=\"swiper-lazy-preloader swiper-lazy-preloader-black\"><\/div><\/div><div class=\"swiper-slide\" data-hash=\"flagallery25406\" data-photo-id=\"25406\"><span class=\"flagpm_va\"><\/span><img data-src=\"https:\/\/bobvarela.com\/wp-content\/flagallery\/samuel-alarcon-en-el-080-barcelona-fashion-primaveraverano-2017\/webview\/samuel-alarcon_045.jpg\" alt=\"080 Barcelona Spring-Summer 2017\" class=\"noLazy flagpm_the_photo swiper-lazy\"><div class=\"swiper-lazy-preloader swiper-lazy-preloader-black\"><\/div><\/div><div class=\"swiper-slide\" data-hash=\"flagallery25407\" data-photo-id=\"25407\"><span class=\"flagpm_va\"><\/span><img data-src=\"https:\/\/bobvarela.com\/wp-content\/flagallery\/samuel-alarcon-en-el-080-barcelona-fashion-primaveraverano-2017\/webview\/samuel-alarcon_046.jpg\" alt=\"080 Barcelona Spring-Summer 2017\" class=\"noLazy flagpm_the_photo swiper-lazy\"><div class=\"swiper-lazy-preloader swiper-lazy-preloader-black\"><\/div><\/div><div class=\"swiper-slide\" data-hash=\"flagallery25408\" data-photo-id=\"25408\"><span class=\"flagpm_va\"><\/span><img data-src=\"https:\/\/bobvarela.com\/wp-content\/flagallery\/samuel-alarcon-en-el-080-barcelona-fashion-primaveraverano-2017\/webview\/samuel-alarcon_047.jpg\" alt=\"080 Barcelona Spring-Summer 2017\" class=\"noLazy flagpm_the_photo swiper-lazy\"><div class=\"swiper-lazy-preloader swiper-lazy-preloader-black\"><\/div><\/div><div class=\"swiper-slide\" data-hash=\"flagallery25409\" data-photo-id=\"25409\"><span class=\"flagpm_va\"><\/span><img data-src=\"https:\/\/bobvarela.com\/wp-content\/flagallery\/samuel-alarcon-en-el-080-barcelona-fashion-primaveraverano-2017\/webview\/samuel-alarcon_048.jpg\" alt=\"080 Barcelona Spring-Summer 2017\" class=\"noLazy flagpm_the_photo swiper-lazy\"><div class=\"swiper-lazy-preloader swiper-lazy-preloader-black\"><\/div><\/div><div class=\"swiper-slide\" data-hash=\"flagallery25410\" data-photo-id=\"25410\"><span class=\"flagpm_va\"><\/span><img data-src=\"https:\/\/bobvarela.com\/wp-content\/flagallery\/samuel-alarcon-en-el-080-barcelona-fashion-primaveraverano-2017\/webview\/samuel-alarcon_049.jpg\" alt=\"080 Barcelona Spring-Summer 2017\" class=\"noLazy flagpm_the_photo swiper-lazy\"><div class=\"swiper-lazy-preloader swiper-lazy-preloader-black\"><\/div><\/div><div class=\"swiper-slide\" data-hash=\"flagallery25411\" data-photo-id=\"25411\"><span class=\"flagpm_va\"><\/span><img data-src=\"https:\/\/bobvarela.com\/wp-content\/flagallery\/samuel-alarcon-en-el-080-barcelona-fashion-primaveraverano-2017\/webview\/samuel-alarcon_050.jpg\" alt=\"080 Barcelona Spring-Summer 2017\" class=\"noLazy flagpm_the_photo swiper-lazy\"><div class=\"swiper-lazy-preloader swiper-lazy-preloader-black\"><\/div><\/div><div class=\"swiper-slide\" data-hash=\"flagallery25412\" data-photo-id=\"25412\"><span class=\"flagpm_va\"><\/span><img data-src=\"https:\/\/bobvarela.com\/wp-content\/flagallery\/samuel-alarcon-en-el-080-barcelona-fashion-primaveraverano-2017\/webview\/samuel-alarcon_051.jpg\" alt=\"080 Barcelona Spring-Summer 2017\" class=\"noLazy flagpm_the_photo swiper-lazy\"><div class=\"swiper-lazy-preloader swiper-lazy-preloader-black\"><\/div><\/div><div class=\"swiper-slide\" data-hash=\"flagallery25413\" data-photo-id=\"25413\"><span class=\"flagpm_va\"><\/span><img data-src=\"https:\/\/bobvarela.com\/wp-content\/flagallery\/samuel-alarcon-en-el-080-barcelona-fashion-primaveraverano-2017\/webview\/samuel-alarcon_052.jpg\" alt=\"080 Barcelona Spring-Summer 2017\" class=\"noLazy flagpm_the_photo swiper-lazy\"><div class=\"swiper-lazy-preloader swiper-lazy-preloader-black\"><\/div><\/div><div class=\"swiper-slide\" data-hash=\"flagallery25414\" data-photo-id=\"25414\"><span class=\"flagpm_va\"><\/span><img data-src=\"https:\/\/bobvarela.com\/wp-content\/flagallery\/samuel-alarcon-en-el-080-barcelona-fashion-primaveraverano-2017\/webview\/samuel-alarcon_053.jpg\" alt=\"080 Barcelona Spring-Summer 2017\" class=\"noLazy flagpm_the_photo swiper-lazy\"><div class=\"swiper-lazy-preloader swiper-lazy-preloader-black\"><\/div><\/div><div class=\"swiper-slide\" data-hash=\"flagallery25415\" data-photo-id=\"25415\"><span class=\"flagpm_va\"><\/span><img data-src=\"https:\/\/bobvarela.com\/wp-content\/flagallery\/samuel-alarcon-en-el-080-barcelona-fashion-primaveraverano-2017\/webview\/samuel-alarcon_054.jpg\" alt=\"080 Barcelona Spring-Summer 2017\" class=\"noLazy flagpm_the_photo swiper-lazy\"><div class=\"swiper-lazy-preloader swiper-lazy-preloader-black\"><\/div><\/div><div class=\"swiper-slide\" data-hash=\"flagallery25416\" data-photo-id=\"25416\"><span class=\"flagpm_va\"><\/span><img data-src=\"https:\/\/bobvarela.com\/wp-content\/flagallery\/samuel-alarcon-en-el-080-barcelona-fashion-primaveraverano-2017\/webview\/samuel-alarcon_055.jpg\" alt=\"080 Barcelona Spring-Summer 2017\" class=\"noLazy flagpm_the_photo swiper-lazy\"><div class=\"swiper-lazy-preloader swiper-lazy-preloader-black\"><\/div><\/div><div class=\"swiper-slide\" data-hash=\"flagallery25417\" data-photo-id=\"25417\"><span class=\"flagpm_va\"><\/span><img data-src=\"https:\/\/bobvarela.com\/wp-content\/flagallery\/samuel-alarcon-en-el-080-barcelona-fashion-primaveraverano-2017\/webview\/samuel-alarcon_056.jpg\" alt=\"080 Barcelona Spring-Summer 2017\" class=\"noLazy flagpm_the_photo swiper-lazy\"><div class=\"swiper-lazy-preloader swiper-lazy-preloader-black\"><\/div><\/div><div class=\"swiper-slide\" data-hash=\"flagallery25418\" data-photo-id=\"25418\"><span class=\"flagpm_va\"><\/span><img data-src=\"https:\/\/bobvarela.com\/wp-content\/flagallery\/samuel-alarcon-en-el-080-barcelona-fashion-primaveraverano-2017\/webview\/samuel-alarcon_057.jpg\" alt=\"080 Barcelona Spring-Summer 2017\" class=\"noLazy flagpm_the_photo swiper-lazy\"><div class=\"swiper-lazy-preloader swiper-lazy-preloader-black\"><\/div><\/div><div class=\"swiper-slide\" data-hash=\"flagallery25419\" data-photo-id=\"25419\"><span class=\"flagpm_va\"><\/span><img data-src=\"https:\/\/bobvarela.com\/wp-content\/flagallery\/samuel-alarcon-en-el-080-barcelona-fashion-primaveraverano-2017\/webview\/samuel-alarcon_058.jpg\" alt=\"080 Barcelona Spring-Summer 2017\" class=\"noLazy flagpm_the_photo swiper-lazy\"><div class=\"swiper-lazy-preloader swiper-lazy-preloader-black\"><\/div><\/div><div class=\"swiper-slide\" data-hash=\"flagallery25420\" data-photo-id=\"25420\"><span class=\"flagpm_va\"><\/span><img data-src=\"https:\/\/bobvarela.com\/wp-content\/flagallery\/samuel-alarcon-en-el-080-barcelona-fashion-primaveraverano-2017\/webview\/samuel-alarcon_059.jpg\" alt=\"080 Barcelona Spring-Summer 2017\" class=\"noLazy flagpm_the_photo swiper-lazy\"><div class=\"swiper-lazy-preloader swiper-lazy-preloader-black\"><\/div><\/div> <\/div> <\/div> <\/div> <div class=\"flagpm_photo_header\"> <div class=\"flagpm_wrapper flagpm_clearfix\"> <div class=\"flagpm_focus_actions\"> <ul class=\"flagpm_focus_share\"> <li style=\"list-style:none;\" class=\"flagpm_share_wrapper\"> <a class=\"flagpm_button flagpm_share\">Share<\/a> <ul class=\"flagpm_sharelizers flagpm_clearfix\"> <li style=\"list-style:none;\"><a class=\"flagpm_button flagpm_facebook flagpm_sharelizer\">Facebook<\/a><\/li> <li style=\"list-style:none;\"><a class=\"flagpm_button flagpm_twitter flagpm_sharelizer\">Twitter<\/a><\/li> <li style=\"list-style:none;\"><a class=\"flagpm_button flagpm_pinterest flagpm_sharelizer\">Pinterest<\/a><\/li> <li style=\"list-style:none;\"><a class=\"flagpm_button flagpm_stumbleupon flagpm_sharelizer\">StumbleUpon<\/a><\/li> <\/ul> <\/li> <\/ul> <ul class=\"flagpm_focus_like_fave flagpm_clearfix\"> <li style=\"list-style:none;\"><a class=\"flagpm_button flagpm_like\">Like<\/a><\/li> <\/ul> <ul class=\"flagpm_focus_arrows flagpm_clearfix\"> <li style=\"list-style:none;\"><a class=\"flagpm_button flagpm_photo_arrow_previous flagpm_prev\">Previous<\/a><\/li> <li style=\"list-style:none;\"><a class=\"flagpm_button flagpm_photo_arrow_next flagpm_next\">Next<\/a><\/li> <\/ul> <\/div> <div class=\"flagpm_name_wrap flagpm_clearfix flagpm_no_avatar\"> <div class=\"flagpm_title_author\"> <div class=\"flagpm_title\">080 Barcelona Spring-Summer 2017<\/div> <\/div> <\/div> <div class=\"flagpm_actions flagpm_clearfix\"> <div class=\"flagpm_carousel flagpm_has_previous flagpm_has_next\"> <div class=\"flagpm_previous_button\"><\/div> <div class=\"flagpm_photo_carousel\"> <div class=\"swiper-container swiper-small-images\"> <div class=\"swiper-wrapper\"><div class=\"swiper-slide flagpm_photo\" data-photo-id=\"25362\"><img decoding=\"async\" src=\"https:\/\/bobvarela.com\/wp-content\/flagallery\/samuel-alarcon-en-el-080-barcelona-fashion-primaveraverano-2017\/thumbs\/thumbs_samuel-alarcon_001.jpg\" data-src=\"https:\/\/bobvarela.com\/wp-content\/flagallery\/samuel-alarcon-en-el-080-barcelona-fashion-primaveraverano-2017\/thumbs\/thumbs_samuel-alarcon_001.jpg\" alt=\"080 Barcelona Spring-Summer 2017\" class=\"noLazy flagpm_photo swiper-lazy flagpm_photo_portrait\"><span class=\"swiper-lazy-preloader swiper-lazy-preloader-black\"><\/span><\/div><div class=\"swiper-slide flagpm_photo\" data-photo-id=\"25363\"><img data-src=\"https:\/\/bobvarela.com\/wp-content\/flagallery\/samuel-alarcon-en-el-080-barcelona-fashion-primaveraverano-2017\/thumbs\/thumbs_samuel-alarcon_002.jpg\" alt=\"080 Barcelona Spring-Summer 2017\" class=\"noLazy flagpm_photo swiper-lazy flagpm_photo_portrait\"><span class=\"swiper-lazy-preloader swiper-lazy-preloader-black\"><\/span><\/div><div class=\"swiper-slide flagpm_photo\" data-photo-id=\"25364\"><img data-src=\"https:\/\/bobvarela.com\/wp-content\/flagallery\/samuel-alarcon-en-el-080-barcelona-fashion-primaveraverano-2017\/thumbs\/thumbs_samuel-alarcon_003.jpg\" alt=\"080 Barcelona Spring-Summer 2017\" class=\"noLazy flagpm_photo swiper-lazy flagpm_photo_portrait\"><span class=\"swiper-lazy-preloader swiper-lazy-preloader-black\"><\/span><\/div><div class=\"swiper-slide flagpm_photo\" data-photo-id=\"25365\"><img data-src=\"https:\/\/bobvarela.com\/wp-content\/flagallery\/samuel-alarcon-en-el-080-barcelona-fashion-primaveraverano-2017\/thumbs\/thumbs_samuel-alarcon_004.jpg\" alt=\"080 Barcelona Spring-Summer 2017\" class=\"noLazy flagpm_photo swiper-lazy flagpm_photo_portrait\"><span class=\"swiper-lazy-preloader swiper-lazy-preloader-black\"><\/span><\/div><div class=\"swiper-slide flagpm_photo\" data-photo-id=\"25366\"><img data-src=\"https:\/\/bobvarela.com\/wp-content\/flagallery\/samuel-alarcon-en-el-080-barcelona-fashion-primaveraverano-2017\/thumbs\/thumbs_samuel-alarcon_005.jpg\" alt=\"080 Barcelona Spring-Summer 2017\" class=\"noLazy flagpm_photo swiper-lazy flagpm_photo_portrait\"><span class=\"swiper-lazy-preloader swiper-lazy-preloader-black\"><\/span><\/div><div class=\"swiper-slide flagpm_photo\" data-photo-id=\"25367\"><img data-src=\"https:\/\/bobvarela.com\/wp-content\/flagallery\/samuel-alarcon-en-el-080-barcelona-fashion-primaveraverano-2017\/thumbs\/thumbs_samuel-alarcon_006.jpg\" alt=\"080 Barcelona Spring-Summer 2017\" class=\"noLazy flagpm_photo swiper-lazy flagpm_photo_portrait\"><span class=\"swiper-lazy-preloader swiper-lazy-preloader-black\"><\/span><\/div><div class=\"swiper-slide flagpm_photo\" data-photo-id=\"25368\"><img data-src=\"https:\/\/bobvarela.com\/wp-content\/flagallery\/samuel-alarcon-en-el-080-barcelona-fashion-primaveraverano-2017\/thumbs\/thumbs_samuel-alarcon_007.jpg\" alt=\"080 Barcelona Spring-Summer 2017\" class=\"noLazy flagpm_photo swiper-lazy flagpm_photo_portrait\"><span class=\"swiper-lazy-preloader swiper-lazy-preloader-black\"><\/span><\/div><div class=\"swiper-slide flagpm_photo\" data-photo-id=\"25369\"><img data-src=\"https:\/\/bobvarela.com\/wp-content\/flagallery\/samuel-alarcon-en-el-080-barcelona-fashion-primaveraverano-2017\/thumbs\/thumbs_samuel-alarcon_008.jpg\" alt=\"080 Barcelona Spring-Summer 2017\" class=\"noLazy flagpm_photo swiper-lazy flagpm_photo_portrait\"><span class=\"swiper-lazy-preloader swiper-lazy-preloader-black\"><\/span><\/div><div class=\"swiper-slide flagpm_photo\" data-photo-id=\"25370\"><img data-src=\"https:\/\/bobvarela.com\/wp-content\/flagallery\/samuel-alarcon-en-el-080-barcelona-fashion-primaveraverano-2017\/thumbs\/thumbs_samuel-alarcon_009.jpg\" alt=\"080 Barcelona Spring-Summer 2017\" class=\"noLazy flagpm_photo swiper-lazy flagpm_photo_portrait\"><span class=\"swiper-lazy-preloader swiper-lazy-preloader-black\"><\/span><\/div><div class=\"swiper-slide flagpm_photo\" data-photo-id=\"25371\"><img data-src=\"https:\/\/bobvarela.com\/wp-content\/flagallery\/samuel-alarcon-en-el-080-barcelona-fashion-primaveraverano-2017\/thumbs\/thumbs_samuel-alarcon_010.jpg\" alt=\"080 Barcelona Spring-Summer 2017\" class=\"noLazy flagpm_photo swiper-lazy flagpm_photo_portrait\"><span class=\"swiper-lazy-preloader swiper-lazy-preloader-black\"><\/span><\/div><div class=\"swiper-slide flagpm_photo\" data-photo-id=\"25372\"><img data-src=\"https:\/\/bobvarela.com\/wp-content\/flagallery\/samuel-alarcon-en-el-080-barcelona-fashion-primaveraverano-2017\/thumbs\/thumbs_samuel-alarcon_011.jpg\" alt=\"080 Barcelona Spring-Summer 2017\" class=\"noLazy flagpm_photo swiper-lazy flagpm_photo_portrait\"><span class=\"swiper-lazy-preloader swiper-lazy-preloader-black\"><\/span><\/div><div class=\"swiper-slide flagpm_photo\" data-photo-id=\"25373\"><img data-src=\"https:\/\/bobvarela.com\/wp-content\/flagallery\/samuel-alarcon-en-el-080-barcelona-fashion-primaveraverano-2017\/thumbs\/thumbs_samuel-alarcon_012.jpg\" alt=\"080 Barcelona Spring-Summer 2017\" class=\"noLazy flagpm_photo swiper-lazy flagpm_photo_portrait\"><span class=\"swiper-lazy-preloader swiper-lazy-preloader-black\"><\/span><\/div><div class=\"swiper-slide flagpm_photo\" data-photo-id=\"25374\"><img data-src=\"https:\/\/bobvarela.com\/wp-content\/flagallery\/samuel-alarcon-en-el-080-barcelona-fashion-primaveraverano-2017\/thumbs\/thumbs_samuel-alarcon_013.jpg\" alt=\"080 Barcelona Spring-Summer 2017\" class=\"noLazy flagpm_photo swiper-lazy flagpm_photo_portrait\"><span class=\"swiper-lazy-preloader swiper-lazy-preloader-black\"><\/span><\/div><div class=\"swiper-slide flagpm_photo\" data-photo-id=\"25375\"><img data-src=\"https:\/\/bobvarela.com\/wp-content\/flagallery\/samuel-alarcon-en-el-080-barcelona-fashion-primaveraverano-2017\/thumbs\/thumbs_samuel-alarcon_014.jpg\" alt=\"080 Barcelona Spring-Summer 2017\" class=\"noLazy flagpm_photo swiper-lazy flagpm_photo_portrait\"><span class=\"swiper-lazy-preloader swiper-lazy-preloader-black\"><\/span><\/div><div class=\"swiper-slide flagpm_photo\" data-photo-id=\"25376\"><img data-src=\"https:\/\/bobvarela.com\/wp-content\/flagallery\/samuel-alarcon-en-el-080-barcelona-fashion-primaveraverano-2017\/thumbs\/thumbs_samuel-alarcon_015.jpg\" alt=\"080 Barcelona Spring-Summer 2017\" class=\"noLazy flagpm_photo swiper-lazy flagpm_photo_portrait\"><span class=\"swiper-lazy-preloader swiper-lazy-preloader-black\"><\/span><\/div><div class=\"swiper-slide flagpm_photo\" data-photo-id=\"25377\"><img data-src=\"https:\/\/bobvarela.com\/wp-content\/flagallery\/samuel-alarcon-en-el-080-barcelona-fashion-primaveraverano-2017\/thumbs\/thumbs_samuel-alarcon_016.jpg\" alt=\"080 Barcelona Spring-Summer 2017\" class=\"noLazy flagpm_photo swiper-lazy flagpm_photo_portrait\"><span class=\"swiper-lazy-preloader swiper-lazy-preloader-black\"><\/span><\/div><div class=\"swiper-slide flagpm_photo\" data-photo-id=\"25378\"><img data-src=\"https:\/\/bobvarela.com\/wp-content\/flagallery\/samuel-alarcon-en-el-080-barcelona-fashion-primaveraverano-2017\/thumbs\/thumbs_samuel-alarcon_017.jpg\" alt=\"080 Barcelona Spring-Summer 2017\" class=\"noLazy flagpm_photo swiper-lazy flagpm_photo_portrait\"><span class=\"swiper-lazy-preloader swiper-lazy-preloader-black\"><\/span><\/div><div class=\"swiper-slide flagpm_photo\" data-photo-id=\"25379\"><img data-src=\"https:\/\/bobvarela.com\/wp-content\/flagallery\/samuel-alarcon-en-el-080-barcelona-fashion-primaveraverano-2017\/thumbs\/thumbs_samuel-alarcon_018.jpg\" alt=\"080 Barcelona Spring-Summer 2017\" class=\"noLazy flagpm_photo swiper-lazy flagpm_photo_portrait\"><span class=\"swiper-lazy-preloader swiper-lazy-preloader-black\"><\/span><\/div><div class=\"swiper-slide flagpm_photo\" data-photo-id=\"25380\"><img data-src=\"https:\/\/bobvarela.com\/wp-content\/flagallery\/samuel-alarcon-en-el-080-barcelona-fashion-primaveraverano-2017\/thumbs\/thumbs_samuel-alarcon_019.jpg\" alt=\"080 Barcelona Spring-Summer 2017\" class=\"noLazy flagpm_photo swiper-lazy flagpm_photo_portrait\"><span class=\"swiper-lazy-preloader swiper-lazy-preloader-black\"><\/span><\/div><div class=\"swiper-slide flagpm_photo\" data-photo-id=\"25381\"><img data-src=\"https:\/\/bobvarela.com\/wp-content\/flagallery\/samuel-alarcon-en-el-080-barcelona-fashion-primaveraverano-2017\/thumbs\/thumbs_samuel-alarcon_020.jpg\" alt=\"080 Barcelona Spring-Summer 2017\" class=\"noLazy flagpm_photo swiper-lazy flagpm_photo_portrait\"><span class=\"swiper-lazy-preloader swiper-lazy-preloader-black\"><\/span><\/div><div class=\"swiper-slide flagpm_photo\" data-photo-id=\"25382\"><img data-src=\"https:\/\/bobvarela.com\/wp-content\/flagallery\/samuel-alarcon-en-el-080-barcelona-fashion-primaveraverano-2017\/thumbs\/thumbs_samuel-alarcon_021.jpg\" alt=\"080 Barcelona Spring-Summer 2017\" class=\"noLazy flagpm_photo swiper-lazy flagpm_photo_portrait\"><span class=\"swiper-lazy-preloader swiper-lazy-preloader-black\"><\/span><\/div><div class=\"swiper-slide flagpm_photo\" data-photo-id=\"25383\"><img data-src=\"https:\/\/bobvarela.com\/wp-content\/flagallery\/samuel-alarcon-en-el-080-barcelona-fashion-primaveraverano-2017\/thumbs\/thumbs_samuel-alarcon_022.jpg\" alt=\"080 Barcelona Spring-Summer 2017\" class=\"noLazy flagpm_photo swiper-lazy flagpm_photo_portrait\"><span class=\"swiper-lazy-preloader swiper-lazy-preloader-black\"><\/span><\/div><div class=\"swiper-slide flagpm_photo\" data-photo-id=\"25384\"><img data-src=\"https:\/\/bobvarela.com\/wp-content\/flagallery\/samuel-alarcon-en-el-080-barcelona-fashion-primaveraverano-2017\/thumbs\/thumbs_samuel-alarcon_023.jpg\" alt=\"080 Barcelona Spring-Summer 2017\" class=\"noLazy flagpm_photo swiper-lazy flagpm_photo_portrait\"><span class=\"swiper-lazy-preloader swiper-lazy-preloader-black\"><\/span><\/div><div class=\"swiper-slide flagpm_photo\" data-photo-id=\"25385\"><img data-src=\"https:\/\/bobvarela.com\/wp-content\/flagallery\/samuel-alarcon-en-el-080-barcelona-fashion-primaveraverano-2017\/thumbs\/thumbs_samuel-alarcon_024.jpg\" alt=\"080 Barcelona Spring-Summer 2017\" class=\"noLazy flagpm_photo swiper-lazy flagpm_photo_portrait\"><span class=\"swiper-lazy-preloader swiper-lazy-preloader-black\"><\/span><\/div><div class=\"swiper-slide flagpm_photo\" data-photo-id=\"25386\"><img data-src=\"https:\/\/bobvarela.com\/wp-content\/flagallery\/samuel-alarcon-en-el-080-barcelona-fashion-primaveraverano-2017\/thumbs\/thumbs_samuel-alarcon_025.jpg\" alt=\"080 Barcelona Spring-Summer 2017\" class=\"noLazy flagpm_photo swiper-lazy flagpm_photo_portrait\"><span class=\"swiper-lazy-preloader swiper-lazy-preloader-black\"><\/span><\/div><div class=\"swiper-slide flagpm_photo\" data-photo-id=\"25387\"><img data-src=\"https:\/\/bobvarela.com\/wp-content\/flagallery\/samuel-alarcon-en-el-080-barcelona-fashion-primaveraverano-2017\/thumbs\/thumbs_samuel-alarcon_026.jpg\" alt=\"080 Barcelona Spring-Summer 2017\" class=\"noLazy flagpm_photo swiper-lazy flagpm_photo_portrait\"><span class=\"swiper-lazy-preloader swiper-lazy-preloader-black\"><\/span><\/div><div class=\"swiper-slide flagpm_photo\" data-photo-id=\"25388\"><img data-src=\"https:\/\/bobvarela.com\/wp-content\/flagallery\/samuel-alarcon-en-el-080-barcelona-fashion-primaveraverano-2017\/thumbs\/thumbs_samuel-alarcon_027.jpg\" alt=\"080 Barcelona Spring-Summer 2017\" class=\"noLazy flagpm_photo swiper-lazy flagpm_photo_portrait\"><span class=\"swiper-lazy-preloader swiper-lazy-preloader-black\"><\/span><\/div><div class=\"swiper-slide flagpm_photo\" data-photo-id=\"25389\"><img data-src=\"https:\/\/bobvarela.com\/wp-content\/flagallery\/samuel-alarcon-en-el-080-barcelona-fashion-primaveraverano-2017\/thumbs\/thumbs_samuel-alarcon_028.jpg\" alt=\"080 Barcelona Spring-Summer 2017\" class=\"noLazy flagpm_photo swiper-lazy flagpm_photo_portrait\"><span class=\"swiper-lazy-preloader swiper-lazy-preloader-black\"><\/span><\/div><div class=\"swiper-slide flagpm_photo\" data-photo-id=\"25390\"><img data-src=\"https:\/\/bobvarela.com\/wp-content\/flagallery\/samuel-alarcon-en-el-080-barcelona-fashion-primaveraverano-2017\/thumbs\/thumbs_samuel-alarcon_029.jpg\" alt=\"080 Barcelona Spring-Summer 2017\" class=\"noLazy flagpm_photo swiper-lazy flagpm_photo_portrait\"><span class=\"swiper-lazy-preloader swiper-lazy-preloader-black\"><\/span><\/div><div class=\"swiper-slide flagpm_photo\" data-photo-id=\"25391\"><img data-src=\"https:\/\/bobvarela.com\/wp-content\/flagallery\/samuel-alarcon-en-el-080-barcelona-fashion-primaveraverano-2017\/thumbs\/thumbs_samuel-alarcon_030.jpg\" alt=\"080 Barcelona Spring-Summer 2017\" class=\"noLazy flagpm_photo swiper-lazy flagpm_photo_portrait\"><span class=\"swiper-lazy-preloader swiper-lazy-preloader-black\"><\/span><\/div><div class=\"swiper-slide flagpm_photo\" data-photo-id=\"25392\"><img data-src=\"https:\/\/bobvarela.com\/wp-content\/flagallery\/samuel-alarcon-en-el-080-barcelona-fashion-primaveraverano-2017\/thumbs\/thumbs_samuel-alarcon_031.jpg\" alt=\"080 Barcelona Spring-Summer 2017\" class=\"noLazy flagpm_photo swiper-lazy flagpm_photo_portrait\"><span class=\"swiper-lazy-preloader swiper-lazy-preloader-black\"><\/span><\/div><div class=\"swiper-slide flagpm_photo\" data-photo-id=\"25393\"><img data-src=\"https:\/\/bobvarela.com\/wp-content\/flagallery\/samuel-alarcon-en-el-080-barcelona-fashion-primaveraverano-2017\/thumbs\/thumbs_samuel-alarcon_032.jpg\" alt=\"080 Barcelona Spring-Summer 2017\" class=\"noLazy flagpm_photo swiper-lazy flagpm_photo_portrait\"><span class=\"swiper-lazy-preloader swiper-lazy-preloader-black\"><\/span><\/div><div class=\"swiper-slide flagpm_photo\" data-photo-id=\"25394\"><img data-src=\"https:\/\/bobvarela.com\/wp-content\/flagallery\/samuel-alarcon-en-el-080-barcelona-fashion-primaveraverano-2017\/thumbs\/thumbs_samuel-alarcon_033.jpg\" alt=\"080 Barcelona Spring-Summer 2017\" class=\"noLazy flagpm_photo swiper-lazy flagpm_photo_portrait\"><span class=\"swiper-lazy-preloader swiper-lazy-preloader-black\"><\/span><\/div><div class=\"swiper-slide flagpm_photo\" data-photo-id=\"25395\"><img data-src=\"https:\/\/bobvarela.com\/wp-content\/flagallery\/samuel-alarcon-en-el-080-barcelona-fashion-primaveraverano-2017\/thumbs\/thumbs_samuel-alarcon_034.jpg\" alt=\"080 Barcelona Spring-Summer 2017\" class=\"noLazy flagpm_photo swiper-lazy flagpm_photo_portrait\"><span class=\"swiper-lazy-preloader swiper-lazy-preloader-black\"><\/span><\/div><div class=\"swiper-slide flagpm_photo\" data-photo-id=\"25396\"><img data-src=\"https:\/\/bobvarela.com\/wp-content\/flagallery\/samuel-alarcon-en-el-080-barcelona-fashion-primaveraverano-2017\/thumbs\/thumbs_samuel-alarcon_035.jpg\" alt=\"080 Barcelona Spring-Summer 2017\" class=\"noLazy flagpm_photo swiper-lazy flagpm_photo_portrait\"><span class=\"swiper-lazy-preloader swiper-lazy-preloader-black\"><\/span><\/div><div class=\"swiper-slide flagpm_photo\" data-photo-id=\"25397\"><img data-src=\"https:\/\/bobvarela.com\/wp-content\/flagallery\/samuel-alarcon-en-el-080-barcelona-fashion-primaveraverano-2017\/thumbs\/thumbs_samuel-alarcon_036.jpg\" alt=\"080 Barcelona Spring-Summer 2017\" class=\"noLazy flagpm_photo swiper-lazy flagpm_photo_portrait\"><span class=\"swiper-lazy-preloader swiper-lazy-preloader-black\"><\/span><\/div><div class=\"swiper-slide flagpm_photo\" data-photo-id=\"25398\"><img data-src=\"https:\/\/bobvarela.com\/wp-content\/flagallery\/samuel-alarcon-en-el-080-barcelona-fashion-primaveraverano-2017\/thumbs\/thumbs_samuel-alarcon_037.jpg\" alt=\"080 Barcelona Spring-Summer 2017\" class=\"noLazy flagpm_photo swiper-lazy flagpm_photo_portrait\"><span class=\"swiper-lazy-preloader swiper-lazy-preloader-black\"><\/span><\/div><div class=\"swiper-slide flagpm_photo\" data-photo-id=\"25399\"><img data-src=\"https:\/\/bobvarela.com\/wp-content\/flagallery\/samuel-alarcon-en-el-080-barcelona-fashion-primaveraverano-2017\/thumbs\/thumbs_samuel-alarcon_038.jpg\" alt=\"080 Barcelona Spring-Summer 2017\" class=\"noLazy flagpm_photo swiper-lazy flagpm_photo_portrait\"><span class=\"swiper-lazy-preloader swiper-lazy-preloader-black\"><\/span><\/div><div class=\"swiper-slide flagpm_photo\" data-photo-id=\"25400\"><img data-src=\"https:\/\/bobvarela.com\/wp-content\/flagallery\/samuel-alarcon-en-el-080-barcelona-fashion-primaveraverano-2017\/thumbs\/thumbs_samuel-alarcon_039.jpg\" alt=\"080 Barcelona Spring-Summer 2017\" class=\"noLazy flagpm_photo swiper-lazy flagpm_photo_portrait\"><span class=\"swiper-lazy-preloader swiper-lazy-preloader-black\"><\/span><\/div><div class=\"swiper-slide flagpm_photo\" data-photo-id=\"25401\"><img data-src=\"https:\/\/bobvarela.com\/wp-content\/flagallery\/samuel-alarcon-en-el-080-barcelona-fashion-primaveraverano-2017\/thumbs\/thumbs_samuel-alarcon_040.jpg\" alt=\"080 Barcelona Spring-Summer 2017\" class=\"noLazy flagpm_photo swiper-lazy flagpm_photo_portrait\"><span class=\"swiper-lazy-preloader swiper-lazy-preloader-black\"><\/span><\/div><div class=\"swiper-slide flagpm_photo\" data-photo-id=\"25402\"><img data-src=\"https:\/\/bobvarela.com\/wp-content\/flagallery\/samuel-alarcon-en-el-080-barcelona-fashion-primaveraverano-2017\/thumbs\/thumbs_samuel-alarcon_041.jpg\" alt=\"080 Barcelona Spring-Summer 2017\" class=\"noLazy flagpm_photo swiper-lazy flagpm_photo_portrait\"><span class=\"swiper-lazy-preloader swiper-lazy-preloader-black\"><\/span><\/div><div class=\"swiper-slide flagpm_photo\" data-photo-id=\"25403\"><img data-src=\"https:\/\/bobvarela.com\/wp-content\/flagallery\/samuel-alarcon-en-el-080-barcelona-fashion-primaveraverano-2017\/thumbs\/thumbs_samuel-alarcon_042.jpg\" alt=\"080 Barcelona Spring-Summer 2017\" class=\"noLazy flagpm_photo swiper-lazy flagpm_photo_portrait\"><span class=\"swiper-lazy-preloader swiper-lazy-preloader-black\"><\/span><\/div><div class=\"swiper-slide flagpm_photo\" data-photo-id=\"25404\"><img data-src=\"https:\/\/bobvarela.com\/wp-content\/flagallery\/samuel-alarcon-en-el-080-barcelona-fashion-primaveraverano-2017\/thumbs\/thumbs_samuel-alarcon_043.jpg\" alt=\"080 Barcelona Spring-Summer 2017\" class=\"noLazy flagpm_photo swiper-lazy flagpm_photo_portrait\"><span class=\"swiper-lazy-preloader swiper-lazy-preloader-black\"><\/span><\/div><div class=\"swiper-slide flagpm_photo\" data-photo-id=\"25405\"><img data-src=\"https:\/\/bobvarela.com\/wp-content\/flagallery\/samuel-alarcon-en-el-080-barcelona-fashion-primaveraverano-2017\/thumbs\/thumbs_samuel-alarcon_044.jpg\" alt=\"080 Barcelona Spring-Summer 2017\" class=\"noLazy flagpm_photo swiper-lazy flagpm_photo_portrait\"><span class=\"swiper-lazy-preloader swiper-lazy-preloader-black\"><\/span><\/div><div class=\"swiper-slide flagpm_photo\" data-photo-id=\"25406\"><img data-src=\"https:\/\/bobvarela.com\/wp-content\/flagallery\/samuel-alarcon-en-el-080-barcelona-fashion-primaveraverano-2017\/thumbs\/thumbs_samuel-alarcon_045.jpg\" alt=\"080 Barcelona Spring-Summer 2017\" class=\"noLazy flagpm_photo swiper-lazy flagpm_photo_portrait\"><span class=\"swiper-lazy-preloader swiper-lazy-preloader-black\"><\/span><\/div><div class=\"swiper-slide flagpm_photo\" data-photo-id=\"25407\"><img data-src=\"https:\/\/bobvarela.com\/wp-content\/flagallery\/samuel-alarcon-en-el-080-barcelona-fashion-primaveraverano-2017\/thumbs\/thumbs_samuel-alarcon_046.jpg\" alt=\"080 Barcelona Spring-Summer 2017\" class=\"noLazy flagpm_photo swiper-lazy flagpm_photo_portrait\"><span class=\"swiper-lazy-preloader swiper-lazy-preloader-black\"><\/span><\/div><div class=\"swiper-slide flagpm_photo\" data-photo-id=\"25408\"><img data-src=\"https:\/\/bobvarela.com\/wp-content\/flagallery\/samuel-alarcon-en-el-080-barcelona-fashion-primaveraverano-2017\/thumbs\/thumbs_samuel-alarcon_047.jpg\" alt=\"080 Barcelona Spring-Summer 2017\" class=\"noLazy flagpm_photo swiper-lazy flagpm_photo_portrait\"><span class=\"swiper-lazy-preloader swiper-lazy-preloader-black\"><\/span><\/div><div class=\"swiper-slide flagpm_photo\" data-photo-id=\"25409\"><img data-src=\"https:\/\/bobvarela.com\/wp-content\/flagallery\/samuel-alarcon-en-el-080-barcelona-fashion-primaveraverano-2017\/thumbs\/thumbs_samuel-alarcon_048.jpg\" alt=\"080 Barcelona Spring-Summer 2017\" class=\"noLazy flagpm_photo swiper-lazy flagpm_photo_landscape\"><span class=\"swiper-lazy-preloader swiper-lazy-preloader-black\"><\/span><\/div><div class=\"swiper-slide flagpm_photo\" data-photo-id=\"25410\"><img data-src=\"https:\/\/bobvarela.com\/wp-content\/flagallery\/samuel-alarcon-en-el-080-barcelona-fashion-primaveraverano-2017\/thumbs\/thumbs_samuel-alarcon_049.jpg\" alt=\"080 Barcelona Spring-Summer 2017\" class=\"noLazy flagpm_photo swiper-lazy flagpm_photo_portrait\"><span class=\"swiper-lazy-preloader swiper-lazy-preloader-black\"><\/span><\/div><div class=\"swiper-slide flagpm_photo\" data-photo-id=\"25411\"><img data-src=\"https:\/\/bobvarela.com\/wp-content\/flagallery\/samuel-alarcon-en-el-080-barcelona-fashion-primaveraverano-2017\/thumbs\/thumbs_samuel-alarcon_050.jpg\" alt=\"080 Barcelona Spring-Summer 2017\" class=\"noLazy flagpm_photo swiper-lazy flagpm_photo_portrait\"><span class=\"swiper-lazy-preloader swiper-lazy-preloader-black\"><\/span><\/div><div class=\"swiper-slide flagpm_photo\" data-photo-id=\"25412\"><img data-src=\"https:\/\/bobvarela.com\/wp-content\/flagallery\/samuel-alarcon-en-el-080-barcelona-fashion-primaveraverano-2017\/thumbs\/thumbs_samuel-alarcon_051.jpg\" alt=\"080 Barcelona Spring-Summer 2017\" class=\"noLazy flagpm_photo swiper-lazy flagpm_photo_portrait\"><span class=\"swiper-lazy-preloader swiper-lazy-preloader-black\"><\/span><\/div><div class=\"swiper-slide flagpm_photo\" data-photo-id=\"25413\"><img data-src=\"https:\/\/bobvarela.com\/wp-content\/flagallery\/samuel-alarcon-en-el-080-barcelona-fashion-primaveraverano-2017\/thumbs\/thumbs_samuel-alarcon_052.jpg\" alt=\"080 Barcelona Spring-Summer 2017\" class=\"noLazy flagpm_photo swiper-lazy flagpm_photo_portrait\"><span class=\"swiper-lazy-preloader swiper-lazy-preloader-black\"><\/span><\/div><div class=\"swiper-slide flagpm_photo\" data-photo-id=\"25414\"><img data-src=\"https:\/\/bobvarela.com\/wp-content\/flagallery\/samuel-alarcon-en-el-080-barcelona-fashion-primaveraverano-2017\/thumbs\/thumbs_samuel-alarcon_053.jpg\" alt=\"080 Barcelona Spring-Summer 2017\" class=\"noLazy flagpm_photo swiper-lazy flagpm_photo_portrait\"><span class=\"swiper-lazy-preloader swiper-lazy-preloader-black\"><\/span><\/div><div class=\"swiper-slide flagpm_photo\" data-photo-id=\"25415\"><img data-src=\"https:\/\/bobvarela.com\/wp-content\/flagallery\/samuel-alarcon-en-el-080-barcelona-fashion-primaveraverano-2017\/thumbs\/thumbs_samuel-alarcon_054.jpg\" alt=\"080 Barcelona Spring-Summer 2017\" class=\"noLazy flagpm_photo swiper-lazy flagpm_photo_portrait\"><span class=\"swiper-lazy-preloader swiper-lazy-preloader-black\"><\/span><\/div><div class=\"swiper-slide flagpm_photo\" data-photo-id=\"25416\"><img data-src=\"https:\/\/bobvarela.com\/wp-content\/flagallery\/samuel-alarcon-en-el-080-barcelona-fashion-primaveraverano-2017\/thumbs\/thumbs_samuel-alarcon_055.jpg\" alt=\"080 Barcelona Spring-Summer 2017\" class=\"noLazy flagpm_photo swiper-lazy flagpm_photo_portrait\"><span class=\"swiper-lazy-preloader swiper-lazy-preloader-black\"><\/span><\/div><div class=\"swiper-slide flagpm_photo\" data-photo-id=\"25417\"><img data-src=\"https:\/\/bobvarela.com\/wp-content\/flagallery\/samuel-alarcon-en-el-080-barcelona-fashion-primaveraverano-2017\/thumbs\/thumbs_samuel-alarcon_056.jpg\" alt=\"080 Barcelona Spring-Summer 2017\" class=\"noLazy flagpm_photo swiper-lazy flagpm_photo_landscape\"><span class=\"swiper-lazy-preloader swiper-lazy-preloader-black\"><\/span><\/div><div class=\"swiper-slide flagpm_photo\" data-photo-id=\"25418\"><img data-src=\"https:\/\/bobvarela.com\/wp-content\/flagallery\/samuel-alarcon-en-el-080-barcelona-fashion-primaveraverano-2017\/thumbs\/thumbs_samuel-alarcon_057.jpg\" alt=\"080 Barcelona Spring-Summer 2017\" class=\"noLazy flagpm_photo swiper-lazy flagpm_photo_landscape\"><span class=\"swiper-lazy-preloader swiper-lazy-preloader-black\"><\/span><\/div><div class=\"swiper-slide flagpm_photo\" data-photo-id=\"25419\"><img data-src=\"https:\/\/bobvarela.com\/wp-content\/flagallery\/samuel-alarcon-en-el-080-barcelona-fashion-primaveraverano-2017\/thumbs\/thumbs_samuel-alarcon_058.jpg\" alt=\"080 Barcelona Spring-Summer 2017\" class=\"noLazy flagpm_photo swiper-lazy flagpm_photo_portrait\"><span class=\"swiper-lazy-preloader swiper-lazy-preloader-black\"><\/span><\/div><div class=\"swiper-slide flagpm_photo\" data-photo-id=\"25420\"><img data-src=\"https:\/\/bobvarela.com\/wp-content\/flagallery\/samuel-alarcon-en-el-080-barcelona-fashion-primaveraverano-2017\/thumbs\/thumbs_samuel-alarcon_059.jpg\" alt=\"080 Barcelona Spring-Summer 2017\" class=\"noLazy flagpm_photo swiper-lazy flagpm_photo_portrait\"><span class=\"swiper-lazy-preloader swiper-lazy-preloader-black\"><\/span><\/div> <\/div> <\/div> <\/div> <div class=\"flagpm_next_button\"><\/div> <\/div> <div class=\"flagpm_big_button_wrap\"> <div class=\"flagpm_share_wrapper\"> <a class=\"flagpm_button flagpm_share\">Share<\/a> <div class=\"flagpm_sharelizers_wrap\"> <ul class=\"flagpm_sharelizers\"> <li style=\"list-style:none;\"><a class=\"flagpm_button flagpm_facebook flagpm_sharelizer\">Facebook<\/a><\/li> <li style=\"list-style:none;\"><a class=\"flagpm_button flagpm_twitter flagpm_sharelizer\">Twitter<\/a><\/li> <li style=\"list-style:none;\"><a class=\"flagpm_button flagpm_pinterest flagpm_sharelizer\">Pinterest<\/a><\/li> <li style=\"list-style:none;\"><a class=\"flagpm_button flagpm_stumbleupon flagpm_sharelizer\">StumbleUpon<\/a><\/li> <\/ul> <\/div> <\/div> <a class=\"flagpm_button flagpm_like\">Like<\/a> <\/div> <div class=\"flagpm_big_button_wrap\"> <a class=\"flagpm_big_button flagpm_download_button\" href=\"https:\/\/bobvarela.com\/wp-content\/flagallery\/samuel-alarcon-en-el-080-barcelona-fashion-primaveraverano-2017\/samuel-alarcon_001.jpg\" download=\"samuel-alarcon_001.jpg\"> <span class=\"flagpm_icon\"><\/span> <span class=\"flagpm_label\">Download<\/span> <\/a> <\/div> <div class=\"flagpm_big_button_wrap\"> <a class=\"flagpm_big_button flagpm_link_button flagpm_inactive\" > <span class=\"flagpm_icon\"><\/span> <span class=\"flagpm_label\">Open Link<\/span> <\/a> <\/div> <\/div> <\/div> <\/div> <div class=\"flagpm_focus_close_full\"> <span><a class=\"flagpm_button flagpm_close\">Close<\/a><\/span> <span><a class=\"flagpm_button flagpm_full\">Full<\/a><\/span> <\/div> <div class=\"flagpm_photo_details\"> <div class=\"flagpm_description_wrap\"> <div class=\"details_title\">Description<\/div> <div class=\"flagpm_description_text_wrap\"> <div class=\"flagpm_slide_description\"><p>080 Barcelona Spring-Summer 2017<\/p><\/div> <\/div> <\/div> <\/div> <div class=\"flagpm_focus_footer\"> <div class=\"flagpm_focus_keyboard\"> <div class=\"flagpm_focus_keyboard_title\">Keyboard Shortcuts <a class=\"flagpm_focus_keyboard_dismiss\">Dismiss<\/a><\/div> <ul> <li style=\"list-style:none;\"><a data-key=\"p\" class=\"flagpm_key\">S<\/a><span class=\"flagpm_label\">Slideshow<\/span><\/li> <li style=\"list-style:none;\"><a data-key=\"m\" class=\"flagpm_key\">M<\/a><span class=\"flagpm_label\">Maximize<\/span><\/li> <li style=\"list-style:none;\"><a data-key=\"left\" class=\"flagpm_key\">&nbsp;<\/a><span class=\"flagpm_label\">Previous<\/span><\/li> <li style=\"list-style:none;\"><a data-key=\"right\" class=\"flagpm_key\">&nbsp;<\/a><span class=\"flagpm_label\">Next<\/span><\/li> <li style=\"list-style:none;\"><a data-key=\"escape\" class=\"flagpm_key flagpm_esc\">esc<\/a><span class=\"flagpm_label\">Close<\/span><\/li> <\/ul> <\/div> <\/div> <\/div> <script type=\"text\/javascript\"> jQuery(function($) { var settings = {\"base_gallery_width\":\"800\",\"base_gallery_height\":\"500\",\"gallery_min_height\":\"230\",\"scale_mode\":\"fit\",\"initial_slide\":0,\"slideshow_autoplay\":\"0\",\"slideshow_delay\":\"7000\",\"gallery_focus\":\"0\",\"gallery_maximized\":\"0\",\"gallery_focus_maximized\":\"0\",\"keyboard_help\":\"1\",\"show_download_button\":\"1\",\"show_link_button\":\"1\",\"show_description\":\"1\",\"show_share_button\":\"1\",\"show_like_button\":\"1\",\"link_color\":\"#0099e5\",\"link_color_hover\":\"#02adea\",\"download_button_text\":\"Download\",\"link_button_text\":\"Open Link\",\"description_title\":\"Description\",\"key\":\"\",\"name\":\"\",\"gallID\":\"sc1_349\"}; var content = {\"data\":[{\"id\":\"25362\",\"image\":\"https:\\\/\\\/bobvarela.com\\\/wp-content\\\/flagallery\\\/samuel-alarcon-en-el-080-barcelona-fashion-primaveraverano-2017\\\/webview\\\/samuel-alarcon_001.jpg\",\"thumb\":\"https:\\\/\\\/bobvarela.com\\\/wp-content\\\/flagallery\\\/samuel-alarcon-en-el-080-barcelona-fashion-primaveraverano-2017\\\/thumbs\\\/thumbs_samuel-alarcon_001.jpg\",\"file\":\"samuel-alarcon_001.jpg\",\"meta\":{\"aperture\":false,\"credit\":false,\"camera\":false,\"caption\":\"080 Barcelona Spring-Summer 2017\",\"created_timestamp\":\"June 29, 2016 1:03 pm\",\"copyright\":\"\\u00c2\\u00a9 2016 Estrop-Barcelona PHOTOGRAPH FOR FASHION EDITORIAL USE ONLY\",\"focal_length\":false,\"iso\":false,\"shutter_speed\":false,\"flash\":false,\"title\":\"080 Barcelona Spring-Summer 2017\",\"keywords\":\"080 Barcelona,Estrop-Barcelona,INEF,Spring-Summer 2017\",\"width\":1333,\"height\":2000,\"saved\":true,\"thumbnail\":{\"width\":220,\"height\":220,\"ewww_image_optimizer\":\"Reduced by 9.6% (2.7&nbsp;kB)\"},\"webview\":{\"0\":800,\"1\":1200,\"2\":2,\"3\":\"width=\\\"800\\\" height=\\\"1200\\\"\",\"bits\":8,\"channels\":3,\"mime\":\"image\\\/jpeg\",\"ewww_image_optimizer\":\"Reduced by 5.6% (5.4&nbsp;kB) - Previously Optimized\"},\"0\":false,\"ewww_image_optimizer\":\"Reduced by 16.9% (40.8&nbsp;kB)\",\"views\":\"105\",\"likes\":\"0\"},\"title\":\"080 Barcelona Spring-Summer 2017\",\"description\":\"<p>080 Barcelona Spring-Summer 2017<\\\/p>\",\"link\":null,\"link_target\":\"\",\"download\":\"https:\\\/\\\/bobvarela.com\\\/wp-content\\\/flagallery\\\/samuel-alarcon-en-el-080-barcelona-fashion-primaveraverano-2017\\\/samuel-alarcon_001.jpg\",\"ratio\":0.66666666666666662965923251249478198587894439697265625},{\"id\":\"25363\",\"image\":\"https:\\\/\\\/bobvarela.com\\\/wp-content\\\/flagallery\\\/samuel-alarcon-en-el-080-barcelona-fashion-primaveraverano-2017\\\/webview\\\/samuel-alarcon_002.jpg\",\"thumb\":\"https:\\\/\\\/bobvarela.com\\\/wp-content\\\/flagallery\\\/samuel-alarcon-en-el-080-barcelona-fashion-primaveraverano-2017\\\/thumbs\\\/thumbs_samuel-alarcon_002.jpg\",\"file\":\"samuel-alarcon_002.jpg\",\"meta\":{\"aperture\":false,\"credit\":false,\"camera\":false,\"caption\":\"080 Barcelona Spring-Summer 2017\",\"created_timestamp\":\"June 29, 2016 1:04 pm\",\"copyright\":\"\\u00c2\\u00a9 2016 Estrop-Barcelona PHOTOGRAPH FOR FASHION EDITORIAL USE ONLY\",\"focal_length\":false,\"iso\":false,\"shutter_speed\":false,\"flash\":false,\"title\":\"080 Barcelona Spring-Summer 2017\",\"keywords\":\"080 Barcelona,Estrop-Barcelona,INEF,Spring-Summer 2017\",\"width\":1333,\"height\":2000,\"saved\":true,\"thumbnail\":{\"width\":220,\"height\":220,\"ewww_image_optimizer\":\"Reduced by 7.7% (2.7&nbsp;kB)\"},\"webview\":{\"0\":800,\"1\":1200,\"2\":2,\"3\":\"width=\\\"800\\\" height=\\\"1200\\\"\",\"bits\":8,\"channels\":3,\"mime\":\"image\\\/jpeg\",\"ewww_image_optimizer\":\"Reduced by 3.9% (6.3&nbsp;kB) - Previously Optimized\"},\"0\":false,\"ewww_image_optimizer\":\"Reduced by 26.6% (78.5&nbsp;kB)\",\"views\":\"1\",\"likes\":\"0\"},\"title\":\"080 Barcelona Spring-Summer 2017\",\"description\":\"<p>080 Barcelona Spring-Summer 2017<\\\/p>\",\"link\":null,\"link_target\":\"\",\"download\":\"https:\\\/\\\/bobvarela.com\\\/wp-content\\\/flagallery\\\/samuel-alarcon-en-el-080-barcelona-fashion-primaveraverano-2017\\\/samuel-alarcon_002.jpg\",\"ratio\":0.66666666666666662965923251249478198587894439697265625},{\"id\":\"25364\",\"image\":\"https:\\\/\\\/bobvarela.com\\\/wp-content\\\/flagallery\\\/samuel-alarcon-en-el-080-barcelona-fashion-primaveraverano-2017\\\/webview\\\/samuel-alarcon_003.jpg\",\"thumb\":\"https:\\\/\\\/bobvarela.com\\\/wp-content\\\/flagallery\\\/samuel-alarcon-en-el-080-barcelona-fashion-primaveraverano-2017\\\/thumbs\\\/thumbs_samuel-alarcon_003.jpg\",\"file\":\"samuel-alarcon_003.jpg\",\"meta\":{\"aperture\":false,\"credit\":false,\"camera\":false,\"caption\":\"080 Barcelona Spring-Summer 2017\",\"created_timestamp\":\"June 29, 2016 1:04 pm\",\"copyright\":\"\\u00c2\\u00a9 2016 Estrop-Barcelona PHOTOGRAPH FOR FASHION EDITORIAL USE ONLY\",\"focal_length\":false,\"iso\":false,\"shutter_speed\":false,\"flash\":false,\"title\":\"080 Barcelona Spring-Summer 2017\",\"keywords\":\"080 Barcelona,Estrop-Barcelona,INEF,Spring-Summer 2017\",\"width\":667,\"height\":1000,\"saved\":true,\"thumbnail\":{\"width\":220,\"height\":220,\"ewww_image_optimizer\":\"Reduced by 11.1% (5.1&nbsp;kB)\"},\"webview\":{\"0\":667,\"1\":1000,\"2\":2,\"3\":\"width=\\\"667\\\" height=\\\"1000\\\"\",\"bits\":8,\"channels\":3,\"mime\":\"image\\\/jpeg\",\"ewww_image_optimizer\":\"Reduced by 17.0% (51.3&nbsp;kB) - Previously Optimized\"},\"0\":false,\"ewww_image_optimizer\":\"Reduced by 16.2% (41.2&nbsp;kB)\",\"views\":\"2\",\"likes\":\"0\"},\"title\":\"080 Barcelona Spring-Summer 2017\",\"description\":\"<p>080 Barcelona Spring-Summer 2017<\\\/p>\",\"link\":null,\"link_target\":\"\",\"download\":\"https:\\\/\\\/bobvarela.com\\\/wp-content\\\/flagallery\\\/samuel-alarcon-en-el-080-barcelona-fashion-primaveraverano-2017\\\/samuel-alarcon_003.jpg\",\"ratio\":0.6670000000000000373034936274052597582340240478515625},{\"id\":\"25365\",\"image\":\"https:\\\/\\\/bobvarela.com\\\/wp-content\\\/flagallery\\\/samuel-alarcon-en-el-080-barcelona-fashion-primaveraverano-2017\\\/webview\\\/samuel-alarcon_004.jpg\",\"thumb\":\"https:\\\/\\\/bobvarela.com\\\/wp-content\\\/flagallery\\\/samuel-alarcon-en-el-080-barcelona-fashion-primaveraverano-2017\\\/thumbs\\\/thumbs_samuel-alarcon_004.jpg\",\"file\":\"samuel-alarcon_004.jpg\",\"meta\":{\"aperture\":false,\"credit\":false,\"camera\":false,\"caption\":\"080 Barcelona Spring-Summer 2017\",\"created_timestamp\":\"June 29, 2016 1:04 pm\",\"copyright\":\"\\u00c2\\u00a9 2016 Estrop-Barcelona PHOTOGRAPH FOR FASHION EDITORIAL USE ONLY\",\"focal_length\":false,\"iso\":false,\"shutter_speed\":false,\"flash\":false,\"title\":\"080 Barcelona Spring-Summer 2017\",\"keywords\":\"080 Barcelona,Estrop-Barcelona,INEF,Spring-Summer 2017\",\"width\":667,\"height\":1000,\"saved\":true,\"thumbnail\":{\"width\":220,\"height\":220,\"ewww_image_optimizer\":\"Reduced by 9.2% (3.7&nbsp;kB)\"},\"webview\":{\"0\":667,\"1\":1000,\"2\":2,\"3\":\"width=\\\"667\\\" height=\\\"1000\\\"\",\"bits\":8,\"channels\":3,\"mime\":\"image\\\/jpeg\",\"ewww_image_optimizer\":\"Reduced by 3.9% (7.0&nbsp;kB) - Previously Optimized\"},\"0\":false,\"ewww_image_optimizer\":\"Reduced by 4.7% (12.9&nbsp;kB)\",\"views\":\"2\",\"likes\":\"0\"},\"title\":\"080 Barcelona Spring-Summer 2017\",\"description\":\"<p>080 Barcelona Spring-Summer 2017<\\\/p>\",\"link\":null,\"link_target\":\"\",\"download\":\"https:\\\/\\\/bobvarela.com\\\/wp-content\\\/flagallery\\\/samuel-alarcon-en-el-080-barcelona-fashion-primaveraverano-2017\\\/samuel-alarcon_004.jpg\",\"ratio\":0.6670000000000000373034936274052597582340240478515625},{\"id\":\"25366\",\"image\":\"https:\\\/\\\/bobvarela.com\\\/wp-content\\\/flagallery\\\/samuel-alarcon-en-el-080-barcelona-fashion-primaveraverano-2017\\\/webview\\\/samuel-alarcon_005.jpg\",\"thumb\":\"https:\\\/\\\/bobvarela.com\\\/wp-content\\\/flagallery\\\/samuel-alarcon-en-el-080-barcelona-fashion-primaveraverano-2017\\\/thumbs\\\/thumbs_samuel-alarcon_005.jpg\",\"file\":\"samuel-alarcon_005.jpg\",\"meta\":{\"aperture\":false,\"credit\":false,\"camera\":false,\"caption\":\"080 Barcelona Spring-Summer 2017\",\"created_timestamp\":\"June 29, 2016 1:04 pm\",\"copyright\":\"\\u00c2\\u00a9 2016 Estrop-Barcelona PHOTOGRAPH FOR FASHION EDITORIAL USE ONLY\",\"focal_length\":false,\"iso\":false,\"shutter_speed\":false,\"flash\":false,\"title\":\"080 Barcelona Spring-Summer 2017\",\"keywords\":\"080 Barcelona,Estrop-Barcelona,INEF,Spring-Summer 2017\",\"width\":1333,\"height\":2000,\"saved\":true,\"thumbnail\":{\"width\":220,\"height\":220,\"ewww_image_optimizer\":\"Reduced by 12.3% (3.8&nbsp;kB)\"},\"webview\":{\"0\":800,\"1\":1200,\"2\":2,\"3\":\"width=\\\"800\\\" height=\\\"1200\\\"\",\"bits\":8,\"channels\":3,\"mime\":\"image\\\/jpeg\",\"ewww_image_optimizer\":\"Reduced by 5.5% (5.9&nbsp;kB) - Previously Optimized\"},\"0\":false,\"ewww_image_optimizer\":\"Reduced by 15.7% (36.9&nbsp;kB)\",\"views\":\"2\",\"likes\":\"0\"},\"title\":\"080 Barcelona Spring-Summer 2017\",\"description\":\"<p>080 Barcelona Spring-Summer 2017<\\\/p>\",\"link\":null,\"link_target\":\"\",\"download\":\"https:\\\/\\\/bobvarela.com\\\/wp-content\\\/flagallery\\\/samuel-alarcon-en-el-080-barcelona-fashion-primaveraverano-2017\\\/samuel-alarcon_005.jpg\",\"ratio\":0.66666666666666662965923251249478198587894439697265625},{\"id\":\"25367\",\"image\":\"https:\\\/\\\/bobvarela.com\\\/wp-content\\\/flagallery\\\/samuel-alarcon-en-el-080-barcelona-fashion-primaveraverano-2017\\\/webview\\\/samuel-alarcon_006.jpg\",\"thumb\":\"https:\\\/\\\/bobvarela.com\\\/wp-content\\\/flagallery\\\/samuel-alarcon-en-el-080-barcelona-fashion-primaveraverano-2017\\\/thumbs\\\/thumbs_samuel-alarcon_006.jpg\",\"file\":\"samuel-alarcon_006.jpg\",\"meta\":{\"aperture\":false,\"credit\":false,\"camera\":false,\"caption\":\"080 Barcelona Spring-Summer 2017\",\"created_timestamp\":\"June 29, 2016 1:04 pm\",\"copyright\":\"\\u00c2\\u00a9 2016 Estrop-Barcelona PHOTOGRAPH FOR FASHION EDITORIAL USE ONLY\",\"focal_length\":false,\"iso\":false,\"shutter_speed\":false,\"flash\":false,\"title\":\"080 Barcelona Spring-Summer 2017\",\"keywords\":\"080 Barcelona,Estrop-Barcelona,INEF,Spring-Summer 2017\",\"width\":1333,\"height\":2000,\"saved\":true,\"thumbnail\":{\"width\":220,\"height\":220,\"ewww_image_optimizer\":\"Reduced by 14.6% (5.9&nbsp;kB)\"},\"webview\":{\"0\":800,\"1\":1200,\"2\":2,\"3\":\"width=\\\"800\\\" height=\\\"1200\\\"\",\"bits\":8,\"channels\":3,\"mime\":\"image\\\/jpeg\",\"ewww_image_optimizer\":\"Reduced by 6.3% (10.3&nbsp;kB) - Previously Optimized\"},\"0\":false,\"ewww_image_optimizer\":\"Reduced by 16.1% (39.3&nbsp;kB)\",\"views\":\"2\",\"likes\":\"0\"},\"title\":\"080 Barcelona Spring-Summer 2017\",\"description\":\"<p>080 Barcelona Spring-Summer 2017<\\\/p>\",\"link\":null,\"link_target\":\"\",\"download\":\"https:\\\/\\\/bobvarela.com\\\/wp-content\\\/flagallery\\\/samuel-alarcon-en-el-080-barcelona-fashion-primaveraverano-2017\\\/samuel-alarcon_006.jpg\",\"ratio\":0.66666666666666662965923251249478198587894439697265625},{\"id\":\"25368\",\"image\":\"https:\\\/\\\/bobvarela.com\\\/wp-content\\\/flagallery\\\/samuel-alarcon-en-el-080-barcelona-fashion-primaveraverano-2017\\\/webview\\\/samuel-alarcon_007.jpg\",\"thumb\":\"https:\\\/\\\/bobvarela.com\\\/wp-content\\\/flagallery\\\/samuel-alarcon-en-el-080-barcelona-fashion-primaveraverano-2017\\\/thumbs\\\/thumbs_samuel-alarcon_007.jpg\",\"file\":\"samuel-alarcon_007.jpg\",\"meta\":{\"aperture\":false,\"credit\":false,\"camera\":false,\"caption\":\"080 Barcelona Spring-Summer 2017\",\"created_timestamp\":\"June 29, 2016 1:04 pm\",\"copyright\":\"\\u00c2\\u00a9 2016 Estrop-Barcelona PHOTOGRAPH FOR FASHION EDITORIAL USE ONLY\",\"focal_length\":false,\"iso\":false,\"shutter_speed\":false,\"flash\":false,\"title\":\"080 Barcelona Spring-Summer 2017\",\"keywords\":\"080 Barcelona,Estrop-Barcelona,INEF,Spring-Summer 2017\",\"width\":1333,\"height\":2000,\"saved\":true,\"thumbnail\":{\"width\":220,\"height\":220,\"ewww_image_optimizer\":\"Reduced by 14.7% (6.3&nbsp;kB)\"},\"webview\":{\"0\":800,\"1\":1200,\"2\":2,\"3\":\"width=\\\"800\\\" height=\\\"1200\\\"\",\"bits\":8,\"channels\":3,\"mime\":\"image\\\/jpeg\",\"ewww_image_optimizer\":\"Reduced by 5.9% (12.2&nbsp;kB) - Previously Optimized\"},\"0\":false,\"ewww_image_optimizer\":\"Reduced by 14.0% (40.5&nbsp;kB)\",\"views\":\"2\",\"likes\":\"0\"},\"title\":\"080 Barcelona Spring-Summer 2017\",\"description\":\"<p>080 Barcelona Spring-Summer 2017<\\\/p>\",\"link\":null,\"link_target\":\"\",\"download\":\"https:\\\/\\\/bobvarela.com\\\/wp-content\\\/flagallery\\\/samuel-alarcon-en-el-080-barcelona-fashion-primaveraverano-2017\\\/samuel-alarcon_007.jpg\",\"ratio\":0.66666666666666662965923251249478198587894439697265625},{\"id\":\"25369\",\"image\":\"https:\\\/\\\/bobvarela.com\\\/wp-content\\\/flagallery\\\/samuel-alarcon-en-el-080-barcelona-fashion-primaveraverano-2017\\\/webview\\\/samuel-alarcon_008.jpg\",\"thumb\":\"https:\\\/\\\/bobvarela.com\\\/wp-content\\\/flagallery\\\/samuel-alarcon-en-el-080-barcelona-fashion-primaveraverano-2017\\\/thumbs\\\/thumbs_samuel-alarcon_008.jpg\",\"file\":\"samuel-alarcon_008.jpg\",\"meta\":{\"aperture\":false,\"credit\":false,\"camera\":false,\"caption\":\"080 Barcelona Spring-Summer 2017\",\"created_timestamp\":\"June 29, 2016 1:04 pm\",\"copyright\":\"\\u00c2\\u00a9 2016 Estrop-Barcelona PHOTOGRAPH FOR FASHION EDITORIAL USE ONLY\",\"focal_length\":false,\"iso\":false,\"shutter_speed\":false,\"flash\":false,\"title\":\"080 Barcelona Spring-Summer 2017\",\"keywords\":\"080 Barcelona,Estrop-Barcelona,INEF,Spring-Summer 2017\",\"width\":1333,\"height\":2000,\"saved\":true,\"thumbnail\":{\"width\":220,\"height\":220,\"ewww_image_optimizer\":\"Reduced by 9.3% (2.8&nbsp;kB)\"},\"webview\":{\"0\":800,\"1\":1200,\"2\":2,\"3\":\"width=\\\"800\\\" height=\\\"1200\\\"\",\"bits\":8,\"channels\":3,\"mime\":\"image\\\/jpeg\",\"ewww_image_optimizer\":\"Reduced by 3.7% (3.7&nbsp;kB) - Previously Optimized\"},\"0\":false,\"ewww_image_optimizer\":\"Reduced by 8.7% (23.0&nbsp;kB)\",\"views\":\"0\",\"likes\":\"0\"},\"title\":\"080 Barcelona Spring-Summer 2017\",\"description\":\"<p>080 Barcelona Spring-Summer 2017<\\\/p>\",\"link\":null,\"link_target\":\"\",\"download\":\"https:\\\/\\\/bobvarela.com\\\/wp-content\\\/flagallery\\\/samuel-alarcon-en-el-080-barcelona-fashion-primaveraverano-2017\\\/samuel-alarcon_008.jpg\",\"ratio\":0.66666666666666662965923251249478198587894439697265625},{\"id\":\"25370\",\"image\":\"https:\\\/\\\/bobvarela.com\\\/wp-content\\\/flagallery\\\/samuel-alarcon-en-el-080-barcelona-fashion-primaveraverano-2017\\\/webview\\\/samuel-alarcon_009.jpg\",\"thumb\":\"https:\\\/\\\/bobvarela.com\\\/wp-content\\\/flagallery\\\/samuel-alarcon-en-el-080-barcelona-fashion-primaveraverano-2017\\\/thumbs\\\/thumbs_samuel-alarcon_009.jpg\",\"file\":\"samuel-alarcon_009.jpg\",\"meta\":{\"aperture\":false,\"credit\":false,\"camera\":false,\"caption\":\"080 Barcelona Spring-Summer 2017\",\"created_timestamp\":\"June 29, 2016 1:04 pm\",\"copyright\":\"\\u00c2\\u00a9 2016 Estrop-Barcelona PHOTOGRAPH FOR FASHION EDITORIAL USE ONLY\",\"focal_length\":false,\"iso\":false,\"shutter_speed\":false,\"flash\":false,\"title\":\"080 Barcelona Spring-Summer 2017\",\"keywords\":\"080 Barcelona,Estrop-Barcelona,INEF,Spring-Summer 2017\",\"width\":1333,\"height\":2000,\"saved\":true,\"thumbnail\":{\"width\":220,\"height\":220,\"ewww_image_optimizer\":\"Reduced by 9.0% (2.5&nbsp;kB)\"},\"webview\":{\"0\":800,\"1\":1200,\"2\":2,\"3\":\"width=\\\"800\\\" height=\\\"1200\\\"\",\"bits\":8,\"channels\":3,\"mime\":\"image\\\/jpeg\",\"ewww_image_optimizer\":\"Reduced by 4.9% (5.5&nbsp;kB) - Previously Optimized\"},\"0\":false,\"ewww_image_optimizer\":\"Reduced by 10.0% (27.1&nbsp;kB)\",\"views\":\"2\",\"likes\":\"0\"},\"title\":\"080 Barcelona Spring-Summer 2017\",\"description\":\"<p>080 Barcelona Spring-Summer 2017<\\\/p>\",\"link\":null,\"link_target\":\"\",\"download\":\"https:\\\/\\\/bobvarela.com\\\/wp-content\\\/flagallery\\\/samuel-alarcon-en-el-080-barcelona-fashion-primaveraverano-2017\\\/samuel-alarcon_009.jpg\",\"ratio\":0.66666666666666662965923251249478198587894439697265625},{\"id\":\"25371\",\"image\":\"https:\\\/\\\/bobvarela.com\\\/wp-content\\\/flagallery\\\/samuel-alarcon-en-el-080-barcelona-fashion-primaveraverano-2017\\\/webview\\\/samuel-alarcon_010.jpg\",\"thumb\":\"https:\\\/\\\/bobvarela.com\\\/wp-content\\\/flagallery\\\/samuel-alarcon-en-el-080-barcelona-fashion-primaveraverano-2017\\\/thumbs\\\/thumbs_samuel-alarcon_010.jpg\",\"file\":\"samuel-alarcon_010.jpg\",\"meta\":{\"aperture\":false,\"credit\":false,\"camera\":false,\"caption\":\"080 Barcelona Spring-Summer 2017\",\"created_timestamp\":\"June 29, 2016 1:04 pm\",\"copyright\":\"\\u00c2\\u00a9 2016 Estrop-Barcelona PHOTOGRAPH FOR FASHION EDITORIAL USE ONLY\",\"focal_length\":false,\"iso\":false,\"shutter_speed\":false,\"flash\":false,\"title\":\"080 Barcelona Spring-Summer 2017\",\"keywords\":\"080 Barcelona,Estrop-Barcelona,INEF,Spring-Summer 2017\",\"width\":1333,\"height\":2000,\"saved\":true,\"thumbnail\":{\"width\":220,\"height\":220,\"ewww_image_optimizer\":\"Reduced by 9.2% (3.2&nbsp;kB)\"},\"webview\":{\"0\":800,\"1\":1200,\"2\":2,\"3\":\"width=\\\"800\\\" height=\\\"1200\\\"\",\"bits\":8,\"channels\":3,\"mime\":\"image\\\/jpeg\",\"ewww_image_optimizer\":\"Reduced by 4.1% (6.2&nbsp;kB) - Previously Optimized\"},\"0\":false,\"ewww_image_optimizer\":\"Reduced by 7.4% (18.6&nbsp;kB)\",\"views\":\"1\",\"likes\":\"0\"},\"title\":\"080 Barcelona Spring-Summer 2017\",\"description\":\"<p>080 Barcelona Spring-Summer 2017<\\\/p>\",\"link\":null,\"link_target\":\"\",\"download\":\"https:\\\/\\\/bobvarela.com\\\/wp-content\\\/flagallery\\\/samuel-alarcon-en-el-080-barcelona-fashion-primaveraverano-2017\\\/samuel-alarcon_010.jpg\",\"ratio\":0.66666666666666662965923251249478198587894439697265625},{\"id\":\"25372\",\"image\":\"https:\\\/\\\/bobvarela.com\\\/wp-content\\\/flagallery\\\/samuel-alarcon-en-el-080-barcelona-fashion-primaveraverano-2017\\\/webview\\\/samuel-alarcon_011.jpg\",\"thumb\":\"https:\\\/\\\/bobvarela.com\\\/wp-content\\\/flagallery\\\/samuel-alarcon-en-el-080-barcelona-fashion-primaveraverano-2017\\\/thumbs\\\/thumbs_samuel-alarcon_011.jpg\",\"file\":\"samuel-alarcon_011.jpg\",\"meta\":{\"aperture\":false,\"credit\":false,\"camera\":false,\"caption\":\"080 Barcelona Spring-Summer 2017\",\"created_timestamp\":\"June 29, 2016 1:05 pm\",\"copyright\":\"\\u00c2\\u00a9 2016 Estrop-Barcelona PHOTOGRAPH FOR FASHION EDITORIAL USE ONLY\",\"focal_length\":false,\"iso\":false,\"shutter_speed\":false,\"flash\":false,\"title\":\"080 Barcelona Spring-Summer 2017\",\"keywords\":\"080 Barcelona,Estrop-Barcelona,INEF,Spring-Summer 2017\",\"width\":1333,\"height\":2000,\"saved\":true,\"thumbnail\":{\"width\":220,\"height\":220,\"ewww_image_optimizer\":\"Reduced by 9.9% (2.9&nbsp;kB)\"},\"webview\":{\"0\":800,\"1\":1200,\"2\":2,\"3\":\"width=\\\"800\\\" height=\\\"1200\\\"\",\"bits\":8,\"channels\":3,\"mime\":\"image\\\/jpeg\",\"ewww_image_optimizer\":\"Reduced by 5.5% (5.4&nbsp;kB) - Previously Optimized\"},\"0\":false,\"ewww_image_optimizer\":\"Reduced by 11.0% (30.8&nbsp;kB)\",\"views\":\"1\",\"likes\":\"0\"},\"title\":\"080 Barcelona Spring-Summer 2017\",\"description\":\"<p>080 Barcelona Spring-Summer 2017<\\\/p>\",\"link\":null,\"link_target\":\"\",\"download\":\"https:\\\/\\\/bobvarela.com\\\/wp-content\\\/flagallery\\\/samuel-alarcon-en-el-080-barcelona-fashion-primaveraverano-2017\\\/samuel-alarcon_011.jpg\",\"ratio\":0.66666666666666662965923251249478198587894439697265625},{\"id\":\"25373\",\"image\":\"https:\\\/\\\/bobvarela.com\\\/wp-content\\\/flagallery\\\/samuel-alarcon-en-el-080-barcelona-fashion-primaveraverano-2017\\\/webview\\\/samuel-alarcon_012.jpg\",\"thumb\":\"https:\\\/\\\/bobvarela.com\\\/wp-content\\\/flagallery\\\/samuel-alarcon-en-el-080-barcelona-fashion-primaveraverano-2017\\\/thumbs\\\/thumbs_samuel-alarcon_012.jpg\",\"file\":\"samuel-alarcon_012.jpg\",\"meta\":{\"aperture\":false,\"credit\":false,\"camera\":false,\"caption\":\"080 Barcelona Spring-Summer 2017\",\"created_timestamp\":\"June 29, 2016 1:05 pm\",\"copyright\":\"\\u00c2\\u00a9 2016 Estrop-Barcelona PHOTOGRAPH FOR FASHION EDITORIAL USE ONLY\",\"focal_length\":false,\"iso\":false,\"shutter_speed\":false,\"flash\":false,\"title\":\"080 Barcelona Spring-Summer 2017\",\"keywords\":\"080 Barcelona,Estrop-Barcelona,INEF,Spring-Summer 2017\",\"width\":1333,\"height\":2000,\"saved\":true,\"thumbnail\":{\"width\":220,\"height\":220,\"ewww_image_optimizer\":\"Reduced by 8.6% (2.8&nbsp;kB)\"},\"webview\":{\"0\":800,\"1\":1200,\"2\":2,\"3\":\"width=\\\"800\\\" height=\\\"1200\\\"\",\"bits\":8,\"channels\":3,\"mime\":\"image\\\/jpeg\",\"ewww_image_optimizer\":\"Reduced by 4.2% (5.9&nbsp;kB) - Previously Optimized\"},\"0\":false,\"ewww_image_optimizer\":\"Reduced by 8.5% (19.9&nbsp;kB)\",\"views\":\"1\",\"likes\":\"0\"},\"title\":\"080 Barcelona Spring-Summer 2017\",\"description\":\"<p>080 Barcelona Spring-Summer 2017<\\\/p>\",\"link\":null,\"link_target\":\"\",\"download\":\"https:\\\/\\\/bobvarela.com\\\/wp-content\\\/flagallery\\\/samuel-alarcon-en-el-080-barcelona-fashion-primaveraverano-2017\\\/samuel-alarcon_012.jpg\",\"ratio\":0.66666666666666662965923251249478198587894439697265625},{\"id\":\"25374\",\"image\":\"https:\\\/\\\/bobvarela.com\\\/wp-content\\\/flagallery\\\/samuel-alarcon-en-el-080-barcelona-fashion-primaveraverano-2017\\\/webview\\\/samuel-alarcon_013.jpg\",\"thumb\":\"https:\\\/\\\/bobvarela.com\\\/wp-content\\\/flagallery\\\/samuel-alarcon-en-el-080-barcelona-fashion-primaveraverano-2017\\\/thumbs\\\/thumbs_samuel-alarcon_013.jpg\",\"file\":\"samuel-alarcon_013.jpg\",\"meta\":{\"aperture\":false,\"credit\":false,\"camera\":false,\"caption\":\"080 Barcelona Spring-Summer 2017\",\"created_timestamp\":\"June 29, 2016 1:05 pm\",\"copyright\":\"\\u00c2\\u00a9 2016 Estrop-Barcelona PHOTOGRAPH FOR FASHION EDITORIAL USE ONLY\",\"focal_length\":false,\"iso\":false,\"shutter_speed\":false,\"flash\":false,\"title\":\"080 Barcelona Spring-Summer 2017\",\"keywords\":\"080 Barcelona,Estrop-Barcelona,INEF,Spring-Summer 2017\",\"width\":1333,\"height\":2000,\"saved\":true,\"thumbnail\":{\"width\":220,\"height\":220,\"ewww_image_optimizer\":\"Reduced by 7.8% (3.1&nbsp;kB)\"},\"webview\":{\"0\":800,\"1\":1200,\"2\":2,\"3\":\"width=\\\"800\\\" height=\\\"1200\\\"\",\"bits\":8,\"channels\":3,\"mime\":\"image\\\/jpeg\",\"ewww_image_optimizer\":\"Reduced by 4.2% (8.3&nbsp;kB) - Previously Optimized\"},\"0\":false,\"ewww_image_optimizer\":\"Reduced by 8.2% (22.7&nbsp;kB)\",\"views\":\"0\",\"likes\":\"0\"},\"title\":\"080 Barcelona Spring-Summer 2017\",\"description\":\"<p>080 Barcelona Spring-Summer 2017<\\\/p>\",\"link\":null,\"link_target\":\"\",\"download\":\"https:\\\/\\\/bobvarela.com\\\/wp-content\\\/flagallery\\\/samuel-alarcon-en-el-080-barcelona-fashion-primaveraverano-2017\\\/samuel-alarcon_013.jpg\",\"ratio\":0.66666666666666662965923251249478198587894439697265625},{\"id\":\"25375\",\"image\":\"https:\\\/\\\/bobvarela.com\\\/wp-content\\\/flagallery\\\/samuel-alarcon-en-el-080-barcelona-fashion-primaveraverano-2017\\\/webview\\\/samuel-alarcon_014.jpg\",\"thumb\":\"https:\\\/\\\/bobvarela.com\\\/wp-content\\\/flagallery\\\/samuel-alarcon-en-el-080-barcelona-fashion-primaveraverano-2017\\\/thumbs\\\/thumbs_samuel-alarcon_014.jpg\",\"file\":\"samuel-alarcon_014.jpg\",\"meta\":{\"aperture\":false,\"credit\":false,\"camera\":false,\"caption\":\"080 Barcelona Spring-Summer 2017\",\"created_timestamp\":\"June 29, 2016 1:05 pm\",\"copyright\":\"\\u00c2\\u00a9 2016 Estrop-Barcelona PHOTOGRAPH FOR FASHION EDITORIAL USE ONLY\",\"focal_length\":false,\"iso\":false,\"shutter_speed\":false,\"flash\":false,\"title\":\"080 Barcelona Spring-Summer 2017\",\"keywords\":\"080 Barcelona,Estrop-Barcelona,INEF,Spring-Summer 2017\",\"width\":1333,\"height\":2000,\"saved\":true,\"thumbnail\":{\"width\":220,\"height\":220,\"ewww_image_optimizer\":\"Reduced by 10.3% (3.1&nbsp;kB)\"},\"webview\":{\"0\":800,\"1\":1200,\"2\":2,\"3\":\"width=\\\"800\\\" height=\\\"1200\\\"\",\"bits\":8,\"channels\":3,\"mime\":\"image\\\/jpeg\",\"ewww_image_optimizer\":\"Reduced by 5.9% (5.6&nbsp;kB) - Previously Optimized\"},\"0\":false,\"ewww_image_optimizer\":\"Reduced by 10.0% (26.9&nbsp;kB)\",\"views\":\"0\",\"likes\":\"0\"},\"title\":\"080 Barcelona Spring-Summer 2017\",\"description\":\"<p>080 Barcelona Spring-Summer 2017<\\\/p>\",\"link\":null,\"link_target\":\"\",\"download\":\"https:\\\/\\\/bobvarela.com\\\/wp-content\\\/flagallery\\\/samuel-alarcon-en-el-080-barcelona-fashion-primaveraverano-2017\\\/samuel-alarcon_014.jpg\",\"ratio\":0.66666666666666662965923251249478198587894439697265625},{\"id\":\"25376\",\"image\":\"https:\\\/\\\/bobvarela.com\\\/wp-content\\\/flagallery\\\/samuel-alarcon-en-el-080-barcelona-fashion-primaveraverano-2017\\\/webview\\\/samuel-alarcon_015.jpg\",\"thumb\":\"https:\\\/\\\/bobvarela.com\\\/wp-content\\\/flagallery\\\/samuel-alarcon-en-el-080-barcelona-fashion-primaveraverano-2017\\\/thumbs\\\/thumbs_samuel-alarcon_015.jpg\",\"file\":\"samuel-alarcon_015.jpg\",\"meta\":{\"aperture\":false,\"credit\":false,\"camera\":false,\"caption\":\"080 Barcelona Spring-Summer 2017\",\"created_timestamp\":\"June 29, 2016 1:05 pm\",\"copyright\":\"\\u00c2\\u00a9 2016 Estrop-Barcelona PHOTOGRAPH FOR FASHION EDITORIAL USE ONLY\",\"focal_length\":false,\"iso\":false,\"shutter_speed\":false,\"flash\":false,\"title\":\"080 Barcelona Spring-Summer 2017\",\"keywords\":\"080 Barcelona,Estrop-Barcelona,INEF,Spring-Summer 2017\",\"width\":1333,\"height\":2000,\"saved\":true,\"thumbnail\":{\"width\":220,\"height\":220,\"ewww_image_optimizer\":\"Reduced by 8.4% (2.9&nbsp;kB)\"},\"webview\":{\"0\":800,\"1\":1200,\"2\":2,\"3\":\"width=\\\"800\\\" height=\\\"1200\\\"\",\"bits\":8,\"channels\":3,\"mime\":\"image\\\/jpeg\",\"ewww_image_optimizer\":\"Reduced by 5.6% (6.8&nbsp;kB) - Previously Optimized\"},\"0\":false,\"ewww_image_optimizer\":\"Reduced by 8.0% (19.2&nbsp;kB)\",\"views\":\"0\",\"likes\":\"0\"},\"title\":\"080 Barcelona Spring-Summer 2017\",\"description\":\"<p>080 Barcelona Spring-Summer 2017<\\\/p>\",\"link\":null,\"link_target\":\"\",\"download\":\"https:\\\/\\\/bobvarela.com\\\/wp-content\\\/flagallery\\\/samuel-alarcon-en-el-080-barcelona-fashion-primaveraverano-2017\\\/samuel-alarcon_015.jpg\",\"ratio\":0.66666666666666662965923251249478198587894439697265625},{\"id\":\"25377\",\"image\":\"https:\\\/\\\/bobvarela.com\\\/wp-content\\\/flagallery\\\/samuel-alarcon-en-el-080-barcelona-fashion-primaveraverano-2017\\\/webview\\\/samuel-alarcon_016.jpg\",\"thumb\":\"https:\\\/\\\/bobvarela.com\\\/wp-content\\\/flagallery\\\/samuel-alarcon-en-el-080-barcelona-fashion-primaveraverano-2017\\\/thumbs\\\/thumbs_samuel-alarcon_016.jpg\",\"file\":\"samuel-alarcon_016.jpg\",\"meta\":{\"aperture\":false,\"credit\":false,\"camera\":false,\"caption\":\"080 Barcelona Spring-Summer 2017\",\"created_timestamp\":\"June 29, 2016 1:05 pm\",\"copyright\":\"\\u00c2\\u00a9 2016 Estrop-Barcelona PHOTOGRAPH FOR FASHION EDITORIAL USE ONLY\",\"focal_length\":false,\"iso\":false,\"shutter_speed\":false,\"flash\":false,\"title\":\"080 Barcelona Spring-Summer 2017\",\"keywords\":\"080 Barcelona,Estrop-Barcelona,INEF,Spring-Summer 2017\",\"width\":1333,\"height\":2000,\"saved\":true,\"thumbnail\":{\"width\":220,\"height\":220,\"ewww_image_optimizer\":\"Reduced by 9.9% (3.1&nbsp;kB)\"},\"webview\":{\"0\":800,\"1\":1200,\"2\":2,\"3\":\"width=\\\"800\\\" height=\\\"1200\\\"\",\"bits\":8,\"channels\":3,\"mime\":\"image\\\/jpeg\",\"ewww_image_optimizer\":\"Reduced by 4.3% (4.5&nbsp;kB) - Previously Optimized\"},\"0\":false,\"ewww_image_optimizer\":\"Reduced by 8.9% (23.9&nbsp;kB)\",\"views\":\"0\",\"likes\":\"0\"},\"title\":\"080 Barcelona Spring-Summer 2017\",\"description\":\"<p>080 Barcelona Spring-Summer 2017<\\\/p>\",\"link\":null,\"link_target\":\"\",\"download\":\"https:\\\/\\\/bobvarela.com\\\/wp-content\\\/flagallery\\\/samuel-alarcon-en-el-080-barcelona-fashion-primaveraverano-2017\\\/samuel-alarcon_016.jpg\",\"ratio\":0.66666666666666662965923251249478198587894439697265625},{\"id\":\"25378\",\"image\":\"https:\\\/\\\/bobvarela.com\\\/wp-content\\\/flagallery\\\/samuel-alarcon-en-el-080-barcelona-fashion-primaveraverano-2017\\\/webview\\\/samuel-alarcon_017.jpg\",\"thumb\":\"https:\\\/\\\/bobvarela.com\\\/wp-content\\\/flagallery\\\/samuel-alarcon-en-el-080-barcelona-fashion-primaveraverano-2017\\\/thumbs\\\/thumbs_samuel-alarcon_017.jpg\",\"file\":\"samuel-alarcon_017.jpg\",\"meta\":{\"aperture\":false,\"credit\":false,\"camera\":false,\"caption\":\"080 Barcelona Spring-Summer 2017\",\"created_timestamp\":\"June 29, 2016 1:05 pm\",\"copyright\":\"\\u00c2\\u00a9 2016 Estrop-Barcelona PHOTOGRAPH FOR FASHION EDITORIAL USE ONLY\",\"focal_length\":false,\"iso\":false,\"shutter_speed\":false,\"flash\":false,\"title\":\"080 Barcelona Spring-Summer 2017\",\"keywords\":\"080 Barcelona,Estrop-Barcelona,INEF,Spring-Summer 2017\",\"width\":1333,\"height\":2000,\"saved\":true,\"thumbnail\":{\"width\":220,\"height\":220,\"ewww_image_optimizer\":\"Reduced by 11.1% (3.8&nbsp;kB)\"},\"webview\":{\"0\":800,\"1\":1200,\"2\":2,\"3\":\"width=\\\"800\\\" height=\\\"1200\\\"\",\"bits\":8,\"channels\":3,\"mime\":\"image\\\/jpeg\",\"ewww_image_optimizer\":\"Reduced by 5.5% (7.8&nbsp;kB) - Previously Optimized\"},\"0\":false,\"ewww_image_optimizer\":\"Reduced by 13.5% (39.4&nbsp;kB)\",\"views\":\"1\",\"likes\":\"0\"},\"title\":\"080 Barcelona Spring-Summer 2017\",\"description\":\"<p>080 Barcelona Spring-Summer 2017<\\\/p>\",\"link\":null,\"link_target\":\"\",\"download\":\"https:\\\/\\\/bobvarela.com\\\/wp-content\\\/flagallery\\\/samuel-alarcon-en-el-080-barcelona-fashion-primaveraverano-2017\\\/samuel-alarcon_017.jpg\",\"ratio\":0.66666666666666662965923251249478198587894439697265625},{\"id\":\"25379\",\"image\":\"https:\\\/\\\/bobvarela.com\\\/wp-content\\\/flagallery\\\/samuel-alarcon-en-el-080-barcelona-fashion-primaveraverano-2017\\\/webview\\\/samuel-alarcon_018.jpg\",\"thumb\":\"https:\\\/\\\/bobvarela.com\\\/wp-content\\\/flagallery\\\/samuel-alarcon-en-el-080-barcelona-fashion-primaveraverano-2017\\\/thumbs\\\/thumbs_samuel-alarcon_018.jpg\",\"file\":\"samuel-alarcon_018.jpg\",\"meta\":{\"aperture\":false,\"credit\":false,\"camera\":false,\"caption\":\"080 Barcelona Spring-Summer 2017\",\"created_timestamp\":\"June 29, 2016 1:06 pm\",\"copyright\":\"\\u00c2\\u00a9 2016 Estrop-Barcelona PHOTOGRAPH FOR FASHION EDITORIAL USE ONLY\",\"focal_length\":false,\"iso\":false,\"shutter_speed\":false,\"flash\":false,\"title\":\"080 Barcelona Spring-Summer 2017\",\"keywords\":\"080 Barcelona,Estrop-Barcelona,INEF,Spring-Summer 2017\",\"width\":667,\"height\":1000,\"saved\":true,\"thumbnail\":{\"width\":220,\"height\":220,\"ewww_image_optimizer\":\"Reduced by 16.4% (8.4&nbsp;kB)\"},\"webview\":{\"0\":667,\"1\":1000,\"2\":2,\"3\":\"width=\\\"667\\\" height=\\\"1000\\\"\",\"bits\":8,\"channels\":3,\"mime\":\"image\\\/jpeg\",\"ewww_image_optimizer\":\"Reduced by 6.6% (13.2&nbsp;kB) - Previously Optimized\"},\"0\":false,\"ewww_image_optimizer\":\"Reduced by 7.3% (18.1&nbsp;kB)\",\"views\":\"0\",\"likes\":\"0\"},\"title\":\"080 Barcelona Spring-Summer 2017\",\"description\":\"<p>080 Barcelona Spring-Summer 2017<\\\/p>\",\"link\":null,\"link_target\":\"\",\"download\":\"https:\\\/\\\/bobvarela.com\\\/wp-content\\\/flagallery\\\/samuel-alarcon-en-el-080-barcelona-fashion-primaveraverano-2017\\\/samuel-alarcon_018.jpg\",\"ratio\":0.6670000000000000373034936274052597582340240478515625},{\"id\":\"25380\",\"image\":\"https:\\\/\\\/bobvarela.com\\\/wp-content\\\/flagallery\\\/samuel-alarcon-en-el-080-barcelona-fashion-primaveraverano-2017\\\/webview\\\/samuel-alarcon_019.jpg\",\"thumb\":\"https:\\\/\\\/bobvarela.com\\\/wp-content\\\/flagallery\\\/samuel-alarcon-en-el-080-barcelona-fashion-primaveraverano-2017\\\/thumbs\\\/thumbs_samuel-alarcon_019.jpg\",\"file\":\"samuel-alarcon_019.jpg\",\"meta\":{\"aperture\":false,\"credit\":false,\"camera\":false,\"caption\":\"080 Barcelona Spring-Summer 2017\",\"created_timestamp\":\"June 29, 2016 1:06 pm\",\"copyright\":\"\\u00c2\\u00a9 2016 Estrop-Barcelona PHOTOGRAPH FOR FASHION EDITORIAL USE ONLY\",\"focal_length\":false,\"iso\":false,\"shutter_speed\":false,\"flash\":false,\"title\":\"080 Barcelona Spring-Summer 2017\",\"keywords\":\"080 Barcelona,Estrop-Barcelona,INEF,Spring-Summer 2017\",\"width\":1333,\"height\":2000,\"saved\":true,\"thumbnail\":{\"width\":220,\"height\":220,\"ewww_image_optimizer\":\"Reduced by 15.6% (6.6&nbsp;kB)\"},\"webview\":{\"0\":800,\"1\":1200,\"2\":2,\"3\":\"width=\\\"800\\\" height=\\\"1200\\\"\",\"bits\":8,\"channels\":3,\"mime\":\"image\\\/jpeg\",\"ewww_image_optimizer\":\"Reduced by 6.9% (14.0&nbsp;kB) - Previously Optimized\"},\"0\":false,\"ewww_image_optimizer\":\"Reduced by 13.4% (35.7&nbsp;kB)\",\"views\":\"1\",\"likes\":\"0\"},\"title\":\"080 Barcelona Spring-Summer 2017\",\"description\":\"<p>080 Barcelona Spring-Summer 2017<\\\/p>\",\"link\":null,\"link_target\":\"\",\"download\":\"https:\\\/\\\/bobvarela.com\\\/wp-content\\\/flagallery\\\/samuel-alarcon-en-el-080-barcelona-fashion-primaveraverano-2017\\\/samuel-alarcon_019.jpg\",\"ratio\":0.66666666666666662965923251249478198587894439697265625},{\"id\":\"25381\",\"image\":\"https:\\\/\\\/bobvarela.com\\\/wp-content\\\/flagallery\\\/samuel-alarcon-en-el-080-barcelona-fashion-primaveraverano-2017\\\/webview\\\/samuel-alarcon_020.jpg\",\"thumb\":\"https:\\\/\\\/bobvarela.com\\\/wp-content\\\/flagallery\\\/samuel-alarcon-en-el-080-barcelona-fashion-primaveraverano-2017\\\/thumbs\\\/thumbs_samuel-alarcon_020.jpg\",\"file\":\"samuel-alarcon_020.jpg\",\"meta\":{\"aperture\":false,\"credit\":false,\"camera\":false,\"caption\":\"080 Barcelona Spring-Summer 2017\",\"created_timestamp\":\"June 29, 2016 1:06 pm\",\"copyright\":\"\\u00c2\\u00a9 2016 Estrop-Barcelona PHOTOGRAPH FOR FASHION EDITORIAL USE ONLY\",\"focal_length\":false,\"iso\":false,\"shutter_speed\":false,\"flash\":false,\"title\":\"080 Barcelona Spring-Summer 2017\",\"keywords\":\"080 Barcelona,Estrop-Barcelona,INEF,Spring-Summer 2017\",\"width\":1333,\"height\":2000,\"saved\":true,\"thumbnail\":{\"width\":220,\"height\":220,\"ewww_image_optimizer\":\"Reduced by 10.6% (3.0&nbsp;kB)\"},\"webview\":{\"0\":800,\"1\":1200,\"2\":2,\"3\":\"width=\\\"800\\\" height=\\\"1200\\\"\",\"bits\":8,\"channels\":3,\"mime\":\"image\\\/jpeg\",\"ewww_image_optimizer\":\"Reduced by 5.9% (5.5&nbsp;kB) - Previously Optimized\"},\"0\":false,\"ewww_image_optimizer\":\"Reduced by 10.8% (29.4&nbsp;kB)\",\"views\":\"1\",\"likes\":\"0\"},\"title\":\"080 Barcelona Spring-Summer 2017\",\"description\":\"<p>080 Barcelona Spring-Summer 2017<\\\/p>\",\"link\":null,\"link_target\":\"\",\"download\":\"https:\\\/\\\/bobvarela.com\\\/wp-content\\\/flagallery\\\/samuel-alarcon-en-el-080-barcelona-fashion-primaveraverano-2017\\\/samuel-alarcon_020.jpg\",\"ratio\":0.66666666666666662965923251249478198587894439697265625},{\"id\":\"25382\",\"image\":\"https:\\\/\\\/bobvarela.com\\\/wp-content\\\/flagallery\\\/samuel-alarcon-en-el-080-barcelona-fashion-primaveraverano-2017\\\/webview\\\/samuel-alarcon_021.jpg\",\"thumb\":\"https:\\\/\\\/bobvarela.com\\\/wp-content\\\/flagallery\\\/samuel-alarcon-en-el-080-barcelona-fashion-primaveraverano-2017\\\/thumbs\\\/thumbs_samuel-alarcon_021.jpg\",\"file\":\"samuel-alarcon_021.jpg\",\"meta\":{\"aperture\":false,\"credit\":false,\"camera\":false,\"caption\":\"080 Barcelona Spring-Summer 2017\",\"created_timestamp\":\"June 29, 2016 1:06 pm\",\"copyright\":\"\\u00c2\\u00a9 2016 Estrop-Barcelona PHOTOGRAPH FOR FASHION EDITORIAL USE ONLY\",\"focal_length\":false,\"iso\":false,\"shutter_speed\":false,\"flash\":false,\"title\":\"080 Barcelona Spring-Summer 2017\",\"keywords\":\"080 Barcelona,Estrop-Barcelona,INEF,Spring-Summer 2017\",\"width\":1333,\"height\":2000,\"saved\":true,\"thumbnail\":{\"width\":220,\"height\":220,\"ewww_image_optimizer\":\"Reduced by 8.7% (2.9&nbsp;kB)\"},\"webview\":{\"0\":800,\"1\":1200,\"2\":2,\"3\":\"width=\\\"800\\\" height=\\\"1200\\\"\",\"bits\":8,\"channels\":3,\"mime\":\"image\\\/jpeg\",\"ewww_image_optimizer\":\"Reduced by 3.7% (4.8&nbsp;kB) - Previously Optimized\"},\"0\":false,\"ewww_image_optimizer\":\"Reduced by 7.8% (22.8&nbsp;kB)\",\"views\":\"2\",\"likes\":\"0\"},\"title\":\"080 Barcelona Spring-Summer 2017\",\"description\":\"<p>080 Barcelona Spring-Summer 2017<\\\/p>\",\"link\":null,\"link_target\":\"\",\"download\":\"https:\\\/\\\/bobvarela.com\\\/wp-content\\\/flagallery\\\/samuel-alarcon-en-el-080-barcelona-fashion-primaveraverano-2017\\\/samuel-alarcon_021.jpg\",\"ratio\":0.66666666666666662965923251249478198587894439697265625},{\"id\":\"25383\",\"image\":\"https:\\\/\\\/bobvarela.com\\\/wp-content\\\/flagallery\\\/samuel-alarcon-en-el-080-barcelona-fashion-primaveraverano-2017\\\/webview\\\/samuel-alarcon_022.jpg\",\"thumb\":\"https:\\\/\\\/bobvarela.com\\\/wp-content\\\/flagallery\\\/samuel-alarcon-en-el-080-barcelona-fashion-primaveraverano-2017\\\/thumbs\\\/thumbs_samuel-alarcon_022.jpg\",\"file\":\"samuel-alarcon_022.jpg\",\"meta\":{\"aperture\":false,\"credit\":false,\"camera\":false,\"caption\":\"080 Barcelona Spring-Summer 2017\",\"created_timestamp\":\"June 29, 2016 1:06 pm\",\"copyright\":\"\\u00c2\\u00a9 2016 Estrop-Barcelona PHOTOGRAPH FOR FASHION EDITORIAL USE ONLY\",\"focal_length\":false,\"iso\":false,\"shutter_speed\":false,\"flash\":false,\"title\":\"080 Barcelona Spring-Summer 2017\",\"keywords\":\"080 Barcelona,Estrop-Barcelona,INEF,Spring-Summer 2017\",\"width\":1333,\"height\":2000,\"saved\":true,\"thumbnail\":{\"width\":220,\"height\":220,\"ewww_image_optimizer\":\"Reduced by 8.2% (2.5&nbsp;kB)\"},\"webview\":{\"0\":800,\"1\":1200,\"2\":2,\"3\":\"width=\\\"800\\\" height=\\\"1200\\\"\",\"bits\":8,\"channels\":3,\"mime\":\"image\\\/jpeg\",\"ewww_image_optimizer\":\"Reduced by 4.3% (6.2&nbsp;kB) - Previously Optimized\"},\"0\":false,\"ewww_image_optimizer\":\"Reduced by 7.8% (23.0&nbsp;kB)\",\"views\":\"0\",\"likes\":\"0\"},\"title\":\"080 Barcelona Spring-Summer 2017\",\"description\":\"<p>080 Barcelona Spring-Summer 2017<\\\/p>\",\"link\":null,\"link_target\":\"\",\"download\":\"https:\\\/\\\/bobvarela.com\\\/wp-content\\\/flagallery\\\/samuel-alarcon-en-el-080-barcelona-fashion-primaveraverano-2017\\\/samuel-alarcon_022.jpg\",\"ratio\":0.66666666666666662965923251249478198587894439697265625},{\"id\":\"25384\",\"image\":\"https:\\\/\\\/bobvarela.com\\\/wp-content\\\/flagallery\\\/samuel-alarcon-en-el-080-barcelona-fashion-primaveraverano-2017\\\/webview\\\/samuel-alarcon_023.jpg\",\"thumb\":\"https:\\\/\\\/bobvarela.com\\\/wp-content\\\/flagallery\\\/samuel-alarcon-en-el-080-barcelona-fashion-primaveraverano-2017\\\/thumbs\\\/thumbs_samuel-alarcon_023.jpg\",\"file\":\"samuel-alarcon_023.jpg\",\"meta\":{\"aperture\":false,\"credit\":false,\"camera\":false,\"caption\":\"080 Barcelona Spring-Summer 2017\",\"created_timestamp\":\"June 29, 2016 1:06 pm\",\"copyright\":\"\\u00c2\\u00a9 2016 Estrop-Barcelona PHOTOGRAPH FOR FASHION EDITORIAL USE ONLY\",\"focal_length\":false,\"iso\":false,\"shutter_speed\":false,\"flash\":false,\"title\":\"080 Barcelona Spring-Summer 2017\",\"keywords\":\"080 Barcelona,Estrop-Barcelona,INEF,Spring-Summer 2017\",\"width\":1333,\"height\":2000,\"saved\":true,\"thumbnail\":{\"width\":220,\"height\":220,\"ewww_image_optimizer\":\"Reduced by 10.0% (3.5&nbsp;kB)\"},\"webview\":{\"0\":800,\"1\":1200,\"2\":2,\"3\":\"width=\\\"800\\\" height=\\\"1200\\\"\",\"bits\":8,\"channels\":3,\"mime\":\"image\\\/jpeg\",\"ewww_image_optimizer\":\"Reduced by 4.6% (5.9&nbsp;kB) - Previously Optimized\"},\"0\":false,\"ewww_image_optimizer\":\"Reduced by 6.8% (16.8&nbsp;kB)\",\"views\":\"1\",\"likes\":\"0\"},\"title\":\"080 Barcelona Spring-Summer 2017\",\"description\":\"<p>080 Barcelona Spring-Summer 2017<\\\/p>\",\"link\":null,\"link_target\":\"\",\"download\":\"https:\\\/\\\/bobvarela.com\\\/wp-content\\\/flagallery\\\/samuel-alarcon-en-el-080-barcelona-fashion-primaveraverano-2017\\\/samuel-alarcon_023.jpg\",\"ratio\":0.66666666666666662965923251249478198587894439697265625},{\"id\":\"25385\",\"image\":\"https:\\\/\\\/bobvarela.com\\\/wp-content\\\/flagallery\\\/samuel-alarcon-en-el-080-barcelona-fashion-primaveraverano-2017\\\/webview\\\/samuel-alarcon_024.jpg\",\"thumb\":\"https:\\\/\\\/bobvarela.com\\\/wp-content\\\/flagallery\\\/samuel-alarcon-en-el-080-barcelona-fashion-primaveraverano-2017\\\/thumbs\\\/thumbs_samuel-alarcon_024.jpg\",\"file\":\"samuel-alarcon_024.jpg\",\"meta\":{\"aperture\":false,\"credit\":false,\"camera\":false,\"caption\":\"080 Barcelona Spring-Summer 2017\",\"created_timestamp\":\"June 29, 2016 1:06 pm\",\"copyright\":\"\\u00c2\\u00a9 2016 Estrop-Barcelona PHOTOGRAPH FOR FASHION EDITORIAL USE ONLY\",\"focal_length\":false,\"iso\":false,\"shutter_speed\":false,\"flash\":false,\"title\":\"080 Barcelona Spring-Summer 2017\",\"keywords\":\"080 Barcelona,Estrop-Barcelona,INEF,Spring-Summer 2017\",\"width\":1333,\"height\":2000,\"saved\":true,\"thumbnail\":{\"width\":220,\"height\":220,\"ewww_image_optimizer\":\"Reduced by 10.4% (2.9&nbsp;kB)\"},\"webview\":{\"0\":800,\"1\":1200,\"2\":2,\"3\":\"width=\\\"800\\\" height=\\\"1200\\\"\",\"bits\":8,\"channels\":3,\"mime\":\"image\\\/jpeg\",\"ewww_image_optimizer\":\"Reduced by 6.9% (5.8&nbsp;kB) - Previously Optimized\"},\"0\":false,\"ewww_image_optimizer\":\"Reduced by 12.2% (31.9&nbsp;kB)\",\"views\":\"2\",\"likes\":\"0\"},\"title\":\"080 Barcelona Spring-Summer 2017\",\"description\":\"<p>080 Barcelona Spring-Summer 2017<\\\/p>\",\"link\":null,\"link_target\":\"\",\"download\":\"https:\\\/\\\/bobvarela.com\\\/wp-content\\\/flagallery\\\/samuel-alarcon-en-el-080-barcelona-fashion-primaveraverano-2017\\\/samuel-alarcon_024.jpg\",\"ratio\":0.66666666666666662965923251249478198587894439697265625},{\"id\":\"25386\",\"image\":\"https:\\\/\\\/bobvarela.com\\\/wp-content\\\/flagallery\\\/samuel-alarcon-en-el-080-barcelona-fashion-primaveraverano-2017\\\/webview\\\/samuel-alarcon_025.jpg\",\"thumb\":\"https:\\\/\\\/bobvarela.com\\\/wp-content\\\/flagallery\\\/samuel-alarcon-en-el-080-barcelona-fashion-primaveraverano-2017\\\/thumbs\\\/thumbs_samuel-alarcon_025.jpg\",\"file\":\"samuel-alarcon_025.jpg\",\"meta\":{\"aperture\":false,\"credit\":false,\"camera\":false,\"caption\":\"080 Barcelona Spring-Summer 2017\",\"created_timestamp\":\"June 29, 2016 1:06 pm\",\"copyright\":\"\\u00c2\\u00a9 2016 Estrop-Barcelona PHOTOGRAPH FOR FASHION EDITORIAL USE ONLY\",\"focal_length\":false,\"iso\":false,\"shutter_speed\":false,\"flash\":false,\"title\":\"080 Barcelona Spring-Summer 2017\",\"keywords\":\"080 Barcelona,Estrop-Barcelona,INEF,Spring-Summer 2017\",\"width\":1333,\"height\":2000,\"saved\":true,\"thumbnail\":{\"width\":220,\"height\":220,\"ewww_image_optimizer\":\"Reduced by 8.4% (2.5&nbsp;kB)\"},\"webview\":{\"0\":800,\"1\":1200,\"2\":2,\"3\":\"width=\\\"800\\\" height=\\\"1200\\\"\",\"bits\":8,\"channels\":3,\"mime\":\"image\\\/jpeg\",\"ewww_image_optimizer\":\"Reduced by 5.3% (6.6&nbsp;kB) - Previously Optimized\"},\"0\":false,\"ewww_image_optimizer\":\"Reduced by 11.0% (25.6&nbsp;kB)\",\"views\":\"1\",\"likes\":\"0\"},\"title\":\"080 Barcelona Spring-Summer 2017\",\"description\":\"<p>080 Barcelona Spring-Summer 2017<\\\/p>\",\"link\":null,\"link_target\":\"\",\"download\":\"https:\\\/\\\/bobvarela.com\\\/wp-content\\\/flagallery\\\/samuel-alarcon-en-el-080-barcelona-fashion-primaveraverano-2017\\\/samuel-alarcon_025.jpg\",\"ratio\":0.66666666666666662965923251249478198587894439697265625},{\"id\":\"25387\",\"image\":\"https:\\\/\\\/bobvarela.com\\\/wp-content\\\/flagallery\\\/samuel-alarcon-en-el-080-barcelona-fashion-primaveraverano-2017\\\/webview\\\/samuel-alarcon_026.jpg\",\"thumb\":\"https:\\\/\\\/bobvarela.com\\\/wp-content\\\/flagallery\\\/samuel-alarcon-en-el-080-barcelona-fashion-primaveraverano-2017\\\/thumbs\\\/thumbs_samuel-alarcon_026.jpg\",\"file\":\"samuel-alarcon_026.jpg\",\"meta\":{\"aperture\":false,\"credit\":false,\"camera\":false,\"caption\":\"080 Barcelona Spring-Summer 2017\",\"created_timestamp\":\"June 29, 2016 1:06 pm\",\"copyright\":\"\\u00c2\\u00a9 2016 Estrop-Barcelona PHOTOGRAPH FOR FASHION EDITORIAL USE ONLY\",\"focal_length\":false,\"iso\":false,\"shutter_speed\":false,\"flash\":false,\"title\":\"080 Barcelona Spring-Summer 2017\",\"keywords\":\"080 Barcelona,Estrop-Barcelona,INEF,Spring-Summer 2017\",\"width\":1333,\"height\":2000,\"saved\":true,\"thumbnail\":{\"width\":220,\"height\":220,\"ewww_image_optimizer\":\"Reduced by 8.7% (2.9&nbsp;kB)\"},\"webview\":{\"0\":800,\"1\":1200,\"2\":2,\"3\":\"width=\\\"800\\\" height=\\\"1200\\\"\",\"bits\":8,\"channels\":3,\"mime\":\"image\\\/jpeg\",\"ewww_image_optimizer\":\"Reduced by 3.8% (4.6&nbsp;kB) - Previously Optimized\"},\"0\":false,\"ewww_image_optimizer\":\"Reduced by 12.6% (29.2&nbsp;kB)\",\"views\":\"1\",\"likes\":\"0\"},\"title\":\"080 Barcelona Spring-Summer 2017\",\"description\":\"<p>080 Barcelona Spring-Summer 2017<\\\/p>\",\"link\":null,\"link_target\":\"\",\"download\":\"https:\\\/\\\/bobvarela.com\\\/wp-content\\\/flagallery\\\/samuel-alarcon-en-el-080-barcelona-fashion-primaveraverano-2017\\\/samuel-alarcon_026.jpg\",\"ratio\":0.66666666666666662965923251249478198587894439697265625},{\"id\":\"25388\",\"image\":\"https:\\\/\\\/bobvarela.com\\\/wp-content\\\/flagallery\\\/samuel-alarcon-en-el-080-barcelona-fashion-primaveraverano-2017\\\/webview\\\/samuel-alarcon_027.jpg\",\"thumb\":\"https:\\\/\\\/bobvarela.com\\\/wp-content\\\/flagallery\\\/samuel-alarcon-en-el-080-barcelona-fashion-primaveraverano-2017\\\/thumbs\\\/thumbs_samuel-alarcon_027.jpg\",\"file\":\"samuel-alarcon_027.jpg\",\"meta\":{\"aperture\":false,\"credit\":false,\"camera\":false,\"caption\":\"080 Barcelona Spring-Summer 2017\",\"created_timestamp\":\"June 29, 2016 1:07 pm\",\"copyright\":\"\\u00c2\\u00a9 2016 Estrop-Barcelona PHOTOGRAPH FOR FASHION EDITORIAL USE ONLY\",\"focal_length\":false,\"iso\":false,\"shutter_speed\":false,\"flash\":false,\"title\":\"080 Barcelona Spring-Summer 2017\",\"keywords\":\"080 Barcelona,Estrop-Barcelona,INEF,Spring-Summer 2017\",\"width\":1333,\"height\":2000,\"saved\":true,\"thumbnail\":{\"width\":220,\"height\":220,\"ewww_image_optimizer\":\"Reduced by 8.6% (2.5&nbsp;kB)\"},\"webview\":{\"0\":800,\"1\":1200,\"2\":2,\"3\":\"width=\\\"800\\\" height=\\\"1200\\\"\",\"bits\":8,\"channels\":3,\"mime\":\"image\\\/jpeg\",\"ewww_image_optimizer\":\"Reduced by 5.0% (5.1&nbsp;kB) - Previously Optimized\"},\"0\":false,\"ewww_image_optimizer\":\"Reduced by 16.8% (44.9&nbsp;kB)\",\"views\":\"1\",\"likes\":\"0\"},\"title\":\"080 Barcelona Spring-Summer 2017\",\"description\":\"<p>080 Barcelona Spring-Summer 2017<\\\/p>\",\"link\":null,\"link_target\":\"\",\"download\":\"https:\\\/\\\/bobvarela.com\\\/wp-content\\\/flagallery\\\/samuel-alarcon-en-el-080-barcelona-fashion-primaveraverano-2017\\\/samuel-alarcon_027.jpg\",\"ratio\":0.66666666666666662965923251249478198587894439697265625},{\"id\":\"25389\",\"image\":\"https:\\\/\\\/bobvarela.com\\\/wp-content\\\/flagallery\\\/samuel-alarcon-en-el-080-barcelona-fashion-primaveraverano-2017\\\/webview\\\/samuel-alarcon_028.jpg\",\"thumb\":\"https:\\\/\\\/bobvarela.com\\\/wp-content\\\/flagallery\\\/samuel-alarcon-en-el-080-barcelona-fashion-primaveraverano-2017\\\/thumbs\\\/thumbs_samuel-alarcon_028.jpg\",\"file\":\"samuel-alarcon_028.jpg\",\"meta\":{\"aperture\":false,\"credit\":false,\"camera\":false,\"caption\":\"080 Barcelona Spring-Summer 2017\",\"created_timestamp\":\"June 29, 2016 1:07 pm\",\"copyright\":\"\\u00c2\\u00a9 2016 Estrop-Barcelona PHOTOGRAPH FOR FASHION EDITORIAL USE ONLY\",\"focal_length\":false,\"iso\":false,\"shutter_speed\":false,\"flash\":false,\"title\":\"080 Barcelona Spring-Summer 2017\",\"keywords\":\"080 Barcelona,Estrop-Barcelona,INEF,Spring-Summer 2017\",\"width\":667,\"height\":1000,\"saved\":true,\"thumbnail\":{\"width\":220,\"height\":220,\"ewww_image_optimizer\":\"Reduced by 8.1% (2.8&nbsp;kB)\"},\"webview\":{\"0\":667,\"1\":1000,\"2\":2,\"3\":\"width=\\\"667\\\" height=\\\"1000\\\"\",\"bits\":8,\"channels\":3,\"mime\":\"image\\\/jpeg\",\"ewww_image_optimizer\":\"Reduced by 4.9% (6.1&nbsp;kB) - Previously Optimized\"},\"0\":false,\"ewww_image_optimizer\":\"Reduced by 4.6% (12.2&nbsp;kB)\",\"views\":\"0\",\"likes\":\"0\"},\"title\":\"080 Barcelona Spring-Summer 2017\",\"description\":\"<p>080 Barcelona Spring-Summer 2017<\\\/p>\",\"link\":null,\"link_target\":\"\",\"download\":\"https:\\\/\\\/bobvarela.com\\\/wp-content\\\/flagallery\\\/samuel-alarcon-en-el-080-barcelona-fashion-primaveraverano-2017\\\/samuel-alarcon_028.jpg\",\"ratio\":0.6670000000000000373034936274052597582340240478515625},{\"id\":\"25390\",\"image\":\"https:\\\/\\\/bobvarela.com\\\/wp-content\\\/flagallery\\\/samuel-alarcon-en-el-080-barcelona-fashion-primaveraverano-2017\\\/webview\\\/samuel-alarcon_029.jpg\",\"thumb\":\"https:\\\/\\\/bobvarela.com\\\/wp-content\\\/flagallery\\\/samuel-alarcon-en-el-080-barcelona-fashion-primaveraverano-2017\\\/thumbs\\\/thumbs_samuel-alarcon_029.jpg\",\"file\":\"samuel-alarcon_029.jpg\",\"meta\":{\"aperture\":false,\"credit\":false,\"camera\":false,\"caption\":\"080 Barcelona Spring-Summer 2017\",\"created_timestamp\":\"June 29, 2016 1:07 pm\",\"copyright\":\"\\u00c2\\u00a9 2016 Estrop-Barcelona PHOTOGRAPH FOR FASHION EDITORIAL USE ONLY\",\"focal_length\":false,\"iso\":false,\"shutter_speed\":false,\"flash\":false,\"title\":\"080 Barcelona Spring-Summer 2017\",\"keywords\":\"080 Barcelona,Estrop-Barcelona,INEF,Spring-Summer 2017\",\"width\":1333,\"height\":2000,\"saved\":true,\"thumbnail\":{\"width\":220,\"height\":220,\"ewww_image_optimizer\":\"Reduced by 9.4% (2.7&nbsp;kB)\"},\"webview\":{\"0\":800,\"1\":1200,\"2\":2,\"3\":\"width=\\\"800\\\" height=\\\"1200\\\"\",\"bits\":8,\"channels\":3,\"mime\":\"image\\\/jpeg\",\"ewww_image_optimizer\":\"Reduced by 6.0% (5.9&nbsp;kB) - Previously Optimized\"},\"0\":false,\"ewww_image_optimizer\":\"Reduced by 10.9% (32.4&nbsp;kB)\",\"views\":\"0\",\"likes\":\"0\"},\"title\":\"080 Barcelona Spring-Summer 2017\",\"description\":\"<p>080 Barcelona Spring-Summer 2017<\\\/p>\",\"link\":null,\"link_target\":\"\",\"download\":\"https:\\\/\\\/bobvarela.com\\\/wp-content\\\/flagallery\\\/samuel-alarcon-en-el-080-barcelona-fashion-primaveraverano-2017\\\/samuel-alarcon_029.jpg\",\"ratio\":0.66666666666666662965923251249478198587894439697265625},{\"id\":\"25391\",\"image\":\"https:\\\/\\\/bobvarela.com\\\/wp-content\\\/flagallery\\\/samuel-alarcon-en-el-080-barcelona-fashion-primaveraverano-2017\\\/webview\\\/samuel-alarcon_030.jpg\",\"thumb\":\"https:\\\/\\\/bobvarela.com\\\/wp-content\\\/flagallery\\\/samuel-alarcon-en-el-080-barcelona-fashion-primaveraverano-2017\\\/thumbs\\\/thumbs_samuel-alarcon_030.jpg\",\"file\":\"samuel-alarcon_030.jpg\",\"meta\":{\"aperture\":false,\"credit\":false,\"camera\":false,\"caption\":\"080 Barcelona Spring-Summer 2017\",\"created_timestamp\":\"June 29, 2016 1:07 pm\",\"copyright\":\"\\u00c2\\u00a9 2016 Estrop-Barcelona PHOTOGRAPH FOR FASHION EDITORIAL USE ONLY\",\"focal_length\":false,\"iso\":false,\"shutter_speed\":false,\"flash\":false,\"title\":\"080 Barcelona Spring-Summer 2017\",\"keywords\":\"080 Barcelona,Estrop-Barcelona,INEF,Spring-Summer 2017\",\"width\":1333,\"height\":2000,\"saved\":true,\"thumbnail\":{\"width\":220,\"height\":220,\"ewww_image_optimizer\":\"Reduced by 7.8% (2.4&nbsp;kB)\"},\"webview\":{\"0\":800,\"1\":1200,\"2\":2,\"3\":\"width=\\\"800\\\" height=\\\"1200\\\"\",\"bits\":8,\"channels\":3,\"mime\":\"image\\\/jpeg\",\"ewww_image_optimizer\":\"Reduced by 5.1% (7.1&nbsp;kB) - Previously Optimized\"},\"0\":false,\"ewww_image_optimizer\":\"Reduced by 11.1% (31.3&nbsp;kB)\",\"views\":\"1\",\"likes\":\"0\"},\"title\":\"080 Barcelona Spring-Summer 2017\",\"description\":\"<p>080 Barcelona Spring-Summer 2017<\\\/p>\",\"link\":null,\"link_target\":\"\",\"download\":\"https:\\\/\\\/bobvarela.com\\\/wp-content\\\/flagallery\\\/samuel-alarcon-en-el-080-barcelona-fashion-primaveraverano-2017\\\/samuel-alarcon_030.jpg\",\"ratio\":0.66666666666666662965923251249478198587894439697265625},{\"id\":\"25392\",\"image\":\"https:\\\/\\\/bobvarela.com\\\/wp-content\\\/flagallery\\\/samuel-alarcon-en-el-080-barcelona-fashion-primaveraverano-2017\\\/webview\\\/samuel-alarcon_031.jpg\",\"thumb\":\"https:\\\/\\\/bobvarela.com\\\/wp-content\\\/flagallery\\\/samuel-alarcon-en-el-080-barcelona-fashion-primaveraverano-2017\\\/thumbs\\\/thumbs_samuel-alarcon_031.jpg\",\"file\":\"samuel-alarcon_031.jpg\",\"meta\":{\"aperture\":false,\"credit\":false,\"camera\":false,\"caption\":\"080 Barcelona Spring-Summer 2017\",\"created_timestamp\":\"June 29, 2016 1:07 pm\",\"copyright\":\"\\u00c2\\u00a9 2016 Estrop-Barcelona PHOTOGRAPH FOR FASHION EDITORIAL USE ONLY\",\"focal_length\":false,\"iso\":false,\"shutter_speed\":false,\"flash\":false,\"title\":\"080 Barcelona Spring-Summer 2017\",\"keywords\":\"080 Barcelona,Estrop-Barcelona,INEF,Spring-Summer 2017\",\"width\":1333,\"height\":2000,\"saved\":true,\"thumbnail\":{\"width\":220,\"height\":220,\"ewww_image_optimizer\":\"Reduced by 10.1% (2.9&nbsp;kB)\"},\"webview\":{\"0\":800,\"1\":1200,\"2\":2,\"3\":\"width=\\\"800\\\" height=\\\"1200\\\"\",\"bits\":8,\"channels\":3,\"mime\":\"image\\\/jpeg\",\"ewww_image_optimizer\":\"Reduced by 5.1% (5.2&nbsp;kB) - Previously Optimized\"},\"0\":false,\"ewww_image_optimizer\":\"Reduced by 10.6% (30.5&nbsp;kB)\",\"views\":\"2\",\"likes\":\"0\"},\"title\":\"080 Barcelona Spring-Summer 2017\",\"description\":\"<p>080 Barcelona Spring-Summer 2017<\\\/p>\",\"link\":null,\"link_target\":\"\",\"download\":\"https:\\\/\\\/bobvarela.com\\\/wp-content\\\/flagallery\\\/samuel-alarcon-en-el-080-barcelona-fashion-primaveraverano-2017\\\/samuel-alarcon_031.jpg\",\"ratio\":0.66666666666666662965923251249478198587894439697265625},{\"id\":\"25393\",\"image\":\"https:\\\/\\\/bobvarela.com\\\/wp-content\\\/flagallery\\\/samuel-alarcon-en-el-080-barcelona-fashion-primaveraverano-2017\\\/webview\\\/samuel-alarcon_032.jpg\",\"thumb\":\"https:\\\/\\\/bobvarela.com\\\/wp-content\\\/flagallery\\\/samuel-alarcon-en-el-080-barcelona-fashion-primaveraverano-2017\\\/thumbs\\\/thumbs_samuel-alarcon_032.jpg\",\"file\":\"samuel-alarcon_032.jpg\",\"meta\":{\"aperture\":false,\"credit\":false,\"camera\":false,\"caption\":\"080 Barcelona Spring-Summer 2017\",\"created_timestamp\":\"June 29, 2016 1:07 pm\",\"copyright\":\"\\u00c2\\u00a9 2016 Estrop-Barcelona PHOTOGRAPH FOR FASHION EDITORIAL USE ONLY\",\"focal_length\":false,\"iso\":false,\"shutter_speed\":false,\"flash\":false,\"title\":\"080 Barcelona Spring-Summer 2017\",\"keywords\":\"080 Barcelona,Estrop-Barcelona,INEF,Spring-Summer 2017\",\"width\":1333,\"height\":2000,\"saved\":true,\"thumbnail\":{\"width\":220,\"height\":220,\"ewww_image_optimizer\":\"Reduced by 10.1% (3.2&nbsp;kB)\"},\"webview\":{\"0\":800,\"1\":1200,\"2\":2,\"3\":\"width=\\\"800\\\" height=\\\"1200\\\"\",\"bits\":8,\"channels\":3,\"mime\":\"image\\\/jpeg\",\"ewww_image_optimizer\":\"Reduced by 4.7% (6.0&nbsp;kB) - Previously Optimized\"},\"0\":false,\"ewww_image_optimizer\":\"Reduced by 8.1% (21.8&nbsp;kB)\",\"views\":\"0\",\"likes\":\"0\"},\"title\":\"080 Barcelona Spring-Summer 2017\",\"description\":\"<p>080 Barcelona Spring-Summer 2017<\\\/p>\",\"link\":null,\"link_target\":\"\",\"download\":\"https:\\\/\\\/bobvarela.com\\\/wp-content\\\/flagallery\\\/samuel-alarcon-en-el-080-barcelona-fashion-primaveraverano-2017\\\/samuel-alarcon_032.jpg\",\"ratio\":0.66666666666666662965923251249478198587894439697265625},{\"id\":\"25394\",\"image\":\"https:\\\/\\\/bobvarela.com\\\/wp-content\\\/flagallery\\\/samuel-alarcon-en-el-080-barcelona-fashion-primaveraverano-2017\\\/webview\\\/samuel-alarcon_033.jpg\",\"thumb\":\"https:\\\/\\\/bobvarela.com\\\/wp-content\\\/flagallery\\\/samuel-alarcon-en-el-080-barcelona-fashion-primaveraverano-2017\\\/thumbs\\\/thumbs_samuel-alarcon_033.jpg\",\"file\":\"samuel-alarcon_033.jpg\",\"meta\":{\"aperture\":false,\"credit\":false,\"camera\":false,\"caption\":\"080 Barcelona Spring-Summer 2017\",\"created_timestamp\":\"June 29, 2016 1:08 pm\",\"copyright\":\"\\u00c2\\u00a9 2016 Estrop-Barcelona PHOTOGRAPH FOR FASHION EDITORIAL USE ONLY\",\"focal_length\":false,\"iso\":false,\"shutter_speed\":false,\"flash\":false,\"title\":\"080 Barcelona Spring-Summer 2017\",\"keywords\":\"080 Barcelona,Estrop-Barcelona,INEF,Spring-Summer 2017\",\"width\":1333,\"height\":2000,\"saved\":true,\"thumbnail\":{\"width\":220,\"height\":220,\"ewww_image_optimizer\":\"Reduced by 9.7% (2.9&nbsp;kB)\"},\"webview\":{\"0\":800,\"1\":1200,\"2\":2,\"3\":\"width=\\\"800\\\" height=\\\"1200\\\"\",\"bits\":8,\"channels\":3,\"mime\":\"image\\\/jpeg\",\"ewww_image_optimizer\":\"Reduced by 4.4% (4.3&nbsp;kB) - Previously Optimized\"},\"0\":false,\"ewww_image_optimizer\":\"Reduced by 9.3% (25.5&nbsp;kB)\",\"views\":\"1\",\"likes\":\"0\"},\"title\":\"080 Barcelona Spring-Summer 2017\",\"description\":\"<p>080 Barcelona Spring-Summer 2017<\\\/p>\",\"link\":null,\"link_target\":\"\",\"download\":\"https:\\\/\\\/bobvarela.com\\\/wp-content\\\/flagallery\\\/samuel-alarcon-en-el-080-barcelona-fashion-primaveraverano-2017\\\/samuel-alarcon_033.jpg\",\"ratio\":0.66666666666666662965923251249478198587894439697265625},{\"id\":\"25395\",\"image\":\"https:\\\/\\\/bobvarela.com\\\/wp-content\\\/flagallery\\\/samuel-alarcon-en-el-080-barcelona-fashion-primaveraverano-2017\\\/webview\\\/samuel-alarcon_034.jpg\",\"thumb\":\"https:\\\/\\\/bobvarela.com\\\/wp-content\\\/flagallery\\\/samuel-alarcon-en-el-080-barcelona-fashion-primaveraverano-2017\\\/thumbs\\\/thumbs_samuel-alarcon_034.jpg\",\"file\":\"samuel-alarcon_034.jpg\",\"meta\":{\"aperture\":false,\"credit\":false,\"camera\":false,\"caption\":\"080 Barcelona Spring-Summer 2017\",\"created_timestamp\":\"June 29, 2016 1:08 pm\",\"copyright\":\"\\u00c2\\u00a9 2016 Estrop-Barcelona PHOTOGRAPH FOR FASHION EDITORIAL USE ONLY\",\"focal_length\":false,\"iso\":false,\"shutter_speed\":false,\"flash\":false,\"title\":\"080 Barcelona Spring-Summer 2017\",\"keywords\":\"080 Barcelona,Estrop-Barcelona,INEF,Spring-Summer 2017\",\"width\":1333,\"height\":2000,\"saved\":true,\"thumbnail\":{\"width\":220,\"height\":220,\"ewww_image_optimizer\":\"Reduced by 8.9% (2.9&nbsp;kB)\"},\"webview\":{\"0\":800,\"1\":1200,\"2\":2,\"3\":\"width=\\\"800\\\" height=\\\"1200\\\"\",\"bits\":8,\"channels\":3,\"mime\":\"image\\\/jpeg\",\"ewww_image_optimizer\":\"Reduced by 4.7% (5.8&nbsp;kB) - Previously Optimized\"},\"0\":false,\"ewww_image_optimizer\":\"Reduced by 8.1% (22.2&nbsp;kB)\",\"views\":\"1\",\"likes\":\"0\"},\"title\":\"080 Barcelona Spring-Summer 2017\",\"description\":\"<p>080 Barcelona Spring-Summer 2017<\\\/p>\",\"link\":null,\"link_target\":\"\",\"download\":\"https:\\\/\\\/bobvarela.com\\\/wp-content\\\/flagallery\\\/samuel-alarcon-en-el-080-barcelona-fashion-primaveraverano-2017\\\/samuel-alarcon_034.jpg\",\"ratio\":0.66666666666666662965923251249478198587894439697265625},{\"id\":\"25396\",\"image\":\"https:\\\/\\\/bobvarela.com\\\/wp-content\\\/flagallery\\\/samuel-alarcon-en-el-080-barcelona-fashion-primaveraverano-2017\\\/webview\\\/samuel-alarcon_035.jpg\",\"thumb\":\"https:\\\/\\\/bobvarela.com\\\/wp-content\\\/flagallery\\\/samuel-alarcon-en-el-080-barcelona-fashion-primaveraverano-2017\\\/thumbs\\\/thumbs_samuel-alarcon_035.jpg\",\"file\":\"samuel-alarcon_035.jpg\",\"meta\":{\"aperture\":false,\"credit\":false,\"camera\":false,\"caption\":\"080 Barcelona Spring-Summer 2017\",\"created_timestamp\":\"June 29, 2016 1:08 pm\",\"copyright\":\"\\u00c2\\u00a9 2016 Estrop-Barcelona PHOTOGRAPH FOR FASHION EDITORIAL USE ONLY\",\"focal_length\":false,\"iso\":false,\"shutter_speed\":false,\"flash\":false,\"title\":\"080 Barcelona Spring-Summer 2017\",\"keywords\":\"080 Barcelona,Estrop-Barcelona,INEF,Spring-Summer 2017\",\"width\":1333,\"height\":2000,\"saved\":true,\"thumbnail\":{\"width\":220,\"height\":220,\"ewww_image_optimizer\":\"Reduced by 8.6% (2.5&nbsp;kB)\"},\"webview\":{\"0\":800,\"1\":1200,\"2\":2,\"3\":\"width=\\\"800\\\" height=\\\"1200\\\"\",\"bits\":8,\"channels\":3,\"mime\":\"image\\\/jpeg\",\"ewww_image_optimizer\":\"Reduced by 5.3% (6.1&nbsp;kB) - Previously Optimized\"},\"0\":false,\"ewww_image_optimizer\":\"Reduced by 9.8% (26.2&nbsp;kB)\",\"views\":\"1\",\"likes\":\"0\"},\"title\":\"080 Barcelona Spring-Summer 2017\",\"description\":\"<p>080 Barcelona Spring-Summer 2017<\\\/p>\",\"link\":null,\"link_target\":\"\",\"download\":\"https:\\\/\\\/bobvarela.com\\\/wp-content\\\/flagallery\\\/samuel-alarcon-en-el-080-barcelona-fashion-primaveraverano-2017\\\/samuel-alarcon_035.jpg\",\"ratio\":0.66666666666666662965923251249478198587894439697265625},{\"id\":\"25397\",\"image\":\"https:\\\/\\\/bobvarela.com\\\/wp-content\\\/flagallery\\\/samuel-alarcon-en-el-080-barcelona-fashion-primaveraverano-2017\\\/webview\\\/samuel-alarcon_036.jpg\",\"thumb\":\"https:\\\/\\\/bobvarela.com\\\/wp-content\\\/flagallery\\\/samuel-alarcon-en-el-080-barcelona-fashion-primaveraverano-2017\\\/thumbs\\\/thumbs_samuel-alarcon_036.jpg\",\"file\":\"samuel-alarcon_036.jpg\",\"meta\":{\"aperture\":false,\"credit\":false,\"camera\":false,\"caption\":\"080 Barcelona Spring-Summer 2017\",\"created_timestamp\":\"June 29, 2016 1:08 pm\",\"copyright\":\"\\u00c2\\u00a9 2016 Estrop-Barcelona PHOTOGRAPH FOR FASHION EDITORIAL USE ONLY\",\"focal_length\":false,\"iso\":false,\"shutter_speed\":false,\"flash\":false,\"title\":\"080 Barcelona Spring-Summer 2017\",\"keywords\":\"080 Barcelona,Estrop-Barcelona,INEF,Spring-Summer 2017\",\"width\":1333,\"height\":2000,\"saved\":true,\"thumbnail\":{\"width\":220,\"height\":220,\"ewww_image_optimizer\":\"Reduced by 8.5% (3.1&nbsp;kB)\"},\"webview\":{\"0\":800,\"1\":1200,\"2\":2,\"3\":\"width=\\\"800\\\" height=\\\"1200\\\"\",\"bits\":8,\"channels\":3,\"mime\":\"image\\\/jpeg\",\"ewww_image_optimizer\":\"Reduced by 3.9% (6.9&nbsp;kB) - Previously Optimized\"},\"0\":false,\"ewww_image_optimizer\":\"Reduced by 18.4% (50.4&nbsp;kB)\",\"views\":\"2\",\"likes\":\"0\"},\"title\":\"080 Barcelona Spring-Summer 2017\",\"description\":\"<p>080 Barcelona Spring-Summer 2017<\\\/p>\",\"link\":null,\"link_target\":\"\",\"download\":\"https:\\\/\\\/bobvarela.com\\\/wp-content\\\/flagallery\\\/samuel-alarcon-en-el-080-barcelona-fashion-primaveraverano-2017\\\/samuel-alarcon_036.jpg\",\"ratio\":0.66666666666666662965923251249478198587894439697265625},{\"id\":\"25398\",\"image\":\"https:\\\/\\\/bobvarela.com\\\/wp-content\\\/flagallery\\\/samuel-alarcon-en-el-080-barcelona-fashion-primaveraverano-2017\\\/webview\\\/samuel-alarcon_037.jpg\",\"thumb\":\"https:\\\/\\\/bobvarela.com\\\/wp-content\\\/flagallery\\\/samuel-alarcon-en-el-080-barcelona-fashion-primaveraverano-2017\\\/thumbs\\\/thumbs_samuel-alarcon_037.jpg\",\"file\":\"samuel-alarcon_037.jpg\",\"meta\":{\"aperture\":false,\"credit\":false,\"camera\":false,\"caption\":\"080 Barcelona Spring-Summer 2017\",\"created_timestamp\":\"June 29, 2016 1:08 pm\",\"copyright\":\"\\u00c2\\u00a9 2016 Estrop-Barcelona PHOTOGRAPH FOR FASHION EDITORIAL USE ONLY\",\"focal_length\":false,\"iso\":false,\"shutter_speed\":false,\"flash\":false,\"title\":\"080 Barcelona Spring-Summer 2017\",\"keywords\":\"080 Barcelona,Estrop-Barcelona,INEF,Spring-Summer 2017\",\"width\":1333,\"height\":2000,\"saved\":true,\"thumbnail\":{\"width\":220,\"height\":220,\"ewww_image_optimizer\":\"Reduced by 9.3% (3.3&nbsp;kB)\"},\"webview\":{\"0\":800,\"1\":1200,\"2\":2,\"3\":\"width=\\\"800\\\" height=\\\"1200\\\"\",\"bits\":8,\"channels\":3,\"mime\":\"image\\\/jpeg\",\"ewww_image_optimizer\":\"Reduced by 4.0% (5.6&nbsp;kB) - Previously Optimized\"},\"0\":false,\"ewww_image_optimizer\":\"Reduced by 9.5% (27.0&nbsp;kB)\",\"views\":\"0\",\"likes\":\"0\"},\"title\":\"080 Barcelona Spring-Summer 2017\",\"description\":\"<p>080 Barcelona Spring-Summer 2017<\\\/p>\",\"link\":null,\"link_target\":\"\",\"download\":\"https:\\\/\\\/bobvarela.com\\\/wp-content\\\/flagallery\\\/samuel-alarcon-en-el-080-barcelona-fashion-primaveraverano-2017\\\/samuel-alarcon_037.jpg\",\"ratio\":0.66666666666666662965923251249478198587894439697265625},{\"id\":\"25399\",\"image\":\"https:\\\/\\\/bobvarela.com\\\/wp-content\\\/flagallery\\\/samuel-alarcon-en-el-080-barcelona-fashion-primaveraverano-2017\\\/webview\\\/samuel-alarcon_038.jpg\",\"thumb\":\"https:\\\/\\\/bobvarela.com\\\/wp-content\\\/flagallery\\\/samuel-alarcon-en-el-080-barcelona-fashion-primaveraverano-2017\\\/thumbs\\\/thumbs_samuel-alarcon_038.jpg\",\"file\":\"samuel-alarcon_038.jpg\",\"meta\":{\"aperture\":false,\"credit\":false,\"camera\":false,\"caption\":\"080 Barcelona Spring-Summer 2017\",\"created_timestamp\":\"June 29, 2016 1:08 pm\",\"copyright\":\"\\u00c2\\u00a9 2016 Estrop-Barcelona PHOTOGRAPH FOR FASHION EDITORIAL USE ONLY\",\"focal_length\":false,\"iso\":false,\"shutter_speed\":false,\"flash\":false,\"title\":\"080 Barcelona Spring-Summer 2017\",\"keywords\":\"080 Barcelona,Estrop-Barcelona,INEF,Spring-Summer 2017\",\"width\":1333,\"height\":2000,\"saved\":true,\"thumbnail\":{\"width\":220,\"height\":220,\"ewww_image_optimizer\":\"Reduced by 9.6% (2.9&nbsp;kB)\"},\"webview\":{\"0\":800,\"1\":1200,\"2\":2,\"3\":\"width=\\\"800\\\" height=\\\"1200\\\"\",\"bits\":8,\"channels\":3,\"mime\":\"image\\\/jpeg\",\"ewww_image_optimizer\":\"Reduced by 4.9% (5.3&nbsp;kB) - Previously Optimized\"},\"0\":false,\"ewww_image_optimizer\":\"Reduced by 13.7% (31.5&nbsp;kB)\",\"views\":\"2\",\"likes\":\"0\"},\"title\":\"080 Barcelona Spring-Summer 2017\",\"description\":\"<p>080 Barcelona Spring-Summer 2017<\\\/p>\",\"link\":null,\"link_target\":\"\",\"download\":\"https:\\\/\\\/bobvarela.com\\\/wp-content\\\/flagallery\\\/samuel-alarcon-en-el-080-barcelona-fashion-primaveraverano-2017\\\/samuel-alarcon_038.jpg\",\"ratio\":0.66666666666666662965923251249478198587894439697265625},{\"id\":\"25400\",\"image\":\"https:\\\/\\\/bobvarela.com\\\/wp-content\\\/flagallery\\\/samuel-alarcon-en-el-080-barcelona-fashion-primaveraverano-2017\\\/webview\\\/samuel-alarcon_039.jpg\",\"thumb\":\"https:\\\/\\\/bobvarela.com\\\/wp-content\\\/flagallery\\\/samuel-alarcon-en-el-080-barcelona-fashion-primaveraverano-2017\\\/thumbs\\\/thumbs_samuel-alarcon_039.jpg\",\"file\":\"samuel-alarcon_039.jpg\",\"meta\":{\"aperture\":false,\"credit\":false,\"camera\":false,\"caption\":\"080 Barcelona Spring-Summer 2017\",\"created_timestamp\":\"June 29, 2016 1:08 pm\",\"copyright\":\"\\u00c2\\u00a9 2016 Estrop-Barcelona PHOTOGRAPH FOR FASHION EDITORIAL USE ONLY\",\"focal_length\":false,\"iso\":false,\"shutter_speed\":false,\"flash\":false,\"title\":\"080 Barcelona Spring-Summer 2017\",\"keywords\":\"080 Barcelona,Estrop-Barcelona,INEF,Spring-Summer 2017\",\"width\":1333,\"height\":2000,\"saved\":true,\"thumbnail\":{\"width\":220,\"height\":220,\"ewww_image_optimizer\":\"Reduced by 8.8% (3.2&nbsp;kB)\"},\"webview\":{\"0\":800,\"1\":1200,\"2\":2,\"3\":\"width=\\\"800\\\" height=\\\"1200\\\"\",\"bits\":8,\"channels\":3,\"mime\":\"image\\\/jpeg\",\"ewww_image_optimizer\":\"Reduced by 4.9% (8.1&nbsp;kB) - Previously Optimized\"},\"0\":false,\"ewww_image_optimizer\":\"Reduced by 10.4% (26.9&nbsp;kB)\",\"views\":\"0\",\"likes\":\"0\"},\"title\":\"080 Barcelona Spring-Summer 2017\",\"description\":\"<p>080 Barcelona Spring-Summer 2017<\\\/p>\",\"link\":null,\"link_target\":\"\",\"download\":\"https:\\\/\\\/bobvarela.com\\\/wp-content\\\/flagallery\\\/samuel-alarcon-en-el-080-barcelona-fashion-primaveraverano-2017\\\/samuel-alarcon_039.jpg\",\"ratio\":0.66666666666666662965923251249478198587894439697265625},{\"id\":\"25401\",\"image\":\"https:\\\/\\\/bobvarela.com\\\/wp-content\\\/flagallery\\\/samuel-alarcon-en-el-080-barcelona-fashion-primaveraverano-2017\\\/webview\\\/samuel-alarcon_040.jpg\",\"thumb\":\"https:\\\/\\\/bobvarela.com\\\/wp-content\\\/flagallery\\\/samuel-alarcon-en-el-080-barcelona-fashion-primaveraverano-2017\\\/thumbs\\\/thumbs_samuel-alarcon_040.jpg\",\"file\":\"samuel-alarcon_040.jpg\",\"meta\":{\"aperture\":false,\"credit\":false,\"camera\":false,\"caption\":\"080 Barcelona Spring-Summer 2017\",\"created_timestamp\":\"June 29, 2016 1:09 pm\",\"copyright\":\"\\u00c2\\u00a9 2016 Estrop-Barcelona PHOTOGRAPH FOR FASHION EDITORIAL USE ONLY\",\"focal_length\":false,\"iso\":false,\"shutter_speed\":false,\"flash\":false,\"title\":\"080 Barcelona Spring-Summer 2017\",\"keywords\":\"080 Barcelona,Estrop-Barcelona,INEF,Spring-Summer 2017\",\"width\":1333,\"height\":2000,\"saved\":true,\"thumbnail\":{\"width\":220,\"height\":220,\"ewww_image_optimizer\":\"Reduced by 9.2% (3.0&nbsp;kB)\"},\"webview\":{\"0\":800,\"1\":1200,\"2\":2,\"3\":\"width=\\\"800\\\" height=\\\"1200\\\"\",\"bits\":8,\"channels\":3,\"mime\":\"image\\\/jpeg\",\"ewww_image_optimizer\":\"Reduced by 4.3% (5.5&nbsp;kB) - Previously Optimized\"},\"0\":false,\"ewww_image_optimizer\":\"Reduced by 8.9% (25.1&nbsp;kB)\",\"views\":\"0\",\"likes\":\"0\"},\"title\":\"080 Barcelona Spring-Summer 2017\",\"description\":\"<p>080 Barcelona Spring-Summer 2017<\\\/p>\",\"link\":null,\"link_target\":\"\",\"download\":\"https:\\\/\\\/bobvarela.com\\\/wp-content\\\/flagallery\\\/samuel-alarcon-en-el-080-barcelona-fashion-primaveraverano-2017\\\/samuel-alarcon_040.jpg\",\"ratio\":0.66666666666666662965923251249478198587894439697265625},{\"id\":\"25402\",\"image\":\"https:\\\/\\\/bobvarela.com\\\/wp-content\\\/flagallery\\\/samuel-alarcon-en-el-080-barcelona-fashion-primaveraverano-2017\\\/webview\\\/samuel-alarcon_041.jpg\",\"thumb\":\"https:\\\/\\\/bobvarela.com\\\/wp-content\\\/flagallery\\\/samuel-alarcon-en-el-080-barcelona-fashion-primaveraverano-2017\\\/thumbs\\\/thumbs_samuel-alarcon_041.jpg\",\"file\":\"samuel-alarcon_041.jpg\",\"meta\":{\"aperture\":false,\"credit\":false,\"camera\":false,\"caption\":\"080 Barcelona Spring-Summer 2017\",\"created_timestamp\":\"June 29, 2016 1:08 pm\",\"copyright\":\"\\u00c2\\u00a9 2016 Estrop-Barcelona PHOTOGRAPH FOR FASHION EDITORIAL USE ONLY\",\"focal_length\":false,\"iso\":false,\"shutter_speed\":false,\"flash\":false,\"title\":\"080 Barcelona Spring-Summer 2017\",\"keywords\":\"080 Barcelona,Estrop-Barcelona,INEF,Spring-Summer 2017\",\"width\":1333,\"height\":2000,\"saved\":true,\"thumbnail\":{\"width\":220,\"height\":220,\"ewww_image_optimizer\":\"Reduced by 10.0% (3.1&nbsp;kB)\"},\"webview\":{\"0\":800,\"1\":1200,\"2\":2,\"3\":\"width=\\\"800\\\" height=\\\"1200\\\"\",\"bits\":8,\"channels\":3,\"mime\":\"image\\\/jpeg\",\"ewww_image_optimizer\":\"Reduced by 4.0% (4.9&nbsp;kB) - Previously Optimized\"},\"0\":false,\"ewww_image_optimizer\":\"Reduced by 13.1% (30.7&nbsp;kB)\",\"views\":\"1\",\"likes\":\"0\"},\"title\":\"080 Barcelona Spring-Summer 2017\",\"description\":\"<p>080 Barcelona Spring-Summer 2017<\\\/p>\",\"link\":null,\"link_target\":\"\",\"download\":\"https:\\\/\\\/bobvarela.com\\\/wp-content\\\/flagallery\\\/samuel-alarcon-en-el-080-barcelona-fashion-primaveraverano-2017\\\/samuel-alarcon_041.jpg\",\"ratio\":0.66666666666666662965923251249478198587894439697265625},{\"id\":\"25403\",\"image\":\"https:\\\/\\\/bobvarela.com\\\/wp-content\\\/flagallery\\\/samuel-alarcon-en-el-080-barcelona-fashion-primaveraverano-2017\\\/webview\\\/samuel-alarcon_042.jpg\",\"thumb\":\"https:\\\/\\\/bobvarela.com\\\/wp-content\\\/flagallery\\\/samuel-alarcon-en-el-080-barcelona-fashion-primaveraverano-2017\\\/thumbs\\\/thumbs_samuel-alarcon_042.jpg\",\"file\":\"samuel-alarcon_042.jpg\",\"meta\":{\"aperture\":false,\"credit\":false,\"camera\":false,\"caption\":\"080 Barcelona Spring-Summer 2017\",\"created_timestamp\":\"June 29, 2016 1:09 pm\",\"copyright\":\"\\u00c2\\u00a9 2016 Estrop-Barcelona PHOTOGRAPH FOR FASHION EDITORIAL USE ONLY\",\"focal_length\":false,\"iso\":false,\"shutter_speed\":false,\"flash\":false,\"title\":\"080 Barcelona Spring-Summer 2017\",\"keywords\":\"080 Barcelona,Estrop-Barcelona,INEF,Spring-Summer 2017\",\"width\":1333,\"height\":2000,\"saved\":true,\"thumbnail\":{\"width\":220,\"height\":220,\"ewww_image_optimizer\":\"Reduced by 10.3% (3.2&nbsp;kB)\"},\"webview\":{\"0\":800,\"1\":1200,\"2\":2,\"3\":\"width=\\\"800\\\" height=\\\"1200\\\"\",\"bits\":8,\"channels\":3,\"mime\":\"image\\\/jpeg\",\"ewww_image_optimizer\":\"Reduced by 4.7% (4.2&nbsp;kB) - Previously Optimized\"},\"0\":false,\"ewww_image_optimizer\":\"Reduced by 9.8% (23.4&nbsp;kB)\",\"views\":\"1\",\"likes\":\"0\"},\"title\":\"080 Barcelona Spring-Summer 2017\",\"description\":\"<p>080 Barcelona Spring-Summer 2017<\\\/p>\",\"link\":null,\"link_target\":\"\",\"download\":\"https:\\\/\\\/bobvarela.com\\\/wp-content\\\/flagallery\\\/samuel-alarcon-en-el-080-barcelona-fashion-primaveraverano-2017\\\/samuel-alarcon_042.jpg\",\"ratio\":0.66666666666666662965923251249478198587894439697265625},{\"id\":\"25404\",\"image\":\"https:\\\/\\\/bobvarela.com\\\/wp-content\\\/flagallery\\\/samuel-alarcon-en-el-080-barcelona-fashion-primaveraverano-2017\\\/webview\\\/samuel-alarcon_043.jpg\",\"thumb\":\"https:\\\/\\\/bobvarela.com\\\/wp-content\\\/flagallery\\\/samuel-alarcon-en-el-080-barcelona-fashion-primaveraverano-2017\\\/thumbs\\\/thumbs_samuel-alarcon_043.jpg\",\"file\":\"samuel-alarcon_043.jpg\",\"meta\":{\"aperture\":false,\"credit\":false,\"camera\":false,\"caption\":\"080 Barcelona Spring-Summer 2017\",\"created_timestamp\":\"June 29, 2016 1:09 pm\",\"copyright\":\"\\u00c2\\u00a9 2016 Estrop-Barcelona PHOTOGRAPH FOR FASHION EDITORIAL USE ONLY\",\"focal_length\":false,\"iso\":false,\"shutter_speed\":false,\"flash\":false,\"title\":\"080 Barcelona Spring-Summer 2017\",\"keywords\":\"080 Barcelona,Estrop-Barcelona,INEF,Spring-Summer 2017\",\"width\":1333,\"height\":2000,\"saved\":true,\"thumbnail\":{\"width\":220,\"height\":220,\"ewww_image_optimizer\":\"Reduced by 9.9% (3.1&nbsp;kB)\"},\"webview\":{\"0\":800,\"1\":1200,\"2\":2,\"3\":\"width=\\\"800\\\" height=\\\"1200\\\"\",\"bits\":8,\"channels\":3,\"mime\":\"image\\\/jpeg\",\"ewww_image_optimizer\":\"Reduced by 5.3% (5.8&nbsp;kB) - Previously Optimized\"},\"0\":false,\"ewww_image_optimizer\":\"Reduced by 12.6% (27.9&nbsp;kB)\",\"views\":\"0\",\"likes\":\"0\"},\"title\":\"080 Barcelona Spring-Summer 2017\",\"description\":\"<p>080 Barcelona Spring-Summer 2017<\\\/p>\",\"link\":null,\"link_target\":\"\",\"download\":\"https:\\\/\\\/bobvarela.com\\\/wp-content\\\/flagallery\\\/samuel-alarcon-en-el-080-barcelona-fashion-primaveraverano-2017\\\/samuel-alarcon_043.jpg\",\"ratio\":0.66666666666666662965923251249478198587894439697265625},{\"id\":\"25405\",\"image\":\"https:\\\/\\\/bobvarela.com\\\/wp-content\\\/flagallery\\\/samuel-alarcon-en-el-080-barcelona-fashion-primaveraverano-2017\\\/webview\\\/samuel-alarcon_044.jpg\",\"thumb\":\"https:\\\/\\\/bobvarela.com\\\/wp-content\\\/flagallery\\\/samuel-alarcon-en-el-080-barcelona-fashion-primaveraverano-2017\\\/thumbs\\\/thumbs_samuel-alarcon_044.jpg\",\"file\":\"samuel-alarcon_044.jpg\",\"meta\":{\"aperture\":false,\"credit\":false,\"camera\":false,\"caption\":\"080 Barcelona Spring-Summer 2017\",\"created_timestamp\":\"June 29, 2016 1:09 pm\",\"copyright\":\"\\u00c2\\u00a9 2016 Estrop-Barcelona PHOTOGRAPH FOR FASHION EDITORIAL USE ONLY\",\"focal_length\":false,\"iso\":false,\"shutter_speed\":false,\"flash\":false,\"title\":\"080 Barcelona Spring-Summer 2017\",\"keywords\":\"080 Barcelona,Estrop-Barcelona,INEF,Spring-Summer 2017\",\"width\":1333,\"height\":2000,\"saved\":true,\"thumbnail\":{\"width\":220,\"height\":220,\"ewww_image_optimizer\":\"Reduced by 10.7% (3.4&nbsp;kB)\"},\"webview\":{\"0\":800,\"1\":1200,\"2\":2,\"3\":\"width=\\\"800\\\" height=\\\"1200\\\"\",\"bits\":8,\"channels\":3,\"mime\":\"image\\\/jpeg\",\"ewww_image_optimizer\":\"Reduced by 5.2% (5.7&nbsp;kB) - Previously Optimized\"},\"0\":false,\"ewww_image_optimizer\":\"Reduced by 13.5% (32.6&nbsp;kB)\",\"views\":\"0\",\"likes\":\"0\"},\"title\":\"080 Barcelona Spring-Summer 2017\",\"description\":\"<p>080 Barcelona Spring-Summer 2017<\\\/p>\",\"link\":null,\"link_target\":\"\",\"download\":\"https:\\\/\\\/bobvarela.com\\\/wp-content\\\/flagallery\\\/samuel-alarcon-en-el-080-barcelona-fashion-primaveraverano-2017\\\/samuel-alarcon_044.jpg\",\"ratio\":0.66666666666666662965923251249478198587894439697265625},{\"id\":\"25406\",\"image\":\"https:\\\/\\\/bobvarela.com\\\/wp-content\\\/flagallery\\\/samuel-alarcon-en-el-080-barcelona-fashion-primaveraverano-2017\\\/webview\\\/samuel-alarcon_045.jpg\",\"thumb\":\"https:\\\/\\\/bobvarela.com\\\/wp-content\\\/flagallery\\\/samuel-alarcon-en-el-080-barcelona-fashion-primaveraverano-2017\\\/thumbs\\\/thumbs_samuel-alarcon_045.jpg\",\"file\":\"samuel-alarcon_045.jpg\",\"meta\":{\"aperture\":false,\"credit\":false,\"camera\":false,\"caption\":\"080 Barcelona Spring-Summer 2017\",\"created_timestamp\":\"June 29, 2016 1:09 pm\",\"copyright\":\"\\u00c2\\u00a9 2016 Estrop-Barcelona PHOTOGRAPH FOR FASHION EDITORIAL USE ONLY\",\"focal_length\":false,\"iso\":false,\"shutter_speed\":false,\"flash\":false,\"title\":\"080 Barcelona Spring-Summer 2017\",\"keywords\":\"080 Barcelona,Estrop-Barcelona,INEF,Spring-Summer 2017\",\"width\":1333,\"height\":2000,\"saved\":true,\"thumbnail\":{\"width\":220,\"height\":220,\"ewww_image_optimizer\":\"Reduced by 13.2% (5.9&nbsp;kB)\"},\"webview\":{\"0\":800,\"1\":1200,\"2\":2,\"3\":\"width=\\\"800\\\" height=\\\"1200\\\"\",\"bits\":8,\"channels\":3,\"mime\":\"image\\\/jpeg\",\"ewww_image_optimizer\":\"Reduced by 4.9% (8.9&nbsp;kB) - Previously Optimized\"},\"0\":false,\"ewww_image_optimizer\":\"Reduced by 12.8% (32.6&nbsp;kB)\",\"views\":\"1\",\"likes\":\"0\"},\"title\":\"080 Barcelona Spring-Summer 2017\",\"description\":\"<p>080 Barcelona Spring-Summer 2017<\\\/p>\",\"link\":null,\"link_target\":\"\",\"download\":\"https:\\\/\\\/bobvarela.com\\\/wp-content\\\/flagallery\\\/samuel-alarcon-en-el-080-barcelona-fashion-primaveraverano-2017\\\/samuel-alarcon_045.jpg\",\"ratio\":0.66666666666666662965923251249478198587894439697265625},{\"id\":\"25407\",\"image\":\"https:\\\/\\\/bobvarela.com\\\/wp-content\\\/flagallery\\\/samuel-alarcon-en-el-080-barcelona-fashion-primaveraverano-2017\\\/webview\\\/samuel-alarcon_046.jpg\",\"thumb\":\"https:\\\/\\\/bobvarela.com\\\/wp-content\\\/flagallery\\\/samuel-alarcon-en-el-080-barcelona-fashion-primaveraverano-2017\\\/thumbs\\\/thumbs_samuel-alarcon_046.jpg\",\"file\":\"samuel-alarcon_046.jpg\",\"meta\":{\"aperture\":false,\"credit\":false,\"camera\":false,\"caption\":\"080 Barcelona Spring-Summer 2017\",\"created_timestamp\":\"June 29, 2016 1:09 pm\",\"copyright\":\"\\u00c2\\u00a9 2016 Estrop-Barcelona PHOTOGRAPH FOR FASHION EDITORIAL USE ONLY\",\"focal_length\":false,\"iso\":false,\"shutter_speed\":false,\"flash\":false,\"title\":\"080 Barcelona Spring-Summer 2017\",\"keywords\":\"080 Barcelona,Estrop-Barcelona,INEF,Spring-Summer 2017\",\"width\":1333,\"height\":2000,\"saved\":true,\"thumbnail\":{\"width\":220,\"height\":220,\"ewww_image_optimizer\":\"Reduced by 10.2% (3.2&nbsp;kB)\"},\"webview\":{\"0\":800,\"1\":1200,\"2\":2,\"3\":\"width=\\\"800\\\" height=\\\"1200\\\"\",\"bits\":8,\"channels\":3,\"mime\":\"image\\\/jpeg\",\"ewww_image_optimizer\":\"Reduced by 6.3% (6.6&nbsp;kB) - Previously Optimized\"},\"0\":false,\"ewww_image_optimizer\":\"Reduced by 15.3% (37.2&nbsp;kB)\",\"views\":\"1\",\"likes\":\"0\"},\"title\":\"080 Barcelona Spring-Summer 2017\",\"description\":\"<p>080 Barcelona Spring-Summer 2017<\\\/p>\",\"link\":null,\"link_target\":\"\",\"download\":\"https:\\\/\\\/bobvarela.com\\\/wp-content\\\/flagallery\\\/samuel-alarcon-en-el-080-barcelona-fashion-primaveraverano-2017\\\/samuel-alarcon_046.jpg\",\"ratio\":0.66666666666666662965923251249478198587894439697265625},{\"id\":\"25408\",\"image\":\"https:\\\/\\\/bobvarela.com\\\/wp-content\\\/flagallery\\\/samuel-alarcon-en-el-080-barcelona-fashion-primaveraverano-2017\\\/webview\\\/samuel-alarcon_047.jpg\",\"thumb\":\"https:\\\/\\\/bobvarela.com\\\/wp-content\\\/flagallery\\\/samuel-alarcon-en-el-080-barcelona-fashion-primaveraverano-2017\\\/thumbs\\\/thumbs_samuel-alarcon_047.jpg\",\"file\":\"samuel-alarcon_047.jpg\",\"meta\":{\"aperture\":false,\"credit\":false,\"camera\":false,\"caption\":\"080 Barcelona Spring-Summer 2017\",\"created_timestamp\":\"June 29, 2016 1:09 pm\",\"copyright\":\"\\u00c2\\u00a9 2016 Estrop-Barcelona PHOTOGRAPH FOR FASHION EDITORIAL USE ONLY\",\"focal_length\":false,\"iso\":false,\"shutter_speed\":false,\"flash\":false,\"title\":\"080 Barcelona Spring-Summer 2017\",\"keywords\":\"080 Barcelona,Estrop-Barcelona,INEF,Spring-Summer 2017\",\"width\":1333,\"height\":2000,\"saved\":true,\"thumbnail\":{\"width\":220,\"height\":220,\"ewww_image_optimizer\":\"Reduced by 8.8% (2.9&nbsp;kB)\"},\"webview\":{\"0\":800,\"1\":1200,\"2\":2,\"3\":\"width=\\\"800\\\" height=\\\"1200\\\"\",\"bits\":8,\"channels\":3,\"mime\":\"image\\\/jpeg\",\"ewww_image_optimizer\":\"Reduced by 5.4% (7.4&nbsp;kB) - Previously Optimized\"},\"0\":false,\"ewww_image_optimizer\":\"Reduced by 9.7% (23.7&nbsp;kB)\",\"views\":\"2\",\"likes\":\"0\"},\"title\":\"080 Barcelona Spring-Summer 2017\",\"description\":\"<p>080 Barcelona Spring-Summer 2017<\\\/p>\",\"link\":null,\"link_target\":\"\",\"download\":\"https:\\\/\\\/bobvarela.com\\\/wp-content\\\/flagallery\\\/samuel-alarcon-en-el-080-barcelona-fashion-primaveraverano-2017\\\/samuel-alarcon_047.jpg\",\"ratio\":0.66666666666666662965923251249478198587894439697265625},{\"id\":\"25409\",\"image\":\"https:\\\/\\\/bobvarela.com\\\/wp-content\\\/flagallery\\\/samuel-alarcon-en-el-080-barcelona-fashion-primaveraverano-2017\\\/webview\\\/samuel-alarcon_048.jpg\",\"thumb\":\"https:\\\/\\\/bobvarela.com\\\/wp-content\\\/flagallery\\\/samuel-alarcon-en-el-080-barcelona-fashion-primaveraverano-2017\\\/thumbs\\\/thumbs_samuel-alarcon_048.jpg\",\"file\":\"samuel-alarcon_048.jpg\",\"meta\":{\"aperture\":false,\"credit\":false,\"camera\":false,\"caption\":\"080 Barcelona Spring-Summer 2017\",\"created_timestamp\":\"June 29, 2016 1:09 pm\",\"copyright\":\"\\u00c2\\u00a9 2016 Estrop-Barcelona PHOTOGRAPH FOR FASHION EDITORIAL USE ONLY\",\"focal_length\":false,\"iso\":false,\"shutter_speed\":false,\"flash\":false,\"title\":\"080 Barcelona Spring-Summer 2017\",\"keywords\":\"080 Barcelona,Estrop-Barcelona,INEF,Spring-Summer 2017\",\"width\":1600,\"height\":1067,\"saved\":true,\"thumbnail\":{\"width\":220,\"height\":220,\"ewww_image_optimizer\":\"Reduced by 9.6% (3.1&nbsp;kB)\"},\"webview\":{\"0\":1200,\"1\":800,\"2\":2,\"3\":\"width=\\\"1200\\\" height=\\\"800\\\"\",\"bits\":8,\"channels\":3,\"mime\":\"image\\\/jpeg\",\"ewww_image_optimizer\":\"Reduced by 4.6% (5.2&nbsp;kB) - Previously Optimized\"},\"0\":false,\"ewww_image_optimizer\":\"Reduced by 10.1% (26.6&nbsp;kB)\",\"views\":\"2\",\"likes\":\"0\"},\"title\":\"080 Barcelona Spring-Summer 2017\",\"description\":\"<p>080 Barcelona Spring-Summer 2017<\\\/p>\",\"link\":null,\"link_target\":\"\",\"download\":\"https:\\\/\\\/bobvarela.com\\\/wp-content\\\/flagallery\\\/samuel-alarcon-en-el-080-barcelona-fashion-primaveraverano-2017\\\/samuel-alarcon_048.jpg\",\"ratio\":1.5},{\"id\":\"25410\",\"image\":\"https:\\\/\\\/bobvarela.com\\\/wp-content\\\/flagallery\\\/samuel-alarcon-en-el-080-barcelona-fashion-primaveraverano-2017\\\/webview\\\/samuel-alarcon_049.jpg\",\"thumb\":\"https:\\\/\\\/bobvarela.com\\\/wp-content\\\/flagallery\\\/samuel-alarcon-en-el-080-barcelona-fashion-primaveraverano-2017\\\/thumbs\\\/thumbs_samuel-alarcon_049.jpg\",\"file\":\"samuel-alarcon_049.jpg\",\"meta\":{\"aperture\":false,\"credit\":false,\"camera\":false,\"caption\":\"080 Barcelona Spring-Summer 2017\",\"created_timestamp\":\"June 29, 2016 1:10 pm\",\"copyright\":\"\\u00c2\\u00a9 2016 Estrop-Barcelona PHOTOGRAPH FOR FASHION EDITORIAL USE ONLY\",\"focal_length\":false,\"iso\":false,\"shutter_speed\":false,\"flash\":false,\"title\":\"080 Barcelona Spring-Summer 2017\",\"keywords\":\"080 Barcelona,Estrop-Barcelona,INEF,Spring-Summer 2017\",\"width\":1333,\"height\":2000,\"saved\":true,\"thumbnail\":{\"width\":220,\"height\":220,\"ewww_image_optimizer\":\"Reduced by 9.8% (3.0&nbsp;kB)\"},\"webview\":{\"0\":800,\"1\":1200,\"2\":2,\"3\":\"width=\\\"800\\\" height=\\\"1200\\\"\",\"bits\":8,\"channels\":3,\"mime\":\"image\\\/jpeg\",\"ewww_image_optimizer\":\"Reduced by 4.8% (4.9&nbsp;kB) - Previously Optimized\"},\"0\":false,\"ewww_image_optimizer\":\"Reduced by 15.8% (37.4&nbsp;kB)\",\"views\":\"1\",\"likes\":\"0\"},\"title\":\"080 Barcelona Spring-Summer 2017\",\"description\":\"<p>080 Barcelona Spring-Summer 2017<\\\/p>\",\"link\":null,\"link_target\":\"\",\"download\":\"https:\\\/\\\/bobvarela.com\\\/wp-content\\\/flagallery\\\/samuel-alarcon-en-el-080-barcelona-fashion-primaveraverano-2017\\\/samuel-alarcon_049.jpg\",\"ratio\":0.66666666666666662965923251249478198587894439697265625},{\"id\":\"25411\",\"image\":\"https:\\\/\\\/bobvarela.com\\\/wp-content\\\/flagallery\\\/samuel-alarcon-en-el-080-barcelona-fashion-primaveraverano-2017\\\/webview\\\/samuel-alarcon_050.jpg\",\"thumb\":\"https:\\\/\\\/bobvarela.com\\\/wp-content\\\/flagallery\\\/samuel-alarcon-en-el-080-barcelona-fashion-primaveraverano-2017\\\/thumbs\\\/thumbs_samuel-alarcon_050.jpg\",\"file\":\"samuel-alarcon_050.jpg\",\"meta\":{\"aperture\":false,\"credit\":false,\"camera\":false,\"caption\":\"080 Barcelona Spring-Summer 2017\",\"created_timestamp\":\"June 29, 2016 1:10 pm\",\"copyright\":\"\\u00c2\\u00a9 2016 Estrop-Barcelona PHOTOGRAPH FOR FASHION EDITORIAL USE ONLY\",\"focal_length\":false,\"iso\":false,\"shutter_speed\":false,\"flash\":false,\"title\":\"080 Barcelona Spring-Summer 2017\",\"keywords\":\"080 Barcelona,Estrop-Barcelona,INEF,Spring-Summer 2017\",\"width\":1333,\"height\":2000,\"saved\":true,\"thumbnail\":{\"width\":220,\"height\":220,\"ewww_image_optimizer\":\"Reduced by 11.7% (3.5&nbsp;kB)\"},\"webview\":{\"0\":800,\"1\":1200,\"2\":2,\"3\":\"width=\\\"800\\\" height=\\\"1200\\\"\",\"bits\":8,\"channels\":3,\"mime\":\"image\\\/jpeg\",\"ewww_image_optimizer\":\"Reduced by 6.1% (5.2&nbsp;kB) - Previously Optimized\"},\"0\":false,\"ewww_image_optimizer\":\"Reduced by 12.1% (28.8&nbsp;kB)\",\"views\":\"1\",\"likes\":\"0\"},\"title\":\"080 Barcelona Spring-Summer 2017\",\"description\":\"<p>080 Barcelona Spring-Summer 2017<\\\/p>\",\"link\":null,\"link_target\":\"\",\"download\":\"https:\\\/\\\/bobvarela.com\\\/wp-content\\\/flagallery\\\/samuel-alarcon-en-el-080-barcelona-fashion-primaveraverano-2017\\\/samuel-alarcon_050.jpg\",\"ratio\":0.66666666666666662965923251249478198587894439697265625},{\"id\":\"25412\",\"image\":\"https:\\\/\\\/bobvarela.com\\\/wp-content\\\/flagallery\\\/samuel-alarcon-en-el-080-barcelona-fashion-primaveraverano-2017\\\/webview\\\/samuel-alarcon_051.jpg\",\"thumb\":\"https:\\\/\\\/bobvarela.com\\\/wp-content\\\/flagallery\\\/samuel-alarcon-en-el-080-barcelona-fashion-primaveraverano-2017\\\/thumbs\\\/thumbs_samuel-alarcon_051.jpg\",\"file\":\"samuel-alarcon_051.jpg\",\"meta\":{\"aperture\":false,\"credit\":false,\"camera\":false,\"caption\":\"080 Barcelona Spring-Summer 2017\",\"created_timestamp\":\"June 29, 2016 1:10 pm\",\"copyright\":\"\\u00c2\\u00a9 2016 Estrop-Barcelona PHOTOGRAPH FOR FASHION EDITORIAL USE ONLY\",\"focal_length\":false,\"iso\":false,\"shutter_speed\":false,\"flash\":false,\"title\":\"080 Barcelona Spring-Summer 2017\",\"keywords\":\"080 Barcelona,Estrop-Barcelona,INEF,Spring-Summer 2017\",\"width\":1333,\"height\":2000,\"saved\":true,\"thumbnail\":{\"width\":220,\"height\":220,\"ewww_image_optimizer\":\"Reduced by 9.7% (3.1&nbsp;kB)\"},\"webview\":{\"0\":800,\"1\":1200,\"2\":2,\"3\":\"width=\\\"800\\\" height=\\\"1200\\\"\",\"bits\":8,\"channels\":3,\"mime\":\"image\\\/jpeg\",\"ewww_image_optimizer\":\"Reduced by 6.0% (7.4&nbsp;kB) - Previously Optimized\"},\"0\":false,\"ewww_image_optimizer\":\"Reduced by 9.5% (25.0&nbsp;kB)\",\"views\":\"1\",\"likes\":\"0\"},\"title\":\"080 Barcelona Spring-Summer 2017\",\"description\":\"<p>080 Barcelona Spring-Summer 2017<\\\/p>\",\"link\":null,\"link_target\":\"\",\"download\":\"https:\\\/\\\/bobvarela.com\\\/wp-content\\\/flagallery\\\/samuel-alarcon-en-el-080-barcelona-fashion-primaveraverano-2017\\\/samuel-alarcon_051.jpg\",\"ratio\":0.66666666666666662965923251249478198587894439697265625},{\"id\":\"25413\",\"image\":\"https:\\\/\\\/bobvarela.com\\\/wp-content\\\/flagallery\\\/samuel-alarcon-en-el-080-barcelona-fashion-primaveraverano-2017\\\/webview\\\/samuel-alarcon_052.jpg\",\"thumb\":\"https:\\\/\\\/bobvarela.com\\\/wp-content\\\/flagallery\\\/samuel-alarcon-en-el-080-barcelona-fashion-primaveraverano-2017\\\/thumbs\\\/thumbs_samuel-alarcon_052.jpg\",\"file\":\"samuel-alarcon_052.jpg\",\"meta\":{\"aperture\":false,\"credit\":false,\"camera\":false,\"caption\":\"080 Barcelona Spring-Summer 2017\",\"created_timestamp\":\"June 29, 2016 1:10 pm\",\"copyright\":\"\\u00c2\\u00a9 2016 Estrop-Barcelona PHOTOGRAPH FOR FASHION EDITORIAL USE ONLY\",\"focal_length\":false,\"iso\":false,\"shutter_speed\":false,\"flash\":false,\"title\":\"080 Barcelona Spring-Summer 2017\",\"keywords\":\"080 Barcelona,Estrop-Barcelona,INEF,Spring-Summer 2017\",\"width\":1333,\"height\":2000,\"saved\":true,\"thumbnail\":{\"width\":220,\"height\":220,\"ewww_image_optimizer\":\"Reduced by 9.6% (2.7&nbsp;kB)\"},\"webview\":{\"0\":800,\"1\":1200,\"2\":2,\"3\":\"width=\\\"800\\\" height=\\\"1200\\\"\",\"bits\":8,\"channels\":3,\"mime\":\"image\\\/jpeg\",\"ewww_image_optimizer\":\"Reduced by 6.2% (4.9&nbsp;kB) - Previously Optimized\"},\"0\":false,\"ewww_image_optimizer\":\"Reduced by 10.5% (27.4&nbsp;kB)\",\"views\":\"1\",\"likes\":\"0\"},\"title\":\"080 Barcelona Spring-Summer 2017\",\"description\":\"<p>080 Barcelona Spring-Summer 2017<\\\/p>\",\"link\":null,\"link_target\":\"\",\"download\":\"https:\\\/\\\/bobvarela.com\\\/wp-content\\\/flagallery\\\/samuel-alarcon-en-el-080-barcelona-fashion-primaveraverano-2017\\\/samuel-alarcon_052.jpg\",\"ratio\":0.66666666666666662965923251249478198587894439697265625},{\"id\":\"25414\",\"image\":\"https:\\\/\\\/bobvarela.com\\\/wp-content\\\/flagallery\\\/samuel-alarcon-en-el-080-barcelona-fashion-primaveraverano-2017\\\/webview\\\/samuel-alarcon_053.jpg\",\"thumb\":\"https:\\\/\\\/bobvarela.com\\\/wp-content\\\/flagallery\\\/samuel-alarcon-en-el-080-barcelona-fashion-primaveraverano-2017\\\/thumbs\\\/thumbs_samuel-alarcon_053.jpg\",\"file\":\"samuel-alarcon_053.jpg\",\"meta\":{\"aperture\":false,\"credit\":false,\"camera\":false,\"caption\":\"080 Barcelona Spring-Summer 2017\",\"created_timestamp\":\"June 29, 2016 1:10 pm\",\"copyright\":\"\\u00c2\\u00a9 2016 Estrop-Barcelona PHOTOGRAPH FOR FASHION EDITORIAL USE ONLY\",\"focal_length\":false,\"iso\":false,\"shutter_speed\":false,\"flash\":false,\"title\":\"080 Barcelona Spring-Summer 2017\",\"keywords\":\"080 Barcelona,Estrop-Barcelona,INEF,Spring-Summer 2017\",\"width\":1333,\"height\":2000,\"saved\":true,\"thumbnail\":{\"width\":220,\"height\":220,\"ewww_image_optimizer\":\"Reduced by 8.6% (2.4&nbsp;kB)\"},\"webview\":{\"0\":800,\"1\":1200,\"2\":2,\"3\":\"width=\\\"800\\\" height=\\\"1200\\\"\",\"bits\":8,\"channels\":3,\"mime\":\"image\\\/jpeg\",\"ewww_image_optimizer\":\"Reduced by 5.7% (6.6&nbsp;kB) - Previously Optimized\"},\"0\":false,\"ewww_image_optimizer\":\"Reduced by 10.4% (29.9&nbsp;kB)\",\"views\":\"2\",\"likes\":\"0\"},\"title\":\"080 Barcelona Spring-Summer 2017\",\"description\":\"<p>080 Barcelona Spring-Summer 2017<\\\/p>\",\"link\":null,\"link_target\":\"\",\"download\":\"https:\\\/\\\/bobvarela.com\\\/wp-content\\\/flagallery\\\/samuel-alarcon-en-el-080-barcelona-fashion-primaveraverano-2017\\\/samuel-alarcon_053.jpg\",\"ratio\":0.66666666666666662965923251249478198587894439697265625},{\"id\":\"25415\",\"image\":\"https:\\\/\\\/bobvarela.com\\\/wp-content\\\/flagallery\\\/samuel-alarcon-en-el-080-barcelona-fashion-primaveraverano-2017\\\/webview\\\/samuel-alarcon_054.jpg\",\"thumb\":\"https:\\\/\\\/bobvarela.com\\\/wp-content\\\/flagallery\\\/samuel-alarcon-en-el-080-barcelona-fashion-primaveraverano-2017\\\/thumbs\\\/thumbs_samuel-alarcon_054.jpg\",\"file\":\"samuel-alarcon_054.jpg\",\"meta\":{\"aperture\":false,\"credit\":false,\"camera\":false,\"caption\":\"080 Barcelona Spring-Summer 2017\",\"created_timestamp\":\"June 29, 2016 1:10 pm\",\"copyright\":\"\\u00c2\\u00a9 2016 Estrop-Barcelona PHOTOGRAPH FOR FASHION EDITORIAL USE ONLY\",\"focal_length\":false,\"iso\":false,\"shutter_speed\":false,\"flash\":false,\"title\":\"080 Barcelona Spring-Summer 2017\",\"keywords\":\"080 Barcelona,Estrop-Barcelona,INEF,Spring-Summer 2017\",\"width\":1333,\"height\":2000,\"saved\":true,\"thumbnail\":{\"width\":220,\"height\":220,\"ewww_image_optimizer\":\"Reduced by 7.7% (2.6&nbsp;kB)\"},\"webview\":{\"0\":800,\"1\":1200,\"2\":2,\"3\":\"width=\\\"800\\\" height=\\\"1200\\\"\",\"bits\":8,\"channels\":3,\"mime\":\"image\\\/jpeg\",\"ewww_image_optimizer\":\"Reduced by 3.6% (6.0&nbsp;kB) - Previously Optimized\"},\"0\":false,\"ewww_image_optimizer\":\"Reduced by 18.7% (52.4&nbsp;kB)\",\"views\":\"2\",\"likes\":\"0\"},\"title\":\"080 Barcelona Spring-Summer 2017\",\"description\":\"<p>080 Barcelona Spring-Summer 2017<\\\/p>\",\"link\":null,\"link_target\":\"\",\"download\":\"https:\\\/\\\/bobvarela.com\\\/wp-content\\\/flagallery\\\/samuel-alarcon-en-el-080-barcelona-fashion-primaveraverano-2017\\\/samuel-alarcon_054.jpg\",\"ratio\":0.66666666666666662965923251249478198587894439697265625},{\"id\":\"25416\",\"image\":\"https:\\\/\\\/bobvarela.com\\\/wp-content\\\/flagallery\\\/samuel-alarcon-en-el-080-barcelona-fashion-primaveraverano-2017\\\/webview\\\/samuel-alarcon_055.jpg\",\"thumb\":\"https:\\\/\\\/bobvarela.com\\\/wp-content\\\/flagallery\\\/samuel-alarcon-en-el-080-barcelona-fashion-primaveraverano-2017\\\/thumbs\\\/thumbs_samuel-alarcon_055.jpg\",\"file\":\"samuel-alarcon_055.jpg\",\"meta\":{\"aperture\":false,\"credit\":false,\"camera\":false,\"caption\":\"080 Barcelona Spring-Summer 2017\",\"created_timestamp\":\"June 29, 2016 1:10 pm\",\"copyright\":\"\\u00c2\\u00a9 2016 Estrop-Barcelona PHOTOGRAPH FOR FASHION EDITORIAL USE ONLY\",\"focal_length\":false,\"iso\":false,\"shutter_speed\":false,\"flash\":false,\"title\":\"080 Barcelona Spring-Summer 2017\",\"keywords\":\"080 Barcelona,Estrop-Barcelona,INEF,Spring-Summer 2017\",\"width\":1333,\"height\":2000,\"saved\":true,\"thumbnail\":{\"width\":220,\"height\":220,\"ewww_image_optimizer\":\"Reduced by 10.1% (2.8&nbsp;kB)\"},\"webview\":{\"0\":800,\"1\":1200,\"2\":2,\"3\":\"width=\\\"800\\\" height=\\\"1200\\\"\",\"bits\":8,\"channels\":3,\"mime\":\"image\\\/jpeg\",\"ewww_image_optimizer\":\"Reduced by 5.8% (5.3&nbsp;kB) - Previously Optimized\"},\"0\":false,\"ewww_image_optimizer\":\"Reduced by 11.3% (29.9&nbsp;kB)\",\"views\":\"2\",\"likes\":\"0\"},\"title\":\"080 Barcelona Spring-Summer 2017\",\"description\":\"<p>080 Barcelona Spring-Summer 2017<\\\/p>\",\"link\":null,\"link_target\":\"\",\"download\":\"https:\\\/\\\/bobvarela.com\\\/wp-content\\\/flagallery\\\/samuel-alarcon-en-el-080-barcelona-fashion-primaveraverano-2017\\\/samuel-alarcon_055.jpg\",\"ratio\":0.66666666666666662965923251249478198587894439697265625},{\"id\":\"25417\",\"image\":\"https:\\\/\\\/bobvarela.com\\\/wp-content\\\/flagallery\\\/samuel-alarcon-en-el-080-barcelona-fashion-primaveraverano-2017\\\/webview\\\/samuel-alarcon_056.jpg\",\"thumb\":\"https:\\\/\\\/bobvarela.com\\\/wp-content\\\/flagallery\\\/samuel-alarcon-en-el-080-barcelona-fashion-primaveraverano-2017\\\/thumbs\\\/thumbs_samuel-alarcon_056.jpg\",\"file\":\"samuel-alarcon_056.jpg\",\"meta\":{\"aperture\":false,\"credit\":false,\"camera\":false,\"caption\":\"080 Barcelona Spring-Summer 2017\",\"created_timestamp\":\"June 29, 2016 1:10 pm\",\"copyright\":\"\\u00c2\\u00a9 2016 Estrop-Barcelona PHOTOGRAPH FOR FASHION EDITORIAL USE ONLY\",\"focal_length\":false,\"iso\":false,\"shutter_speed\":false,\"flash\":false,\"title\":\"080 Barcelona Spring-Summer 2017\",\"keywords\":\"080 Barcelona,Estrop-Barcelona,INEF,Spring-Summer 2017\",\"width\":1600,\"height\":1067,\"saved\":true,\"thumbnail\":{\"width\":220,\"height\":220,\"ewww_image_optimizer\":\"Reduced by 7.7% (3.1&nbsp;kB)\"},\"webview\":{\"0\":1200,\"1\":800,\"2\":2,\"3\":\"width=\\\"1200\\\" height=\\\"800\\\"\",\"bits\":8,\"channels\":3,\"mime\":\"image\\\/jpeg\",\"ewww_image_optimizer\":\"Reduced by 3.8% (6.9&nbsp;kB) - Previously Optimized\"},\"0\":false,\"ewww_image_optimizer\":\"Reduced by 8.4% (24.1&nbsp;kB)\",\"views\":\"1\",\"likes\":\"0\"},\"title\":\"080 Barcelona Spring-Summer 2017\",\"description\":\"<p>080 Barcelona Spring-Summer 2017<\\\/p>\",\"link\":null,\"link_target\":\"\",\"download\":\"https:\\\/\\\/bobvarela.com\\\/wp-content\\\/flagallery\\\/samuel-alarcon-en-el-080-barcelona-fashion-primaveraverano-2017\\\/samuel-alarcon_056.jpg\",\"ratio\":1.5},{\"id\":\"25418\",\"image\":\"https:\\\/\\\/bobvarela.com\\\/wp-content\\\/flagallery\\\/samuel-alarcon-en-el-080-barcelona-fashion-primaveraverano-2017\\\/webview\\\/samuel-alarcon_057.jpg\",\"thumb\":\"https:\\\/\\\/bobvarela.com\\\/wp-content\\\/flagallery\\\/samuel-alarcon-en-el-080-barcelona-fashion-primaveraverano-2017\\\/thumbs\\\/thumbs_samuel-alarcon_057.jpg\",\"file\":\"samuel-alarcon_057.jpg\",\"meta\":{\"aperture\":false,\"credit\":false,\"camera\":false,\"caption\":\"080 Barcelona Spring-Summer 2017\",\"created_timestamp\":\"June 29, 2016 1:11 pm\",\"copyright\":\"\\u00c2\\u00a9 2016 Estrop-Barcelona PHOTOGRAPH FOR FASHION EDITORIAL USE ONLY\",\"focal_length\":false,\"iso\":false,\"shutter_speed\":false,\"flash\":false,\"title\":\"080 Barcelona Spring-Summer 2017\",\"keywords\":\"080 Barcelona,Estrop-Barcelona,INEF,Spring-Summer 2017\",\"width\":1600,\"height\":1067,\"saved\":true,\"thumbnail\":{\"width\":220,\"height\":220,\"ewww_image_optimizer\":\"Reduced by 11.8% (3.7&nbsp;kB)\"},\"webview\":{\"0\":1200,\"1\":800,\"2\":2,\"3\":\"width=\\\"1200\\\" height=\\\"800\\\"\",\"bits\":8,\"channels\":3,\"mime\":\"image\\\/jpeg\",\"ewww_image_optimizer\":\"Reduced by 5.1% (4.4&nbsp;kB) - Previously Optimized\"},\"0\":false,\"ewww_image_optimizer\":\"Reduced by 6.0% (12.5&nbsp;kB)\",\"views\":\"1\",\"likes\":\"0\"},\"title\":\"080 Barcelona Spring-Summer 2017\",\"description\":\"<p>080 Barcelona Spring-Summer 2017<\\\/p>\",\"link\":null,\"link_target\":\"\",\"download\":\"https:\\\/\\\/bobvarela.com\\\/wp-content\\\/flagallery\\\/samuel-alarcon-en-el-080-barcelona-fashion-primaveraverano-2017\\\/samuel-alarcon_057.jpg\",\"ratio\":1.5},{\"id\":\"25419\",\"image\":\"https:\\\/\\\/bobvarela.com\\\/wp-content\\\/flagallery\\\/samuel-alarcon-en-el-080-barcelona-fashion-primaveraverano-2017\\\/webview\\\/samuel-alarcon_058.jpg\",\"thumb\":\"https:\\\/\\\/bobvarela.com\\\/wp-content\\\/flagallery\\\/samuel-alarcon-en-el-080-barcelona-fashion-primaveraverano-2017\\\/thumbs\\\/thumbs_samuel-alarcon_058.jpg\",\"file\":\"samuel-alarcon_058.jpg\",\"meta\":{\"aperture\":false,\"credit\":false,\"camera\":false,\"caption\":\"080 Barcelona Spring-Summer 2017\",\"created_timestamp\":\"June 29, 2016 1:12 pm\",\"copyright\":\"\\u00c2\\u00a9 2016 Estrop-Barcelona PHOTOGRAPH FOR FASHION EDITORIAL USE ONLY\",\"focal_length\":false,\"iso\":false,\"shutter_speed\":false,\"flash\":false,\"title\":\"080 Barcelona Spring-Summer 2017\",\"keywords\":\"080 Barcelona,Estrop-Barcelona,INEF,Spring-Summer 2017\",\"width\":1333,\"height\":2000,\"saved\":true,\"thumbnail\":{\"width\":220,\"height\":220,\"ewww_image_optimizer\":\"Reduced by 7.2% (2.1&nbsp;kB)\"},\"webview\":{\"0\":800,\"1\":1200,\"2\":2,\"3\":\"width=\\\"800\\\" height=\\\"1200\\\"\",\"bits\":8,\"channels\":3,\"mime\":\"image\\\/jpeg\",\"ewww_image_optimizer\":\"Reduced by 5.5% (7.2&nbsp;kB) - Previously Optimized\"},\"0\":false,\"ewww_image_optimizer\":\"Reduced by 9.8% (21.8&nbsp;kB)\",\"views\":\"2\",\"likes\":\"0\"},\"title\":\"080 Barcelona Spring-Summer 2017\",\"description\":\"<p>080 Barcelona Spring-Summer 2017<\\\/p>\",\"link\":null,\"link_target\":\"\",\"download\":\"https:\\\/\\\/bobvarela.com\\\/wp-content\\\/flagallery\\\/samuel-alarcon-en-el-080-barcelona-fashion-primaveraverano-2017\\\/samuel-alarcon_058.jpg\",\"ratio\":0.66666666666666662965923251249478198587894439697265625},{\"id\":\"25420\",\"image\":\"https:\\\/\\\/bobvarela.com\\\/wp-content\\\/flagallery\\\/samuel-alarcon-en-el-080-barcelona-fashion-primaveraverano-2017\\\/webview\\\/samuel-alarcon_059.jpg\",\"thumb\":\"https:\\\/\\\/bobvarela.com\\\/wp-content\\\/flagallery\\\/samuel-alarcon-en-el-080-barcelona-fashion-primaveraverano-2017\\\/thumbs\\\/thumbs_samuel-alarcon_059.jpg\",\"file\":\"samuel-alarcon_059.jpg\",\"meta\":{\"aperture\":false,\"credit\":false,\"camera\":false,\"caption\":\"080 Barcelona Spring-Summer 2017\",\"created_timestamp\":\"June 29, 2016 1:12 pm\",\"copyright\":\"\\u00c2\\u00a9 2016 Estrop-Barcelona PHOTOGRAPH FOR FASHION EDITORIAL USE ONLY\",\"focal_length\":false,\"iso\":false,\"shutter_speed\":false,\"flash\":false,\"title\":\"080 Barcelona Spring-Summer 2017\",\"keywords\":\"080 Barcelona,Estrop-Barcelona,INEF,Spring-Summer 2017\",\"width\":1333,\"height\":2000,\"saved\":true,\"thumbnail\":{\"width\":220,\"height\":220,\"ewww_image_optimizer\":\"Reduced by 11.1% (3.2&nbsp;kB)\"},\"webview\":{\"0\":800,\"1\":1200,\"2\":2,\"3\":\"width=\\\"800\\\" height=\\\"1200\\\"\",\"bits\":8,\"channels\":3,\"mime\":\"image\\\/jpeg\",\"ewww_image_optimizer\":\"Reduced by 7.0% (5.9&nbsp;kB) - Previously Optimized\"},\"0\":false,\"ewww_image_optimizer\":\"Reduced by 12.9% (29.9&nbsp;kB)\",\"views\":\"2\",\"likes\":\"0\"},\"title\":\"080 Barcelona Spring-Summer 2017\",\"description\":\"<p>080 Barcelona Spring-Summer 2017<\\\/p>\",\"link\":null,\"link_target\":\"\",\"download\":\"https:\\\/\\\/bobvarela.com\\\/wp-content\\\/flagallery\\\/samuel-alarcon-en-el-080-barcelona-fashion-primaveraverano-2017\\\/samuel-alarcon_059.jpg\",\"ratio\":0.66666666666666662965923251249478198587894439697265625}]}; var container = $('#FlaGallery_sc1_349'); container.photomania(settings, content); window.FlaGallery_sc1_349 = container.data('photomania'); }); <\/script><\/div><noscript id=\"noscript_FlaGallery_sc1_349\"><img class=\"skip-lazy no-lazyload noLazy\" data-lazy-src=\"\" src =\"https:\/\/bobvarela.com\/wp-content\/flagallery\/samuel-alarcon-en-el-080-barcelona-fashion-primaveraverano-2017\/samuel-alarcon_001.jpg\" alt=\"080 Barcelona Spring-Summer 2017\" \/><img class=\"skip-lazy no-lazyload noLazy\" data-lazy-src=\"\" src =\"https:\/\/bobvarela.com\/wp-content\/flagallery\/samuel-alarcon-en-el-080-barcelona-fashion-primaveraverano-2017\/samuel-alarcon_002.jpg\" alt=\"080 Barcelona Spring-Summer 2017\" \/><img class=\"skip-lazy no-lazyload noLazy\" data-lazy-src=\"\" src =\"https:\/\/bobvarela.com\/wp-content\/flagallery\/samuel-alarcon-en-el-080-barcelona-fashion-primaveraverano-2017\/samuel-alarcon_003.jpg\" alt=\"080 Barcelona Spring-Summer 2017\" \/><img class=\"skip-lazy no-lazyload noLazy\" data-lazy-src=\"\" src =\"https:\/\/bobvarela.com\/wp-content\/flagallery\/samuel-alarcon-en-el-080-barcelona-fashion-primaveraverano-2017\/samuel-alarcon_004.jpg\" alt=\"080 Barcelona Spring-Summer 2017\" \/><img class=\"skip-lazy no-lazyload noLazy\" data-lazy-src=\"\" src =\"https:\/\/bobvarela.com\/wp-content\/flagallery\/samuel-alarcon-en-el-080-barcelona-fashion-primaveraverano-2017\/samuel-alarcon_005.jpg\" alt=\"080 Barcelona Spring-Summer 2017\" \/><img class=\"skip-lazy no-lazyload noLazy\" data-lazy-src=\"\" src =\"https:\/\/bobvarela.com\/wp-content\/flagallery\/samuel-alarcon-en-el-080-barcelona-fashion-primaveraverano-2017\/samuel-alarcon_006.jpg\" alt=\"080 Barcelona Spring-Summer 2017\" \/><img class=\"skip-lazy no-lazyload noLazy\" data-lazy-src=\"\" src =\"https:\/\/bobvarela.com\/wp-content\/flagallery\/samuel-alarcon-en-el-080-barcelona-fashion-primaveraverano-2017\/samuel-alarcon_007.jpg\" alt=\"080 Barcelona Spring-Summer 2017\" \/><img class=\"skip-lazy no-lazyload noLazy\" data-lazy-src=\"\" src =\"https:\/\/bobvarela.com\/wp-content\/flagallery\/samuel-alarcon-en-el-080-barcelona-fashion-primaveraverano-2017\/samuel-alarcon_008.jpg\" alt=\"080 Barcelona Spring-Summer 2017\" \/><img class=\"skip-lazy no-lazyload noLazy\" data-lazy-src=\"\" src =\"https:\/\/bobvarela.com\/wp-content\/flagallery\/samuel-alarcon-en-el-080-barcelona-fashion-primaveraverano-2017\/samuel-alarcon_009.jpg\" alt=\"080 Barcelona Spring-Summer 2017\" \/><img class=\"skip-lazy no-lazyload noLazy\" data-lazy-src=\"\" src =\"https:\/\/bobvarela.com\/wp-content\/flagallery\/samuel-alarcon-en-el-080-barcelona-fashion-primaveraverano-2017\/samuel-alarcon_010.jpg\" alt=\"080 Barcelona Spring-Summer 2017\" \/><img class=\"skip-lazy no-lazyload noLazy\" data-lazy-src=\"\" src =\"https:\/\/bobvarela.com\/wp-content\/flagallery\/samuel-alarcon-en-el-080-barcelona-fashion-primaveraverano-2017\/samuel-alarcon_011.jpg\" alt=\"080 Barcelona Spring-Summer 2017\" \/><img class=\"skip-lazy no-lazyload noLazy\" data-lazy-src=\"\" src =\"https:\/\/bobvarela.com\/wp-content\/flagallery\/samuel-alarcon-en-el-080-barcelona-fashion-primaveraverano-2017\/samuel-alarcon_012.jpg\" alt=\"080 Barcelona Spring-Summer 2017\" \/><img class=\"skip-lazy no-lazyload noLazy\" data-lazy-src=\"\" src =\"https:\/\/bobvarela.com\/wp-content\/flagallery\/samuel-alarcon-en-el-080-barcelona-fashion-primaveraverano-2017\/samuel-alarcon_013.jpg\" alt=\"080 Barcelona Spring-Summer 2017\" \/><img class=\"skip-lazy no-lazyload noLazy\" data-lazy-src=\"\" src =\"https:\/\/bobvarela.com\/wp-content\/flagallery\/samuel-alarcon-en-el-080-barcelona-fashion-primaveraverano-2017\/samuel-alarcon_014.jpg\" alt=\"080 Barcelona Spring-Summer 2017\" \/><img class=\"skip-lazy no-lazyload noLazy\" data-lazy-src=\"\" src =\"https:\/\/bobvarela.com\/wp-content\/flagallery\/samuel-alarcon-en-el-080-barcelona-fashion-primaveraverano-2017\/samuel-alarcon_015.jpg\" alt=\"080 Barcelona Spring-Summer 2017\" \/><img class=\"skip-lazy no-lazyload noLazy\" data-lazy-src=\"\" src =\"https:\/\/bobvarela.com\/wp-content\/flagallery\/samuel-alarcon-en-el-080-barcelona-fashion-primaveraverano-2017\/samuel-alarcon_016.jpg\" alt=\"080 Barcelona Spring-Summer 2017\" \/><img class=\"skip-lazy no-lazyload noLazy\" data-lazy-src=\"\" src =\"https:\/\/bobvarela.com\/wp-content\/flagallery\/samuel-alarcon-en-el-080-barcelona-fashion-primaveraverano-2017\/samuel-alarcon_017.jpg\" alt=\"080 Barcelona Spring-Summer 2017\" \/><img class=\"skip-lazy no-lazyload noLazy\" data-lazy-src=\"\" src =\"https:\/\/bobvarela.com\/wp-content\/flagallery\/samuel-alarcon-en-el-080-barcelona-fashion-primaveraverano-2017\/samuel-alarcon_018.jpg\" alt=\"080 Barcelona Spring-Summer 2017\" \/><img class=\"skip-lazy no-lazyload noLazy\" data-lazy-src=\"\" src =\"https:\/\/bobvarela.com\/wp-content\/flagallery\/samuel-alarcon-en-el-080-barcelona-fashion-primaveraverano-2017\/samuel-alarcon_019.jpg\" alt=\"080 Barcelona Spring-Summer 2017\" \/><img class=\"skip-lazy no-lazyload noLazy\" data-lazy-src=\"\" src =\"https:\/\/bobvarela.com\/wp-content\/flagallery\/samuel-alarcon-en-el-080-barcelona-fashion-primaveraverano-2017\/samuel-alarcon_020.jpg\" alt=\"080 Barcelona Spring-Summer 2017\" \/><img class=\"skip-lazy no-lazyload noLazy\" data-lazy-src=\"\" src =\"https:\/\/bobvarela.com\/wp-content\/flagallery\/samuel-alarcon-en-el-080-barcelona-fashion-primaveraverano-2017\/samuel-alarcon_021.jpg\" alt=\"080 Barcelona Spring-Summer 2017\" \/><img class=\"skip-lazy no-lazyload noLazy\" data-lazy-src=\"\" src =\"https:\/\/bobvarela.com\/wp-content\/flagallery\/samuel-alarcon-en-el-080-barcelona-fashion-primaveraverano-2017\/samuel-alarcon_022.jpg\" alt=\"080 Barcelona Spring-Summer 2017\" \/><img class=\"skip-lazy no-lazyload noLazy\" data-lazy-src=\"\" src =\"https:\/\/bobvarela.com\/wp-content\/flagallery\/samuel-alarcon-en-el-080-barcelona-fashion-primaveraverano-2017\/samuel-alarcon_023.jpg\" alt=\"080 Barcelona Spring-Summer 2017\" \/><img class=\"skip-lazy no-lazyload noLazy\" data-lazy-src=\"\" src =\"https:\/\/bobvarela.com\/wp-content\/flagallery\/samuel-alarcon-en-el-080-barcelona-fashion-primaveraverano-2017\/samuel-alarcon_024.jpg\" alt=\"080 Barcelona Spring-Summer 2017\" \/><img class=\"skip-lazy no-lazyload noLazy\" data-lazy-src=\"\" src =\"https:\/\/bobvarela.com\/wp-content\/flagallery\/samuel-alarcon-en-el-080-barcelona-fashion-primaveraverano-2017\/samuel-alarcon_025.jpg\" alt=\"080 Barcelona Spring-Summer 2017\" \/><img class=\"skip-lazy no-lazyload noLazy\" data-lazy-src=\"\" src =\"https:\/\/bobvarela.com\/wp-content\/flagallery\/samuel-alarcon-en-el-080-barcelona-fashion-primaveraverano-2017\/samuel-alarcon_026.jpg\" alt=\"080 Barcelona Spring-Summer 2017\" \/><img class=\"skip-lazy no-lazyload noLazy\" data-lazy-src=\"\" src =\"https:\/\/bobvarela.com\/wp-content\/flagallery\/samuel-alarcon-en-el-080-barcelona-fashion-primaveraverano-2017\/samuel-alarcon_027.jpg\" alt=\"080 Barcelona Spring-Summer 2017\" \/><img class=\"skip-lazy no-lazyload noLazy\" data-lazy-src=\"\" src =\"https:\/\/bobvarela.com\/wp-content\/flagallery\/samuel-alarcon-en-el-080-barcelona-fashion-primaveraverano-2017\/samuel-alarcon_028.jpg\" alt=\"080 Barcelona Spring-Summer 2017\" \/><img class=\"skip-lazy no-lazyload noLazy\" data-lazy-src=\"\" src =\"https:\/\/bobvarela.com\/wp-content\/flagallery\/samuel-alarcon-en-el-080-barcelona-fashion-primaveraverano-2017\/samuel-alarcon_029.jpg\" alt=\"080 Barcelona Spring-Summer 2017\" \/><img class=\"skip-lazy no-lazyload noLazy\" data-lazy-src=\"\" src =\"https:\/\/bobvarela.com\/wp-content\/flagallery\/samuel-alarcon-en-el-080-barcelona-fashion-primaveraverano-2017\/samuel-alarcon_030.jpg\" alt=\"080 Barcelona Spring-Summer 2017\" \/><img class=\"skip-lazy no-lazyload noLazy\" data-lazy-src=\"\" src =\"https:\/\/bobvarela.com\/wp-content\/flagallery\/samuel-alarcon-en-el-080-barcelona-fashion-primaveraverano-2017\/samuel-alarcon_031.jpg\" alt=\"080 Barcelona Spring-Summer 2017\" \/><img class=\"skip-lazy no-lazyload noLazy\" data-lazy-src=\"\" src =\"https:\/\/bobvarela.com\/wp-content\/flagallery\/samuel-alarcon-en-el-080-barcelona-fashion-primaveraverano-2017\/samuel-alarcon_032.jpg\" alt=\"080 Barcelona Spring-Summer 2017\" \/><img class=\"skip-lazy no-lazyload noLazy\" data-lazy-src=\"\" src =\"https:\/\/bobvarela.com\/wp-content\/flagallery\/samuel-alarcon-en-el-080-barcelona-fashion-primaveraverano-2017\/samuel-alarcon_033.jpg\" alt=\"080 Barcelona Spring-Summer 2017\" \/><img class=\"skip-lazy no-lazyload noLazy\" data-lazy-src=\"\" src =\"https:\/\/bobvarela.com\/wp-content\/flagallery\/samuel-alarcon-en-el-080-barcelona-fashion-primaveraverano-2017\/samuel-alarcon_034.jpg\" alt=\"080 Barcelona Spring-Summer 2017\" \/><img class=\"skip-lazy no-lazyload noLazy\" data-lazy-src=\"\" src =\"https:\/\/bobvarela.com\/wp-content\/flagallery\/samuel-alarcon-en-el-080-barcelona-fashion-primaveraverano-2017\/samuel-alarcon_035.jpg\" alt=\"080 Barcelona Spring-Summer 2017\" \/><img class=\"skip-lazy no-lazyload noLazy\" data-lazy-src=\"\" src =\"https:\/\/bobvarela.com\/wp-content\/flagallery\/samuel-alarcon-en-el-080-barcelona-fashion-primaveraverano-2017\/samuel-alarcon_036.jpg\" alt=\"080 Barcelona Spring-Summer 2017\" \/><img class=\"skip-lazy no-lazyload noLazy\" data-lazy-src=\"\" src =\"https:\/\/bobvarela.com\/wp-content\/flagallery\/samuel-alarcon-en-el-080-barcelona-fashion-primaveraverano-2017\/samuel-alarcon_037.jpg\" alt=\"080 Barcelona Spring-Summer 2017\" \/><img class=\"skip-lazy no-lazyload noLazy\" data-lazy-src=\"\" src =\"https:\/\/bobvarela.com\/wp-content\/flagallery\/samuel-alarcon-en-el-080-barcelona-fashion-primaveraverano-2017\/samuel-alarcon_038.jpg\" alt=\"080 Barcelona Spring-Summer 2017\" \/><img class=\"skip-lazy no-lazyload noLazy\" data-lazy-src=\"\" src =\"https:\/\/bobvarela.com\/wp-content\/flagallery\/samuel-alarcon-en-el-080-barcelona-fashion-primaveraverano-2017\/samuel-alarcon_039.jpg\" alt=\"080 Barcelona Spring-Summer 2017\" \/><img class=\"skip-lazy no-lazyload noLazy\" data-lazy-src=\"\" src =\"https:\/\/bobvarela.com\/wp-content\/flagallery\/samuel-alarcon-en-el-080-barcelona-fashion-primaveraverano-2017\/samuel-alarcon_040.jpg\" alt=\"080 Barcelona Spring-Summer 2017\" \/><img class=\"skip-lazy no-lazyload noLazy\" data-lazy-src=\"\" src =\"https:\/\/bobvarela.com\/wp-content\/flagallery\/samuel-alarcon-en-el-080-barcelona-fashion-primaveraverano-2017\/samuel-alarcon_041.jpg\" alt=\"080 Barcelona Spring-Summer 2017\" \/><img class=\"skip-lazy no-lazyload noLazy\" data-lazy-src=\"\" src =\"https:\/\/bobvarela.com\/wp-content\/flagallery\/samuel-alarcon-en-el-080-barcelona-fashion-primaveraverano-2017\/samuel-alarcon_042.jpg\" alt=\"080 Barcelona Spring-Summer 2017\" \/><img class=\"skip-lazy no-lazyload noLazy\" data-lazy-src=\"\" src =\"https:\/\/bobvarela.com\/wp-content\/flagallery\/samuel-alarcon-en-el-080-barcelona-fashion-primaveraverano-2017\/samuel-alarcon_043.jpg\" alt=\"080 Barcelona Spring-Summer 2017\" \/><img class=\"skip-lazy no-lazyload noLazy\" data-lazy-src=\"\" src =\"https:\/\/bobvarela.com\/wp-content\/flagallery\/samuel-alarcon-en-el-080-barcelona-fashion-primaveraverano-2017\/samuel-alarcon_044.jpg\" alt=\"080 Barcelona Spring-Summer 2017\" \/><img class=\"skip-lazy no-lazyload noLazy\" data-lazy-src=\"\" src =\"https:\/\/bobvarela.com\/wp-content\/flagallery\/samuel-alarcon-en-el-080-barcelona-fashion-primaveraverano-2017\/samuel-alarcon_045.jpg\" alt=\"080 Barcelona Spring-Summer 2017\" \/><img class=\"skip-lazy no-lazyload noLazy\" data-lazy-src=\"\" src =\"https:\/\/bobvarela.com\/wp-content\/flagallery\/samuel-alarcon-en-el-080-barcelona-fashion-primaveraverano-2017\/samuel-alarcon_046.jpg\" alt=\"080 Barcelona Spring-Summer 2017\" \/><img class=\"skip-lazy no-lazyload noLazy\" data-lazy-src=\"\" src =\"https:\/\/bobvarela.com\/wp-content\/flagallery\/samuel-alarcon-en-el-080-barcelona-fashion-primaveraverano-2017\/samuel-alarcon_047.jpg\" alt=\"080 Barcelona Spring-Summer 2017\" \/><img class=\"skip-lazy no-lazyload noLazy\" data-lazy-src=\"\" src =\"https:\/\/bobvarela.com\/wp-content\/flagallery\/samuel-alarcon-en-el-080-barcelona-fashion-primaveraverano-2017\/samuel-alarcon_048.jpg\" alt=\"080 Barcelona Spring-Summer 2017\" \/><img class=\"skip-lazy no-lazyload noLazy\" data-lazy-src=\"\" src =\"https:\/\/bobvarela.com\/wp-content\/flagallery\/samuel-alarcon-en-el-080-barcelona-fashion-primaveraverano-2017\/samuel-alarcon_049.jpg\" alt=\"080 Barcelona Spring-Summer 2017\" \/><img class=\"skip-lazy no-lazyload noLazy\" data-lazy-src=\"\" src =\"https:\/\/bobvarela.com\/wp-content\/flagallery\/samuel-alarcon-en-el-080-barcelona-fashion-primaveraverano-2017\/samuel-alarcon_050.jpg\" alt=\"080 Barcelona Spring-Summer 2017\" \/><img class=\"skip-lazy no-lazyload noLazy\" data-lazy-src=\"\" src =\"https:\/\/bobvarela.com\/wp-content\/flagallery\/samuel-alarcon-en-el-080-barcelona-fashion-primaveraverano-2017\/samuel-alarcon_051.jpg\" alt=\"080 Barcelona Spring-Summer 2017\" \/><img class=\"skip-lazy no-lazyload noLazy\" data-lazy-src=\"\" src =\"https:\/\/bobvarela.com\/wp-content\/flagallery\/samuel-alarcon-en-el-080-barcelona-fashion-primaveraverano-2017\/samuel-alarcon_052.jpg\" alt=\"080 Barcelona Spring-Summer 2017\" \/><img class=\"skip-lazy no-lazyload noLazy\" data-lazy-src=\"\" src =\"https:\/\/bobvarela.com\/wp-content\/flagallery\/samuel-alarcon-en-el-080-barcelona-fashion-primaveraverano-2017\/samuel-alarcon_053.jpg\" alt=\"080 Barcelona Spring-Summer 2017\" \/><img class=\"skip-lazy no-lazyload noLazy\" data-lazy-src=\"\" src =\"https:\/\/bobvarela.com\/wp-content\/flagallery\/samuel-alarcon-en-el-080-barcelona-fashion-primaveraverano-2017\/samuel-alarcon_054.jpg\" alt=\"080 Barcelona Spring-Summer 2017\" \/><img class=\"skip-lazy no-lazyload noLazy\" data-lazy-src=\"\" src =\"https:\/\/bobvarela.com\/wp-content\/flagallery\/samuel-alarcon-en-el-080-barcelona-fashion-primaveraverano-2017\/samuel-alarcon_055.jpg\" alt=\"080 Barcelona Spring-Summer 2017\" \/><img class=\"skip-lazy no-lazyload noLazy\" data-lazy-src=\"\" src =\"https:\/\/bobvarela.com\/wp-content\/flagallery\/samuel-alarcon-en-el-080-barcelona-fashion-primaveraverano-2017\/samuel-alarcon_056.jpg\" alt=\"080 Barcelona Spring-Summer 2017\" \/><img class=\"skip-lazy no-lazyload noLazy\" data-lazy-src=\"\" src =\"https:\/\/bobvarela.com\/wp-content\/flagallery\/samuel-alarcon-en-el-080-barcelona-fashion-primaveraverano-2017\/samuel-alarcon_057.jpg\" alt=\"080 Barcelona Spring-Summer 2017\" \/><img class=\"skip-lazy no-lazyload noLazy\" data-lazy-src=\"\" src =\"https:\/\/bobvarela.com\/wp-content\/flagallery\/samuel-alarcon-en-el-080-barcelona-fashion-primaveraverano-2017\/samuel-alarcon_058.jpg\" alt=\"080 Barcelona Spring-Summer 2017\" \/><img class=\"skip-lazy no-lazyload noLazy\" data-lazy-src=\"\" src =\"https:\/\/bobvarela.com\/wp-content\/flagallery\/samuel-alarcon-en-el-080-barcelona-fashion-primaveraverano-2017\/samuel-alarcon_059.jpg\" alt=\"080 Barcelona Spring-Summer 2017\" \/><\/noscript><\/p>\n","protected":false},"excerpt":{"rendered":"<p>Con la propuesta \u201cEtimolog\u00eda del Yo\u201d, el dise\u00f1ador Samuel Alarcon quiere hacer una reflexi\u00f3n sobre la identidad, las partes que la conforman y qu\u00e9 es el origen. El tricot se mantiene como principal medio de expresi\u00f3n con el cual ha&hellip;<\/p>\n<p class=\"more-link-p\"><a class=\"more-link\" href=\"https:\/\/bobvarela.com\/?p=100604\">Read more &rarr;<\/a><\/p>\n","protected":false},"author":1,"featured_media":0,"comment_status":"open","ping_status":"open","sticky":false,"template":"","format":"standard","meta":{"ngg_post_thumbnail":0,"footnotes":""},"categories":[478,4],"tags":[],"class_list":["post-100604","post","type-post","status-publish","format-standard","hentry","category-080-barcelona","category-moda"],"_links":{"self":[{"href":"https:\/\/bobvarela.com\/index.php?rest_route=\/wp\/v2\/posts\/100604","targetHints":{"allow":["GET"]}}],"collection":[{"href":"https:\/\/bobvarela.com\/index.php?rest_route=\/wp\/v2\/posts"}],"about":[{"href":"https:\/\/bobvarela.com\/index.php?rest_route=\/wp\/v2\/types\/post"}],"author":[{"embeddable":true,"href":"https:\/\/bobvarela.com\/index.php?rest_route=\/wp\/v2\/users\/1"}],"replies":[{"embeddable":true,"href":"https:\/\/bobvarela.com\/index.php?rest_route=%2Fwp%2Fv2%2Fcomments&post=100604"}],"version-history":[{"count":1,"href":"https:\/\/bobvarela.com\/index.php?rest_route=\/wp\/v2\/posts\/100604\/revisions"}],"predecessor-version":[{"id":100605,"href":"https:\/\/bobvarela.com\/index.php?rest_route=\/wp\/v2\/posts\/100604\/revisions\/100605"}],"wp:attachment":[{"href":"https:\/\/bobvarela.com\/index.php?rest_route=%2Fwp%2Fv2%2Fmedia&parent=100604"}],"wp:term":[{"taxonomy":"category","embeddable":true,"href":"https:\/\/bobvarela.com\/index.php?rest_route=%2Fwp%2Fv2%2Fcategories&post=100604"},{"taxonomy":"post_tag","embeddable":true,"href":"https:\/\/bobvarela.com\/index.php?rest_route=%2Fwp%2Fv2%2Ftags&post=100604"}],"curies":[{"name":"wp","href":"https:\/\/api.w.org\/{rel}","templated":true}]}}