{"id":100611,"date":"2016-07-06T19:03:40","date_gmt":"2016-07-06T23:03:40","guid":{"rendered":"https:\/\/bobvarela.com\/?p=100611"},"modified":"2016-07-06T19:03:40","modified_gmt":"2016-07-06T23:03:40","slug":"escorpion-en-el-080-barcelona-fashion-primaveraverano-2017","status":"publish","type":"post","link":"https:\/\/bobvarela.com\/?p=100611","title":{"rendered":"Escorpion en el 080 BARCELONA FASHION Primavera\/Verano 2017"},"content":{"rendered":"<p align=\"justify\"><font size=\"3\">Escorpion presento&#160; la colecci\u00f3n \u201cOdaliscas\u201d, una visi\u00f3n nost\u00e1lgica y misteriosa del Oriente. La propuesta de Escorpion recoge la nostalgia de un clima, del ritmo indolente y pausado de mujeres inmersas en rituales ancestrales de belleza, rendidas al placer del hammam. En la colecci\u00f3n destacan faldas largas y vaporosas, pantalones bombacho, siluetas en X con cinturas marcadas, tejidos como el sat\u00e9n y voil\u00e9 de algod\u00f3n listado y los jerseys de viscosa. Los colores vienen inspirados por flores: el jazm\u00edn (tonos naturales que recuerdan el m\u00e1rmol), el arg\u00e1n (las toallas listadas del hamman) y el s\u00e1ndalo (un himno al color y a los estampados).<\/font><\/p>\n<p align=\"justify\"><div class=\"flagallery photomania_skin\" id=\"FlaGallery_sc1_352\" ><style type=\"text\/css\" class=\"flagallery_skin_style_import\">#FlaGallery_sc1_352 .flagpm_preload {opacity:0;}#FlaGallery_sc1_352 .swiper-big-images img.flagpm_the_photo { max-height:100%; max-width:100%; display:inline; width:auto; height:auto !important; object-fit:unset; vertical-align:middle; border:none; }#FlaGallery_sc1_352 .flagpm_focus .swiper-big-images img.flagpm_the_photo { width:auto; height:auto; object-fit:unset; }#FlaGallery_sc1_352 .swiper-small-images img.flagpm_photo { max-width:none; max-height:none; }#FlaGallery_sc1_352 .swiper-small-images img.flagpm_photo.flagpm_photo_landscape { width:auto; height:100% !important; }#FlaGallery_sc1_352 .swiper-small-images img.flagpm_photo.flagpm_photo_portrait { width:100%; height:auto !important; }#FlaGallery_sc1_352 .flagpm_gallery_sources_list p { margin:7px 0; padding:0; font-size:inherit; }#FlaGallery_sc1_352 .flagpm_photo_details .flagpm_description_wrap a,#FlaGallery_sc1_352 .flagpm_big_button_wrap .flagpm_button.flagpm_like.flagpm_liked,#FlaGallery_sc1_352 .flagpm_big_button_wrap .flagpm_button.flagpm_like.flagpm_liked:hover {color:#0099e5;}#FlaGallery_sc1_352 .flagpm_photo_show .flagpm_big_button {background-color:#0099e5;}#FlaGallery_sc1_352 .swiper-small-images div.flagpm_photo.swiper-slide-active {border-color:#02adea;}#FlaGallery_sc1_352 .flagpm_photo_header .flagpm_name_wrap .flagpm_title_author a:hover,#FlaGallery_sc1_352 .flagpm_photo_details .flagpm_description_wrap a:hover {color:#02adea;}#FlaGallery_sc1_352 .flagpm_photo_show .flagpm_big_button:hover,#FlaGallery_sc1_352 .flagpm_focus_actions ul .flagpm_button.like.flagpm_liked {background-color:#02adea;}<\/style> <div class=\"flagpm_photo_show flagpm_w960 flagpm_w640 flagpm_w480 flagpm_preload\"> <div class=\"flagpm_photo_wrap has_prev_photo has_next_photo\"> <div class=\"swiper-container swiper-big-images\"> <div class=\"flagpm_photo_arrow_next flagpm_photo_arrow flagpm_next\"> <div title=\"Next\" class=\"flagpm_arrow\"><\/div> <\/div> <div class=\"flagpm_photo_arrow_previous flagpm_photo_arrow flagpm_prev\"> <div title=\"Previous\" class=\"flagpm_arrow\"><\/div> <\/div> <div class=\"swiper-wrapper\"><div class=\"swiper-slide\" data-hash=\"flagallery25603\" data-photo-id=\"25603\"><span class=\"flagpm_va\"><\/span><img decoding=\"async\" src=\"https:\/\/bobvarela.com\/wp-content\/flagallery\/escorpion-en-el-080-barcelona-fashion-primaveraverano-2017\/webview\/escorpion_001.jpg\" data-src=\"https:\/\/bobvarela.com\/wp-content\/flagallery\/escorpion-en-el-080-barcelona-fashion-primaveraverano-2017\/webview\/escorpion_001.jpg\" alt=\"080 Barcelona Spring-Summer 2017\" class=\"noLazy flagpm_the_photo swiper-lazy\"><div class=\"swiper-lazy-preloader swiper-lazy-preloader-black\"><\/div><\/div><div class=\"swiper-slide\" data-hash=\"flagallery25604\" data-photo-id=\"25604\"><span class=\"flagpm_va\"><\/span><img data-src=\"https:\/\/bobvarela.com\/wp-content\/flagallery\/escorpion-en-el-080-barcelona-fashion-primaveraverano-2017\/webview\/escorpion_002.jpg\" alt=\"080 Barcelona Spring-Summer 2017\" class=\"noLazy flagpm_the_photo swiper-lazy\"><div class=\"swiper-lazy-preloader swiper-lazy-preloader-black\"><\/div><\/div><div class=\"swiper-slide\" data-hash=\"flagallery25605\" data-photo-id=\"25605\"><span class=\"flagpm_va\"><\/span><img data-src=\"https:\/\/bobvarela.com\/wp-content\/flagallery\/escorpion-en-el-080-barcelona-fashion-primaveraverano-2017\/webview\/escorpion_003.jpg\" alt=\"080 Barcelona Spring-Summer 2017\" class=\"noLazy flagpm_the_photo swiper-lazy\"><div class=\"swiper-lazy-preloader swiper-lazy-preloader-black\"><\/div><\/div><div class=\"swiper-slide\" data-hash=\"flagallery25606\" data-photo-id=\"25606\"><span class=\"flagpm_va\"><\/span><img data-src=\"https:\/\/bobvarela.com\/wp-content\/flagallery\/escorpion-en-el-080-barcelona-fashion-primaveraverano-2017\/webview\/escorpion_004.jpg\" alt=\"080 Barcelona Spring-Summer 2017\" class=\"noLazy flagpm_the_photo swiper-lazy\"><div class=\"swiper-lazy-preloader swiper-lazy-preloader-black\"><\/div><\/div><div class=\"swiper-slide\" data-hash=\"flagallery25607\" data-photo-id=\"25607\"><span class=\"flagpm_va\"><\/span><img data-src=\"https:\/\/bobvarela.com\/wp-content\/flagallery\/escorpion-en-el-080-barcelona-fashion-primaveraverano-2017\/webview\/escorpion_005.jpg\" alt=\"080 Barcelona Spring-Summer 2017\" class=\"noLazy flagpm_the_photo swiper-lazy\"><div class=\"swiper-lazy-preloader swiper-lazy-preloader-black\"><\/div><\/div><div class=\"swiper-slide\" data-hash=\"flagallery25608\" data-photo-id=\"25608\"><span class=\"flagpm_va\"><\/span><img data-src=\"https:\/\/bobvarela.com\/wp-content\/flagallery\/escorpion-en-el-080-barcelona-fashion-primaveraverano-2017\/webview\/escorpion_006.jpg\" alt=\"080 Barcelona Spring-Summer 2017\" class=\"noLazy flagpm_the_photo swiper-lazy\"><div class=\"swiper-lazy-preloader swiper-lazy-preloader-black\"><\/div><\/div><div class=\"swiper-slide\" data-hash=\"flagallery25609\" data-photo-id=\"25609\"><span class=\"flagpm_va\"><\/span><img data-src=\"https:\/\/bobvarela.com\/wp-content\/flagallery\/escorpion-en-el-080-barcelona-fashion-primaveraverano-2017\/webview\/escorpion_007.jpg\" alt=\"080 Barcelona Spring-Summer 2017\" class=\"noLazy flagpm_the_photo swiper-lazy\"><div class=\"swiper-lazy-preloader swiper-lazy-preloader-black\"><\/div><\/div><div class=\"swiper-slide\" data-hash=\"flagallery25610\" data-photo-id=\"25610\"><span class=\"flagpm_va\"><\/span><img data-src=\"https:\/\/bobvarela.com\/wp-content\/flagallery\/escorpion-en-el-080-barcelona-fashion-primaveraverano-2017\/webview\/escorpion_008.jpg\" alt=\"080 Barcelona Spring-Summer 2017\" class=\"noLazy flagpm_the_photo swiper-lazy\"><div class=\"swiper-lazy-preloader swiper-lazy-preloader-black\"><\/div><\/div><div class=\"swiper-slide\" data-hash=\"flagallery25611\" data-photo-id=\"25611\"><span class=\"flagpm_va\"><\/span><img data-src=\"https:\/\/bobvarela.com\/wp-content\/flagallery\/escorpion-en-el-080-barcelona-fashion-primaveraverano-2017\/webview\/escorpion_009.jpg\" alt=\"080 Barcelona Spring-Summer 2017\" class=\"noLazy flagpm_the_photo swiper-lazy\"><div class=\"swiper-lazy-preloader swiper-lazy-preloader-black\"><\/div><\/div><div class=\"swiper-slide\" data-hash=\"flagallery25612\" data-photo-id=\"25612\"><span class=\"flagpm_va\"><\/span><img data-src=\"https:\/\/bobvarela.com\/wp-content\/flagallery\/escorpion-en-el-080-barcelona-fashion-primaveraverano-2017\/webview\/escorpion_010.jpg\" alt=\"080 Barcelona Spring-Summer 2017\" class=\"noLazy flagpm_the_photo swiper-lazy\"><div class=\"swiper-lazy-preloader swiper-lazy-preloader-black\"><\/div><\/div><div class=\"swiper-slide\" data-hash=\"flagallery25613\" data-photo-id=\"25613\"><span class=\"flagpm_va\"><\/span><img data-src=\"https:\/\/bobvarela.com\/wp-content\/flagallery\/escorpion-en-el-080-barcelona-fashion-primaveraverano-2017\/webview\/escorpion_011.jpg\" alt=\"080 Barcelona Spring-Summer 2017\" class=\"noLazy flagpm_the_photo swiper-lazy\"><div class=\"swiper-lazy-preloader swiper-lazy-preloader-black\"><\/div><\/div><div class=\"swiper-slide\" data-hash=\"flagallery25614\" data-photo-id=\"25614\"><span class=\"flagpm_va\"><\/span><img data-src=\"https:\/\/bobvarela.com\/wp-content\/flagallery\/escorpion-en-el-080-barcelona-fashion-primaveraverano-2017\/webview\/escorpion_012.jpg\" alt=\"080 Barcelona Spring-Summer 2017\" class=\"noLazy flagpm_the_photo swiper-lazy\"><div class=\"swiper-lazy-preloader swiper-lazy-preloader-black\"><\/div><\/div><div class=\"swiper-slide\" data-hash=\"flagallery25615\" data-photo-id=\"25615\"><span class=\"flagpm_va\"><\/span><img data-src=\"https:\/\/bobvarela.com\/wp-content\/flagallery\/escorpion-en-el-080-barcelona-fashion-primaveraverano-2017\/webview\/escorpion_013.jpg\" alt=\"080 Barcelona Spring-Summer 2017\" class=\"noLazy flagpm_the_photo swiper-lazy\"><div class=\"swiper-lazy-preloader swiper-lazy-preloader-black\"><\/div><\/div><div class=\"swiper-slide\" data-hash=\"flagallery25616\" data-photo-id=\"25616\"><span class=\"flagpm_va\"><\/span><img data-src=\"https:\/\/bobvarela.com\/wp-content\/flagallery\/escorpion-en-el-080-barcelona-fashion-primaveraverano-2017\/webview\/escorpion_014.jpg\" alt=\"080 Barcelona Spring-Summer 2017\" class=\"noLazy flagpm_the_photo swiper-lazy\"><div class=\"swiper-lazy-preloader swiper-lazy-preloader-black\"><\/div><\/div><div class=\"swiper-slide\" data-hash=\"flagallery25617\" data-photo-id=\"25617\"><span class=\"flagpm_va\"><\/span><img data-src=\"https:\/\/bobvarela.com\/wp-content\/flagallery\/escorpion-en-el-080-barcelona-fashion-primaveraverano-2017\/webview\/escorpion_015.jpg\" alt=\"080 Barcelona Spring-Summer 2017\" class=\"noLazy flagpm_the_photo swiper-lazy\"><div class=\"swiper-lazy-preloader swiper-lazy-preloader-black\"><\/div><\/div><div class=\"swiper-slide\" data-hash=\"flagallery25618\" data-photo-id=\"25618\"><span class=\"flagpm_va\"><\/span><img data-src=\"https:\/\/bobvarela.com\/wp-content\/flagallery\/escorpion-en-el-080-barcelona-fashion-primaveraverano-2017\/webview\/escorpion_016.jpg\" alt=\"080 Barcelona Spring-Summer 2017\" class=\"noLazy flagpm_the_photo swiper-lazy\"><div class=\"swiper-lazy-preloader swiper-lazy-preloader-black\"><\/div><\/div><div class=\"swiper-slide\" data-hash=\"flagallery25619\" data-photo-id=\"25619\"><span class=\"flagpm_va\"><\/span><img data-src=\"https:\/\/bobvarela.com\/wp-content\/flagallery\/escorpion-en-el-080-barcelona-fashion-primaveraverano-2017\/webview\/escorpion_017.jpg\" alt=\"080 Barcelona Spring-Summer 2017\" class=\"noLazy flagpm_the_photo swiper-lazy\"><div class=\"swiper-lazy-preloader swiper-lazy-preloader-black\"><\/div><\/div><div class=\"swiper-slide\" data-hash=\"flagallery25620\" data-photo-id=\"25620\"><span class=\"flagpm_va\"><\/span><img data-src=\"https:\/\/bobvarela.com\/wp-content\/flagallery\/escorpion-en-el-080-barcelona-fashion-primaveraverano-2017\/webview\/escorpion_018.jpg\" alt=\"080 Barcelona Spring-Summer 2017\" class=\"noLazy flagpm_the_photo swiper-lazy\"><div class=\"swiper-lazy-preloader swiper-lazy-preloader-black\"><\/div><\/div><div class=\"swiper-slide\" data-hash=\"flagallery25621\" data-photo-id=\"25621\"><span class=\"flagpm_va\"><\/span><img data-src=\"https:\/\/bobvarela.com\/wp-content\/flagallery\/escorpion-en-el-080-barcelona-fashion-primaveraverano-2017\/webview\/escorpion_019.jpg\" alt=\"080 Barcelona Spring-Summer 2017\" class=\"noLazy flagpm_the_photo swiper-lazy\"><div class=\"swiper-lazy-preloader swiper-lazy-preloader-black\"><\/div><\/div><div class=\"swiper-slide\" data-hash=\"flagallery25622\" data-photo-id=\"25622\"><span class=\"flagpm_va\"><\/span><img data-src=\"https:\/\/bobvarela.com\/wp-content\/flagallery\/escorpion-en-el-080-barcelona-fashion-primaveraverano-2017\/webview\/escorpion_020.jpg\" alt=\"080 Barcelona Spring-Summer 2017\" class=\"noLazy flagpm_the_photo swiper-lazy\"><div class=\"swiper-lazy-preloader swiper-lazy-preloader-black\"><\/div><\/div><div class=\"swiper-slide\" data-hash=\"flagallery25623\" data-photo-id=\"25623\"><span class=\"flagpm_va\"><\/span><img data-src=\"https:\/\/bobvarela.com\/wp-content\/flagallery\/escorpion-en-el-080-barcelona-fashion-primaveraverano-2017\/webview\/escorpion_021.jpg\" alt=\"080 Barcelona Spring-Summer 2017\" class=\"noLazy flagpm_the_photo swiper-lazy\"><div class=\"swiper-lazy-preloader swiper-lazy-preloader-black\"><\/div><\/div><div class=\"swiper-slide\" data-hash=\"flagallery25624\" data-photo-id=\"25624\"><span class=\"flagpm_va\"><\/span><img data-src=\"https:\/\/bobvarela.com\/wp-content\/flagallery\/escorpion-en-el-080-barcelona-fashion-primaveraverano-2017\/webview\/escorpion_022.jpg\" alt=\"080 Barcelona Spring-Summer 2017\" class=\"noLazy flagpm_the_photo swiper-lazy\"><div class=\"swiper-lazy-preloader swiper-lazy-preloader-black\"><\/div><\/div><div class=\"swiper-slide\" data-hash=\"flagallery25625\" data-photo-id=\"25625\"><span class=\"flagpm_va\"><\/span><img data-src=\"https:\/\/bobvarela.com\/wp-content\/flagallery\/escorpion-en-el-080-barcelona-fashion-primaveraverano-2017\/webview\/escorpion_023.jpg\" alt=\"080 Barcelona Spring-Summer 2017\" class=\"noLazy flagpm_the_photo swiper-lazy\"><div class=\"swiper-lazy-preloader swiper-lazy-preloader-black\"><\/div><\/div><div class=\"swiper-slide\" data-hash=\"flagallery25626\" data-photo-id=\"25626\"><span class=\"flagpm_va\"><\/span><img data-src=\"https:\/\/bobvarela.com\/wp-content\/flagallery\/escorpion-en-el-080-barcelona-fashion-primaveraverano-2017\/webview\/escorpion_024.jpg\" alt=\"080 Barcelona Spring-Summer 2017\" class=\"noLazy flagpm_the_photo swiper-lazy\"><div class=\"swiper-lazy-preloader swiper-lazy-preloader-black\"><\/div><\/div><div class=\"swiper-slide\" data-hash=\"flagallery25627\" data-photo-id=\"25627\"><span class=\"flagpm_va\"><\/span><img data-src=\"https:\/\/bobvarela.com\/wp-content\/flagallery\/escorpion-en-el-080-barcelona-fashion-primaveraverano-2017\/webview\/escorpion_025.jpg\" alt=\"080 Barcelona Spring-Summer 2017\" class=\"noLazy flagpm_the_photo swiper-lazy\"><div class=\"swiper-lazy-preloader swiper-lazy-preloader-black\"><\/div><\/div><div class=\"swiper-slide\" data-hash=\"flagallery25628\" data-photo-id=\"25628\"><span class=\"flagpm_va\"><\/span><img data-src=\"https:\/\/bobvarela.com\/wp-content\/flagallery\/escorpion-en-el-080-barcelona-fashion-primaveraverano-2017\/webview\/escorpion_026.jpg\" alt=\"080 Barcelona Spring-Summer 2017\" class=\"noLazy flagpm_the_photo swiper-lazy\"><div class=\"swiper-lazy-preloader swiper-lazy-preloader-black\"><\/div><\/div><div class=\"swiper-slide\" data-hash=\"flagallery25629\" data-photo-id=\"25629\"><span class=\"flagpm_va\"><\/span><img data-src=\"https:\/\/bobvarela.com\/wp-content\/flagallery\/escorpion-en-el-080-barcelona-fashion-primaveraverano-2017\/webview\/escorpion_027.jpg\" alt=\"080 Barcelona Spring-Summer 2017\" class=\"noLazy flagpm_the_photo swiper-lazy\"><div class=\"swiper-lazy-preloader swiper-lazy-preloader-black\"><\/div><\/div><div class=\"swiper-slide\" data-hash=\"flagallery25630\" data-photo-id=\"25630\"><span class=\"flagpm_va\"><\/span><img data-src=\"https:\/\/bobvarela.com\/wp-content\/flagallery\/escorpion-en-el-080-barcelona-fashion-primaveraverano-2017\/webview\/escorpion_028.jpg\" alt=\"080 Barcelona Spring-Summer 2017\" class=\"noLazy flagpm_the_photo swiper-lazy\"><div class=\"swiper-lazy-preloader swiper-lazy-preloader-black\"><\/div><\/div><div class=\"swiper-slide\" data-hash=\"flagallery25631\" data-photo-id=\"25631\"><span class=\"flagpm_va\"><\/span><img data-src=\"https:\/\/bobvarela.com\/wp-content\/flagallery\/escorpion-en-el-080-barcelona-fashion-primaveraverano-2017\/webview\/escorpion_029.jpg\" alt=\"080 Barcelona Spring-Summer 2017\" class=\"noLazy flagpm_the_photo swiper-lazy\"><div class=\"swiper-lazy-preloader swiper-lazy-preloader-black\"><\/div><\/div><div class=\"swiper-slide\" data-hash=\"flagallery25632\" data-photo-id=\"25632\"><span class=\"flagpm_va\"><\/span><img data-src=\"https:\/\/bobvarela.com\/wp-content\/flagallery\/escorpion-en-el-080-barcelona-fashion-primaveraverano-2017\/webview\/escorpion_030.jpg\" alt=\"080 Barcelona Spring-Summer 2017\" class=\"noLazy flagpm_the_photo swiper-lazy\"><div class=\"swiper-lazy-preloader swiper-lazy-preloader-black\"><\/div><\/div><div class=\"swiper-slide\" data-hash=\"flagallery25633\" data-photo-id=\"25633\"><span class=\"flagpm_va\"><\/span><img data-src=\"https:\/\/bobvarela.com\/wp-content\/flagallery\/escorpion-en-el-080-barcelona-fashion-primaveraverano-2017\/webview\/escorpion_031.jpg\" alt=\"080 Barcelona Spring-Summer 2017\" class=\"noLazy flagpm_the_photo swiper-lazy\"><div class=\"swiper-lazy-preloader swiper-lazy-preloader-black\"><\/div><\/div><div class=\"swiper-slide\" data-hash=\"flagallery25634\" data-photo-id=\"25634\"><span class=\"flagpm_va\"><\/span><img data-src=\"https:\/\/bobvarela.com\/wp-content\/flagallery\/escorpion-en-el-080-barcelona-fashion-primaveraverano-2017\/webview\/escorpion_032.jpg\" alt=\"080 Barcelona Spring-Summer 2017\" class=\"noLazy flagpm_the_photo swiper-lazy\"><div class=\"swiper-lazy-preloader swiper-lazy-preloader-black\"><\/div><\/div><div class=\"swiper-slide\" data-hash=\"flagallery25635\" data-photo-id=\"25635\"><span class=\"flagpm_va\"><\/span><img data-src=\"https:\/\/bobvarela.com\/wp-content\/flagallery\/escorpion-en-el-080-barcelona-fashion-primaveraverano-2017\/webview\/escorpion_033.jpg\" alt=\"080 Barcelona Spring-Summer 2017\" class=\"noLazy flagpm_the_photo swiper-lazy\"><div class=\"swiper-lazy-preloader swiper-lazy-preloader-black\"><\/div><\/div><div class=\"swiper-slide\" data-hash=\"flagallery25636\" data-photo-id=\"25636\"><span class=\"flagpm_va\"><\/span><img data-src=\"https:\/\/bobvarela.com\/wp-content\/flagallery\/escorpion-en-el-080-barcelona-fashion-primaveraverano-2017\/webview\/escorpion_034.jpg\" alt=\"080 Barcelona Spring-Summer 2017\" class=\"noLazy flagpm_the_photo swiper-lazy\"><div class=\"swiper-lazy-preloader swiper-lazy-preloader-black\"><\/div><\/div><div class=\"swiper-slide\" data-hash=\"flagallery25637\" data-photo-id=\"25637\"><span class=\"flagpm_va\"><\/span><img data-src=\"https:\/\/bobvarela.com\/wp-content\/flagallery\/escorpion-en-el-080-barcelona-fashion-primaveraverano-2017\/webview\/escorpion_035.jpg\" alt=\"080 Barcelona Spring-Summer 2017\" class=\"noLazy flagpm_the_photo swiper-lazy\"><div class=\"swiper-lazy-preloader swiper-lazy-preloader-black\"><\/div><\/div><div class=\"swiper-slide\" data-hash=\"flagallery25638\" data-photo-id=\"25638\"><span class=\"flagpm_va\"><\/span><img data-src=\"https:\/\/bobvarela.com\/wp-content\/flagallery\/escorpion-en-el-080-barcelona-fashion-primaveraverano-2017\/webview\/escorpion_036.jpg\" alt=\"080 Barcelona Spring-Summer 2017\" class=\"noLazy flagpm_the_photo swiper-lazy\"><div class=\"swiper-lazy-preloader swiper-lazy-preloader-black\"><\/div><\/div><div class=\"swiper-slide\" data-hash=\"flagallery25639\" data-photo-id=\"25639\"><span class=\"flagpm_va\"><\/span><img data-src=\"https:\/\/bobvarela.com\/wp-content\/flagallery\/escorpion-en-el-080-barcelona-fashion-primaveraverano-2017\/webview\/escorpion_037.jpg\" alt=\"080 Barcelona Spring-Summer 2017\" class=\"noLazy flagpm_the_photo swiper-lazy\"><div class=\"swiper-lazy-preloader swiper-lazy-preloader-black\"><\/div><\/div><div class=\"swiper-slide\" data-hash=\"flagallery25640\" data-photo-id=\"25640\"><span class=\"flagpm_va\"><\/span><img data-src=\"https:\/\/bobvarela.com\/wp-content\/flagallery\/escorpion-en-el-080-barcelona-fashion-primaveraverano-2017\/webview\/escorpion_038.jpg\" alt=\"080 Barcelona Spring-Summer 2017\" class=\"noLazy flagpm_the_photo swiper-lazy\"><div class=\"swiper-lazy-preloader swiper-lazy-preloader-black\"><\/div><\/div><div class=\"swiper-slide\" data-hash=\"flagallery25641\" data-photo-id=\"25641\"><span class=\"flagpm_va\"><\/span><img data-src=\"https:\/\/bobvarela.com\/wp-content\/flagallery\/escorpion-en-el-080-barcelona-fashion-primaveraverano-2017\/webview\/escorpion_039.jpg\" alt=\"080 Barcelona Spring-Summer 2017\" class=\"noLazy flagpm_the_photo swiper-lazy\"><div class=\"swiper-lazy-preloader swiper-lazy-preloader-black\"><\/div><\/div><div class=\"swiper-slide\" data-hash=\"flagallery25642\" data-photo-id=\"25642\"><span class=\"flagpm_va\"><\/span><img data-src=\"https:\/\/bobvarela.com\/wp-content\/flagallery\/escorpion-en-el-080-barcelona-fashion-primaveraverano-2017\/webview\/escorpion_040.jpg\" alt=\"080 Barcelona Spring-Summer 2017\" class=\"noLazy flagpm_the_photo swiper-lazy\"><div class=\"swiper-lazy-preloader swiper-lazy-preloader-black\"><\/div><\/div><div class=\"swiper-slide\" data-hash=\"flagallery25643\" data-photo-id=\"25643\"><span class=\"flagpm_va\"><\/span><img data-src=\"https:\/\/bobvarela.com\/wp-content\/flagallery\/escorpion-en-el-080-barcelona-fashion-primaveraverano-2017\/webview\/escorpion_041.jpg\" alt=\"080 Barcelona Spring-Summer 2017\" class=\"noLazy flagpm_the_photo swiper-lazy\"><div class=\"swiper-lazy-preloader swiper-lazy-preloader-black\"><\/div><\/div><div class=\"swiper-slide\" data-hash=\"flagallery25644\" data-photo-id=\"25644\"><span class=\"flagpm_va\"><\/span><img data-src=\"https:\/\/bobvarela.com\/wp-content\/flagallery\/escorpion-en-el-080-barcelona-fashion-primaveraverano-2017\/webview\/escorpion_042.jpg\" alt=\"080 Barcelona Spring-Summer 2017\" class=\"noLazy flagpm_the_photo swiper-lazy\"><div class=\"swiper-lazy-preloader swiper-lazy-preloader-black\"><\/div><\/div><div class=\"swiper-slide\" data-hash=\"flagallery25645\" data-photo-id=\"25645\"><span class=\"flagpm_va\"><\/span><img data-src=\"https:\/\/bobvarela.com\/wp-content\/flagallery\/escorpion-en-el-080-barcelona-fashion-primaveraverano-2017\/webview\/escorpion_043.jpg\" alt=\"080 Barcelona Spring-Summer 2017\" class=\"noLazy flagpm_the_photo swiper-lazy\"><div class=\"swiper-lazy-preloader swiper-lazy-preloader-black\"><\/div><\/div><div class=\"swiper-slide\" data-hash=\"flagallery25646\" data-photo-id=\"25646\"><span class=\"flagpm_va\"><\/span><img data-src=\"https:\/\/bobvarela.com\/wp-content\/flagallery\/escorpion-en-el-080-barcelona-fashion-primaveraverano-2017\/webview\/escorpion_044.jpg\" alt=\"080 Barcelona Spring-Summer 2017\" class=\"noLazy flagpm_the_photo swiper-lazy\"><div class=\"swiper-lazy-preloader swiper-lazy-preloader-black\"><\/div><\/div><div class=\"swiper-slide\" data-hash=\"flagallery25647\" data-photo-id=\"25647\"><span class=\"flagpm_va\"><\/span><img data-src=\"https:\/\/bobvarela.com\/wp-content\/flagallery\/escorpion-en-el-080-barcelona-fashion-primaveraverano-2017\/webview\/escorpion_045.jpg\" alt=\"080 Barcelona Spring-Summer 2017\" class=\"noLazy flagpm_the_photo swiper-lazy\"><div class=\"swiper-lazy-preloader swiper-lazy-preloader-black\"><\/div><\/div><div class=\"swiper-slide\" data-hash=\"flagallery25648\" data-photo-id=\"25648\"><span class=\"flagpm_va\"><\/span><img data-src=\"https:\/\/bobvarela.com\/wp-content\/flagallery\/escorpion-en-el-080-barcelona-fashion-primaveraverano-2017\/webview\/escorpion_046.jpg\" alt=\"080 Barcelona Spring-Summer 2017\" class=\"noLazy flagpm_the_photo swiper-lazy\"><div class=\"swiper-lazy-preloader swiper-lazy-preloader-black\"><\/div><\/div><div class=\"swiper-slide\" data-hash=\"flagallery25649\" data-photo-id=\"25649\"><span class=\"flagpm_va\"><\/span><img data-src=\"https:\/\/bobvarela.com\/wp-content\/flagallery\/escorpion-en-el-080-barcelona-fashion-primaveraverano-2017\/webview\/escorpion_047.jpg\" alt=\"080 Barcelona Spring-Summer 2017\" class=\"noLazy flagpm_the_photo swiper-lazy\"><div class=\"swiper-lazy-preloader swiper-lazy-preloader-black\"><\/div><\/div><div class=\"swiper-slide\" data-hash=\"flagallery25650\" data-photo-id=\"25650\"><span class=\"flagpm_va\"><\/span><img data-src=\"https:\/\/bobvarela.com\/wp-content\/flagallery\/escorpion-en-el-080-barcelona-fashion-primaveraverano-2017\/webview\/escorpion_048.jpg\" alt=\"080 Barcelona Spring-Summer 2017\" class=\"noLazy flagpm_the_photo swiper-lazy\"><div class=\"swiper-lazy-preloader swiper-lazy-preloader-black\"><\/div><\/div><div class=\"swiper-slide\" data-hash=\"flagallery25651\" data-photo-id=\"25651\"><span class=\"flagpm_va\"><\/span><img data-src=\"https:\/\/bobvarela.com\/wp-content\/flagallery\/escorpion-en-el-080-barcelona-fashion-primaveraverano-2017\/webview\/escorpion_049.jpg\" alt=\"080 Barcelona Spring-Summer 2017\" class=\"noLazy flagpm_the_photo swiper-lazy\"><div class=\"swiper-lazy-preloader swiper-lazy-preloader-black\"><\/div><\/div><div class=\"swiper-slide\" data-hash=\"flagallery25652\" data-photo-id=\"25652\"><span class=\"flagpm_va\"><\/span><img data-src=\"https:\/\/bobvarela.com\/wp-content\/flagallery\/escorpion-en-el-080-barcelona-fashion-primaveraverano-2017\/webview\/escorpion_050.jpg\" alt=\"080 Barcelona Spring-Summer 2017\" class=\"noLazy flagpm_the_photo swiper-lazy\"><div class=\"swiper-lazy-preloader swiper-lazy-preloader-black\"><\/div><\/div><div class=\"swiper-slide\" data-hash=\"flagallery25653\" data-photo-id=\"25653\"><span class=\"flagpm_va\"><\/span><img data-src=\"https:\/\/bobvarela.com\/wp-content\/flagallery\/escorpion-en-el-080-barcelona-fashion-primaveraverano-2017\/webview\/escorpion_051.jpg\" alt=\"080 Barcelona Spring-Summer 2017\" class=\"noLazy flagpm_the_photo swiper-lazy\"><div class=\"swiper-lazy-preloader swiper-lazy-preloader-black\"><\/div><\/div><div class=\"swiper-slide\" data-hash=\"flagallery25654\" data-photo-id=\"25654\"><span class=\"flagpm_va\"><\/span><img data-src=\"https:\/\/bobvarela.com\/wp-content\/flagallery\/escorpion-en-el-080-barcelona-fashion-primaveraverano-2017\/webview\/escorpion_052.jpg\" alt=\"080 Barcelona Spring-Summer 2017\" class=\"noLazy flagpm_the_photo swiper-lazy\"><div class=\"swiper-lazy-preloader swiper-lazy-preloader-black\"><\/div><\/div><div class=\"swiper-slide\" data-hash=\"flagallery25655\" data-photo-id=\"25655\"><span class=\"flagpm_va\"><\/span><img data-src=\"https:\/\/bobvarela.com\/wp-content\/flagallery\/escorpion-en-el-080-barcelona-fashion-primaveraverano-2017\/webview\/escorpion_053.jpg\" alt=\"080 Barcelona Spring-Summer 2017\" class=\"noLazy flagpm_the_photo swiper-lazy\"><div class=\"swiper-lazy-preloader swiper-lazy-preloader-black\"><\/div><\/div><div class=\"swiper-slide\" data-hash=\"flagallery25656\" data-photo-id=\"25656\"><span class=\"flagpm_va\"><\/span><img data-src=\"https:\/\/bobvarela.com\/wp-content\/flagallery\/escorpion-en-el-080-barcelona-fashion-primaveraverano-2017\/webview\/escorpion_054.jpg\" alt=\"080 Barcelona Spring-Summer 2017\" class=\"noLazy flagpm_the_photo swiper-lazy\"><div class=\"swiper-lazy-preloader swiper-lazy-preloader-black\"><\/div><\/div><div class=\"swiper-slide\" data-hash=\"flagallery25657\" data-photo-id=\"25657\"><span class=\"flagpm_va\"><\/span><img data-src=\"https:\/\/bobvarela.com\/wp-content\/flagallery\/escorpion-en-el-080-barcelona-fashion-primaveraverano-2017\/webview\/escorpion_055.jpg\" alt=\"080 Barcelona Spring-Summer 2017\" class=\"noLazy flagpm_the_photo swiper-lazy\"><div class=\"swiper-lazy-preloader swiper-lazy-preloader-black\"><\/div><\/div><div class=\"swiper-slide\" data-hash=\"flagallery25658\" data-photo-id=\"25658\"><span class=\"flagpm_va\"><\/span><img data-src=\"https:\/\/bobvarela.com\/wp-content\/flagallery\/escorpion-en-el-080-barcelona-fashion-primaveraverano-2017\/webview\/escorpion_056.jpg\" alt=\"080 Barcelona Spring-Summer 2017\" class=\"noLazy flagpm_the_photo swiper-lazy\"><div class=\"swiper-lazy-preloader swiper-lazy-preloader-black\"><\/div><\/div><div class=\"swiper-slide\" data-hash=\"flagallery25659\" data-photo-id=\"25659\"><span class=\"flagpm_va\"><\/span><img data-src=\"https:\/\/bobvarela.com\/wp-content\/flagallery\/escorpion-en-el-080-barcelona-fashion-primaveraverano-2017\/webview\/escorpion_057.jpg\" alt=\"080 Barcelona Spring-Summer 2017\" class=\"noLazy flagpm_the_photo swiper-lazy\"><div class=\"swiper-lazy-preloader swiper-lazy-preloader-black\"><\/div><\/div><div class=\"swiper-slide\" data-hash=\"flagallery25660\" data-photo-id=\"25660\"><span class=\"flagpm_va\"><\/span><img data-src=\"https:\/\/bobvarela.com\/wp-content\/flagallery\/escorpion-en-el-080-barcelona-fashion-primaveraverano-2017\/webview\/escorpion_058.jpg\" alt=\"080 Barcelona Spring-Summer 2017\" class=\"noLazy flagpm_the_photo swiper-lazy\"><div class=\"swiper-lazy-preloader swiper-lazy-preloader-black\"><\/div><\/div><div class=\"swiper-slide\" data-hash=\"flagallery25661\" data-photo-id=\"25661\"><span class=\"flagpm_va\"><\/span><img data-src=\"https:\/\/bobvarela.com\/wp-content\/flagallery\/escorpion-en-el-080-barcelona-fashion-primaveraverano-2017\/webview\/escorpion_059.jpg\" alt=\"080 Barcelona Spring-Summer 2017\" class=\"noLazy flagpm_the_photo swiper-lazy\"><div class=\"swiper-lazy-preloader swiper-lazy-preloader-black\"><\/div><\/div><div class=\"swiper-slide\" data-hash=\"flagallery25662\" data-photo-id=\"25662\"><span class=\"flagpm_va\"><\/span><img data-src=\"https:\/\/bobvarela.com\/wp-content\/flagallery\/escorpion-en-el-080-barcelona-fashion-primaveraverano-2017\/webview\/escorpion_060.jpg\" alt=\"080 Barcelona Spring-Summer 2017\" class=\"noLazy flagpm_the_photo swiper-lazy\"><div class=\"swiper-lazy-preloader swiper-lazy-preloader-black\"><\/div><\/div> <\/div> <\/div> <\/div> <div class=\"flagpm_photo_header\"> <div class=\"flagpm_wrapper flagpm_clearfix\"> <div class=\"flagpm_focus_actions\"> <ul class=\"flagpm_focus_share\"> <li style=\"list-style:none;\" class=\"flagpm_share_wrapper\"> <a class=\"flagpm_button flagpm_share\">Share<\/a> <ul class=\"flagpm_sharelizers flagpm_clearfix\"> <li style=\"list-style:none;\"><a class=\"flagpm_button flagpm_facebook flagpm_sharelizer\">Facebook<\/a><\/li> <li style=\"list-style:none;\"><a class=\"flagpm_button flagpm_twitter flagpm_sharelizer\">Twitter<\/a><\/li> <li style=\"list-style:none;\"><a class=\"flagpm_button flagpm_pinterest flagpm_sharelizer\">Pinterest<\/a><\/li> <li style=\"list-style:none;\"><a class=\"flagpm_button flagpm_stumbleupon flagpm_sharelizer\">StumbleUpon<\/a><\/li> <\/ul> <\/li> <\/ul> <ul class=\"flagpm_focus_like_fave flagpm_clearfix\"> <li style=\"list-style:none;\"><a class=\"flagpm_button flagpm_like\">Like<\/a><\/li> <\/ul> <ul class=\"flagpm_focus_arrows flagpm_clearfix\"> <li style=\"list-style:none;\"><a class=\"flagpm_button flagpm_photo_arrow_previous flagpm_prev\">Previous<\/a><\/li> <li style=\"list-style:none;\"><a class=\"flagpm_button flagpm_photo_arrow_next flagpm_next\">Next<\/a><\/li> <\/ul> <\/div> <div class=\"flagpm_name_wrap flagpm_clearfix flagpm_no_avatar\"> <div class=\"flagpm_title_author\"> <div class=\"flagpm_title\">080 Barcelona Spring-Summer 2017<\/div> <\/div> <\/div> <div class=\"flagpm_actions flagpm_clearfix\"> <div class=\"flagpm_carousel flagpm_has_previous flagpm_has_next\"> <div class=\"flagpm_previous_button\"><\/div> <div class=\"flagpm_photo_carousel\"> <div class=\"swiper-container swiper-small-images\"> <div class=\"swiper-wrapper\"><div class=\"swiper-slide flagpm_photo\" data-photo-id=\"25603\"><img decoding=\"async\" src=\"https:\/\/bobvarela.com\/wp-content\/flagallery\/escorpion-en-el-080-barcelona-fashion-primaveraverano-2017\/thumbs\/thumbs_escorpion_001.jpg\" data-src=\"https:\/\/bobvarela.com\/wp-content\/flagallery\/escorpion-en-el-080-barcelona-fashion-primaveraverano-2017\/thumbs\/thumbs_escorpion_001.jpg\" alt=\"080 Barcelona Spring-Summer 2017\" class=\"noLazy flagpm_photo swiper-lazy flagpm_photo_portrait\"><span class=\"swiper-lazy-preloader swiper-lazy-preloader-black\"><\/span><\/div><div class=\"swiper-slide flagpm_photo\" data-photo-id=\"25604\"><img data-src=\"https:\/\/bobvarela.com\/wp-content\/flagallery\/escorpion-en-el-080-barcelona-fashion-primaveraverano-2017\/thumbs\/thumbs_escorpion_002.jpg\" alt=\"080 Barcelona Spring-Summer 2017\" class=\"noLazy flagpm_photo swiper-lazy flagpm_photo_portrait\"><span class=\"swiper-lazy-preloader swiper-lazy-preloader-black\"><\/span><\/div><div class=\"swiper-slide flagpm_photo\" data-photo-id=\"25605\"><img data-src=\"https:\/\/bobvarela.com\/wp-content\/flagallery\/escorpion-en-el-080-barcelona-fashion-primaveraverano-2017\/thumbs\/thumbs_escorpion_003.jpg\" alt=\"080 Barcelona Spring-Summer 2017\" class=\"noLazy flagpm_photo swiper-lazy flagpm_photo_portrait\"><span class=\"swiper-lazy-preloader swiper-lazy-preloader-black\"><\/span><\/div><div class=\"swiper-slide flagpm_photo\" data-photo-id=\"25606\"><img data-src=\"https:\/\/bobvarela.com\/wp-content\/flagallery\/escorpion-en-el-080-barcelona-fashion-primaveraverano-2017\/thumbs\/thumbs_escorpion_004.jpg\" alt=\"080 Barcelona Spring-Summer 2017\" class=\"noLazy flagpm_photo swiper-lazy flagpm_photo_portrait\"><span class=\"swiper-lazy-preloader swiper-lazy-preloader-black\"><\/span><\/div><div class=\"swiper-slide flagpm_photo\" data-photo-id=\"25607\"><img data-src=\"https:\/\/bobvarela.com\/wp-content\/flagallery\/escorpion-en-el-080-barcelona-fashion-primaveraverano-2017\/thumbs\/thumbs_escorpion_005.jpg\" alt=\"080 Barcelona Spring-Summer 2017\" class=\"noLazy flagpm_photo swiper-lazy flagpm_photo_portrait\"><span class=\"swiper-lazy-preloader swiper-lazy-preloader-black\"><\/span><\/div><div class=\"swiper-slide flagpm_photo\" data-photo-id=\"25608\"><img data-src=\"https:\/\/bobvarela.com\/wp-content\/flagallery\/escorpion-en-el-080-barcelona-fashion-primaveraverano-2017\/thumbs\/thumbs_escorpion_006.jpg\" alt=\"080 Barcelona Spring-Summer 2017\" class=\"noLazy flagpm_photo swiper-lazy flagpm_photo_portrait\"><span class=\"swiper-lazy-preloader swiper-lazy-preloader-black\"><\/span><\/div><div class=\"swiper-slide flagpm_photo\" data-photo-id=\"25609\"><img data-src=\"https:\/\/bobvarela.com\/wp-content\/flagallery\/escorpion-en-el-080-barcelona-fashion-primaveraverano-2017\/thumbs\/thumbs_escorpion_007.jpg\" alt=\"080 Barcelona Spring-Summer 2017\" class=\"noLazy flagpm_photo swiper-lazy flagpm_photo_portrait\"><span class=\"swiper-lazy-preloader swiper-lazy-preloader-black\"><\/span><\/div><div class=\"swiper-slide flagpm_photo\" data-photo-id=\"25610\"><img data-src=\"https:\/\/bobvarela.com\/wp-content\/flagallery\/escorpion-en-el-080-barcelona-fashion-primaveraverano-2017\/thumbs\/thumbs_escorpion_008.jpg\" alt=\"080 Barcelona Spring-Summer 2017\" class=\"noLazy flagpm_photo swiper-lazy flagpm_photo_portrait\"><span class=\"swiper-lazy-preloader swiper-lazy-preloader-black\"><\/span><\/div><div class=\"swiper-slide flagpm_photo\" data-photo-id=\"25611\"><img data-src=\"https:\/\/bobvarela.com\/wp-content\/flagallery\/escorpion-en-el-080-barcelona-fashion-primaveraverano-2017\/thumbs\/thumbs_escorpion_009.jpg\" alt=\"080 Barcelona Spring-Summer 2017\" class=\"noLazy flagpm_photo swiper-lazy flagpm_photo_portrait\"><span class=\"swiper-lazy-preloader swiper-lazy-preloader-black\"><\/span><\/div><div class=\"swiper-slide flagpm_photo\" data-photo-id=\"25612\"><img data-src=\"https:\/\/bobvarela.com\/wp-content\/flagallery\/escorpion-en-el-080-barcelona-fashion-primaveraverano-2017\/thumbs\/thumbs_escorpion_010.jpg\" alt=\"080 Barcelona Spring-Summer 2017\" class=\"noLazy flagpm_photo swiper-lazy flagpm_photo_portrait\"><span class=\"swiper-lazy-preloader swiper-lazy-preloader-black\"><\/span><\/div><div class=\"swiper-slide flagpm_photo\" data-photo-id=\"25613\"><img data-src=\"https:\/\/bobvarela.com\/wp-content\/flagallery\/escorpion-en-el-080-barcelona-fashion-primaveraverano-2017\/thumbs\/thumbs_escorpion_011.jpg\" alt=\"080 Barcelona Spring-Summer 2017\" class=\"noLazy flagpm_photo swiper-lazy flagpm_photo_portrait\"><span class=\"swiper-lazy-preloader swiper-lazy-preloader-black\"><\/span><\/div><div class=\"swiper-slide flagpm_photo\" data-photo-id=\"25614\"><img data-src=\"https:\/\/bobvarela.com\/wp-content\/flagallery\/escorpion-en-el-080-barcelona-fashion-primaveraverano-2017\/thumbs\/thumbs_escorpion_012.jpg\" alt=\"080 Barcelona Spring-Summer 2017\" class=\"noLazy flagpm_photo swiper-lazy flagpm_photo_portrait\"><span class=\"swiper-lazy-preloader swiper-lazy-preloader-black\"><\/span><\/div><div class=\"swiper-slide flagpm_photo\" data-photo-id=\"25615\"><img data-src=\"https:\/\/bobvarela.com\/wp-content\/flagallery\/escorpion-en-el-080-barcelona-fashion-primaveraverano-2017\/thumbs\/thumbs_escorpion_013.jpg\" alt=\"080 Barcelona Spring-Summer 2017\" class=\"noLazy flagpm_photo swiper-lazy flagpm_photo_portrait\"><span class=\"swiper-lazy-preloader swiper-lazy-preloader-black\"><\/span><\/div><div class=\"swiper-slide flagpm_photo\" data-photo-id=\"25616\"><img data-src=\"https:\/\/bobvarela.com\/wp-content\/flagallery\/escorpion-en-el-080-barcelona-fashion-primaveraverano-2017\/thumbs\/thumbs_escorpion_014.jpg\" alt=\"080 Barcelona Spring-Summer 2017\" class=\"noLazy flagpm_photo swiper-lazy flagpm_photo_portrait\"><span class=\"swiper-lazy-preloader swiper-lazy-preloader-black\"><\/span><\/div><div class=\"swiper-slide flagpm_photo\" data-photo-id=\"25617\"><img data-src=\"https:\/\/bobvarela.com\/wp-content\/flagallery\/escorpion-en-el-080-barcelona-fashion-primaveraverano-2017\/thumbs\/thumbs_escorpion_015.jpg\" alt=\"080 Barcelona Spring-Summer 2017\" class=\"noLazy flagpm_photo swiper-lazy flagpm_photo_portrait\"><span class=\"swiper-lazy-preloader swiper-lazy-preloader-black\"><\/span><\/div><div class=\"swiper-slide flagpm_photo\" data-photo-id=\"25618\"><img data-src=\"https:\/\/bobvarela.com\/wp-content\/flagallery\/escorpion-en-el-080-barcelona-fashion-primaveraverano-2017\/thumbs\/thumbs_escorpion_016.jpg\" alt=\"080 Barcelona Spring-Summer 2017\" class=\"noLazy flagpm_photo swiper-lazy flagpm_photo_portrait\"><span class=\"swiper-lazy-preloader swiper-lazy-preloader-black\"><\/span><\/div><div class=\"swiper-slide flagpm_photo\" data-photo-id=\"25619\"><img data-src=\"https:\/\/bobvarela.com\/wp-content\/flagallery\/escorpion-en-el-080-barcelona-fashion-primaveraverano-2017\/thumbs\/thumbs_escorpion_017.jpg\" alt=\"080 Barcelona Spring-Summer 2017\" class=\"noLazy flagpm_photo swiper-lazy flagpm_photo_portrait\"><span class=\"swiper-lazy-preloader swiper-lazy-preloader-black\"><\/span><\/div><div class=\"swiper-slide flagpm_photo\" data-photo-id=\"25620\"><img data-src=\"https:\/\/bobvarela.com\/wp-content\/flagallery\/escorpion-en-el-080-barcelona-fashion-primaveraverano-2017\/thumbs\/thumbs_escorpion_018.jpg\" alt=\"080 Barcelona Spring-Summer 2017\" class=\"noLazy flagpm_photo swiper-lazy flagpm_photo_portrait\"><span class=\"swiper-lazy-preloader swiper-lazy-preloader-black\"><\/span><\/div><div class=\"swiper-slide flagpm_photo\" data-photo-id=\"25621\"><img data-src=\"https:\/\/bobvarela.com\/wp-content\/flagallery\/escorpion-en-el-080-barcelona-fashion-primaveraverano-2017\/thumbs\/thumbs_escorpion_019.jpg\" alt=\"080 Barcelona Spring-Summer 2017\" class=\"noLazy flagpm_photo swiper-lazy flagpm_photo_portrait\"><span class=\"swiper-lazy-preloader swiper-lazy-preloader-black\"><\/span><\/div><div class=\"swiper-slide flagpm_photo\" data-photo-id=\"25622\"><img data-src=\"https:\/\/bobvarela.com\/wp-content\/flagallery\/escorpion-en-el-080-barcelona-fashion-primaveraverano-2017\/thumbs\/thumbs_escorpion_020.jpg\" alt=\"080 Barcelona Spring-Summer 2017\" class=\"noLazy flagpm_photo swiper-lazy flagpm_photo_portrait\"><span class=\"swiper-lazy-preloader swiper-lazy-preloader-black\"><\/span><\/div><div class=\"swiper-slide flagpm_photo\" data-photo-id=\"25623\"><img data-src=\"https:\/\/bobvarela.com\/wp-content\/flagallery\/escorpion-en-el-080-barcelona-fashion-primaveraverano-2017\/thumbs\/thumbs_escorpion_021.jpg\" alt=\"080 Barcelona Spring-Summer 2017\" class=\"noLazy flagpm_photo swiper-lazy flagpm_photo_portrait\"><span class=\"swiper-lazy-preloader swiper-lazy-preloader-black\"><\/span><\/div><div class=\"swiper-slide flagpm_photo\" data-photo-id=\"25624\"><img data-src=\"https:\/\/bobvarela.com\/wp-content\/flagallery\/escorpion-en-el-080-barcelona-fashion-primaveraverano-2017\/thumbs\/thumbs_escorpion_022.jpg\" alt=\"080 Barcelona Spring-Summer 2017\" class=\"noLazy flagpm_photo swiper-lazy flagpm_photo_portrait\"><span class=\"swiper-lazy-preloader swiper-lazy-preloader-black\"><\/span><\/div><div class=\"swiper-slide flagpm_photo\" data-photo-id=\"25625\"><img data-src=\"https:\/\/bobvarela.com\/wp-content\/flagallery\/escorpion-en-el-080-barcelona-fashion-primaveraverano-2017\/thumbs\/thumbs_escorpion_023.jpg\" alt=\"080 Barcelona Spring-Summer 2017\" class=\"noLazy flagpm_photo swiper-lazy flagpm_photo_portrait\"><span class=\"swiper-lazy-preloader swiper-lazy-preloader-black\"><\/span><\/div><div class=\"swiper-slide flagpm_photo\" data-photo-id=\"25626\"><img data-src=\"https:\/\/bobvarela.com\/wp-content\/flagallery\/escorpion-en-el-080-barcelona-fashion-primaveraverano-2017\/thumbs\/thumbs_escorpion_024.jpg\" alt=\"080 Barcelona Spring-Summer 2017\" class=\"noLazy flagpm_photo swiper-lazy flagpm_photo_portrait\"><span class=\"swiper-lazy-preloader swiper-lazy-preloader-black\"><\/span><\/div><div class=\"swiper-slide flagpm_photo\" data-photo-id=\"25627\"><img data-src=\"https:\/\/bobvarela.com\/wp-content\/flagallery\/escorpion-en-el-080-barcelona-fashion-primaveraverano-2017\/thumbs\/thumbs_escorpion_025.jpg\" alt=\"080 Barcelona Spring-Summer 2017\" class=\"noLazy flagpm_photo swiper-lazy flagpm_photo_portrait\"><span class=\"swiper-lazy-preloader swiper-lazy-preloader-black\"><\/span><\/div><div class=\"swiper-slide flagpm_photo\" data-photo-id=\"25628\"><img data-src=\"https:\/\/bobvarela.com\/wp-content\/flagallery\/escorpion-en-el-080-barcelona-fashion-primaveraverano-2017\/thumbs\/thumbs_escorpion_026.jpg\" alt=\"080 Barcelona Spring-Summer 2017\" class=\"noLazy flagpm_photo swiper-lazy flagpm_photo_portrait\"><span class=\"swiper-lazy-preloader swiper-lazy-preloader-black\"><\/span><\/div><div class=\"swiper-slide flagpm_photo\" data-photo-id=\"25629\"><img data-src=\"https:\/\/bobvarela.com\/wp-content\/flagallery\/escorpion-en-el-080-barcelona-fashion-primaveraverano-2017\/thumbs\/thumbs_escorpion_027.jpg\" alt=\"080 Barcelona Spring-Summer 2017\" class=\"noLazy flagpm_photo swiper-lazy flagpm_photo_portrait\"><span class=\"swiper-lazy-preloader swiper-lazy-preloader-black\"><\/span><\/div><div class=\"swiper-slide flagpm_photo\" data-photo-id=\"25630\"><img data-src=\"https:\/\/bobvarela.com\/wp-content\/flagallery\/escorpion-en-el-080-barcelona-fashion-primaveraverano-2017\/thumbs\/thumbs_escorpion_028.jpg\" alt=\"080 Barcelona Spring-Summer 2017\" class=\"noLazy flagpm_photo swiper-lazy flagpm_photo_portrait\"><span class=\"swiper-lazy-preloader swiper-lazy-preloader-black\"><\/span><\/div><div class=\"swiper-slide flagpm_photo\" data-photo-id=\"25631\"><img data-src=\"https:\/\/bobvarela.com\/wp-content\/flagallery\/escorpion-en-el-080-barcelona-fashion-primaveraverano-2017\/thumbs\/thumbs_escorpion_029.jpg\" alt=\"080 Barcelona Spring-Summer 2017\" class=\"noLazy flagpm_photo swiper-lazy flagpm_photo_portrait\"><span class=\"swiper-lazy-preloader swiper-lazy-preloader-black\"><\/span><\/div><div class=\"swiper-slide flagpm_photo\" data-photo-id=\"25632\"><img data-src=\"https:\/\/bobvarela.com\/wp-content\/flagallery\/escorpion-en-el-080-barcelona-fashion-primaveraverano-2017\/thumbs\/thumbs_escorpion_030.jpg\" alt=\"080 Barcelona Spring-Summer 2017\" class=\"noLazy flagpm_photo swiper-lazy flagpm_photo_portrait\"><span class=\"swiper-lazy-preloader swiper-lazy-preloader-black\"><\/span><\/div><div class=\"swiper-slide flagpm_photo\" data-photo-id=\"25633\"><img data-src=\"https:\/\/bobvarela.com\/wp-content\/flagallery\/escorpion-en-el-080-barcelona-fashion-primaveraverano-2017\/thumbs\/thumbs_escorpion_031.jpg\" alt=\"080 Barcelona Spring-Summer 2017\" class=\"noLazy flagpm_photo swiper-lazy flagpm_photo_portrait\"><span class=\"swiper-lazy-preloader swiper-lazy-preloader-black\"><\/span><\/div><div class=\"swiper-slide flagpm_photo\" data-photo-id=\"25634\"><img data-src=\"https:\/\/bobvarela.com\/wp-content\/flagallery\/escorpion-en-el-080-barcelona-fashion-primaveraverano-2017\/thumbs\/thumbs_escorpion_032.jpg\" alt=\"080 Barcelona Spring-Summer 2017\" class=\"noLazy flagpm_photo swiper-lazy flagpm_photo_portrait\"><span class=\"swiper-lazy-preloader swiper-lazy-preloader-black\"><\/span><\/div><div class=\"swiper-slide flagpm_photo\" data-photo-id=\"25635\"><img data-src=\"https:\/\/bobvarela.com\/wp-content\/flagallery\/escorpion-en-el-080-barcelona-fashion-primaveraverano-2017\/thumbs\/thumbs_escorpion_033.jpg\" alt=\"080 Barcelona Spring-Summer 2017\" class=\"noLazy flagpm_photo swiper-lazy flagpm_photo_portrait\"><span class=\"swiper-lazy-preloader swiper-lazy-preloader-black\"><\/span><\/div><div class=\"swiper-slide flagpm_photo\" data-photo-id=\"25636\"><img data-src=\"https:\/\/bobvarela.com\/wp-content\/flagallery\/escorpion-en-el-080-barcelona-fashion-primaveraverano-2017\/thumbs\/thumbs_escorpion_034.jpg\" alt=\"080 Barcelona Spring-Summer 2017\" class=\"noLazy flagpm_photo swiper-lazy flagpm_photo_portrait\"><span class=\"swiper-lazy-preloader swiper-lazy-preloader-black\"><\/span><\/div><div class=\"swiper-slide flagpm_photo\" data-photo-id=\"25637\"><img data-src=\"https:\/\/bobvarela.com\/wp-content\/flagallery\/escorpion-en-el-080-barcelona-fashion-primaveraverano-2017\/thumbs\/thumbs_escorpion_035.jpg\" alt=\"080 Barcelona Spring-Summer 2017\" class=\"noLazy flagpm_photo swiper-lazy flagpm_photo_portrait\"><span class=\"swiper-lazy-preloader swiper-lazy-preloader-black\"><\/span><\/div><div class=\"swiper-slide flagpm_photo\" data-photo-id=\"25638\"><img data-src=\"https:\/\/bobvarela.com\/wp-content\/flagallery\/escorpion-en-el-080-barcelona-fashion-primaveraverano-2017\/thumbs\/thumbs_escorpion_036.jpg\" alt=\"080 Barcelona Spring-Summer 2017\" class=\"noLazy flagpm_photo swiper-lazy flagpm_photo_portrait\"><span class=\"swiper-lazy-preloader swiper-lazy-preloader-black\"><\/span><\/div><div class=\"swiper-slide flagpm_photo\" data-photo-id=\"25639\"><img data-src=\"https:\/\/bobvarela.com\/wp-content\/flagallery\/escorpion-en-el-080-barcelona-fashion-primaveraverano-2017\/thumbs\/thumbs_escorpion_037.jpg\" alt=\"080 Barcelona Spring-Summer 2017\" class=\"noLazy flagpm_photo swiper-lazy flagpm_photo_landscape\"><span class=\"swiper-lazy-preloader swiper-lazy-preloader-black\"><\/span><\/div><div class=\"swiper-slide flagpm_photo\" data-photo-id=\"25640\"><img data-src=\"https:\/\/bobvarela.com\/wp-content\/flagallery\/escorpion-en-el-080-barcelona-fashion-primaveraverano-2017\/thumbs\/thumbs_escorpion_038.jpg\" alt=\"080 Barcelona Spring-Summer 2017\" class=\"noLazy flagpm_photo swiper-lazy flagpm_photo_portrait\"><span class=\"swiper-lazy-preloader swiper-lazy-preloader-black\"><\/span><\/div><div class=\"swiper-slide flagpm_photo\" data-photo-id=\"25641\"><img data-src=\"https:\/\/bobvarela.com\/wp-content\/flagallery\/escorpion-en-el-080-barcelona-fashion-primaveraverano-2017\/thumbs\/thumbs_escorpion_039.jpg\" alt=\"080 Barcelona Spring-Summer 2017\" class=\"noLazy flagpm_photo swiper-lazy flagpm_photo_portrait\"><span class=\"swiper-lazy-preloader swiper-lazy-preloader-black\"><\/span><\/div><div class=\"swiper-slide flagpm_photo\" data-photo-id=\"25642\"><img data-src=\"https:\/\/bobvarela.com\/wp-content\/flagallery\/escorpion-en-el-080-barcelona-fashion-primaveraverano-2017\/thumbs\/thumbs_escorpion_040.jpg\" alt=\"080 Barcelona Spring-Summer 2017\" class=\"noLazy flagpm_photo swiper-lazy flagpm_photo_portrait\"><span class=\"swiper-lazy-preloader swiper-lazy-preloader-black\"><\/span><\/div><div class=\"swiper-slide flagpm_photo\" data-photo-id=\"25643\"><img data-src=\"https:\/\/bobvarela.com\/wp-content\/flagallery\/escorpion-en-el-080-barcelona-fashion-primaveraverano-2017\/thumbs\/thumbs_escorpion_041.jpg\" alt=\"080 Barcelona Spring-Summer 2017\" class=\"noLazy flagpm_photo swiper-lazy flagpm_photo_portrait\"><span class=\"swiper-lazy-preloader swiper-lazy-preloader-black\"><\/span><\/div><div class=\"swiper-slide flagpm_photo\" data-photo-id=\"25644\"><img data-src=\"https:\/\/bobvarela.com\/wp-content\/flagallery\/escorpion-en-el-080-barcelona-fashion-primaveraverano-2017\/thumbs\/thumbs_escorpion_042.jpg\" alt=\"080 Barcelona Spring-Summer 2017\" class=\"noLazy flagpm_photo swiper-lazy flagpm_photo_portrait\"><span class=\"swiper-lazy-preloader swiper-lazy-preloader-black\"><\/span><\/div><div class=\"swiper-slide flagpm_photo\" data-photo-id=\"25645\"><img data-src=\"https:\/\/bobvarela.com\/wp-content\/flagallery\/escorpion-en-el-080-barcelona-fashion-primaveraverano-2017\/thumbs\/thumbs_escorpion_043.jpg\" alt=\"080 Barcelona Spring-Summer 2017\" class=\"noLazy flagpm_photo swiper-lazy flagpm_photo_portrait\"><span class=\"swiper-lazy-preloader swiper-lazy-preloader-black\"><\/span><\/div><div class=\"swiper-slide flagpm_photo\" data-photo-id=\"25646\"><img data-src=\"https:\/\/bobvarela.com\/wp-content\/flagallery\/escorpion-en-el-080-barcelona-fashion-primaveraverano-2017\/thumbs\/thumbs_escorpion_044.jpg\" alt=\"080 Barcelona Spring-Summer 2017\" class=\"noLazy flagpm_photo swiper-lazy flagpm_photo_portrait\"><span class=\"swiper-lazy-preloader swiper-lazy-preloader-black\"><\/span><\/div><div class=\"swiper-slide flagpm_photo\" data-photo-id=\"25647\"><img data-src=\"https:\/\/bobvarela.com\/wp-content\/flagallery\/escorpion-en-el-080-barcelona-fashion-primaveraverano-2017\/thumbs\/thumbs_escorpion_045.jpg\" alt=\"080 Barcelona Spring-Summer 2017\" class=\"noLazy flagpm_photo swiper-lazy flagpm_photo_portrait\"><span class=\"swiper-lazy-preloader swiper-lazy-preloader-black\"><\/span><\/div><div class=\"swiper-slide flagpm_photo\" data-photo-id=\"25648\"><img data-src=\"https:\/\/bobvarela.com\/wp-content\/flagallery\/escorpion-en-el-080-barcelona-fashion-primaveraverano-2017\/thumbs\/thumbs_escorpion_046.jpg\" alt=\"080 Barcelona Spring-Summer 2017\" class=\"noLazy flagpm_photo swiper-lazy flagpm_photo_portrait\"><span class=\"swiper-lazy-preloader swiper-lazy-preloader-black\"><\/span><\/div><div class=\"swiper-slide flagpm_photo\" data-photo-id=\"25649\"><img data-src=\"https:\/\/bobvarela.com\/wp-content\/flagallery\/escorpion-en-el-080-barcelona-fashion-primaveraverano-2017\/thumbs\/thumbs_escorpion_047.jpg\" alt=\"080 Barcelona Spring-Summer 2017\" class=\"noLazy flagpm_photo swiper-lazy flagpm_photo_portrait\"><span class=\"swiper-lazy-preloader swiper-lazy-preloader-black\"><\/span><\/div><div class=\"swiper-slide flagpm_photo\" data-photo-id=\"25650\"><img data-src=\"https:\/\/bobvarela.com\/wp-content\/flagallery\/escorpion-en-el-080-barcelona-fashion-primaveraverano-2017\/thumbs\/thumbs_escorpion_048.jpg\" alt=\"080 Barcelona Spring-Summer 2017\" class=\"noLazy flagpm_photo swiper-lazy flagpm_photo_portrait\"><span class=\"swiper-lazy-preloader swiper-lazy-preloader-black\"><\/span><\/div><div class=\"swiper-slide flagpm_photo\" data-photo-id=\"25651\"><img data-src=\"https:\/\/bobvarela.com\/wp-content\/flagallery\/escorpion-en-el-080-barcelona-fashion-primaveraverano-2017\/thumbs\/thumbs_escorpion_049.jpg\" alt=\"080 Barcelona Spring-Summer 2017\" class=\"noLazy flagpm_photo swiper-lazy flagpm_photo_landscape\"><span class=\"swiper-lazy-preloader swiper-lazy-preloader-black\"><\/span><\/div><div class=\"swiper-slide flagpm_photo\" data-photo-id=\"25652\"><img data-src=\"https:\/\/bobvarela.com\/wp-content\/flagallery\/escorpion-en-el-080-barcelona-fashion-primaveraverano-2017\/thumbs\/thumbs_escorpion_050.jpg\" alt=\"080 Barcelona Spring-Summer 2017\" class=\"noLazy flagpm_photo swiper-lazy flagpm_photo_portrait\"><span class=\"swiper-lazy-preloader swiper-lazy-preloader-black\"><\/span><\/div><div class=\"swiper-slide flagpm_photo\" data-photo-id=\"25653\"><img data-src=\"https:\/\/bobvarela.com\/wp-content\/flagallery\/escorpion-en-el-080-barcelona-fashion-primaveraverano-2017\/thumbs\/thumbs_escorpion_051.jpg\" alt=\"080 Barcelona Spring-Summer 2017\" class=\"noLazy flagpm_photo swiper-lazy flagpm_photo_portrait\"><span class=\"swiper-lazy-preloader swiper-lazy-preloader-black\"><\/span><\/div><div class=\"swiper-slide flagpm_photo\" data-photo-id=\"25654\"><img data-src=\"https:\/\/bobvarela.com\/wp-content\/flagallery\/escorpion-en-el-080-barcelona-fashion-primaveraverano-2017\/thumbs\/thumbs_escorpion_052.jpg\" alt=\"080 Barcelona Spring-Summer 2017\" class=\"noLazy flagpm_photo swiper-lazy flagpm_photo_portrait\"><span class=\"swiper-lazy-preloader swiper-lazy-preloader-black\"><\/span><\/div><div class=\"swiper-slide flagpm_photo\" data-photo-id=\"25655\"><img data-src=\"https:\/\/bobvarela.com\/wp-content\/flagallery\/escorpion-en-el-080-barcelona-fashion-primaveraverano-2017\/thumbs\/thumbs_escorpion_053.jpg\" alt=\"080 Barcelona Spring-Summer 2017\" class=\"noLazy flagpm_photo swiper-lazy flagpm_photo_portrait\"><span class=\"swiper-lazy-preloader swiper-lazy-preloader-black\"><\/span><\/div><div class=\"swiper-slide flagpm_photo\" data-photo-id=\"25656\"><img data-src=\"https:\/\/bobvarela.com\/wp-content\/flagallery\/escorpion-en-el-080-barcelona-fashion-primaveraverano-2017\/thumbs\/thumbs_escorpion_054.jpg\" alt=\"080 Barcelona Spring-Summer 2017\" class=\"noLazy flagpm_photo swiper-lazy flagpm_photo_portrait\"><span class=\"swiper-lazy-preloader swiper-lazy-preloader-black\"><\/span><\/div><div class=\"swiper-slide flagpm_photo\" data-photo-id=\"25657\"><img data-src=\"https:\/\/bobvarela.com\/wp-content\/flagallery\/escorpion-en-el-080-barcelona-fashion-primaveraverano-2017\/thumbs\/thumbs_escorpion_055.jpg\" alt=\"080 Barcelona Spring-Summer 2017\" class=\"noLazy flagpm_photo swiper-lazy flagpm_photo_portrait\"><span class=\"swiper-lazy-preloader swiper-lazy-preloader-black\"><\/span><\/div><div class=\"swiper-slide flagpm_photo\" data-photo-id=\"25658\"><img data-src=\"https:\/\/bobvarela.com\/wp-content\/flagallery\/escorpion-en-el-080-barcelona-fashion-primaveraverano-2017\/thumbs\/thumbs_escorpion_056.jpg\" alt=\"080 Barcelona Spring-Summer 2017\" class=\"noLazy flagpm_photo swiper-lazy flagpm_photo_portrait\"><span class=\"swiper-lazy-preloader swiper-lazy-preloader-black\"><\/span><\/div><div class=\"swiper-slide flagpm_photo\" data-photo-id=\"25659\"><img data-src=\"https:\/\/bobvarela.com\/wp-content\/flagallery\/escorpion-en-el-080-barcelona-fashion-primaveraverano-2017\/thumbs\/thumbs_escorpion_057.jpg\" alt=\"080 Barcelona Spring-Summer 2017\" class=\"noLazy flagpm_photo swiper-lazy flagpm_photo_portrait\"><span class=\"swiper-lazy-preloader swiper-lazy-preloader-black\"><\/span><\/div><div class=\"swiper-slide flagpm_photo\" data-photo-id=\"25660\"><img data-src=\"https:\/\/bobvarela.com\/wp-content\/flagallery\/escorpion-en-el-080-barcelona-fashion-primaveraverano-2017\/thumbs\/thumbs_escorpion_058.jpg\" alt=\"080 Barcelona Spring-Summer 2017\" class=\"noLazy flagpm_photo swiper-lazy flagpm_photo_portrait\"><span class=\"swiper-lazy-preloader swiper-lazy-preloader-black\"><\/span><\/div><div class=\"swiper-slide flagpm_photo\" data-photo-id=\"25661\"><img data-src=\"https:\/\/bobvarela.com\/wp-content\/flagallery\/escorpion-en-el-080-barcelona-fashion-primaveraverano-2017\/thumbs\/thumbs_escorpion_059.jpg\" alt=\"080 Barcelona Spring-Summer 2017\" class=\"noLazy flagpm_photo swiper-lazy flagpm_photo_portrait\"><span class=\"swiper-lazy-preloader swiper-lazy-preloader-black\"><\/span><\/div><div class=\"swiper-slide flagpm_photo\" data-photo-id=\"25662\"><img data-src=\"https:\/\/bobvarela.com\/wp-content\/flagallery\/escorpion-en-el-080-barcelona-fashion-primaveraverano-2017\/thumbs\/thumbs_escorpion_060.jpg\" alt=\"080 Barcelona Spring-Summer 2017\" class=\"noLazy flagpm_photo swiper-lazy flagpm_photo_portrait\"><span class=\"swiper-lazy-preloader swiper-lazy-preloader-black\"><\/span><\/div> <\/div> <\/div> <\/div> <div class=\"flagpm_next_button\"><\/div> <\/div> <div class=\"flagpm_big_button_wrap\"> <div class=\"flagpm_share_wrapper\"> <a class=\"flagpm_button flagpm_share\">Share<\/a> <div class=\"flagpm_sharelizers_wrap\"> <ul class=\"flagpm_sharelizers\"> <li style=\"list-style:none;\"><a class=\"flagpm_button flagpm_facebook flagpm_sharelizer\">Facebook<\/a><\/li> <li style=\"list-style:none;\"><a class=\"flagpm_button flagpm_twitter flagpm_sharelizer\">Twitter<\/a><\/li> <li style=\"list-style:none;\"><a class=\"flagpm_button flagpm_pinterest flagpm_sharelizer\">Pinterest<\/a><\/li> <li style=\"list-style:none;\"><a class=\"flagpm_button flagpm_stumbleupon flagpm_sharelizer\">StumbleUpon<\/a><\/li> <\/ul> <\/div> <\/div> <a class=\"flagpm_button flagpm_like\">Like<\/a> <\/div> <div class=\"flagpm_big_button_wrap\"> <a class=\"flagpm_big_button flagpm_download_button\" href=\"https:\/\/bobvarela.com\/wp-content\/flagallery\/escorpion-en-el-080-barcelona-fashion-primaveraverano-2017\/escorpion_001.jpg\" download=\"escorpion_001.jpg\"> <span class=\"flagpm_icon\"><\/span> <span class=\"flagpm_label\">Download<\/span> <\/a> <\/div> <div class=\"flagpm_big_button_wrap\"> <a class=\"flagpm_big_button flagpm_link_button flagpm_inactive\" > <span class=\"flagpm_icon\"><\/span> <span class=\"flagpm_label\">Open Link<\/span> <\/a> <\/div> <\/div> <\/div> <\/div> <div class=\"flagpm_focus_close_full\"> <span><a class=\"flagpm_button flagpm_close\">Close<\/a><\/span> <span><a class=\"flagpm_button flagpm_full\">Full<\/a><\/span> <\/div> <div class=\"flagpm_photo_details\"> <div class=\"flagpm_description_wrap\"> <div class=\"details_title\">Description<\/div> <div class=\"flagpm_description_text_wrap\"> <div class=\"flagpm_slide_description\"><p>080 Barcelona Spring-Summer 2017<\/p><\/div> <\/div> <\/div> <\/div> <div class=\"flagpm_focus_footer\"> <div class=\"flagpm_focus_keyboard\"> <div class=\"flagpm_focus_keyboard_title\">Keyboard Shortcuts <a class=\"flagpm_focus_keyboard_dismiss\">Dismiss<\/a><\/div> <ul> <li style=\"list-style:none;\"><a data-key=\"p\" class=\"flagpm_key\">S<\/a><span class=\"flagpm_label\">Slideshow<\/span><\/li> <li style=\"list-style:none;\"><a data-key=\"m\" class=\"flagpm_key\">M<\/a><span class=\"flagpm_label\">Maximize<\/span><\/li> <li style=\"list-style:none;\"><a data-key=\"left\" class=\"flagpm_key\">&nbsp;<\/a><span class=\"flagpm_label\">Previous<\/span><\/li> <li style=\"list-style:none;\"><a data-key=\"right\" class=\"flagpm_key\">&nbsp;<\/a><span class=\"flagpm_label\">Next<\/span><\/li> <li style=\"list-style:none;\"><a data-key=\"escape\" class=\"flagpm_key flagpm_esc\">esc<\/a><span class=\"flagpm_label\">Close<\/span><\/li> <\/ul> <\/div> <\/div> <\/div> <script type=\"text\/javascript\"> jQuery(function($) { var settings = {\"base_gallery_width\":\"800\",\"base_gallery_height\":\"500\",\"gallery_min_height\":\"230\",\"scale_mode\":\"fit\",\"initial_slide\":0,\"slideshow_autoplay\":\"0\",\"slideshow_delay\":\"7000\",\"gallery_focus\":\"0\",\"gallery_maximized\":\"0\",\"gallery_focus_maximized\":\"0\",\"keyboard_help\":\"1\",\"show_download_button\":\"1\",\"show_link_button\":\"1\",\"show_description\":\"1\",\"show_share_button\":\"1\",\"show_like_button\":\"1\",\"link_color\":\"#0099e5\",\"link_color_hover\":\"#02adea\",\"download_button_text\":\"Download\",\"link_button_text\":\"Open Link\",\"description_title\":\"Description\",\"key\":\"\",\"name\":\"\",\"gallID\":\"sc1_352\"}; var content = {\"data\":[{\"id\":\"25603\",\"image\":\"https:\\\/\\\/bobvarela.com\\\/wp-content\\\/flagallery\\\/escorpion-en-el-080-barcelona-fashion-primaveraverano-2017\\\/webview\\\/escorpion_001.jpg\",\"thumb\":\"https:\\\/\\\/bobvarela.com\\\/wp-content\\\/flagallery\\\/escorpion-en-el-080-barcelona-fashion-primaveraverano-2017\\\/thumbs\\\/thumbs_escorpion_001.jpg\",\"file\":\"escorpion_001.jpg\",\"meta\":{\"aperture\":false,\"credit\":false,\"camera\":false,\"caption\":\"080 Barcelona Spring-Summer 2017\",\"created_timestamp\":\"June 29, 2016 4:40 pm\",\"copyright\":\"\\u00c2\\u00a9 2016 Estrop-Barcelona PHOTOGRAPH FOR FASHION EDITORIAL USE ONLY\",\"focal_length\":false,\"iso\":false,\"shutter_speed\":false,\"flash\":false,\"title\":\"080 Barcelona Spring-Summer 2017\",\"keywords\":\"080 Barcelona,Estrop-Barcelona,INEF,Spring-Summer 2017\",\"width\":1333,\"height\":2000,\"saved\":true,\"thumbnail\":{\"width\":220,\"height\":220,\"ewww_image_optimizer\":\"Reduced by 8.9% (2.7&nbsp;kB)\"},\"webview\":{\"0\":800,\"1\":1200,\"2\":2,\"3\":\"width=\\\"800\\\" height=\\\"1200\\\"\",\"bits\":8,\"channels\":3,\"mime\":\"image\\\/jpeg\",\"ewww_image_optimizer\":\"Reduced by 3.0% (2.8&nbsp;kB) - Previously Optimized\"},\"0\":false,\"ewww_image_optimizer\":\"Reduced by 9.8% (22.5&nbsp;kB)\",\"views\":\"95\",\"likes\":\"0\"},\"title\":\"080 Barcelona Spring-Summer 2017\",\"description\":\"<p>080 Barcelona Spring-Summer 2017<\\\/p>\",\"link\":null,\"link_target\":\"\",\"download\":\"https:\\\/\\\/bobvarela.com\\\/wp-content\\\/flagallery\\\/escorpion-en-el-080-barcelona-fashion-primaveraverano-2017\\\/escorpion_001.jpg\",\"ratio\":0.66666666666666662965923251249478198587894439697265625},{\"id\":\"25604\",\"image\":\"https:\\\/\\\/bobvarela.com\\\/wp-content\\\/flagallery\\\/escorpion-en-el-080-barcelona-fashion-primaveraverano-2017\\\/webview\\\/escorpion_002.jpg\",\"thumb\":\"https:\\\/\\\/bobvarela.com\\\/wp-content\\\/flagallery\\\/escorpion-en-el-080-barcelona-fashion-primaveraverano-2017\\\/thumbs\\\/thumbs_escorpion_002.jpg\",\"file\":\"escorpion_002.jpg\",\"meta\":{\"aperture\":false,\"credit\":false,\"camera\":false,\"caption\":\"080 Barcelona Spring-Summer 2017\",\"created_timestamp\":\"June 29, 2016 4:40 pm\",\"copyright\":\"\\u00c2\\u00a9 2016 Estrop-Barcelona PHOTOGRAPH FOR FASHION EDITORIAL USE ONLY\",\"focal_length\":false,\"iso\":false,\"shutter_speed\":false,\"flash\":false,\"title\":\"080 Barcelona Spring-Summer 2017\",\"keywords\":\"080 Barcelona,Estrop-Barcelona,INEF,Spring-Summer 2017\",\"width\":1333,\"height\":2000,\"saved\":true,\"thumbnail\":{\"width\":220,\"height\":220,\"ewww_image_optimizer\":\"Reduced by 9.2% (2.8&nbsp;kB)\"},\"webview\":{\"0\":800,\"1\":1200,\"2\":2,\"3\":\"width=\\\"800\\\" height=\\\"1200\\\"\",\"bits\":8,\"channels\":3,\"mime\":\"image\\\/jpeg\",\"ewww_image_optimizer\":\"Reduced by 3.4% (3.2&nbsp;kB) - Previously Optimized\"},\"0\":false,\"ewww_image_optimizer\":\"Reduced by 9.5% (23.3&nbsp;kB)\",\"views\":\"2\",\"likes\":\"0\"},\"title\":\"080 Barcelona Spring-Summer 2017\",\"description\":\"<p>080 Barcelona Spring-Summer 2017<\\\/p>\",\"link\":null,\"link_target\":\"\",\"download\":\"https:\\\/\\\/bobvarela.com\\\/wp-content\\\/flagallery\\\/escorpion-en-el-080-barcelona-fashion-primaveraverano-2017\\\/escorpion_002.jpg\",\"ratio\":0.66666666666666662965923251249478198587894439697265625},{\"id\":\"25605\",\"image\":\"https:\\\/\\\/bobvarela.com\\\/wp-content\\\/flagallery\\\/escorpion-en-el-080-barcelona-fashion-primaveraverano-2017\\\/webview\\\/escorpion_003.jpg\",\"thumb\":\"https:\\\/\\\/bobvarela.com\\\/wp-content\\\/flagallery\\\/escorpion-en-el-080-barcelona-fashion-primaveraverano-2017\\\/thumbs\\\/thumbs_escorpion_003.jpg\",\"file\":\"escorpion_003.jpg\",\"meta\":{\"aperture\":false,\"credit\":false,\"camera\":false,\"caption\":\"080 Barcelona Spring-Summer 2017\",\"created_timestamp\":\"June 29, 2016 4:41 pm\",\"copyright\":\"\\u00c2\\u00a9 2016 Estrop-Barcelona PHOTOGRAPH FOR FASHION EDITORIAL USE ONLY\",\"focal_length\":false,\"iso\":false,\"shutter_speed\":false,\"flash\":false,\"title\":\"080 Barcelona Spring-Summer 2017\",\"keywords\":\"080 Barcelona,Estrop-Barcelona,INEF,Spring-Summer 2017\",\"width\":1333,\"height\":2000,\"saved\":true,\"thumbnail\":{\"width\":220,\"height\":220,\"ewww_image_optimizer\":\"Reduced by 7.1% (2.0&nbsp;kB)\"},\"webview\":{\"0\":800,\"1\":1200,\"2\":2,\"3\":\"width=\\\"800\\\" height=\\\"1200\\\"\",\"bits\":8,\"channels\":3,\"mime\":\"image\\\/jpeg\",\"ewww_image_optimizer\":\"Reduced by 6.1% (7.7&nbsp;kB) - Previously Optimized\"},\"0\":false,\"ewww_image_optimizer\":\"Reduced by 7.9% (20.3&nbsp;kB)\",\"views\":\"2\",\"likes\":\"0\"},\"title\":\"080 Barcelona Spring-Summer 2017\",\"description\":\"<p>080 Barcelona Spring-Summer 2017<\\\/p>\",\"link\":null,\"link_target\":\"\",\"download\":\"https:\\\/\\\/bobvarela.com\\\/wp-content\\\/flagallery\\\/escorpion-en-el-080-barcelona-fashion-primaveraverano-2017\\\/escorpion_003.jpg\",\"ratio\":0.66666666666666662965923251249478198587894439697265625},{\"id\":\"25606\",\"image\":\"https:\\\/\\\/bobvarela.com\\\/wp-content\\\/flagallery\\\/escorpion-en-el-080-barcelona-fashion-primaveraverano-2017\\\/webview\\\/escorpion_004.jpg\",\"thumb\":\"https:\\\/\\\/bobvarela.com\\\/wp-content\\\/flagallery\\\/escorpion-en-el-080-barcelona-fashion-primaveraverano-2017\\\/thumbs\\\/thumbs_escorpion_004.jpg\",\"file\":\"escorpion_004.jpg\",\"meta\":{\"aperture\":false,\"credit\":false,\"camera\":false,\"caption\":\"080 Barcelona Spring-Summer 2017\",\"created_timestamp\":\"June 29, 2016 4:41 pm\",\"copyright\":\"\\u00c2\\u00a9 2016 Estrop-Barcelona PHOTOGRAPH FOR FASHION EDITORIAL USE ONLY\",\"focal_length\":false,\"iso\":false,\"shutter_speed\":false,\"flash\":false,\"title\":\"080 Barcelona Spring-Summer 2017\",\"keywords\":\"080 Barcelona,Estrop-Barcelona,INEF,Spring-Summer 2017\",\"width\":1333,\"height\":2000,\"saved\":true,\"thumbnail\":{\"width\":220,\"height\":220,\"ewww_image_optimizer\":\"Reduced by 12.0% (4.6&nbsp;kB)\"},\"webview\":{\"0\":800,\"1\":1200,\"2\":2,\"3\":\"width=\\\"800\\\" height=\\\"1200\\\"\",\"bits\":8,\"channels\":3,\"mime\":\"image\\\/jpeg\",\"ewww_image_optimizer\":\"Reduced by 3.4% (4.5&nbsp;kB) - Previously Optimized\"},\"0\":false,\"ewww_image_optimizer\":\"Reduced by 6.9% (18.7&nbsp;kB)\",\"views\":\"0\",\"likes\":\"0\"},\"title\":\"080 Barcelona Spring-Summer 2017\",\"description\":\"<p>080 Barcelona Spring-Summer 2017<\\\/p>\",\"link\":null,\"link_target\":\"\",\"download\":\"https:\\\/\\\/bobvarela.com\\\/wp-content\\\/flagallery\\\/escorpion-en-el-080-barcelona-fashion-primaveraverano-2017\\\/escorpion_004.jpg\",\"ratio\":0.66666666666666662965923251249478198587894439697265625},{\"id\":\"25607\",\"image\":\"https:\\\/\\\/bobvarela.com\\\/wp-content\\\/flagallery\\\/escorpion-en-el-080-barcelona-fashion-primaveraverano-2017\\\/webview\\\/escorpion_005.jpg\",\"thumb\":\"https:\\\/\\\/bobvarela.com\\\/wp-content\\\/flagallery\\\/escorpion-en-el-080-barcelona-fashion-primaveraverano-2017\\\/thumbs\\\/thumbs_escorpion_005.jpg\",\"file\":\"escorpion_005.jpg\",\"meta\":{\"aperture\":false,\"credit\":false,\"camera\":false,\"caption\":\"080 Barcelona Spring-Summer 2017\",\"created_timestamp\":\"June 29, 2016 4:41 pm\",\"copyright\":\"\\u00c2\\u00a9 2016 Estrop-Barcelona PHOTOGRAPH FOR FASHION EDITORIAL USE ONLY\",\"focal_length\":false,\"iso\":false,\"shutter_speed\":false,\"flash\":false,\"title\":\"080 Barcelona Spring-Summer 2017\",\"keywords\":\"080 Barcelona,Estrop-Barcelona,INEF,Spring-Summer 2017\",\"width\":1333,\"height\":2000,\"saved\":true,\"thumbnail\":{\"width\":220,\"height\":220,\"ewww_image_optimizer\":\"Reduced by 12.4% (5.1&nbsp;kB)\"},\"webview\":{\"0\":800,\"1\":1200,\"2\":2,\"3\":\"width=\\\"800\\\" height=\\\"1200\\\"\",\"bits\":8,\"channels\":3,\"mime\":\"image\\\/jpeg\",\"ewww_image_optimizer\":\"Reduced by 4.1% (7.2&nbsp;kB) - Previously Optimized\"},\"0\":false,\"ewww_image_optimizer\":\"Reduced by 15.4% (39.8&nbsp;kB)\",\"views\":\"2\",\"likes\":\"0\"},\"title\":\"080 Barcelona Spring-Summer 2017\",\"description\":\"<p>080 Barcelona Spring-Summer 2017<\\\/p>\",\"link\":null,\"link_target\":\"\",\"download\":\"https:\\\/\\\/bobvarela.com\\\/wp-content\\\/flagallery\\\/escorpion-en-el-080-barcelona-fashion-primaveraverano-2017\\\/escorpion_005.jpg\",\"ratio\":0.66666666666666662965923251249478198587894439697265625},{\"id\":\"25608\",\"image\":\"https:\\\/\\\/bobvarela.com\\\/wp-content\\\/flagallery\\\/escorpion-en-el-080-barcelona-fashion-primaveraverano-2017\\\/webview\\\/escorpion_006.jpg\",\"thumb\":\"https:\\\/\\\/bobvarela.com\\\/wp-content\\\/flagallery\\\/escorpion-en-el-080-barcelona-fashion-primaveraverano-2017\\\/thumbs\\\/thumbs_escorpion_006.jpg\",\"file\":\"escorpion_006.jpg\",\"meta\":{\"aperture\":false,\"credit\":false,\"camera\":false,\"caption\":\"080 Barcelona Spring-Summer 2017\",\"created_timestamp\":\"June 29, 2016 4:41 pm\",\"copyright\":\"\\u00c2\\u00a9 2016 Estrop-Barcelona PHOTOGRAPH FOR FASHION EDITORIAL USE ONLY\",\"focal_length\":false,\"iso\":false,\"shutter_speed\":false,\"flash\":false,\"title\":\"080 Barcelona Spring-Summer 2017\",\"keywords\":\"080 Barcelona,Estrop-Barcelona,INEF,Spring-Summer 2017\",\"width\":667,\"height\":1000,\"saved\":true,\"thumbnail\":{\"width\":220,\"height\":220,\"ewww_image_optimizer\":\"Reduced by 12.4% (6.2&nbsp;kB)\"},\"webview\":{\"0\":667,\"1\":1000,\"2\":2,\"3\":\"width=\\\"667\\\" height=\\\"1000\\\"\",\"bits\":8,\"channels\":3,\"mime\":\"image\\\/jpeg\",\"ewww_image_optimizer\":\"Reduced by 4.9% (11.5&nbsp;kB) - Previously Optimized\"},\"0\":false,\"ewww_image_optimizer\":\"Reduced by 6.3% (17.2&nbsp;kB)\",\"views\":\"1\",\"likes\":\"0\"},\"title\":\"080 Barcelona Spring-Summer 2017\",\"description\":\"<p>080 Barcelona Spring-Summer 2017<\\\/p>\",\"link\":null,\"link_target\":\"\",\"download\":\"https:\\\/\\\/bobvarela.com\\\/wp-content\\\/flagallery\\\/escorpion-en-el-080-barcelona-fashion-primaveraverano-2017\\\/escorpion_006.jpg\",\"ratio\":0.6670000000000000373034936274052597582340240478515625},{\"id\":\"25609\",\"image\":\"https:\\\/\\\/bobvarela.com\\\/wp-content\\\/flagallery\\\/escorpion-en-el-080-barcelona-fashion-primaveraverano-2017\\\/webview\\\/escorpion_007.jpg\",\"thumb\":\"https:\\\/\\\/bobvarela.com\\\/wp-content\\\/flagallery\\\/escorpion-en-el-080-barcelona-fashion-primaveraverano-2017\\\/thumbs\\\/thumbs_escorpion_007.jpg\",\"file\":\"escorpion_007.jpg\",\"meta\":{\"aperture\":false,\"credit\":false,\"camera\":false,\"caption\":\"080 Barcelona Spring-Summer 2017\",\"created_timestamp\":\"June 29, 2016 4:41 pm\",\"copyright\":\"\\u00c2\\u00a9 2016 Estrop-Barcelona PHOTOGRAPH FOR FASHION EDITORIAL USE ONLY\",\"focal_length\":false,\"iso\":false,\"shutter_speed\":false,\"flash\":false,\"title\":\"080 Barcelona Spring-Summer 2017\",\"keywords\":\"080 Barcelona,Estrop-Barcelona,INEF,Spring-Summer 2017\",\"width\":1333,\"height\":2000,\"saved\":true,\"thumbnail\":{\"width\":220,\"height\":220,\"ewww_image_optimizer\":\"Reduced by 9.2% (3.1&nbsp;kB)\"},\"webview\":{\"0\":800,\"1\":1200,\"2\":2,\"3\":\"width=\\\"800\\\" height=\\\"1200\\\"\",\"bits\":8,\"channels\":3,\"mime\":\"image\\\/jpeg\",\"ewww_image_optimizer\":\"Reduced by 3.8% (6.1&nbsp;kB) - Previously Optimized\"},\"0\":false,\"ewww_image_optimizer\":\"Reduced by 11.6% (31.0&nbsp;kB)\",\"views\":\"0\",\"likes\":\"0\"},\"title\":\"080 Barcelona Spring-Summer 2017\",\"description\":\"<p>080 Barcelona Spring-Summer 2017<\\\/p>\",\"link\":null,\"link_target\":\"\",\"download\":\"https:\\\/\\\/bobvarela.com\\\/wp-content\\\/flagallery\\\/escorpion-en-el-080-barcelona-fashion-primaveraverano-2017\\\/escorpion_007.jpg\",\"ratio\":0.66666666666666662965923251249478198587894439697265625},{\"id\":\"25610\",\"image\":\"https:\\\/\\\/bobvarela.com\\\/wp-content\\\/flagallery\\\/escorpion-en-el-080-barcelona-fashion-primaveraverano-2017\\\/webview\\\/escorpion_008.jpg\",\"thumb\":\"https:\\\/\\\/bobvarela.com\\\/wp-content\\\/flagallery\\\/escorpion-en-el-080-barcelona-fashion-primaveraverano-2017\\\/thumbs\\\/thumbs_escorpion_008.jpg\",\"file\":\"escorpion_008.jpg\",\"meta\":{\"aperture\":false,\"credit\":false,\"camera\":false,\"caption\":\"080 Barcelona Spring-Summer 2017\",\"created_timestamp\":\"June 29, 2016 4:41 pm\",\"copyright\":\"\\u00c2\\u00a9 2016 Estrop-Barcelona PHOTOGRAPH FOR FASHION EDITORIAL USE ONLY\",\"focal_length\":false,\"iso\":false,\"shutter_speed\":false,\"flash\":false,\"title\":\"080 Barcelona Spring-Summer 2017\",\"keywords\":\"080 Barcelona,Estrop-Barcelona,INEF,Spring-Summer 2017\",\"width\":1333,\"height\":2000,\"saved\":true,\"thumbnail\":{\"width\":220,\"height\":220,\"ewww_image_optimizer\":\"Reduced by 10.4% (3.6&nbsp;kB)\"},\"webview\":{\"0\":800,\"1\":1200,\"2\":2,\"3\":\"width=\\\"800\\\" height=\\\"1200\\\"\",\"bits\":8,\"channels\":3,\"mime\":\"image\\\/jpeg\",\"ewww_image_optimizer\":\"Reduced by 3.3% (4.2&nbsp;kB) - Previously Optimized\"},\"0\":false,\"ewww_image_optimizer\":\"Reduced by 6.4% (16.6&nbsp;kB)\",\"views\":\"2\",\"likes\":\"0\"},\"title\":\"080 Barcelona Spring-Summer 2017\",\"description\":\"<p>080 Barcelona Spring-Summer 2017<\\\/p>\",\"link\":null,\"link_target\":\"\",\"download\":\"https:\\\/\\\/bobvarela.com\\\/wp-content\\\/flagallery\\\/escorpion-en-el-080-barcelona-fashion-primaveraverano-2017\\\/escorpion_008.jpg\",\"ratio\":0.66666666666666662965923251249478198587894439697265625},{\"id\":\"25611\",\"image\":\"https:\\\/\\\/bobvarela.com\\\/wp-content\\\/flagallery\\\/escorpion-en-el-080-barcelona-fashion-primaveraverano-2017\\\/webview\\\/escorpion_009.jpg\",\"thumb\":\"https:\\\/\\\/bobvarela.com\\\/wp-content\\\/flagallery\\\/escorpion-en-el-080-barcelona-fashion-primaveraverano-2017\\\/thumbs\\\/thumbs_escorpion_009.jpg\",\"file\":\"escorpion_009.jpg\",\"meta\":{\"aperture\":false,\"credit\":false,\"camera\":false,\"caption\":\"080 Barcelona Spring-Summer 2017\",\"created_timestamp\":\"June 29, 2016 4:41 pm\",\"copyright\":\"\\u00c2\\u00a9 2016 Estrop-Barcelona PHOTOGRAPH FOR FASHION EDITORIAL USE ONLY\",\"focal_length\":false,\"iso\":false,\"shutter_speed\":false,\"flash\":false,\"title\":\"080 Barcelona Spring-Summer 2017\",\"keywords\":\"080 Barcelona,Estrop-Barcelona,INEF,Spring-Summer 2017\",\"width\":1333,\"height\":2000,\"saved\":true,\"thumbnail\":{\"width\":220,\"height\":220,\"ewww_image_optimizer\":\"Reduced by 11.1% (4.5&nbsp;kB)\"},\"webview\":{\"0\":800,\"1\":1200,\"2\":2,\"3\":\"width=\\\"800\\\" height=\\\"1200\\\"\",\"bits\":8,\"channels\":3,\"mime\":\"image\\\/jpeg\",\"ewww_image_optimizer\":\"Reduced by 3.7% (6.1&nbsp;kB) - Previously Optimized\"},\"0\":false,\"ewww_image_optimizer\":\"Reduced by 8.9% (22.1&nbsp;kB)\",\"views\":\"0\",\"likes\":\"0\"},\"title\":\"080 Barcelona Spring-Summer 2017\",\"description\":\"<p>080 Barcelona Spring-Summer 2017<\\\/p>\",\"link\":null,\"link_target\":\"\",\"download\":\"https:\\\/\\\/bobvarela.com\\\/wp-content\\\/flagallery\\\/escorpion-en-el-080-barcelona-fashion-primaveraverano-2017\\\/escorpion_009.jpg\",\"ratio\":0.66666666666666662965923251249478198587894439697265625},{\"id\":\"25612\",\"image\":\"https:\\\/\\\/bobvarela.com\\\/wp-content\\\/flagallery\\\/escorpion-en-el-080-barcelona-fashion-primaveraverano-2017\\\/webview\\\/escorpion_010.jpg\",\"thumb\":\"https:\\\/\\\/bobvarela.com\\\/wp-content\\\/flagallery\\\/escorpion-en-el-080-barcelona-fashion-primaveraverano-2017\\\/thumbs\\\/thumbs_escorpion_010.jpg\",\"file\":\"escorpion_010.jpg\",\"meta\":{\"aperture\":false,\"credit\":false,\"camera\":false,\"caption\":\"080 Barcelona Spring-Summer 2017\",\"created_timestamp\":\"June 29, 2016 4:41 pm\",\"copyright\":\"\\u00c2\\u00a9 2016 Estrop-Barcelona PHOTOGRAPH FOR FASHION EDITORIAL USE ONLY\",\"focal_length\":false,\"iso\":false,\"shutter_speed\":false,\"flash\":false,\"title\":\"080 Barcelona Spring-Summer 2017\",\"keywords\":\"080 Barcelona,Estrop-Barcelona,INEF,Spring-Summer 2017\",\"width\":1333,\"height\":2000,\"saved\":true,\"thumbnail\":{\"width\":220,\"height\":220,\"ewww_image_optimizer\":\"Reduced by 11.7% (4.6&nbsp;kB)\"},\"webview\":{\"0\":800,\"1\":1200,\"2\":2,\"3\":\"width=\\\"800\\\" height=\\\"1200\\\"\",\"bits\":8,\"channels\":3,\"mime\":\"image\\\/jpeg\",\"ewww_image_optimizer\":\"Reduced by 3.5% (4.9&nbsp;kB) - Previously Optimized\"},\"0\":false,\"ewww_image_optimizer\":\"Reduced by 8.1% (19.5&nbsp;kB)\",\"views\":\"1\",\"likes\":\"0\"},\"title\":\"080 Barcelona Spring-Summer 2017\",\"description\":\"<p>080 Barcelona Spring-Summer 2017<\\\/p>\",\"link\":null,\"link_target\":\"\",\"download\":\"https:\\\/\\\/bobvarela.com\\\/wp-content\\\/flagallery\\\/escorpion-en-el-080-barcelona-fashion-primaveraverano-2017\\\/escorpion_010.jpg\",\"ratio\":0.66666666666666662965923251249478198587894439697265625},{\"id\":\"25613\",\"image\":\"https:\\\/\\\/bobvarela.com\\\/wp-content\\\/flagallery\\\/escorpion-en-el-080-barcelona-fashion-primaveraverano-2017\\\/webview\\\/escorpion_011.jpg\",\"thumb\":\"https:\\\/\\\/bobvarela.com\\\/wp-content\\\/flagallery\\\/escorpion-en-el-080-barcelona-fashion-primaveraverano-2017\\\/thumbs\\\/thumbs_escorpion_011.jpg\",\"file\":\"escorpion_011.jpg\",\"meta\":{\"aperture\":false,\"credit\":false,\"camera\":false,\"caption\":\"080 Barcelona Spring-Summer 2017\",\"created_timestamp\":\"June 29, 2016 4:41 pm\",\"copyright\":\"\\u00c2\\u00a9 2016 Estrop-Barcelona PHOTOGRAPH FOR FASHION EDITORIAL USE ONLY\",\"focal_length\":false,\"iso\":false,\"shutter_speed\":false,\"flash\":false,\"title\":\"080 Barcelona Spring-Summer 2017\",\"keywords\":\"080 Barcelona,Estrop-Barcelona,INEF,Spring-Summer 2017\",\"width\":1333,\"height\":2000,\"saved\":true,\"thumbnail\":{\"width\":220,\"height\":220,\"ewww_image_optimizer\":\"Reduced by 12.9% (5.6&nbsp;kB)\"},\"webview\":{\"0\":800,\"1\":1200,\"2\":2,\"3\":\"width=\\\"800\\\" height=\\\"1200\\\"\",\"bits\":8,\"channels\":3,\"mime\":\"image\\\/jpeg\",\"ewww_image_optimizer\":\"Reduced by 4.8% (9.7&nbsp;kB) - Previously Optimized\"},\"0\":false,\"ewww_image_optimizer\":\"Reduced by 16.1% (47.5&nbsp;kB)\",\"views\":\"1\",\"likes\":\"0\"},\"title\":\"080 Barcelona Spring-Summer 2017\",\"description\":\"<p>080 Barcelona Spring-Summer 2017<\\\/p>\",\"link\":null,\"link_target\":\"\",\"download\":\"https:\\\/\\\/bobvarela.com\\\/wp-content\\\/flagallery\\\/escorpion-en-el-080-barcelona-fashion-primaveraverano-2017\\\/escorpion_011.jpg\",\"ratio\":0.66666666666666662965923251249478198587894439697265625},{\"id\":\"25614\",\"image\":\"https:\\\/\\\/bobvarela.com\\\/wp-content\\\/flagallery\\\/escorpion-en-el-080-barcelona-fashion-primaveraverano-2017\\\/webview\\\/escorpion_012.jpg\",\"thumb\":\"https:\\\/\\\/bobvarela.com\\\/wp-content\\\/flagallery\\\/escorpion-en-el-080-barcelona-fashion-primaveraverano-2017\\\/thumbs\\\/thumbs_escorpion_012.jpg\",\"file\":\"escorpion_012.jpg\",\"meta\":{\"aperture\":false,\"credit\":false,\"camera\":false,\"caption\":\"080 Barcelona Spring-Summer 2017\",\"created_timestamp\":\"June 29, 2016 4:42 pm\",\"copyright\":\"\\u00c2\\u00a9 2016 Estrop-Barcelona PHOTOGRAPH FOR FASHION EDITORIAL USE ONLY\",\"focal_length\":false,\"iso\":false,\"shutter_speed\":false,\"flash\":false,\"title\":\"080 Barcelona Spring-Summer 2017\",\"keywords\":\"080 Barcelona,Estrop-Barcelona,INEF,Spring-Summer 2017\",\"width\":1333,\"height\":2000,\"saved\":true,\"thumbnail\":{\"width\":220,\"height\":220,\"ewww_image_optimizer\":\"Reduced by 13.4% (5.6&nbsp;kB)\"},\"webview\":{\"0\":800,\"1\":1200,\"2\":2,\"3\":\"width=\\\"800\\\" height=\\\"1200\\\"\",\"bits\":8,\"channels\":3,\"mime\":\"image\\\/jpeg\",\"ewww_image_optimizer\":\"Reduced by 4.2% (6.2&nbsp;kB) - Previously Optimized\"},\"0\":false,\"ewww_image_optimizer\":\"Reduced by 8.3% (20.7&nbsp;kB)\",\"views\":\"0\",\"likes\":\"0\"},\"title\":\"080 Barcelona Spring-Summer 2017\",\"description\":\"<p>080 Barcelona Spring-Summer 2017<\\\/p>\",\"link\":null,\"link_target\":\"\",\"download\":\"https:\\\/\\\/bobvarela.com\\\/wp-content\\\/flagallery\\\/escorpion-en-el-080-barcelona-fashion-primaveraverano-2017\\\/escorpion_012.jpg\",\"ratio\":0.66666666666666662965923251249478198587894439697265625},{\"id\":\"25615\",\"image\":\"https:\\\/\\\/bobvarela.com\\\/wp-content\\\/flagallery\\\/escorpion-en-el-080-barcelona-fashion-primaveraverano-2017\\\/webview\\\/escorpion_013.jpg\",\"thumb\":\"https:\\\/\\\/bobvarela.com\\\/wp-content\\\/flagallery\\\/escorpion-en-el-080-barcelona-fashion-primaveraverano-2017\\\/thumbs\\\/thumbs_escorpion_013.jpg\",\"file\":\"escorpion_013.jpg\",\"meta\":{\"aperture\":false,\"credit\":false,\"camera\":false,\"caption\":\"080 Barcelona Spring-Summer 2017\",\"created_timestamp\":\"June 29, 2016 4:42 pm\",\"copyright\":\"\\u00c2\\u00a9 2016 Estrop-Barcelona PHOTOGRAPH FOR FASHION EDITORIAL USE ONLY\",\"focal_length\":false,\"iso\":false,\"shutter_speed\":false,\"flash\":false,\"title\":\"080 Barcelona Spring-Summer 2017\",\"keywords\":\"080 Barcelona,Estrop-Barcelona,INEF,Spring-Summer 2017\",\"width\":1333,\"height\":2000,\"saved\":true,\"thumbnail\":{\"width\":220,\"height\":220,\"ewww_image_optimizer\":\"Reduced by 8.9% (3.0&nbsp;kB)\"},\"webview\":{\"0\":800,\"1\":1200,\"2\":2,\"3\":\"width=\\\"800\\\" height=\\\"1200\\\"\",\"bits\":8,\"channels\":3,\"mime\":\"image\\\/jpeg\",\"ewww_image_optimizer\":\"Reduced by 3.4% (3.8&nbsp;kB) - Previously Optimized\"},\"0\":false,\"ewww_image_optimizer\":\"Reduced by 11.9% (27.6&nbsp;kB)\",\"views\":\"2\",\"likes\":\"0\"},\"title\":\"080 Barcelona Spring-Summer 2017\",\"description\":\"<p>080 Barcelona Spring-Summer 2017<\\\/p>\",\"link\":null,\"link_target\":\"\",\"download\":\"https:\\\/\\\/bobvarela.com\\\/wp-content\\\/flagallery\\\/escorpion-en-el-080-barcelona-fashion-primaveraverano-2017\\\/escorpion_013.jpg\",\"ratio\":0.66666666666666662965923251249478198587894439697265625},{\"id\":\"25616\",\"image\":\"https:\\\/\\\/bobvarela.com\\\/wp-content\\\/flagallery\\\/escorpion-en-el-080-barcelona-fashion-primaveraverano-2017\\\/webview\\\/escorpion_014.jpg\",\"thumb\":\"https:\\\/\\\/bobvarela.com\\\/wp-content\\\/flagallery\\\/escorpion-en-el-080-barcelona-fashion-primaveraverano-2017\\\/thumbs\\\/thumbs_escorpion_014.jpg\",\"file\":\"escorpion_014.jpg\",\"meta\":{\"aperture\":false,\"credit\":false,\"camera\":false,\"caption\":\"080 Barcelona Spring-Summer 2017\",\"created_timestamp\":\"June 29, 2016 4:42 pm\",\"copyright\":\"\\u00c2\\u00a9 2016 Estrop-Barcelona PHOTOGRAPH FOR FASHION EDITORIAL USE ONLY\",\"focal_length\":false,\"iso\":false,\"shutter_speed\":false,\"flash\":false,\"title\":\"080 Barcelona Spring-Summer 2017\",\"keywords\":\"080 Barcelona,Estrop-Barcelona,INEF,Spring-Summer 2017\",\"width\":1333,\"height\":2000,\"saved\":true,\"thumbnail\":{\"width\":220,\"height\":220,\"ewww_image_optimizer\":\"Reduced by 8.1% (2.6&nbsp;kB)\"},\"webview\":{\"0\":800,\"1\":1200,\"2\":2,\"3\":\"width=\\\"800\\\" height=\\\"1200\\\"\",\"bits\":8,\"channels\":3,\"mime\":\"image\\\/jpeg\",\"ewww_image_optimizer\":\"Reduced by 4.0% (5.3&nbsp;kB) - Previously Optimized\"},\"0\":false,\"ewww_image_optimizer\":\"Reduced by 11.2% (30.1&nbsp;kB)\",\"views\":\"1\",\"likes\":\"0\"},\"title\":\"080 Barcelona Spring-Summer 2017\",\"description\":\"<p>080 Barcelona Spring-Summer 2017<\\\/p>\",\"link\":null,\"link_target\":\"\",\"download\":\"https:\\\/\\\/bobvarela.com\\\/wp-content\\\/flagallery\\\/escorpion-en-el-080-barcelona-fashion-primaveraverano-2017\\\/escorpion_014.jpg\",\"ratio\":0.66666666666666662965923251249478198587894439697265625},{\"id\":\"25617\",\"image\":\"https:\\\/\\\/bobvarela.com\\\/wp-content\\\/flagallery\\\/escorpion-en-el-080-barcelona-fashion-primaveraverano-2017\\\/webview\\\/escorpion_015.jpg\",\"thumb\":\"https:\\\/\\\/bobvarela.com\\\/wp-content\\\/flagallery\\\/escorpion-en-el-080-barcelona-fashion-primaveraverano-2017\\\/thumbs\\\/thumbs_escorpion_015.jpg\",\"file\":\"escorpion_015.jpg\",\"meta\":{\"aperture\":false,\"credit\":false,\"camera\":false,\"caption\":\"080 Barcelona Spring-Summer 2017\",\"created_timestamp\":\"June 29, 2016 4:42 pm\",\"copyright\":\"\\u00c2\\u00a9 2016 Estrop-Barcelona PHOTOGRAPH FOR FASHION EDITORIAL USE ONLY\",\"focal_length\":false,\"iso\":false,\"shutter_speed\":false,\"flash\":false,\"title\":\"080 Barcelona Spring-Summer 2017\",\"keywords\":\"080 Barcelona,Estrop-Barcelona,INEF,Spring-Summer 2017\",\"width\":1333,\"height\":2000,\"saved\":true,\"thumbnail\":{\"width\":220,\"height\":220,\"ewww_image_optimizer\":\"Reduced by 8.7% (2.9&nbsp;kB)\"},\"webview\":{\"0\":800,\"1\":1200,\"2\":2,\"3\":\"width=\\\"800\\\" height=\\\"1200\\\"\",\"bits\":8,\"channels\":3,\"mime\":\"image\\\/jpeg\",\"ewww_image_optimizer\":\"Reduced by 3.1% (3.4&nbsp;kB) - Previously Optimized\"},\"0\":false,\"ewww_image_optimizer\":\"Reduced by 7.9% (22.4&nbsp;kB)\",\"views\":\"0\",\"likes\":\"0\"},\"title\":\"080 Barcelona Spring-Summer 2017\",\"description\":\"<p>080 Barcelona Spring-Summer 2017<\\\/p>\",\"link\":null,\"link_target\":\"\",\"download\":\"https:\\\/\\\/bobvarela.com\\\/wp-content\\\/flagallery\\\/escorpion-en-el-080-barcelona-fashion-primaveraverano-2017\\\/escorpion_015.jpg\",\"ratio\":0.66666666666666662965923251249478198587894439697265625},{\"id\":\"25618\",\"image\":\"https:\\\/\\\/bobvarela.com\\\/wp-content\\\/flagallery\\\/escorpion-en-el-080-barcelona-fashion-primaveraverano-2017\\\/webview\\\/escorpion_016.jpg\",\"thumb\":\"https:\\\/\\\/bobvarela.com\\\/wp-content\\\/flagallery\\\/escorpion-en-el-080-barcelona-fashion-primaveraverano-2017\\\/thumbs\\\/thumbs_escorpion_016.jpg\",\"file\":\"escorpion_016.jpg\",\"meta\":{\"aperture\":false,\"credit\":false,\"camera\":false,\"caption\":\"080 Barcelona Spring-Summer 2017\",\"created_timestamp\":\"June 29, 2016 4:42 pm\",\"copyright\":\"\\u00c2\\u00a9 2016 Estrop-Barcelona PHOTOGRAPH FOR FASHION EDITORIAL USE ONLY\",\"focal_length\":false,\"iso\":false,\"shutter_speed\":false,\"flash\":false,\"title\":\"080 Barcelona Spring-Summer 2017\",\"keywords\":\"080 Barcelona,Estrop-Barcelona,INEF,Spring-Summer 2017\",\"width\":1333,\"height\":2000,\"saved\":true,\"thumbnail\":{\"width\":220,\"height\":220,\"ewww_image_optimizer\":\"Reduced by 9.2% (3.1&nbsp;kB)\"},\"webview\":{\"0\":800,\"1\":1200,\"2\":2,\"3\":\"width=\\\"800\\\" height=\\\"1200\\\"\",\"bits\":8,\"channels\":3,\"mime\":\"image\\\/jpeg\",\"ewww_image_optimizer\":\"Reduced by 3.3% (3.9&nbsp;kB) - Previously Optimized\"},\"0\":false,\"ewww_image_optimizer\":\"Reduced by 12.4% (29.3&nbsp;kB)\",\"views\":\"1\",\"likes\":\"0\"},\"title\":\"080 Barcelona Spring-Summer 2017\",\"description\":\"<p>080 Barcelona Spring-Summer 2017<\\\/p>\",\"link\":null,\"link_target\":\"\",\"download\":\"https:\\\/\\\/bobvarela.com\\\/wp-content\\\/flagallery\\\/escorpion-en-el-080-barcelona-fashion-primaveraverano-2017\\\/escorpion_016.jpg\",\"ratio\":0.66666666666666662965923251249478198587894439697265625},{\"id\":\"25619\",\"image\":\"https:\\\/\\\/bobvarela.com\\\/wp-content\\\/flagallery\\\/escorpion-en-el-080-barcelona-fashion-primaveraverano-2017\\\/webview\\\/escorpion_017.jpg\",\"thumb\":\"https:\\\/\\\/bobvarela.com\\\/wp-content\\\/flagallery\\\/escorpion-en-el-080-barcelona-fashion-primaveraverano-2017\\\/thumbs\\\/thumbs_escorpion_017.jpg\",\"file\":\"escorpion_017.jpg\",\"meta\":{\"aperture\":false,\"credit\":false,\"camera\":false,\"caption\":\"080 Barcelona Spring-Summer 2017\",\"created_timestamp\":\"June 29, 2016 4:42 pm\",\"copyright\":\"\\u00c2\\u00a9 2016 Estrop-Barcelona PHOTOGRAPH FOR FASHION EDITORIAL USE ONLY\",\"focal_length\":false,\"iso\":false,\"shutter_speed\":false,\"flash\":false,\"title\":\"080 Barcelona Spring-Summer 2017\",\"keywords\":\"080 Barcelona,Estrop-Barcelona,INEF,Spring-Summer 2017\",\"width\":1333,\"height\":2000,\"saved\":true,\"thumbnail\":{\"width\":220,\"height\":220,\"ewww_image_optimizer\":\"Reduced by 9.4% (3.5&nbsp;kB)\"},\"webview\":{\"0\":800,\"1\":1200,\"2\":2,\"3\":\"width=\\\"800\\\" height=\\\"1200\\\"\",\"bits\":8,\"channels\":3,\"mime\":\"image\\\/jpeg\",\"ewww_image_optimizer\":\"Reduced by 2.9% (3.4&nbsp;kB) - Previously Optimized\"},\"0\":false,\"ewww_image_optimizer\":\"Reduced by 6.5% (19.4&nbsp;kB)\",\"views\":\"1\",\"likes\":\"0\"},\"title\":\"080 Barcelona Spring-Summer 2017\",\"description\":\"<p>080 Barcelona Spring-Summer 2017<\\\/p>\",\"link\":null,\"link_target\":\"\",\"download\":\"https:\\\/\\\/bobvarela.com\\\/wp-content\\\/flagallery\\\/escorpion-en-el-080-barcelona-fashion-primaveraverano-2017\\\/escorpion_017.jpg\",\"ratio\":0.66666666666666662965923251249478198587894439697265625},{\"id\":\"25620\",\"image\":\"https:\\\/\\\/bobvarela.com\\\/wp-content\\\/flagallery\\\/escorpion-en-el-080-barcelona-fashion-primaveraverano-2017\\\/webview\\\/escorpion_018.jpg\",\"thumb\":\"https:\\\/\\\/bobvarela.com\\\/wp-content\\\/flagallery\\\/escorpion-en-el-080-barcelona-fashion-primaveraverano-2017\\\/thumbs\\\/thumbs_escorpion_018.jpg\",\"file\":\"escorpion_018.jpg\",\"meta\":{\"aperture\":false,\"credit\":false,\"camera\":false,\"caption\":\"080 Barcelona Spring-Summer 2017\",\"created_timestamp\":\"June 29, 2016 4:42 pm\",\"copyright\":\"\\u00c2\\u00a9 2016 Estrop-Barcelona PHOTOGRAPH FOR FASHION EDITORIAL USE ONLY\",\"focal_length\":false,\"iso\":false,\"shutter_speed\":false,\"flash\":false,\"title\":\"080 Barcelona Spring-Summer 2017\",\"keywords\":\"080 Barcelona,Estrop-Barcelona,INEF,Spring-Summer 2017\",\"width\":1333,\"height\":2000,\"saved\":true,\"thumbnail\":{\"width\":220,\"height\":220,\"ewww_image_optimizer\":\"Reduced by 7.9% (2.6&nbsp;kB)\"},\"webview\":{\"0\":800,\"1\":1200,\"2\":2,\"3\":\"width=\\\"800\\\" height=\\\"1200\\\"\",\"bits\":8,\"channels\":3,\"mime\":\"image\\\/jpeg\",\"ewww_image_optimizer\":\"Reduced by 2.8% (3.2&nbsp;kB) - Previously Optimized\"},\"0\":false,\"ewww_image_optimizer\":\"Reduced by 11.6% (27.1&nbsp;kB)\",\"views\":\"1\",\"likes\":\"0\"},\"title\":\"080 Barcelona Spring-Summer 2017\",\"description\":\"<p>080 Barcelona Spring-Summer 2017<\\\/p>\",\"link\":null,\"link_target\":\"\",\"download\":\"https:\\\/\\\/bobvarela.com\\\/wp-content\\\/flagallery\\\/escorpion-en-el-080-barcelona-fashion-primaveraverano-2017\\\/escorpion_018.jpg\",\"ratio\":0.66666666666666662965923251249478198587894439697265625},{\"id\":\"25621\",\"image\":\"https:\\\/\\\/bobvarela.com\\\/wp-content\\\/flagallery\\\/escorpion-en-el-080-barcelona-fashion-primaveraverano-2017\\\/webview\\\/escorpion_019.jpg\",\"thumb\":\"https:\\\/\\\/bobvarela.com\\\/wp-content\\\/flagallery\\\/escorpion-en-el-080-barcelona-fashion-primaveraverano-2017\\\/thumbs\\\/thumbs_escorpion_019.jpg\",\"file\":\"escorpion_019.jpg\",\"meta\":{\"aperture\":false,\"credit\":false,\"camera\":false,\"caption\":\"080 Barcelona Spring-Summer 2017\",\"created_timestamp\":\"June 29, 2016 4:42 pm\",\"copyright\":\"\\u00c2\\u00a9 2016 Estrop-Barcelona PHOTOGRAPH FOR FASHION EDITORIAL USE ONLY\",\"focal_length\":false,\"iso\":false,\"shutter_speed\":false,\"flash\":false,\"title\":\"080 Barcelona Spring-Summer 2017\",\"keywords\":\"080 Barcelona,Estrop-Barcelona,INEF,Spring-Summer 2017\",\"width\":1333,\"height\":2000,\"saved\":true,\"thumbnail\":{\"width\":220,\"height\":220,\"ewww_image_optimizer\":\"Reduced by 8.9% (2.9&nbsp;kB)\"},\"webview\":{\"0\":800,\"1\":1200,\"2\":2,\"3\":\"width=\\\"800\\\" height=\\\"1200\\\"\",\"bits\":8,\"channels\":3,\"mime\":\"image\\\/jpeg\",\"ewww_image_optimizer\":\"Reduced by 3.7% (3.7&nbsp;kB) - Previously Optimized\"},\"0\":false,\"ewww_image_optimizer\":\"Reduced by 8.6% (22.4&nbsp;kB)\",\"views\":\"0\",\"likes\":\"0\"},\"title\":\"080 Barcelona Spring-Summer 2017\",\"description\":\"<p>080 Barcelona Spring-Summer 2017<\\\/p>\",\"link\":null,\"link_target\":\"\",\"download\":\"https:\\\/\\\/bobvarela.com\\\/wp-content\\\/flagallery\\\/escorpion-en-el-080-barcelona-fashion-primaveraverano-2017\\\/escorpion_019.jpg\",\"ratio\":0.66666666666666662965923251249478198587894439697265625},{\"id\":\"25622\",\"image\":\"https:\\\/\\\/bobvarela.com\\\/wp-content\\\/flagallery\\\/escorpion-en-el-080-barcelona-fashion-primaveraverano-2017\\\/webview\\\/escorpion_020.jpg\",\"thumb\":\"https:\\\/\\\/bobvarela.com\\\/wp-content\\\/flagallery\\\/escorpion-en-el-080-barcelona-fashion-primaveraverano-2017\\\/thumbs\\\/thumbs_escorpion_020.jpg\",\"file\":\"escorpion_020.jpg\",\"meta\":{\"aperture\":false,\"credit\":false,\"camera\":false,\"caption\":\"080 Barcelona Spring-Summer 2017\",\"created_timestamp\":\"June 29, 2016 4:43 pm\",\"copyright\":\"\\u00c2\\u00a9 2016 Estrop-Barcelona PHOTOGRAPH FOR FASHION EDITORIAL USE ONLY\",\"focal_length\":false,\"iso\":false,\"shutter_speed\":false,\"flash\":false,\"title\":\"080 Barcelona Spring-Summer 2017\",\"keywords\":\"080 Barcelona,Estrop-Barcelona,INEF,Spring-Summer 2017\",\"width\":1333,\"height\":2000,\"saved\":true,\"thumbnail\":{\"width\":220,\"height\":220,\"ewww_image_optimizer\":\"Reduced by 9.5% (3.1&nbsp;kB)\"},\"webview\":{\"0\":800,\"1\":1200,\"2\":2,\"3\":\"width=\\\"800\\\" height=\\\"1200\\\"\",\"bits\":8,\"channels\":3,\"mime\":\"image\\\/jpeg\",\"ewww_image_optimizer\":\"Reduced by 3.8% (4.6&nbsp;kB) - Previously Optimized\"},\"0\":false,\"ewww_image_optimizer\":\"Reduced by 7.6% (19.6&nbsp;kB)\",\"views\":\"1\",\"likes\":\"0\"},\"title\":\"080 Barcelona Spring-Summer 2017\",\"description\":\"<p>080 Barcelona Spring-Summer 2017<\\\/p>\",\"link\":null,\"link_target\":\"\",\"download\":\"https:\\\/\\\/bobvarela.com\\\/wp-content\\\/flagallery\\\/escorpion-en-el-080-barcelona-fashion-primaveraverano-2017\\\/escorpion_020.jpg\",\"ratio\":0.66666666666666662965923251249478198587894439697265625},{\"id\":\"25623\",\"image\":\"https:\\\/\\\/bobvarela.com\\\/wp-content\\\/flagallery\\\/escorpion-en-el-080-barcelona-fashion-primaveraverano-2017\\\/webview\\\/escorpion_021.jpg\",\"thumb\":\"https:\\\/\\\/bobvarela.com\\\/wp-content\\\/flagallery\\\/escorpion-en-el-080-barcelona-fashion-primaveraverano-2017\\\/thumbs\\\/thumbs_escorpion_021.jpg\",\"file\":\"escorpion_021.jpg\",\"meta\":{\"aperture\":false,\"credit\":false,\"camera\":false,\"caption\":\"080 Barcelona Spring-Summer 2017\",\"created_timestamp\":\"June 29, 2016 4:43 pm\",\"copyright\":\"\\u00c2\\u00a9 2016 Estrop-Barcelona PHOTOGRAPH FOR FASHION EDITORIAL USE ONLY\",\"focal_length\":false,\"iso\":false,\"shutter_speed\":false,\"flash\":false,\"title\":\"080 Barcelona Spring-Summer 2017\",\"keywords\":\"080 Barcelona,Estrop-Barcelona,INEF,Spring-Summer 2017\",\"width\":1333,\"height\":2000,\"saved\":true,\"thumbnail\":{\"width\":220,\"height\":220,\"ewww_image_optimizer\":\"Reduced by 10.8% (4.2&nbsp;kB)\"},\"webview\":{\"0\":800,\"1\":1200,\"2\":2,\"3\":\"width=\\\"800\\\" height=\\\"1200\\\"\",\"bits\":8,\"channels\":3,\"mime\":\"image\\\/jpeg\",\"ewww_image_optimizer\":\"Reduced by 4.6% (7.6&nbsp;kB) - Previously Optimized\"},\"0\":false,\"ewww_image_optimizer\":\"Reduced by 16.9% (43.7&nbsp;kB)\",\"views\":\"1\",\"likes\":\"0\"},\"title\":\"080 Barcelona Spring-Summer 2017\",\"description\":\"<p>080 Barcelona Spring-Summer 2017<\\\/p>\",\"link\":null,\"link_target\":\"\",\"download\":\"https:\\\/\\\/bobvarela.com\\\/wp-content\\\/flagallery\\\/escorpion-en-el-080-barcelona-fashion-primaveraverano-2017\\\/escorpion_021.jpg\",\"ratio\":0.66666666666666662965923251249478198587894439697265625},{\"id\":\"25624\",\"image\":\"https:\\\/\\\/bobvarela.com\\\/wp-content\\\/flagallery\\\/escorpion-en-el-080-barcelona-fashion-primaveraverano-2017\\\/webview\\\/escorpion_022.jpg\",\"thumb\":\"https:\\\/\\\/bobvarela.com\\\/wp-content\\\/flagallery\\\/escorpion-en-el-080-barcelona-fashion-primaveraverano-2017\\\/thumbs\\\/thumbs_escorpion_022.jpg\",\"file\":\"escorpion_022.jpg\",\"meta\":{\"aperture\":false,\"credit\":false,\"camera\":false,\"caption\":\"080 Barcelona Spring-Summer 2017\",\"created_timestamp\":\"June 29, 2016 4:43 pm\",\"copyright\":\"\\u00c2\\u00a9 2016 Estrop-Barcelona PHOTOGRAPH FOR FASHION EDITORIAL USE ONLY\",\"focal_length\":false,\"iso\":false,\"shutter_speed\":false,\"flash\":false,\"title\":\"080 Barcelona Spring-Summer 2017\",\"keywords\":\"080 Barcelona,Estrop-Barcelona,INEF,Spring-Summer 2017\",\"width\":1333,\"height\":2000,\"saved\":true,\"thumbnail\":{\"width\":220,\"height\":220,\"ewww_image_optimizer\":\"Reduced by 10.9% (4.1&nbsp;kB)\"},\"webview\":{\"0\":800,\"1\":1200,\"2\":2,\"3\":\"width=\\\"800\\\" height=\\\"1200\\\"\",\"bits\":8,\"channels\":3,\"mime\":\"image\\\/jpeg\",\"ewww_image_optimizer\":\"Reduced by 3.7% (4.9&nbsp;kB) - Previously Optimized\"},\"0\":false,\"ewww_image_optimizer\":\"Reduced by 10.7% (29.7&nbsp;kB)\",\"views\":\"2\",\"likes\":\"0\"},\"title\":\"080 Barcelona Spring-Summer 2017\",\"description\":\"<p>080 Barcelona Spring-Summer 2017<\\\/p>\",\"link\":null,\"link_target\":\"\",\"download\":\"https:\\\/\\\/bobvarela.com\\\/wp-content\\\/flagallery\\\/escorpion-en-el-080-barcelona-fashion-primaveraverano-2017\\\/escorpion_022.jpg\",\"ratio\":0.66666666666666662965923251249478198587894439697265625},{\"id\":\"25625\",\"image\":\"https:\\\/\\\/bobvarela.com\\\/wp-content\\\/flagallery\\\/escorpion-en-el-080-barcelona-fashion-primaveraverano-2017\\\/webview\\\/escorpion_023.jpg\",\"thumb\":\"https:\\\/\\\/bobvarela.com\\\/wp-content\\\/flagallery\\\/escorpion-en-el-080-barcelona-fashion-primaveraverano-2017\\\/thumbs\\\/thumbs_escorpion_023.jpg\",\"file\":\"escorpion_023.jpg\",\"meta\":{\"aperture\":false,\"credit\":false,\"camera\":false,\"caption\":\"080 Barcelona Spring-Summer 2017\",\"created_timestamp\":\"June 29, 2016 4:43 pm\",\"copyright\":\"\\u00c2\\u00a9 2016 Estrop-Barcelona PHOTOGRAPH FOR FASHION EDITORIAL USE ONLY\",\"focal_length\":false,\"iso\":false,\"shutter_speed\":false,\"flash\":false,\"title\":\"080 Barcelona Spring-Summer 2017\",\"keywords\":\"080 Barcelona,Estrop-Barcelona,INEF,Spring-Summer 2017\",\"width\":1333,\"height\":2000,\"saved\":true,\"thumbnail\":{\"width\":220,\"height\":220,\"ewww_image_optimizer\":\"Reduced by 9.1% (2.9&nbsp;kB)\"},\"webview\":{\"0\":800,\"1\":1200,\"2\":2,\"3\":\"width=\\\"800\\\" height=\\\"1200\\\"\",\"bits\":8,\"channels\":3,\"mime\":\"image\\\/jpeg\",\"ewww_image_optimizer\":\"Reduced by 3.1% (3.1&nbsp;kB) - Previously Optimized\"},\"0\":false,\"ewww_image_optimizer\":\"Reduced by 8.8% (23.2&nbsp;kB)\",\"views\":\"1\",\"likes\":\"0\"},\"title\":\"080 Barcelona Spring-Summer 2017\",\"description\":\"<p>080 Barcelona Spring-Summer 2017<\\\/p>\",\"link\":null,\"link_target\":\"\",\"download\":\"https:\\\/\\\/bobvarela.com\\\/wp-content\\\/flagallery\\\/escorpion-en-el-080-barcelona-fashion-primaveraverano-2017\\\/escorpion_023.jpg\",\"ratio\":0.66666666666666662965923251249478198587894439697265625},{\"id\":\"25626\",\"image\":\"https:\\\/\\\/bobvarela.com\\\/wp-content\\\/flagallery\\\/escorpion-en-el-080-barcelona-fashion-primaveraverano-2017\\\/webview\\\/escorpion_024.jpg\",\"thumb\":\"https:\\\/\\\/bobvarela.com\\\/wp-content\\\/flagallery\\\/escorpion-en-el-080-barcelona-fashion-primaveraverano-2017\\\/thumbs\\\/thumbs_escorpion_024.jpg\",\"file\":\"escorpion_024.jpg\",\"meta\":{\"aperture\":false,\"credit\":false,\"camera\":false,\"caption\":\"080 Barcelona Spring-Summer 2017\",\"created_timestamp\":\"June 29, 2016 4:43 pm\",\"copyright\":\"\\u00c2\\u00a9 2016 Estrop-Barcelona PHOTOGRAPH FOR FASHION EDITORIAL USE ONLY\",\"focal_length\":false,\"iso\":false,\"shutter_speed\":false,\"flash\":false,\"title\":\"080 Barcelona Spring-Summer 2017\",\"keywords\":\"080 Barcelona,Estrop-Barcelona,INEF,Spring-Summer 2017\",\"width\":1333,\"height\":2000,\"saved\":true,\"thumbnail\":{\"width\":220,\"height\":220,\"ewww_image_optimizer\":\"Reduced by 7.6% (2.4&nbsp;kB)\"},\"webview\":{\"0\":800,\"1\":1200,\"2\":2,\"3\":\"width=\\\"800\\\" height=\\\"1200\\\"\",\"bits\":8,\"channels\":3,\"mime\":\"image\\\/jpeg\",\"ewww_image_optimizer\":\"Reduced by 4.8% (5.7&nbsp;kB) - Previously Optimized\"},\"0\":false,\"ewww_image_optimizer\":\"Reduced by 10.7% (30.4&nbsp;kB)\",\"views\":\"1\",\"likes\":\"0\"},\"title\":\"080 Barcelona Spring-Summer 2017\",\"description\":\"<p>080 Barcelona Spring-Summer 2017<\\\/p>\",\"link\":null,\"link_target\":\"\",\"download\":\"https:\\\/\\\/bobvarela.com\\\/wp-content\\\/flagallery\\\/escorpion-en-el-080-barcelona-fashion-primaveraverano-2017\\\/escorpion_024.jpg\",\"ratio\":0.66666666666666662965923251249478198587894439697265625},{\"id\":\"25627\",\"image\":\"https:\\\/\\\/bobvarela.com\\\/wp-content\\\/flagallery\\\/escorpion-en-el-080-barcelona-fashion-primaveraverano-2017\\\/webview\\\/escorpion_025.jpg\",\"thumb\":\"https:\\\/\\\/bobvarela.com\\\/wp-content\\\/flagallery\\\/escorpion-en-el-080-barcelona-fashion-primaveraverano-2017\\\/thumbs\\\/thumbs_escorpion_025.jpg\",\"file\":\"escorpion_025.jpg\",\"meta\":{\"aperture\":false,\"credit\":false,\"camera\":false,\"caption\":\"080 Barcelona Spring-Summer 2017\",\"created_timestamp\":\"June 29, 2016 4:44 pm\",\"copyright\":\"\\u00c2\\u00a9 2016 Estrop-Barcelona PHOTOGRAPH FOR FASHION EDITORIAL USE ONLY\",\"focal_length\":false,\"iso\":false,\"shutter_speed\":false,\"flash\":false,\"title\":\"080 Barcelona Spring-Summer 2017\",\"keywords\":\"080 Barcelona,Estrop-Barcelona,INEF,Spring-Summer 2017\",\"width\":1333,\"height\":2000,\"saved\":true,\"thumbnail\":{\"width\":220,\"height\":220,\"ewww_image_optimizer\":\"Reduced by 8.9% (2.7&nbsp;kB)\"},\"webview\":{\"0\":800,\"1\":1200,\"2\":2,\"3\":\"width=\\\"800\\\" height=\\\"1200\\\"\",\"bits\":8,\"channels\":3,\"mime\":\"image\\\/jpeg\",\"ewww_image_optimizer\":\"Reduced by 4.1% (3.9&nbsp;kB) - Previously Optimized\"},\"0\":false,\"ewww_image_optimizer\":\"Reduced by 9.1% (23.2&nbsp;kB)\",\"views\":\"0\",\"likes\":\"0\"},\"title\":\"080 Barcelona Spring-Summer 2017\",\"description\":\"<p>080 Barcelona Spring-Summer 2017<\\\/p>\",\"link\":null,\"link_target\":\"\",\"download\":\"https:\\\/\\\/bobvarela.com\\\/wp-content\\\/flagallery\\\/escorpion-en-el-080-barcelona-fashion-primaveraverano-2017\\\/escorpion_025.jpg\",\"ratio\":0.66666666666666662965923251249478198587894439697265625},{\"id\":\"25628\",\"image\":\"https:\\\/\\\/bobvarela.com\\\/wp-content\\\/flagallery\\\/escorpion-en-el-080-barcelona-fashion-primaveraverano-2017\\\/webview\\\/escorpion_026.jpg\",\"thumb\":\"https:\\\/\\\/bobvarela.com\\\/wp-content\\\/flagallery\\\/escorpion-en-el-080-barcelona-fashion-primaveraverano-2017\\\/thumbs\\\/thumbs_escorpion_026.jpg\",\"file\":\"escorpion_026.jpg\",\"meta\":{\"aperture\":false,\"credit\":false,\"camera\":false,\"caption\":\"080 Barcelona Spring-Summer 2017\",\"created_timestamp\":\"June 29, 2016 4:44 pm\",\"copyright\":\"\\u00c2\\u00a9 2016 Estrop-Barcelona PHOTOGRAPH FOR FASHION EDITORIAL USE ONLY\",\"focal_length\":false,\"iso\":false,\"shutter_speed\":false,\"flash\":false,\"title\":\"080 Barcelona Spring-Summer 2017\",\"keywords\":\"080 Barcelona,Estrop-Barcelona,INEF,Spring-Summer 2017\",\"width\":1333,\"height\":2000,\"saved\":true,\"thumbnail\":{\"width\":220,\"height\":220,\"ewww_image_optimizer\":\"Reduced by 9.7% (3.8&nbsp;kB)\"},\"webview\":{\"0\":800,\"1\":1200,\"2\":2,\"3\":\"width=\\\"800\\\" height=\\\"1200\\\"\",\"bits\":8,\"channels\":3,\"mime\":\"image\\\/jpeg\",\"ewww_image_optimizer\":\"Reduced by 3.4% (5.5&nbsp;kB) - Previously Optimized\"},\"0\":false,\"ewww_image_optimizer\":\"Reduced by 6.2% (17.0&nbsp;kB)\",\"views\":\"2\",\"likes\":\"0\"},\"title\":\"080 Barcelona Spring-Summer 2017\",\"description\":\"<p>080 Barcelona Spring-Summer 2017<\\\/p>\",\"link\":null,\"link_target\":\"\",\"download\":\"https:\\\/\\\/bobvarela.com\\\/wp-content\\\/flagallery\\\/escorpion-en-el-080-barcelona-fashion-primaveraverano-2017\\\/escorpion_026.jpg\",\"ratio\":0.66666666666666662965923251249478198587894439697265625},{\"id\":\"25629\",\"image\":\"https:\\\/\\\/bobvarela.com\\\/wp-content\\\/flagallery\\\/escorpion-en-el-080-barcelona-fashion-primaveraverano-2017\\\/webview\\\/escorpion_027.jpg\",\"thumb\":\"https:\\\/\\\/bobvarela.com\\\/wp-content\\\/flagallery\\\/escorpion-en-el-080-barcelona-fashion-primaveraverano-2017\\\/thumbs\\\/thumbs_escorpion_027.jpg\",\"file\":\"escorpion_027.jpg\",\"meta\":{\"aperture\":false,\"credit\":false,\"camera\":false,\"caption\":\"080 Barcelona Spring-Summer 2017\",\"created_timestamp\":\"June 29, 2016 4:44 pm\",\"copyright\":\"\\u00c2\\u00a9 2016 Estrop-Barcelona PHOTOGRAPH FOR FASHION EDITORIAL USE ONLY\",\"focal_length\":false,\"iso\":false,\"shutter_speed\":false,\"flash\":false,\"title\":\"080 Barcelona Spring-Summer 2017\",\"keywords\":\"080 Barcelona,Estrop-Barcelona,INEF,Spring-Summer 2017\",\"width\":1333,\"height\":2000,\"saved\":true,\"thumbnail\":{\"width\":220,\"height\":220,\"ewww_image_optimizer\":\"Reduced by 10.8% (4.4&nbsp;kB)\"},\"webview\":{\"0\":800,\"1\":1200,\"2\":2,\"3\":\"width=\\\"800\\\" height=\\\"1200\\\"\",\"bits\":8,\"channels\":3,\"mime\":\"image\\\/jpeg\",\"ewww_image_optimizer\":\"Reduced by 4.3% (7.8&nbsp;kB) - Previously Optimized\"},\"0\":false,\"ewww_image_optimizer\":\"Reduced by 14.7% (37.0&nbsp;kB)\",\"views\":\"2\",\"likes\":\"0\"},\"title\":\"080 Barcelona Spring-Summer 2017\",\"description\":\"<p>080 Barcelona Spring-Summer 2017<\\\/p>\",\"link\":null,\"link_target\":\"\",\"download\":\"https:\\\/\\\/bobvarela.com\\\/wp-content\\\/flagallery\\\/escorpion-en-el-080-barcelona-fashion-primaveraverano-2017\\\/escorpion_027.jpg\",\"ratio\":0.66666666666666662965923251249478198587894439697265625},{\"id\":\"25630\",\"image\":\"https:\\\/\\\/bobvarela.com\\\/wp-content\\\/flagallery\\\/escorpion-en-el-080-barcelona-fashion-primaveraverano-2017\\\/webview\\\/escorpion_028.jpg\",\"thumb\":\"https:\\\/\\\/bobvarela.com\\\/wp-content\\\/flagallery\\\/escorpion-en-el-080-barcelona-fashion-primaveraverano-2017\\\/thumbs\\\/thumbs_escorpion_028.jpg\",\"file\":\"escorpion_028.jpg\",\"meta\":{\"aperture\":false,\"credit\":false,\"camera\":false,\"caption\":\"080 Barcelona Spring-Summer 2017\",\"created_timestamp\":\"June 29, 2016 4:44 pm\",\"copyright\":\"\\u00c2\\u00a9 2016 Estrop-Barcelona PHOTOGRAPH FOR FASHION EDITORIAL USE ONLY\",\"focal_length\":false,\"iso\":false,\"shutter_speed\":false,\"flash\":false,\"title\":\"080 Barcelona Spring-Summer 2017\",\"keywords\":\"080 Barcelona,Estrop-Barcelona,INEF,Spring-Summer 2017\",\"width\":1333,\"height\":2000,\"saved\":true,\"thumbnail\":{\"width\":220,\"height\":220,\"ewww_image_optimizer\":\"Reduced by 8.8% (2.6&nbsp;kB)\"},\"webview\":{\"0\":800,\"1\":1200,\"2\":2,\"3\":\"width=\\\"800\\\" height=\\\"1200\\\"\",\"bits\":8,\"channels\":3,\"mime\":\"image\\\/jpeg\",\"ewww_image_optimizer\":\"Reduced by 3.7% (3.7&nbsp;kB) - Previously Optimized\"},\"0\":false,\"ewww_image_optimizer\":\"Reduced by 8.9% (23.5&nbsp;kB)\",\"views\":\"1\",\"likes\":\"0\"},\"title\":\"080 Barcelona Spring-Summer 2017\",\"description\":\"<p>080 Barcelona Spring-Summer 2017<\\\/p>\",\"link\":null,\"link_target\":\"\",\"download\":\"https:\\\/\\\/bobvarela.com\\\/wp-content\\\/flagallery\\\/escorpion-en-el-080-barcelona-fashion-primaveraverano-2017\\\/escorpion_028.jpg\",\"ratio\":0.66666666666666662965923251249478198587894439697265625},{\"id\":\"25631\",\"image\":\"https:\\\/\\\/bobvarela.com\\\/wp-content\\\/flagallery\\\/escorpion-en-el-080-barcelona-fashion-primaveraverano-2017\\\/webview\\\/escorpion_029.jpg\",\"thumb\":\"https:\\\/\\\/bobvarela.com\\\/wp-content\\\/flagallery\\\/escorpion-en-el-080-barcelona-fashion-primaveraverano-2017\\\/thumbs\\\/thumbs_escorpion_029.jpg\",\"file\":\"escorpion_029.jpg\",\"meta\":{\"aperture\":false,\"credit\":false,\"camera\":false,\"caption\":\"080 Barcelona Spring-Summer 2017\",\"created_timestamp\":\"June 29, 2016 4:44 pm\",\"copyright\":\"\\u00c2\\u00a9 2016 Estrop-Barcelona PHOTOGRAPH FOR FASHION EDITORIAL USE ONLY\",\"focal_length\":false,\"iso\":false,\"shutter_speed\":false,\"flash\":false,\"title\":\"080 Barcelona Spring-Summer 2017\",\"keywords\":\"080 Barcelona,Estrop-Barcelona,INEF,Spring-Summer 2017\",\"width\":1333,\"height\":2000,\"saved\":true,\"thumbnail\":{\"width\":220,\"height\":220,\"ewww_image_optimizer\":\"Reduced by 8.6% (2.9&nbsp;kB)\"},\"webview\":{\"0\":800,\"1\":1200,\"2\":2,\"3\":\"width=\\\"800\\\" height=\\\"1200\\\"\",\"bits\":8,\"channels\":3,\"mime\":\"image\\\/jpeg\",\"ewww_image_optimizer\":\"Reduced by 3.4% (5.0&nbsp;kB) - Previously Optimized\"},\"0\":false,\"ewww_image_optimizer\":\"Reduced by 9.9% (28.7&nbsp;kB)\",\"views\":\"2\",\"likes\":\"0\"},\"title\":\"080 Barcelona Spring-Summer 2017\",\"description\":\"<p>080 Barcelona Spring-Summer 2017<\\\/p>\",\"link\":null,\"link_target\":\"\",\"download\":\"https:\\\/\\\/bobvarela.com\\\/wp-content\\\/flagallery\\\/escorpion-en-el-080-barcelona-fashion-primaveraverano-2017\\\/escorpion_029.jpg\",\"ratio\":0.66666666666666662965923251249478198587894439697265625},{\"id\":\"25632\",\"image\":\"https:\\\/\\\/bobvarela.com\\\/wp-content\\\/flagallery\\\/escorpion-en-el-080-barcelona-fashion-primaveraverano-2017\\\/webview\\\/escorpion_030.jpg\",\"thumb\":\"https:\\\/\\\/bobvarela.com\\\/wp-content\\\/flagallery\\\/escorpion-en-el-080-barcelona-fashion-primaveraverano-2017\\\/thumbs\\\/thumbs_escorpion_030.jpg\",\"file\":\"escorpion_030.jpg\",\"meta\":{\"aperture\":false,\"credit\":false,\"camera\":false,\"caption\":\"080 Barcelona Spring-Summer 2017\",\"created_timestamp\":\"June 29, 2016 4:44 pm\",\"copyright\":\"\\u00c2\\u00a9 2016 Estrop-Barcelona PHOTOGRAPH FOR FASHION EDITORIAL USE ONLY\",\"focal_length\":false,\"iso\":false,\"shutter_speed\":false,\"flash\":false,\"title\":\"080 Barcelona Spring-Summer 2017\",\"keywords\":\"080 Barcelona,Estrop-Barcelona,INEF,Spring-Summer 2017\",\"width\":1333,\"height\":2000,\"saved\":true,\"thumbnail\":{\"width\":220,\"height\":220,\"ewww_image_optimizer\":\"Reduced by 9.4% (3.4&nbsp;kB)\"},\"webview\":{\"0\":800,\"1\":1200,\"2\":2,\"3\":\"width=\\\"800\\\" height=\\\"1200\\\"\",\"bits\":8,\"channels\":3,\"mime\":\"image\\\/jpeg\",\"ewww_image_optimizer\":\"Reduced by 3.2% (4.1&nbsp;kB) - Previously Optimized\"},\"0\":false,\"ewww_image_optimizer\":\"Reduced by 5.7% (15.5&nbsp;kB)\",\"views\":\"0\",\"likes\":\"0\"},\"title\":\"080 Barcelona Spring-Summer 2017\",\"description\":\"<p>080 Barcelona Spring-Summer 2017<\\\/p>\",\"link\":null,\"link_target\":\"\",\"download\":\"https:\\\/\\\/bobvarela.com\\\/wp-content\\\/flagallery\\\/escorpion-en-el-080-barcelona-fashion-primaveraverano-2017\\\/escorpion_030.jpg\",\"ratio\":0.66666666666666662965923251249478198587894439697265625},{\"id\":\"25633\",\"image\":\"https:\\\/\\\/bobvarela.com\\\/wp-content\\\/flagallery\\\/escorpion-en-el-080-barcelona-fashion-primaveraverano-2017\\\/webview\\\/escorpion_031.jpg\",\"thumb\":\"https:\\\/\\\/bobvarela.com\\\/wp-content\\\/flagallery\\\/escorpion-en-el-080-barcelona-fashion-primaveraverano-2017\\\/thumbs\\\/thumbs_escorpion_031.jpg\",\"file\":\"escorpion_031.jpg\",\"meta\":{\"aperture\":false,\"credit\":false,\"camera\":false,\"caption\":\"080 Barcelona Spring-Summer 2017\",\"created_timestamp\":\"June 29, 2016 4:44 pm\",\"copyright\":\"\\u00c2\\u00a9 2016 Estrop-Barcelona PHOTOGRAPH FOR FASHION EDITORIAL USE ONLY\",\"focal_length\":false,\"iso\":false,\"shutter_speed\":false,\"flash\":false,\"title\":\"080 Barcelona Spring-Summer 2017\",\"keywords\":\"080 Barcelona,Estrop-Barcelona,INEF,Spring-Summer 2017\",\"width\":1333,\"height\":2000,\"saved\":true,\"thumbnail\":{\"width\":220,\"height\":220,\"ewww_image_optimizer\":\"Reduced by 7.7% (2.7&nbsp;kB)\"},\"webview\":{\"0\":800,\"1\":1200,\"2\":2,\"3\":\"width=\\\"800\\\" height=\\\"1200\\\"\",\"bits\":8,\"channels\":3,\"mime\":\"image\\\/jpeg\",\"ewww_image_optimizer\":\"Reduced by 3.0% (5.2&nbsp;kB) - Previously Optimized\"},\"0\":false,\"ewww_image_optimizer\":\"Reduced by 16.3% (43.4&nbsp;kB)\",\"views\":\"1\",\"likes\":\"0\"},\"title\":\"080 Barcelona Spring-Summer 2017\",\"description\":\"<p>080 Barcelona Spring-Summer 2017<\\\/p>\",\"link\":null,\"link_target\":\"\",\"download\":\"https:\\\/\\\/bobvarela.com\\\/wp-content\\\/flagallery\\\/escorpion-en-el-080-barcelona-fashion-primaveraverano-2017\\\/escorpion_031.jpg\",\"ratio\":0.66666666666666662965923251249478198587894439697265625},{\"id\":\"25634\",\"image\":\"https:\\\/\\\/bobvarela.com\\\/wp-content\\\/flagallery\\\/escorpion-en-el-080-barcelona-fashion-primaveraverano-2017\\\/webview\\\/escorpion_032.jpg\",\"thumb\":\"https:\\\/\\\/bobvarela.com\\\/wp-content\\\/flagallery\\\/escorpion-en-el-080-barcelona-fashion-primaveraverano-2017\\\/thumbs\\\/thumbs_escorpion_032.jpg\",\"file\":\"escorpion_032.jpg\",\"meta\":{\"aperture\":false,\"credit\":false,\"camera\":false,\"caption\":\"080 Barcelona Spring-Summer 2017\",\"created_timestamp\":\"June 29, 2016 4:44 pm\",\"copyright\":\"\\u00c2\\u00a9 2016 Estrop-Barcelona PHOTOGRAPH FOR FASHION EDITORIAL USE ONLY\",\"focal_length\":false,\"iso\":false,\"shutter_speed\":false,\"flash\":false,\"title\":\"080 Barcelona Spring-Summer 2017\",\"keywords\":\"080 Barcelona,Estrop-Barcelona,INEF,Spring-Summer 2017\",\"width\":1333,\"height\":2000,\"saved\":true,\"thumbnail\":{\"width\":220,\"height\":220,\"ewww_image_optimizer\":\"Reduced by 12.0% (4.5&nbsp;kB)\"},\"webview\":{\"0\":800,\"1\":1200,\"2\":2,\"3\":\"width=\\\"800\\\" height=\\\"1200\\\"\",\"bits\":8,\"channels\":3,\"mime\":\"image\\\/jpeg\",\"ewww_image_optimizer\":\"Reduced by 3.6% (4.5&nbsp;kB) - Previously Optimized\"},\"0\":false,\"ewww_image_optimizer\":\"Reduced by 10.9% (29.0&nbsp;kB)\",\"views\":\"5\",\"likes\":\"0\"},\"title\":\"080 Barcelona Spring-Summer 2017\",\"description\":\"<p>080 Barcelona Spring-Summer 2017<\\\/p>\",\"link\":null,\"link_target\":\"\",\"download\":\"https:\\\/\\\/bobvarela.com\\\/wp-content\\\/flagallery\\\/escorpion-en-el-080-barcelona-fashion-primaveraverano-2017\\\/escorpion_032.jpg\",\"ratio\":0.66666666666666662965923251249478198587894439697265625},{\"id\":\"25635\",\"image\":\"https:\\\/\\\/bobvarela.com\\\/wp-content\\\/flagallery\\\/escorpion-en-el-080-barcelona-fashion-primaveraverano-2017\\\/webview\\\/escorpion_033.jpg\",\"thumb\":\"https:\\\/\\\/bobvarela.com\\\/wp-content\\\/flagallery\\\/escorpion-en-el-080-barcelona-fashion-primaveraverano-2017\\\/thumbs\\\/thumbs_escorpion_033.jpg\",\"file\":\"escorpion_033.jpg\",\"meta\":{\"aperture\":false,\"credit\":false,\"camera\":false,\"caption\":\"080 Barcelona Spring-Summer 2017\",\"created_timestamp\":\"June 29, 2016 4:45 pm\",\"copyright\":\"\\u00c2\\u00a9 2016 Estrop-Barcelona PHOTOGRAPH FOR FASHION EDITORIAL USE ONLY\",\"focal_length\":false,\"iso\":false,\"shutter_speed\":false,\"flash\":false,\"title\":\"080 Barcelona Spring-Summer 2017\",\"keywords\":\"080 Barcelona,Estrop-Barcelona,INEF,Spring-Summer 2017\",\"width\":1333,\"height\":2000,\"saved\":true,\"thumbnail\":{\"width\":220,\"height\":220,\"ewww_image_optimizer\":\"Reduced by 11.6% (4.8&nbsp;kB)\"},\"webview\":{\"0\":800,\"1\":1200,\"2\":2,\"3\":\"width=\\\"800\\\" height=\\\"1200\\\"\",\"bits\":8,\"channels\":3,\"mime\":\"image\\\/jpeg\",\"ewww_image_optimizer\":\"Reduced by 4.1% (6.8&nbsp;kB) - Previously Optimized\"},\"0\":false,\"ewww_image_optimizer\":\"Reduced by 8.8% (21.8&nbsp;kB)\",\"views\":\"1\",\"likes\":\"0\"},\"title\":\"080 Barcelona Spring-Summer 2017\",\"description\":\"<p>080 Barcelona Spring-Summer 2017<\\\/p>\",\"link\":null,\"link_target\":\"\",\"download\":\"https:\\\/\\\/bobvarela.com\\\/wp-content\\\/flagallery\\\/escorpion-en-el-080-barcelona-fashion-primaveraverano-2017\\\/escorpion_033.jpg\",\"ratio\":0.66666666666666662965923251249478198587894439697265625},{\"id\":\"25636\",\"image\":\"https:\\\/\\\/bobvarela.com\\\/wp-content\\\/flagallery\\\/escorpion-en-el-080-barcelona-fashion-primaveraverano-2017\\\/webview\\\/escorpion_034.jpg\",\"thumb\":\"https:\\\/\\\/bobvarela.com\\\/wp-content\\\/flagallery\\\/escorpion-en-el-080-barcelona-fashion-primaveraverano-2017\\\/thumbs\\\/thumbs_escorpion_034.jpg\",\"file\":\"escorpion_034.jpg\",\"meta\":{\"aperture\":false,\"credit\":false,\"camera\":false,\"caption\":\"080 Barcelona Spring-Summer 2017\",\"created_timestamp\":\"June 29, 2016 4:45 pm\",\"copyright\":\"\\u00c2\\u00a9 2016 Estrop-Barcelona PHOTOGRAPH FOR FASHION EDITORIAL USE ONLY\",\"focal_length\":false,\"iso\":false,\"shutter_speed\":false,\"flash\":false,\"title\":\"080 Barcelona Spring-Summer 2017\",\"keywords\":\"080 Barcelona,Estrop-Barcelona,INEF,Spring-Summer 2017\",\"width\":667,\"height\":1000,\"saved\":true,\"thumbnail\":{\"width\":220,\"height\":220,\"ewww_image_optimizer\":\"Reduced by 12.8% (7.2&nbsp;kB)\"},\"webview\":{\"0\":667,\"1\":1000,\"2\":2,\"3\":\"width=\\\"667\\\" height=\\\"1000\\\"\",\"bits\":8,\"channels\":3,\"mime\":\"image\\\/jpeg\",\"ewww_image_optimizer\":\"Reduced by 5.3% (12.1&nbsp;kB) - Previously Optimized\"},\"0\":false,\"ewww_image_optimizer\":\"Reduced by 5.0% (13.9&nbsp;kB)\",\"views\":\"1\",\"likes\":\"0\"},\"title\":\"080 Barcelona Spring-Summer 2017\",\"description\":\"<p>080 Barcelona Spring-Summer 2017<\\\/p>\",\"link\":null,\"link_target\":\"\",\"download\":\"https:\\\/\\\/bobvarela.com\\\/wp-content\\\/flagallery\\\/escorpion-en-el-080-barcelona-fashion-primaveraverano-2017\\\/escorpion_034.jpg\",\"ratio\":0.6670000000000000373034936274052597582340240478515625},{\"id\":\"25637\",\"image\":\"https:\\\/\\\/bobvarela.com\\\/wp-content\\\/flagallery\\\/escorpion-en-el-080-barcelona-fashion-primaveraverano-2017\\\/webview\\\/escorpion_035.jpg\",\"thumb\":\"https:\\\/\\\/bobvarela.com\\\/wp-content\\\/flagallery\\\/escorpion-en-el-080-barcelona-fashion-primaveraverano-2017\\\/thumbs\\\/thumbs_escorpion_035.jpg\",\"file\":\"escorpion_035.jpg\",\"meta\":{\"aperture\":false,\"credit\":false,\"camera\":false,\"caption\":\"080 Barcelona Spring-Summer 2017\",\"created_timestamp\":\"June 29, 2016 4:45 pm\",\"copyright\":\"\\u00c2\\u00a9 2016 Estrop-Barcelona PHOTOGRAPH FOR FASHION EDITORIAL USE ONLY\",\"focal_length\":false,\"iso\":false,\"shutter_speed\":false,\"flash\":false,\"title\":\"080 Barcelona Spring-Summer 2017\",\"keywords\":\"080 Barcelona,Estrop-Barcelona,INEF,Spring-Summer 2017\",\"width\":1333,\"height\":2000,\"saved\":true,\"thumbnail\":{\"width\":220,\"height\":220,\"ewww_image_optimizer\":\"Reduced by 9.4% (3.7&nbsp;kB)\"},\"webview\":{\"0\":800,\"1\":1200,\"2\":2,\"3\":\"width=\\\"800\\\" height=\\\"1200\\\"\",\"bits\":8,\"channels\":3,\"mime\":\"image\\\/jpeg\",\"ewww_image_optimizer\":\"Reduced by 3.0% (4.3&nbsp;kB) - Previously Optimized\"},\"0\":false,\"ewww_image_optimizer\":\"Reduced by 5.7% (13.1&nbsp;kB)\",\"views\":\"1\",\"likes\":\"0\"},\"title\":\"080 Barcelona Spring-Summer 2017\",\"description\":\"<p>080 Barcelona Spring-Summer 2017<\\\/p>\",\"link\":null,\"link_target\":\"\",\"download\":\"https:\\\/\\\/bobvarela.com\\\/wp-content\\\/flagallery\\\/escorpion-en-el-080-barcelona-fashion-primaveraverano-2017\\\/escorpion_035.jpg\",\"ratio\":0.66666666666666662965923251249478198587894439697265625},{\"id\":\"25638\",\"image\":\"https:\\\/\\\/bobvarela.com\\\/wp-content\\\/flagallery\\\/escorpion-en-el-080-barcelona-fashion-primaveraverano-2017\\\/webview\\\/escorpion_036.jpg\",\"thumb\":\"https:\\\/\\\/bobvarela.com\\\/wp-content\\\/flagallery\\\/escorpion-en-el-080-barcelona-fashion-primaveraverano-2017\\\/thumbs\\\/thumbs_escorpion_036.jpg\",\"file\":\"escorpion_036.jpg\",\"meta\":{\"aperture\":false,\"credit\":false,\"camera\":false,\"caption\":\"080 Barcelona Spring-Summer 2017\",\"created_timestamp\":\"June 29, 2016 4:45 pm\",\"copyright\":\"\\u00c2\\u00a9 2016 Estrop-Barcelona PHOTOGRAPH FOR FASHION EDITORIAL USE ONLY\",\"focal_length\":false,\"iso\":false,\"shutter_speed\":false,\"flash\":false,\"title\":\"080 Barcelona Spring-Summer 2017\",\"keywords\":\"080 Barcelona,Estrop-Barcelona,INEF,Spring-Summer 2017\",\"width\":1333,\"height\":2000,\"saved\":true,\"thumbnail\":{\"width\":220,\"height\":220,\"ewww_image_optimizer\":\"Reduced by 8.6% (3.4&nbsp;kB)\"},\"webview\":{\"0\":800,\"1\":1200,\"2\":2,\"3\":\"width=\\\"800\\\" height=\\\"1200\\\"\",\"bits\":8,\"channels\":3,\"mime\":\"image\\\/jpeg\",\"ewww_image_optimizer\":\"Reduced by 3.7% (5.6&nbsp;kB) - Previously Optimized\"},\"0\":false,\"ewww_image_optimizer\":\"Reduced by 6.9% (17.3&nbsp;kB)\",\"views\":\"0\",\"likes\":\"0\"},\"title\":\"080 Barcelona Spring-Summer 2017\",\"description\":\"<p>080 Barcelona Spring-Summer 2017<\\\/p>\",\"link\":null,\"link_target\":\"\",\"download\":\"https:\\\/\\\/bobvarela.com\\\/wp-content\\\/flagallery\\\/escorpion-en-el-080-barcelona-fashion-primaveraverano-2017\\\/escorpion_036.jpg\",\"ratio\":0.66666666666666662965923251249478198587894439697265625},{\"id\":\"25639\",\"image\":\"https:\\\/\\\/bobvarela.com\\\/wp-content\\\/flagallery\\\/escorpion-en-el-080-barcelona-fashion-primaveraverano-2017\\\/webview\\\/escorpion_037.jpg\",\"thumb\":\"https:\\\/\\\/bobvarela.com\\\/wp-content\\\/flagallery\\\/escorpion-en-el-080-barcelona-fashion-primaveraverano-2017\\\/thumbs\\\/thumbs_escorpion_037.jpg\",\"file\":\"escorpion_037.jpg\",\"meta\":{\"aperture\":false,\"credit\":false,\"camera\":false,\"caption\":\"080 Barcelona Spring-Summer 2017\",\"created_timestamp\":\"June 29, 2016 4:45 pm\",\"copyright\":\"\\u00c2\\u00a9 2016 Estrop-Barcelona PHOTOGRAPH FOR FASHION EDITORIAL USE ONLY\",\"focal_length\":false,\"iso\":false,\"shutter_speed\":false,\"flash\":false,\"title\":\"080 Barcelona Spring-Summer 2017\",\"keywords\":\"080 Barcelona,Estrop-Barcelona,INEF,Spring-Summer 2017\",\"width\":1600,\"height\":1067,\"saved\":true,\"thumbnail\":{\"width\":220,\"height\":220,\"ewww_image_optimizer\":\"Reduced by 9.0% (3.4&nbsp;kB)\"},\"webview\":{\"0\":1200,\"1\":800,\"2\":2,\"3\":\"width=\\\"1200\\\" height=\\\"800\\\"\",\"bits\":8,\"channels\":3,\"mime\":\"image\\\/jpeg\",\"ewww_image_optimizer\":\"Reduced by 5.3% (7.9&nbsp;kB) - Previously Optimized\"},\"0\":false,\"ewww_image_optimizer\":\"Reduced by 10.9% (30.9&nbsp;kB)\",\"views\":\"1\",\"likes\":\"0\"},\"title\":\"080 Barcelona Spring-Summer 2017\",\"description\":\"<p>080 Barcelona Spring-Summer 2017<\\\/p>\",\"link\":null,\"link_target\":\"\",\"download\":\"https:\\\/\\\/bobvarela.com\\\/wp-content\\\/flagallery\\\/escorpion-en-el-080-barcelona-fashion-primaveraverano-2017\\\/escorpion_037.jpg\",\"ratio\":1.5},{\"id\":\"25640\",\"image\":\"https:\\\/\\\/bobvarela.com\\\/wp-content\\\/flagallery\\\/escorpion-en-el-080-barcelona-fashion-primaveraverano-2017\\\/webview\\\/escorpion_038.jpg\",\"thumb\":\"https:\\\/\\\/bobvarela.com\\\/wp-content\\\/flagallery\\\/escorpion-en-el-080-barcelona-fashion-primaveraverano-2017\\\/thumbs\\\/thumbs_escorpion_038.jpg\",\"file\":\"escorpion_038.jpg\",\"meta\":{\"aperture\":false,\"credit\":false,\"camera\":false,\"caption\":\"080 Barcelona Spring-Summer 2017\",\"created_timestamp\":\"June 29, 2016 4:45 pm\",\"copyright\":\"\\u00c2\\u00a9 2016 Estrop-Barcelona PHOTOGRAPH FOR FASHION EDITORIAL USE ONLY\",\"focal_length\":false,\"iso\":false,\"shutter_speed\":false,\"flash\":false,\"title\":\"080 Barcelona Spring-Summer 2017\",\"keywords\":\"080 Barcelona,Estrop-Barcelona,INEF,Spring-Summer 2017\",\"width\":1333,\"height\":2000,\"saved\":true,\"thumbnail\":{\"width\":220,\"height\":220,\"ewww_image_optimizer\":\"Reduced by 9.3% (3.3&nbsp;kB)\"},\"webview\":{\"0\":800,\"1\":1200,\"2\":2,\"3\":\"width=\\\"800\\\" height=\\\"1200\\\"\",\"bits\":8,\"channels\":3,\"mime\":\"image\\\/jpeg\",\"ewww_image_optimizer\":\"Reduced by 3.5% (4.8&nbsp;kB) - Previously Optimized\"},\"0\":false,\"ewww_image_optimizer\":\"Reduced by 9.2% (22.9&nbsp;kB)\",\"views\":\"1\",\"likes\":\"0\"},\"title\":\"080 Barcelona Spring-Summer 2017\",\"description\":\"<p>080 Barcelona Spring-Summer 2017<\\\/p>\",\"link\":null,\"link_target\":\"\",\"download\":\"https:\\\/\\\/bobvarela.com\\\/wp-content\\\/flagallery\\\/escorpion-en-el-080-barcelona-fashion-primaveraverano-2017\\\/escorpion_038.jpg\",\"ratio\":0.66666666666666662965923251249478198587894439697265625},{\"id\":\"25641\",\"image\":\"https:\\\/\\\/bobvarela.com\\\/wp-content\\\/flagallery\\\/escorpion-en-el-080-barcelona-fashion-primaveraverano-2017\\\/webview\\\/escorpion_039.jpg\",\"thumb\":\"https:\\\/\\\/bobvarela.com\\\/wp-content\\\/flagallery\\\/escorpion-en-el-080-barcelona-fashion-primaveraverano-2017\\\/thumbs\\\/thumbs_escorpion_039.jpg\",\"file\":\"escorpion_039.jpg\",\"meta\":{\"aperture\":false,\"credit\":false,\"camera\":false,\"caption\":\"080 Barcelona Spring-Summer 2017\",\"created_timestamp\":\"June 29, 2016 4:45 pm\",\"copyright\":\"\\u00c2\\u00a9 2016 Estrop-Barcelona PHOTOGRAPH FOR FASHION EDITORIAL USE ONLY\",\"focal_length\":false,\"iso\":false,\"shutter_speed\":false,\"flash\":false,\"title\":\"080 Barcelona Spring-Summer 2017\",\"keywords\":\"080 Barcelona,Estrop-Barcelona,INEF,Spring-Summer 2017\",\"width\":1333,\"height\":2000,\"saved\":true,\"thumbnail\":{\"width\":220,\"height\":220,\"ewww_image_optimizer\":\"Reduced by 8.9% (3.3&nbsp;kB)\"},\"webview\":{\"0\":800,\"1\":1200,\"2\":2,\"3\":\"width=\\\"800\\\" height=\\\"1200\\\"\",\"bits\":8,\"channels\":3,\"mime\":\"image\\\/jpeg\",\"ewww_image_optimizer\":\"Reduced by 4.4% (7.9&nbsp;kB) - Previously Optimized\"},\"0\":false,\"ewww_image_optimizer\":\"Reduced by 17.0% (45.8&nbsp;kB)\",\"views\":\"1\",\"likes\":\"0\"},\"title\":\"080 Barcelona Spring-Summer 2017\",\"description\":\"<p>080 Barcelona Spring-Summer 2017<\\\/p>\",\"link\":null,\"link_target\":\"\",\"download\":\"https:\\\/\\\/bobvarela.com\\\/wp-content\\\/flagallery\\\/escorpion-en-el-080-barcelona-fashion-primaveraverano-2017\\\/escorpion_039.jpg\",\"ratio\":0.66666666666666662965923251249478198587894439697265625},{\"id\":\"25642\",\"image\":\"https:\\\/\\\/bobvarela.com\\\/wp-content\\\/flagallery\\\/escorpion-en-el-080-barcelona-fashion-primaveraverano-2017\\\/webview\\\/escorpion_040.jpg\",\"thumb\":\"https:\\\/\\\/bobvarela.com\\\/wp-content\\\/flagallery\\\/escorpion-en-el-080-barcelona-fashion-primaveraverano-2017\\\/thumbs\\\/thumbs_escorpion_040.jpg\",\"file\":\"escorpion_040.jpg\",\"meta\":{\"aperture\":false,\"credit\":false,\"camera\":false,\"caption\":\"080 Barcelona Spring-Summer 2017\",\"created_timestamp\":\"June 29, 2016 4:45 pm\",\"copyright\":\"\\u00c2\\u00a9 2016 Estrop-Barcelona PHOTOGRAPH FOR FASHION EDITORIAL USE ONLY\",\"focal_length\":false,\"iso\":false,\"shutter_speed\":false,\"flash\":false,\"title\":\"080 Barcelona Spring-Summer 2017\",\"keywords\":\"080 Barcelona,Estrop-Barcelona,INEF,Spring-Summer 2017\",\"width\":1333,\"height\":2000,\"saved\":true,\"thumbnail\":{\"width\":220,\"height\":220,\"ewww_image_optimizer\":\"Reduced by 9.3% (3.0&nbsp;kB)\"},\"webview\":{\"0\":800,\"1\":1200,\"2\":2,\"3\":\"width=\\\"800\\\" height=\\\"1200\\\"\",\"bits\":8,\"channels\":3,\"mime\":\"image\\\/jpeg\",\"ewww_image_optimizer\":\"Reduced by 3.6% (3.8&nbsp;kB) - Previously Optimized\"},\"0\":false,\"ewww_image_optimizer\":\"Reduced by 7.7% (21.9&nbsp;kB)\",\"views\":\"1\",\"likes\":\"0\"},\"title\":\"080 Barcelona Spring-Summer 2017\",\"description\":\"<p>080 Barcelona Spring-Summer 2017<\\\/p>\",\"link\":null,\"link_target\":\"\",\"download\":\"https:\\\/\\\/bobvarela.com\\\/wp-content\\\/flagallery\\\/escorpion-en-el-080-barcelona-fashion-primaveraverano-2017\\\/escorpion_040.jpg\",\"ratio\":0.66666666666666662965923251249478198587894439697265625},{\"id\":\"25643\",\"image\":\"https:\\\/\\\/bobvarela.com\\\/wp-content\\\/flagallery\\\/escorpion-en-el-080-barcelona-fashion-primaveraverano-2017\\\/webview\\\/escorpion_041.jpg\",\"thumb\":\"https:\\\/\\\/bobvarela.com\\\/wp-content\\\/flagallery\\\/escorpion-en-el-080-barcelona-fashion-primaveraverano-2017\\\/thumbs\\\/thumbs_escorpion_041.jpg\",\"file\":\"escorpion_041.jpg\",\"meta\":{\"aperture\":false,\"credit\":false,\"camera\":false,\"caption\":\"080 Barcelona Spring-Summer 2017\",\"created_timestamp\":\"June 29, 2016 4:46 pm\",\"copyright\":\"\\u00c2\\u00a9 2016 Estrop-Barcelona PHOTOGRAPH FOR FASHION EDITORIAL USE ONLY\",\"focal_length\":false,\"iso\":false,\"shutter_speed\":false,\"flash\":false,\"title\":\"080 Barcelona Spring-Summer 2017\",\"keywords\":\"080 Barcelona,Estrop-Barcelona,INEF,Spring-Summer 2017\",\"width\":1333,\"height\":2000,\"saved\":true,\"thumbnail\":{\"width\":220,\"height\":220,\"ewww_image_optimizer\":\"Reduced by 9.3% (3.5&nbsp;kB)\"},\"webview\":{\"0\":800,\"1\":1200,\"2\":2,\"3\":\"width=\\\"800\\\" height=\\\"1200\\\"\",\"bits\":8,\"channels\":3,\"mime\":\"image\\\/jpeg\",\"ewww_image_optimizer\":\"Reduced by 4.2% (5.9&nbsp;kB) - Previously Optimized\"},\"0\":false,\"ewww_image_optimizer\":\"Reduced by 7.3% (16.9&nbsp;kB)\",\"views\":\"0\",\"likes\":\"0\"},\"title\":\"080 Barcelona Spring-Summer 2017\",\"description\":\"<p>080 Barcelona Spring-Summer 2017<\\\/p>\",\"link\":null,\"link_target\":\"\",\"download\":\"https:\\\/\\\/bobvarela.com\\\/wp-content\\\/flagallery\\\/escorpion-en-el-080-barcelona-fashion-primaveraverano-2017\\\/escorpion_041.jpg\",\"ratio\":0.66666666666666662965923251249478198587894439697265625},{\"id\":\"25644\",\"image\":\"https:\\\/\\\/bobvarela.com\\\/wp-content\\\/flagallery\\\/escorpion-en-el-080-barcelona-fashion-primaveraverano-2017\\\/webview\\\/escorpion_042.jpg\",\"thumb\":\"https:\\\/\\\/bobvarela.com\\\/wp-content\\\/flagallery\\\/escorpion-en-el-080-barcelona-fashion-primaveraverano-2017\\\/thumbs\\\/thumbs_escorpion_042.jpg\",\"file\":\"escorpion_042.jpg\",\"meta\":{\"aperture\":false,\"credit\":false,\"camera\":false,\"caption\":\"080 Barcelona Spring-Summer 2017\",\"created_timestamp\":\"June 29, 2016 4:46 pm\",\"copyright\":\"\\u00c2\\u00a9 2016 Estrop-Barcelona PHOTOGRAPH FOR FASHION EDITORIAL USE ONLY\",\"focal_length\":false,\"iso\":false,\"shutter_speed\":false,\"flash\":false,\"title\":\"080 Barcelona Spring-Summer 2017\",\"keywords\":\"080 Barcelona,Estrop-Barcelona,INEF,Spring-Summer 2017\",\"width\":1333,\"height\":2000,\"saved\":true,\"thumbnail\":{\"width\":220,\"height\":220,\"ewww_image_optimizer\":\"Reduced by 8.3% (3.4&nbsp;kB)\"},\"webview\":{\"0\":800,\"1\":1200,\"2\":2,\"3\":\"width=\\\"800\\\" height=\\\"1200\\\"\",\"bits\":8,\"channels\":3,\"mime\":\"image\\\/jpeg\",\"ewww_image_optimizer\":\"Reduced by 5.4% (10.6&nbsp;kB) - Previously Optimized\"},\"0\":false,\"ewww_image_optimizer\":\"Reduced by 10.9% (27.3&nbsp;kB)\",\"views\":\"1\",\"likes\":\"0\"},\"title\":\"080 Barcelona Spring-Summer 2017\",\"description\":\"<p>080 Barcelona Spring-Summer 2017<\\\/p>\",\"link\":null,\"link_target\":\"\",\"download\":\"https:\\\/\\\/bobvarela.com\\\/wp-content\\\/flagallery\\\/escorpion-en-el-080-barcelona-fashion-primaveraverano-2017\\\/escorpion_042.jpg\",\"ratio\":0.66666666666666662965923251249478198587894439697265625},{\"id\":\"25645\",\"image\":\"https:\\\/\\\/bobvarela.com\\\/wp-content\\\/flagallery\\\/escorpion-en-el-080-barcelona-fashion-primaveraverano-2017\\\/webview\\\/escorpion_043.jpg\",\"thumb\":\"https:\\\/\\\/bobvarela.com\\\/wp-content\\\/flagallery\\\/escorpion-en-el-080-barcelona-fashion-primaveraverano-2017\\\/thumbs\\\/thumbs_escorpion_043.jpg\",\"file\":\"escorpion_043.jpg\",\"meta\":{\"aperture\":false,\"credit\":false,\"camera\":false,\"caption\":\"080 Barcelona Spring-Summer 2017\",\"created_timestamp\":\"June 29, 2016 4:46 pm\",\"copyright\":\"\\u00c2\\u00a9 2016 Estrop-Barcelona PHOTOGRAPH FOR FASHION EDITORIAL USE ONLY\",\"focal_length\":false,\"iso\":false,\"shutter_speed\":false,\"flash\":false,\"title\":\"080 Barcelona Spring-Summer 2017\",\"keywords\":\"080 Barcelona,Estrop-Barcelona,INEF,Spring-Summer 2017\",\"width\":1333,\"height\":2000,\"saved\":true,\"thumbnail\":{\"width\":220,\"height\":220,\"ewww_image_optimizer\":\"Reduced by 11.2% (3.9&nbsp;kB)\"},\"webview\":{\"0\":800,\"1\":1200,\"2\":2,\"3\":\"width=\\\"800\\\" height=\\\"1200\\\"\",\"bits\":8,\"channels\":3,\"mime\":\"image\\\/jpeg\",\"ewww_image_optimizer\":\"Reduced by 3.6% (4.1&nbsp;kB) - Previously Optimized\"},\"0\":false,\"ewww_image_optimizer\":\"Reduced by 11.3% (26.9&nbsp;kB)\",\"views\":\"0\",\"likes\":\"0\"},\"title\":\"080 Barcelona Spring-Summer 2017\",\"description\":\"<p>080 Barcelona Spring-Summer 2017<\\\/p>\",\"link\":null,\"link_target\":\"\",\"download\":\"https:\\\/\\\/bobvarela.com\\\/wp-content\\\/flagallery\\\/escorpion-en-el-080-barcelona-fashion-primaveraverano-2017\\\/escorpion_043.jpg\",\"ratio\":0.66666666666666662965923251249478198587894439697265625},{\"id\":\"25646\",\"image\":\"https:\\\/\\\/bobvarela.com\\\/wp-content\\\/flagallery\\\/escorpion-en-el-080-barcelona-fashion-primaveraverano-2017\\\/webview\\\/escorpion_044.jpg\",\"thumb\":\"https:\\\/\\\/bobvarela.com\\\/wp-content\\\/flagallery\\\/escorpion-en-el-080-barcelona-fashion-primaveraverano-2017\\\/thumbs\\\/thumbs_escorpion_044.jpg\",\"file\":\"escorpion_044.jpg\",\"meta\":{\"aperture\":false,\"credit\":false,\"camera\":false,\"caption\":\"080 Barcelona Spring-Summer 2017\",\"created_timestamp\":\"June 29, 2016 4:46 pm\",\"copyright\":\"\\u00c2\\u00a9 2016 Estrop-Barcelona PHOTOGRAPH FOR FASHION EDITORIAL USE ONLY\",\"focal_length\":false,\"iso\":false,\"shutter_speed\":false,\"flash\":false,\"title\":\"080 Barcelona Spring-Summer 2017\",\"keywords\":\"080 Barcelona,Estrop-Barcelona,INEF,Spring-Summer 2017\",\"width\":1333,\"height\":2000,\"saved\":true,\"thumbnail\":{\"width\":220,\"height\":220,\"ewww_image_optimizer\":\"Reduced by 8.9% (3.4&nbsp;kB)\"},\"webview\":{\"0\":800,\"1\":1200,\"2\":2,\"3\":\"width=\\\"800\\\" height=\\\"1200\\\"\",\"bits\":8,\"channels\":3,\"mime\":\"image\\\/jpeg\",\"ewww_image_optimizer\":\"Reduced by 2.7% (3.1&nbsp;kB) - Previously Optimized\"},\"0\":false,\"ewww_image_optimizer\":\"Reduced by 6.3% (17.2&nbsp;kB)\",\"views\":\"1\",\"likes\":\"0\"},\"title\":\"080 Barcelona Spring-Summer 2017\",\"description\":\"<p>080 Barcelona Spring-Summer 2017<\\\/p>\",\"link\":null,\"link_target\":\"\",\"download\":\"https:\\\/\\\/bobvarela.com\\\/wp-content\\\/flagallery\\\/escorpion-en-el-080-barcelona-fashion-primaveraverano-2017\\\/escorpion_044.jpg\",\"ratio\":0.66666666666666662965923251249478198587894439697265625},{\"id\":\"25647\",\"image\":\"https:\\\/\\\/bobvarela.com\\\/wp-content\\\/flagallery\\\/escorpion-en-el-080-barcelona-fashion-primaveraverano-2017\\\/webview\\\/escorpion_045.jpg\",\"thumb\":\"https:\\\/\\\/bobvarela.com\\\/wp-content\\\/flagallery\\\/escorpion-en-el-080-barcelona-fashion-primaveraverano-2017\\\/thumbs\\\/thumbs_escorpion_045.jpg\",\"file\":\"escorpion_045.jpg\",\"meta\":{\"aperture\":false,\"credit\":false,\"camera\":false,\"caption\":\"080 Barcelona Spring-Summer 2017\",\"created_timestamp\":\"June 29, 2016 4:46 pm\",\"copyright\":\"\\u00c2\\u00a9 2016 Estrop-Barcelona PHOTOGRAPH FOR FASHION EDITORIAL USE ONLY\",\"focal_length\":false,\"iso\":false,\"shutter_speed\":false,\"flash\":false,\"title\":\"080 Barcelona Spring-Summer 2017\",\"keywords\":\"080 Barcelona,Estrop-Barcelona,INEF,Spring-Summer 2017\",\"width\":1333,\"height\":2000,\"saved\":true,\"thumbnail\":{\"width\":220,\"height\":220,\"ewww_image_optimizer\":\"Reduced by 11.9% (5.0&nbsp;kB)\"},\"webview\":{\"0\":800,\"1\":1200,\"2\":2,\"3\":\"width=\\\"800\\\" height=\\\"1200\\\"\",\"bits\":8,\"channels\":3,\"mime\":\"image\\\/jpeg\",\"ewww_image_optimizer\":\"Reduced by 4.1% (6.6&nbsp;kB) - Previously Optimized\"},\"0\":false,\"ewww_image_optimizer\":\"Reduced by 5.7% (14.4&nbsp;kB)\",\"views\":\"1\",\"likes\":\"0\"},\"title\":\"080 Barcelona Spring-Summer 2017\",\"description\":\"<p>080 Barcelona Spring-Summer 2017<\\\/p>\",\"link\":null,\"link_target\":\"\",\"download\":\"https:\\\/\\\/bobvarela.com\\\/wp-content\\\/flagallery\\\/escorpion-en-el-080-barcelona-fashion-primaveraverano-2017\\\/escorpion_045.jpg\",\"ratio\":0.66666666666666662965923251249478198587894439697265625},{\"id\":\"25648\",\"image\":\"https:\\\/\\\/bobvarela.com\\\/wp-content\\\/flagallery\\\/escorpion-en-el-080-barcelona-fashion-primaveraverano-2017\\\/webview\\\/escorpion_046.jpg\",\"thumb\":\"https:\\\/\\\/bobvarela.com\\\/wp-content\\\/flagallery\\\/escorpion-en-el-080-barcelona-fashion-primaveraverano-2017\\\/thumbs\\\/thumbs_escorpion_046.jpg\",\"file\":\"escorpion_046.jpg\",\"meta\":{\"aperture\":false,\"credit\":false,\"camera\":false,\"caption\":\"080 Barcelona Spring-Summer 2017\",\"created_timestamp\":\"June 29, 2016 4:46 pm\",\"copyright\":\"\\u00c2\\u00a9 2016 Estrop-Barcelona PHOTOGRAPH FOR FASHION EDITORIAL USE ONLY\",\"focal_length\":false,\"iso\":false,\"shutter_speed\":false,\"flash\":false,\"title\":\"080 Barcelona Spring-Summer 2017\",\"keywords\":\"080 Barcelona,Estrop-Barcelona,INEF,Spring-Summer 2017\",\"width\":1333,\"height\":2000,\"saved\":true,\"thumbnail\":{\"width\":220,\"height\":220,\"ewww_image_optimizer\":\"Reduced by 11.3% (6.0&nbsp;kB)\"},\"webview\":{\"0\":800,\"1\":1200,\"2\":2,\"3\":\"width=\\\"800\\\" height=\\\"1200\\\"\",\"bits\":8,\"channels\":3,\"mime\":\"image\\\/jpeg\",\"ewww_image_optimizer\":\"Reduced by 5.6% (13.0&nbsp;kB) - Previously Optimized\"},\"0\":false,\"ewww_image_optimizer\":\"Reduced by 11.4% (31.4&nbsp;kB)\",\"views\":\"2\",\"likes\":\"0\"},\"title\":\"080 Barcelona Spring-Summer 2017\",\"description\":\"<p>080 Barcelona Spring-Summer 2017<\\\/p>\",\"link\":null,\"link_target\":\"\",\"download\":\"https:\\\/\\\/bobvarela.com\\\/wp-content\\\/flagallery\\\/escorpion-en-el-080-barcelona-fashion-primaveraverano-2017\\\/escorpion_046.jpg\",\"ratio\":0.66666666666666662965923251249478198587894439697265625},{\"id\":\"25649\",\"image\":\"https:\\\/\\\/bobvarela.com\\\/wp-content\\\/flagallery\\\/escorpion-en-el-080-barcelona-fashion-primaveraverano-2017\\\/webview\\\/escorpion_047.jpg\",\"thumb\":\"https:\\\/\\\/bobvarela.com\\\/wp-content\\\/flagallery\\\/escorpion-en-el-080-barcelona-fashion-primaveraverano-2017\\\/thumbs\\\/thumbs_escorpion_047.jpg\",\"file\":\"escorpion_047.jpg\",\"meta\":{\"aperture\":false,\"credit\":false,\"camera\":false,\"caption\":\"080 Barcelona Spring-Summer 2017\",\"created_timestamp\":\"June 29, 2016 4:46 pm\",\"copyright\":\"\\u00c2\\u00a9 2016 Estrop-Barcelona PHOTOGRAPH FOR FASHION EDITORIAL USE ONLY\",\"focal_length\":false,\"iso\":false,\"shutter_speed\":false,\"flash\":false,\"title\":\"080 Barcelona Spring-Summer 2017\",\"keywords\":\"080 Barcelona,Estrop-Barcelona,INEF,Spring-Summer 2017\",\"width\":1333,\"height\":2000,\"saved\":true,\"thumbnail\":{\"width\":220,\"height\":220,\"ewww_image_optimizer\":\"Reduced by 9.9% (3.4&nbsp;kB)\"},\"webview\":{\"0\":800,\"1\":1200,\"2\":2,\"3\":\"width=\\\"800\\\" height=\\\"1200\\\"\",\"bits\":8,\"channels\":3,\"mime\":\"image\\\/jpeg\",\"ewww_image_optimizer\":\"Reduced by 3.0% (3.2&nbsp;kB) - Previously Optimized\"},\"0\":false,\"ewww_image_optimizer\":\"Reduced by 6.8% (19.6&nbsp;kB)\",\"views\":\"0\",\"likes\":\"0\"},\"title\":\"080 Barcelona Spring-Summer 2017\",\"description\":\"<p>080 Barcelona Spring-Summer 2017<\\\/p>\",\"link\":null,\"link_target\":\"\",\"download\":\"https:\\\/\\\/bobvarela.com\\\/wp-content\\\/flagallery\\\/escorpion-en-el-080-barcelona-fashion-primaveraverano-2017\\\/escorpion_047.jpg\",\"ratio\":0.66666666666666662965923251249478198587894439697265625},{\"id\":\"25650\",\"image\":\"https:\\\/\\\/bobvarela.com\\\/wp-content\\\/flagallery\\\/escorpion-en-el-080-barcelona-fashion-primaveraverano-2017\\\/webview\\\/escorpion_048.jpg\",\"thumb\":\"https:\\\/\\\/bobvarela.com\\\/wp-content\\\/flagallery\\\/escorpion-en-el-080-barcelona-fashion-primaveraverano-2017\\\/thumbs\\\/thumbs_escorpion_048.jpg\",\"file\":\"escorpion_048.jpg\",\"meta\":{\"aperture\":false,\"credit\":false,\"camera\":false,\"caption\":\"080 Barcelona Spring-Summer 2017\",\"created_timestamp\":\"June 29, 2016 4:46 pm\",\"copyright\":\"\\u00c2\\u00a9 2016 Estrop-Barcelona PHOTOGRAPH FOR FASHION EDITORIAL USE ONLY\",\"focal_length\":false,\"iso\":false,\"shutter_speed\":false,\"flash\":false,\"title\":\"080 Barcelona Spring-Summer 2017\",\"keywords\":\"080 Barcelona,Estrop-Barcelona,INEF,Spring-Summer 2017\",\"width\":1333,\"height\":2000,\"saved\":true,\"thumbnail\":{\"width\":220,\"height\":220,\"ewww_image_optimizer\":\"Reduced by 8.2% (2.5&nbsp;kB)\"},\"webview\":{\"0\":800,\"1\":1200,\"2\":2,\"3\":\"width=\\\"800\\\" height=\\\"1200\\\"\",\"bits\":8,\"channels\":3,\"mime\":\"image\\\/jpeg\",\"ewww_image_optimizer\":\"Reduced by 5.7% (7.0&nbsp;kB) - Previously Optimized\"},\"0\":false,\"ewww_image_optimizer\":\"Reduced by 11.2% (27.1&nbsp;kB)\",\"views\":\"1\",\"likes\":\"0\"},\"title\":\"080 Barcelona Spring-Summer 2017\",\"description\":\"<p>080 Barcelona Spring-Summer 2017<\\\/p>\",\"link\":null,\"link_target\":\"\",\"download\":\"https:\\\/\\\/bobvarela.com\\\/wp-content\\\/flagallery\\\/escorpion-en-el-080-barcelona-fashion-primaveraverano-2017\\\/escorpion_048.jpg\",\"ratio\":0.66666666666666662965923251249478198587894439697265625},{\"id\":\"25651\",\"image\":\"https:\\\/\\\/bobvarela.com\\\/wp-content\\\/flagallery\\\/escorpion-en-el-080-barcelona-fashion-primaveraverano-2017\\\/webview\\\/escorpion_049.jpg\",\"thumb\":\"https:\\\/\\\/bobvarela.com\\\/wp-content\\\/flagallery\\\/escorpion-en-el-080-barcelona-fashion-primaveraverano-2017\\\/thumbs\\\/thumbs_escorpion_049.jpg\",\"file\":\"escorpion_049.jpg\",\"meta\":{\"aperture\":false,\"credit\":false,\"camera\":false,\"caption\":\"080 Barcelona Spring-Summer 2017\",\"created_timestamp\":\"June 29, 2016 4:46 pm\",\"copyright\":\"\\u00c2\\u00a9 2016 Estrop-Barcelona PHOTOGRAPH FOR FASHION EDITORIAL USE ONLY\",\"focal_length\":false,\"iso\":false,\"shutter_speed\":false,\"flash\":false,\"title\":\"080 Barcelona Spring-Summer 2017\",\"keywords\":\"080 Barcelona,Estrop-Barcelona,INEF,Spring-Summer 2017\",\"width\":1600,\"height\":1067,\"saved\":true,\"thumbnail\":{\"width\":220,\"height\":220,\"ewww_image_optimizer\":\"Reduced by 10.7% (3.9&nbsp;kB)\"},\"webview\":{\"0\":1200,\"1\":800,\"2\":2,\"3\":\"width=\\\"1200\\\" height=\\\"800\\\"\",\"bits\":8,\"channels\":3,\"mime\":\"image\\\/jpeg\",\"ewww_image_optimizer\":\"Reduced by 3.8% (5.3&nbsp;kB) - Previously Optimized\"},\"0\":false,\"ewww_image_optimizer\":\"Reduced by 2.9% (8.4&nbsp;kB)\",\"views\":\"0\",\"likes\":\"0\"},\"title\":\"080 Barcelona Spring-Summer 2017\",\"description\":\"<p>080 Barcelona Spring-Summer 2017<\\\/p>\",\"link\":null,\"link_target\":\"\",\"download\":\"https:\\\/\\\/bobvarela.com\\\/wp-content\\\/flagallery\\\/escorpion-en-el-080-barcelona-fashion-primaveraverano-2017\\\/escorpion_049.jpg\",\"ratio\":1.5},{\"id\":\"25652\",\"image\":\"https:\\\/\\\/bobvarela.com\\\/wp-content\\\/flagallery\\\/escorpion-en-el-080-barcelona-fashion-primaveraverano-2017\\\/webview\\\/escorpion_050.jpg\",\"thumb\":\"https:\\\/\\\/bobvarela.com\\\/wp-content\\\/flagallery\\\/escorpion-en-el-080-barcelona-fashion-primaveraverano-2017\\\/thumbs\\\/thumbs_escorpion_050.jpg\",\"file\":\"escorpion_050.jpg\",\"meta\":{\"aperture\":false,\"credit\":false,\"camera\":false,\"caption\":\"080 Barcelona Spring-Summer 2017\",\"created_timestamp\":\"June 29, 2016 4:46 pm\",\"copyright\":\"\\u00c2\\u00a9 2016 Estrop-Barcelona PHOTOGRAPH FOR FASHION EDITORIAL USE ONLY\",\"focal_length\":false,\"iso\":false,\"shutter_speed\":false,\"flash\":false,\"title\":\"080 Barcelona Spring-Summer 2017\",\"keywords\":\"080 Barcelona,Estrop-Barcelona,INEF,Spring-Summer 2017\",\"width\":1333,\"height\":2000,\"saved\":true,\"thumbnail\":{\"width\":220,\"height\":220,\"ewww_image_optimizer\":\"Reduced by 11.0% (4.3&nbsp;kB)\"},\"webview\":{\"0\":800,\"1\":1200,\"2\":2,\"3\":\"width=\\\"800\\\" height=\\\"1200\\\"\",\"bits\":8,\"channels\":3,\"mime\":\"image\\\/jpeg\",\"ewww_image_optimizer\":\"Reduced by 3.5% (4.4&nbsp;kB) - Previously Optimized\"},\"0\":false,\"ewww_image_optimizer\":\"Reduced by 8.9% (22.6&nbsp;kB)\",\"views\":\"1\",\"likes\":\"0\"},\"title\":\"080 Barcelona Spring-Summer 2017\",\"description\":\"<p>080 Barcelona Spring-Summer 2017<\\\/p>\",\"link\":null,\"link_target\":\"\",\"download\":\"https:\\\/\\\/bobvarela.com\\\/wp-content\\\/flagallery\\\/escorpion-en-el-080-barcelona-fashion-primaveraverano-2017\\\/escorpion_050.jpg\",\"ratio\":0.66666666666666662965923251249478198587894439697265625},{\"id\":\"25653\",\"image\":\"https:\\\/\\\/bobvarela.com\\\/wp-content\\\/flagallery\\\/escorpion-en-el-080-barcelona-fashion-primaveraverano-2017\\\/webview\\\/escorpion_051.jpg\",\"thumb\":\"https:\\\/\\\/bobvarela.com\\\/wp-content\\\/flagallery\\\/escorpion-en-el-080-barcelona-fashion-primaveraverano-2017\\\/thumbs\\\/thumbs_escorpion_051.jpg\",\"file\":\"escorpion_051.jpg\",\"meta\":{\"aperture\":false,\"credit\":false,\"camera\":false,\"caption\":\"080 Barcelona Spring-Summer 2017\",\"created_timestamp\":\"June 29, 2016 4:46 pm\",\"copyright\":\"\\u00c2\\u00a9 2016 Estrop-Barcelona PHOTOGRAPH FOR FASHION EDITORIAL USE ONLY\",\"focal_length\":false,\"iso\":false,\"shutter_speed\":false,\"flash\":false,\"title\":\"080 Barcelona Spring-Summer 2017\",\"keywords\":\"080 Barcelona,Estrop-Barcelona,INEF,Spring-Summer 2017\",\"width\":1333,\"height\":2000,\"saved\":true,\"thumbnail\":{\"width\":220,\"height\":220,\"ewww_image_optimizer\":\"Reduced by 10.0% (4.2&nbsp;kB)\"},\"webview\":{\"0\":800,\"1\":1200,\"2\":2,\"3\":\"width=\\\"800\\\" height=\\\"1200\\\"\",\"bits\":8,\"channels\":3,\"mime\":\"image\\\/jpeg\",\"ewww_image_optimizer\":\"Reduced by 3.7% (5.6&nbsp;kB) - Previously Optimized\"},\"0\":false,\"ewww_image_optimizer\":\"Reduced by 5.4% (16.1&nbsp;kB)\",\"views\":\"1\",\"likes\":\"0\"},\"title\":\"080 Barcelona Spring-Summer 2017\",\"description\":\"<p>080 Barcelona Spring-Summer 2017<\\\/p>\",\"link\":null,\"link_target\":\"\",\"download\":\"https:\\\/\\\/bobvarela.com\\\/wp-content\\\/flagallery\\\/escorpion-en-el-080-barcelona-fashion-primaveraverano-2017\\\/escorpion_051.jpg\",\"ratio\":0.66666666666666662965923251249478198587894439697265625},{\"id\":\"25654\",\"image\":\"https:\\\/\\\/bobvarela.com\\\/wp-content\\\/flagallery\\\/escorpion-en-el-080-barcelona-fashion-primaveraverano-2017\\\/webview\\\/escorpion_052.jpg\",\"thumb\":\"https:\\\/\\\/bobvarela.com\\\/wp-content\\\/flagallery\\\/escorpion-en-el-080-barcelona-fashion-primaveraverano-2017\\\/thumbs\\\/thumbs_escorpion_052.jpg\",\"file\":\"escorpion_052.jpg\",\"meta\":{\"aperture\":false,\"credit\":false,\"camera\":false,\"caption\":\"080 Barcelona Spring-Summer 2017\",\"created_timestamp\":\"June 29, 2016 4:47 pm\",\"copyright\":\"\\u00c2\\u00a9 2016 Estrop-Barcelona PHOTOGRAPH FOR FASHION EDITORIAL USE ONLY\",\"focal_length\":false,\"iso\":false,\"shutter_speed\":false,\"flash\":false,\"title\":\"080 Barcelona Spring-Summer 2017\",\"keywords\":\"080 Barcelona,Estrop-Barcelona,INEF,Spring-Summer 2017\",\"width\":1333,\"height\":2000,\"saved\":true,\"thumbnail\":{\"width\":220,\"height\":220,\"ewww_image_optimizer\":\"Reduced by 9.5% (3.4&nbsp;kB)\"},\"webview\":{\"0\":800,\"1\":1200,\"2\":2,\"3\":\"width=\\\"800\\\" height=\\\"1200\\\"\",\"bits\":8,\"channels\":3,\"mime\":\"image\\\/jpeg\",\"ewww_image_optimizer\":\"Reduced by 2.8% (3.3&nbsp;kB) - Previously Optimized\"},\"0\":false,\"ewww_image_optimizer\":\"Reduced by 10.2% (23.5&nbsp;kB)\",\"views\":\"1\",\"likes\":\"0\"},\"title\":\"080 Barcelona Spring-Summer 2017\",\"description\":\"<p>080 Barcelona Spring-Summer 2017<\\\/p>\",\"link\":null,\"link_target\":\"\",\"download\":\"https:\\\/\\\/bobvarela.com\\\/wp-content\\\/flagallery\\\/escorpion-en-el-080-barcelona-fashion-primaveraverano-2017\\\/escorpion_052.jpg\",\"ratio\":0.66666666666666662965923251249478198587894439697265625},{\"id\":\"25655\",\"image\":\"https:\\\/\\\/bobvarela.com\\\/wp-content\\\/flagallery\\\/escorpion-en-el-080-barcelona-fashion-primaveraverano-2017\\\/webview\\\/escorpion_053.jpg\",\"thumb\":\"https:\\\/\\\/bobvarela.com\\\/wp-content\\\/flagallery\\\/escorpion-en-el-080-barcelona-fashion-primaveraverano-2017\\\/thumbs\\\/thumbs_escorpion_053.jpg\",\"file\":\"escorpion_053.jpg\",\"meta\":{\"aperture\":false,\"credit\":false,\"camera\":false,\"caption\":\"080 Barcelona Spring-Summer 2017\",\"created_timestamp\":\"June 29, 2016 4:47 pm\",\"copyright\":\"\\u00c2\\u00a9 2016 Estrop-Barcelona PHOTOGRAPH FOR FASHION EDITORIAL USE ONLY\",\"focal_length\":false,\"iso\":false,\"shutter_speed\":false,\"flash\":false,\"title\":\"080 Barcelona Spring-Summer 2017\",\"keywords\":\"080 Barcelona,Estrop-Barcelona,INEF,Spring-Summer 2017\",\"width\":1333,\"height\":2000,\"saved\":true,\"thumbnail\":{\"width\":220,\"height\":220,\"ewww_image_optimizer\":\"Reduced by 14.3% (6.6&nbsp;kB)\"},\"webview\":{\"0\":800,\"1\":1200,\"2\":2,\"3\":\"width=\\\"800\\\" height=\\\"1200\\\"\",\"bits\":8,\"channels\":3,\"mime\":\"image\\\/jpeg\",\"ewww_image_optimizer\":\"Reduced by 5.1% (10.1&nbsp;kB) - Previously Optimized\"},\"0\":false,\"ewww_image_optimizer\":\"Reduced by 18.8% (50.1&nbsp;kB)\",\"views\":\"1\",\"likes\":\"0\"},\"title\":\"080 Barcelona Spring-Summer 2017\",\"description\":\"<p>080 Barcelona Spring-Summer 2017<\\\/p>\",\"link\":null,\"link_target\":\"\",\"download\":\"https:\\\/\\\/bobvarela.com\\\/wp-content\\\/flagallery\\\/escorpion-en-el-080-barcelona-fashion-primaveraverano-2017\\\/escorpion_053.jpg\",\"ratio\":0.66666666666666662965923251249478198587894439697265625},{\"id\":\"25656\",\"image\":\"https:\\\/\\\/bobvarela.com\\\/wp-content\\\/flagallery\\\/escorpion-en-el-080-barcelona-fashion-primaveraverano-2017\\\/webview\\\/escorpion_054.jpg\",\"thumb\":\"https:\\\/\\\/bobvarela.com\\\/wp-content\\\/flagallery\\\/escorpion-en-el-080-barcelona-fashion-primaveraverano-2017\\\/thumbs\\\/thumbs_escorpion_054.jpg\",\"file\":\"escorpion_054.jpg\",\"meta\":{\"aperture\":false,\"credit\":false,\"camera\":false,\"caption\":\"080 Barcelona Spring-Summer 2017\",\"created_timestamp\":\"June 29, 2016 4:47 pm\",\"copyright\":\"\\u00c2\\u00a9 2016 Estrop-Barcelona PHOTOGRAPH FOR FASHION EDITORIAL USE ONLY\",\"focal_length\":false,\"iso\":false,\"shutter_speed\":false,\"flash\":false,\"title\":\"080 Barcelona Spring-Summer 2017\",\"keywords\":\"080 Barcelona,Estrop-Barcelona,INEF,Spring-Summer 2017\",\"width\":1333,\"height\":2000,\"saved\":true,\"thumbnail\":{\"width\":220,\"height\":220,\"ewww_image_optimizer\":\"Reduced by 14.3% (6.7&nbsp;kB)\"},\"webview\":{\"0\":800,\"1\":1200,\"2\":2,\"3\":\"width=\\\"800\\\" height=\\\"1200\\\"\",\"bits\":8,\"channels\":3,\"mime\":\"image\\\/jpeg\",\"ewww_image_optimizer\":\"Reduced by 5.0% (10.1&nbsp;kB) - Previously Optimized\"},\"0\":false,\"ewww_image_optimizer\":\"Reduced by 16.7% (41.1&nbsp;kB)\",\"views\":\"1\",\"likes\":\"0\"},\"title\":\"080 Barcelona Spring-Summer 2017\",\"description\":\"<p>080 Barcelona Spring-Summer 2017<\\\/p>\",\"link\":null,\"link_target\":\"\",\"download\":\"https:\\\/\\\/bobvarela.com\\\/wp-content\\\/flagallery\\\/escorpion-en-el-080-barcelona-fashion-primaveraverano-2017\\\/escorpion_054.jpg\",\"ratio\":0.66666666666666662965923251249478198587894439697265625},{\"id\":\"25657\",\"image\":\"https:\\\/\\\/bobvarela.com\\\/wp-content\\\/flagallery\\\/escorpion-en-el-080-barcelona-fashion-primaveraverano-2017\\\/webview\\\/escorpion_055.jpg\",\"thumb\":\"https:\\\/\\\/bobvarela.com\\\/wp-content\\\/flagallery\\\/escorpion-en-el-080-barcelona-fashion-primaveraverano-2017\\\/thumbs\\\/thumbs_escorpion_055.jpg\",\"file\":\"escorpion_055.jpg\",\"meta\":{\"aperture\":false,\"credit\":false,\"camera\":false,\"caption\":\"080 Barcelona Spring-Summer 2017\",\"created_timestamp\":\"June 29, 2016 4:47 pm\",\"copyright\":\"\\u00c2\\u00a9 2016 Estrop-Barcelona PHOTOGRAPH FOR FASHION EDITORIAL USE ONLY\",\"focal_length\":false,\"iso\":false,\"shutter_speed\":false,\"flash\":false,\"title\":\"080 Barcelona Spring-Summer 2017\",\"keywords\":\"080 Barcelona,Estrop-Barcelona,INEF,Spring-Summer 2017\",\"width\":1333,\"height\":2000,\"saved\":true,\"thumbnail\":{\"width\":220,\"height\":220,\"ewww_image_optimizer\":\"Reduced by 14.8% (6.8&nbsp;kB)\"},\"webview\":{\"0\":800,\"1\":1200,\"2\":2,\"3\":\"width=\\\"800\\\" height=\\\"1200\\\"\",\"bits\":8,\"channels\":3,\"mime\":\"image\\\/jpeg\",\"ewww_image_optimizer\":\"Reduced by 5.1% (9.7&nbsp;kB) - Previously Optimized\"},\"0\":false,\"ewww_image_optimizer\":\"Reduced by 14.1% (39.9&nbsp;kB)\",\"views\":\"2\",\"likes\":\"0\"},\"title\":\"080 Barcelona Spring-Summer 2017\",\"description\":\"<p>080 Barcelona Spring-Summer 2017<\\\/p>\",\"link\":null,\"link_target\":\"\",\"download\":\"https:\\\/\\\/bobvarela.com\\\/wp-content\\\/flagallery\\\/escorpion-en-el-080-barcelona-fashion-primaveraverano-2017\\\/escorpion_055.jpg\",\"ratio\":0.66666666666666662965923251249478198587894439697265625},{\"id\":\"25658\",\"image\":\"https:\\\/\\\/bobvarela.com\\\/wp-content\\\/flagallery\\\/escorpion-en-el-080-barcelona-fashion-primaveraverano-2017\\\/webview\\\/escorpion_056.jpg\",\"thumb\":\"https:\\\/\\\/bobvarela.com\\\/wp-content\\\/flagallery\\\/escorpion-en-el-080-barcelona-fashion-primaveraverano-2017\\\/thumbs\\\/thumbs_escorpion_056.jpg\",\"file\":\"escorpion_056.jpg\",\"meta\":{\"aperture\":false,\"credit\":false,\"camera\":false,\"caption\":\"080 Barcelona Spring-Summer 2017\",\"created_timestamp\":\"June 29, 2016 4:47 pm\",\"copyright\":\"\\u00c2\\u00a9 2016 Estrop-Barcelona PHOTOGRAPH FOR FASHION EDITORIAL USE ONLY\",\"focal_length\":false,\"iso\":false,\"shutter_speed\":false,\"flash\":false,\"title\":\"080 Barcelona Spring-Summer 2017\",\"keywords\":\"080 Barcelona,Estrop-Barcelona,INEF,Spring-Summer 2017\",\"width\":1333,\"height\":2000,\"saved\":true,\"thumbnail\":{\"width\":220,\"height\":220,\"ewww_image_optimizer\":\"Reduced by 11.5% (4.2&nbsp;kB)\"},\"webview\":{\"0\":800,\"1\":1200,\"2\":2,\"3\":\"width=\\\"800\\\" height=\\\"1200\\\"\",\"bits\":8,\"channels\":3,\"mime\":\"image\\\/jpeg\",\"ewww_image_optimizer\":\"Reduced by 3.2% (3.9&nbsp;kB) - Previously Optimized\"},\"0\":false,\"ewww_image_optimizer\":\"Reduced by 10.1% (25.9&nbsp;kB)\",\"views\":\"1\",\"likes\":\"0\"},\"title\":\"080 Barcelona Spring-Summer 2017\",\"description\":\"<p>080 Barcelona Spring-Summer 2017<\\\/p>\",\"link\":null,\"link_target\":\"\",\"download\":\"https:\\\/\\\/bobvarela.com\\\/wp-content\\\/flagallery\\\/escorpion-en-el-080-barcelona-fashion-primaveraverano-2017\\\/escorpion_056.jpg\",\"ratio\":0.66666666666666662965923251249478198587894439697265625},{\"id\":\"25659\",\"image\":\"https:\\\/\\\/bobvarela.com\\\/wp-content\\\/flagallery\\\/escorpion-en-el-080-barcelona-fashion-primaveraverano-2017\\\/webview\\\/escorpion_057.jpg\",\"thumb\":\"https:\\\/\\\/bobvarela.com\\\/wp-content\\\/flagallery\\\/escorpion-en-el-080-barcelona-fashion-primaveraverano-2017\\\/thumbs\\\/thumbs_escorpion_057.jpg\",\"file\":\"escorpion_057.jpg\",\"meta\":{\"aperture\":false,\"credit\":false,\"camera\":false,\"caption\":\"080 Barcelona Spring-Summer 2017\",\"created_timestamp\":\"June 29, 2016 4:47 pm\",\"copyright\":\"\\u00c2\\u00a9 2016 Estrop-Barcelona PHOTOGRAPH FOR FASHION EDITORIAL USE ONLY\",\"focal_length\":false,\"iso\":false,\"shutter_speed\":false,\"flash\":false,\"title\":\"080 Barcelona Spring-Summer 2017\",\"keywords\":\"080 Barcelona,Estrop-Barcelona,INEF,Spring-Summer 2017\",\"width\":1333,\"height\":2000,\"saved\":true,\"thumbnail\":{\"width\":220,\"height\":220,\"ewww_image_optimizer\":\"Reduced by 12.7% (5.5&nbsp;kB)\"},\"webview\":{\"0\":800,\"1\":1200,\"2\":2,\"3\":\"width=\\\"800\\\" height=\\\"1200\\\"\",\"bits\":8,\"channels\":3,\"mime\":\"image\\\/jpeg\",\"ewww_image_optimizer\":\"Reduced by 3.7% (5.7&nbsp;kB) - Previously Optimized\"},\"0\":false,\"ewww_image_optimizer\":\"Reduced by 4.3% (12.6&nbsp;kB)\",\"views\":\"1\",\"likes\":\"0\"},\"title\":\"080 Barcelona Spring-Summer 2017\",\"description\":\"<p>080 Barcelona Spring-Summer 2017<\\\/p>\",\"link\":null,\"link_target\":\"\",\"download\":\"https:\\\/\\\/bobvarela.com\\\/wp-content\\\/flagallery\\\/escorpion-en-el-080-barcelona-fashion-primaveraverano-2017\\\/escorpion_057.jpg\",\"ratio\":0.66666666666666662965923251249478198587894439697265625},{\"id\":\"25660\",\"image\":\"https:\\\/\\\/bobvarela.com\\\/wp-content\\\/flagallery\\\/escorpion-en-el-080-barcelona-fashion-primaveraverano-2017\\\/webview\\\/escorpion_058.jpg\",\"thumb\":\"https:\\\/\\\/bobvarela.com\\\/wp-content\\\/flagallery\\\/escorpion-en-el-080-barcelona-fashion-primaveraverano-2017\\\/thumbs\\\/thumbs_escorpion_058.jpg\",\"file\":\"escorpion_058.jpg\",\"meta\":{\"aperture\":false,\"credit\":false,\"camera\":false,\"caption\":\"080 Barcelona Spring-Summer 2017\",\"created_timestamp\":\"June 29, 2016 4:47 pm\",\"copyright\":\"\\u00c2\\u00a9 2016 Estrop-Barcelona PHOTOGRAPH FOR FASHION EDITORIAL USE ONLY\",\"focal_length\":false,\"iso\":false,\"shutter_speed\":false,\"flash\":false,\"title\":\"080 Barcelona Spring-Summer 2017\",\"keywords\":\"080 Barcelona,Estrop-Barcelona,INEF,Spring-Summer 2017\",\"width\":1333,\"height\":2000,\"saved\":true,\"thumbnail\":{\"width\":220,\"height\":220,\"ewww_image_optimizer\":\"Reduced by 11.7% (4.4&nbsp;kB)\"},\"webview\":{\"0\":800,\"1\":1200,\"2\":2,\"3\":\"width=\\\"800\\\" height=\\\"1200\\\"\",\"bits\":8,\"channels\":3,\"mime\":\"image\\\/jpeg\",\"ewww_image_optimizer\":\"Reduced by 2.9% (4.0&nbsp;kB) - Previously Optimized\"},\"0\":false,\"ewww_image_optimizer\":\"Reduced by 6.2% (17.4&nbsp;kB)\",\"views\":\"0\",\"likes\":\"0\"},\"title\":\"080 Barcelona Spring-Summer 2017\",\"description\":\"<p>080 Barcelona Spring-Summer 2017<\\\/p>\",\"link\":null,\"link_target\":\"\",\"download\":\"https:\\\/\\\/bobvarela.com\\\/wp-content\\\/flagallery\\\/escorpion-en-el-080-barcelona-fashion-primaveraverano-2017\\\/escorpion_058.jpg\",\"ratio\":0.66666666666666662965923251249478198587894439697265625},{\"id\":\"25661\",\"image\":\"https:\\\/\\\/bobvarela.com\\\/wp-content\\\/flagallery\\\/escorpion-en-el-080-barcelona-fashion-primaveraverano-2017\\\/webview\\\/escorpion_059.jpg\",\"thumb\":\"https:\\\/\\\/bobvarela.com\\\/wp-content\\\/flagallery\\\/escorpion-en-el-080-barcelona-fashion-primaveraverano-2017\\\/thumbs\\\/thumbs_escorpion_059.jpg\",\"file\":\"escorpion_059.jpg\",\"meta\":{\"aperture\":false,\"credit\":false,\"camera\":false,\"caption\":\"080 Barcelona Spring-Summer 2017\",\"created_timestamp\":\"June 29, 2016 4:47 pm\",\"copyright\":\"\\u00c2\\u00a9 2016 Estrop-Barcelona PHOTOGRAPH FOR FASHION EDITORIAL USE ONLY\",\"focal_length\":false,\"iso\":false,\"shutter_speed\":false,\"flash\":false,\"title\":\"080 Barcelona Spring-Summer 2017\",\"keywords\":\"080 Barcelona,Estrop-Barcelona,INEF,Spring-Summer 2017\",\"width\":1333,\"height\":2000,\"saved\":true,\"thumbnail\":{\"width\":220,\"height\":220,\"ewww_image_optimizer\":\"Reduced by 13.7% (5.9&nbsp;kB)\"},\"webview\":{\"0\":800,\"1\":1200,\"2\":2,\"3\":\"width=\\\"800\\\" height=\\\"1200\\\"\",\"bits\":8,\"channels\":3,\"mime\":\"image\\\/jpeg\",\"ewww_image_optimizer\":\"Reduced by 3.6% (5.4&nbsp;kB) - Previously Optimized\"},\"0\":false,\"ewww_image_optimizer\":\"Reduced by 5.4% (15.2&nbsp;kB)\",\"views\":\"1\",\"likes\":\"0\"},\"title\":\"080 Barcelona Spring-Summer 2017\",\"description\":\"<p>080 Barcelona Spring-Summer 2017<\\\/p>\",\"link\":null,\"link_target\":\"\",\"download\":\"https:\\\/\\\/bobvarela.com\\\/wp-content\\\/flagallery\\\/escorpion-en-el-080-barcelona-fashion-primaveraverano-2017\\\/escorpion_059.jpg\",\"ratio\":0.66666666666666662965923251249478198587894439697265625},{\"id\":\"25662\",\"image\":\"https:\\\/\\\/bobvarela.com\\\/wp-content\\\/flagallery\\\/escorpion-en-el-080-barcelona-fashion-primaveraverano-2017\\\/webview\\\/escorpion_060.jpg\",\"thumb\":\"https:\\\/\\\/bobvarela.com\\\/wp-content\\\/flagallery\\\/escorpion-en-el-080-barcelona-fashion-primaveraverano-2017\\\/thumbs\\\/thumbs_escorpion_060.jpg\",\"file\":\"escorpion_060.jpg\",\"meta\":{\"aperture\":false,\"credit\":false,\"camera\":false,\"caption\":\"080 Barcelona Spring-Summer 2017\",\"created_timestamp\":\"June 29, 2016 4:47 pm\",\"copyright\":\"\\u00c2\\u00a9 2016 Estrop-Barcelona PHOTOGRAPH FOR FASHION EDITORIAL USE ONLY\",\"focal_length\":false,\"iso\":false,\"shutter_speed\":false,\"flash\":false,\"title\":\"080 Barcelona Spring-Summer 2017\",\"keywords\":\"080 Barcelona,Estrop-Barcelona,INEF,Spring-Summer 2017\",\"width\":1333,\"height\":2000,\"saved\":true,\"thumbnail\":{\"width\":220,\"height\":220,\"ewww_image_optimizer\":\"Reduced by 9.7% (3.9&nbsp;kB)\"},\"webview\":{\"0\":800,\"1\":1200,\"2\":2,\"3\":\"width=\\\"800\\\" height=\\\"1200\\\"\",\"bits\":8,\"channels\":3,\"mime\":\"image\\\/jpeg\",\"ewww_image_optimizer\":\"Reduced by 3.8% (6.9&nbsp;kB) - Previously Optimized\"},\"0\":false,\"ewww_image_optimizer\":\"Reduced by 13.8% (33.6&nbsp;kB)\",\"views\":\"2\",\"likes\":\"0\"},\"title\":\"080 Barcelona Spring-Summer 2017\",\"description\":\"<p>080 Barcelona Spring-Summer 2017<\\\/p>\",\"link\":null,\"link_target\":\"\",\"download\":\"https:\\\/\\\/bobvarela.com\\\/wp-content\\\/flagallery\\\/escorpion-en-el-080-barcelona-fashion-primaveraverano-2017\\\/escorpion_060.jpg\",\"ratio\":0.66666666666666662965923251249478198587894439697265625}]}; var container = $('#FlaGallery_sc1_352'); container.photomania(settings, content); window.FlaGallery_sc1_352 = container.data('photomania'); }); <\/script><\/div><noscript id=\"noscript_FlaGallery_sc1_352\"><img class=\"skip-lazy no-lazyload noLazy\" data-lazy-src=\"\" src =\"https:\/\/bobvarela.com\/wp-content\/flagallery\/escorpion-en-el-080-barcelona-fashion-primaveraverano-2017\/escorpion_001.jpg\" alt=\"080 Barcelona Spring-Summer 2017\" \/><img class=\"skip-lazy no-lazyload noLazy\" data-lazy-src=\"\" src =\"https:\/\/bobvarela.com\/wp-content\/flagallery\/escorpion-en-el-080-barcelona-fashion-primaveraverano-2017\/escorpion_002.jpg\" alt=\"080 Barcelona Spring-Summer 2017\" \/><img class=\"skip-lazy no-lazyload noLazy\" data-lazy-src=\"\" src =\"https:\/\/bobvarela.com\/wp-content\/flagallery\/escorpion-en-el-080-barcelona-fashion-primaveraverano-2017\/escorpion_003.jpg\" alt=\"080 Barcelona Spring-Summer 2017\" \/><img class=\"skip-lazy no-lazyload noLazy\" data-lazy-src=\"\" src =\"https:\/\/bobvarela.com\/wp-content\/flagallery\/escorpion-en-el-080-barcelona-fashion-primaveraverano-2017\/escorpion_004.jpg\" alt=\"080 Barcelona Spring-Summer 2017\" \/><img class=\"skip-lazy no-lazyload noLazy\" data-lazy-src=\"\" src =\"https:\/\/bobvarela.com\/wp-content\/flagallery\/escorpion-en-el-080-barcelona-fashion-primaveraverano-2017\/escorpion_005.jpg\" alt=\"080 Barcelona Spring-Summer 2017\" \/><img class=\"skip-lazy no-lazyload noLazy\" data-lazy-src=\"\" src =\"https:\/\/bobvarela.com\/wp-content\/flagallery\/escorpion-en-el-080-barcelona-fashion-primaveraverano-2017\/escorpion_006.jpg\" alt=\"080 Barcelona Spring-Summer 2017\" \/><img class=\"skip-lazy no-lazyload noLazy\" data-lazy-src=\"\" src =\"https:\/\/bobvarela.com\/wp-content\/flagallery\/escorpion-en-el-080-barcelona-fashion-primaveraverano-2017\/escorpion_007.jpg\" alt=\"080 Barcelona Spring-Summer 2017\" \/><img class=\"skip-lazy no-lazyload noLazy\" data-lazy-src=\"\" src =\"https:\/\/bobvarela.com\/wp-content\/flagallery\/escorpion-en-el-080-barcelona-fashion-primaveraverano-2017\/escorpion_008.jpg\" alt=\"080 Barcelona Spring-Summer 2017\" \/><img class=\"skip-lazy no-lazyload noLazy\" data-lazy-src=\"\" src =\"https:\/\/bobvarela.com\/wp-content\/flagallery\/escorpion-en-el-080-barcelona-fashion-primaveraverano-2017\/escorpion_009.jpg\" alt=\"080 Barcelona Spring-Summer 2017\" \/><img class=\"skip-lazy no-lazyload noLazy\" data-lazy-src=\"\" src =\"https:\/\/bobvarela.com\/wp-content\/flagallery\/escorpion-en-el-080-barcelona-fashion-primaveraverano-2017\/escorpion_010.jpg\" alt=\"080 Barcelona Spring-Summer 2017\" \/><img class=\"skip-lazy no-lazyload noLazy\" data-lazy-src=\"\" src =\"https:\/\/bobvarela.com\/wp-content\/flagallery\/escorpion-en-el-080-barcelona-fashion-primaveraverano-2017\/escorpion_011.jpg\" alt=\"080 Barcelona Spring-Summer 2017\" \/><img class=\"skip-lazy no-lazyload noLazy\" data-lazy-src=\"\" src =\"https:\/\/bobvarela.com\/wp-content\/flagallery\/escorpion-en-el-080-barcelona-fashion-primaveraverano-2017\/escorpion_012.jpg\" alt=\"080 Barcelona Spring-Summer 2017\" \/><img class=\"skip-lazy no-lazyload noLazy\" data-lazy-src=\"\" src =\"https:\/\/bobvarela.com\/wp-content\/flagallery\/escorpion-en-el-080-barcelona-fashion-primaveraverano-2017\/escorpion_013.jpg\" alt=\"080 Barcelona Spring-Summer 2017\" \/><img class=\"skip-lazy no-lazyload noLazy\" data-lazy-src=\"\" src =\"https:\/\/bobvarela.com\/wp-content\/flagallery\/escorpion-en-el-080-barcelona-fashion-primaveraverano-2017\/escorpion_014.jpg\" alt=\"080 Barcelona Spring-Summer 2017\" \/><img class=\"skip-lazy no-lazyload noLazy\" data-lazy-src=\"\" src =\"https:\/\/bobvarela.com\/wp-content\/flagallery\/escorpion-en-el-080-barcelona-fashion-primaveraverano-2017\/escorpion_015.jpg\" alt=\"080 Barcelona Spring-Summer 2017\" \/><img class=\"skip-lazy no-lazyload noLazy\" data-lazy-src=\"\" src =\"https:\/\/bobvarela.com\/wp-content\/flagallery\/escorpion-en-el-080-barcelona-fashion-primaveraverano-2017\/escorpion_016.jpg\" alt=\"080 Barcelona Spring-Summer 2017\" \/><img class=\"skip-lazy no-lazyload noLazy\" data-lazy-src=\"\" src =\"https:\/\/bobvarela.com\/wp-content\/flagallery\/escorpion-en-el-080-barcelona-fashion-primaveraverano-2017\/escorpion_017.jpg\" alt=\"080 Barcelona Spring-Summer 2017\" \/><img class=\"skip-lazy no-lazyload noLazy\" data-lazy-src=\"\" src =\"https:\/\/bobvarela.com\/wp-content\/flagallery\/escorpion-en-el-080-barcelona-fashion-primaveraverano-2017\/escorpion_018.jpg\" alt=\"080 Barcelona Spring-Summer 2017\" \/><img class=\"skip-lazy no-lazyload noLazy\" data-lazy-src=\"\" src =\"https:\/\/bobvarela.com\/wp-content\/flagallery\/escorpion-en-el-080-barcelona-fashion-primaveraverano-2017\/escorpion_019.jpg\" alt=\"080 Barcelona Spring-Summer 2017\" \/><img class=\"skip-lazy no-lazyload noLazy\" data-lazy-src=\"\" src =\"https:\/\/bobvarela.com\/wp-content\/flagallery\/escorpion-en-el-080-barcelona-fashion-primaveraverano-2017\/escorpion_020.jpg\" alt=\"080 Barcelona Spring-Summer 2017\" \/><img class=\"skip-lazy no-lazyload noLazy\" data-lazy-src=\"\" src =\"https:\/\/bobvarela.com\/wp-content\/flagallery\/escorpion-en-el-080-barcelona-fashion-primaveraverano-2017\/escorpion_021.jpg\" alt=\"080 Barcelona Spring-Summer 2017\" \/><img class=\"skip-lazy no-lazyload noLazy\" data-lazy-src=\"\" src =\"https:\/\/bobvarela.com\/wp-content\/flagallery\/escorpion-en-el-080-barcelona-fashion-primaveraverano-2017\/escorpion_022.jpg\" alt=\"080 Barcelona Spring-Summer 2017\" \/><img class=\"skip-lazy no-lazyload noLazy\" data-lazy-src=\"\" src =\"https:\/\/bobvarela.com\/wp-content\/flagallery\/escorpion-en-el-080-barcelona-fashion-primaveraverano-2017\/escorpion_023.jpg\" alt=\"080 Barcelona Spring-Summer 2017\" \/><img class=\"skip-lazy no-lazyload noLazy\" data-lazy-src=\"\" src =\"https:\/\/bobvarela.com\/wp-content\/flagallery\/escorpion-en-el-080-barcelona-fashion-primaveraverano-2017\/escorpion_024.jpg\" alt=\"080 Barcelona Spring-Summer 2017\" \/><img class=\"skip-lazy no-lazyload noLazy\" data-lazy-src=\"\" src =\"https:\/\/bobvarela.com\/wp-content\/flagallery\/escorpion-en-el-080-barcelona-fashion-primaveraverano-2017\/escorpion_025.jpg\" alt=\"080 Barcelona Spring-Summer 2017\" \/><img class=\"skip-lazy no-lazyload noLazy\" data-lazy-src=\"\" src =\"https:\/\/bobvarela.com\/wp-content\/flagallery\/escorpion-en-el-080-barcelona-fashion-primaveraverano-2017\/escorpion_026.jpg\" alt=\"080 Barcelona Spring-Summer 2017\" \/><img class=\"skip-lazy no-lazyload noLazy\" data-lazy-src=\"\" src =\"https:\/\/bobvarela.com\/wp-content\/flagallery\/escorpion-en-el-080-barcelona-fashion-primaveraverano-2017\/escorpion_027.jpg\" alt=\"080 Barcelona Spring-Summer 2017\" \/><img class=\"skip-lazy no-lazyload noLazy\" data-lazy-src=\"\" src =\"https:\/\/bobvarela.com\/wp-content\/flagallery\/escorpion-en-el-080-barcelona-fashion-primaveraverano-2017\/escorpion_028.jpg\" alt=\"080 Barcelona Spring-Summer 2017\" \/><img class=\"skip-lazy no-lazyload noLazy\" data-lazy-src=\"\" src =\"https:\/\/bobvarela.com\/wp-content\/flagallery\/escorpion-en-el-080-barcelona-fashion-primaveraverano-2017\/escorpion_029.jpg\" alt=\"080 Barcelona Spring-Summer 2017\" \/><img class=\"skip-lazy no-lazyload noLazy\" data-lazy-src=\"\" src =\"https:\/\/bobvarela.com\/wp-content\/flagallery\/escorpion-en-el-080-barcelona-fashion-primaveraverano-2017\/escorpion_030.jpg\" alt=\"080 Barcelona Spring-Summer 2017\" \/><img class=\"skip-lazy no-lazyload noLazy\" data-lazy-src=\"\" src =\"https:\/\/bobvarela.com\/wp-content\/flagallery\/escorpion-en-el-080-barcelona-fashion-primaveraverano-2017\/escorpion_031.jpg\" alt=\"080 Barcelona Spring-Summer 2017\" \/><img class=\"skip-lazy no-lazyload noLazy\" data-lazy-src=\"\" src =\"https:\/\/bobvarela.com\/wp-content\/flagallery\/escorpion-en-el-080-barcelona-fashion-primaveraverano-2017\/escorpion_032.jpg\" alt=\"080 Barcelona Spring-Summer 2017\" \/><img class=\"skip-lazy no-lazyload noLazy\" data-lazy-src=\"\" src =\"https:\/\/bobvarela.com\/wp-content\/flagallery\/escorpion-en-el-080-barcelona-fashion-primaveraverano-2017\/escorpion_033.jpg\" alt=\"080 Barcelona Spring-Summer 2017\" \/><img class=\"skip-lazy no-lazyload noLazy\" data-lazy-src=\"\" src =\"https:\/\/bobvarela.com\/wp-content\/flagallery\/escorpion-en-el-080-barcelona-fashion-primaveraverano-2017\/escorpion_034.jpg\" alt=\"080 Barcelona Spring-Summer 2017\" \/><img class=\"skip-lazy no-lazyload noLazy\" data-lazy-src=\"\" src =\"https:\/\/bobvarela.com\/wp-content\/flagallery\/escorpion-en-el-080-barcelona-fashion-primaveraverano-2017\/escorpion_035.jpg\" alt=\"080 Barcelona Spring-Summer 2017\" \/><img class=\"skip-lazy no-lazyload noLazy\" data-lazy-src=\"\" src =\"https:\/\/bobvarela.com\/wp-content\/flagallery\/escorpion-en-el-080-barcelona-fashion-primaveraverano-2017\/escorpion_036.jpg\" alt=\"080 Barcelona Spring-Summer 2017\" \/><img class=\"skip-lazy no-lazyload noLazy\" data-lazy-src=\"\" src =\"https:\/\/bobvarela.com\/wp-content\/flagallery\/escorpion-en-el-080-barcelona-fashion-primaveraverano-2017\/escorpion_037.jpg\" alt=\"080 Barcelona Spring-Summer 2017\" \/><img class=\"skip-lazy no-lazyload noLazy\" data-lazy-src=\"\" src =\"https:\/\/bobvarela.com\/wp-content\/flagallery\/escorpion-en-el-080-barcelona-fashion-primaveraverano-2017\/escorpion_038.jpg\" alt=\"080 Barcelona Spring-Summer 2017\" \/><img class=\"skip-lazy no-lazyload noLazy\" data-lazy-src=\"\" src =\"https:\/\/bobvarela.com\/wp-content\/flagallery\/escorpion-en-el-080-barcelona-fashion-primaveraverano-2017\/escorpion_039.jpg\" alt=\"080 Barcelona Spring-Summer 2017\" \/><img class=\"skip-lazy no-lazyload noLazy\" data-lazy-src=\"\" src =\"https:\/\/bobvarela.com\/wp-content\/flagallery\/escorpion-en-el-080-barcelona-fashion-primaveraverano-2017\/escorpion_040.jpg\" alt=\"080 Barcelona Spring-Summer 2017\" \/><img class=\"skip-lazy no-lazyload noLazy\" data-lazy-src=\"\" src =\"https:\/\/bobvarela.com\/wp-content\/flagallery\/escorpion-en-el-080-barcelona-fashion-primaveraverano-2017\/escorpion_041.jpg\" alt=\"080 Barcelona Spring-Summer 2017\" \/><img class=\"skip-lazy no-lazyload noLazy\" data-lazy-src=\"\" src =\"https:\/\/bobvarela.com\/wp-content\/flagallery\/escorpion-en-el-080-barcelona-fashion-primaveraverano-2017\/escorpion_042.jpg\" alt=\"080 Barcelona Spring-Summer 2017\" \/><img class=\"skip-lazy no-lazyload noLazy\" data-lazy-src=\"\" src =\"https:\/\/bobvarela.com\/wp-content\/flagallery\/escorpion-en-el-080-barcelona-fashion-primaveraverano-2017\/escorpion_043.jpg\" alt=\"080 Barcelona Spring-Summer 2017\" \/><img class=\"skip-lazy no-lazyload noLazy\" data-lazy-src=\"\" src =\"https:\/\/bobvarela.com\/wp-content\/flagallery\/escorpion-en-el-080-barcelona-fashion-primaveraverano-2017\/escorpion_044.jpg\" alt=\"080 Barcelona Spring-Summer 2017\" \/><img class=\"skip-lazy no-lazyload noLazy\" data-lazy-src=\"\" src =\"https:\/\/bobvarela.com\/wp-content\/flagallery\/escorpion-en-el-080-barcelona-fashion-primaveraverano-2017\/escorpion_045.jpg\" alt=\"080 Barcelona Spring-Summer 2017\" \/><img class=\"skip-lazy no-lazyload noLazy\" data-lazy-src=\"\" src =\"https:\/\/bobvarela.com\/wp-content\/flagallery\/escorpion-en-el-080-barcelona-fashion-primaveraverano-2017\/escorpion_046.jpg\" alt=\"080 Barcelona Spring-Summer 2017\" \/><img class=\"skip-lazy no-lazyload noLazy\" data-lazy-src=\"\" src =\"https:\/\/bobvarela.com\/wp-content\/flagallery\/escorpion-en-el-080-barcelona-fashion-primaveraverano-2017\/escorpion_047.jpg\" alt=\"080 Barcelona Spring-Summer 2017\" \/><img class=\"skip-lazy no-lazyload noLazy\" data-lazy-src=\"\" src =\"https:\/\/bobvarela.com\/wp-content\/flagallery\/escorpion-en-el-080-barcelona-fashion-primaveraverano-2017\/escorpion_048.jpg\" alt=\"080 Barcelona Spring-Summer 2017\" \/><img class=\"skip-lazy no-lazyload noLazy\" data-lazy-src=\"\" src =\"https:\/\/bobvarela.com\/wp-content\/flagallery\/escorpion-en-el-080-barcelona-fashion-primaveraverano-2017\/escorpion_049.jpg\" alt=\"080 Barcelona Spring-Summer 2017\" \/><img class=\"skip-lazy no-lazyload noLazy\" data-lazy-src=\"\" src =\"https:\/\/bobvarela.com\/wp-content\/flagallery\/escorpion-en-el-080-barcelona-fashion-primaveraverano-2017\/escorpion_050.jpg\" alt=\"080 Barcelona Spring-Summer 2017\" \/><img class=\"skip-lazy no-lazyload noLazy\" data-lazy-src=\"\" src =\"https:\/\/bobvarela.com\/wp-content\/flagallery\/escorpion-en-el-080-barcelona-fashion-primaveraverano-2017\/escorpion_051.jpg\" alt=\"080 Barcelona Spring-Summer 2017\" \/><img class=\"skip-lazy no-lazyload noLazy\" data-lazy-src=\"\" src =\"https:\/\/bobvarela.com\/wp-content\/flagallery\/escorpion-en-el-080-barcelona-fashion-primaveraverano-2017\/escorpion_052.jpg\" alt=\"080 Barcelona Spring-Summer 2017\" \/><img class=\"skip-lazy no-lazyload noLazy\" data-lazy-src=\"\" src =\"https:\/\/bobvarela.com\/wp-content\/flagallery\/escorpion-en-el-080-barcelona-fashion-primaveraverano-2017\/escorpion_053.jpg\" alt=\"080 Barcelona Spring-Summer 2017\" \/><img class=\"skip-lazy no-lazyload noLazy\" data-lazy-src=\"\" src =\"https:\/\/bobvarela.com\/wp-content\/flagallery\/escorpion-en-el-080-barcelona-fashion-primaveraverano-2017\/escorpion_054.jpg\" alt=\"080 Barcelona Spring-Summer 2017\" \/><img class=\"skip-lazy no-lazyload noLazy\" data-lazy-src=\"\" src =\"https:\/\/bobvarela.com\/wp-content\/flagallery\/escorpion-en-el-080-barcelona-fashion-primaveraverano-2017\/escorpion_055.jpg\" alt=\"080 Barcelona Spring-Summer 2017\" \/><img class=\"skip-lazy no-lazyload noLazy\" data-lazy-src=\"\" src =\"https:\/\/bobvarela.com\/wp-content\/flagallery\/escorpion-en-el-080-barcelona-fashion-primaveraverano-2017\/escorpion_056.jpg\" alt=\"080 Barcelona Spring-Summer 2017\" \/><img class=\"skip-lazy no-lazyload noLazy\" data-lazy-src=\"\" src =\"https:\/\/bobvarela.com\/wp-content\/flagallery\/escorpion-en-el-080-barcelona-fashion-primaveraverano-2017\/escorpion_057.jpg\" alt=\"080 Barcelona Spring-Summer 2017\" \/><img class=\"skip-lazy no-lazyload noLazy\" data-lazy-src=\"\" src =\"https:\/\/bobvarela.com\/wp-content\/flagallery\/escorpion-en-el-080-barcelona-fashion-primaveraverano-2017\/escorpion_058.jpg\" alt=\"080 Barcelona Spring-Summer 2017\" \/><img class=\"skip-lazy no-lazyload noLazy\" data-lazy-src=\"\" src =\"https:\/\/bobvarela.com\/wp-content\/flagallery\/escorpion-en-el-080-barcelona-fashion-primaveraverano-2017\/escorpion_059.jpg\" alt=\"080 Barcelona Spring-Summer 2017\" \/><img class=\"skip-lazy no-lazyload noLazy\" data-lazy-src=\"\" src =\"https:\/\/bobvarela.com\/wp-content\/flagallery\/escorpion-en-el-080-barcelona-fashion-primaveraverano-2017\/escorpion_060.jpg\" alt=\"080 Barcelona Spring-Summer 2017\" \/><\/noscript><\/p>\n","protected":false},"excerpt":{"rendered":"<p>Escorpion presento&#160; la colecci\u00f3n \u201cOdaliscas\u201d, una visi\u00f3n nost\u00e1lgica y misteriosa del Oriente. La propuesta de Escorpion recoge la nostalgia de un clima, del ritmo indolente y pausado de mujeres inmersas en rituales ancestrales de belleza, rendidas al placer del hammam.&hellip;<\/p>\n<p class=\"more-link-p\"><a class=\"more-link\" href=\"https:\/\/bobvarela.com\/?p=100611\">Read more &rarr;<\/a><\/p>\n","protected":false},"author":1,"featured_media":0,"comment_status":"open","ping_status":"open","sticky":false,"template":"","format":"standard","meta":{"ngg_post_thumbnail":0,"footnotes":""},"categories":[478,4],"tags":[],"class_list":["post-100611","post","type-post","status-publish","format-standard","hentry","category-080-barcelona","category-moda"],"_links":{"self":[{"href":"https:\/\/bobvarela.com\/index.php?rest_route=\/wp\/v2\/posts\/100611","targetHints":{"allow":["GET"]}}],"collection":[{"href":"https:\/\/bobvarela.com\/index.php?rest_route=\/wp\/v2\/posts"}],"about":[{"href":"https:\/\/bobvarela.com\/index.php?rest_route=\/wp\/v2\/types\/post"}],"author":[{"embeddable":true,"href":"https:\/\/bobvarela.com\/index.php?rest_route=\/wp\/v2\/users\/1"}],"replies":[{"embeddable":true,"href":"https:\/\/bobvarela.com\/index.php?rest_route=%2Fwp%2Fv2%2Fcomments&post=100611"}],"version-history":[{"count":1,"href":"https:\/\/bobvarela.com\/index.php?rest_route=\/wp\/v2\/posts\/100611\/revisions"}],"predecessor-version":[{"id":100612,"href":"https:\/\/bobvarela.com\/index.php?rest_route=\/wp\/v2\/posts\/100611\/revisions\/100612"}],"wp:attachment":[{"href":"https:\/\/bobvarela.com\/index.php?rest_route=%2Fwp%2Fv2%2Fmedia&parent=100611"}],"wp:term":[{"taxonomy":"category","embeddable":true,"href":"https:\/\/bobvarela.com\/index.php?rest_route=%2Fwp%2Fv2%2Fcategories&post=100611"},{"taxonomy":"post_tag","embeddable":true,"href":"https:\/\/bobvarela.com\/index.php?rest_route=%2Fwp%2Fv2%2Ftags&post=100611"}],"curies":[{"name":"wp","href":"https:\/\/api.w.org\/{rel}","templated":true}]}}