{"id":100915,"date":"2016-07-26T12:41:16","date_gmt":"2016-07-26T16:41:16","guid":{"rendered":"https:\/\/bobvarela.com\/?p=100915"},"modified":"2016-07-26T12:41:16","modified_gmt":"2016-07-26T16:41:16","slug":"jorge-duque-en-colombiamoda-2016","status":"publish","type":"post","link":"https:\/\/bobvarela.com\/?p=100915","title":{"rendered":"Jorge Duque en Colombiamoda 2016"},"content":{"rendered":"<p align=\"justify\"><font size=\"3\">La pasarela inaugural de la 27\u00b0 versi\u00f3n de Colombiamoda, estuvo a cargo del dise\u00f1ador Jorge Duque, cuya colecci\u00f3n est\u00e1 inspirada en el tango, los sonidos urbanos actuales, el fileteado porte\u00f1o y los festivales musicales como Coachella o Burning Man.<\/font><\/p>\n<p align=\"justify\"><font size=\"3\">La colecci\u00f3n Primavera\/Verano 2017, que evoca la cultura popular de las calles latinoamericanas fue en las bodegas de la F\u00e1brica de Licores y Alcoholes de Antioquia<\/font><\/p>\n<p align=\"justify\">ngg_shortcode_0_placeholder<\/p>\n","protected":false},"excerpt":{"rendered":"<p>La pasarela inaugural de la 27\u00b0 versi\u00f3n de Colombiamoda, estuvo a cargo del dise\u00f1ador Jorge Duque, cuya colecci\u00f3n est\u00e1 inspirada en el tango, los sonidos urbanos actuales, el fileteado porte\u00f1o y los festivales musicales como Coachella o Burning Man. La&hellip;<\/p>\n<p class=\"more-link-p\"><a class=\"more-link\" href=\"https:\/\/bobvarela.com\/?p=100915\">Read more &rarr;<\/a><\/p>\n","protected":false},"author":1,"featured_media":0,"comment_status":"open","ping_status":"open","sticky":false,"template":"","format":"standard","meta":{"ngg_post_thumbnail":0,"footnotes":""},"categories":[417,4],"tags":[],"class_list":["post-100915","post","type-post","status-publish","format-standard","hentry","category-colombiamoda","category-moda"],"_links":{"self":[{"href":"https:\/\/bobvarela.com\/index.php?rest_route=\/wp\/v2\/posts\/100915","targetHints":{"allow":["GET"]}}],"collection":[{"href":"https:\/\/bobvarela.com\/index.php?rest_route=\/wp\/v2\/posts"}],"about":[{"href":"https:\/\/bobvarela.com\/index.php?rest_route=\/wp\/v2\/types\/post"}],"author":[{"embeddable":true,"href":"https:\/\/bobvarela.com\/index.php?rest_route=\/wp\/v2\/users\/1"}],"replies":[{"embeddable":true,"href":"https:\/\/bobvarela.com\/index.php?rest_route=%2Fwp%2Fv2%2Fcomments&post=100915"}],"version-history":[{"count":1,"href":"https:\/\/bobvarela.com\/index.php?rest_route=\/wp\/v2\/posts\/100915\/revisions"}],"predecessor-version":[{"id":100916,"href":"https:\/\/bobvarela.com\/index.php?rest_route=\/wp\/v2\/posts\/100915\/revisions\/100916"}],"wp:attachment":[{"href":"https:\/\/bobvarela.com\/index.php?rest_route=%2Fwp%2Fv2%2Fmedia&parent=100915"}],"wp:term":[{"taxonomy":"category","embeddable":true,"href":"https:\/\/bobvarela.com\/index.php?rest_route=%2Fwp%2Fv2%2Fcategories&post=100915"},{"taxonomy":"post_tag","embeddable":true,"href":"https:\/\/bobvarela.com\/index.php?rest_route=%2Fwp%2Fv2%2Ftags&post=100915"}],"curies":[{"name":"wp","href":"https:\/\/api.w.org\/{rel}","templated":true}]}}