{"id":100979,"date":"2016-07-26T19:23:48","date_gmt":"2016-07-26T23:23:48","guid":{"rendered":"https:\/\/bobvarela.com\/?p=100979"},"modified":"2016-07-26T19:24:17","modified_gmt":"2016-07-26T23:24:17","slug":"edwing-dangelo-en-colombiamoda-2016","status":"publish","type":"post","link":"https:\/\/bobvarela.com\/?p=100979","title":{"rendered":"Edwing D&rsquo;Angelo en ColombiaModa 2016"},"content":{"rendered":"<p align=\"justify\"><font size=\"3\">El dise\u00f1ador afrocolombiano, <strong>Edwing D\u2019Angelo, quien<\/strong> actualmente est\u00e1 radicado en New York ser\u00e1 uno de los invitados de honor en las pasarelas de Colombiamoda 2016, lo acompa\u00f1ar\u00e1 el bailar\u00edn y solista del Royal Ballet de Londres, Fernando Monta\u00f1o.<\/font><\/p>\n<p align=\"justify\"><font size=\"3\">La colecci\u00f3n titulada \u2018Para Palenque con Amor\u2019, tiene el concepto de un asunto de pasi\u00f3n, como s\u00edmbolo de reconciliaci\u00f3n del pasado ancestral con un futuro brillante, lleno de <strong>amor y felicidad<\/strong>, donde las prendas mostrar\u00e1n la frescura del Caribe con telas ligeras y cortes holgados al cuerpo.<\/font><\/p>\n<p align=\"justify\">ngg_shortcode_0_placeholder<\/p>\n","protected":false},"excerpt":{"rendered":"<p>El dise\u00f1ador afrocolombiano, Edwing D\u2019Angelo, quien actualmente est\u00e1 radicado en New York ser\u00e1 uno de los invitados de honor en las pasarelas de Colombiamoda 2016, lo acompa\u00f1ar\u00e1 el bailar\u00edn y solista del Royal Ballet de Londres, Fernando Monta\u00f1o. La colecci\u00f3n&hellip;<\/p>\n<p class=\"more-link-p\"><a class=\"more-link\" href=\"https:\/\/bobvarela.com\/?p=100979\">Read more &rarr;<\/a><\/p>\n","protected":false},"author":1,"featured_media":0,"comment_status":"open","ping_status":"open","sticky":false,"template":"","format":"standard","meta":{"ngg_post_thumbnail":0,"footnotes":""},"categories":[417,4],"tags":[],"class_list":["post-100979","post","type-post","status-publish","format-standard","hentry","category-colombiamoda","category-moda"],"_links":{"self":[{"href":"https:\/\/bobvarela.com\/index.php?rest_route=\/wp\/v2\/posts\/100979","targetHints":{"allow":["GET"]}}],"collection":[{"href":"https:\/\/bobvarela.com\/index.php?rest_route=\/wp\/v2\/posts"}],"about":[{"href":"https:\/\/bobvarela.com\/index.php?rest_route=\/wp\/v2\/types\/post"}],"author":[{"embeddable":true,"href":"https:\/\/bobvarela.com\/index.php?rest_route=\/wp\/v2\/users\/1"}],"replies":[{"embeddable":true,"href":"https:\/\/bobvarela.com\/index.php?rest_route=%2Fwp%2Fv2%2Fcomments&post=100979"}],"version-history":[{"count":2,"href":"https:\/\/bobvarela.com\/index.php?rest_route=\/wp\/v2\/posts\/100979\/revisions"}],"predecessor-version":[{"id":100981,"href":"https:\/\/bobvarela.com\/index.php?rest_route=\/wp\/v2\/posts\/100979\/revisions\/100981"}],"wp:attachment":[{"href":"https:\/\/bobvarela.com\/index.php?rest_route=%2Fwp%2Fv2%2Fmedia&parent=100979"}],"wp:term":[{"taxonomy":"category","embeddable":true,"href":"https:\/\/bobvarela.com\/index.php?rest_route=%2Fwp%2Fv2%2Fcategories&post=100979"},{"taxonomy":"post_tag","embeddable":true,"href":"https:\/\/bobvarela.com\/index.php?rest_route=%2Fwp%2Fv2%2Ftags&post=100979"}],"curies":[{"name":"wp","href":"https:\/\/api.w.org\/{rel}","templated":true}]}}