{"id":103146,"date":"2016-09-23T11:51:06","date_gmt":"2016-09-23T15:51:06","guid":{"rendered":"https:\/\/bobvarela.com\/?p=103146"},"modified":"2016-09-23T11:51:06","modified_gmt":"2016-09-23T15:51:06","slug":"galaxy-garden-tiny-world-2016","status":"publish","type":"post","link":"https:\/\/bobvarela.com\/?p=103146","title":{"rendered":"Galaxy Garden Tiny World 2016"},"content":{"rendered":"<p align=\"center\"><a href=\"https:\/\/bobvarela.com\/wp-content\/uploads\/2016\/09\/PROMOJUANCOLON-2.jpg\"><img loading=\"lazy\" decoding=\"async\" title=\"PROMOJUANCOLON 2\" style=\"border-top: 0px; border-right: 0px; background-image: none; border-bottom: 0px; padding-top: 0px; padding-left: 0px; border-left: 0px; display: inline; padding-right: 0px\" border=\"0\" alt=\"PROMOJUANCOLON 2\" src=\"https:\/\/bobvarela.com\/wp-content\/uploads\/2016\/09\/PROMOJUANCOLON-2_thumb.jpg\" width=\"362\" height=\"260\" \/><\/a><\/p>\n<p align=\"justify\"><font size=\"3\">El dise\u00f1ador <b>Juan Col\u00f3n<\/b> presenta el 30 de septiembre en el Centro para Puerto Rico en Rio Piedras su nueva propuesta de moda Holiday Resort 2016 titulada Galaxy Garden, donde se enfoca en la nueva generaci\u00f3n de modelos reales. La nueva propuesta es una de tonos met\u00e1licos y neutrales, donde se proponen l\u00edneas cl\u00e1sicas y modernas en las damas y para los caballeros ropa casual elegante. Los colores dorados, ocres, grises, plateados, negro y blanco dominaran la pasarela del desfile <b>Galaxy Garden TIny World<\/b>, y el look total de los modelos estar\u00e1 recreado por el Team \u00c1lvarez Ninoshka y Myrangel Academy.<b><\/b><\/font><\/p>\n<p align=\"justify\"><font size=\"3\"><i>\u201cGalaxy Garden est\u00e1 inspirado en este lugar fuera de lo real, donde detalles futur\u00edsticos, presentes y pasados se entremezclan en un mismo destino. Este jard\u00edn es el punto de encuentro donde el ser humano reflexiona y analiza que es lo importante en la vida y los planes del futuro. Es un lugar imaginario donde los seres se aceptan tal cuales son y aceptan a los dem\u00e1s como son.<\/i>\u201d, menciona Juan Col\u00f3n<\/font><\/p>\n<p align=\"center\"><a href=\"https:\/\/bobvarela.com\/wp-content\/uploads\/2016\/09\/lester-pic.jpg\"><img loading=\"lazy\" decoding=\"async\" title=\"lester pic\" style=\"border-top: 0px; border-right: 0px; background-image: none; border-bottom: 0px; padding-top: 0px; padding-left: 0px; border-left: 0px; margin: 0px; display: inline; padding-right: 0px\" border=\"0\" alt=\"lester pic\" src=\"https:\/\/bobvarela.com\/wp-content\/uploads\/2016\/09\/lester-pic_thumb.jpg\" width=\"134\" height=\"192\" \/><\/a><a href=\"https:\/\/bobvarela.com\/wp-content\/uploads\/2016\/09\/adriana-tiny-pic.jpg\"><img loading=\"lazy\" decoding=\"async\" title=\"adriana tiny pic\" style=\"border-top: 0px; border-right: 0px; background-image: none; border-bottom: 0px; padding-top: 0px; padding-left: 0px; border-left: 0px; display: inline; padding-right: 0px\" border=\"0\" alt=\"adriana tiny pic\" src=\"https:\/\/bobvarela.com\/wp-content\/uploads\/2016\/09\/adriana-tiny-pic_thumb.jpg\" width=\"134\" height=\"193\" \/><\/a><\/p>\n<p align=\"justify\"><font size=\"3\">En esta pasarela se presentan modelos de estaturas promedios que han estado en pasadas ediciones de Tiny World, adem\u00e1s de los los 12 Tiny Models semifinalistas que aceptaron el reto del reality <b>TIny World Model 2016. <\/b>Estos 12 semifinalistas estar\u00e1n modelando tambi\u00e9n esa noche para varios dise\u00f1adores invitados los cuales son: <b>Karlz Louis, Sonimar, Jos\u00e9 Luis Negr\u00f3n, Ashleen Castillo, Yelitza Villafa\u00f1e y LA BOYX<\/b>. Estos 6 dise\u00f1adores aceptaron el reto de crear piezas para los semifinalistas, con materiales entregados por la producci\u00f3n pero con la libertad de crear dependiendo de su estilo. <\/font><\/p>\n<p align=\"justify\"><font size=\"3\"><a href=\"https:\/\/bobvarela.com\/wp-content\/uploads\/2016\/09\/adriana-Retocada-TW.jpg\"><img loading=\"lazy\" decoding=\"async\" title=\"adriana Retocada TW\" style=\"border-top: 0px; border-right: 0px; background-image: none; border-bottom: 0px; float: left; padding-top: 0px; padding-left: 0px; border-left: 0px; display: inline; padding-right: 0px\" border=\"0\" alt=\"adriana Retocada TW\" src=\"https:\/\/bobvarela.com\/wp-content\/uploads\/2016\/09\/adriana-Retocada-TW_thumb.jpg\" width=\"150\" align=\"left\" height=\"258\" \/><\/a>Tiny World Model representa la plataforma para entretener y educar sobre la disciplina y compromiso que se debe tener para sobresalir en la Industria de la Moda, adem\u00e1s la interacci\u00f3n modelo y dise\u00f1ador para que el resultado final sea el \u00f3ptimo. Los 12 semifinalistas han pasado por varios retos y preparaci\u00f3n tanto f\u00edsico, mental y evolutivo para llegar a la pasarela de <b>Galaxy Garden<\/b>. El <i>reality<\/i> es transmitido con alcance mundial a trav\u00e9s de la plataforma YouTube por el canal <b>JANCO UNLIMITED (youtube.com\/jancounlimited)<\/b>.<\/font><\/p>\n<p align=\"justify\"><font size=\"3\">El evento ser\u00e1 ambientado por <b>JC Moda, VanDeko y ArteVivo<\/b>, adem\u00e1s los presentes contaran con un coctel previo por Fiji Water, Perrier, Apotic Wine y Cointreau. <\/font><\/p>\n<p align=\"justify\"><font size=\"3\">Para m\u00e1s informaci\u00f3n pueden acceder a Facebook a las p\u00e1ginas Tiny World Model y Moda Juan Colon. <\/font><\/p>\n","protected":false},"excerpt":{"rendered":"<p>El dise\u00f1ador Juan Col\u00f3n presenta el 30 de septiembre en el Centro para Puerto Rico en Rio Piedras su nueva propuesta de moda Holiday Resort 2016 titulada Galaxy Garden, donde se enfoca en la nueva generaci\u00f3n de modelos reales. La&hellip;<\/p>\n<p class=\"more-link-p\"><a class=\"more-link\" href=\"https:\/\/bobvarela.com\/?p=103146\">Read more &rarr;<\/a><\/p>\n","protected":false},"author":1,"featured_media":0,"comment_status":"open","ping_status":"open","sticky":false,"template":"","format":"standard","meta":{"ngg_post_thumbnail":0,"footnotes":""},"categories":[5,4,295,412],"tags":[],"class_list":["post-103146","post","type-post","status-publish","format-standard","hentry","category-concursos","category-moda","category-puerto-rico","category-reality"],"_links":{"self":[{"href":"https:\/\/bobvarela.com\/index.php?rest_route=\/wp\/v2\/posts\/103146","targetHints":{"allow":["GET"]}}],"collection":[{"href":"https:\/\/bobvarela.com\/index.php?rest_route=\/wp\/v2\/posts"}],"about":[{"href":"https:\/\/bobvarela.com\/index.php?rest_route=\/wp\/v2\/types\/post"}],"author":[{"embeddable":true,"href":"https:\/\/bobvarela.com\/index.php?rest_route=\/wp\/v2\/users\/1"}],"replies":[{"embeddable":true,"href":"https:\/\/bobvarela.com\/index.php?rest_route=%2Fwp%2Fv2%2Fcomments&post=103146"}],"version-history":[{"count":1,"href":"https:\/\/bobvarela.com\/index.php?rest_route=\/wp\/v2\/posts\/103146\/revisions"}],"predecessor-version":[{"id":103147,"href":"https:\/\/bobvarela.com\/index.php?rest_route=\/wp\/v2\/posts\/103146\/revisions\/103147"}],"wp:attachment":[{"href":"https:\/\/bobvarela.com\/index.php?rest_route=%2Fwp%2Fv2%2Fmedia&parent=103146"}],"wp:term":[{"taxonomy":"category","embeddable":true,"href":"https:\/\/bobvarela.com\/index.php?rest_route=%2Fwp%2Fv2%2Fcategories&post=103146"},{"taxonomy":"post_tag","embeddable":true,"href":"https:\/\/bobvarela.com\/index.php?rest_route=%2Fwp%2Fv2%2Ftags&post=103146"}],"curies":[{"name":"wp","href":"https:\/\/api.w.org\/{rel}","templated":true}]}}