{"id":104883,"date":"2016-10-18T20:11:23","date_gmt":"2016-10-19T00:11:23","guid":{"rendered":"https:\/\/bobvarela.com\/?p=104883"},"modified":"2016-10-18T20:12:07","modified_gmt":"2016-10-19T00:12:07","slug":"vernica-ngel-en-el-mercedes-benz-fashion-week-panam-2016","status":"publish","type":"post","link":"https:\/\/bobvarela.com\/?p=104883","title":{"rendered":"Ver&oacute;nica &Aacute;ngel en el Mercedes-Benz Fashion Week Panam&aacute; 2016"},"content":{"rendered":"<p align=\"center\"><font size=\"3\"><a href=\"https:\/\/bobvarela.com\/wp-content\/uploads\/2016\/10\/C99A9995.jpg\"><img loading=\"lazy\" decoding=\"async\" title=\"C99A9995\" style=\"border-top: 0px; border-right: 0px; background-image: none; border-bottom: 0px; padding-top: 0px; padding-left: 0px; border-left: 0px; display: inline; padding-right: 0px\" border=\"0\" alt=\"C99A9995\" src=\"https:\/\/bobvarela.com\/wp-content\/uploads\/2016\/10\/C99A9995_thumb.jpg\" width=\"344\" height=\"183\" \/><\/a><\/font><\/p>\n<p align=\"justify\"><font size=\"3\">Ver\u00f3nica \u00c1ngel peresento el jueves 13 de octubre su colecci\u00f3n mas reciente<\/font> <\/p>\n<p align=\"justify\"> ngg_shortcode_0_placeholder<\/p>\n","protected":false},"excerpt":{"rendered":"<p>Ver\u00f3nica \u00c1ngel peresento el jueves 13 de octubre su colecci\u00f3n mas reciente<\/p>\n<p class=\"more-link-p\"><a class=\"more-link\" href=\"https:\/\/bobvarela.com\/?p=104883\">Read more &rarr;<\/a><\/p>\n","protected":false},"author":1,"featured_media":0,"comment_status":"open","ping_status":"open","sticky":false,"template":"","format":"standard","meta":{"ngg_post_thumbnail":0,"footnotes":""},"categories":[265,4,480],"tags":[],"class_list":["post-104883","post","type-post","status-publish","format-standard","hentry","category-mercedes-benz-fashion-week","category-moda","category-panama"],"_links":{"self":[{"href":"https:\/\/bobvarela.com\/index.php?rest_route=\/wp\/v2\/posts\/104883","targetHints":{"allow":["GET"]}}],"collection":[{"href":"https:\/\/bobvarela.com\/index.php?rest_route=\/wp\/v2\/posts"}],"about":[{"href":"https:\/\/bobvarela.com\/index.php?rest_route=\/wp\/v2\/types\/post"}],"author":[{"embeddable":true,"href":"https:\/\/bobvarela.com\/index.php?rest_route=\/wp\/v2\/users\/1"}],"replies":[{"embeddable":true,"href":"https:\/\/bobvarela.com\/index.php?rest_route=%2Fwp%2Fv2%2Fcomments&post=104883"}],"version-history":[{"count":2,"href":"https:\/\/bobvarela.com\/index.php?rest_route=\/wp\/v2\/posts\/104883\/revisions"}],"predecessor-version":[{"id":104887,"href":"https:\/\/bobvarela.com\/index.php?rest_route=\/wp\/v2\/posts\/104883\/revisions\/104887"}],"wp:attachment":[{"href":"https:\/\/bobvarela.com\/index.php?rest_route=%2Fwp%2Fv2%2Fmedia&parent=104883"}],"wp:term":[{"taxonomy":"category","embeddable":true,"href":"https:\/\/bobvarela.com\/index.php?rest_route=%2Fwp%2Fv2%2Fcategories&post=104883"},{"taxonomy":"post_tag","embeddable":true,"href":"https:\/\/bobvarela.com\/index.php?rest_route=%2Fwp%2Fv2%2Ftags&post=104883"}],"curies":[{"name":"wp","href":"https:\/\/api.w.org\/{rel}","templated":true}]}}