{"id":105054,"date":"2016-10-20T05:30:09","date_gmt":"2016-10-20T09:30:09","guid":{"rendered":"https:\/\/bobvarela.com\/?p=105054"},"modified":"2016-10-20T05:30:09","modified_gmt":"2016-10-20T09:30:09","slug":"david-antonio-coleccin-holiday-2016","status":"publish","type":"post","link":"https:\/\/bobvarela.com\/?p=105054","title":{"rendered":"David Antonio Colecci&oacute;n Holiday 2016"},"content":{"rendered":"<p align=\"justify\"><font size=\"3\">El dise\u00f1ador David Antonio estreno el&#160; 6 de octubre, su nuevo espacio en el \u00e1rea commercial de Paseo Caribe en Puerta de Tierra con una colecci\u00f3n dirigida estrictamente a las Fiestas Navide\u00f1as y a las Galas.<\/font><\/p>\n<p align=\"justify\"><font size=\"3\">Seg\u00fan explic\u00f3 el artista, en esta nueva colecci\u00f3n interpreta el gusto latino y caribe\u00f1o por las tradiciones, fiestas y celebraciones en esta \u00e9poca del a\u00f1o. Entre las piezas de la colecci\u00f3n hay ball gowns, trajes princesa, columnas, kaftans, t\u00fanicas y pantalones pareados a blus<\/font><a name=\"_GoBack\"><\/a><font size=\"3\">as de gran vestir. Sobresalen los met\u00e1licos, el brillo, el rojo y el azul marino.<\/font><\/p>\n<p align=\"justify\">ngg_shortcode_0_placeholder<\/p>\n","protected":false},"excerpt":{"rendered":"<p>El dise\u00f1ador David Antonio estreno el&#160; 6 de octubre, su nuevo espacio en el \u00e1rea commercial de Paseo Caribe en Puerta de Tierra con una colecci\u00f3n dirigida estrictamente a las Fiestas Navide\u00f1as y a las Galas. Seg\u00fan explic\u00f3 el artista,&hellip;<\/p>\n<p class=\"more-link-p\"><a class=\"more-link\" href=\"https:\/\/bobvarela.com\/?p=105054\">Read more &rarr;<\/a><\/p>\n","protected":false},"author":1,"featured_media":0,"comment_status":"open","ping_status":"open","sticky":false,"template":"","format":"standard","meta":{"ngg_post_thumbnail":0,"footnotes":""},"categories":[4,295],"tags":[],"class_list":["post-105054","post","type-post","status-publish","format-standard","hentry","category-moda","category-puerto-rico"],"_links":{"self":[{"href":"https:\/\/bobvarela.com\/index.php?rest_route=\/wp\/v2\/posts\/105054","targetHints":{"allow":["GET"]}}],"collection":[{"href":"https:\/\/bobvarela.com\/index.php?rest_route=\/wp\/v2\/posts"}],"about":[{"href":"https:\/\/bobvarela.com\/index.php?rest_route=\/wp\/v2\/types\/post"}],"author":[{"embeddable":true,"href":"https:\/\/bobvarela.com\/index.php?rest_route=\/wp\/v2\/users\/1"}],"replies":[{"embeddable":true,"href":"https:\/\/bobvarela.com\/index.php?rest_route=%2Fwp%2Fv2%2Fcomments&post=105054"}],"version-history":[{"count":1,"href":"https:\/\/bobvarela.com\/index.php?rest_route=\/wp\/v2\/posts\/105054\/revisions"}],"predecessor-version":[{"id":105055,"href":"https:\/\/bobvarela.com\/index.php?rest_route=\/wp\/v2\/posts\/105054\/revisions\/105055"}],"wp:attachment":[{"href":"https:\/\/bobvarela.com\/index.php?rest_route=%2Fwp%2Fv2%2Fmedia&parent=105054"}],"wp:term":[{"taxonomy":"category","embeddable":true,"href":"https:\/\/bobvarela.com\/index.php?rest_route=%2Fwp%2Fv2%2Fcategories&post=105054"},{"taxonomy":"post_tag","embeddable":true,"href":"https:\/\/bobvarela.com\/index.php?rest_route=%2Fwp%2Fv2%2Ftags&post=105054"}],"curies":[{"name":"wp","href":"https:\/\/api.w.org\/{rel}","templated":true}]}}