{"id":105228,"date":"2016-10-21T20:46:14","date_gmt":"2016-10-22T00:46:14","guid":{"rendered":"https:\/\/bobvarela.com\/?p=105228"},"modified":"2016-10-21T20:46:14","modified_gmt":"2016-10-22T00:46:14","slug":"anna-francesca-blasser-en-el-mercedes-benz-fashion-week-panam-2016","status":"publish","type":"post","link":"https:\/\/bobvarela.com\/?p=105228","title":{"rendered":"Anna Francesca Blasser en el Mercedes-Benz Fashion Week Panam&aacute; 2016"},"content":{"rendered":"<p align=\"justify\"><font size=\"3\">La pasarela de <\/font><font size=\"3\">Anna Francesca Blasser<\/font><font size=\"3\"> mostr\u00f3 a un personaje estilo emperador floral lanzando p\u00e9talos rojos sobre la pasarela con cierto dejo y agresividad. Los p\u00e9talos estuvieron hasta en los panties de las modelos y la inspiraci\u00f3n floral se tom\u00f3 esta colecci\u00f3n rosada y dorada, con piezas cubiertas totalmente por telas trabajadas como cientos de rosas.<\/font><\/p>\n<p align=\"justify\">ngg_shortcode_0_placeholder<\/p>\n","protected":false},"excerpt":{"rendered":"<p>La pasarela de Anna Francesca Blasser mostr\u00f3 a un personaje estilo emperador floral lanzando p\u00e9talos rojos sobre la pasarela con cierto dejo y agresividad. Los p\u00e9talos estuvieron hasta en los panties de las modelos y la inspiraci\u00f3n floral se tom\u00f3&hellip;<\/p>\n<p class=\"more-link-p\"><a class=\"more-link\" href=\"https:\/\/bobvarela.com\/?p=105228\">Read more &rarr;<\/a><\/p>\n","protected":false},"author":1,"featured_media":0,"comment_status":"open","ping_status":"open","sticky":false,"template":"","format":"standard","meta":{"ngg_post_thumbnail":0,"footnotes":""},"categories":[265,4,480],"tags":[],"class_list":["post-105228","post","type-post","status-publish","format-standard","hentry","category-mercedes-benz-fashion-week","category-moda","category-panama"],"_links":{"self":[{"href":"https:\/\/bobvarela.com\/index.php?rest_route=\/wp\/v2\/posts\/105228","targetHints":{"allow":["GET"]}}],"collection":[{"href":"https:\/\/bobvarela.com\/index.php?rest_route=\/wp\/v2\/posts"}],"about":[{"href":"https:\/\/bobvarela.com\/index.php?rest_route=\/wp\/v2\/types\/post"}],"author":[{"embeddable":true,"href":"https:\/\/bobvarela.com\/index.php?rest_route=\/wp\/v2\/users\/1"}],"replies":[{"embeddable":true,"href":"https:\/\/bobvarela.com\/index.php?rest_route=%2Fwp%2Fv2%2Fcomments&post=105228"}],"version-history":[{"count":1,"href":"https:\/\/bobvarela.com\/index.php?rest_route=\/wp\/v2\/posts\/105228\/revisions"}],"predecessor-version":[{"id":105229,"href":"https:\/\/bobvarela.com\/index.php?rest_route=\/wp\/v2\/posts\/105228\/revisions\/105229"}],"wp:attachment":[{"href":"https:\/\/bobvarela.com\/index.php?rest_route=%2Fwp%2Fv2%2Fmedia&parent=105228"}],"wp:term":[{"taxonomy":"category","embeddable":true,"href":"https:\/\/bobvarela.com\/index.php?rest_route=%2Fwp%2Fv2%2Fcategories&post=105228"},{"taxonomy":"post_tag","embeddable":true,"href":"https:\/\/bobvarela.com\/index.php?rest_route=%2Fwp%2Fv2%2Ftags&post=105228"}],"curies":[{"name":"wp","href":"https:\/\/api.w.org\/{rel}","templated":true}]}}