{"id":105829,"date":"2016-11-01T07:27:09","date_gmt":"2016-11-01T11:27:09","guid":{"rendered":"https:\/\/bobvarela.com\/?p=105829"},"modified":"2016-11-01T07:27:09","modified_gmt":"2016-11-01T11:27:09","slug":"black-halloween-2016","status":"publish","type":"post","link":"https:\/\/bobvarela.com\/?p=105829","title":{"rendered":"Black Halloween 2016"},"content":{"rendered":"<p align=\"center\"><font size=\"3\"><a href=\"https:\/\/bobvarela.com\/wp-content\/uploads\/2016\/11\/IMG_0176.jpg\"><img loading=\"lazy\" decoding=\"async\" title=\"IMG_0176\" style=\"border-left-width: 0px; border-right-width: 0px; background-image: none; border-bottom-width: 0px; padding-top: 0px; padding-left: 0px; margin: 0px; display: inline; padding-right: 0px; border-top-width: 0px\" border=\"0\" alt=\"IMG_0176\" src=\"https:\/\/bobvarela.com\/wp-content\/uploads\/2016\/11\/IMG_0176_thumb.jpg\" width=\"134\" height=\"177\" \/><\/a><a href=\"https:\/\/bobvarela.com\/wp-content\/uploads\/2016\/11\/Miguel-Rivera-y-Elizabeth-Carlo.jpg\"><img loading=\"lazy\" decoding=\"async\" title=\"Miguel Rivera y Elizabeth Carlo\" style=\"border-left-width: 0px; border-right-width: 0px; background-image: none; border-bottom-width: 0px; padding-top: 0px; padding-left: 0px; display: inline; padding-right: 0px; border-top-width: 0px\" border=\"0\" alt=\"Miguel Rivera y Elizabeth Carlo\" src=\"https:\/\/bobvarela.com\/wp-content\/uploads\/2016\/11\/Miguel-Rivera-y-Elizabeth-Carlo_thumb.jpg\" width=\"134\" height=\"177\" \/><\/a><\/font><\/p>\n<p align=\"justify\"><font size=\"3\">La agencia be A MODEL celebr\u00f3 Halloween 2016 por todo lo alto. Con una fiesta de disfraces titulada \u201cBlack Halloween\u201d donde amigos y familiares disfrutaron de los desfiles de moda a cargo de Heriberto V\u00e1zquez, Sonia Rivera y Sonia Bonilla. Los dise\u00f1adores presentaron colecciones alusivas a la ocasi\u00f3n \u201cspooky chic\u201d. Los presentes disfrutaron de m\u00fasica en vivo a cargo de la banda \u201cMatahari Cover Band\u201d.<\/font><\/p>\n<p align=\"justify\"><a href=\"https:\/\/bobvarela.com\/wp-content\/uploads\/2016\/11\/Brenda-Gil-Ensenat-y-su-companero-parejo-de-Catrina.jpg\"><img loading=\"lazy\" decoding=\"async\" title=\"Brenda Gil Ensenat y su companero parejo de Catrina\" style=\"border-left-width: 0px; border-right-width: 0px; background-image: none; border-bottom-width: 0px; padding-top: 0px; padding-left: 0px; display: inline; padding-right: 0px; border-top-width: 0px\" border=\"0\" alt=\"Brenda Gil Ensenat y su companero parejo de Catrina\" src=\"https:\/\/bobvarela.com\/wp-content\/uploads\/2016\/11\/Brenda-Gil-Ensenat-y-su-companero-parejo-de-Catrina_thumb.jpg\" width=\"176\" height=\"134\" \/><\/a><a href=\"https:\/\/bobvarela.com\/wp-content\/uploads\/2016\/11\/Christian-Acosta-y-Pamela-Penchi.jpg\"><img loading=\"lazy\" decoding=\"async\" title=\"Christian Acosta y Pamela Penchi\" style=\"border-left-width: 0px; border-right-width: 0px; background-image: none; border-bottom-width: 0px; padding-top: 0px; padding-left: 0px; display: inline; padding-right: 0px; border-top-width: 0px\" border=\"0\" alt=\"Christian Acosta y Pamela Penchi\" src=\"https:\/\/bobvarela.com\/wp-content\/uploads\/2016\/11\/Christian-Acosta-y-Pamela-Penchi_thumb.jpg\" width=\"176\" height=\"134\" \/><\/a><a href=\"https:\/\/bobvarela.com\/wp-content\/uploads\/2016\/11\/Von-Yalid-Ramirez-hija-de-alcalde-de-Cabo-Rojo.jpg\"><img loading=\"lazy\" decoding=\"async\" title=\"Von Yalid Ramirez hija de alcalde de Cabo Rojo\" style=\"border-left-width: 0px; border-right-width: 0px; background-image: none; border-bottom-width: 0px; padding-top: 0px; padding-left: 0px; display: inline; padding-right: 0px; border-top-width: 0px\" border=\"0\" alt=\"Von Yalid Ramirez hija de alcalde de Cabo Rojo\" src=\"https:\/\/bobvarela.com\/wp-content\/uploads\/2016\/11\/Von-Yalid-Ramirez-hija-de-alcalde-de-Cabo-Rojo_thumb.jpg\" width=\"176\" height=\"134\" \/><\/a><a href=\"https:\/\/bobvarela.com\/wp-content\/uploads\/2016\/11\/Christian-Acosta-como-Karla-Lagerfeld-junto-a-Zaymara-Rivera.jpg\"><img loading=\"lazy\" decoding=\"async\" title=\"Christian Acosta como Karla Lagerfeld junto a Zaymara Rivera\" style=\"border-left-width: 0px; border-right-width: 0px; background-image: none; border-bottom-width: 0px; padding-top: 0px; padding-left: 0px; display: inline; padding-right: 0px; border-top-width: 0px\" border=\"0\" alt=\"Christian Acosta como Karla Lagerfeld junto a Zaymara Rivera\" src=\"https:\/\/bobvarela.com\/wp-content\/uploads\/2016\/11\/Christian-Acosta-como-Karla-Lagerfeld-junto-a-Zaymara-Rivera_thumb.jpg\" width=\"176\" height=\"134\" \/><\/a><a href=\"https:\/\/bobvarela.com\/wp-content\/uploads\/2016\/11\/Heriberto-Vazquez-vistiendo-a-Miss-Aguadilla-Universe-2017.jpg\"><img loading=\"lazy\" decoding=\"async\" title=\"Heriberto Vazquez vistiendo a Miss Aguadilla Universe 2017\" style=\"border-left-width: 0px; border-right-width: 0px; background-image: none; border-bottom-width: 0px; padding-top: 0px; padding-left: 0px; display: inline; padding-right: 0px; border-top-width: 0px\" border=\"0\" alt=\"Heriberto Vazquez vistiendo a Miss Aguadilla Universe 2017\" src=\"https:\/\/bobvarela.com\/wp-content\/uploads\/2016\/11\/Heriberto-Vazquez-vistiendo-a-Miss-Aguadilla-Universe-2017_thumb.jpg\" width=\"176\" height=\"134\" \/><\/a><a href=\"https:\/\/bobvarela.com\/wp-content\/uploads\/2016\/11\/Sonia-Bonilla-viestiendo-a-Adriana-Vilanova-de-be-A-MODEL.jpg\"><img loading=\"lazy\" decoding=\"async\" title=\"Sonia Bonilla viestiendo a Adriana Vilanova de be A MODEL\" style=\"border-left-width: 0px; border-right-width: 0px; background-image: none; border-bottom-width: 0px; padding-top: 0px; padding-left: 0px; display: inline; padding-right: 0px; border-top-width: 0px\" border=\"0\" alt=\"Sonia Bonilla viestiendo a Adriana Vilanova de be A MODEL\" src=\"https:\/\/bobvarela.com\/wp-content\/uploads\/2016\/11\/Sonia-Bonilla-viestiendo-a-Adriana-Vilanova-de-be-A-MODEL_thumb.jpg\" width=\"176\" height=\"134\" \/><\/a><a href=\"https:\/\/bobvarela.com\/wp-content\/uploads\/2016\/11\/Sonia-Platt-Christian-Acosta-y-Elizabeth-Carlo.jpg\"><img loading=\"lazy\" decoding=\"async\" title=\"Sonia Platt, Christian Acosta y Elizabeth Carlo\" style=\"border-left-width: 0px; border-right-width: 0px; background-image: none; border-bottom-width: 0px; padding-top: 0px; padding-left: 0px; display: inline; padding-right: 0px; border-top-width: 0px\" border=\"0\" alt=\"Sonia Platt, Christian Acosta y Elizabeth Carlo\" src=\"https:\/\/bobvarela.com\/wp-content\/uploads\/2016\/11\/Sonia-Platt-Christian-Acosta-y-Elizabeth-Carlo_thumb.jpg\" width=\"176\" height=\"134\" \/><\/a><a href=\"https:\/\/bobvarela.com\/wp-content\/uploads\/2016\/11\/Heriberto-Vazquez-vistiendo-a-Miss-Lajas-Universe-2017.jpg\"><img loading=\"lazy\" decoding=\"async\" title=\"Heriberto Vazquez vistiendo a Miss Lajas Universe 2017\" style=\"border-left-width: 0px; border-right-width: 0px; background-image: none; border-bottom-width: 0px; padding-top: 0px; padding-left: 0px; display: inline; padding-right: 0px; border-top-width: 0px\" border=\"0\" alt=\"Heriberto Vazquez vistiendo a Miss Lajas Universe 2017\" src=\"https:\/\/bobvarela.com\/wp-content\/uploads\/2016\/11\/Heriberto-Vazquez-vistiendo-a-Miss-Lajas-Universe-2017_thumb.jpg\" width=\"176\" height=\"134\" \/><\/a><\/p>\n<p align=\"justify\">&#160;<\/p>\n<p align=\"justify\">Foto por Kenneth Sepulveda<\/p>\n","protected":false},"excerpt":{"rendered":"<p>La agencia be A MODEL celebr\u00f3 Halloween 2016 por todo lo alto. Con una fiesta de disfraces titulada \u201cBlack Halloween\u201d donde amigos y familiares disfrutaron de los desfiles de moda a cargo de Heriberto V\u00e1zquez, Sonia Rivera y Sonia Bonilla.&hellip;<\/p>\n<p class=\"more-link-p\"><a class=\"more-link\" href=\"https:\/\/bobvarela.com\/?p=105829\">Read more &rarr;<\/a><\/p>\n","protected":false},"author":1,"featured_media":0,"comment_status":"open","ping_status":"open","sticky":false,"template":"","format":"standard","meta":{"ngg_post_thumbnail":0,"footnotes":""},"categories":[3,4,295],"tags":[],"class_list":["post-105829","post","type-post","status-publish","format-standard","hentry","category-actividades","category-moda","category-puerto-rico"],"_links":{"self":[{"href":"https:\/\/bobvarela.com\/index.php?rest_route=\/wp\/v2\/posts\/105829","targetHints":{"allow":["GET"]}}],"collection":[{"href":"https:\/\/bobvarela.com\/index.php?rest_route=\/wp\/v2\/posts"}],"about":[{"href":"https:\/\/bobvarela.com\/index.php?rest_route=\/wp\/v2\/types\/post"}],"author":[{"embeddable":true,"href":"https:\/\/bobvarela.com\/index.php?rest_route=\/wp\/v2\/users\/1"}],"replies":[{"embeddable":true,"href":"https:\/\/bobvarela.com\/index.php?rest_route=%2Fwp%2Fv2%2Fcomments&post=105829"}],"version-history":[{"count":1,"href":"https:\/\/bobvarela.com\/index.php?rest_route=\/wp\/v2\/posts\/105829\/revisions"}],"predecessor-version":[{"id":105830,"href":"https:\/\/bobvarela.com\/index.php?rest_route=\/wp\/v2\/posts\/105829\/revisions\/105830"}],"wp:attachment":[{"href":"https:\/\/bobvarela.com\/index.php?rest_route=%2Fwp%2Fv2%2Fmedia&parent=105829"}],"wp:term":[{"taxonomy":"category","embeddable":true,"href":"https:\/\/bobvarela.com\/index.php?rest_route=%2Fwp%2Fv2%2Fcategories&post=105829"},{"taxonomy":"post_tag","embeddable":true,"href":"https:\/\/bobvarela.com\/index.php?rest_route=%2Fwp%2Fv2%2Ftags&post=105829"}],"curies":[{"name":"wp","href":"https:\/\/api.w.org\/{rel}","templated":true}]}}