{"id":106071,"date":"2016-11-03T05:36:54","date_gmt":"2016-11-03T09:36:54","guid":{"rendered":"https:\/\/bobvarela.com\/?p=106071"},"modified":"2016-11-03T05:36:54","modified_gmt":"2016-11-03T09:36:54","slug":"galo-bertn-en-el-puerto-rico-fashion-in-noviembre-2016","status":"publish","type":"post","link":"https:\/\/bobvarela.com\/?p=106071","title":{"rendered":"Galo Bert&iacute;n en el Puerto Rico Fashion IN Noviembre 2016"},"content":{"rendered":"<p align=\"justify\"><font size=\"3\"><b>Galo Bert\u00edn <\/b>presento su colecci\u00f3n que llevaba por nombre <b><i>Le Sense<\/i><\/b>, inspirada en la necesidad de descubrir y rendirse ante los placeres de un mundo desconocido. Rodeado de nuevas formas, culturas y experiencias, situ\u00e1ndonos en la b\u00fasqueda de hallar un nuevo destino, en donde el calor del verano y la vegetaci\u00f3n de los tr\u00f3picos se vuelven parte de tu vida y al mismo tiempo nos encontramos en una transici\u00f3n que nos con lleva hacia el punto final.<\/font><\/p>\n<p align=\"justify\"><font size=\"3\">Dentro de la colecci\u00f3n podemos observar como el hombre se deja envolver por los colores del atardecer, los azules del mar, los verdes tr\u00f3picos a trav\u00e9s de piezas ready to wear y piezas cl\u00e1sicas de sastrer\u00eda.<b><i> <\/i><\/b>Inspirada en un viaje que dio con su familia a Cartagena, Colombia, present\u00f3 un hombre un poco mas irreverente y casual, que su acostumbrada l\u00ednea ejecutiva.<\/font><\/p>\n<p align=\"justify\"><font size=\"3\">\u201cViajar como un medio de placer, recreaci\u00f3n y banalidad. En donde el mundo, su entorno y sus culturas nos muestran un panorama exquisito m\u00e1s all\u00e1 de lo cotidiano\u201d, nos comparti\u00f3 Bert\u00edn.<\/font><\/p>\n<p align=\"justify\">ngg_shortcode_0_placeholder<\/p>\n","protected":false},"excerpt":{"rendered":"<p>Galo Bert\u00edn presento su colecci\u00f3n que llevaba por nombre Le Sense, inspirada en la necesidad de descubrir y rendirse ante los placeres de un mundo desconocido. Rodeado de nuevas formas, culturas y experiencias, situ\u00e1ndonos en la b\u00fasqueda de hallar un&hellip;<\/p>\n<p class=\"more-link-p\"><a class=\"more-link\" href=\"https:\/\/bobvarela.com\/?p=106071\">Read more &rarr;<\/a><\/p>\n","protected":false},"author":1,"featured_media":0,"comment_status":"open","ping_status":"open","sticky":false,"template":"","format":"standard","meta":{"ngg_post_thumbnail":0,"footnotes":""},"categories":[4,295],"tags":[],"class_list":["post-106071","post","type-post","status-publish","format-standard","hentry","category-moda","category-puerto-rico"],"_links":{"self":[{"href":"https:\/\/bobvarela.com\/index.php?rest_route=\/wp\/v2\/posts\/106071","targetHints":{"allow":["GET"]}}],"collection":[{"href":"https:\/\/bobvarela.com\/index.php?rest_route=\/wp\/v2\/posts"}],"about":[{"href":"https:\/\/bobvarela.com\/index.php?rest_route=\/wp\/v2\/types\/post"}],"author":[{"embeddable":true,"href":"https:\/\/bobvarela.com\/index.php?rest_route=\/wp\/v2\/users\/1"}],"replies":[{"embeddable":true,"href":"https:\/\/bobvarela.com\/index.php?rest_route=%2Fwp%2Fv2%2Fcomments&post=106071"}],"version-history":[{"count":1,"href":"https:\/\/bobvarela.com\/index.php?rest_route=\/wp\/v2\/posts\/106071\/revisions"}],"predecessor-version":[{"id":106072,"href":"https:\/\/bobvarela.com\/index.php?rest_route=\/wp\/v2\/posts\/106071\/revisions\/106072"}],"wp:attachment":[{"href":"https:\/\/bobvarela.com\/index.php?rest_route=%2Fwp%2Fv2%2Fmedia&parent=106071"}],"wp:term":[{"taxonomy":"category","embeddable":true,"href":"https:\/\/bobvarela.com\/index.php?rest_route=%2Fwp%2Fv2%2Fcategories&post=106071"},{"taxonomy":"post_tag","embeddable":true,"href":"https:\/\/bobvarela.com\/index.php?rest_route=%2Fwp%2Fv2%2Ftags&post=106071"}],"curies":[{"name":"wp","href":"https:\/\/api.w.org\/{rel}","templated":true}]}}