{"id":106283,"date":"2016-11-05T14:30:30","date_gmt":"2016-11-05T18:30:30","guid":{"rendered":"https:\/\/bobvarela.com\/?p=106283"},"modified":"2016-11-05T14:30:30","modified_gmt":"2016-11-05T18:30:30","slug":"marchesa-se-presenta-en-elholiday-fashion-retreat","status":"publish","type":"post","link":"https:\/\/bobvarela.com\/?p=106283","title":{"rendered":"MARCHESA SE PRESENTA EN EL&ldquo;HOLIDAY FASHION RETREAT&rdquo;"},"content":{"rendered":"<p align=\"center\"><font size=\"3\"><a href=\"https:\/\/bobvarela.com\/wp-content\/uploads\/2016\/11\/IMG_7841.jpg\"><img loading=\"lazy\" decoding=\"async\" title=\"IMG_7841\" style=\"border-top: 0px; border-right: 0px; background-image: none; border-bottom: 0px; padding-top: 0px; padding-left: 0px; border-left: 0px; display: inline; padding-right: 0px\" border=\"0\" alt=\"IMG_7841\" src=\"https:\/\/bobvarela.com\/wp-content\/uploads\/2016\/11\/IMG_7841_thumb.jpg\" width=\"380\" height=\"247\" \/><\/a><\/font><\/p>\n<p align=\"justify\"><font size=\"3\">El glamour que predomina en las celebraciones de la temporada festiva navide\u00f1a brill\u00f3 en el \u201cHoliday Fashion Retreat\u201d presentado por San Juan Moda. El evento se llev\u00f3 a cabo del 28 al 30 de octubre en diferentes lugares del hotel. Un selecto grupo de reconocidos dise\u00f1adores locales presenton sus propuestas \u201cHoliday\u201d complementados por \u201cThe Marchesa Wedding Capsule Collection\u201d creada por las afamadas dise\u00f1adoras, Georgina Chapman y Keren Craig, especialmente para la Marca St. Regis. <\/font><\/p>\n<p align=\"justify\"><font size=\"3\">Los dise\u00f1adores locales que presentaron sus propuestas para la temporada son: Sonia Rivera, Marcos Carrazana, Herm\u00e1n Nadal, Lissa Porrata, Ecl\u00edptica, Lizet Mir\u00f3, Jaer Cab\u00e1n, Tommie Hern\u00e1ndez, Bienteveo En El Mar, Heriberto V\u00e1zquez, Javier Arnaldo, Lilliam Landr\u00f3n, Rub\u00e9n Dar\u00edo, Sonia Santiago, Edzel Giovanni, Miriam Budet, Lisa Thon y Michelle Ann.<\/font><\/p>\n<p align=\"center\"><a href=\"https:\/\/bobvarela.com\/wp-content\/uploads\/2016\/11\/IMG_5604.jpg\"><img loading=\"lazy\" decoding=\"async\" title=\"IMG_5604\" style=\"border-top: 0px; border-right: 0px; background-image: none; border-bottom: 0px; padding-top: 0px; padding-left: 0px; border-left: 0px; margin: 0px; display: inline; padding-right: 0px\" border=\"0\" alt=\"IMG_5604\" src=\"https:\/\/bobvarela.com\/wp-content\/uploads\/2016\/11\/IMG_5604_thumb.jpg\" width=\"131\" height=\"194\" \/><\/a><a href=\"https:\/\/bobvarela.com\/wp-content\/uploads\/2016\/11\/IMG_4072.jpg\"><img loading=\"lazy\" decoding=\"async\" title=\"IMG_4072\" style=\"border-top: 0px; border-right: 0px; background-image: none; border-bottom: 0px; padding-top: 0px; padding-left: 0px; border-left: 0px; margin: 0px; display: inline; padding-right: 0px\" border=\"0\" alt=\"IMG_4072\" src=\"https:\/\/bobvarela.com\/wp-content\/uploads\/2016\/11\/IMG_4072_thumb.jpg\" width=\"131\" height=\"194\" \/><\/a><a href=\"https:\/\/bobvarela.com\/wp-content\/uploads\/2016\/11\/IMG_4220.jpg\"><img loading=\"lazy\" decoding=\"async\" title=\"IMG_4220\" style=\"border-top: 0px; border-right: 0px; background-image: none; border-bottom: 0px; padding-top: 0px; padding-left: 0px; border-left: 0px; display: inline; padding-right: 0px\" border=\"0\" alt=\"IMG_4220\" src=\"https:\/\/bobvarela.com\/wp-content\/uploads\/2016\/11\/IMG_4220_thumb.jpg\" width=\"131\" height=\"194\" \/><\/a><\/p>\n<p align=\"justify\"><font size=\"3\">La colecci\u00f3n c\u00e1psula de vestidos de novia de Marchesa, present\u00f3 vestidos inspirados en algunos de los lujosos destinos de la marca St. Regis. Cada dise\u00f1o \u00fanico evoca el distintivo estilo de cada uno de los destinos, su entorno cultural, y cuentan con detalles a la medida que atraen a las novias de todas partes del mundo.<\/font><\/p>\n","protected":false},"excerpt":{"rendered":"<p>El glamour que predomina en las celebraciones de la temporada festiva navide\u00f1a brill\u00f3 en el \u201cHoliday Fashion Retreat\u201d presentado por San Juan Moda. El evento se llev\u00f3 a cabo del 28 al 30 de octubre en diferentes lugares del hotel.&hellip;<\/p>\n<p class=\"more-link-p\"><a class=\"more-link\" href=\"https:\/\/bobvarela.com\/?p=106283\">Read more &rarr;<\/a><\/p>\n","protected":false},"author":1,"featured_media":0,"comment_status":"open","ping_status":"open","sticky":false,"template":"","format":"standard","meta":{"ngg_post_thumbnail":0,"footnotes":""},"categories":[4,295],"tags":[],"class_list":["post-106283","post","type-post","status-publish","format-standard","hentry","category-moda","category-puerto-rico"],"_links":{"self":[{"href":"https:\/\/bobvarela.com\/index.php?rest_route=\/wp\/v2\/posts\/106283","targetHints":{"allow":["GET"]}}],"collection":[{"href":"https:\/\/bobvarela.com\/index.php?rest_route=\/wp\/v2\/posts"}],"about":[{"href":"https:\/\/bobvarela.com\/index.php?rest_route=\/wp\/v2\/types\/post"}],"author":[{"embeddable":true,"href":"https:\/\/bobvarela.com\/index.php?rest_route=\/wp\/v2\/users\/1"}],"replies":[{"embeddable":true,"href":"https:\/\/bobvarela.com\/index.php?rest_route=%2Fwp%2Fv2%2Fcomments&post=106283"}],"version-history":[{"count":1,"href":"https:\/\/bobvarela.com\/index.php?rest_route=\/wp\/v2\/posts\/106283\/revisions"}],"predecessor-version":[{"id":106284,"href":"https:\/\/bobvarela.com\/index.php?rest_route=\/wp\/v2\/posts\/106283\/revisions\/106284"}],"wp:attachment":[{"href":"https:\/\/bobvarela.com\/index.php?rest_route=%2Fwp%2Fv2%2Fmedia&parent=106283"}],"wp:term":[{"taxonomy":"category","embeddable":true,"href":"https:\/\/bobvarela.com\/index.php?rest_route=%2Fwp%2Fv2%2Fcategories&post=106283"},{"taxonomy":"post_tag","embeddable":true,"href":"https:\/\/bobvarela.com\/index.php?rest_route=%2Fwp%2Fv2%2Ftags&post=106283"}],"curies":[{"name":"wp","href":"https:\/\/api.w.org\/{rel}","templated":true}]}}