{"id":106537,"date":"2016-11-07T19:37:47","date_gmt":"2016-11-07T23:37:47","guid":{"rendered":"https:\/\/bobvarela.com\/?p=106537"},"modified":"2016-11-07T19:37:47","modified_gmt":"2016-11-07T23:37:47","slug":"jorge-diep-en-el-puerto-rico-fashion-in-noviembre-2016","status":"publish","type":"post","link":"https:\/\/bobvarela.com\/?p=106537","title":{"rendered":"Jorge Diep en el Puerto Rico Fashion IN Noviembre 2016"},"content":{"rendered":"<p align=\"justify\"><font size=\"3\">Jorge Diep present\u00f3 su colecci\u00f3n <b><i>Yo soy la Noche<\/i><\/b><i>, <\/i>una retrospectiva de sus 30 a\u00f1os en el mundo del dise\u00f1o y la moda. Inspirada en la mujer elegante donde predomin\u00f3 el color negro cortes modernos y asim\u00e9tricos. Muchas influencia en los flecos y bordados artesanales que tanto le caracterizan.<\/font><\/p>\n<p align=\"justify\">ngg_shortcode_0_placeholder<\/p>\n","protected":false},"excerpt":{"rendered":"<p>Jorge Diep present\u00f3 su colecci\u00f3n Yo soy la Noche, una retrospectiva de sus 30 a\u00f1os en el mundo del dise\u00f1o y la moda. Inspirada en la mujer elegante donde predomin\u00f3 el color negro cortes modernos y asim\u00e9tricos. Muchas influencia en&hellip;<\/p>\n<p class=\"more-link-p\"><a class=\"more-link\" href=\"https:\/\/bobvarela.com\/?p=106537\">Read more &rarr;<\/a><\/p>\n","protected":false},"author":1,"featured_media":0,"comment_status":"open","ping_status":"open","sticky":false,"template":"","format":"standard","meta":{"ngg_post_thumbnail":0,"footnotes":""},"categories":[4,295],"tags":[],"class_list":["post-106537","post","type-post","status-publish","format-standard","hentry","category-moda","category-puerto-rico"],"_links":{"self":[{"href":"https:\/\/bobvarela.com\/index.php?rest_route=\/wp\/v2\/posts\/106537","targetHints":{"allow":["GET"]}}],"collection":[{"href":"https:\/\/bobvarela.com\/index.php?rest_route=\/wp\/v2\/posts"}],"about":[{"href":"https:\/\/bobvarela.com\/index.php?rest_route=\/wp\/v2\/types\/post"}],"author":[{"embeddable":true,"href":"https:\/\/bobvarela.com\/index.php?rest_route=\/wp\/v2\/users\/1"}],"replies":[{"embeddable":true,"href":"https:\/\/bobvarela.com\/index.php?rest_route=%2Fwp%2Fv2%2Fcomments&post=106537"}],"version-history":[{"count":1,"href":"https:\/\/bobvarela.com\/index.php?rest_route=\/wp\/v2\/posts\/106537\/revisions"}],"predecessor-version":[{"id":106538,"href":"https:\/\/bobvarela.com\/index.php?rest_route=\/wp\/v2\/posts\/106537\/revisions\/106538"}],"wp:attachment":[{"href":"https:\/\/bobvarela.com\/index.php?rest_route=%2Fwp%2Fv2%2Fmedia&parent=106537"}],"wp:term":[{"taxonomy":"category","embeddable":true,"href":"https:\/\/bobvarela.com\/index.php?rest_route=%2Fwp%2Fv2%2Fcategories&post=106537"},{"taxonomy":"post_tag","embeddable":true,"href":"https:\/\/bobvarela.com\/index.php?rest_route=%2Fwp%2Fv2%2Ftags&post=106537"}],"curies":[{"name":"wp","href":"https:\/\/api.w.org\/{rel}","templated":true}]}}