{"id":106908,"date":"2016-11-10T06:42:52","date_gmt":"2016-11-10T10:42:52","guid":{"rendered":"https:\/\/bobvarela.com\/?p=106908"},"modified":"2016-11-10T06:42:52","modified_gmt":"2016-11-10T10:42:52","slug":"jos-ral-en-el-puerto-rico-fashion-in-noviembre-2016","status":"publish","type":"post","link":"https:\/\/bobvarela.com\/?p=106908","title":{"rendered":"Jos&eacute; Ra&uacute;l en el Puerto Rico Fashion IN Noviembre 2016"},"content":{"rendered":"<p align=\"justify\"><font size=\"3\"><b>Jos\u00e9 Ra\u00fal <\/b>present\u00f3 su colecci\u00f3n <b><i>The Rain<\/i><\/b>, donde la magia se apoder\u00f3 del escenario y los efectos de sonido fueron claves para transportar a los asistentes a un d\u00eda lluvioso y los modelos haciendo la entrada al escenario con sombrillas. Una colecci\u00f3n, Inspirada en la lluvia y con las tonalidades que se forman, siendo atemporal porque se puede usar tanto en oto\u00f1o\/invierno como primavera\/verano.<\/font> <\/p>\n<p align=\"justify\">ngg_shortcode_0_placeholder<\/p>\n","protected":false},"excerpt":{"rendered":"<p>Jos\u00e9 Ra\u00fal present\u00f3 su colecci\u00f3n The Rain, donde la magia se apoder\u00f3 del escenario y los efectos de sonido fueron claves para transportar a los asistentes a un d\u00eda lluvioso y los modelos haciendo la entrada al escenario con sombrillas.&hellip;<\/p>\n<p class=\"more-link-p\"><a class=\"more-link\" href=\"https:\/\/bobvarela.com\/?p=106908\">Read more &rarr;<\/a><\/p>\n","protected":false},"author":1,"featured_media":0,"comment_status":"open","ping_status":"open","sticky":false,"template":"","format":"standard","meta":{"ngg_post_thumbnail":0,"footnotes":""},"categories":[4,295],"tags":[],"class_list":["post-106908","post","type-post","status-publish","format-standard","hentry","category-moda","category-puerto-rico"],"_links":{"self":[{"href":"https:\/\/bobvarela.com\/index.php?rest_route=\/wp\/v2\/posts\/106908","targetHints":{"allow":["GET"]}}],"collection":[{"href":"https:\/\/bobvarela.com\/index.php?rest_route=\/wp\/v2\/posts"}],"about":[{"href":"https:\/\/bobvarela.com\/index.php?rest_route=\/wp\/v2\/types\/post"}],"author":[{"embeddable":true,"href":"https:\/\/bobvarela.com\/index.php?rest_route=\/wp\/v2\/users\/1"}],"replies":[{"embeddable":true,"href":"https:\/\/bobvarela.com\/index.php?rest_route=%2Fwp%2Fv2%2Fcomments&post=106908"}],"version-history":[{"count":1,"href":"https:\/\/bobvarela.com\/index.php?rest_route=\/wp\/v2\/posts\/106908\/revisions"}],"predecessor-version":[{"id":106909,"href":"https:\/\/bobvarela.com\/index.php?rest_route=\/wp\/v2\/posts\/106908\/revisions\/106909"}],"wp:attachment":[{"href":"https:\/\/bobvarela.com\/index.php?rest_route=%2Fwp%2Fv2%2Fmedia&parent=106908"}],"wp:term":[{"taxonomy":"category","embeddable":true,"href":"https:\/\/bobvarela.com\/index.php?rest_route=%2Fwp%2Fv2%2Fcategories&post=106908"},{"taxonomy":"post_tag","embeddable":true,"href":"https:\/\/bobvarela.com\/index.php?rest_route=%2Fwp%2Fv2%2Ftags&post=106908"}],"curies":[{"name":"wp","href":"https:\/\/api.w.org\/{rel}","templated":true}]}}