{"id":107128,"date":"2016-11-11T08:35:55","date_gmt":"2016-11-11T12:35:55","guid":{"rendered":"https:\/\/bobvarela.com\/?p=107128"},"modified":"2016-11-11T08:35:55","modified_gmt":"2016-11-11T12:35:55","slug":"arcadio-daz-en-el-puerto-rico-fashion-in-noviembre-2016","status":"publish","type":"post","link":"https:\/\/bobvarela.com\/?p=107128","title":{"rendered":"Arcadio D&iacute;az en el Puerto Rico Fashion IN Noviembre 2016"},"content":{"rendered":"<p align=\"justify\"><font size=\"3\">Arcadio D\u00edaz present\u00f3 su colecci\u00f3n <i>Veraniego<\/i>, con mezcla de telas, colores y dise\u00f1o del autor. Inspirada en la espectacular estaci\u00f3n del verano en donde la diversidad de tonalidades y texturas se conjugaron para atesorar las prendas propias del caribe. En esta oportunidad contemplando no solo a la guayabera como protagonista de esta colecci\u00f3n sino tambi\u00e9n al resalte o fusi\u00f3n del famoso traje safari. Arcadio, mejor conocido como el <i>rey de las guayaberas<\/i>, ha decidido plasmar en ella sus sentimientos de alegr\u00eda y pasi\u00f3n por la moda.<\/font><\/p>\n<p align=\"justify\">ngg_shortcode_0_placeholder<\/p>\n","protected":false},"excerpt":{"rendered":"<p>Arcadio D\u00edaz present\u00f3 su colecci\u00f3n Veraniego, con mezcla de telas, colores y dise\u00f1o del autor. Inspirada en la espectacular estaci\u00f3n del verano en donde la diversidad de tonalidades y texturas se conjugaron para atesorar las prendas propias del caribe. En&hellip;<\/p>\n<p class=\"more-link-p\"><a class=\"more-link\" href=\"https:\/\/bobvarela.com\/?p=107128\">Read more &rarr;<\/a><\/p>\n","protected":false},"author":1,"featured_media":0,"comment_status":"open","ping_status":"open","sticky":false,"template":"","format":"standard","meta":{"ngg_post_thumbnail":0,"footnotes":""},"categories":[4,295],"tags":[],"class_list":["post-107128","post","type-post","status-publish","format-standard","hentry","category-moda","category-puerto-rico"],"_links":{"self":[{"href":"https:\/\/bobvarela.com\/index.php?rest_route=\/wp\/v2\/posts\/107128","targetHints":{"allow":["GET"]}}],"collection":[{"href":"https:\/\/bobvarela.com\/index.php?rest_route=\/wp\/v2\/posts"}],"about":[{"href":"https:\/\/bobvarela.com\/index.php?rest_route=\/wp\/v2\/types\/post"}],"author":[{"embeddable":true,"href":"https:\/\/bobvarela.com\/index.php?rest_route=\/wp\/v2\/users\/1"}],"replies":[{"embeddable":true,"href":"https:\/\/bobvarela.com\/index.php?rest_route=%2Fwp%2Fv2%2Fcomments&post=107128"}],"version-history":[{"count":1,"href":"https:\/\/bobvarela.com\/index.php?rest_route=\/wp\/v2\/posts\/107128\/revisions"}],"predecessor-version":[{"id":107129,"href":"https:\/\/bobvarela.com\/index.php?rest_route=\/wp\/v2\/posts\/107128\/revisions\/107129"}],"wp:attachment":[{"href":"https:\/\/bobvarela.com\/index.php?rest_route=%2Fwp%2Fv2%2Fmedia&parent=107128"}],"wp:term":[{"taxonomy":"category","embeddable":true,"href":"https:\/\/bobvarela.com\/index.php?rest_route=%2Fwp%2Fv2%2Fcategories&post=107128"},{"taxonomy":"post_tag","embeddable":true,"href":"https:\/\/bobvarela.com\/index.php?rest_route=%2Fwp%2Fv2%2Ftags&post=107128"}],"curies":[{"name":"wp","href":"https:\/\/api.w.org\/{rel}","templated":true}]}}