{"id":107388,"date":"2016-11-15T06:08:27","date_gmt":"2016-11-15T10:08:27","guid":{"rendered":"https:\/\/bobvarela.com\/?p=107388"},"modified":"2016-11-15T06:10:20","modified_gmt":"2016-11-15T10:10:20","slug":"marcos-carrazana-en-san-juan-moda-noviembre-2016","status":"publish","type":"post","link":"https:\/\/bobvarela.com\/?p=107388","title":{"rendered":"Marcos Carrazana en San Juan Moda Noviembre 2016"},"content":{"rendered":"<p align=\"justify\"><font size=\"3\">El dise\u00f1ador Marcos Carrazana se inspir\u00f3 en la belleza de los jardines,     <br \/>especialmente las flores. Su colecci\u00f3n titulada Jard\u00edn de las Musas fue una      <br \/>combinaci\u00f3n entre lo \u00a8urban chic\u00a8 y lo \u00a8country chic\u00a8. Por primera vez el dise\u00f1ador introdujo la tela de mah\u00f3n \u00a8denim\u00a8 que rompi\u00f3 con lo tradicional. Entre sus piezas, predomin\u00f3 el encaje franc\u00e9s, el mesh bordado a relieve, chif\u00f3n de seda y su favorito el tafet\u00e1n de seda. En su colecci\u00f3n primavera verano, Carrazana, present\u00f3 39 piezas.<\/font><\/p>\n<p align=\"justify\">ngg_shortcode_0_placeholder<\/p>\n","protected":false},"excerpt":{"rendered":"<p>El dise\u00f1ador Marcos Carrazana se inspir\u00f3 en la belleza de los jardines, especialmente las flores. Su colecci\u00f3n titulada Jard\u00edn de las Musas fue una combinaci\u00f3n entre lo \u00a8urban chic\u00a8 y lo \u00a8country chic\u00a8. Por primera vez el dise\u00f1ador introdujo la&hellip;<\/p>\n<p class=\"more-link-p\"><a class=\"more-link\" href=\"https:\/\/bobvarela.com\/?p=107388\">Read more &rarr;<\/a><\/p>\n","protected":false},"author":1,"featured_media":0,"comment_status":"open","ping_status":"open","sticky":false,"template":"","format":"standard","meta":{"ngg_post_thumbnail":0,"footnotes":""},"categories":[4,295],"tags":[],"class_list":["post-107388","post","type-post","status-publish","format-standard","hentry","category-moda","category-puerto-rico"],"_links":{"self":[{"href":"https:\/\/bobvarela.com\/index.php?rest_route=\/wp\/v2\/posts\/107388","targetHints":{"allow":["GET"]}}],"collection":[{"href":"https:\/\/bobvarela.com\/index.php?rest_route=\/wp\/v2\/posts"}],"about":[{"href":"https:\/\/bobvarela.com\/index.php?rest_route=\/wp\/v2\/types\/post"}],"author":[{"embeddable":true,"href":"https:\/\/bobvarela.com\/index.php?rest_route=\/wp\/v2\/users\/1"}],"replies":[{"embeddable":true,"href":"https:\/\/bobvarela.com\/index.php?rest_route=%2Fwp%2Fv2%2Fcomments&post=107388"}],"version-history":[{"count":2,"href":"https:\/\/bobvarela.com\/index.php?rest_route=\/wp\/v2\/posts\/107388\/revisions"}],"predecessor-version":[{"id":107390,"href":"https:\/\/bobvarela.com\/index.php?rest_route=\/wp\/v2\/posts\/107388\/revisions\/107390"}],"wp:attachment":[{"href":"https:\/\/bobvarela.com\/index.php?rest_route=%2Fwp%2Fv2%2Fmedia&parent=107388"}],"wp:term":[{"taxonomy":"category","embeddable":true,"href":"https:\/\/bobvarela.com\/index.php?rest_route=%2Fwp%2Fv2%2Fcategories&post=107388"},{"taxonomy":"post_tag","embeddable":true,"href":"https:\/\/bobvarela.com\/index.php?rest_route=%2Fwp%2Fv2%2Ftags&post=107388"}],"curies":[{"name":"wp","href":"https:\/\/api.w.org\/{rel}","templated":true}]}}