{"id":107585,"date":"2016-11-15T06:55:08","date_gmt":"2016-11-15T10:55:08","guid":{"rendered":"https:\/\/bobvarela.com\/?p=107585"},"modified":"2016-11-15T06:55:08","modified_gmt":"2016-11-15T10:55:08","slug":"lissa-porrata-en-san-juan-moda-noviembre-2016","status":"publish","type":"post","link":"https:\/\/bobvarela.com\/?p=107585","title":{"rendered":"Lissa Porrata en San Juan Moda Noviembre 2016"},"content":{"rendered":"<p align=\"justify\"><font size=\"3\">Lissa Porrata, lanz\u00f3 su colecci\u00f3n titulada Grietas. Est\u00e1 inspirada en los m\u00faltiples viajes que hace la dise\u00f1adora al lado oeste de los Estados Unidos . En ellos, Porrata se inspira en los hermosos paisajes que disfruta desde su asiento en el avi\u00f3n y puede observar la riqueza y gama de colores que la zona de El Ca\u00f1\u00f3n de Colorado. Las diferentes texturas y siluetas que hacen las sombras de la luz a trav\u00e9s de las monta\u00f1as rocosas y la rotaci\u00f3n de estas sobre todo el suelo \u00e1rido     <br \/>definen los colores y detalles de la colecci\u00f3n. Todo esto contrasta de manera sutil con las siluetas ultra femeninas , bordados y detalles modernos que imparte esta ponce\u00f1a a sus modelos<\/font><\/p>\n<p align=\"justify\">ngg_shortcode_0_placeholder<\/p>\n","protected":false},"excerpt":{"rendered":"<p>Lissa Porrata, lanz\u00f3 su colecci\u00f3n titulada Grietas. Est\u00e1 inspirada en los m\u00faltiples viajes que hace la dise\u00f1adora al lado oeste de los Estados Unidos . En ellos, Porrata se inspira en los hermosos paisajes que disfruta desde su asiento en&hellip;<\/p>\n<p class=\"more-link-p\"><a class=\"more-link\" href=\"https:\/\/bobvarela.com\/?p=107585\">Read more &rarr;<\/a><\/p>\n","protected":false},"author":1,"featured_media":0,"comment_status":"open","ping_status":"open","sticky":false,"template":"","format":"standard","meta":{"ngg_post_thumbnail":0,"footnotes":""},"categories":[4,295],"tags":[],"class_list":["post-107585","post","type-post","status-publish","format-standard","hentry","category-moda","category-puerto-rico"],"_links":{"self":[{"href":"https:\/\/bobvarela.com\/index.php?rest_route=\/wp\/v2\/posts\/107585","targetHints":{"allow":["GET"]}}],"collection":[{"href":"https:\/\/bobvarela.com\/index.php?rest_route=\/wp\/v2\/posts"}],"about":[{"href":"https:\/\/bobvarela.com\/index.php?rest_route=\/wp\/v2\/types\/post"}],"author":[{"embeddable":true,"href":"https:\/\/bobvarela.com\/index.php?rest_route=\/wp\/v2\/users\/1"}],"replies":[{"embeddable":true,"href":"https:\/\/bobvarela.com\/index.php?rest_route=%2Fwp%2Fv2%2Fcomments&post=107585"}],"version-history":[{"count":1,"href":"https:\/\/bobvarela.com\/index.php?rest_route=\/wp\/v2\/posts\/107585\/revisions"}],"predecessor-version":[{"id":107586,"href":"https:\/\/bobvarela.com\/index.php?rest_route=\/wp\/v2\/posts\/107585\/revisions\/107586"}],"wp:attachment":[{"href":"https:\/\/bobvarela.com\/index.php?rest_route=%2Fwp%2Fv2%2Fmedia&parent=107585"}],"wp:term":[{"taxonomy":"category","embeddable":true,"href":"https:\/\/bobvarela.com\/index.php?rest_route=%2Fwp%2Fv2%2Fcategories&post=107585"},{"taxonomy":"post_tag","embeddable":true,"href":"https:\/\/bobvarela.com\/index.php?rest_route=%2Fwp%2Fv2%2Ftags&post=107585"}],"curies":[{"name":"wp","href":"https:\/\/api.w.org\/{rel}","templated":true}]}}