{"id":107899,"date":"2016-11-16T06:54:28","date_gmt":"2016-11-16T10:54:28","guid":{"rendered":"https:\/\/bobvarela.com\/?p=107899"},"modified":"2016-11-16T06:54:28","modified_gmt":"2016-11-16T10:54:28","slug":"javier-arnaldo-en-san-juan-moda-noviembre-2016","status":"publish","type":"post","link":"https:\/\/bobvarela.com\/?p=107899","title":{"rendered":"Javier Arnaldo en San Juan Moda Noviembre 2016"},"content":{"rendered":"<p><font size=\"3\">Javier Arnaldo, present\u00f3 su colecci\u00f3n \u201cHabano\u201d, inspirado en la cultura e historia del pa\u00eds caribe\u00f1o, Cuba. \u201cEn cualquier fiesta, iglesia o lugar al que vayamos siempre habr\u00e1 un tema de conversaci\u00f3n sobre la religi\u00f3n, pol\u00edtica y cultura\u201d. Por eso, utiliz\u00f3 en su colecci\u00f3n estampados de flora y fauna. Quiso destacar los colores alusivos a Cuba en colores llamativos como el azul, rojo, blanco y verde. Utiliz\u00f3 telas c\u00f3modas para un ambiente tropical como el algod\u00f3n y la seda.     <br \/><\/font><\/p>\n<p><font size=\"3\">Para complementar sus piezas, utiliz\u00f3 turbantes y sombreros como accesorios,     <br \/>haciendo un encuentro cultural entre los pa\u00edses de Cuba, \u00c1frica y Espa\u00f1a. La      <br \/>m\u00fasica que acompa\u00f1\u00f3 esta pasarela fue de las cantantes cubanas Gloria Estefan y Celia Cruz.<\/font><\/p>\nngg_shortcode_0_placeholder\n","protected":false},"excerpt":{"rendered":"<p>Javier Arnaldo, present\u00f3 su colecci\u00f3n \u201cHabano\u201d, inspirado en la cultura e historia del pa\u00eds caribe\u00f1o, Cuba. \u201cEn cualquier fiesta, iglesia o lugar al que vayamos siempre habr\u00e1 un tema de conversaci\u00f3n sobre la religi\u00f3n, pol\u00edtica y cultura\u201d. Por eso, utiliz\u00f3&hellip;<\/p>\n<p class=\"more-link-p\"><a class=\"more-link\" href=\"https:\/\/bobvarela.com\/?p=107899\">Read more &rarr;<\/a><\/p>\n","protected":false},"author":1,"featured_media":0,"comment_status":"open","ping_status":"open","sticky":false,"template":"","format":"standard","meta":{"ngg_post_thumbnail":0,"footnotes":""},"categories":[4,295],"tags":[],"class_list":["post-107899","post","type-post","status-publish","format-standard","hentry","category-moda","category-puerto-rico"],"_links":{"self":[{"href":"https:\/\/bobvarela.com\/index.php?rest_route=\/wp\/v2\/posts\/107899","targetHints":{"allow":["GET"]}}],"collection":[{"href":"https:\/\/bobvarela.com\/index.php?rest_route=\/wp\/v2\/posts"}],"about":[{"href":"https:\/\/bobvarela.com\/index.php?rest_route=\/wp\/v2\/types\/post"}],"author":[{"embeddable":true,"href":"https:\/\/bobvarela.com\/index.php?rest_route=\/wp\/v2\/users\/1"}],"replies":[{"embeddable":true,"href":"https:\/\/bobvarela.com\/index.php?rest_route=%2Fwp%2Fv2%2Fcomments&post=107899"}],"version-history":[{"count":1,"href":"https:\/\/bobvarela.com\/index.php?rest_route=\/wp\/v2\/posts\/107899\/revisions"}],"predecessor-version":[{"id":107900,"href":"https:\/\/bobvarela.com\/index.php?rest_route=\/wp\/v2\/posts\/107899\/revisions\/107900"}],"wp:attachment":[{"href":"https:\/\/bobvarela.com\/index.php?rest_route=%2Fwp%2Fv2%2Fmedia&parent=107899"}],"wp:term":[{"taxonomy":"category","embeddable":true,"href":"https:\/\/bobvarela.com\/index.php?rest_route=%2Fwp%2Fv2%2Fcategories&post=107899"},{"taxonomy":"post_tag","embeddable":true,"href":"https:\/\/bobvarela.com\/index.php?rest_route=%2Fwp%2Fv2%2Ftags&post=107899"}],"curies":[{"name":"wp","href":"https:\/\/api.w.org\/{rel}","templated":true}]}}