{"id":108038,"date":"2016-11-19T08:43:13","date_gmt":"2016-11-19T12:43:13","guid":{"rendered":"https:\/\/bobvarela.com\/?p=108038"},"modified":"2016-11-19T08:44:40","modified_gmt":"2016-11-19T12:44:40","slug":"sonia-santiago-en-san-juan-moda-noviembre-2016","status":"publish","type":"post","link":"https:\/\/bobvarela.com\/?p=108038","title":{"rendered":"Sonia Santiago en San Juan Moda Noviembre 2016"},"content":{"rendered":"<p align=\"justify\"><font size=\"3\">La dise\u00f1adora Sonia Santiago, lanz\u00f3 Fiorella, su propuesta, p<\/font><font size=\"3\">ara Primavera\/Verano 2017.&#160; Inspirada en la belleza de los jardines, vistas naturales y estilo de vida de la hermosa costa del suroeste de Itales. Santiago, demostr\u00f3 que la mujer puede ser moderna y sensual sin perder su elegancia. Como de costumbre, utiliz\u00f3 diversos textiles, chif\u00f3n de seda, mikado de seda, organza de seda y lana. Mencion\u00f3 que le gusta trabajar siempre con la seda porque \u00a8la ropa queda m\u00e1s fina y elegante\u00a8. Para esta colecci\u00f3n en espec\u00edfico a\u00f1adi\u00f3 telas con flores y estampados de p\u00e1jaros que dise\u00f1\u00f3 el artista, Mi\u00f1o Reyes. Los colores que se pudieron apreciar en pasarela fueron el rosa malva, diferentes tonalidades de grises, violeta, azul royal y negro.<\/font>    <\/p>\n<p align=\"justify\">ngg_shortcode_0_placeholder<\/p>\n","protected":false},"excerpt":{"rendered":"<p>La dise\u00f1adora Sonia Santiago, lanz\u00f3 Fiorella, su propuesta, para Primavera\/Verano 2017.&#160; Inspirada en la belleza de los jardines, vistas naturales y estilo de vida de la hermosa costa del suroeste de Itales. Santiago, demostr\u00f3 que la mujer puede ser moderna&hellip;<\/p>\n<p class=\"more-link-p\"><a class=\"more-link\" href=\"https:\/\/bobvarela.com\/?p=108038\">Read more &rarr;<\/a><\/p>\n","protected":false},"author":1,"featured_media":0,"comment_status":"open","ping_status":"open","sticky":false,"template":"","format":"standard","meta":{"ngg_post_thumbnail":0,"footnotes":""},"categories":[4,295],"tags":[],"class_list":["post-108038","post","type-post","status-publish","format-standard","hentry","category-moda","category-puerto-rico"],"_links":{"self":[{"href":"https:\/\/bobvarela.com\/index.php?rest_route=\/wp\/v2\/posts\/108038","targetHints":{"allow":["GET"]}}],"collection":[{"href":"https:\/\/bobvarela.com\/index.php?rest_route=\/wp\/v2\/posts"}],"about":[{"href":"https:\/\/bobvarela.com\/index.php?rest_route=\/wp\/v2\/types\/post"}],"author":[{"embeddable":true,"href":"https:\/\/bobvarela.com\/index.php?rest_route=\/wp\/v2\/users\/1"}],"replies":[{"embeddable":true,"href":"https:\/\/bobvarela.com\/index.php?rest_route=%2Fwp%2Fv2%2Fcomments&post=108038"}],"version-history":[{"count":3,"href":"https:\/\/bobvarela.com\/index.php?rest_route=\/wp\/v2\/posts\/108038\/revisions"}],"predecessor-version":[{"id":108041,"href":"https:\/\/bobvarela.com\/index.php?rest_route=\/wp\/v2\/posts\/108038\/revisions\/108041"}],"wp:attachment":[{"href":"https:\/\/bobvarela.com\/index.php?rest_route=%2Fwp%2Fv2%2Fmedia&parent=108038"}],"wp:term":[{"taxonomy":"category","embeddable":true,"href":"https:\/\/bobvarela.com\/index.php?rest_route=%2Fwp%2Fv2%2Fcategories&post=108038"},{"taxonomy":"post_tag","embeddable":true,"href":"https:\/\/bobvarela.com\/index.php?rest_route=%2Fwp%2Fv2%2Ftags&post=108038"}],"curies":[{"name":"wp","href":"https:\/\/api.w.org\/{rel}","templated":true}]}}