{"id":108316,"date":"2016-11-19T12:31:11","date_gmt":"2016-11-19T16:31:11","guid":{"rendered":"https:\/\/bobvarela.com\/?p=108316"},"modified":"2016-11-19T12:31:54","modified_gmt":"2016-11-19T16:31:54","slug":"desile-caribe-de-david-antonio","status":"publish","type":"post","link":"https:\/\/bobvarela.com\/?p=108316","title":{"rendered":"Desfile Caribe de David Antonio"},"content":{"rendered":"<p align=\"center\"><a href=\"https:\/\/bobvarela.com\/wp-content\/uploads\/2016\/11\/C99A0925.jpg\"><img loading=\"lazy\" decoding=\"async\" title=\"C99A0925\" style=\"border-top: 0px; border-right: 0px; background-image: none; border-bottom: 0px; padding-top: 0px; padding-left: 0px; border-left: 0px; display: inline; padding-right: 0px\" border=\"0\" alt=\"C99A0925\" src=\"https:\/\/bobvarela.com\/wp-content\/uploads\/2016\/11\/C99A0925_thumb.jpg\" width=\"318\" height=\"239\" \/><\/a><\/p>\n<p align=\"justify\"><font size=\"3\">El dise\u00f1ador David Antonio present\u00f3 con su colecci\u00f3n Caribe en San Juan Moda, inspirado en el Mar Caribe. Es por eso que la mayor\u00eda de su colecci\u00f3n cuenta con diversas tonalidades de azules. Los textiles que utiliza en las 65 piezas son el lino, lana, seda, microfibras y algodones. Los accesorios fueron elaborados y confe ccionados por Lalilly. Los dem\u00e1s accesorios como las gafas y carteras de manos son de la tienda del dise\u00f1ador. Entre los modelos se destac\u00f3 la presencia de Peter Hance, Jaime Mayol y por primera vez en pasarelas el cantante, Tito El Bambino. Hizo su deb\u00fat como modelo en esta colecci\u00f3n por ser Antonio, su encargado personal desde el 2000. Bambino expres\u00f3: &quot;Siempre me encanta venir al show y esta vez ser\u00e1 algo muy interesante porque estar\u00e9 en pasarela haciendo algo diferente&quot;. El cantante tambi\u00e9n expres\u00f3 que hac\u00eda esto como muestra de apoyo al dise\u00f1ador. <\/font><\/p>\n<p align=\"justify\">ngg_shortcode_0_placeholder<\/p>\n","protected":false},"excerpt":{"rendered":"<p>El dise\u00f1ador David Antonio present\u00f3 con su colecci\u00f3n Caribe en San Juan Moda, inspirado en el Mar Caribe. Es por eso que la mayor\u00eda de su colecci\u00f3n cuenta con diversas tonalidades de azules. Los textiles que utiliza en las 65&hellip;<\/p>\n<p class=\"more-link-p\"><a class=\"more-link\" href=\"https:\/\/bobvarela.com\/?p=108316\">Read more &rarr;<\/a><\/p>\n","protected":false},"author":1,"featured_media":0,"comment_status":"open","ping_status":"open","sticky":false,"template":"","format":"standard","meta":{"ngg_post_thumbnail":0,"footnotes":""},"categories":[4,295],"tags":[],"class_list":["post-108316","post","type-post","status-publish","format-standard","hentry","category-moda","category-puerto-rico"],"_links":{"self":[{"href":"https:\/\/bobvarela.com\/index.php?rest_route=\/wp\/v2\/posts\/108316","targetHints":{"allow":["GET"]}}],"collection":[{"href":"https:\/\/bobvarela.com\/index.php?rest_route=\/wp\/v2\/posts"}],"about":[{"href":"https:\/\/bobvarela.com\/index.php?rest_route=\/wp\/v2\/types\/post"}],"author":[{"embeddable":true,"href":"https:\/\/bobvarela.com\/index.php?rest_route=\/wp\/v2\/users\/1"}],"replies":[{"embeddable":true,"href":"https:\/\/bobvarela.com\/index.php?rest_route=%2Fwp%2Fv2%2Fcomments&post=108316"}],"version-history":[{"count":2,"href":"https:\/\/bobvarela.com\/index.php?rest_route=\/wp\/v2\/posts\/108316\/revisions"}],"predecessor-version":[{"id":108318,"href":"https:\/\/bobvarela.com\/index.php?rest_route=\/wp\/v2\/posts\/108316\/revisions\/108318"}],"wp:attachment":[{"href":"https:\/\/bobvarela.com\/index.php?rest_route=%2Fwp%2Fv2%2Fmedia&parent=108316"}],"wp:term":[{"taxonomy":"category","embeddable":true,"href":"https:\/\/bobvarela.com\/index.php?rest_route=%2Fwp%2Fv2%2Fcategories&post=108316"},{"taxonomy":"post_tag","embeddable":true,"href":"https:\/\/bobvarela.com\/index.php?rest_route=%2Fwp%2Fv2%2Ftags&post=108316"}],"curies":[{"name":"wp","href":"https:\/\/api.w.org\/{rel}","templated":true}]}}