{"id":108455,"date":"2016-11-21T20:38:18","date_gmt":"2016-11-22T00:38:18","guid":{"rendered":"https:\/\/bobvarela.com\/?p=108455"},"modified":"2016-11-21T20:38:18","modified_gmt":"2016-11-22T00:38:18","slug":"brenda-jimnez-y-miss-puerto-rico-universe-con-iniciativa-para-atender-deambulantes","status":"publish","type":"post","link":"https:\/\/bobvarela.com\/?p=108455","title":{"rendered":"Brenda Jim&eacute;nez y Miss Puerto Rico Universe con iniciativa para atender deambulantes"},"content":{"rendered":"<p><img loading=\"lazy\" decoding=\"async\" style=\"float: none; margin-left: auto; display: block; margin-right: auto\" border=\"0\" hspace=\"5\" vspace=\"5\" src=\"https:\/\/files.constantcontact.com\/e68561ca001\/30f48865-2c06-486d-acd3-1e75e6766cf2.jpg\" width=\"500\" height=\"500\" \/>    <\/p>\n<p align=\"justify\"><font size=\"3\">La actual Miss Puerto Rico Universe, Brenda Jim\u00e9nez y la organizaci\u00f3n decidieron unir esfuerzos para atender la poblaci\u00f3n de deambulantes del pueblo que vio nacer a la reina. Esta iniciativa se llevar\u00e1 a cabo este mi\u00e9rcoles, 23 de noviembre de 11:30 am a 2:30 pm&#160; en la&#160; Plaza P\u00fablica de Aguadilla y contar\u00e1 con la participaci\u00f3n de las candidatas a MPRU 2017 como voluntarias.<\/font><\/p>\n<p align=\"justify\"><font size=\"3\">Durante este gesto, se les estar\u00e1 ofreciendo a los deambulantes servicios de salud, barber\u00eda y comida, entre otros. Se est\u00e1 solicitando a la ciudadan\u00eda colaborar con art\u00edculos de primera necesidad y de higiene personal para tambi\u00e9n ayudar a abastecer a esta comunidad. Durante la actividad contaremos con la participaci\u00f3n de la Banda Municipal y Escuela de Bellas Artes, ambas de dicho municipio.<\/font><\/p>\n<p align=\"justify\"><font size=\"3\">&quot;Esto es algo que siempre me ha llenado mucho, ayudar a los dem\u00e1s y esta vez escog\u00ed mi pueblo de Aguadilla. Exhorto a las dem\u00e1s candidatas a hacer este tipo de labor, ya que esto es parte de lo que es llevar una cinta representando a nuestro pueblo y a nuestro pa\u00eds&quot;, comenta Jim\u00e9nez.<\/font><\/p>\n<p align=\"justify\"><font size=\"3\">&quot;Estoy bien orgullosa de Brenda porque aparte de ser bella por fuera tiene unos sentimientos espectaculares y un gran amor por el pr\u00f3jimo&quot;, a\u00f1ade Desir\u00e9e Lowry, directora de la organizaci\u00f3n.<\/font><\/p>\n","protected":false},"excerpt":{"rendered":"<p>La actual Miss Puerto Rico Universe, Brenda Jim\u00e9nez y la organizaci\u00f3n decidieron unir esfuerzos para atender la poblaci\u00f3n de deambulantes del pueblo que vio nacer a la reina. Esta iniciativa se llevar\u00e1 a cabo este mi\u00e9rcoles, 23 de noviembre de&hellip;<\/p>\n<p class=\"more-link-p\"><a class=\"more-link\" href=\"https:\/\/bobvarela.com\/?p=108455\">Read more &rarr;<\/a><\/p>\n","protected":false},"author":1,"featured_media":0,"comment_status":"open","ping_status":"open","sticky":false,"template":"","format":"standard","meta":{"ngg_post_thumbnail":0,"footnotes":""},"categories":[5,172],"tags":[],"class_list":["post-108455","post","type-post","status-publish","format-standard","hentry","category-concursos","category-universe"],"_links":{"self":[{"href":"https:\/\/bobvarela.com\/index.php?rest_route=\/wp\/v2\/posts\/108455","targetHints":{"allow":["GET"]}}],"collection":[{"href":"https:\/\/bobvarela.com\/index.php?rest_route=\/wp\/v2\/posts"}],"about":[{"href":"https:\/\/bobvarela.com\/index.php?rest_route=\/wp\/v2\/types\/post"}],"author":[{"embeddable":true,"href":"https:\/\/bobvarela.com\/index.php?rest_route=\/wp\/v2\/users\/1"}],"replies":[{"embeddable":true,"href":"https:\/\/bobvarela.com\/index.php?rest_route=%2Fwp%2Fv2%2Fcomments&post=108455"}],"version-history":[{"count":1,"href":"https:\/\/bobvarela.com\/index.php?rest_route=\/wp\/v2\/posts\/108455\/revisions"}],"predecessor-version":[{"id":108456,"href":"https:\/\/bobvarela.com\/index.php?rest_route=\/wp\/v2\/posts\/108455\/revisions\/108456"}],"wp:attachment":[{"href":"https:\/\/bobvarela.com\/index.php?rest_route=%2Fwp%2Fv2%2Fmedia&parent=108455"}],"wp:term":[{"taxonomy":"category","embeddable":true,"href":"https:\/\/bobvarela.com\/index.php?rest_route=%2Fwp%2Fv2%2Fcategories&post=108455"},{"taxonomy":"post_tag","embeddable":true,"href":"https:\/\/bobvarela.com\/index.php?rest_route=%2Fwp%2Fv2%2Ftags&post=108455"}],"curies":[{"name":"wp","href":"https:\/\/api.w.org\/{rel}","templated":true}]}}