{"id":108617,"date":"2016-11-21T20:52:11","date_gmt":"2016-11-22T00:52:11","guid":{"rendered":"https:\/\/bobvarela.com\/?p=108617"},"modified":"2016-11-21T20:53:58","modified_gmt":"2016-11-22T00:53:58","slug":"heriberto-vzquez-en-san-juan-moda-noviembre-2016","status":"publish","type":"post","link":"https:\/\/bobvarela.com\/?p=108617","title":{"rendered":"Heriberto V&aacute;zquez en San Juan Moda Noviembre 2016"},"content":{"rendered":"<p align=\"justify\"><font size=\"3\">El dise\u00f1ador Heriberto V\u00e1zquez, present\u00f3 su colecci\u00f3n Paseo Primaveral.&#160; Colecci\u00f3n inspirada en el lugar de celebraci\u00f3n de esta s\u00e9ptima edici\u00f3n de San Juan Moda, Paseo Caribe. Sus piezas fueron elaboradas con: yoryet de seda, chifones de seda, algod\u00f3n y neoprene tela que utilizan los buzos. Los accesorios estuvieron a cargo de la dise\u00f1adora, Sonia Bonilla para completar cada una de sus piezas. <\/font><\/p>\n<p align=\"justify\">ngg_shortcode_0_placeholder<\/p>\n","protected":false},"excerpt":{"rendered":"<p>El dise\u00f1ador Heriberto V\u00e1zquez, present\u00f3 su colecci\u00f3n Paseo Primaveral.&#160; Colecci\u00f3n inspirada en el lugar de celebraci\u00f3n de esta s\u00e9ptima edici\u00f3n de San Juan Moda, Paseo Caribe. Sus piezas fueron elaboradas con: yoryet de seda, chifones de seda, algod\u00f3n y neoprene&hellip;<\/p>\n<p class=\"more-link-p\"><a class=\"more-link\" href=\"https:\/\/bobvarela.com\/?p=108617\">Read more &rarr;<\/a><\/p>\n","protected":false},"author":1,"featured_media":0,"comment_status":"open","ping_status":"open","sticky":false,"template":"","format":"standard","meta":{"ngg_post_thumbnail":0,"footnotes":""},"categories":[4,295],"tags":[],"class_list":["post-108617","post","type-post","status-publish","format-standard","hentry","category-moda","category-puerto-rico"],"_links":{"self":[{"href":"https:\/\/bobvarela.com\/index.php?rest_route=\/wp\/v2\/posts\/108617","targetHints":{"allow":["GET"]}}],"collection":[{"href":"https:\/\/bobvarela.com\/index.php?rest_route=\/wp\/v2\/posts"}],"about":[{"href":"https:\/\/bobvarela.com\/index.php?rest_route=\/wp\/v2\/types\/post"}],"author":[{"embeddable":true,"href":"https:\/\/bobvarela.com\/index.php?rest_route=\/wp\/v2\/users\/1"}],"replies":[{"embeddable":true,"href":"https:\/\/bobvarela.com\/index.php?rest_route=%2Fwp%2Fv2%2Fcomments&post=108617"}],"version-history":[{"count":2,"href":"https:\/\/bobvarela.com\/index.php?rest_route=\/wp\/v2\/posts\/108617\/revisions"}],"predecessor-version":[{"id":108619,"href":"https:\/\/bobvarela.com\/index.php?rest_route=\/wp\/v2\/posts\/108617\/revisions\/108619"}],"wp:attachment":[{"href":"https:\/\/bobvarela.com\/index.php?rest_route=%2Fwp%2Fv2%2Fmedia&parent=108617"}],"wp:term":[{"taxonomy":"category","embeddable":true,"href":"https:\/\/bobvarela.com\/index.php?rest_route=%2Fwp%2Fv2%2Fcategories&post=108617"},{"taxonomy":"post_tag","embeddable":true,"href":"https:\/\/bobvarela.com\/index.php?rest_route=%2Fwp%2Fv2%2Ftags&post=108617"}],"curies":[{"name":"wp","href":"https:\/\/api.w.org\/{rel}","templated":true}]}}