{"id":109574,"date":"2016-12-17T13:44:14","date_gmt":"2016-12-17T17:44:14","guid":{"rendered":"https:\/\/bobvarela.com\/?p=109574"},"modified":"2016-12-17T13:45:28","modified_gmt":"2016-12-17T17:45:28","slug":"hermn-nadar-present-su-coleccin-into-the-jungle-ss-2017-en-sam-juan-moda","status":"publish","type":"post","link":"https:\/\/bobvarela.com\/?p=109574","title":{"rendered":"Herm&aacute;n Nadar present&oacute; su colecci&oacute;n &acute;&acute; Into the Jungle SS 2017&acute;&acute; en Sam Juan Moda"},"content":{"rendered":"<p align=\"justify\"><font size=\"3\">Herm\u00e1n Nadar, ganador de Revelaci\u00f3n Moda que present\u00f3 su colecci\u00f3n \u00b4\u00b4 Into the Jungle SS 2017\u00b4\u00b4 inspirada en el estilo militar y safari. En cada uno de sus dise\u00f1os se pudo apreciar una paleta de colores acorde con el verde militar y colores \u00e1ridos representativos de la naturaleza sin perder el concepto primavera. Desde el estilo casual deportivo a la ropa elegante, mostr\u00f3 sus&#160; piezas juveniles destacando la chaqueta de cuero, una pieza que lo caracteriza como dise\u00f1ador y \u00b4\u00b4nunca pasa de moda\u00b4\u00b4 seg\u00fan Nadar. Elaine Moreira Jewelry colabor\u00f3 con sus accesorios en este desfile.<\/font><\/p>\n<p align=\"justify\">ngg_shortcode_0_placeholder<\/p>\n","protected":false},"excerpt":{"rendered":"<p>Herm\u00e1n Nadar, ganador de Revelaci\u00f3n Moda que present\u00f3 su colecci\u00f3n \u00b4\u00b4 Into the Jungle SS 2017\u00b4\u00b4 inspirada en el estilo militar y safari. En cada uno de sus dise\u00f1os se pudo apreciar una paleta de colores acorde con el verde&hellip;<\/p>\n<p class=\"more-link-p\"><a class=\"more-link\" href=\"https:\/\/bobvarela.com\/?p=109574\">Read more &rarr;<\/a><\/p>\n","protected":false},"author":1,"featured_media":0,"comment_status":"open","ping_status":"open","sticky":false,"template":"","format":"standard","meta":{"ngg_post_thumbnail":0,"footnotes":""},"categories":[4,295],"tags":[],"class_list":["post-109574","post","type-post","status-publish","format-standard","hentry","category-moda","category-puerto-rico"],"_links":{"self":[{"href":"https:\/\/bobvarela.com\/index.php?rest_route=\/wp\/v2\/posts\/109574","targetHints":{"allow":["GET"]}}],"collection":[{"href":"https:\/\/bobvarela.com\/index.php?rest_route=\/wp\/v2\/posts"}],"about":[{"href":"https:\/\/bobvarela.com\/index.php?rest_route=\/wp\/v2\/types\/post"}],"author":[{"embeddable":true,"href":"https:\/\/bobvarela.com\/index.php?rest_route=\/wp\/v2\/users\/1"}],"replies":[{"embeddable":true,"href":"https:\/\/bobvarela.com\/index.php?rest_route=%2Fwp%2Fv2%2Fcomments&post=109574"}],"version-history":[{"count":3,"href":"https:\/\/bobvarela.com\/index.php?rest_route=\/wp\/v2\/posts\/109574\/revisions"}],"predecessor-version":[{"id":109577,"href":"https:\/\/bobvarela.com\/index.php?rest_route=\/wp\/v2\/posts\/109574\/revisions\/109577"}],"wp:attachment":[{"href":"https:\/\/bobvarela.com\/index.php?rest_route=%2Fwp%2Fv2%2Fmedia&parent=109574"}],"wp:term":[{"taxonomy":"category","embeddable":true,"href":"https:\/\/bobvarela.com\/index.php?rest_route=%2Fwp%2Fv2%2Fcategories&post=109574"},{"taxonomy":"post_tag","embeddable":true,"href":"https:\/\/bobvarela.com\/index.php?rest_route=%2Fwp%2Fv2%2Ftags&post=109574"}],"curies":[{"name":"wp","href":"https:\/\/api.w.org\/{rel}","templated":true}]}}