{"id":109688,"date":"2016-12-22T17:14:34","date_gmt":"2016-12-22T21:14:34","guid":{"rendered":"https:\/\/bobvarela.com\/?p=109688"},"modified":"2016-12-22T17:14:34","modified_gmt":"2016-12-22T21:14:34","slug":"miss-puerto-rico-universe-presenta-traje-tpico-y-ajuar-de-brenda-jimnez","status":"publish","type":"post","link":"https:\/\/bobvarela.com\/?p=109688","title":{"rendered":"Miss Puerto Rico Universe presenta traje t&iacute;pico y ajuar de Brenda Jim&eacute;nez"},"content":{"rendered":"<p><strong>     <br \/><img loading=\"lazy\" decoding=\"async\" style=\"float: none; margin-left: auto; display: block; margin-right: auto\" border=\"0\" hspace=\"5\" vspace=\"5\" src=\"https:\/\/files.constantcontact.com\/e68561ca001\/a51ae48f-8cfa-4ab8-9ba1-a35699e6053f.jpg\" width=\"450\" height=\"500\" \/> <\/strong><\/p>\n<p align=\"justify\"><font size=\"3\">La organizaci\u00f3n de Miss Puerto Rico Universe (MPRU) present\u00f3 oficialmente parte del ajuar que estar\u00e1 vistiendo nuestra reina en el certamen internacional.&#160; El escudo de Puerto Rico sirvi\u00f3 de inspiraci\u00f3n para el traje t\u00edpico que lucir\u00e1 MPRU 2016, Brenda Azaria Jim\u00e9nez, en el concurso Miss Universe a celebrarse en Filipinas el 29 de enero del 2017.&#160; Esta ser\u00e1 la primera vez que una reina de belleza puertorrique\u00f1a utilice este concepto en tan prestigioso evento.<\/font><\/p>\n<p><img loading=\"lazy\" decoding=\"async\" style=\"float: none; margin-left: auto; display: block; margin-right: auto\" border=\"0\" hspace=\"5\" vspace=\"5\" src=\"https:\/\/files.constantcontact.com\/e68561ca001\/5fb26e14-e23f-4ba4-8ead-7d23da55c496.jpg\" width=\"281\" height=\"500\" \/>    <\/p>\n<p align=\"justify\"><font size=\"3\">El atuendo fue una creaci\u00f3n del dise\u00f1ador Javier Arnaldo, los accesorios y la corona estuvieron a cargo de Fabi\u00e1n De La Fuentes, todo esto con una colaboraci\u00f3n especial de Jes\u00fas Manuel D\u00e1vila. El mismo consiste en un leotardo recamado en miles de piedras Swarovski de Forever Crystals, perlas y encajes blancos que sirven para destacar la representaci\u00f3n del cordero que figura en el centro del escudo de Puerto Rico. El leotardo est\u00e1 complementado por una majestuosa capa bordada con los s\u00edmbolos representados en el escudo nacional nuestra cultura, historia y religi\u00f3n. <\/font><\/p>\n<p align=\"justify\"><font size=\"3\">Algunos datos interesantes sobre el escudo y los simbolismos que est\u00e1n representados en el vestido nacional de Brenda Jim\u00e9nez son: <\/font><\/p>\n<p align=\"justify\"><font size=\"3\">*&#160;&#160;&#160; El verde representa a la isla, pero a su vez virtudes como la esperanza. <\/font><\/p>\n<p align=\"justify\"><font size=\"3\">*&#160;&#160;&#160; El cordero simboliza la humildad, pureza, integridad y paz. <\/font><\/p>\n<p align=\"justify\"><font size=\"3\">*&#160;&#160;&#160; La bandera significa junto al cordero son el s\u00edmbolo de San Juan Bautista, nombre que originalmente se le dio a la isla. <\/font><\/p>\n<p align=\"justify\"><font size=\"3\">*&#160;&#160;&#160; El borde del escudo se compone de 16 piezas: castillos que representan el Reino de Castilla, leones por el Reino de Le\u00f3n y una bandera de castillos y leones en representaci\u00f3n de ambos reinos unidos y la cruz de Jerusal\u00e9n usada por los reyes para expulsar a los moros de la Pen\u00ednsula.&#160; <\/font><\/p>\n<p align=\"justify\"><font size=\"3\">*&#160;&#160;&#160; La corona simboliza la realeza de quienes otorgan el escudo. Las letras &quot;F&quot; y &quot;Y&quot; son las iniciales de los reyes de Espa\u00f1a: Fernando El Cat\u00f3lico e Ysabel. <\/font><\/p>\n<p align=\"justify\"><font size=\"3\">*&#160;&#160;&#160; El lema &quot;Joannes Est Nomen Ejus&quot; quiere decir Juan es su nombre en lat\u00edn y simboliza nuestro nacimiento como pueblo. <\/font><\/p>\n<p align=\"justify\"><font size=\"3\">*&#160;&#160;&#160; El Escudo Oficial de Puerto Rico, que simboliza nuestro nacimiento como pueblo, es el m\u00e1s antiguo de toda Am\u00e9rica.<\/font><\/p>\n<p align=\"justify\"><font size=\"3\">Entre los dise\u00f1adores que confeccionaron piezas para el majestuoso ajuar que vestir\u00e1 la reina se encuentran Gustavo Arango, Miriam Budet, Ecl\u00edptica, Marcos Carrazana, OF Atelier, Jos\u00e9 Ra\u00fal, Edzel Giovannie, Javier Arnaldo, Gabriel Nevarez, Liliam Landr\u00f3n, Juan Carlos Collazo, Elier Aubret, Herman Nadal, Pedro \u00c1ngel Chaluisant, Boanerge y Valdy.<\/font><\/p>\n<p align=\"justify\"><font size=\"3\">Los accesorios estar\u00e1n a cargo de Forever Crystals, Elaine Moreira, Ivelisse Nieves, Daniel Espinosa y Harold Cabrera.<\/font><\/p>\n<p align=\"justify\"><font size=\"3\">Brenda Jim\u00e9nez se encuentra en los \u00faltimos detalles de su preparaci\u00f3n y en los pr\u00f3ximos d\u00edas estar\u00e1 preparando todo el equipaje para partir a Filipinas el pr\u00f3ximo 11 de enero.<\/font><\/p>\n<p align=\"justify\"><font size=\"3\">Equipo de preparaci\u00f3n de MPRU 2016:<\/font><\/p>\n<p align=\"justify\"><font size=\"3\">Desir\u00e9e Lowry &#8211; asesora de imagen <\/font><\/p>\n<p align=\"justify\"><font size=\"3\">Maritere Benes &#8211; pasarela <\/font><\/p>\n<p align=\"justify\"><font size=\"3\">Roberto Colberg&#160; y Edgardo Virella &#8211; preparaci\u00f3n intelectual y etiqueta social <\/font><\/p>\n<p align=\"justify\"><font size=\"3\">Amar Sotomayor &#8211; proyecci\u00f3n&#160; <\/font><\/p>\n<p align=\"justify\"><font size=\"3\">Miguel Ramos &#8211; dicci\u00f3n y comunicaci\u00f3n&#160; <\/font><\/p>\n<p align=\"justify\"><font size=\"3\">Joseph Padr\u00f3 &#8211; asesor de modas&#160; <\/font><\/p>\n<p align=\"justify\"><font size=\"3\">Gimnasio &#8211; Equilibrium <\/font><\/p>\n<p align=\"justify\"><font size=\"3\">Ram\u00f3n Torres &#8211; entrenador f\u00edsico <\/font><\/p>\n<p align=\"justify\"><font size=\"3\">Usal\u00f3n &#8211; Junior Mel\u00e9ndez y Javier Moreno <\/font><\/p>\n<p align=\"justify\"><font size=\"3\">Dr. Luis Ortiz Espinosa &#8211; dermat\u00f3logo y fundador de Novaderm <\/font><\/p>\n<p align=\"justify\"><font size=\"3\">Dr. Melvin Hern\u00e1ndez &#8211; dentista cosm\u00e9tico <\/font><\/p>\n<p align=\"justify\"><font size=\"3\">Dr. Mario Polo &#8211; ortodontista <\/font><\/p>\n<p align=\"justify\"><font size=\"3\">Dr. Francisco Monserrate &#8211; Infinity Laser (cirug\u00eda de correcci\u00f3n visual) <\/font><\/p>\n<p align=\"justify\"><font size=\"3\">Dr. Stephen Higuera &#8211; cirujano pl\u00e1stico <\/font><\/p>\n<p align=\"justify\"><font size=\"3\">PanAmerican Language&#160;&#160; <\/font><\/p>\n<p align=\"justify\"><font size=\"3\">Agradecimientos especiales: <\/font><\/p>\n<p align=\"justify\"><font size=\"3\">Elizabeth Carlo <\/font><\/p>\n<p align=\"justify\"><font size=\"3\">Jes\u00fas Manuel D\u00e1vila <\/font><\/p>\n<p align=\"justify\"><font size=\"3\">Carlos Rub\u00e9n<\/font><\/p>\n<p align=\"justify\"><font size=\"3\">Fot\u00f3grafos: <\/font><\/p>\n<p align=\"justify\"><font size=\"3\">Fernando Cruz, H\u00e9ctor L. Febus, Jos\u00e9 Ruiz y Felipe Torres<\/font><\/p>\n<p><img loading=\"lazy\" decoding=\"async\" style=\"float: none; margin-left: auto; display: block; margin-right: auto\" border=\"0\" hspace=\"5\" vspace=\"5\" src=\"https:\/\/files.constantcontact.com\/e68561ca001\/dc1d0897-0e55-4f77-9cc4-26b95dce62eb.jpg\" width=\"281\" height=\"500\" \/><\/p>\n","protected":false},"excerpt":{"rendered":"<p>La organizaci\u00f3n de Miss Puerto Rico Universe (MPRU) present\u00f3 oficialmente parte del ajuar que estar\u00e1 vistiendo nuestra reina en el certamen internacional.&#160; El escudo de Puerto Rico sirvi\u00f3 de inspiraci\u00f3n para el traje t\u00edpico que lucir\u00e1 MPRU 2016, Brenda Azaria&hellip;<\/p>\n<p class=\"more-link-p\"><a class=\"more-link\" href=\"https:\/\/bobvarela.com\/?p=109688\">Read more &rarr;<\/a><\/p>\n","protected":false},"author":1,"featured_media":0,"comment_status":"open","ping_status":"open","sticky":false,"template":"","format":"standard","meta":{"ngg_post_thumbnail":0,"footnotes":""},"categories":[5,4,295,172],"tags":[],"class_list":["post-109688","post","type-post","status-publish","format-standard","hentry","category-concursos","category-moda","category-puerto-rico","category-universe"],"_links":{"self":[{"href":"https:\/\/bobvarela.com\/index.php?rest_route=\/wp\/v2\/posts\/109688","targetHints":{"allow":["GET"]}}],"collection":[{"href":"https:\/\/bobvarela.com\/index.php?rest_route=\/wp\/v2\/posts"}],"about":[{"href":"https:\/\/bobvarela.com\/index.php?rest_route=\/wp\/v2\/types\/post"}],"author":[{"embeddable":true,"href":"https:\/\/bobvarela.com\/index.php?rest_route=\/wp\/v2\/users\/1"}],"replies":[{"embeddable":true,"href":"https:\/\/bobvarela.com\/index.php?rest_route=%2Fwp%2Fv2%2Fcomments&post=109688"}],"version-history":[{"count":1,"href":"https:\/\/bobvarela.com\/index.php?rest_route=\/wp\/v2\/posts\/109688\/revisions"}],"predecessor-version":[{"id":109689,"href":"https:\/\/bobvarela.com\/index.php?rest_route=\/wp\/v2\/posts\/109688\/revisions\/109689"}],"wp:attachment":[{"href":"https:\/\/bobvarela.com\/index.php?rest_route=%2Fwp%2Fv2%2Fmedia&parent=109688"}],"wp:term":[{"taxonomy":"category","embeddable":true,"href":"https:\/\/bobvarela.com\/index.php?rest_route=%2Fwp%2Fv2%2Fcategories&post=109688"},{"taxonomy":"post_tag","embeddable":true,"href":"https:\/\/bobvarela.com\/index.php?rest_route=%2Fwp%2Fv2%2Ftags&post=109688"}],"curies":[{"name":"wp","href":"https:\/\/api.w.org\/{rel}","templated":true}]}}