{"id":111198,"date":"2017-01-31T19:03:56","date_gmt":"2017-01-31T23:03:56","guid":{"rendered":"https:\/\/bobvarela.com\/?p=111198"},"modified":"2017-01-31T19:03:56","modified_gmt":"2017-01-31T23:03:56","slug":"tcn-en-la-19a-edicin-del-080-barcelona-fashion-primavera-verano-2017","status":"publish","type":"post","link":"https:\/\/bobvarela.com\/?p=111198","title":{"rendered":"TCN en la 19a edici&oacute;n del 080 Barcelona Fashion primavera-verano 2017"},"content":{"rendered":"<p align=\"center\"><a href=\"https:\/\/bobvarela.com\/wp-content\/uploads\/2017\/01\/TCN-111011.jpg\"><img loading=\"lazy\" decoding=\"async\" title=\"TCN 111011\" style=\"border-top: 0px; border-right: 0px; background-image: none; border-bottom: 0px; padding-top: 0px; padding-left: 0px; border-left: 0px; display: inline; padding-right: 0px\" border=\"0\" alt=\"TCN 111011\" src=\"https:\/\/bobvarela.com\/wp-content\/uploads\/2017\/01\/TCN-111011_thumb.jpg\" width=\"198\" height=\"134\" \/><\/a><a href=\"https:\/\/bobvarela.com\/wp-content\/uploads\/2017\/01\/TCN-111009.jpg\"><img loading=\"lazy\" decoding=\"async\" title=\"TCN 111009\" style=\"border-top: 0px; border-right: 0px; background-image: none; border-bottom: 0px; padding-top: 0px; padding-left: 0px; border-left: 0px; display: inline; padding-right: 0px\" border=\"0\" alt=\"TCN 111009\" src=\"https:\/\/bobvarela.com\/wp-content\/uploads\/2017\/01\/TCN-111009_thumb.jpg\" width=\"198\" height=\"134\" \/><\/a><a href=\"https:\/\/bobvarela.com\/wp-content\/uploads\/2017\/01\/TCN-111013.jpg\"><img loading=\"lazy\" decoding=\"async\" title=\"TCN 111013\" style=\"border-top: 0px; border-right: 0px; background-image: none; border-bottom: 0px; padding-top: 0px; padding-left: 0px; border-left: 0px; display: inline; padding-right: 0px\" border=\"0\" alt=\"TCN 111013\" src=\"https:\/\/bobvarela.com\/wp-content\/uploads\/2017\/01\/TCN-111013_thumb.jpg\" width=\"198\" height=\"134\" \/><\/a><\/p>\n<p align=\"justify\"><font size=\"3\">La firma TCN fue la encargada de cerrar&#160; la jornada inaugural de la 19a edici\u00f3n del 080 Barcelona Fashion, que se celebra desde ayer y hasta el pr\u00f3ximo viernes, 3 de febrero en el Teatre Nacional de Catalunya (TNC).&#160; Sum\u00e1ndose a la tendencia \u201cready to buy\u201d, la firma presento sus propuestas para la primavera-verano 2017.<\/font>&#160; <\/p>\n<p align=\"justify\">ngg_shortcode_0_placeholder   <\/p>\n","protected":false},"excerpt":{"rendered":"<p>La firma TCN fue la encargada de cerrar&#160; la jornada inaugural de la 19a edici\u00f3n del 080 Barcelona Fashion, que se celebra desde ayer y hasta el pr\u00f3ximo viernes, 3 de febrero en el Teatre Nacional de Catalunya (TNC).&#160; Sum\u00e1ndose&hellip;<\/p>\n<p class=\"more-link-p\"><a class=\"more-link\" href=\"https:\/\/bobvarela.com\/?p=111198\">Read more &rarr;<\/a><\/p>\n","protected":false},"author":1,"featured_media":0,"comment_status":"open","ping_status":"open","sticky":false,"template":"","format":"standard","meta":{"ngg_post_thumbnail":0,"footnotes":""},"categories":[478,4],"tags":[],"class_list":["post-111198","post","type-post","status-publish","format-standard","hentry","category-080-barcelona","category-moda"],"_links":{"self":[{"href":"https:\/\/bobvarela.com\/index.php?rest_route=\/wp\/v2\/posts\/111198","targetHints":{"allow":["GET"]}}],"collection":[{"href":"https:\/\/bobvarela.com\/index.php?rest_route=\/wp\/v2\/posts"}],"about":[{"href":"https:\/\/bobvarela.com\/index.php?rest_route=\/wp\/v2\/types\/post"}],"author":[{"embeddable":true,"href":"https:\/\/bobvarela.com\/index.php?rest_route=\/wp\/v2\/users\/1"}],"replies":[{"embeddable":true,"href":"https:\/\/bobvarela.com\/index.php?rest_route=%2Fwp%2Fv2%2Fcomments&post=111198"}],"version-history":[{"count":1,"href":"https:\/\/bobvarela.com\/index.php?rest_route=\/wp\/v2\/posts\/111198\/revisions"}],"predecessor-version":[{"id":111199,"href":"https:\/\/bobvarela.com\/index.php?rest_route=\/wp\/v2\/posts\/111198\/revisions\/111199"}],"wp:attachment":[{"href":"https:\/\/bobvarela.com\/index.php?rest_route=%2Fwp%2Fv2%2Fmedia&parent=111198"}],"wp:term":[{"taxonomy":"category","embeddable":true,"href":"https:\/\/bobvarela.com\/index.php?rest_route=%2Fwp%2Fv2%2Fcategories&post=111198"},{"taxonomy":"post_tag","embeddable":true,"href":"https:\/\/bobvarela.com\/index.php?rest_route=%2Fwp%2Fv2%2Ftags&post=111198"}],"curies":[{"name":"wp","href":"https:\/\/api.w.org\/{rel}","templated":true}]}}