{"id":111274,"date":"2017-02-01T07:18:00","date_gmt":"2017-02-01T11:18:00","guid":{"rendered":"https:\/\/bobvarela.com\/?p=111274"},"modified":"2017-02-01T07:18:00","modified_gmt":"2017-02-01T11:18:00","slug":"miss-petite-puerto-rico-mesoamrica-2017-kristi-daz-colon","status":"publish","type":"post","link":"https:\/\/bobvarela.com\/?p=111274","title":{"rendered":"Miss Petite Puerto rico Mesoam&eacute;rica 2017 Kristi D&iacute;az Colon"},"content":{"rendered":"<p align=\"justify\"><font size=\"3\">Recientemente se titul\u00f3 a la nueva Miss Petite Puerto Rico Mesoam\u00e9rica 2017,quien nos representar\u00e1 en el Festival de la Belleza Mesoam\u00e9rica producido por la agencia Beat Models en Guatemala. La joven de Kristi D\u00edaz de 20 a\u00f1os de edad, originaria del pueblo de Sabana Grande, y quien cursa un bachillerato en comunicaciones y administraci\u00f3n de empresas de la Universidad Pontificia Cat\u00f3lica de Ponce es la nueva embajadora.<\/font><\/p>\n<p align=\"center\"><font size=\"3\"><b><a href=\"https:\/\/bobvarela.com\/wp-content\/uploads\/2017\/02\/C99A0626.jpg\"><img loading=\"lazy\" decoding=\"async\" title=\"C99A0626\" style=\"border-top: 0px; border-right: 0px; background-image: none; border-bottom: 0px; padding-top: 0px; padding-left: 0px; border-left: 0px; display: inline; padding-right: 0px\" border=\"0\" alt=\"C99A0626\" src=\"https:\/\/bobvarela.com\/wp-content\/uploads\/2017\/02\/C99A0626_thumb.jpg\" width=\"153\" height=\"134\" \/><\/a><a href=\"https:\/\/bobvarela.com\/wp-content\/uploads\/2017\/02\/C99A0785.jpg\"><img loading=\"lazy\" decoding=\"async\" title=\"C99A0785\" style=\"border-top: 0px; border-right: 0px; background-image: none; border-bottom: 0px; padding-top: 0px; padding-left: 0px; border-left: 0px; display: inline; padding-right: 0px\" border=\"0\" alt=\"C99A0785\" src=\"https:\/\/bobvarela.com\/wp-content\/uploads\/2017\/02\/C99A0785_thumb.jpg\" width=\"198\" height=\"134\" \/><\/a><a href=\"https:\/\/bobvarela.com\/wp-content\/uploads\/2017\/02\/C99A0691-2.jpg\"><img loading=\"lazy\" decoding=\"async\" title=\"C99A0691-2\" style=\"border-top: 0px; border-right: 0px; background-image: none; border-bottom: 0px; padding-top: 0px; padding-left: 0px; border-left: 0px; display: inline; padding-right: 0px\" border=\"0\" alt=\"C99A0691-2\" src=\"https:\/\/bobvarela.com\/wp-content\/uploads\/2017\/02\/C99A0691-2_thumb.jpg\" width=\"198\" height=\"134\" \/><\/a><\/b><\/font><\/p>\n<p align=\"justify\"><font size=\"3\">La coronaci\u00f3n de la nueva representante estuvo a cargo de la Miss Petite Mesoam\u00e9rica Universe 2014 Paola Hern\u00e1ndez, el pasado 28 de enero en el Restaurante Platos de Isla Verde y Lilac Boutique, donde se present\u00f3 parte del ajuar de competencia que lucir\u00e1 la reina durante las actividades en Guatemala. La presentaci\u00f3n de modas conto con la presencia de pasados tiny models y se present\u00f3 adem\u00e1s el vestido t\u00edpico, el cual est\u00e1 inspirado en la danza jibara puertorrique\u00f1a, realizado en color blanco y puntillas en tonos rojos, destacando en la zona del corpi\u00f1o una pintura creada por Juan Colon representando la flor de maga.<\/font><\/p>\n<p align=\"center\"><a href=\"https:\/\/bobvarela.com\/wp-content\/uploads\/2017\/02\/C99A0635.jpg\"><img loading=\"lazy\" decoding=\"async\" title=\"C99A0635\" style=\"border-top: 0px; border-right: 0px; background-image: none; border-bottom: 0px; padding-top: 0px; padding-left: 0px; border-left: 0px; display: inline; padding-right: 0px\" border=\"0\" alt=\"C99A0635\" src=\"https:\/\/bobvarela.com\/wp-content\/uploads\/2017\/02\/C99A0635_thumb.jpg\" width=\"162\" height=\"134\" \/><\/a><a href=\"https:\/\/bobvarela.com\/wp-content\/uploads\/2017\/02\/C99A0793.jpg\"><img loading=\"lazy\" decoding=\"async\" title=\"C99A0793\" style=\"border-top: 0px; border-right: 0px; background-image: none; border-bottom: 0px; padding-top: 0px; padding-left: 0px; border-left: 0px; display: inline; padding-right: 0px\" border=\"0\" alt=\"C99A0793\" src=\"https:\/\/bobvarela.com\/wp-content\/uploads\/2017\/02\/C99A0793_thumb.jpg\" width=\"198\" height=\"134\" \/><\/a><a href=\"https:\/\/bobvarela.com\/wp-content\/uploads\/2017\/02\/C99A0677.jpg\"><img loading=\"lazy\" decoding=\"async\" title=\"C99A0677\" style=\"border-top: 0px; border-right: 0px; background-image: none; border-bottom: 0px; padding-top: 0px; padding-left: 0px; border-left: 0px; display: inline; padding-right: 0px\" border=\"0\" alt=\"C99A0677\" src=\"https:\/\/bobvarela.com\/wp-content\/uploads\/2017\/02\/C99A0677_thumb.jpg\" width=\"153\" height=\"134\" \/><\/a><\/p>\n<p align=\"justify\"><font size=\"3\">Kristi D\u00edaz parte a Guatemala este pr\u00f3ximo 2 de febrero a representarnos en el Festival de la Belleza Mesoam\u00e9rica tras el t\u00edtulo de Miss Petite Mesoam\u00e9rica Universe, en la gran final el 5 de febrero en el Hotel Camino Real. La preparaci\u00f3n de la reina estuvo a cargo de Sacha Garc\u00eda de la Agencia Achieve en la pasarela, Juan Colon en proyecci\u00f3n y \u00c1lvarez Ninoshka en maquillaje.<\/font><\/p>\nngg_shortcode_0_placeholder\n","protected":false},"excerpt":{"rendered":"<p>Recientemente se titul\u00f3 a la nueva Miss Petite Puerto Rico Mesoam\u00e9rica 2017,quien nos representar\u00e1 en el Festival de la Belleza Mesoam\u00e9rica producido por la agencia Beat Models en Guatemala. La joven de Kristi D\u00edaz de 20 a\u00f1os de edad, originaria&hellip;<\/p>\n<p class=\"more-link-p\"><a class=\"more-link\" href=\"https:\/\/bobvarela.com\/?p=111274\">Read more &rarr;<\/a><\/p>\n","protected":false},"author":1,"featured_media":0,"comment_status":"open","ping_status":"open","sticky":false,"template":"","format":"standard","meta":{"ngg_post_thumbnail":0,"footnotes":""},"categories":[5,434,65],"tags":[],"class_list":["post-111274","post","type-post","status-publish","format-standard","hentry","category-concursos","category-mesoamerica","category-petite"],"_links":{"self":[{"href":"https:\/\/bobvarela.com\/index.php?rest_route=\/wp\/v2\/posts\/111274","targetHints":{"allow":["GET"]}}],"collection":[{"href":"https:\/\/bobvarela.com\/index.php?rest_route=\/wp\/v2\/posts"}],"about":[{"href":"https:\/\/bobvarela.com\/index.php?rest_route=\/wp\/v2\/types\/post"}],"author":[{"embeddable":true,"href":"https:\/\/bobvarela.com\/index.php?rest_route=\/wp\/v2\/users\/1"}],"replies":[{"embeddable":true,"href":"https:\/\/bobvarela.com\/index.php?rest_route=%2Fwp%2Fv2%2Fcomments&post=111274"}],"version-history":[{"count":1,"href":"https:\/\/bobvarela.com\/index.php?rest_route=\/wp\/v2\/posts\/111274\/revisions"}],"predecessor-version":[{"id":111275,"href":"https:\/\/bobvarela.com\/index.php?rest_route=\/wp\/v2\/posts\/111274\/revisions\/111275"}],"wp:attachment":[{"href":"https:\/\/bobvarela.com\/index.php?rest_route=%2Fwp%2Fv2%2Fmedia&parent=111274"}],"wp:term":[{"taxonomy":"category","embeddable":true,"href":"https:\/\/bobvarela.com\/index.php?rest_route=%2Fwp%2Fv2%2Fcategories&post=111274"},{"taxonomy":"post_tag","embeddable":true,"href":"https:\/\/bobvarela.com\/index.php?rest_route=%2Fwp%2Fv2%2Ftags&post=111274"}],"curies":[{"name":"wp","href":"https:\/\/api.w.org\/{rel}","templated":true}]}}