{"id":11218,"date":"2011-05-17T19:39:00","date_gmt":"2011-05-17T23:39:00","guid":{"rendered":"https:\/\/bobvarela.com\/?p=11218"},"modified":"2011-05-17T19:41:49","modified_gmt":"2011-05-17T23:41:49","slug":"el-cantante-del-gnero-urbano-farruko-en-avanzada-hacia-mxico","status":"publish","type":"post","link":"https:\/\/bobvarela.com\/?p=11218","title":{"rendered":"El cantante del g&eacute;nero urbano Farruko en avanzada hacia M&eacute;xico"},"content":{"rendered":"<p>&#160;<\/p>\n<p><strong><img decoding=\"async\" style=\"display: block; float: none; margin-left: auto; margin-right: auto\" src=\"https:\/\/lh3.googleusercontent.com\/_qbvtDQbmA4Y\/TW50R-O9C1I\/AAAAAAAAAHU\/pCYq-eaYHFM\/s640\/DSC_6130.jpg\" \/><\/strong><\/p>\n<p align=\"justify\"><strong><font size=\"3\">Miami, Florida | 17 de mayo del 2011 | <\/font><a href=\"https:\/\/click.icptrack.com\/icp\/relay.php?r=24091656&amp;msgid=137882&amp;act=1JZD&amp;c=732969&amp;destination=http%3A%2F%2Fmediaforcecommunications.com\"><font size=\"3\">Media Force Communications<\/font><\/a><\/strong><font size=\"3\"> &#8211; Luego del \u00e9xito de su primera visita a M\u00e9xico, el cantante de m\u00fasica urbana Farruko, vuelve a suelo azteca, esta vez con m\u00e1s de ocho fechas vendidas en menos de un mes. El cantante, quien no ha parado de trabajar en Am\u00e9rica Latina y Estados Unidos, tiene la dicha de volver a M\u00e9xico con las manos abiertas y apostando a ganar en suelo mexicano.<\/font><\/p>\n<p align=\"justify\"><font size=\"3\"><strong>Para el territorio azteca ya se contemplan 3 fechas vendidas del 20 al 22 de mayo, entre las cuales ya confirmadas est\u00e1n: Mayo 20 en Naucalpan (Plaza de Toros) Colonia L\u00e1zaro C\u00e1rdenas (La Presa) Sal\u00f3n Universo; el d\u00eda 21 de mayo, Cuautitl\u00e1n Izcalli (Sal\u00f3n Fun Central) Atizap\u00e1n de Zaragoza Iztacalco (Deportivo Leandro Valle), y para cerrar el 22 de mayo, Ciudad Neza (Sal\u00f3n Sagitario) Tizayuca, Hidalgo (Auditorio Municipal) Ecatepec, y El Centro C\u00edvico de Santa Clara<\/strong>.<\/font><\/p>\n<p align=\"justify\"><font size=\"3\">Exclusivamente para M\u00e9xico, la promoci\u00f3n del material se lanzar\u00e1 con el tema \u201cNena fichu\u201d, en el cual tiene participaci\u00f3n el reconocido cantante del g\u00e9nero urbano Daddy Yankee, esta mancuerna sin lugar a dudas ser\u00e1 una combinaci\u00f3n explosiva de ambas estrellas.<\/font><\/p>\n<p align=\"justify\"><font size=\"3\">Adem\u00e1s de presentar sus anteriores \u00e9xitos, el cantante ofrecer\u00e1 los temas de su disco &quot;El talento del bloque&quot;, su primer \u00e1lbum como solista en el cual incluye 14 canciones compuestas en su mayor\u00eda por el propio artista. En dicha placa se destacan las participaciones de Jos\u00e9 Feliciano, con el tema &quot;Su hija me gusta&quot;, Cosculluela en &quot;Ella no es f\u00e1cil&quot;, Arc\u00e1ngel y Voltio en &quot;Tr\u00e1eme a tu amiga&quot;, Yaga y Mackie en &quot;Por miedo al amor&quot; y Jadiel en &quot;Chuler\u00eda en pote&quot;. <\/font><\/p>\n<p align=\"justify\"><font size=\"3\">Farruko espera un gran espect\u00e1culo, para que este sume m\u00e1s logros a su creciente carrera art\u00edstica dentro de Estados Unidos y Latinoam\u00e9rica.<\/font><\/p>\n<p align=\"justify\"><font size=\"3\">Para conocer m\u00e1s acerca de Farruko, puede visitar la p\u00e1gina cibern\u00e9tica:<\/font><\/p>\n<p align=\"center\"><a href=\"https:\/\/click.icptrack.com\/icp\/relay.php?r=24091656&amp;msgid=137882&amp;act=1JZD&amp;c=732969&amp;destination=http%3A%2F%2Fwww.farruko.com%2F\"><font size=\"3\">https:\/\/www.farruko.com<\/font><\/a><\/p>\n<p align=\"center\"><font size=\"3\">Puede visitar su Twitter en: <\/font><a href=\"https:\/\/click.icptrack.com\/icp\/relay.php?r=24091656&amp;msgid=137882&amp;act=1JZD&amp;c=732969&amp;destination=http%3A%2F%2Fwww.twitter.com%2FFarrukoPR\"><font size=\"3\">@FarrukoPR<\/font><\/a><\/p>\n<p align=\"center\"><font size=\"3\">Para ver el video: <\/font><a href=\"https:\/\/click.icptrack.com\/icp\/relay.php?r=24091656&amp;msgid=137882&amp;act=1JZD&amp;c=732969&amp;destination=http%3A%2F%2Fwww.youtube.com%2Fwatch%3Fv%3DyOCC3EwDIDs\"><font size=\"3\">https:\/\/www.youtube.com\/watch?v=yOCC3EwDIDs<\/font><\/a><\/p>\n","protected":false},"excerpt":{"rendered":"<p>&#160; Miami, Florida | 17 de mayo del 2011 | Media Force Communications &#8211; Luego del \u00e9xito de su primera visita a M\u00e9xico, el cantante de m\u00fasica urbana Farruko, vuelve a suelo azteca, esta vez con m\u00e1s de ocho fechas&hellip;<\/p>\n<p class=\"more-link-p\"><a class=\"more-link\" href=\"https:\/\/bobvarela.com\/?p=11218\">Read more &rarr;<\/a><\/p>\n","protected":false},"author":1,"featured_media":0,"comment_status":"open","ping_status":"open","sticky":false,"template":"","format":"standard","meta":{"ngg_post_thumbnail":0,"footnotes":""},"categories":[127],"tags":[312],"class_list":["post-11218","post","type-post","status-publish","format-standard","hentry","category-musica","tag-farruko"],"_links":{"self":[{"href":"https:\/\/bobvarela.com\/index.php?rest_route=\/wp\/v2\/posts\/11218","targetHints":{"allow":["GET"]}}],"collection":[{"href":"https:\/\/bobvarela.com\/index.php?rest_route=\/wp\/v2\/posts"}],"about":[{"href":"https:\/\/bobvarela.com\/index.php?rest_route=\/wp\/v2\/types\/post"}],"author":[{"embeddable":true,"href":"https:\/\/bobvarela.com\/index.php?rest_route=\/wp\/v2\/users\/1"}],"replies":[{"embeddable":true,"href":"https:\/\/bobvarela.com\/index.php?rest_route=%2Fwp%2Fv2%2Fcomments&post=11218"}],"version-history":[{"count":3,"href":"https:\/\/bobvarela.com\/index.php?rest_route=\/wp\/v2\/posts\/11218\/revisions"}],"predecessor-version":[{"id":11221,"href":"https:\/\/bobvarela.com\/index.php?rest_route=\/wp\/v2\/posts\/11218\/revisions\/11221"}],"wp:attachment":[{"href":"https:\/\/bobvarela.com\/index.php?rest_route=%2Fwp%2Fv2%2Fmedia&parent=11218"}],"wp:term":[{"taxonomy":"category","embeddable":true,"href":"https:\/\/bobvarela.com\/index.php?rest_route=%2Fwp%2Fv2%2Fcategories&post=11218"},{"taxonomy":"post_tag","embeddable":true,"href":"https:\/\/bobvarela.com\/index.php?rest_route=%2Fwp%2Fv2%2Ftags&post=11218"}],"curies":[{"name":"wp","href":"https:\/\/api.w.org\/{rel}","templated":true}]}}