{"id":112995,"date":"2017-03-10T07:15:01","date_gmt":"2017-03-10T11:15:01","guid":{"rendered":"https:\/\/bobvarela.com\/?p=112995"},"modified":"2017-03-10T07:15:01","modified_gmt":"2017-03-10T11:15:01","slug":"la-primera-dama-beatriz-isabel-rossello-estara-a-cargo-del-corte-de-cinta-de-la-8va-edicion-de-san-juan-moda","status":"publish","type":"post","link":"https:\/\/bobvarela.com\/?p=112995","title":{"rendered":"LA PRIMERA DAMA BEATRIZ ISABEL ROSSELLO ESTARA A CARGO DEL CORTE DE CINTA DE LA 8va EDICION DE SAN JUAN MODA"},"content":{"rendered":"<p align=\"center\"><a href=\"https:\/\/bobvarela.com\/wp-content\/uploads\/2017\/03\/Primera-dama-e1483552910712.jpg\"><img loading=\"lazy\" decoding=\"async\" title=\"Primera-dama-e1483552910712\" style=\"border-top: 0px; border-right: 0px; background-image: none; border-bottom: 0px; padding-top: 0px; padding-left: 0px; border-left: 0px; display: inline; padding-right: 0px\" border=\"0\" alt=\"Primera-dama-e1483552910712\" src=\"https:\/\/bobvarela.com\/wp-content\/uploads\/2017\/03\/Primera-dama-e1483552910712_thumb.jpg\" width=\"284\" height=\"194\" \/><\/a><\/p>\n<p align=\"justify\"><font size=\"3\">La Primera Dama de Puerto Rico Beatriz Rossell\u00f3 cortar\u00e1 la cinta ser\u00e1 la invitada de honor en la 8va Edici\u00f3n de San Juan Moda a celebrarse en el remodelado Hotel San Juan en Isla Verde del 17 al 23 de abril del a\u00f1o en curso, inform\u00f3 su fundador y presidente Carlos Berm\u00fadez Urbina.<\/font><\/p>\n<p align=\"justify\"><font size=\"3\">\u201cPara m\u00ed es un gran honor apoyar esta iniciativa tan exitosa para la industria de la moda,\u201d dijo la Primera Dama. \u201cApoyando este evento estamos ayudando no s\u00f3lo a los dise\u00f1adores, sino a la econom\u00eda local porque cada artista mantiene abierto un centro de trabajo donde laboran cientos de personas m\u00e1s que son empleados para la confecci\u00f3n, costura, bordados y tejidos de telas, accesorios y dise\u00f1os. Igualmente apoyamos profesionales del estilismo y firmas locales que se suman a este esfuerzo.\u201d<\/font><\/p>\n<p align=\"justify\"><font size=\"3\">Por su parte, Berm\u00fadez agradeci\u00f3 la disponibilidad de Rossell\u00f3 para apadrinar la 8va Edici\u00f3n de San Juan Moda.<\/font><\/p>\n<p align=\"justify\"><font size=\"3\">\u201cSabemos lo comprometida que est\u00e1 la agenda de la Primera Dama,\u201d dijo Berm\u00fadez. \u201cSu presencia nos llena de orgullo. Su participaci\u00f3n ser\u00e1 especial&quot;,<\/font><\/p>\n<p align=\"justify\"><font size=\"3\">En el evento se reunir\u00e1n a&#160; 24 dise\u00f1adores del patio quienes&#8211; presentar\u00e1n las colecciones de la temporada de oto\u00f1o-invierno 2017. Contar\u00e1 adem\u00e1s con la presencia de dos dise\u00f1adores de Dominicana Moda y un importante dise\u00f1ador internacional cuyo nombre se revelar\u00e1 m\u00e1s adelante. <\/font><\/p>\n<p align=\"justify\"><font size=\"3\">La semana abrir\u00e1 con el ganador del reality show Revelaci\u00f3n Moda Herman Nadal quien presentar\u00e1 por primera vez en solitario una colecci\u00f3n de sobre 30 cambios. Mientras se integra a San Juan Moda el joven dise\u00f1ador Jean Cintr\u00f3n quien se presentar\u00e1 por primera vez en esta plataforma.<\/font><\/p>\n","protected":false},"excerpt":{"rendered":"<p>La Primera Dama de Puerto Rico Beatriz Rossell\u00f3 cortar\u00e1 la cinta ser\u00e1 la invitada de honor en la 8va Edici\u00f3n de San Juan Moda a celebrarse en el remodelado Hotel San Juan en Isla Verde del 17 al 23 de&hellip;<\/p>\n<p class=\"more-link-p\"><a class=\"more-link\" href=\"https:\/\/bobvarela.com\/?p=112995\">Read more &rarr;<\/a><\/p>\n","protected":false},"author":1,"featured_media":0,"comment_status":"open","ping_status":"open","sticky":false,"template":"","format":"standard","meta":{"ngg_post_thumbnail":0,"footnotes":""},"categories":[3,4,295],"tags":[],"class_list":["post-112995","post","type-post","status-publish","format-standard","hentry","category-actividades","category-moda","category-puerto-rico"],"_links":{"self":[{"href":"https:\/\/bobvarela.com\/index.php?rest_route=\/wp\/v2\/posts\/112995","targetHints":{"allow":["GET"]}}],"collection":[{"href":"https:\/\/bobvarela.com\/index.php?rest_route=\/wp\/v2\/posts"}],"about":[{"href":"https:\/\/bobvarela.com\/index.php?rest_route=\/wp\/v2\/types\/post"}],"author":[{"embeddable":true,"href":"https:\/\/bobvarela.com\/index.php?rest_route=\/wp\/v2\/users\/1"}],"replies":[{"embeddable":true,"href":"https:\/\/bobvarela.com\/index.php?rest_route=%2Fwp%2Fv2%2Fcomments&post=112995"}],"version-history":[{"count":1,"href":"https:\/\/bobvarela.com\/index.php?rest_route=\/wp\/v2\/posts\/112995\/revisions"}],"predecessor-version":[{"id":112996,"href":"https:\/\/bobvarela.com\/index.php?rest_route=\/wp\/v2\/posts\/112995\/revisions\/112996"}],"wp:attachment":[{"href":"https:\/\/bobvarela.com\/index.php?rest_route=%2Fwp%2Fv2%2Fmedia&parent=112995"}],"wp:term":[{"taxonomy":"category","embeddable":true,"href":"https:\/\/bobvarela.com\/index.php?rest_route=%2Fwp%2Fv2%2Fcategories&post=112995"},{"taxonomy":"post_tag","embeddable":true,"href":"https:\/\/bobvarela.com\/index.php?rest_route=%2Fwp%2Fv2%2Ftags&post=112995"}],"curies":[{"name":"wp","href":"https:\/\/api.w.org\/{rel}","templated":true}]}}