{"id":114511,"date":"2017-04-06T17:48:19","date_gmt":"2017-04-06T21:48:19","guid":{"rendered":"https:\/\/bobvarela.com\/?p=114511"},"modified":"2017-04-06T17:48:19","modified_gmt":"2017-04-06T21:48:19","slug":"diseadora-de-joyera-presenta-su-nueva-coleccin-ninfas-mitos-y-leyendas-otoo-invierno-2017","status":"publish","type":"post","link":"https:\/\/bobvarela.com\/?p=114511","title":{"rendered":"Dise&ntilde;adora de joyer&iacute;a presenta su nueva colecci&oacute;n &ldquo;Ninfas&rdquo; Mitos y Leyendas Oto&ntilde;o &ndash; Invierno 2017"},"content":{"rendered":"<p align=\"justify\"><a href=\"https:\/\/bobvarela.com\/wp-content\/uploads\/2017\/04\/FM2A7825-copy.jpg\"><img loading=\"lazy\" decoding=\"async\" title=\"FM2A7825 copy\" style=\"border-top: 0px; border-right: 0px; background-image: none; border-bottom: 0px; float: none; padding-top: 0px; padding-left: 0px; margin-left: auto; border-left: 0px; display: block; padding-right: 0px; margin-right: auto\" border=\"0\" alt=\"FM2A7825 copy\" src=\"https:\/\/bobvarela.com\/wp-content\/uploads\/2017\/04\/FM2A7825-copy_thumb.jpg\" width=\"91\" height=\"134\" \/><\/a><\/p>\n<p align=\"justify\"><font size=\"3\">Con una colecci\u00f3n inspirada en las ninfas de los oc\u00e9anos (Oce\u00e1nides), de las corrientes de agua (N\u00e1yades) y de los bosques (Dr\u00edades) de la mitolog\u00eda griega; mitos y leyendas, la dise\u00f1adora Ivelisse Nieves presenta nuevamente en la semana de la moda su nueva colecci\u00f3n \u201cNINFAS\u201d oto\u00f1o-invierno 2017 el pr\u00f3ximo s\u00e1bado 8 de abril de 2017 a partir de las 7:00 pm., en el North Fashion Week Puerto Rico a llevarse a cabo en Hotel Embassy Suite en Dorado .<\/font><\/p>\n<p align=\"center\"><a href=\"https:\/\/bobvarela.com\/wp-content\/uploads\/2017\/04\/FM2A7525-copy.jpg\"><img loading=\"lazy\" decoding=\"async\" title=\"FM2A7525 copy\" style=\"border-top: 0px; border-right: 0px; background-image: none; border-bottom: 0px; padding-top: 0px; padding-left: 0px; border-left: 0px; display: inline; padding-right: 0px\" border=\"0\" alt=\"FM2A7525 copy\" src=\"https:\/\/bobvarela.com\/wp-content\/uploads\/2017\/04\/FM2A7525-copy_thumb.jpg\" width=\"91\" height=\"134\" \/><\/a><a href=\"https:\/\/bobvarela.com\/wp-content\/uploads\/2017\/04\/FM2A7630-copy.jpg\"><img loading=\"lazy\" decoding=\"async\" title=\"FM2A7630 copy\" style=\"border-top: 0px; border-right: 0px; background-image: none; border-bottom: 0px; padding-top: 0px; padding-left: 0px; border-left: 0px; display: inline; padding-right: 0px\" border=\"0\" alt=\"FM2A7630 copy\" src=\"https:\/\/bobvarela.com\/wp-content\/uploads\/2017\/04\/FM2A7630-copy_thumb.jpg\" width=\"91\" height=\"134\" \/><\/a><\/p>\n<p align=\"justify\"><font size=\"3\">Seg\u00fan Nieves, para crear los dise\u00f1os de esta colecci\u00f3n se inspir\u00f3 en la belleza de las deidades de la mitolog\u00eda griega, asociadas a un lugar natural como el mar, los r\u00edos y los bosques fueron el marco de inspiraci\u00f3n para hacer esta nueva colecci\u00f3n de joyer\u00eda y a su vez resaltar la belleza femenina a trav\u00e9s de los mitos y leyendas, coment\u00f3 Ivelisse Nieves. \u201cNinfas\u201d contar\u00e1 con la participaci\u00f3n de reconocidas modelos locales de las principales agencias del pa\u00eds.<\/font><\/p>\n<p align=\"justify\"><a href=\"https:\/\/bobvarela.com\/wp-content\/uploads\/2017\/04\/FM2A7695-copy.jpg\"><img loading=\"lazy\" decoding=\"async\" title=\"FM2A7695 copy\" style=\"border-top: 0px; border-right: 0px; background-image: none; border-bottom: 0px; float: none; padding-top: 0px; padding-left: 0px; margin-left: auto; border-left: 0px; display: block; padding-right: 0px; margin-right: auto\" border=\"0\" alt=\"FM2A7695 copy\" src=\"https:\/\/bobvarela.com\/wp-content\/uploads\/2017\/04\/FM2A7695-copy_thumb.jpg\" width=\"91\" height=\"134\" \/><\/a><\/p>\n<p align=\"justify\"><font size=\"3\">\u201cEstoy bien contenta y entusiasmada de haber sido invitada a presentar mi nueva propuesta en esta primera edici\u00f3n del NFW. Es la primera vez que estar\u00e9 presentando una colecci\u00f3n completa y variada de joyer\u00eda ya que habr\u00e1n piezas \u00fanicas y exclusivas como tambi\u00e9n mi l\u00ednea \u201cReady to Wear\u201d. En esta nueva propuesta constar\u00e1 de collares multi-l\u00edneas en cadenas de metales dorados \u201cgold-plated\u201d con piedras semi preciosas como: \u00e1gatas, cuarzos, turquezas, \u201chowlite\u201d, carnelitas, cristales, perlas de agua dulce, tejidos como el gipurt y cristales. Brasaletes en cristales y perlas con colgantes como pieza central, aretes elaborados y confeccionados en una t\u00e9cnica muy antigua que data del S. XV en Francia y est\u00e1 muy de moda en estos tiempos y lo vemos en vestidos de novias, en vestidos de alta costura y en vestuarios de los mariachis entre otros llamada <b>SOUTACHE<\/b>. Confeccionadas a mano en cordoncillos de ray\u00f3n y encajes bordados con diferentes tipos de abalorios, cristales y perlas; dise\u00f1ados en forma de ondas y de arabescos. Por primera vez nos presenta sortijas en cristales Swarovski en bronce con ba\u00f1o en oro de 24 kilates. Predominar\u00e1n los colores: blanco, crema, dorado, marr\u00f3n, azul, rojo, amarillo verde y fuschia. El vestuario estar\u00e1 a cargo del dise\u00f1ador puertorrique\u00f1o Juan Col\u00f3n\u201d.<\/font><\/p>\n","protected":false},"excerpt":{"rendered":"<p>Con una colecci\u00f3n inspirada en las ninfas de los oc\u00e9anos (Oce\u00e1nides), de las corrientes de agua (N\u00e1yades) y de los bosques (Dr\u00edades) de la mitolog\u00eda griega; mitos y leyendas, la dise\u00f1adora Ivelisse Nieves presenta nuevamente en la semana de la&hellip;<\/p>\n<p class=\"more-link-p\"><a class=\"more-link\" href=\"https:\/\/bobvarela.com\/?p=114511\">Read more &rarr;<\/a><\/p>\n","protected":false},"author":1,"featured_media":0,"comment_status":"open","ping_status":"open","sticky":false,"template":"","format":"standard","meta":{"ngg_post_thumbnail":0,"footnotes":""},"categories":[4,295],"tags":[],"class_list":["post-114511","post","type-post","status-publish","format-standard","hentry","category-moda","category-puerto-rico"],"_links":{"self":[{"href":"https:\/\/bobvarela.com\/index.php?rest_route=\/wp\/v2\/posts\/114511","targetHints":{"allow":["GET"]}}],"collection":[{"href":"https:\/\/bobvarela.com\/index.php?rest_route=\/wp\/v2\/posts"}],"about":[{"href":"https:\/\/bobvarela.com\/index.php?rest_route=\/wp\/v2\/types\/post"}],"author":[{"embeddable":true,"href":"https:\/\/bobvarela.com\/index.php?rest_route=\/wp\/v2\/users\/1"}],"replies":[{"embeddable":true,"href":"https:\/\/bobvarela.com\/index.php?rest_route=%2Fwp%2Fv2%2Fcomments&post=114511"}],"version-history":[{"count":1,"href":"https:\/\/bobvarela.com\/index.php?rest_route=\/wp\/v2\/posts\/114511\/revisions"}],"predecessor-version":[{"id":114512,"href":"https:\/\/bobvarela.com\/index.php?rest_route=\/wp\/v2\/posts\/114511\/revisions\/114512"}],"wp:attachment":[{"href":"https:\/\/bobvarela.com\/index.php?rest_route=%2Fwp%2Fv2%2Fmedia&parent=114511"}],"wp:term":[{"taxonomy":"category","embeddable":true,"href":"https:\/\/bobvarela.com\/index.php?rest_route=%2Fwp%2Fv2%2Fcategories&post=114511"},{"taxonomy":"post_tag","embeddable":true,"href":"https:\/\/bobvarela.com\/index.php?rest_route=%2Fwp%2Fv2%2Ftags&post=114511"}],"curies":[{"name":"wp","href":"https:\/\/api.w.org\/{rel}","templated":true}]}}