{"id":114517,"date":"2017-04-06T18:32:44","date_gmt":"2017-04-06T22:32:44","guid":{"rendered":"https:\/\/bobvarela.com\/?p=114517"},"modified":"2017-04-06T18:32:44","modified_gmt":"2017-04-06T22:32:44","slug":"san-juan-moda-en-los-remodelados-espacios-de-el-san-juan-hotel-organizacin-anuncia-itinerario-para-edicin-otoo-2017","status":"publish","type":"post","link":"https:\/\/bobvarela.com\/?p=114517","title":{"rendered":"SAN JUAN MODA EN LOS REMODELADOS ESPACIOS DE EL SAN JUAN HOTEL Organizaci&oacute;n Anuncia Itinerario Para Edici&oacute;n Oto&ntilde;o 2017"},"content":{"rendered":"<p align=\"center\"><a href=\"https:\/\/bobvarela.com\/wp-content\/uploads\/2017\/04\/SJM-2.jpg\"><img loading=\"lazy\" decoding=\"async\" title=\"SJM 2\" style=\"border-top: 0px; border-right: 0px; background-image: none; border-bottom: 0px; padding-top: 0px; padding-left: 0px; border-left: 0px; display: inline; padding-right: 0px\" border=\"0\" alt=\"SJM 2\" src=\"https:\/\/bobvarela.com\/wp-content\/uploads\/2017\/04\/SJM-2_thumb.jpg\" width=\"411\" height=\"298\" \/><\/a><\/p>\n<p align=\"justify\"><font size=\"3\">La 8va Edici\u00f3n de San Juan Moda (SJM) se llevar\u00e1 a cabo en el remodelado El San Juan Hotel en Isla Verde del 17 al 23 de abril del corriente. La jornada de esta temporada se inaugura el lunes 17 de abril a las 7:00 p.m. con el Corte de Cinta a cargo de la Primera Dama de Puerto Rico, Beatriz Rossell\u00f3 y la apertura de la semana a carga del dise\u00f1ador ganador del reality show Revelaci\u00f3n Moda Herman Nadal.<\/font><\/p>\n<p align=\"justify\"><font size=\"3\">Seg\u00fan inform\u00f3 Carlos Berm\u00fadez, presidente de SJM, en esta ocasi\u00f3n participar\u00e1n 22 dise\u00f1adores del patio y dos dise\u00f1adores internacionales invitados de Dominicana Moda. La octava edici\u00f3n ser\u00e1 dedicada a la modelo y actriz puertorrique\u00f1a Cynthia Olavarr\u00eda.<\/font><a name=\"_GoBack\"><\/a><\/p>\n<p align=\"justify\"><font size=\"3\">\u201cNos estamos transformando, lo mismo que el Hotel San Juan,\u201d dijo Berm\u00fadez. \u201cEste es otro a\u00f1o de \u00e9xitos y logros &#8211; &#8211; Queremos llevarle al p\u00fablico fashionista y a la industria de la moda lo mejor de las colecciones de oto\u00f1o invierno para la mujer, el caballero y los ni\u00f1os, y para eso y para mejor accesibilidad del p\u00fablico, hemos concentrado las pasarelas bajo el mismo y moderno techo de la acogedora hospeder\u00eda en Isla Verde.\u201d<\/font><\/p>\n<p align=\"justify\"><font size=\"3\">Sin embargo, habr\u00e1n dos excepciones previamente acordadas. Estas ser\u00e1n las colecciones de Harry Robles y Jaer Cab\u00e1n, quienes por la log\u00edstica de sus espect\u00e1culos requieren otros elementos en su producci\u00f3n. <\/font><\/p>\n<p align=\"justify\"><font size=\"3\">Otra novedad ser\u00e1 la transmisi\u00f3n de las pasarelas de San Juan Moda Fall 2017 a trav\u00e9s de la emisora del pueblo de Puerto Rico, WIPR. Las pasarelas ser\u00e1n grabadas e ir\u00e1n al aire unas semanas despu\u00e9s de concluida la 8va Edici\u00f3n de SJM, se explic\u00f3. <\/font><\/p>\n<p align=\"justify\"><font size=\"3\">Este a\u00f1o en el Hotel San Juan tendremos el Coca Cola Fashion Room donde todos los invitados VIP podr\u00e1n pasar previo a cada desfile y entrar directamente al Ballroom Pasarela. Contin\u00faan las pasarelas Plus y se unen a nuestra plataforma el dise\u00f1ador Leonardo con su l\u00ednea \u00a8ready to wear\u00a8 as\u00ed como las presentaciones de las marcas Desigual y Guess.<\/font><\/p>\n<p align=\"justify\"><font size=\"3\">Maybelline Puerto Rico se ha unido a San Juan moda por las pasadas temporadas creando los looks m\u00e1s impactantes dentro y fuera de la pasarela.&#160; Este a\u00f1o, la principal casa de belleza se une al dise\u00f1ador novel Jean Cintr\u00f3n para presentar su colecci\u00f3n oto\u00f1o &#8211; invierno 2017 por primera vez en San Juan Moda. El maquillaje ser\u00e1 inspirado en las tendencias sobresalientes a nivel mundial tales como: labios oscuros en tonalidades Marsala y vino, utilizar <i>gloss<\/i> transparente en los ojos y adornar el <i>look<\/i>final con tonos met\u00e1licos neutrales como dorado o plateado. &quot;Por los pasados a\u00f1os hemos mantenido una relaci\u00f3n s\u00f3lida con San Juan Moda ya que Maybelline New York se enfoca en destacar las tendencias de maquillaje en los principales eventos de moda alrededor del mundo como New York Fashion Week.&#160; Adem\u00e1s, nos hemos unido a Jean Cintr\u00f3n porque creemos en respaldar el talento emergente de Puerto Rico al igual que apoyamos a todos los dise\u00f1adores de San Juan Moda, ofreci\u00e9ndoles asesor\u00eda personalizada y el equipo completo para llevar sus desfiles a cabo&quot;, resalt\u00f3 Isabel Men\u00e9ndez, gerente de marca par Puerto Rico y el Caribe. <\/font><\/p>\n<p align=\"justify\"><font size=\"3\">A continuaci\u00f3n el Itinerario Final de San Juan Moda Fall 2017<\/font><\/p>\n<p align=\"justify\"><a href=\"https:\/\/bobvarela.com\/wp-content\/uploads\/2017\/04\/Untitled2.jpg\"><img loading=\"lazy\" decoding=\"async\" title=\"Untitled2\" style=\"border-top: 0px; border-right: 0px; background-image: none; border-bottom: 0px; padding-top: 0px; padding-left: 0px; border-left: 0px; display: inline; padding-right: 0px\" border=\"0\" alt=\"Untitled2\" src=\"https:\/\/bobvarela.com\/wp-content\/uploads\/2017\/04\/Untitled2_thumb.jpg\" width=\"573\" height=\"614\" \/><\/a><\/p>\n","protected":false},"excerpt":{"rendered":"<p>La 8va Edici\u00f3n de San Juan Moda (SJM) se llevar\u00e1 a cabo en el remodelado El San Juan Hotel en Isla Verde del 17 al 23 de abril del corriente. La jornada de esta temporada se inaugura el lunes 17&hellip;<\/p>\n<p class=\"more-link-p\"><a class=\"more-link\" href=\"https:\/\/bobvarela.com\/?p=114517\">Read more &rarr;<\/a><\/p>\n","protected":false},"author":1,"featured_media":0,"comment_status":"open","ping_status":"open","sticky":false,"template":"","format":"standard","meta":{"ngg_post_thumbnail":0,"footnotes":""},"categories":[4,295],"tags":[],"class_list":["post-114517","post","type-post","status-publish","format-standard","hentry","category-moda","category-puerto-rico"],"_links":{"self":[{"href":"https:\/\/bobvarela.com\/index.php?rest_route=\/wp\/v2\/posts\/114517","targetHints":{"allow":["GET"]}}],"collection":[{"href":"https:\/\/bobvarela.com\/index.php?rest_route=\/wp\/v2\/posts"}],"about":[{"href":"https:\/\/bobvarela.com\/index.php?rest_route=\/wp\/v2\/types\/post"}],"author":[{"embeddable":true,"href":"https:\/\/bobvarela.com\/index.php?rest_route=\/wp\/v2\/users\/1"}],"replies":[{"embeddable":true,"href":"https:\/\/bobvarela.com\/index.php?rest_route=%2Fwp%2Fv2%2Fcomments&post=114517"}],"version-history":[{"count":1,"href":"https:\/\/bobvarela.com\/index.php?rest_route=\/wp\/v2\/posts\/114517\/revisions"}],"predecessor-version":[{"id":114518,"href":"https:\/\/bobvarela.com\/index.php?rest_route=\/wp\/v2\/posts\/114517\/revisions\/114518"}],"wp:attachment":[{"href":"https:\/\/bobvarela.com\/index.php?rest_route=%2Fwp%2Fv2%2Fmedia&parent=114517"}],"wp:term":[{"taxonomy":"category","embeddable":true,"href":"https:\/\/bobvarela.com\/index.php?rest_route=%2Fwp%2Fv2%2Fcategories&post=114517"},{"taxonomy":"post_tag","embeddable":true,"href":"https:\/\/bobvarela.com\/index.php?rest_route=%2Fwp%2Fv2%2Ftags&post=114517"}],"curies":[{"name":"wp","href":"https:\/\/api.w.org\/{rel}","templated":true}]}}