{"id":114529,"date":"2017-04-06T18:47:14","date_gmt":"2017-04-06T22:47:14","guid":{"rendered":"https:\/\/bobvarela.com\/?p=114529"},"modified":"2017-04-06T18:55:41","modified_gmt":"2017-04-06T22:55:41","slug":"michael-vlez-en-el-mercedes-benz-fashion-week-el-salvador-2017","status":"publish","type":"post","link":"https:\/\/bobvarela.com\/?p=114529","title":{"rendered":"Michael V&eacute;lez en el Mercedes Benz Fashion Week El Salvador 2017"},"content":{"rendered":"<p align=\"center\"><font size=\"3\"><a href=\"https:\/\/bobvarela.com\/wp-content\/uploads\/2017\/04\/Michael-para-la-marca-Kitten-de-Colombia.jpg\"><img loading=\"lazy\" decoding=\"async\" title=\"Michael para la marca Kitten de Colombia\" style=\"border-left-width: 0px; border-right-width: 0px; background-image: none; border-bottom-width: 0px; padding-top: 0px; padding-left: 0px; display: inline; padding-right: 0px; border-top-width: 0px\" border=\"0\" alt=\"Michael para la marca Kitten de Colombia\" src=\"https:\/\/bobvarela.com\/wp-content\/uploads\/2017\/04\/Michael-para-la-marca-Kitten-de-Colombia_thumb.jpg\" width=\"259\" height=\"181\" \/><\/a><\/font><\/p>\n<p align=\"justify\"><font size=\"3\">Recientemente el modelo puertorrique\u00f1o Michael V\u00e9lez estuvo en el Mercedes Benz Fashion Week El Salvador 2017, que se llev\u00f3 a cabo en el Hotel Crowne Plaza San Salvador. Esta es la primera vez que un boricua participa de la semana de la moda en el pa\u00eds Centroamericano. El joven, procedente de \u00d3ptima Model Management, fue seleccionado por la organizaci\u00f3n del evento para participar de las pasarelas de dise\u00f1adores internacionales y salvadore\u00f1os.<\/font><\/p>\n<p align=\"justify\"><font size=\"3\">El puertorrique\u00f1o engalan\u00f3 los desfiles de dise\u00f1adores como Alejandro Handal, Christian Colorado, Arturo Calle y reconocidas marcas como Moskem, Xakon, Ivo, Costa Azul, entre otros.<\/font><\/p>\n<p align=\"center\"><a href=\"https:\/\/bobvarela.com\/wp-content\/uploads\/2017\/04\/Michael-para-Moskem.jpg\"><img loading=\"lazy\" decoding=\"async\" title=\"Michael para Moskem\" style=\"border-left-width: 0px; border-right-width: 0px; background-image: none; border-bottom-width: 0px; padding-top: 0px; padding-left: 0px; display: inline; padding-right: 0px; border-top-width: 0px\" border=\"0\" alt=\"Michael para Moskem\" src=\"https:\/\/bobvarela.com\/wp-content\/uploads\/2017\/04\/Michael-para-Moskem_thumb.jpg\" width=\"144\" height=\"186\" \/><\/a><a href=\"https:\/\/bobvarela.com\/wp-content\/uploads\/2017\/04\/Disenador-colombiano-Christian-Colorado-1.jpg\"><img loading=\"lazy\" decoding=\"async\" title=\"Disenador colombiano Christian Colorado (1)\" style=\"border-left-width: 0px; border-right-width: 0px; background-image: none; border-bottom-width: 0px; padding-top: 0px; padding-left: 0px; display: inline; padding-right: 0px; border-top-width: 0px\" border=\"0\" alt=\"Disenador colombiano Christian Colorado (1)\" src=\"https:\/\/bobvarela.com\/wp-content\/uploads\/2017\/04\/Disenador-colombiano-Christian-Colorado-1_thumb.jpg\" width=\"137\" height=\"187\" \/><\/a><a href=\"https:\/\/bobvarela.com\/wp-content\/uploads\/2017\/04\/Michael-para-Ivo.jpg\"><img loading=\"lazy\" decoding=\"async\" title=\"Michael para Ivo\" style=\"border-left-width: 0px; border-right-width: 0px; background-image: none; border-bottom-width: 0px; padding-top: 0px; padding-left: 0px; display: inline; padding-right: 0px; border-top-width: 0px\" border=\"0\" alt=\"Michael para Ivo\" src=\"https:\/\/bobvarela.com\/wp-content\/uploads\/2017\/04\/Michael-para-Ivo_thumb.jpg\" width=\"123\" height=\"191\" \/><\/a><\/p>\n<p align=\"justify\"><font size=\"3\">A su llegada a San Salvador el modelo particip\u00f3 de fit<\/font><a name=\"_GoBack\"><\/a><font size=\"3\">tings, actividades relacionadas al evento y sesiones de fotos para dise\u00f1adores y los medios. \u201cEstoy muy contento con la oportunidad que me brind\u00f3 la organizaci\u00f3n del evento y mi agencia. Estoy enfocado en mi carrera como modelo y expandirme a otros mercados internacionales. Este evento fue un paso para lograr esas expectativas\u201d, asegur\u00f3 V\u00e9lez, natural de Ponce. La semana de la moda de El Salvador cont\u00f3 con propuestas internacionales como la del dise\u00f1ador Cristian Colorado, de Colombia; Julieta Odio, de Costa Rica; Hugo V\u00e1zquez, de Paraguay, entre otros. A esta lista se a\u00f1adieron dise\u00f1adores como: Ingrid Valeriano, M\u00f3nica Arguedas, Geraldine Garc\u00eda, Arturo Calle y Jaqueline Suriano.<\/font><\/p>\n","protected":false},"excerpt":{"rendered":"<p>Recientemente el modelo puertorrique\u00f1o Michael V\u00e9lez estuvo en el Mercedes Benz Fashion Week El Salvador 2017, que se llev\u00f3 a cabo en el Hotel Crowne Plaza San Salvador. Esta es la primera vez que un boricua participa de la semana&hellip;<\/p>\n<p class=\"more-link-p\"><a class=\"more-link\" href=\"https:\/\/bobvarela.com\/?p=114529\">Read more &rarr;<\/a><\/p>\n","protected":false},"author":1,"featured_media":0,"comment_status":"open","ping_status":"open","sticky":false,"template":"","format":"standard","meta":{"ngg_post_thumbnail":0,"footnotes":""},"categories":[265,4,295],"tags":[],"class_list":["post-114529","post","type-post","status-publish","format-standard","hentry","category-mercedes-benz-fashion-week","category-moda","category-puerto-rico"],"_links":{"self":[{"href":"https:\/\/bobvarela.com\/index.php?rest_route=\/wp\/v2\/posts\/114529","targetHints":{"allow":["GET"]}}],"collection":[{"href":"https:\/\/bobvarela.com\/index.php?rest_route=\/wp\/v2\/posts"}],"about":[{"href":"https:\/\/bobvarela.com\/index.php?rest_route=\/wp\/v2\/types\/post"}],"author":[{"embeddable":true,"href":"https:\/\/bobvarela.com\/index.php?rest_route=\/wp\/v2\/users\/1"}],"replies":[{"embeddable":true,"href":"https:\/\/bobvarela.com\/index.php?rest_route=%2Fwp%2Fv2%2Fcomments&post=114529"}],"version-history":[{"count":4,"href":"https:\/\/bobvarela.com\/index.php?rest_route=\/wp\/v2\/posts\/114529\/revisions"}],"predecessor-version":[{"id":114535,"href":"https:\/\/bobvarela.com\/index.php?rest_route=\/wp\/v2\/posts\/114529\/revisions\/114535"}],"wp:attachment":[{"href":"https:\/\/bobvarela.com\/index.php?rest_route=%2Fwp%2Fv2%2Fmedia&parent=114529"}],"wp:term":[{"taxonomy":"category","embeddable":true,"href":"https:\/\/bobvarela.com\/index.php?rest_route=%2Fwp%2Fv2%2Fcategories&post=114529"},{"taxonomy":"post_tag","embeddable":true,"href":"https:\/\/bobvarela.com\/index.php?rest_route=%2Fwp%2Fv2%2Ftags&post=114529"}],"curies":[{"name":"wp","href":"https:\/\/api.w.org\/{rel}","templated":true}]}}