{"id":11583,"date":"2011-05-25T18:25:00","date_gmt":"2011-05-25T22:25:00","guid":{"rendered":"https:\/\/bobvarela.com\/?p=11583"},"modified":"2011-05-26T00:22:57","modified_gmt":"2011-05-26T04:22:57","slug":"puerto-rico-high-fashion-week-y-el-museo-de-arte-de-puerto-rico-unidos-por-amor-arte-moda-pasin-presentan-a-isabel-toledo","status":"publish","type":"post","link":"https:\/\/bobvarela.com\/?p=11583","title":{"rendered":"Puerto Rico High Fashion Week y el Museo de Arte de Puerto Rico Unidos por Amor Arte Moda Pasi&oacute;n Presentan a Isabel Toledo"},"content":{"rendered":"<table border=\"0\" cellspacing=\"0\" cellpadding=\"2\" width=\"609\">\n<tbody>\n<tr>\n<td valign=\"top\" width=\"120\">\n<p><a href=\"https:\/\/bobvarela.com\/wp-content\/uploads\/2011\/05\/clip_image00212.png\"><img loading=\"lazy\" decoding=\"async\" style=\"background-image: none; border-right-width: 0px; padding-left: 0px; padding-right: 0px; display: inline; border-top-width: 0px; border-bottom-width: 0px; border-left-width: 0px; padding-top: 0px\" title=\"clip_image002[12]\" border=\"0\" alt=\"clip_image002[12]\" src=\"https:\/\/bobvarela.com\/wp-content\/uploads\/2011\/05\/clip_image00212_thumb.png\" width=\"170\" height=\"176\" \/><\/a>&#160; <\/p>\n<p><a href=\"https:\/\/bobvarela.com\/wp-content\/uploads\/2011\/05\/clip_image0024.png\"><img loading=\"lazy\" decoding=\"async\" style=\"background-image: none; border-right-width: 0px; padding-left: 0px; padding-right: 0px; display: inline; border-top-width: 0px; border-bottom-width: 0px; border-left-width: 0px; padding-top: 0px\" title=\"clip_image002[4]\" border=\"0\" alt=\"clip_image002[4]\" src=\"https:\/\/bobvarela.com\/wp-content\/uploads\/2011\/05\/clip_image0024_thumb.png\" width=\"162\" height=\"158\" \/><\/a><\/td>\n<td valign=\"top\" width=\"487\">\n<p align=\"justify\"><font size=\"2\">Isabel Toledo, quien fue directora creativa de la casa de modas Ellen Tracy, presentar\u00e1 en primicia su colecci\u00f3n Primavera-Verano 2012, especialmente creada para su primera presentaci\u00f3n en suelo puertorrique\u00f1o, el jueves, 29 de septiembre en la pasarela de PRHFW en el Centro de Convenciones Pedro Rossell\u00f3. Como parte del compromiso, la junta de directores de PRHFW ha cedido la totalidad del recaudo de la boleter\u00eda del exclusivo desfile, en beneficio del Museo. Un comit\u00e9 compuesto por distinguidas personalidades de la sociedad local ha sido nombrado por el Museo para poner en marcha la recaudaci\u00f3n de fondos mediante la venta de boletos para el desfile que contar\u00e1, adem\u00e1s, con una recepci\u00f3n privada previa al mismo. Los boletos, a un valor de $200.00 y $150.00 por persona, estar\u00e1n disponibles en el Museo. Para obtener informaci\u00f3n adicional y compra de boletos el museo ha dispuesto los siguientes n\u00fameros de tel\u00e9fono: 787 977-4424 y 787 977- 4410. El comit\u00e9 de recaudo contar\u00e1 con la direcci\u00f3n de Yaz Hern\u00e1ndez, respetada e influyente fil\u00e1ntropa puertorrique\u00f1a, protectora ac\u00e9rrima del arte latinoamericano, quien junto a su madre, Toni Col\u00f3n Gerena fungir\u00e1 como gu\u00eda e inspiraci\u00f3n al excelso grupo de recaudaci\u00f3n.<\/font><\/p>\n<\/td>\n<\/tr>\n<\/tbody>\n<\/table>\n<p align=\"justify\"><font size=\"2\">Isabel Toledo, quien fue directora creativa de la casa de modas Ellen Tracy, presentar\u00e1 en primicia su colecci\u00f3n Primavera-Verano 2012, especialmente creada para su primera presentaci\u00f3n en suelo puertorrique\u00f1o, el jueves, 29 de septiembre en la pasarela de PRHFW en el Centro de Convenciones Pedro Rossell\u00f3. Como parte del compromiso, la junta de directores de PRHFW ha cedido la totalidad del recaudo de la boleter\u00eda del exclusivo desfile, en beneficio del Museo. Un comit\u00e9 compuesto por distinguidas personalidades de la sociedad local ha sido nombrado por el Museo para poner en marcha la recaudaci\u00f3n de fondos mediante la venta de boletos para el desfile que contar\u00e1, adem\u00e1s, con una recepci\u00f3n privada previa al mismo. Los boletos, a un valor de $200.00 y $150.00 por persona, estar\u00e1n disponibles en el Museo. Para obtener informaci\u00f3n adicional y compra de boletos el museo ha dispuesto los siguientes n\u00fameros de tel\u00e9fono: 787 977-4424 y 787 977- 4410. El comit\u00e9 de recaudo contar\u00e1 con la direcci\u00f3n de Yaz Hern\u00e1ndez, respetada e influyente fil\u00e1ntropa puertorrique\u00f1a, protectora ac\u00e9rrima del arte latinoamericano, quien junto a su madre, Toni Col\u00f3n Gerena fungir\u00e1 como gu\u00eda e inspiraci\u00f3n al excelso grupo de recaudaci\u00f3n.<\/font><\/p>\n<p align=\"justify\"><font size=\"2\">\u201cDesde la fundaci\u00f3n de PRHFW hemos tenido una visi\u00f3n muy clara de nuestro compromiso con Puerto Rico como marca y como destino de preferencia en el Caribe por lo que nuestro mayor empe\u00f1o consiste en proporcionar la mejor plataforma para realzar y destacar el arte del dise\u00f1o de modas local e internacional, de cara al mundo. Nuestra uni\u00f3n con el Museo solidifica a\u00fan m\u00e1s nuestro cometido impulsando la fusi\u00f3n de arte y moda como una.\u201d, coment\u00f3 Caridad Fern\u00e1ndez, presidenta de PRHFW. La Dra. Lourdes Ramos, Directora Ejecutiva de Museo afirm\u00f3, &quot;Nos llena de alegr\u00eda la celebraci\u00f3n del evento &#8216;Amor Arte Moda Pasi\u00f3n\u2019, que traer\u00e1 por primera vez a Puerto Rico los talentos de Isabel y Rub\u00e9n Toledo, dos grandes creadores latinoamericanos de nuestros tiempos, quienes con su aportaci\u00f3n al MAPR, brindan su apoyo a las artes de nuestro pa\u00eds.&#160; Este acuerdo entre el Museo y PRHFW es, sin dudas, un medio para engrandecer la oferta cultural del Museo y as\u00ed enriquecer las vidas de todos nuestros visitantes\u201d. Por su parte, Laura Font, consultora general de PRHFW a\u00f1adi\u00f3, \u201cReconocemos la moda como expresi\u00f3n art\u00edstica y social, reflejo de los tiempos, por lo que la uni\u00f3n con el Museo es un paso adelante en favor del fortalecimiento cultural de nuestro pueblo, algo que nos enorgullece\u201d.<\/font><\/p>\n<p align=\"justify\"><font size=\"2\"><b><i>Una Historia de Amor entre el Arte y la Moda <\/i><\/b><b>en el MAPR por Rub\u00e9n Toledo<\/b><\/font><\/p>\n<p align=\"justify\"><b><font size=\"2\">22 de septiembre al 2 de octubre<\/font><\/b><\/p>\n<p align=\"justify\"><font size=\"2\">Isabel Toledo, considerada como \u201cuna figura de culto\u201d dentro del mundo de la moda, cuenta con la admiraci\u00f3n de los grandes expertos de la moda por lo que, com\u00fanmente se refieren a ella como, \u201cdise\u00f1adora de dise\u00f1adores\u201d dado el alto contenido creativo de su trabajo, el enfoque en la t\u00e9cnica, su disposici\u00f3n por experimentar y su imponente visi\u00f3n, logrando que su trabajo destaque como una obra de arte. La dise\u00f1adora llegar\u00e1 a la Isla en compa\u00f1\u00eda de su esposo y c\u00f3mplice creativo, Rub\u00e9n Toledo, el artista e ilustrador de modas y escaparates m\u00e1s vanguardista de Nueva York. La pareja resulta fascinante y enigm\u00e1tica por su colaboraci\u00f3n absoluta en el arte y el amor. Tanta reciprocidad resulta imperiosamente palpable en la construcci\u00f3n visual del trabajo de Isabel, interpretado meticulosamente por Rub\u00e9n, en sus ilustraciones y en la recreaci\u00f3n de un mundo \u201cintr\u00ednsecamente Toledo\u201d en el cual sobresalen la est\u00e9tica impecable y el alto nivel artesanal. La muestra de <b>Una Historia de Amor entre el Arte y la Moda<\/b> por Rub\u00e9n Toledo estar\u00e1 expuesta en el MAPR para benepl\u00e1cito del p\u00fablico en general desde el 22 de septiembre hasta el 2 de octubre de 2011. <\/font><\/p>\n<p align=\"justify\"><font size=\"2\">Zoila Levis, Presidenta de la Junta de S\u00edndicos del MAPR expres\u00f3, \u201cEn el MAPR estamos muy entusiasmados con la alianza que iniciamos hoy con el PRHFW, la cual estamos seguros ser\u00e1 una muy exitosa y perdurable. Este tipo de alianza le abre al Museo una ventana de oportunidades para continuar ampliando el di\u00e1logo sobre el arte en todas sus manifestaciones, mientras nos ayuda a allegar los recursos necesarios para seguir brindando servicios a nuestra comunidad. Les agradecemos profundamente a los se\u00f1ores Rub\u00e9n e Isabel Toledo por aceptar la invitaci\u00f3n y hacer posible la presentaci\u00f3n de la colecci\u00f3n primavera verano 2012 de Isabel Toledo en Puerto Rico al depositar su confianza en PRHFW y el Museo\u201d. <\/font><\/p>\n<p align=\"justify\"><font size=\"2\">Ante los nombramientos de Yaz Hern\u00e1ndez y Toni Col\u00f3n Gerena como presidentas honorarias del comit\u00e9 de recaudaci\u00f3n, la Sra. Levis coment\u00f3, \u201cNos honra la gentileza de Yaz Hern\u00e1ndez que ha hecho hueco en su comprometida agenda con el Museo de Arte del Barrio en New York, para ofrecernos, junto a su distinguida madre Toni Col\u00f3n Gerena, su apoyo y direcci\u00f3n para el \u00e9xito de este hermoso proyecto\u201d. Ambas damas compartir\u00e1n labores en la direcci\u00f3n del comit\u00e9 de recaudaci\u00f3n. \u201cAgradecemos inmensamente a los organizadores del PRHFW, pero muy en especial a dos grandes amigas y c\u00f3mplices de este maravilloso proyecto, la Presidenta del PRHFW, la Sra. Caridad Fern\u00e1ndez y a su Consultora General, la Sra. Laura Font, quienes han brindado todo su amor y pasi\u00f3n por el arte y la moda para lograr que esta alianza sea una realidad\u201d, concluy\u00f3.<\/font><\/p>\n","protected":false},"excerpt":{"rendered":"<p>&#160; Isabel Toledo, quien fue directora creativa de la casa de modas Ellen Tracy, presentar\u00e1 en primicia su colecci\u00f3n Primavera-Verano 2012, especialmente creada para su primera presentaci\u00f3n en suelo puertorrique\u00f1o, el jueves, 29 de septiembre en la pasarela de PRHFW&hellip;<\/p>\n<p class=\"more-link-p\"><a class=\"more-link\" href=\"https:\/\/bobvarela.com\/?p=11583\">Read more &rarr;<\/a><\/p>\n","protected":false},"author":1,"featured_media":0,"comment_status":"open","ping_status":"open","sticky":false,"template":"","format":"standard","meta":{"ngg_post_thumbnail":0,"footnotes":""},"categories":[3,4],"tags":[330,211,30,331],"class_list":["post-11583","post","type-post","status-publish","format-standard","hentry","category-actividades","category-moda","tag-isabel-toledo","tag-museo-de-arte-de-puerto-rico","tag-puerto-rico-high-fashion-week","tag-ruben-toledo"],"_links":{"self":[{"href":"https:\/\/bobvarela.com\/index.php?rest_route=\/wp\/v2\/posts\/11583","targetHints":{"allow":["GET"]}}],"collection":[{"href":"https:\/\/bobvarela.com\/index.php?rest_route=\/wp\/v2\/posts"}],"about":[{"href":"https:\/\/bobvarela.com\/index.php?rest_route=\/wp\/v2\/types\/post"}],"author":[{"embeddable":true,"href":"https:\/\/bobvarela.com\/index.php?rest_route=\/wp\/v2\/users\/1"}],"replies":[{"embeddable":true,"href":"https:\/\/bobvarela.com\/index.php?rest_route=%2Fwp%2Fv2%2Fcomments&post=11583"}],"version-history":[{"count":5,"href":"https:\/\/bobvarela.com\/index.php?rest_route=\/wp\/v2\/posts\/11583\/revisions"}],"predecessor-version":[{"id":11588,"href":"https:\/\/bobvarela.com\/index.php?rest_route=\/wp\/v2\/posts\/11583\/revisions\/11588"}],"wp:attachment":[{"href":"https:\/\/bobvarela.com\/index.php?rest_route=%2Fwp%2Fv2%2Fmedia&parent=11583"}],"wp:term":[{"taxonomy":"category","embeddable":true,"href":"https:\/\/bobvarela.com\/index.php?rest_route=%2Fwp%2Fv2%2Fcategories&post=11583"},{"taxonomy":"post_tag","embeddable":true,"href":"https:\/\/bobvarela.com\/index.php?rest_route=%2Fwp%2Fv2%2Ftags&post=11583"}],"curies":[{"name":"wp","href":"https:\/\/api.w.org\/{rel}","templated":true}]}}