{"id":116436,"date":"2017-04-29T07:59:18","date_gmt":"2017-04-29T11:59:18","guid":{"rendered":"https:\/\/bobvarela.com\/?p=116436"},"modified":"2017-04-29T07:59:18","modified_gmt":"2017-04-29T11:59:18","slug":"jaer-cabn-present-su-coleccin-stroke-and-line-2017-en-san-juan-moda","status":"publish","type":"post","link":"https:\/\/bobvarela.com\/?p=116436","title":{"rendered":"Jaer Cab&aacute;n present&oacute; su colecci&oacute;n Stroke and Line 2017 en San Juan Moda"},"content":{"rendered":"<p align=\"justify\"><font size=\"3\">La colecci\u00f3n Stroke and Line 2017 es un homenaje a la formaci\u00f3n en el campo del arte, del dise\u00f1o y de la moda, con la Escuela Central de Artes Visuales de San Juan; alma mater del dise\u00f1ador Jaer Cab\u00e1n, protagonizando como foco, inspiraci\u00f3n y escenario para la misma. <\/font><\/p>\n<p align=\"justify\"><font size=\"3\">La propuesta es una atemporal, que se destaca porque proyecta una vibra juvenil con caracter\u00edsticas y est\u00e9tica \u201cstreet\u201d, complementada a su vez por tonos \u201cblush\u201d, menta y distintos matices del color gris. Las columnas con capiteles de orden corintio de la escuela fueron representadas mediante bieses arreglados a modo de espiral, a trav\u00e9s de parchos con silueta de hoja y de sofisticados patrones en telas cortadas al l\u00e1ser. Adem\u00e1s, se elabor\u00f3 una serie de botones ricos en detalles, fabricados con impresora 3Dm y dise\u00f1ados por Kezner. Todos los estampados fueron trabajados a mano por el dise\u00f1ador, y evocan los trazos y las pr\u00e1cticas de sombreo del dibujo acad\u00e9mico. <\/font><\/p>\n<p align=\"justify\"><font size=\"3\">Las gafas son de la marca COA, por Gregg Williamson y las carteras de la l\u00ednea HQ Bags, por H\u00e9ctor Qui\u00f1ones. Ambas dise\u00f1adas especialmente para esta colecci\u00f3n. <\/font><\/p>\n<p align=\"justify\"><font size=\"3\">\u201cMi primer d\u00eda en La Central fue hace 20 a\u00f1os, y hoy sigo sintiendo que soy parte de ella\u2026\u201d (Jaer Cab\u00e1n, 2017.)<\/font><\/p>\n<p align=\"justify\">ngg_shortcode_0_placeholder<\/p>\n","protected":false},"excerpt":{"rendered":"<p>La colecci\u00f3n Stroke and Line 2017 es un homenaje a la formaci\u00f3n en el campo del arte, del dise\u00f1o y de la moda, con la Escuela Central de Artes Visuales de San Juan; alma mater del dise\u00f1ador Jaer Cab\u00e1n, protagonizando&hellip;<\/p>\n<p class=\"more-link-p\"><a class=\"more-link\" href=\"https:\/\/bobvarela.com\/?p=116436\">Read more &rarr;<\/a><\/p>\n","protected":false},"author":1,"featured_media":0,"comment_status":"open","ping_status":"open","sticky":false,"template":"","format":"standard","meta":{"ngg_post_thumbnail":0,"footnotes":""},"categories":[4,295],"tags":[],"class_list":["post-116436","post","type-post","status-publish","format-standard","hentry","category-moda","category-puerto-rico"],"_links":{"self":[{"href":"https:\/\/bobvarela.com\/index.php?rest_route=\/wp\/v2\/posts\/116436","targetHints":{"allow":["GET"]}}],"collection":[{"href":"https:\/\/bobvarela.com\/index.php?rest_route=\/wp\/v2\/posts"}],"about":[{"href":"https:\/\/bobvarela.com\/index.php?rest_route=\/wp\/v2\/types\/post"}],"author":[{"embeddable":true,"href":"https:\/\/bobvarela.com\/index.php?rest_route=\/wp\/v2\/users\/1"}],"replies":[{"embeddable":true,"href":"https:\/\/bobvarela.com\/index.php?rest_route=%2Fwp%2Fv2%2Fcomments&post=116436"}],"version-history":[{"count":1,"href":"https:\/\/bobvarela.com\/index.php?rest_route=\/wp\/v2\/posts\/116436\/revisions"}],"predecessor-version":[{"id":116437,"href":"https:\/\/bobvarela.com\/index.php?rest_route=\/wp\/v2\/posts\/116436\/revisions\/116437"}],"wp:attachment":[{"href":"https:\/\/bobvarela.com\/index.php?rest_route=%2Fwp%2Fv2%2Fmedia&parent=116436"}],"wp:term":[{"taxonomy":"category","embeddable":true,"href":"https:\/\/bobvarela.com\/index.php?rest_route=%2Fwp%2Fv2%2Fcategories&post=116436"},{"taxonomy":"post_tag","embeddable":true,"href":"https:\/\/bobvarela.com\/index.php?rest_route=%2Fwp%2Fv2%2Ftags&post=116436"}],"curies":[{"name":"wp","href":"https:\/\/api.w.org\/{rel}","templated":true}]}}