{"id":120774,"date":"2017-10-17T10:53:48","date_gmt":"2017-10-17T14:53:48","guid":{"rendered":"https:\/\/bobvarela.com\/?p=120774"},"modified":"2017-10-17T10:53:48","modified_gmt":"2017-10-17T14:53:48","slug":"diseadores-podrn-cumplir-con-presentacin-en-dominicana-moda","status":"publish","type":"post","link":"https:\/\/bobvarela.com\/?p=120774","title":{"rendered":"Dise&ntilde;adores podr&aacute;n cumplir con presentaci&oacute;n en Dominicana Moda"},"content":{"rendered":"<p align=\"center\"><a href=\"https:\/\/bobvarela.com\/wp-content\/uploads\/2017\/10\/image.png\"><img loading=\"lazy\" decoding=\"async\" title=\"image\" style=\"display: inline; background-image: none;\" border=\"0\" alt=\"image\" src=\"https:\/\/bobvarela.com\/wp-content\/uploads\/2017\/10\/image_thumb.png\" width=\"234\" height=\"281\" \/><\/a><a href=\"https:\/\/bobvarela.com\/wp-content\/uploads\/2017\/10\/image-1.png\"><img loading=\"lazy\" decoding=\"async\" title=\"image\" style=\"display: inline; background-image: none;\" border=\"0\" alt=\"image\" src=\"https:\/\/bobvarela.com\/wp-content\/uploads\/2017\/10\/image_thumb-1.png\" width=\"234\" height=\"278\" \/><\/a><\/p>\n<p align=\"center\"><font size=\"4\">David Antonio&#160;&#160;&#160;&#160;&#160;&#160;&#160;&#160;&#160;&#160;&#160;&#160;&#160;&#160;&#160;&#160;&#160;&#160;&#160;&#160;&#160; Jaer Cab\u00e1n<\/font><\/p>\n<p align=\"center\"><font size=\"4\"><\/font><\/p>\n<p align=\"justify\"><font size=\"3\">Dise\u00f1adores de San Juan Moda podr\u00e1n presentar sus colecciones en Dominicana Moda. Luego de hacer todos los ajustes necesarios Jaer Cab\u00e1n y David Antonio cumplir\u00e1n con su participaci\u00f3n como parte de la alianza entre las pasarelas.<\/font><\/p>\n<p align=\"justify\"><font size=\"3\">Luego de varios ajustes que les permitieron cumplir con los dise\u00f1adores representar\u00e1n a Puerto Rico en la famosa plataforma de moda de la hermana ciudad. Ser\u00eda el cuarto a\u00f1o consecutivo que San Juan Moda tiene un espacio dentro de la semana de la moda dominicana. Asimismo, Dominicana Moda tiene un espacio dentro de San Juan Moda en Puerto Rico.<\/font><\/p>\n<p align=\"justify\"><font size=\"3\">Dominicana Moda comienza el mi\u00e9rcoles 18 y se extiende hasta el s\u00e1bado 21 de octubre en la Ciudad Colonial. El viernes 20 de octubre ser\u00e1 la presentaci\u00f3n de los dos talentosos puertorrique\u00f1os.<\/font><\/p>\n<p align=\"justify\"><font size=\"3\">Este a\u00f1o el alcalde de Santo Domingo David Collado acogi\u00f3 el proyecto destacando la importancia de apoyar eventos como Dominicana Moda el cual ha logrado dinamizar la industria de la moda y exportado talentos. <\/font><\/p>\n<p align=\"justify\"><font size=\"3\">Los dise\u00f1adores de San Juan Moda que se han presentado en Dominicana Moda son: Ecl\u00edptica, Harry Robles, Eddie Guerrero, Miriam Budet, Sonia Santiago y Luis Antonio.<\/font><\/p>\n","protected":false},"excerpt":{"rendered":"<p>David Antonio&#160;&#160;&#160;&#160;&#160;&#160;&#160;&#160;&#160;&#160;&#160;&#160;&#160;&#160;&#160;&#160;&#160;&#160;&#160;&#160;&#160; Jaer Cab\u00e1n Dise\u00f1adores de San Juan Moda podr\u00e1n presentar sus colecciones en Dominicana Moda. Luego de hacer todos los ajustes necesarios Jaer Cab\u00e1n y David Antonio cumplir\u00e1n con su participaci\u00f3n como parte de la alianza entre las pasarelas.&hellip;<\/p>\n<p class=\"more-link-p\"><a class=\"more-link\" href=\"https:\/\/bobvarela.com\/?p=120774\">Read more &rarr;<\/a><\/p>\n","protected":false},"author":1,"featured_media":0,"comment_status":"open","ping_status":"open","sticky":false,"template":"","format":"standard","meta":{"ngg_post_thumbnail":0,"footnotes":""},"categories":[4,295],"tags":[],"class_list":["post-120774","post","type-post","status-publish","format-standard","hentry","category-moda","category-puerto-rico"],"_links":{"self":[{"href":"https:\/\/bobvarela.com\/index.php?rest_route=\/wp\/v2\/posts\/120774","targetHints":{"allow":["GET"]}}],"collection":[{"href":"https:\/\/bobvarela.com\/index.php?rest_route=\/wp\/v2\/posts"}],"about":[{"href":"https:\/\/bobvarela.com\/index.php?rest_route=\/wp\/v2\/types\/post"}],"author":[{"embeddable":true,"href":"https:\/\/bobvarela.com\/index.php?rest_route=\/wp\/v2\/users\/1"}],"replies":[{"embeddable":true,"href":"https:\/\/bobvarela.com\/index.php?rest_route=%2Fwp%2Fv2%2Fcomments&post=120774"}],"version-history":[{"count":1,"href":"https:\/\/bobvarela.com\/index.php?rest_route=\/wp\/v2\/posts\/120774\/revisions"}],"predecessor-version":[{"id":120775,"href":"https:\/\/bobvarela.com\/index.php?rest_route=\/wp\/v2\/posts\/120774\/revisions\/120775"}],"wp:attachment":[{"href":"https:\/\/bobvarela.com\/index.php?rest_route=%2Fwp%2Fv2%2Fmedia&parent=120774"}],"wp:term":[{"taxonomy":"category","embeddable":true,"href":"https:\/\/bobvarela.com\/index.php?rest_route=%2Fwp%2Fv2%2Fcategories&post=120774"},{"taxonomy":"post_tag","embeddable":true,"href":"https:\/\/bobvarela.com\/index.php?rest_route=%2Fwp%2Fv2%2Ftags&post=120774"}],"curies":[{"name":"wp","href":"https:\/\/api.w.org\/{rel}","templated":true}]}}