{"id":123280,"date":"2018-01-11T06:18:24","date_gmt":"2018-01-11T10:18:24","guid":{"rendered":"https:\/\/bobvarela.com\/?p=123280"},"modified":"2018-01-11T06:18:24","modified_gmt":"2018-01-11T10:18:24","slug":"jos-ral-accesorios-mima-y-reinaldo-alvarz-en-el-west-fashion-week-2017","status":"publish","type":"post","link":"https:\/\/bobvarela.com\/?p=123280","title":{"rendered":"Jos&eacute; Ra&uacute;l, accesorios MiMA y Reinaldo Alvar&eacute;z en el west fashion week 2017"},"content":{"rendered":"<p align=\"justify\"><font size=\"3\">El West Fashion Week estreno el concepto West por una Causa,&#160; <\/font><font size=\"3\">a beneficio de la Sociedad Americana Contra el C\u00e1ncer de Puerto Rico, <\/font><font size=\"3\">con los dise\u00f1adores puertorrique\u00f1os Jos\u00e9 Ra\u00fal y Reynaldo Alvar\u00e9z radicado en Paris.<\/font><\/p>\n<p align=\"justify\"><font size=\"3\">Tanto Jos\u00e9 Ra\u00fal con Br\u00fajula de Tiempo y Reinaldo Alvar\u00e9z con Retrospective <\/font><font size=\"3\">plasmaron su estilo en piezas caracter\u00edsticas de sus carreras con toques y cortes <\/font><font size=\"3\">a tono con la actualidad. <\/font><\/p>\n<p align=\"justify\"><font size=\"3\">Los accesorios MiMA tuvieron un pase de modas con tendencias femeninas de temporada.<\/font><\/p>\n<p align=\"justify\"><font size=\"3\">Desfile de Jose Raul <\/font><\/p>\n<p align=\"justify\">ngg_shortcode_0_placeholder<\/p>\n<p align=\"justify\"><font size=\"3\">Desfile de accesorios MiMA<\/font><\/p>\n<p align=\"justify\">ngg_shortcode_1_placeholder<\/p>\n<p align=\"justify\"><font size=\"3\">Desfile de Reinaldo Alvar\u00e9z<\/font><\/p>\n<p align=\"justify\">ngg_shortcode_2_placeholder<\/p>\n","protected":false},"excerpt":{"rendered":"<p>El West Fashion Week estreno el concepto West por una Causa,&#160; a beneficio de la Sociedad Americana Contra el C\u00e1ncer de Puerto Rico, con los dise\u00f1adores puertorrique\u00f1os Jos\u00e9 Ra\u00fal y Reynaldo Alvar\u00e9z radicado en Paris. Tanto Jos\u00e9 Ra\u00fal con Br\u00fajula&hellip;<\/p>\n<p class=\"more-link-p\"><a class=\"more-link\" href=\"https:\/\/bobvarela.com\/?p=123280\">Read more &rarr;<\/a><\/p>\n","protected":false},"author":1,"featured_media":0,"comment_status":"open","ping_status":"open","sticky":false,"template":"","format":"standard","meta":{"ngg_post_thumbnail":0,"footnotes":""},"categories":[4,295,503],"tags":[],"class_list":["post-123280","post","type-post","status-publish","format-standard","hentry","category-moda","category-puerto-rico","category-west"],"_links":{"self":[{"href":"https:\/\/bobvarela.com\/index.php?rest_route=\/wp\/v2\/posts\/123280","targetHints":{"allow":["GET"]}}],"collection":[{"href":"https:\/\/bobvarela.com\/index.php?rest_route=\/wp\/v2\/posts"}],"about":[{"href":"https:\/\/bobvarela.com\/index.php?rest_route=\/wp\/v2\/types\/post"}],"author":[{"embeddable":true,"href":"https:\/\/bobvarela.com\/index.php?rest_route=\/wp\/v2\/users\/1"}],"replies":[{"embeddable":true,"href":"https:\/\/bobvarela.com\/index.php?rest_route=%2Fwp%2Fv2%2Fcomments&post=123280"}],"version-history":[{"count":1,"href":"https:\/\/bobvarela.com\/index.php?rest_route=\/wp\/v2\/posts\/123280\/revisions"}],"predecessor-version":[{"id":123281,"href":"https:\/\/bobvarela.com\/index.php?rest_route=\/wp\/v2\/posts\/123280\/revisions\/123281"}],"wp:attachment":[{"href":"https:\/\/bobvarela.com\/index.php?rest_route=%2Fwp%2Fv2%2Fmedia&parent=123280"}],"wp:term":[{"taxonomy":"category","embeddable":true,"href":"https:\/\/bobvarela.com\/index.php?rest_route=%2Fwp%2Fv2%2Fcategories&post=123280"},{"taxonomy":"post_tag","embeddable":true,"href":"https:\/\/bobvarela.com\/index.php?rest_route=%2Fwp%2Fv2%2Ftags&post=123280"}],"curies":[{"name":"wp","href":"https:\/\/api.w.org\/{rel}","templated":true}]}}