{"id":123336,"date":"2018-01-21T19:18:48","date_gmt":"2018-01-21T23:18:48","guid":{"rendered":"https:\/\/bobvarela.com\/?p=123336"},"modified":"2018-01-21T19:20:49","modified_gmt":"2018-01-21T23:20:49","slug":"casting-sexta-edicin-del-transfashion","status":"publish","type":"post","link":"https:\/\/bobvarela.com\/?p=123336","title":{"rendered":"Casting Sexta Edici&oacute;n del TRANSFASHION"},"content":{"rendered":"<p align=\"justify\"><font size=\"3\">De cara a la Sexta Edici\u00f3n del <b>TRANSFASHION<\/b>, evento \u00fanico en el mundo de la moda en Puerto Rico, el pr\u00f3ximo 2 de febrero de 2018 a las 9:00 P.M. en Polo Norte&#160; Lounge (261 Calle Tetu\u00e1n, San Juan, 00901), se celebrar\u00e1 un casting dirigido a los\/as integrantes de las comunidades transexuales y transg\u00e9neros de Puerto Rico. <\/font><\/p>\n<p align=\"justify\"><font size=\"3\">Las personas interesadas deben darse cita al local y llevar vestimenta estrictamente negra y con un \u201clook\u201d de \u201cTop Model\u201d, no importa la talla ni la estatura. <\/font><\/p>\n<p align=\"center\"><font size=\"3\"><a href=\"https:\/\/bobvarela.com\/wp-content\/uploads\/2018\/01\/C99A6175.jpg\"><img loading=\"lazy\" decoding=\"async\" title=\"C99A6175\" style=\"margin: 0px; display: inline; background-image: none;\" border=\"0\" alt=\"C99A6175\" src=\"https:\/\/bobvarela.com\/wp-content\/uploads\/2018\/01\/C99A6175_thumb.jpg\" width=\"134\" height=\"199\" \/><\/a><a href=\"https:\/\/bobvarela.com\/wp-content\/uploads\/2018\/01\/C99A5948.jpg\"><img loading=\"lazy\" decoding=\"async\" title=\"C99A5948\" style=\"margin: 0px; display: inline; background-image: none;\" border=\"0\" alt=\"C99A5948\" src=\"https:\/\/bobvarela.com\/wp-content\/uploads\/2018\/01\/C99A5948_thumb.jpg\" width=\"134\" height=\"199\" \/><\/a><a href=\"https:\/\/bobvarela.com\/wp-content\/uploads\/2018\/01\/C99A6023.jpg\"><img loading=\"lazy\" decoding=\"async\" title=\"C99A6023\" style=\"display: inline; background-image: none;\" border=\"0\" alt=\"C99A6023\" src=\"https:\/\/bobvarela.com\/wp-content\/uploads\/2018\/01\/C99A6023_thumb.jpg\" width=\"134\" height=\"199\" \/><\/a><\/font><\/p>\n<p align=\"justify\"><font size=\"3\">Las personas electas, tendr\u00e1n la oportunidad de participar en esta Quinta Edici\u00f3n de<b> TRANSFASHION<\/b> y de modelar piezas de reconocidos\/as dise\u00f1adores\/as del patio como David Antonio, Jaer Cab\u00e1n, Javier Arnaldo, Jos\u00e9 Ra\u00fal, Juan Colon, Lisa Thon, Orlando L\u00f3pez, Sonia Bonilla y Sonia Rivera. Este a\u00f1o el evento de recaudaci\u00f3n de fondos tendr\u00e1 lugar el 3 de marzo de 2017 a las 8:00 PM. <\/font><\/p>\n<p align=\"justify\"><font size=\"3\">\u201c<b>TRANSFASHION<\/b> se ha establecido no solo como un espacio alterno en el mundo de la moda sino tambi\u00e9n como una oportunidad de visibilidad y trabajo adicional para nuestros\/as compa\u00f1eros\/as trans los cuales no hab\u00edan sido ocupados previamente.&#160; <\/font><\/p>\n<p align=\"center\"><font size=\"3\"><a href=\"https:\/\/bobvarela.com\/wp-content\/uploads\/2018\/01\/C99A6664.jpg\"><img loading=\"lazy\" decoding=\"async\" title=\"C99A6664\" style=\"margin: 0px; display: inline; background-image: none;\" border=\"0\" alt=\"C99A6664\" src=\"https:\/\/bobvarela.com\/wp-content\/uploads\/2018\/01\/C99A6664_thumb.jpg\" width=\"134\" height=\"199\" \/><\/a><a href=\"https:\/\/bobvarela.com\/wp-content\/uploads\/2018\/01\/C99A6616.jpg\"><img loading=\"lazy\" decoding=\"async\" title=\"C99A6616\" style=\"margin: 0px; display: inline; background-image: none;\" border=\"0\" alt=\"C99A6616\" src=\"https:\/\/bobvarela.com\/wp-content\/uploads\/2018\/01\/C99A6616_thumb.jpg\" width=\"134\" height=\"199\" \/><\/a><a href=\"https:\/\/bobvarela.com\/wp-content\/uploads\/2018\/01\/C99A6639.jpg\"><img loading=\"lazy\" decoding=\"async\" title=\"C99A6639\" style=\"display: inline; background-image: none;\" border=\"0\" alt=\"C99A6639\" src=\"https:\/\/bobvarela.com\/wp-content\/uploads\/2018\/01\/C99A6639_thumb.jpg\" width=\"134\" height=\"199\" \/><\/a><\/font><\/p>\n<p align=\"justify\"><font size=\"3\">Esperamos contar con el apoyo recibido y superar las expectativas de las ediciones previas de <b>TRANSFASHION<\/b>.&#160; <\/font><\/p>\n<p align=\"justify\"><font size=\"3\">Servir a las comunidades transg\u00e9nero y transexual es una de las prioridades de nuestra Junta Directiva y de nuestra Organizaci\u00f3n, Coa\u00ed, Inc. \u2013 recalc\u00f3 Jos\u00e9 Joaqu\u00edn Mulinelli Rodr\u00edguez, Director Ejecutivo de <b>Coa\u00ed, Inc<\/b>. <\/font><\/p>\n<p align=\"center\"><font size=\"3\"><a href=\"https:\/\/bobvarela.com\/wp-content\/uploads\/2018\/01\/C99A7336.jpg\"><img loading=\"lazy\" decoding=\"async\" title=\"C99A7336\" style=\"margin: 0px; display: inline; background-image: none;\" border=\"0\" alt=\"C99A7336\" src=\"https:\/\/bobvarela.com\/wp-content\/uploads\/2018\/01\/C99A7336_thumb.jpg\" width=\"134\" height=\"199\" \/><\/a><a href=\"https:\/\/bobvarela.com\/wp-content\/uploads\/2018\/01\/C99A7525.jpg\"><img loading=\"lazy\" decoding=\"async\" title=\"C99A7525\" style=\"margin: 0px; display: inline; background-image: none;\" border=\"0\" alt=\"C99A7525\" src=\"https:\/\/bobvarela.com\/wp-content\/uploads\/2018\/01\/C99A7525_thumb.jpg\" width=\"134\" height=\"199\" \/><\/a><a href=\"https:\/\/bobvarela.com\/wp-content\/uploads\/2018\/01\/C99A7563.jpg\"><img loading=\"lazy\" decoding=\"async\" title=\"C99A7563\" style=\"display: inline; background-image: none;\" border=\"0\" alt=\"C99A7563\" src=\"https:\/\/bobvarela.com\/wp-content\/uploads\/2018\/01\/C99A7563_thumb.jpg\" width=\"134\" height=\"199\" \/><\/a><\/font><\/p>\n<p align=\"justify\"><b><font size=\"3\"><\/font><\/b><\/p>\n<p align=\"justify\"><font size=\"3\"><b>Coa\u00ed, Inc<\/b>., es una de las pocas y longevas organizaciones que trabajan programas dirigidos a atender las necesidades de salud integral de las poblaciones HLBTTQI,&#160; en particular de las comunidades transexuales y transg\u00e9nero, dirigida a lograr la equidad y el reconocimiento social que como seres humanos merecen.&#160; <\/font><\/p>\n<p align=\"justify\"><font size=\"3\">Para m\u00e1s informaci\u00f3n puede visitar <\/font><a href=\"https:\/\/www.transfashionpr.com\"><font size=\"3\">www.transfashionpr.com<\/font><\/a><font size=\"3\">, <\/font><a href=\"https:\/\/www.coaipr.org\/\"><font size=\"3\">www.coaipr.org<\/font><\/a><font size=\"3\">, llamar al <\/font><a><font size=\"3\">787-379-1367<\/font><\/a><font size=\"3\"> o escribir a <\/font><a><font size=\"3\">coai05@gmail.com<\/font><\/a><\/p>\n","protected":false},"excerpt":{"rendered":"<p>De cara a la Sexta Edici\u00f3n del TRANSFASHION, evento \u00fanico en el mundo de la moda en Puerto Rico, el pr\u00f3ximo 2 de febrero de 2018 a las 9:00 P.M. en Polo Norte&#160; Lounge (261 Calle Tetu\u00e1n, San Juan, 00901),&hellip;<\/p>\n<p class=\"more-link-p\"><a class=\"more-link\" href=\"https:\/\/bobvarela.com\/?p=123336\">Read more &rarr;<\/a><\/p>\n","protected":false},"author":1,"featured_media":0,"comment_status":"open","ping_status":"open","sticky":false,"template":"","format":"standard","meta":{"ngg_post_thumbnail":0,"footnotes":""},"categories":[4,295],"tags":[],"class_list":["post-123336","post","type-post","status-publish","format-standard","hentry","category-moda","category-puerto-rico"],"_links":{"self":[{"href":"https:\/\/bobvarela.com\/index.php?rest_route=\/wp\/v2\/posts\/123336","targetHints":{"allow":["GET"]}}],"collection":[{"href":"https:\/\/bobvarela.com\/index.php?rest_route=\/wp\/v2\/posts"}],"about":[{"href":"https:\/\/bobvarela.com\/index.php?rest_route=\/wp\/v2\/types\/post"}],"author":[{"embeddable":true,"href":"https:\/\/bobvarela.com\/index.php?rest_route=\/wp\/v2\/users\/1"}],"replies":[{"embeddable":true,"href":"https:\/\/bobvarela.com\/index.php?rest_route=%2Fwp%2Fv2%2Fcomments&post=123336"}],"version-history":[{"count":2,"href":"https:\/\/bobvarela.com\/index.php?rest_route=\/wp\/v2\/posts\/123336\/revisions"}],"predecessor-version":[{"id":123338,"href":"https:\/\/bobvarela.com\/index.php?rest_route=\/wp\/v2\/posts\/123336\/revisions\/123338"}],"wp:attachment":[{"href":"https:\/\/bobvarela.com\/index.php?rest_route=%2Fwp%2Fv2%2Fmedia&parent=123336"}],"wp:term":[{"taxonomy":"category","embeddable":true,"href":"https:\/\/bobvarela.com\/index.php?rest_route=%2Fwp%2Fv2%2Fcategories&post=123336"},{"taxonomy":"post_tag","embeddable":true,"href":"https:\/\/bobvarela.com\/index.php?rest_route=%2Fwp%2Fv2%2Ftags&post=123336"}],"curies":[{"name":"wp","href":"https:\/\/api.w.org\/{rel}","templated":true}]}}