{"id":123984,"date":"2018-02-13T19:30:06","date_gmt":"2018-02-13T23:30:06","guid":{"rendered":"https:\/\/bobvarela.com\/?p=123984"},"modified":"2018-02-13T19:30:06","modified_gmt":"2018-02-13T23:30:06","slug":"agasajar-de-miss-mundo-2018-en-condado","status":"publish","type":"post","link":"https:\/\/bobvarela.com\/?p=123984","title":{"rendered":"Agasajar de Miss Mundo 2018 en Condado"},"content":{"rendered":"<p align=\"center\"><a href=\"https:\/\/bobvarela.com\/wp-content\/uploads\/2018\/02\/C99A8169.jpg\"><img loading=\"lazy\" decoding=\"async\" title=\"C99A8169\" style=\"display: inline; background-image: none;\" border=\"0\" alt=\"C99A8169\" src=\"https:\/\/bobvarela.com\/wp-content\/uploads\/2018\/02\/C99A8169_thumb.jpg\" width=\"504\" height=\"239\" \/><\/a><\/p>\n<p align=\"justify\"><font size=\"3\">El 11 de febrero la recientemente coronada Miss Mundo de Puerto Rico <\/font><a href=\"https:\/\/www.facebook.com\/profile.php?id=100017906614530\"><font size=\"3\">Dayana Martinez<\/font><\/a><font size=\"3\"> celebro un agasajar en los altos de Di Zuccero de Condado. Como parte del evento, Dayanara dedic\u00f3 mensajes de agradecimiento a cada uno de los miembros de su equipo de trabajo dirigido por el estilista Manolo Gonz\u00e0lez. Una de las invitadas especiales fue Zorimar Betancourt, fundadora de la Fundaci\u00f3n Stefano Steenbakkers Betancourt, con quien Dayanara trabaj\u00f3 su proyecto de Belleza con Prop\u00f3sito, adem\u00e1s destac\u00f3 la presencia del dise\u00f1ador Javier Arnaldo encargado de confeccionar el vestido de gala con el que result\u00f3 ganadora y de Harold Cabrera dise\u00f1ador de todas las joyas que utiliz\u00f3 durante su camino a la competencia .En la misma tambi\u00e9n dijeron presente Carlos Herrero quien tambi\u00e9n estuvo apoyando a la Reina, Vivian Arroyo, Carlos Berm\u00fadez, Cristina Fern\u00e1ndez entre otros. All\u00ed, los presentes hicieron an\u00e9cdotas de c\u00f3mo fue la preparaci\u00f3n y trayectoria de Dayana durante el concurso<\/font> <\/p>\n<p align=\"justify\">ngg_shortcode_0_placeholder<\/p>\n","protected":false},"excerpt":{"rendered":"<p>El 11 de febrero la recientemente coronada Miss Mundo de Puerto Rico Dayana Martinez celebro un agasajar en los altos de Di Zuccero de Condado. Como parte del evento, Dayanara dedic\u00f3 mensajes de agradecimiento a cada uno de los miembros&hellip;<\/p>\n<p class=\"more-link-p\"><a class=\"more-link\" href=\"https:\/\/bobvarela.com\/?p=123984\">Read more &rarr;<\/a><\/p>\n","protected":false},"author":1,"featured_media":0,"comment_status":"open","ping_status":"open","sticky":false,"template":"","format":"standard","meta":{"ngg_post_thumbnail":0,"footnotes":""},"categories":[3,5,165],"tags":[],"class_list":["post-123984","post","type-post","status-publish","format-standard","hentry","category-actividades","category-concursos","category-mundo"],"_links":{"self":[{"href":"https:\/\/bobvarela.com\/index.php?rest_route=\/wp\/v2\/posts\/123984","targetHints":{"allow":["GET"]}}],"collection":[{"href":"https:\/\/bobvarela.com\/index.php?rest_route=\/wp\/v2\/posts"}],"about":[{"href":"https:\/\/bobvarela.com\/index.php?rest_route=\/wp\/v2\/types\/post"}],"author":[{"embeddable":true,"href":"https:\/\/bobvarela.com\/index.php?rest_route=\/wp\/v2\/users\/1"}],"replies":[{"embeddable":true,"href":"https:\/\/bobvarela.com\/index.php?rest_route=%2Fwp%2Fv2%2Fcomments&post=123984"}],"version-history":[{"count":1,"href":"https:\/\/bobvarela.com\/index.php?rest_route=\/wp\/v2\/posts\/123984\/revisions"}],"predecessor-version":[{"id":123985,"href":"https:\/\/bobvarela.com\/index.php?rest_route=\/wp\/v2\/posts\/123984\/revisions\/123985"}],"wp:attachment":[{"href":"https:\/\/bobvarela.com\/index.php?rest_route=%2Fwp%2Fv2%2Fmedia&parent=123984"}],"wp:term":[{"taxonomy":"category","embeddable":true,"href":"https:\/\/bobvarela.com\/index.php?rest_route=%2Fwp%2Fv2%2Fcategories&post=123984"},{"taxonomy":"post_tag","embeddable":true,"href":"https:\/\/bobvarela.com\/index.php?rest_route=%2Fwp%2Fv2%2Ftags&post=123984"}],"curies":[{"name":"wp","href":"https:\/\/api.w.org\/{rel}","templated":true}]}}