{"id":124403,"date":"2018-02-27T20:09:40","date_gmt":"2018-02-28T00:09:40","guid":{"rendered":"https:\/\/bobvarela.com\/?p=124403"},"modified":"2018-02-27T20:09:40","modified_gmt":"2018-02-28T00:09:40","slug":"boricua-rumbo-a-miami-tras-el-ttulo-de-mster-model-international-2018","status":"publish","type":"post","link":"https:\/\/bobvarela.com\/?p=124403","title":{"rendered":"Boricua rumbo a Miami tras el t&iacute;tulo de M&iacute;ster Model International 2018"},"content":{"rendered":"<p align=\"center\"><font size=\"3\"><a href=\"https:\/\/bobvarela.com\/wp-content\/uploads\/2018\/02\/IMG_9709f.jpg\"><img loading=\"lazy\" decoding=\"async\" title=\"IMG_9709f\" style=\"display: inline; background-image: none;\" border=\"0\" alt=\"IMG_9709f\" src=\"https:\/\/bobvarela.com\/wp-content\/uploads\/2018\/02\/IMG_9709f_thumb.jpg\" width=\"215\" height=\"320\" \/><\/a><\/font><\/p>\n<p align=\"justify\"><font size=\"3\">El joven James Feliciano, representar\u00e1 a la isla en el certamen M\u00edster Model International 2018 el s\u00e1bado, 10 de marzo de 2018, en el Miami, Florida. <\/font><\/p>\n<p align=\"justify\"><font size=\"3\">James Feliciano, natural del pueblo de Ponce, posee bachillerato y maestr\u00eda en gerencia y liderazgo estrat\u00e9gico, de la Universidad del Este y actualmente se desempe\u00f1a como inspector de c\u00e1lida. Nuestro delegado viajar\u00e1 el 28 de febrero a la Ciudad del Sol, para participar en esta competencia internacional en el cual de 30 pa\u00edses han confirmado ya su participaci\u00f3n para competir por el codiciado t\u00edtulo y ser parte de la segunda edici\u00f3n de Men\u2019s Fashion Week Miami.<\/font><\/p>\n<p align=\"justify\"><font size=\"3\">El delegado puertorrique\u00f1o mencion\u00f3 que ha estado trabajando en su rutina de ejercicios, en una dieta estricta, en su ejecuci\u00f3n en la pasarela y el \u00e1rea de fotograf\u00eda, con el fot\u00f3grafo puertorrique\u00f1o Edwin Lebr\u00f3n. El representante boricua a modelado para dise\u00f1adores puertorrique\u00f1os e internacionales.<\/font><\/p>\n<p align=\"center\"><font size=\"3\"><a href=\"https:\/\/bobvarela.com\/wp-content\/uploads\/2018\/02\/28056618_2005014783046625_7567371746414135156_n.jpg\"><img loading=\"lazy\" decoding=\"async\" title=\"28056618_2005014783046625_7567371746414135156_n\" style=\"display: inline; background-image: none;\" border=\"0\" alt=\"28056618_2005014783046625_7567371746414135156_n\" src=\"https:\/\/bobvarela.com\/wp-content\/uploads\/2018\/02\/28056618_2005014783046625_7567371746414135156_n_thumb.jpg\" width=\"380\" height=\"287\" \/><\/a><\/font><\/p>\n<p align=\"justify\"><font size=\"3\">De otra parte, el coordinador del certamen M\u00edster Model International 2018 en Puerto Rico, Miguel Deliz, mencion\u00f3 que esta es la quinta vez que se celebra este concurso el cual gano el veterano modelo Melvin Rom\u00e1n en el 2015. \u201cEstamos muy entusiasmados con la participaci\u00f3n de James en esta competencia ya que \u00e9l re\u00fane todas las caracter\u00edsticas que requiere el concurso en t\u00e9rminos de proyecci\u00f3n en la pasarela, capacidad intelectual y atributos f\u00edsicos\u201d, a\u00f1adi\u00f3.<\/font><\/p>\n<p align=\"justify\"><font size=\"3\">El vicepresidente de la organizaci\u00f3n de M\u00edster International Puerto Rico, Fernando \u00c1lvarez indic\u00f3 que, como parte de la competencia de traje t\u00edpico, James estar\u00e1 representando a nuestra herencia espa\u00f1ola, la cual fue confeccionada por el dise\u00f1ador boricua Jos\u00e9 Manuel Bou.<\/font><\/p>\n","protected":false},"excerpt":{"rendered":"<p>El joven James Feliciano, representar\u00e1 a la isla en el certamen M\u00edster Model International 2018 el s\u00e1bado, 10 de marzo de 2018, en el Miami, Florida. James Feliciano, natural del pueblo de Ponce, posee bachillerato y maestr\u00eda en gerencia y&hellip;<\/p>\n<p class=\"more-link-p\"><a class=\"more-link\" href=\"https:\/\/bobvarela.com\/?p=124403\">Read more &rarr;<\/a><\/p>\n","protected":false},"author":1,"featured_media":0,"comment_status":"open","ping_status":"open","sticky":false,"template":"","format":"standard","meta":{"ngg_post_thumbnail":0,"footnotes":""},"categories":[5,482,477],"tags":[],"class_list":["post-124403","post","type-post","status-publish","format-standard","hentry","category-concursos","category-international","category-mister"],"_links":{"self":[{"href":"https:\/\/bobvarela.com\/index.php?rest_route=\/wp\/v2\/posts\/124403","targetHints":{"allow":["GET"]}}],"collection":[{"href":"https:\/\/bobvarela.com\/index.php?rest_route=\/wp\/v2\/posts"}],"about":[{"href":"https:\/\/bobvarela.com\/index.php?rest_route=\/wp\/v2\/types\/post"}],"author":[{"embeddable":true,"href":"https:\/\/bobvarela.com\/index.php?rest_route=\/wp\/v2\/users\/1"}],"replies":[{"embeddable":true,"href":"https:\/\/bobvarela.com\/index.php?rest_route=%2Fwp%2Fv2%2Fcomments&post=124403"}],"version-history":[{"count":1,"href":"https:\/\/bobvarela.com\/index.php?rest_route=\/wp\/v2\/posts\/124403\/revisions"}],"predecessor-version":[{"id":124404,"href":"https:\/\/bobvarela.com\/index.php?rest_route=\/wp\/v2\/posts\/124403\/revisions\/124404"}],"wp:attachment":[{"href":"https:\/\/bobvarela.com\/index.php?rest_route=%2Fwp%2Fv2%2Fmedia&parent=124403"}],"wp:term":[{"taxonomy":"category","embeddable":true,"href":"https:\/\/bobvarela.com\/index.php?rest_route=%2Fwp%2Fv2%2Fcategories&post=124403"},{"taxonomy":"post_tag","embeddable":true,"href":"https:\/\/bobvarela.com\/index.php?rest_route=%2Fwp%2Fv2%2Ftags&post=124403"}],"curies":[{"name":"wp","href":"https:\/\/api.w.org\/{rel}","templated":true}]}}