{"id":124412,"date":"2018-03-07T17:33:01","date_gmt":"2018-03-07T21:33:01","guid":{"rendered":"https:\/\/bobvarela.com\/?p=124412"},"modified":"2018-03-07T17:39:01","modified_gmt":"2018-03-07T21:39:01","slug":"radican-proyecto-de-ley-para-nombrar-un-tramo-de-la-calle-loza-con-el-nombre-de-carlota-alfaro","status":"publish","type":"post","link":"https:\/\/bobvarela.com\/?p=124412","title":{"rendered":"Radican proyecto de ley para nombrar un tramo de la Calle Lo&iacute;za con el nombre de Carlota Alfaro"},"content":{"rendered":"<p align=\"center\"><font size=\"3\"><a href=\"https:\/\/bobvarela.com\/wp-content\/uploads\/2018\/03\/IMG_-23zo7r.jpg\"><img loading=\"lazy\" decoding=\"async\" title=\"IMG_-23zo7r\" style=\"display: inline; background-image: none;\" border=\"0\" alt=\"IMG_-23zo7r\" src=\"https:\/\/bobvarela.com\/wp-content\/uploads\/2018\/03\/IMG_-23zo7r_thumb.jpg\" width=\"188\" height=\"279\" \/><\/a><\/font><\/p>\n<p align=\"justify\"><font size=\"3\">La senadora Zo\u00e9 Laboy Alvarado radic\u00f3 el Proyecto del Senado 856 para designar el nombre de Carlota Alfaro al tramo de la Calle Lo\u00edza que transcurre desde la intersecci\u00f3n de la Calle Lo\u00edza con la Avenida Jos\u00e9 de Diego hasta la intersecci\u00f3n de la Calle Lo\u00edza con la Calle Jefferson en el Municipio Aut\u00f3nomo de San Juan.<\/font><\/p>\n<p align=\"justify\"><font size=\"3\">Dentro del contexto de la celebraci\u00f3n de marzo, Mes de la Mujer, la senadora Laboy expres\u00f3 que las mujeres han sido pilares en el desarrollo de diversas industrias, como la de la moda en la que, sin duda, Carlota Alfaro ha sido una de las precursoras.<\/font><\/p>\n<p align=\"justify\"><font size=\"3\">\u201cCarlota Alfaro ha sido por m\u00e1s de 50 a\u00f1os educadora de modas en su espacio en la Calle Lo\u00edza. Durante este tiempo ha sido ferviente y fiel comerciante de la zona, independientemente de los cambios sociales y econ\u00f3micos que ha sufrido el \u00e1rea. Con su instituci\u00f3n educativa ha aportado significativamente y de manera consistente al desarrollo econ\u00f3mico de esta calle, no tan solo inyectando valor econ\u00f3mico a la zona, sino dando vida y coraz\u00f3n con el tr\u00e1nsito de cientos de estudiantes y embelleciendo el entorno urbano\u201d, expres\u00f3 Laboy.<\/font><\/p>\n<p align=\"center\"><a href=\"https:\/\/bobvarela.com\/wp-content\/uploads\/2018\/03\/28783641_1628464010575184_4606146107616002048_n.jpg\"><img loading=\"lazy\" decoding=\"async\" title=\"28783641_1628464010575184_4606146107616002048_n\" style=\"display: inline; background-image: none;\" border=\"0\" alt=\"28783641_1628464010575184_4606146107616002048_n\" src=\"https:\/\/bobvarela.com\/wp-content\/uploads\/2018\/03\/28783641_1628464010575184_4606146107616002048_n_thumb.jpg\" width=\"384\" height=\"290\" \/><\/a><\/p>\n<p align=\"justify\"><font size=\"3\">Do\u00f1a Carlota Alfaro naci\u00f3 el 4 de junio de 1933 en San Juan, Puerto Rico. Desde muy temprana edad demostr\u00f3 inter\u00e9s y evidenci\u00f3 aptitud para la costura. A los 17 a\u00f1os estableci\u00f3 su primer taller de costura en un almac\u00e9n en la parte posterior de la residencia de su t\u00eda en la Calle del Parque en Santurce. Adem\u00e1s de su gran talento, Carlota Alfaro mostr\u00f3 ser una educadora innata, al fundar el Carlota Alfaro College a principios de los a\u00f1os 60 en la Calle Lo\u00edza. Todav\u00eda all\u00ed ense\u00f1a su innovador m\u00e9todo de costura: el Sistema Carlota Alfaro. <\/font><\/p>\n<p align=\"justify\"><font size=\"3\">La maestra de la costura puertorrique\u00f1a, Carlota Alfaro fue ovacionada por el p\u00fablico en el Concurso Anual de Modas Dorothy Gray; en el a\u00f1o 1970, obtuvo 4 de los 5 galardones de la pasarela Destellos de la Moda; y en el 1988, obtuvo el <i>Lifetime Achievement Award<\/i> de la mano de la entonces primera dama estadounidense, Nancy Reagan. <\/font><\/p>\n<p align=\"center\"><font size=\"3\"><a href=\"https:\/\/bobvarela.com\/wp-content\/uploads\/2018\/03\/20180307_125047.jpg\"><img loading=\"lazy\" decoding=\"async\" title=\"20180307_125047\" style=\"display: inline; background-image: none;\" border=\"0\" alt=\"20180307_125047\" src=\"https:\/\/bobvarela.com\/wp-content\/uploads\/2018\/03\/20180307_125047_thumb.jpg\" width=\"285\" height=\"285\" \/><\/a><\/font><\/p>\n<p align=\"justify\"><font size=\"3\">\u201cA sus 84 a\u00f1os, la moda de Do\u00f1a Carlota Alfaro contin\u00faa siendo un \u00edcono de su industria y sigue aportando a la econom\u00eda puertorrique\u00f1a. Por eso merece que su obra quede inmortalizada a trav\u00e9s de la denominaci\u00f3n del tramo de la calle Lo\u00edza en el que ubica su atelier y escuela\u201d, concluy\u00f3 Laboy.<\/font><\/p>\n","protected":false},"excerpt":{"rendered":"<p>La senadora Zo\u00e9 Laboy Alvarado radic\u00f3 el Proyecto del Senado 856 para designar el nombre de Carlota Alfaro al tramo de la Calle Lo\u00edza que transcurre desde la intersecci\u00f3n de la Calle Lo\u00edza con la Avenida Jos\u00e9 de Diego hasta&hellip;<\/p>\n<p class=\"more-link-p\"><a class=\"more-link\" href=\"https:\/\/bobvarela.com\/?p=124412\">Read more &rarr;<\/a><\/p>\n","protected":false},"author":1,"featured_media":0,"comment_status":"open","ping_status":"open","sticky":false,"template":"","format":"standard","meta":{"ngg_post_thumbnail":0,"footnotes":""},"categories":[3,4,295],"tags":[],"class_list":["post-124412","post","type-post","status-publish","format-standard","hentry","category-actividades","category-moda","category-puerto-rico"],"_links":{"self":[{"href":"https:\/\/bobvarela.com\/index.php?rest_route=\/wp\/v2\/posts\/124412","targetHints":{"allow":["GET"]}}],"collection":[{"href":"https:\/\/bobvarela.com\/index.php?rest_route=\/wp\/v2\/posts"}],"about":[{"href":"https:\/\/bobvarela.com\/index.php?rest_route=\/wp\/v2\/types\/post"}],"author":[{"embeddable":true,"href":"https:\/\/bobvarela.com\/index.php?rest_route=\/wp\/v2\/users\/1"}],"replies":[{"embeddable":true,"href":"https:\/\/bobvarela.com\/index.php?rest_route=%2Fwp%2Fv2%2Fcomments&post=124412"}],"version-history":[{"count":2,"href":"https:\/\/bobvarela.com\/index.php?rest_route=\/wp\/v2\/posts\/124412\/revisions"}],"predecessor-version":[{"id":124416,"href":"https:\/\/bobvarela.com\/index.php?rest_route=\/wp\/v2\/posts\/124412\/revisions\/124416"}],"wp:attachment":[{"href":"https:\/\/bobvarela.com\/index.php?rest_route=%2Fwp%2Fv2%2Fmedia&parent=124412"}],"wp:term":[{"taxonomy":"category","embeddable":true,"href":"https:\/\/bobvarela.com\/index.php?rest_route=%2Fwp%2Fv2%2Fcategories&post=124412"},{"taxonomy":"post_tag","embeddable":true,"href":"https:\/\/bobvarela.com\/index.php?rest_route=%2Fwp%2Fv2%2Ftags&post=124412"}],"curies":[{"name":"wp","href":"https:\/\/api.w.org\/{rel}","templated":true}]}}