{"id":124421,"date":"2018-03-08T07:32:51","date_gmt":"2018-03-08T11:32:51","guid":{"rendered":"https:\/\/bobvarela.com\/?p=124421"},"modified":"2018-03-08T07:32:51","modified_gmt":"2018-03-08T11:32:51","slug":"von-mariea-conquistar-la-corona-del-turismo-latino-2018","status":"publish","type":"post","link":"https:\/\/bobvarela.com\/?p=124421","title":{"rendered":"Von MarieA Conquistar la Corona del Turismo Latino 2018"},"content":{"rendered":"<p><b>   <\/p>\n<p align=\"center\"><a href=\"https:\/\/bobvarela.com\/wp-content\/uploads\/2018\/03\/image1.jpg\"><img loading=\"lazy\" decoding=\"async\" title=\"image1\" style=\"display: inline; background-image: none;\" border=\"0\" alt=\"image1\" src=\"https:\/\/bobvarela.com\/wp-content\/uploads\/2018\/03\/image1_thumb.jpg\" width=\"347\" height=\"576\" \/><\/a>      <\/p>\n<p> <\/b>  <\/p>\n<p align=\"justify\"><font size=\"3\">Von Marie Santiago Santiago es nuestra representante en la d\u00e9cimo primera edici\u00f3n del certamen Miss Turismo Latino Internacional, a celebrarse en Ecuador del 10 al 17 de marzo.<\/font><\/p>\n<p align=\"justify\"><font size=\"3\">La riogrande\u00f1a Von Marie fue coronada en las Fiestas ciudad de El Yunque, nuestra Maravilla de Puerto Rico en el pueblo de R\u00edo Grande por la actual Virreina Internacional, Nobiraida Infante y el Honorable Alcalde Angel &quot;Bori&quot;Gonz\u00e1lez.<\/font><\/p>\n<p align=\"justify\"><font size=\"3\">Von Marie ha tenido la oportunidad de modelar para varios dise\u00f1adores locales en el West Fashion Week y San Juan Moda,fue la imagen de la campa\u00f1a de Valentines para empresa local. fue parte de la iniciativa Fortaleza para ti, voluntaria para Puerto Rico se Levanta y actualmente tuvo una colaboraci\u00f3n con Make a Wish Foundation para exhortar a que juntos celebremos el d\u00eda mundial de los deseos.<\/font><\/p>\n<p align=\"justify\"><font size=\"3\">Miss Turismo Latino Internacional es un certamen que se enfoca en promover el turismo y cultura&#160; de los pa\u00edses participantes, buscando dar a conocer y exponer los destinos tur\u00edsticos latinos en el mundo.&#160; Mientras hacen un recorrido por diferentes partes de Ecuador se manifiesta un gran intercambio cultural&#160; en las diferentes zonas que visitan las candidatas, teniendo como objetivo inyectar a largo plazo&#160;&#160; el turismo de cada uno de sus paises.<\/font><\/p>\n<p align=\"justify\"><font size=\"3\">Nuestra beldad en adici\u00f3n tendr\u00e1 como encomienda y plataforma de trabajo llevar un mensaje&#160; para continuar promoviendo nuestra isla en busca de Rescatar el Turismo tras el paso de Mar\u00eda,&#160; exhortando al p\u00fablico a travez de las redes sociales a postear fotos de sus \u00e1reas de turismo que&#160; ya esten operando o en buenas condiciones para asi inyectar a corto plazo el turismo interno y a largo plazo volver a obtener la confianza del extranjero.<\/font><\/p>\n<p align=\"center\"><font size=\"3\"><a href=\"https:\/\/bobvarela.com\/wp-content\/uploads\/2018\/03\/prselevanta.jpg\"><img loading=\"lazy\" decoding=\"async\" title=\"prselevanta\" style=\"display: inline; background-image: none;\" border=\"0\" alt=\"prselevanta\" src=\"https:\/\/bobvarela.com\/wp-content\/uploads\/2018\/03\/prselevanta_thumb.jpg\" width=\"371\" height=\"252\" \/><\/a><\/font><\/p>\n<p align=\"justify\"><i><b><font size=\"3\">\u201cEs importante ahora m\u00e1s que nunca transmitir un mensaje positivo de que en Puerto Rico&#160; <i>estamos <\/i><i>levant\u00e1ndonos<\/i><i> y ya <\/i>gozamos de buena<b><i>s alternativas en diferentes puntos <b><i>de la Isla ya <\/i><i>sean:<\/i><i> culturales, <\/i><\/b><b><i>gastron\u00f3micas, de ocio o entretenimiento.<\/i><\/b><\/i><\/b><\/font><\/b><\/i><\/p>\n<p align=\"justify\"><font size=\"3\">Miss Turismo Latino sera celebrado en el piso 34 de The Point, que adem\u00e1s de ser el edificio m\u00e1s alto del pa\u00eds ubicado en Guayaquil. The Point es el primer edificio&#160; iluminado con m\u00e1s de 10mil luces LED con capacidad&#160; de producir millones de colores y su fachada recrea im\u00e1genes y animaciones para un espect\u00e1culo visual.<\/font><\/p>\n<p align=\"justify\"><font size=\"3\">Adem\u00e1s las chicas viajaran para la competencia de traje t\u00edpico a&#160; la ciudad de Manta que se caracteriza&#160; por sus bellas playas y es el primer puerto tur\u00edstico, mar\u00edtimo y pesquero del pa\u00eds.<\/font><\/p>\n<p align=\"justify\"><font size=\"3\">Para la competencia de trajes t\u00edpicos el enfoque es en resaltar nuestras playas como la capital del Surfing. mientras complementar\u00e1n la moda de Luis Rentas, Angel Guzm\u00e1n y accesorios de Abimael Ortiz y Beatriz S\u00e1nchez.<\/font><\/p>\n","protected":false},"excerpt":{"rendered":"<p>Von Marie Santiago Santiago es nuestra representante en la d\u00e9cimo primera edici\u00f3n del certamen Miss Turismo Latino Internacional, a celebrarse en Ecuador del 10 al 17 de marzo. La riogrande\u00f1a Von Marie fue coronada en las Fiestas ciudad de El&hellip;<\/p>\n<p class=\"more-link-p\"><a class=\"more-link\" href=\"https:\/\/bobvarela.com\/?p=124421\">Read more &rarr;<\/a><\/p>\n","protected":false},"author":1,"featured_media":0,"comment_status":"open","ping_status":"open","sticky":false,"template":"","format":"standard","meta":{"ngg_post_thumbnail":0,"footnotes":""},"categories":[4],"tags":[],"class_list":["post-124421","post","type-post","status-publish","format-standard","hentry","category-moda"],"_links":{"self":[{"href":"https:\/\/bobvarela.com\/index.php?rest_route=\/wp\/v2\/posts\/124421","targetHints":{"allow":["GET"]}}],"collection":[{"href":"https:\/\/bobvarela.com\/index.php?rest_route=\/wp\/v2\/posts"}],"about":[{"href":"https:\/\/bobvarela.com\/index.php?rest_route=\/wp\/v2\/types\/post"}],"author":[{"embeddable":true,"href":"https:\/\/bobvarela.com\/index.php?rest_route=\/wp\/v2\/users\/1"}],"replies":[{"embeddable":true,"href":"https:\/\/bobvarela.com\/index.php?rest_route=%2Fwp%2Fv2%2Fcomments&post=124421"}],"version-history":[{"count":1,"href":"https:\/\/bobvarela.com\/index.php?rest_route=\/wp\/v2\/posts\/124421\/revisions"}],"predecessor-version":[{"id":124422,"href":"https:\/\/bobvarela.com\/index.php?rest_route=\/wp\/v2\/posts\/124421\/revisions\/124422"}],"wp:attachment":[{"href":"https:\/\/bobvarela.com\/index.php?rest_route=%2Fwp%2Fv2%2Fmedia&parent=124421"}],"wp:term":[{"taxonomy":"category","embeddable":true,"href":"https:\/\/bobvarela.com\/index.php?rest_route=%2Fwp%2Fv2%2Fcategories&post=124421"},{"taxonomy":"post_tag","embeddable":true,"href":"https:\/\/bobvarela.com\/index.php?rest_route=%2Fwp%2Fv2%2Ftags&post=124421"}],"curies":[{"name":"wp","href":"https:\/\/api.w.org\/{rel}","templated":true}]}}