{"id":124997,"date":"2018-03-12T21:20:09","date_gmt":"2018-03-13T01:20:09","guid":{"rendered":"https:\/\/bobvarela.com\/?p=124997"},"modified":"2018-03-12T21:20:40","modified_gmt":"2018-03-13T01:20:40","slug":"desfile-de-modas-dancing-ways-de-centro-moda-escuela-de-diseo-lisa-thon","status":"publish","type":"post","link":"https:\/\/bobvarela.com\/?p=124997","title":{"rendered":"Desfile de Modas, &ldquo;Dancing Ways&rdquo; de Centro Moda Escuela de Dise&ntilde;o Lisa Thon"},"content":{"rendered":"<p align=\"justify\"><font size=\"3\">Centro Moda Escuela de Dise\u00f1o Lisa Thon celebr\u00f3 el domingo, 11 de marzo de 2018, el desfile de graduaci\u00f3n del grupo de Dise\u00f1o de Modas. El evento se llev\u00f3 a cabo por primera vez en las facilidades de EDP University, Recinto de Hato Rey. Durante el evento, quince estudiantes presentaron dise\u00f1os creativos para la temporada primavera-verano 2018, usando fibras en algod\u00f3n, chiff\u00f3n y \u201cjacquard\u201d, e inspirados en el baile. <\/font><\/p>\n<p align=\"justify\"><font size=\"3\">Por su parte, la dise\u00f1adora de modas Lisa Thon coment\u00f3: \u201cDiversos g\u00e9neros de baile servir\u00e1n como inspiraci\u00f3n a la hora de presentar piezas llenas de movimiento, color y dramatismo. Me siento muy orgullosa de este grupo de estudiantes que se ha esforzado para demostrar su creatividad y talento no empece a lo que hemos vivido como pa\u00eds en los \u00faltimos meses\u201d. <\/font><\/p>\n<p align=\"justify\"><font size=\"3\">Un prestigioso jurado compuesto por profesionales de diferentes sectores de la moda y el baile otorg\u00f3 el premio \u201cTotal Look 2018\u201d a Ileana Vel\u00e1zquez. Adem\u00e1s, la facultad otorg\u00f3 los premios de Corte y Confecci\u00f3n a Agneris Rodr\u00edguez, Ilustraci\u00f3n a Shaneira Ramos, Patrones a Juanita Polanco, Dedicaci\u00f3n a Eva Penchi y Sylvette Ramos y \u201cAll Around\u201d a Ileana Vel\u00e1zquez.<\/font><a name=\"_GoBack\"><\/a><\/p>\n<p align=\"justify\"><font size=\"3\">La Escuela de Dise\u00f1o Lisa Thon es&#160; una instituci\u00f3n postsecundaria de car\u00e1cter no Universitario con Programa Vocacional, T\u00e9cnico y de Altas Destrezas cuya aspiraci\u00f3n fundamental es el preparar especialistas para la industria de la moda en Puerto Rico. Para m\u00e1s informaci\u00f3n puede comunicarse al 787-296-0777.<\/font><\/p>\n<p align=\"justify\"><font size=\"3\">Nombre de los Participantes con el nombre de la colecci\u00f3n e inspiraci\u00f3n.<\/font><\/p>\n<p><b> I. <\/b><b>\u201cRundown\u201d Desfile 15 Dise\u00f1adores Noveles.<\/b><\/p>\n<p><b><i>1. <\/i><\/b><b><i>Ileana Vel\u00e1zquez <\/i><\/b><\/p>\n<p>Colecci\u00f3n: \u201cMidnight Dream\u201d<\/p>\n<p>Inspirada en el Charleston.<\/p>\n<p><b><i>2. <\/i><\/b><b><i>Lisette Letriz <\/i><\/b><\/p>\n<p>Colecci\u00f3n: \u201cLibre\u201d<\/p>\n<p>Inspirada en el baile Contempor\u00e1neo. <\/p>\n<p><b><i>3. <\/i><\/b><b><i>Rahiza Garc\u00eda <\/i><\/b><\/p>\n<p>Colecci\u00f3n: \u201cBilly\u201d <\/p>\n<p>Inspirada en el Moonwalk.<\/p>\n<p><b><i>4. <\/i><\/b><b><i>Agneris Rodr\u00edguez<\/i><\/b><\/p>\n<p>Colecci\u00f3n: \u201cDancing Waves\u201d<\/p>\n<p>Inspirada en la Rumba. <\/p>\n<p><b><i>5. <\/i><\/b><b><i>Claymil Ram\u00edrez <\/i><\/b><\/p>\n<p>Colecci\u00f3n: \u201cMoves\u201d<\/p>\n<p>Inspirada en el Charleston. <\/p>\n<p><b><i>6. <\/i><\/b><b><i>Juanita Polanco <\/i><\/b><\/p>\n<p>Colecci\u00f3n: &quot;Dualidad&quot;<\/p>\n<p>Inspirada en el Ballet. <\/p>\n<p><b><i>7. <\/i><\/b><b><i>Adriana Men\u00e9ndez<\/i><\/b><\/p>\n<p>Colecci\u00f3n: \u201cMedia Luna\u201d<\/p>\n<p>Inspirada en el Belly Dance.<\/p>\n<p><b><i>8. <\/i><\/b><b><i>Amarilys Quijano<\/i><\/b><\/p>\n<p>Colecci\u00f3n: \u201cAndal\u00fa\u201d<\/p>\n<p>Inspirada en el Flamenco. <\/p>\n<p><b><i>9. <\/i><\/b><b><i>Shaneira Ramos <\/i><\/b><\/p>\n<p>Colecci\u00f3n: \u201cWicked Bliss\u201d<\/p>\n<p>Inspirada en el Tango.<\/p>\n<p><b><i>10. <\/i><\/b><b><i>Raquel Qui\u00f1ones <\/i><\/b><\/p>\n<p>Colecci\u00f3n: \u201cRhythm Heels\u201d<\/p>\n<p>Inspirada en el Tap.<\/p>\n<p><b><i>11. <\/i><\/b><b><i>Sabrina Soto<\/i><\/b><\/p>\n<p>Colecci\u00f3n: \u201cChromatic\u201d<\/p>\n<p>Inspirada en el Modern Jazz.<\/p>\n<p><b><i>12. <\/i><\/b><b><i>Eva Penchi <\/i><\/b><\/p>\n<p>Colecci\u00f3n: \u201cMoonlight Disco\u201d<\/p>\n<p>Inspirada en el Disco.<\/p>\n<p><b><i>13. <\/i><\/b><b><i>Christian Garc\u00eda<\/i><\/b><\/p>\n<p>Colecci\u00f3n: \u201cBatizado\u201d <\/p>\n<p>Inspirada en el Capoeira. <\/p>\n<p><b><i>14. <\/i><\/b><b><i>Anamary M\u00e9ndez <\/i><\/b><\/p>\n<p>Colecci\u00f3n: \u201cHip-bara\u201d <\/p>\n<p>Inspirada en la Bomba y Plena.<\/p>\n<p><b><i>15. <\/i><\/b><b><i>Sylvette Rom\u00e1n<\/i><\/b><\/p>\n<p>Colecci\u00f3n: \u201cZorzal\u201d<\/p>\n<p>Inspirada en el Tango.<\/p>\nngg_shortcode_0_placeholder\n","protected":false},"excerpt":{"rendered":"<p>Centro Moda Escuela de Dise\u00f1o Lisa Thon celebr\u00f3 el domingo, 11 de marzo de 2018, el desfile de graduaci\u00f3n del grupo de Dise\u00f1o de Modas. El evento se llev\u00f3 a cabo por primera vez en las facilidades de EDP University,&hellip;<\/p>\n<p class=\"more-link-p\"><a class=\"more-link\" href=\"https:\/\/bobvarela.com\/?p=124997\">Read more &rarr;<\/a><\/p>\n","protected":false},"author":1,"featured_media":0,"comment_status":"open","ping_status":"open","sticky":false,"template":"","format":"standard","meta":{"ngg_post_thumbnail":0,"footnotes":""},"categories":[4,295],"tags":[],"class_list":["post-124997","post","type-post","status-publish","format-standard","hentry","category-moda","category-puerto-rico"],"_links":{"self":[{"href":"https:\/\/bobvarela.com\/index.php?rest_route=\/wp\/v2\/posts\/124997","targetHints":{"allow":["GET"]}}],"collection":[{"href":"https:\/\/bobvarela.com\/index.php?rest_route=\/wp\/v2\/posts"}],"about":[{"href":"https:\/\/bobvarela.com\/index.php?rest_route=\/wp\/v2\/types\/post"}],"author":[{"embeddable":true,"href":"https:\/\/bobvarela.com\/index.php?rest_route=\/wp\/v2\/users\/1"}],"replies":[{"embeddable":true,"href":"https:\/\/bobvarela.com\/index.php?rest_route=%2Fwp%2Fv2%2Fcomments&post=124997"}],"version-history":[{"count":2,"href":"https:\/\/bobvarela.com\/index.php?rest_route=\/wp\/v2\/posts\/124997\/revisions"}],"predecessor-version":[{"id":124999,"href":"https:\/\/bobvarela.com\/index.php?rest_route=\/wp\/v2\/posts\/124997\/revisions\/124999"}],"wp:attachment":[{"href":"https:\/\/bobvarela.com\/index.php?rest_route=%2Fwp%2Fv2%2Fmedia&parent=124997"}],"wp:term":[{"taxonomy":"category","embeddable":true,"href":"https:\/\/bobvarela.com\/index.php?rest_route=%2Fwp%2Fv2%2Fcategories&post=124997"},{"taxonomy":"post_tag","embeddable":true,"href":"https:\/\/bobvarela.com\/index.php?rest_route=%2Fwp%2Fv2%2Ftags&post=124997"}],"curies":[{"name":"wp","href":"https:\/\/api.w.org\/{rel}","templated":true}]}}