{"id":126930,"date":"2018-06-05T20:38:28","date_gmt":"2018-06-06T00:38:28","guid":{"rendered":"https:\/\/bobvarela.com\/?p=126930"},"modified":"2018-06-05T20:38:28","modified_gmt":"2018-06-06T00:38:28","slug":"presentan-candidatas-a-miss-universe-puerto-rico-2018","status":"publish","type":"post","link":"https:\/\/bobvarela.com\/?p=126930","title":{"rendered":"PRESENTAN CANDIDATAS A MISS UNIVERSE PUERTO RICO 2018"},"content":{"rendered":"<p align=\"center\"><font size=\"3\"><a href=\"https:\/\/bobvarela.com\/wp-content\/uploads\/2018\/06\/C99A7574.jpg\"><img loading=\"lazy\" decoding=\"async\" title=\"C99A7574\" style=\"display: inline; background-image: none;\" border=\"0\" alt=\"C99A7574\" src=\"https:\/\/bobvarela.com\/wp-content\/uploads\/2018\/06\/C99A7574_thumb.jpg\" width=\"442\" height=\"240\" \/><\/a><\/font><\/p>\n<p align=\"justify\"><font size=\"3\">Luego de varios meses de castings, entrevistas y retos, hoy, oficialmente Renace la Belleza con el anuncio de las candidatas a la corona de Miss Universe Puerto Rico 2018. <\/font><\/p>\n<p align=\"justify\"><font size=\"3\">La directora de la franquicia de Miss Universe Puerto Rico, Denise Qui\u00f1ones, junto a Javier Maynulet, presidente de WAPA TV, y todo su equipo de trabajo present\u00f3 oficialmente a las 30 candidatas que buscar\u00e1n la corona de Miss Universe Puerto Rico 2018. El certamen se ser\u00e1 el 20 de septiembre en el Centro de Bellas Artes Luis A. Ferr\u00e9.<\/font><\/p>\n<p align=\"justify\"><font size=\"3\">Con el tema #labellezarenace, este certamen representar\u00e1 el renacer de Puerto Rico y su capacidad de estar de pie. De igual manera, las candidatas de Miss Universe Puerto Rico 2018 sentir\u00e1n ese renacimiento luego de recibir la preparaci\u00f3n intensiva, a nivel personal y profesional, <\/font><a name=\"_GoBack\"><\/a><font size=\"3\">que tendr\u00e1n en los pr\u00f3ximos meses de la mano de un nutrido grupo de expertos. <\/font><\/p>\n<p align=\"justify\"><font size=\"3\"><i>\u00a8Han sido meses de entrega y dedicaci\u00f3n a este nuevo proyecto, agradezco infinitamente al equipo de trabajo que, junto a m\u00ed, acept\u00f3 esta encomienda\u00a8<\/i> expres\u00f3 la Miss Universe 2001. <\/font><\/p>\n<p align=\"justify\"><font size=\"3\">Este grupo de talentosos profesionales compartir\u00e1n con las candidatas durante los meses de julio y agosto sus conocimientos para as\u00ed desarrollar y mejorar sus atributos. <\/font><\/p>\n<p align=\"justify\"><font size=\"3\">Por otro lado, a partir de hoy, el usuario de redes sociales podr\u00e1 conocer todo lo relacionado a las beldades boricuas, ver sus perfiles, participar de sus actividades v\u00eda \u2018live stream\u2019, seguir la trayectoria de sus candidatas, conocer el equipo de Miss Universe Puerto Rico, y ser parte de lo que d\u00eda a d\u00eda estar\u00e1n realizando las candidatas \u2018En ruta a la corona\u2019, a trav\u00e9s del portal de <\/font><a href=\"https:\/\/www.munisersepr.com\"><font size=\"3\">www.munisersepr.com<\/font><\/a><font size=\"3\">. Las cuentas oficiales de Miss Universe Puerto Rico son bajo @MUNIVERSEPR en Facebook, Twitter e Instagram<\/font><\/p>\n<p align=\"justify\">ngg_shortcode_0_placeholder<\/p>\n","protected":false},"excerpt":{"rendered":"<p>Luego de varios meses de castings, entrevistas y retos, hoy, oficialmente Renace la Belleza con el anuncio de las candidatas a la corona de Miss Universe Puerto Rico 2018. La directora de la franquicia de Miss Universe Puerto Rico, Denise&hellip;<\/p>\n<p class=\"more-link-p\"><a class=\"more-link\" href=\"https:\/\/bobvarela.com\/?p=126930\">Read more &rarr;<\/a><\/p>\n","protected":false},"author":1,"featured_media":0,"comment_status":"open","ping_status":"open","sticky":false,"template":"","format":"standard","meta":{"ngg_post_thumbnail":0,"footnotes":""},"categories":[5,172],"tags":[],"class_list":["post-126930","post","type-post","status-publish","format-standard","hentry","category-concursos","category-universe"],"_links":{"self":[{"href":"https:\/\/bobvarela.com\/index.php?rest_route=\/wp\/v2\/posts\/126930","targetHints":{"allow":["GET"]}}],"collection":[{"href":"https:\/\/bobvarela.com\/index.php?rest_route=\/wp\/v2\/posts"}],"about":[{"href":"https:\/\/bobvarela.com\/index.php?rest_route=\/wp\/v2\/types\/post"}],"author":[{"embeddable":true,"href":"https:\/\/bobvarela.com\/index.php?rest_route=\/wp\/v2\/users\/1"}],"replies":[{"embeddable":true,"href":"https:\/\/bobvarela.com\/index.php?rest_route=%2Fwp%2Fv2%2Fcomments&post=126930"}],"version-history":[{"count":1,"href":"https:\/\/bobvarela.com\/index.php?rest_route=\/wp\/v2\/posts\/126930\/revisions"}],"predecessor-version":[{"id":126931,"href":"https:\/\/bobvarela.com\/index.php?rest_route=\/wp\/v2\/posts\/126930\/revisions\/126931"}],"wp:attachment":[{"href":"https:\/\/bobvarela.com\/index.php?rest_route=%2Fwp%2Fv2%2Fmedia&parent=126930"}],"wp:term":[{"taxonomy":"category","embeddable":true,"href":"https:\/\/bobvarela.com\/index.php?rest_route=%2Fwp%2Fv2%2Fcategories&post=126930"},{"taxonomy":"post_tag","embeddable":true,"href":"https:\/\/bobvarela.com\/index.php?rest_route=%2Fwp%2Fv2%2Ftags&post=126930"}],"curies":[{"name":"wp","href":"https:\/\/api.w.org\/{rel}","templated":true}]}}