{"id":128117,"date":"2018-08-30T17:22:20","date_gmt":"2018-08-30T21:22:20","guid":{"rendered":"https:\/\/bobvarela.com\/?p=128117"},"modified":"2018-08-30T17:22:20","modified_gmt":"2018-08-30T21:22:20","slug":"west-fashion-week-celebra-su-novena-edicion-de-moda-belleza-y-turismo-interno","status":"publish","type":"post","link":"https:\/\/bobvarela.com\/?p=128117","title":{"rendered":"WEST FASHION WEEK , CELEBRA SU NOVENA EDICION DE MODA, BELLEZA Y TURISMO INTERNO"},"content":{"rendered":"<p><b><\/b><\/p>\n<p align=\"center\"><font size=\"3\"><a href=\"https:\/\/bobvarela.com\/wp-content\/uploads\/2018\/08\/image1-1.jpg\"><img loading=\"lazy\" decoding=\"async\" title=\"image1\" style=\"display: inline; background-image: none;\" border=\"0\" alt=\"image1\" src=\"https:\/\/bobvarela.com\/wp-content\/uploads\/2018\/08\/image1_thumb-1.jpg\" width=\"502\" height=\"361\" \/><\/a><\/font><\/p>\n<p align=\"justify\"><font size=\"3\">El WEST Fashion Week, evento cumbre de la moda en el oeste de Puerto Rico, presenta lo mejor de la moda emergente junto a los 6 Fant\u00e1sticos del 14 al 16 de septiembre en la 9na edici\u00f3n de moda, belleza y turismo interno a celebrarse en Rinc\u00f3n of the Seas, Grand Caribbean Hotel, continuando innovando, creciendo y aportando a la econom\u00eda de Puerto Rico\u201d, anunci\u00f3 su presidenta Annjannette Spicer.<\/font><\/p>\n<p align=\"justify\"><font size=\"3\">Nuestro evento representa una excelente oportunidad para dar a conocer otra de las grandes virtudes de Puerto Rico como destino, promoviendo el turismo interno a la vez que respaldamos a nuestros dise\u00f1adores llevando el p\u00fablico fashionista a disfrutar de un fin de semana de moda y belleza en el area de Porta del Sol.<\/font><\/p>\n<p align=\"justify\"><font size=\"3\">En esta novena edici\u00f3n, el WEST Fashion Week presenta m\u00e1s de una ventena de dise\u00f1adores de la nueva cepa de diferentes partes de la Isla en reconfirmaci\u00f3n de lo que ha sido nuestra encomienda desde el dia cero, dando la primera oportunidad en busca de experiencias reales que funcionen para dar a conocer nuevos nombres en la industria. Ellos son: Shaneira Ramos, Cristian Garc\u00eda, Jocelyn Delgado, Yousef Aponte, Carmen Pe\u00f1a,Ileana Vel\u00e1zquez,&#160; Lorraine Ort\u00edz, Sabrina Soto, Anamary M\u00e9ndez, George Marreero, Zorymar Batlle y Natalia Morales con su l\u00ednea de accesorios.<\/font><\/p>\n<p align=\"center\"><font size=\"3\"><a href=\"https:\/\/bobvarela.com\/wp-content\/uploads\/2018\/08\/image2-1.jpg\"><img loading=\"lazy\" decoding=\"async\" title=\"image2-1\" style=\"display: inline; background-image: none;\" border=\"0\" alt=\"image2-1\" src=\"https:\/\/bobvarela.com\/wp-content\/uploads\/2018\/08\/image2-1_thumb.jpg\" width=\"472\" height=\"489\" \/><\/a><\/font><\/p>\n<p align=\"justify\"><font size=\"3\">La novena edici\u00f3n del WFW cuenta con los siguientes distinguidos dise\u00f1adores, a quienes reconocemos como los 6 fant\u00e1sticos de la moda, gracias a sus experiencia y ejecuci\u00f3n poniendo sus logros y marcas de moda dentro y fuera de Puerto Rico:&#160; Eddie Guerrero, Jaer Caban, Orlando L\u00f3pez, Jos\u00e9 Ra\u00fal, Juan Col\u00f3n&#160; <br \/>y Reinaldo Alvarez quien nos visita por tercera vez desde Par\u00eds.      <br \/>El WEST Trayectoria de esta edici\u00f3n esta dedicado al creativo de la moda masculina, el Fantastico Jos\u00e9 Ra\u00fal, con m\u00e1s de 10 a\u00f1os en la industria de la aguja y quien comenzo como emergente de The New Generation del 2010 y quien tuvo su primera aparici\u00f3n en el West en 2012.<\/font><\/p>\n<p align=\"justify\"><font size=\"3\">En esta novena celebraci\u00f3n, y con mucho entusiasmo regresa como patrocinador del evento la marca italiana de autom\u00f3vil Fiat mientras Alfa Romeo se estrena en conjunto con nuestro WEST Fashion Icon, en homenaje a Caridad Fern\u00e1ndez, Icono de la Industria de la moda en Puerto Rico con una gran aportaci\u00f3n desde el plano personal hasta empresarial con el recordado Puerto Rico High Fashion Week y su Centro y Agencia de Modelos Unica, donde se guiaron de su mano modelos de la talla de; Rosa Lourdes Ort\u00edz, Evelyn L\u00f3pez, Aurea Marrero, Mar\u00eda del Mar, Anelisse Torres, Zoila Algar\u00edn, Ann La Place , Keishla Maysonet, Larissa Santiago, y Cynthia Olavarria entre otras.<\/font><\/p>\n<p align=\"justify\"><font size=\"3\">Para esta velada el Fant\u00e1stico y querido del oeste Eddie Guerrero, estar\u00e1 a cargo de la pasarela del WEST por una causa en un Junte de Moda y Salud a beneficio de los pacientes de cancer del Centro Oncologico del Oeste. del Dr. Erick Cruz.&#160; Los interesados pueden comunicarse con la Fashionista y Madrina del evento Larissa Vassallo Vicepo al 787-672-7968.<\/font><\/p>\n<p align=\"center\"><font size=\"3\"><a href=\"https:\/\/bobvarela.com\/wp-content\/uploads\/2018\/08\/image2-2.jpg\"><img loading=\"lazy\" decoding=\"async\" title=\"image2\" style=\"display: inline; background-image: none;\" border=\"0\" alt=\"image2\" src=\"https:\/\/bobvarela.com\/wp-content\/uploads\/2018\/08\/image2_thumb-1.jpg\" width=\"509\" height=\"383\" \/><\/a><\/font><\/p>\n<p><font size=\"3\">El Fant\u00e1stico Juan Col\u00f3n, regresa con su desfile Tiny World Cruise con modelos y dise\u00f1os aptos para el Mercado petite mientras Jaer Caban y Orlando L\u00f3pez estar\u00e1n cerrando el bloque de los emergentes en un gesto de bienvenida y bendici\u00f3n a la industria.<\/font><\/p>\n<p><font size=\"3\">Por su parte Reinaldo Alvarez celebra los 160 a\u00f1os de amistad entre Jap\u00f3n y Francia para presentarnos su colecci\u00f3n Japonismo, por primera vez incluyendo telas estampadas.<\/font><\/p>\n<p><font size=\"3\">EDP University presenta el colectivo EDP Runway Show bajo el lema \u201cSaber es Poder\u201d. Con una muestra de 10 studiantes&#160; recien graduadosde dise\u00f1o de moda digital en su primer encuentro real con la industria de la aguja que abarca desde plasmar una idea hasta confeccionarla y llegarla a mercadear. Estos noveles son : Janice Rodr\u00edguez, Mar\u00eda Llompart, Jimmy Ruiz, Laylan Alvarado, Tatiana Hern\u00e1ndez, Mario Lira,&#160; Lavignia Rivera, Alejandro Fern\u00e1ndez, Coral Vega y Anthony Cintr\u00f3n, quien adem\u00e1s se encargo de las ilustraciones que identifican el evento incluyendo una inspiraci\u00f3n \u00fanica de nuestra Fashion Icon, Caridad Fern\u00e1ndez.<\/font><\/p>\n<p><font size=\"3\">La tarde del s\u00e1bado tendr\u00e1 como inicio un Swimsuit Show a cargo de las marcas Leonia y Leo de Colombia y el lanzamiento de la l\u00ednea de moda casual y trajes de ba\u00f1o Charmed Loved para ni\u00f1as y teens.<\/font><\/p>\n<p><font size=\"3\">El cierre de la pasarela estar\u00e1 a cargo de las tendencias para ni\u00f1as y adolescentes por los dise\u00f1adores: Jackie Tejada, Lourdes Arroyo, Luis Rentas, Lorraine Ort\u00edz, Luis Enrique, Mara Garc\u00eda y Mel Dur\u00e1n.<\/font>&#160;<\/p>\n<p align=\"center\"><a href=\"https:\/\/bobvarela.com\/wp-content\/uploads\/2018\/08\/IMG_0191.jpg\"><img loading=\"lazy\" decoding=\"async\" title=\"IMG_0191\" style=\"display: inline; background-image: none;\" border=\"0\" alt=\"IMG_0191\" src=\"https:\/\/bobvarela.com\/wp-content\/uploads\/2018\/08\/IMG_0191_thumb.jpg\" width=\"164\" height=\"244\" \/><\/a><a href=\"https:\/\/bobvarela.com\/wp-content\/uploads\/2018\/08\/IMG_0163.jpg\"><img loading=\"lazy\" decoding=\"async\" title=\"IMG_0163\" style=\"display: inline; background-image: none;\" border=\"0\" alt=\"IMG_0163\" src=\"https:\/\/bobvarela.com\/wp-content\/uploads\/2018\/08\/IMG_0163_thumb.jpg\" width=\"163\" height=\"244\" \/><\/a><a href=\"https:\/\/bobvarela.com\/wp-content\/uploads\/2018\/08\/IMG_0108.jpg\"><img loading=\"lazy\" decoding=\"async\" title=\"IMG_0108\" style=\"display: inline; background-image: none;\" border=\"0\" alt=\"IMG_0108\" src=\"https:\/\/bobvarela.com\/wp-content\/uploads\/2018\/08\/IMG_0108_thumb.jpg\" width=\"164\" height=\"244\" \/><\/a><\/p>\n<p><font size=\"3\">Los Dise\u00f1adores estar\u00e1n presentando las siguientes colecciones:<\/font><\/p>\n<p><b><font size=\"3\">Desfiles d\u00eda a d\u00eda<\/font><\/b><\/p>\n<p><b><font size=\"3\">Viernes, 14 septiembre<\/font><\/b><\/p>\n<p><font size=\"3\">\u2022 Emergentes Cristian Garc\u00eda y Anamary M\u00e9ndez&#160; junto al Fant\u00e1stico Orlando L\u00f3pez<\/font><\/p>\n<p><font size=\"3\">\u2022 Emergentes: Jocelyn Delgado, Lorraine Ort\u00edz y Zorymar Batlle<\/font><\/p>\n<p><font size=\"3\">\u2022 Reinaldo Alvarez, Natalia Morales y Jos\u00e9 Ra\u00fal (WEST Trayectoria)<\/font><\/p>\n<p><b><font size=\"3\"><\/font><\/b><\/p>\n<p><b><font size=\"3\">S\u00e1bado, 15 septiembre<\/font><\/b><\/p>\n<p><font size=\"3\">\u2022 Swimsuit Show por Leonisa y Leo de Colombia y Lanzamiento de Charmed Loved<\/font><\/p>\n<p><font size=\"3\">\u2022 Juan Col\u00f3n Tiny World Cruise 2018 junto a Sonimar<\/font><\/p>\n<p><font size=\"3\">\u2022 Emergentes: Shaneira Ramos, Yousef Aponte, Sabrina junto al Fant\u00e1stico Jaer Caban<\/font><\/p>\n<p><font size=\"3\">\u2022 West Fashion Icon @ West por una Causa con el Fant\u00e1stico Eddie Guerrero     <br \/>\u2022 EDP Runway Show y los emergentes George Marrero y Carmen Pe\u00f1a<\/font><\/p>\n<p><b><font size=\"3\">Domingo, 16 septiembre<\/font><\/b><\/p>\n<p><font size=\"3\">\u2022 Colecciones para Ni\u00f1os y Adolescentes por: Jackie Tejada, Lorraine Ort\u00edz, Lourdes Arroyo, Luis Enrique, Luis Rentas, Mara Garc\u00eda y Mel Dur\u00e1n.<\/font><\/p>\n","protected":false},"excerpt":{"rendered":"<p>El WEST Fashion Week, evento cumbre de la moda en el oeste de Puerto Rico, presenta lo mejor de la moda emergente junto a los 6 Fant\u00e1sticos del 14 al 16 de septiembre en la 9na edici\u00f3n de moda, belleza&hellip;<\/p>\n<p class=\"more-link-p\"><a class=\"more-link\" href=\"https:\/\/bobvarela.com\/?p=128117\">Read more &rarr;<\/a><\/p>\n","protected":false},"author":1,"featured_media":0,"comment_status":"open","ping_status":"open","sticky":false,"template":"","format":"standard","meta":{"ngg_post_thumbnail":0,"footnotes":""},"categories":[4,503],"tags":[],"class_list":["post-128117","post","type-post","status-publish","format-standard","hentry","category-moda","category-west"],"_links":{"self":[{"href":"https:\/\/bobvarela.com\/index.php?rest_route=\/wp\/v2\/posts\/128117","targetHints":{"allow":["GET"]}}],"collection":[{"href":"https:\/\/bobvarela.com\/index.php?rest_route=\/wp\/v2\/posts"}],"about":[{"href":"https:\/\/bobvarela.com\/index.php?rest_route=\/wp\/v2\/types\/post"}],"author":[{"embeddable":true,"href":"https:\/\/bobvarela.com\/index.php?rest_route=\/wp\/v2\/users\/1"}],"replies":[{"embeddable":true,"href":"https:\/\/bobvarela.com\/index.php?rest_route=%2Fwp%2Fv2%2Fcomments&post=128117"}],"version-history":[{"count":1,"href":"https:\/\/bobvarela.com\/index.php?rest_route=\/wp\/v2\/posts\/128117\/revisions"}],"predecessor-version":[{"id":128118,"href":"https:\/\/bobvarela.com\/index.php?rest_route=\/wp\/v2\/posts\/128117\/revisions\/128118"}],"wp:attachment":[{"href":"https:\/\/bobvarela.com\/index.php?rest_route=%2Fwp%2Fv2%2Fmedia&parent=128117"}],"wp:term":[{"taxonomy":"category","embeddable":true,"href":"https:\/\/bobvarela.com\/index.php?rest_route=%2Fwp%2Fv2%2Fcategories&post=128117"},{"taxonomy":"post_tag","embeddable":true,"href":"https:\/\/bobvarela.com\/index.php?rest_route=%2Fwp%2Fv2%2Ftags&post=128117"}],"curies":[{"name":"wp","href":"https:\/\/api.w.org\/{rel}","templated":true}]}}