{"id":128250,"date":"2018-09-07T13:33:31","date_gmt":"2018-09-07T17:33:31","guid":{"rendered":"https:\/\/bobvarela.com\/?p=128250"},"modified":"2018-09-07T13:33:31","modified_gmt":"2018-09-07T17:33:31","slug":"inicia-la-recta-final-para-miss-universe-puerto-rico-2018","status":"publish","type":"post","link":"https:\/\/bobvarela.com\/?p=128250","title":{"rendered":"INICIA LA RECTA FINAL PARA MISS UNIVERSE PUERTO RICO 2018"},"content":{"rendered":"<p align=\"justify\"><font size=\"3\">El 6 de septiembre se llev\u00f3 a cabo, en el Centro de Convenciones de Puerto Rico, la celebraci\u00f3n de la Competencia Preliminar y el Desfile de Moda de Miss Universe Puerto Rico 2018. El evento se transmitir\u00e1 por Wapa Televisi\u00f3n el domingo, 16 de septiembre de 8 a 10pm. <\/font><\/p>\n<p align=\"center\"><font size=\"3\"><a href=\"https:\/\/bobvarela.com\/wp-content\/uploads\/2018\/09\/IMG_3661.jpg\"><img loading=\"lazy\" decoding=\"async\" title=\"IMG_3661\" style=\"display: inline; background-image: none;\" border=\"0\" alt=\"IMG_3661\" src=\"https:\/\/bobvarela.com\/wp-content\/uploads\/2018\/09\/IMG_3661_thumb.jpg\" width=\"199\" height=\"134\" \/><\/a><a href=\"https:\/\/bobvarela.com\/wp-content\/uploads\/2018\/09\/IMG_6078.jpg\"><img loading=\"lazy\" decoding=\"async\" title=\"IMG_6078\" style=\"display: inline; background-image: none;\" border=\"0\" alt=\"IMG_6078\" src=\"https:\/\/bobvarela.com\/wp-content\/uploads\/2018\/09\/IMG_6078_thumb.jpg\" width=\"199\" height=\"134\" \/><\/a><a href=\"https:\/\/bobvarela.com\/wp-content\/uploads\/2018\/09\/IMG_6117.jpg\"><img loading=\"lazy\" decoding=\"async\" title=\"IMG_6117\" style=\"display: inline; background-image: none;\" border=\"0\" alt=\"IMG_6117\" src=\"https:\/\/bobvarela.com\/wp-content\/uploads\/2018\/09\/IMG_6117_thumb.jpg\" width=\"199\" height=\"134\" \/><\/a><a href=\"https:\/\/bobvarela.com\/wp-content\/uploads\/2018\/09\/IMG_6331.jpg\"><img loading=\"lazy\" decoding=\"async\" title=\"IMG_6331\" style=\"display: inline; background-image: none;\" border=\"0\" alt=\"IMG_6331\" src=\"https:\/\/bobvarela.com\/wp-content\/uploads\/2018\/09\/IMG_6331_thumb.jpg\" width=\"199\" height=\"134\" \/><\/a><a href=\"https:\/\/bobvarela.com\/wp-content\/uploads\/2018\/09\/IMG_6344.jpg\"><img loading=\"lazy\" decoding=\"async\" title=\"IMG_6344\" style=\"display: inline; background-image: none;\" border=\"0\" alt=\"IMG_6344\" src=\"https:\/\/bobvarela.com\/wp-content\/uploads\/2018\/09\/IMG_6344_thumb.jpg\" width=\"199\" height=\"134\" \/><\/a><a href=\"https:\/\/bobvarela.com\/wp-content\/uploads\/2018\/09\/IMG_6375.jpg\"><img loading=\"lazy\" decoding=\"async\" title=\"IMG_6375\" style=\"display: inline; background-image: none;\" border=\"0\" alt=\"IMG_6375\" src=\"https:\/\/bobvarela.com\/wp-content\/uploads\/2018\/09\/IMG_6375_thumb.jpg\" width=\"199\" height=\"134\" \/><\/a><\/font><\/p>\n<p align=\"justify\"><font size=\"3\">La serie de actividades inici\u00f3 en el vest\u00edbulo con una subasta silente de piezas \u00fanicas que trajeron las candidatas, adem\u00e1s, de pabellones de los principales auspiciadores. La actividad de subasta fue animada por Tita Guerrero y la bloguera, Gabriela Qui\u00f1ones. El ambiente lo puso los ritmos de DJ Slender. Los fondos recaudados durante la subasta ser\u00e1n donados a las fundaciones sin fines de lucro Boys and Girls Club de Puerto Rico y la Casa Protegida Julia de Burgos. <\/font><\/p>\n<p align=\"justify\"><font size=\"3\">Al filo de las 8:00pm, y con la animaci\u00f3n del actor Eli Cay y la presentadora de televisi\u00f3n, Pili Montilla, inici\u00f3 la tan esperada Noche Preliminar. Por primera vez, las candidatas desfilaron en traje de ba\u00f1o y de gala, enfrent\u00e1ndose al jurado compuesto por: Annette Vaillant, Dr. Jos\u00e9 Ra\u00fal Montes, Osvaldo M\u00e1rtir, Crist\u00f3bal Berr\u00edos, Ana Rosa Brito, Patricia Alonso, Domingo Cruz Vivaldi y Nivea Santiago. La preliminar sirvi\u00f3, tambi\u00e9n, de presentaci\u00f3n de varios premios especiales como el West NY Fashion Week para modelar en el evento, L\u00b4Oreal Paris Cabello M\u00e1s Hermoso y Piel M\u00e1s Hermosa, Miss Novustyle, Miss Amistad y Miss Fotogenia. La m\u00fasica estuvo a cargo del cantante Joseph Fonseca. <\/font><\/p>\n<p align=\"justify\"><font size=\"3\">Manteniendo el prop\u00f3sito de la franquicia de Miss Universe Puerto Rico de fomentar la belleza, la filantrop\u00eda y la moda en Puerto Rico, las beldades desfilaron en la pasarela junto a los pacientes del San Jorge Children\u2019s Hospital con las camisetas que realizaron al apadrinar a estos ni\u00f1os. <\/font><\/p>\n<p align=\"justify\"><font size=\"3\">La velada continu\u00f3 con el Desfile de Moda, donde las candidatas se unieron a 29 dise\u00f1adores de San Juan Moda para una pasarela \u00fanica que cont\u00f3 con la participaci\u00f3n musical del artista urbano Ozuna. El grupo de afamados dise\u00f1adores participantes fueron: Kelvin Giovanni, \u00c1ngel Guzm\u00e1n, Liliam D\u00edaz, Heriberto V\u00e1zquez, Rub\u00e9n Dar\u00edo, Reynaldo Flores, Edd Aponte, Isaac Joha<\/font><\/p>\nngg_shortcode_0_placeholder\n","protected":false},"excerpt":{"rendered":"<p>El 6 de septiembre se llev\u00f3 a cabo, en el Centro de Convenciones de Puerto Rico, la celebraci\u00f3n de la Competencia Preliminar y el Desfile de Moda de Miss Universe Puerto Rico 2018. El evento se transmitir\u00e1 por Wapa Televisi\u00f3n&hellip;<\/p>\n<p class=\"more-link-p\"><a class=\"more-link\" href=\"https:\/\/bobvarela.com\/?p=128250\">Read more &rarr;<\/a><\/p>\n","protected":false},"author":1,"featured_media":0,"comment_status":"open","ping_status":"open","sticky":false,"template":"","format":"standard","meta":{"ngg_post_thumbnail":0,"footnotes":""},"categories":[5,172],"tags":[],"class_list":["post-128250","post","type-post","status-publish","format-standard","hentry","category-concursos","category-universe"],"_links":{"self":[{"href":"https:\/\/bobvarela.com\/index.php?rest_route=\/wp\/v2\/posts\/128250","targetHints":{"allow":["GET"]}}],"collection":[{"href":"https:\/\/bobvarela.com\/index.php?rest_route=\/wp\/v2\/posts"}],"about":[{"href":"https:\/\/bobvarela.com\/index.php?rest_route=\/wp\/v2\/types\/post"}],"author":[{"embeddable":true,"href":"https:\/\/bobvarela.com\/index.php?rest_route=\/wp\/v2\/users\/1"}],"replies":[{"embeddable":true,"href":"https:\/\/bobvarela.com\/index.php?rest_route=%2Fwp%2Fv2%2Fcomments&post=128250"}],"version-history":[{"count":1,"href":"https:\/\/bobvarela.com\/index.php?rest_route=\/wp\/v2\/posts\/128250\/revisions"}],"predecessor-version":[{"id":128251,"href":"https:\/\/bobvarela.com\/index.php?rest_route=\/wp\/v2\/posts\/128250\/revisions\/128251"}],"wp:attachment":[{"href":"https:\/\/bobvarela.com\/index.php?rest_route=%2Fwp%2Fv2%2Fmedia&parent=128250"}],"wp:term":[{"taxonomy":"category","embeddable":true,"href":"https:\/\/bobvarela.com\/index.php?rest_route=%2Fwp%2Fv2%2Fcategories&post=128250"},{"taxonomy":"post_tag","embeddable":true,"href":"https:\/\/bobvarela.com\/index.php?rest_route=%2Fwp%2Fv2%2Ftags&post=128250"}],"curies":[{"name":"wp","href":"https:\/\/api.w.org\/{rel}","templated":true}]}}