{"id":128281,"date":"2018-09-15T08:53:26","date_gmt":"2018-09-15T12:53:26","guid":{"rendered":"https:\/\/bobvarela.com\/?p=128281"},"modified":"2018-09-15T08:54:39","modified_gmt":"2018-09-15T12:54:39","slug":"semifinalistas-de-tiny-world-model-2018","status":"publish","type":"post","link":"https:\/\/bobvarela.com\/?p=128281","title":{"rendered":"Semifinalistas de Tiny World Model 2018"},"content":{"rendered":"<p align=\"justify\"><span style=\"font-size: medium;\">La cuarta temporada de la competencia \u201creality\u201d Tiny World Model 2018, comienza su pr\u00f3xima etapa al elegir los 13 semifinalistas, donde el p\u00fablico podr\u00e1 ser testigo de sus transformaciones y personalidades. Tiny World Model educa al modelo promedio sobre la real industria de la moda, sus deberes y responsabilidades para ser parte de la misma, lo m\u00e1s importante son j\u00f3venes desde 5\u20192\u2019\u2019 a 5\u2019 8\u2019\u2019 de estatura, con deseos de sobresalir en los medios de comunicaci\u00f3n y comercial.<\/span><\/p>\n<p align=\"justify\"><span style=\"font-size: medium;\">La producci\u00f3n <b>JanCo, Inc.<\/b> del dise\u00f1ador <b>Juan Col\u00f3n<\/b> y <b>Pelican Studios<\/b> est\u00e1n a cargo de todo lo relacionado al programa y donde durante los pr\u00f3ximos 4 episodios, los modelos se enfrentaran a retos y evaluaciones por un grupo de expertos en la industria los cuales se desempe\u00f1an en distintas ramas de la misma. En esta nueva etapa se estrena en la conducci\u00f3n total el modelo y Tiny World Model 2015 <b>Lester Gonz\u00e1lez,<\/b> quien nos mantendr\u00e1 informado de lo que sucede en cada momento. Todos los jueves a las 9:00 pm se publica un nuevo episodio por el canal <b>JANCO UNLIMITED,<\/b>a trav\u00e9s de la plataforma YouTube (youtube.com\/jancounlimited), o bonus video en la p\u00e1gina de Facebook Tiny World Model. El p\u00fablico puede apoyar a su <b>Tiny Model<\/b> favorito en la p\u00e1gina de Instagram <b>tinyworldmodel<\/b>.<\/span><\/p>\n<p align=\"justify\"><span style=\"font-size: medium;\">La selecci\u00f3n de estos semifinalistas trae consigo varios retos a los cuales los competidores tendr\u00e1n que enfrentarse y demostrar en todo momento su disciplina, evoluci\u00f3n y compromiso, para as\u00ed logras ser uno de los 2 vencedores que viajaran al concurso EMOTYC en nueva york.<\/span><\/p>\n<p><b>Los Semifinalistas de Tiny World Model 2018<\/b><\/p>\n<p><span style=\"font-size: medium;\">1. <b>Karla<\/b> <\/span><\/p>\n<p><span style=\"font-size: medium;\">Pueblo: Barranquitas \u2013 Agencia: Krone models<\/span><\/p>\n<p><span style=\"font-size: medium;\">10mo grado- Colegio San Francisco de As\u00eds <\/span><\/p>\n<p><span style=\"font-size: medium;\">2. <b>Adializ<\/b> <\/span><\/p>\n<p><span style=\"font-size: medium;\">Pueblo: Guaynabo \u2013 Agencia: Catwalk fashion <\/span><\/p>\n<p><span style=\"font-size: medium;\">Oficial de cuentas BPPR<\/span><\/p>\n<p><span style=\"font-size: medium;\">3. <b>Liz <\/b>\u2013<\/span><\/p>\n<p><span style=\"font-size: medium;\">Pueblo: Bayam\u00f3n &#8211; Agencia: Pasarelas by Yadira<\/span><\/p>\n<p><span style=\"font-size: medium;\">Cursa bachillerato en publicidad- Universidad del Sagrado Coraz\u00f3n<\/span><\/p>\n<p><span style=\"font-size: medium;\">4. <b>Anne <\/b>\u2013 <\/span><\/p>\n<p><span style=\"font-size: medium;\">Pueblo: Humacao &#8211; Agencia: Krone Models<\/span><\/p>\n<p><span style=\"font-size: medium;\">Trabaja Pathstone Corporation<\/span><\/p>\n<p><span style=\"font-size: medium;\">5. <b>Yashira<\/b>\u2013 <\/span><\/p>\n<p><span style=\"font-size: medium;\">Pueblo: Arecibo \u2013 Agencia: Catwalk fashion<\/span><\/p>\n<p><span style=\"font-size: medium;\">Cursa Bachillerato en Mercadeo- Universidad Interamericana Arecibo<\/span><\/p>\n<p><span style=\"font-size: medium;\">6. <b>Aalieha<\/b> \u2013 <\/span><\/p>\n<p><span style=\"font-size: medium;\">Pueblo: San Juan \u2013 Agencia: Contorno <\/span><\/p>\n<p><span style=\"font-size: medium;\">Cursa concentraci\u00f3n en Geograf\u00eda- UPR Rio Piedras<\/span><\/p>\n<p><span style=\"font-size: medium;\">7. <b>Kiara<\/b> \u2013 <\/span><\/p>\n<p><span style=\"font-size: medium;\">Pueblo: Corozal &#8211; Agencia: Freelance<\/span><\/p>\n<p><span style=\"font-size: medium;\">Graduada de en Ciencias de Enfermer\u00eda<\/span><\/p>\n<p><span style=\"font-size: medium;\">8. <b>Diana <\/b>\u2013 <\/span><\/p>\n<p><span style=\"font-size: medium;\">Pueblo: Carolina &#8211; Agencia: Freelance<\/span><\/p>\n<p><span style=\"font-size: medium;\">Cursa bachillerato en Educaci\u00f3n k\u00ednder- tercero- Universidad Interamericana Metro<\/span><\/p>\n<p><span style=\"font-size: medium;\">9. <b>Estefan\u00eda <\/b>\u2013 <\/span><\/p>\n<p><span style=\"font-size: medium;\">Pueblo: Toa Alta\u2013 Agencia: Pasarelas by Yadira<\/span><\/p>\n<p><span style=\"font-size: medium;\">Cursa Bachillerato en Sociolog\u00eda- UPR Bayam\u00f3n<\/span><\/p>\n<p><span style=\"font-size: medium;\">10. <b> Ezequiel<\/b> \u2013 <\/span><\/p>\n<p><span style=\"font-size: medium;\">Pueblo: Morovis \u2013 Agencia: Freelance <\/span><\/p>\n<p><span style=\"font-size: medium;\">Estudios BIOLOGIA \u2013 Universidad Central de Bayam\u00f3n<\/span><\/p>\n<p><span style=\"font-size: medium;\">11. <b>Ticha <\/b>\u2013 <\/span><\/p>\n<p><span style=\"font-size: medium;\">Pueblo: Carolina\u2013 Agencia: Pasarelas by Yadira<\/span><\/p>\n<p><span style=\"font-size: medium;\">Cursa 11vo grado- Escuela Lorenzo Vizcarrondo<\/span><\/p>\n<p><span style=\"font-size: medium;\">12. <b> Marcos<\/b> \u2013 <\/span><\/p>\n<p><span style=\"font-size: medium;\">Pueblo: Carolina\u2013 Agencia: Freelance<\/span><\/p>\n<p><span style=\"font-size: medium;\">Bachillerato en teatro y producci\u00f3n- UPR Rio Piedras<\/span><\/p>\n<p><span style=\"font-size: medium;\">13. <b>Daina<\/b>&#8211; <\/span><\/p>\n<p><span style=\"font-size: medium;\">Pueblo: San Juan\u2013 Agencia: Achieve models<\/span><\/p>\n<p><span style=\"font-size: medium;\">Cursa 10mo grado- Colegio Mar\u00eda Reina<\/span><\/p>\nngg_shortcode_0_placeholder\n","protected":false},"excerpt":{"rendered":"<p>La cuarta temporada de la competencia \u201creality\u201d Tiny World Model 2018, comienza su pr\u00f3xima etapa al elegir los 13 semifinalistas, donde el p\u00fablico podr\u00e1 ser testigo de sus transformaciones y personalidades. Tiny World Model educa al modelo promedio sobre la&hellip;<\/p>\n<p class=\"more-link-p\"><a class=\"more-link\" href=\"https:\/\/bobvarela.com\/?p=128281\">Read more &rarr;<\/a><\/p>\n","protected":false},"author":1,"featured_media":0,"comment_status":"open","ping_status":"open","sticky":false,"template":"","format":"standard","meta":{"ngg_post_thumbnail":0,"footnotes":""},"categories":[5,412,510],"tags":[],"class_list":["post-128281","post","type-post","status-publish","format-standard","hentry","category-concursos","category-reality","category-tiny"],"_links":{"self":[{"href":"https:\/\/bobvarela.com\/index.php?rest_route=\/wp\/v2\/posts\/128281","targetHints":{"allow":["GET"]}}],"collection":[{"href":"https:\/\/bobvarela.com\/index.php?rest_route=\/wp\/v2\/posts"}],"about":[{"href":"https:\/\/bobvarela.com\/index.php?rest_route=\/wp\/v2\/types\/post"}],"author":[{"embeddable":true,"href":"https:\/\/bobvarela.com\/index.php?rest_route=\/wp\/v2\/users\/1"}],"replies":[{"embeddable":true,"href":"https:\/\/bobvarela.com\/index.php?rest_route=%2Fwp%2Fv2%2Fcomments&post=128281"}],"version-history":[{"count":2,"href":"https:\/\/bobvarela.com\/index.php?rest_route=\/wp\/v2\/posts\/128281\/revisions"}],"predecessor-version":[{"id":128283,"href":"https:\/\/bobvarela.com\/index.php?rest_route=\/wp\/v2\/posts\/128281\/revisions\/128283"}],"wp:attachment":[{"href":"https:\/\/bobvarela.com\/index.php?rest_route=%2Fwp%2Fv2%2Fmedia&parent=128281"}],"wp:term":[{"taxonomy":"category","embeddable":true,"href":"https:\/\/bobvarela.com\/index.php?rest_route=%2Fwp%2Fv2%2Fcategories&post=128281"},{"taxonomy":"post_tag","embeddable":true,"href":"https:\/\/bobvarela.com\/index.php?rest_route=%2Fwp%2Fv2%2Ftags&post=128281"}],"curies":[{"name":"wp","href":"https:\/\/api.w.org\/{rel}","templated":true}]}}