{"id":128580,"date":"2019-01-16T19:34:10","date_gmt":"2019-01-16T23:34:10","guid":{"rendered":"https:\/\/bobvarela.com\/?p=128580"},"modified":"2019-01-16T19:34:10","modified_gmt":"2019-01-16T23:34:10","slug":"casting-sptima-edicin-del-transfashion","status":"publish","type":"post","link":"https:\/\/bobvarela.com\/?p=128580","title":{"rendered":"Casting S&eacute;ptima Edici&oacute;n del TRANSFASHION"},"content":{"rendered":"<p align=\"center\"><font size=\"3\"><a href=\"https:\/\/bobvarela.com\/wp-content\/uploads\/2019\/01\/IMG_4207.jpg\"><img loading=\"lazy\" decoding=\"async\" title=\"IMG_4207\" style=\"display: inline; background-image: none;\" border=\"0\" alt=\"IMG_4207\" src=\"https:\/\/bobvarela.com\/wp-content\/uploads\/2019\/01\/IMG_4207_thumb.jpg\" width=\"566\" height=\"320\" \/><\/a><\/font><\/p>\n<p align=\"justify\"><font size=\"3\">De cara a la S\u00e9ptima Edici\u00f3n del <b>TRANSFASHION<\/b>, evento \u00fanico en el mundo de la moda en Puerto Rico, el pr\u00f3ximo 25 de enero de 2019 a las 9:00 P.M. en La Bodega (413 Calle San Francisco, San Juan, Puerto Rico 00901), se celebrar\u00e1 un casting dirigido a los\/as integrantes de las comunidades transexuales, transg\u00e9neros y del grupo LGBTQQI de Puerto Rico.<\/font><\/p>\n<p align=\"justify\"><font size=\"3\">Las personas interesadas deben darse cita al local y llevar vestimenta estrictamente negra y con un \u201clook\u201d de \u201cTop Model\u201d, no importa la talla ni la estatura. <\/font><\/p>\n<p align=\"justify\"><font size=\"3\">Las personas electas, tendr\u00e1n la oportunidad de participar en esta Quinta Edici\u00f3n de<b> TRANSFASHION<\/b> y de modelar piezas de los reconocidos\/as dise\u00f1adores\/as: David Antonio, Eddie Laboyx, Innova Corsetry, Jaer Cab\u00e1n, Javier Arnaldo, Jose Ra\u00fal, Karlz Louis, Liliana D\u00edaz, Orlando L\u00f3pez, Osvaldo Morales, Ram\u00f3n Rinaldi, Sonia Bonilla y Sonia Rivera. Este a\u00f1o el evento de recaudaci\u00f3n de fondos tendr\u00e1 funci\u00f3n la primera semana de marzo. <\/font><\/p>\n<p align=\"center\"><font size=\"3\"><a href=\"https:\/\/bobvarela.com\/wp-content\/uploads\/2019\/01\/lisa-thon.jpg\"><img loading=\"lazy\" decoding=\"async\" title=\"lisa thon\" style=\"display: inline; background-image: none;\" border=\"0\" alt=\"lisa thon\" src=\"https:\/\/bobvarela.com\/wp-content\/uploads\/2019\/01\/lisa-thon_thumb.jpg\" width=\"134\" height=\"199\" \/><\/a><\/font><a href=\"https:\/\/bobvarela.com\/wp-content\/uploads\/2019\/01\/juan-colon.jpg\"><img loading=\"lazy\" decoding=\"async\" title=\"juan colon\" style=\"display: inline; background-image: none;\" border=\"0\" alt=\"juan colon\" src=\"https:\/\/bobvarela.com\/wp-content\/uploads\/2019\/01\/juan-colon_thumb.jpg\" width=\"134\" height=\"199\" \/><\/a><a href=\"https:\/\/bobvarela.com\/wp-content\/uploads\/2019\/01\/juan-colon-2.jpg\"><img loading=\"lazy\" decoding=\"async\" title=\"juan colon 2\" style=\"display: inline; background-image: none;\" border=\"0\" alt=\"juan colon 2\" src=\"https:\/\/bobvarela.com\/wp-content\/uploads\/2019\/01\/juan-colon-2_thumb.jpg\" width=\"134\" height=\"199\" \/><\/a><a href=\"https:\/\/bobvarela.com\/wp-content\/uploads\/2019\/01\/javier-arnaldo.jpg\"><img loading=\"lazy\" decoding=\"async\" title=\"javier arnaldo\" style=\"display: inline; background-image: none;\" border=\"0\" alt=\"javier arnaldo\" src=\"https:\/\/bobvarela.com\/wp-content\/uploads\/2019\/01\/javier-arnaldo_thumb.jpg\" width=\"134\" height=\"199\" \/><\/a><\/p>\n<p align=\"justify\"><font size=\"3\">\u201c<b>TRANSFASHION<\/b> no solo es una actividad de recaudaci\u00f3n de fondos: es un espacio alterno en el mundo de la moda, es una oportunidad de visibilidad, es una oportunidad de trabajo adicional para personas trans y g\u00e9nero no conforme en toda su diversidad, es descubrir nuevos talentos y desarrollar el potencial en cada persona.<\/font><\/p>\n<p align=\"justify\"><font size=\"3\">Esperamos contar con el apoyo recibido y superar las expectativas de las ediciones previas de <b>TRANSFASHION<\/b> &#8211; recalc\u00f3 Jos\u00e9 Joaqu\u00edn Mulinelli Rodr\u00edguez, Director Ejecutivo de <b>Coa\u00ed, Inc<\/b><\/font><\/p>\n","protected":false},"excerpt":{"rendered":"<p>De cara a la S\u00e9ptima Edici\u00f3n del TRANSFASHION, evento \u00fanico en el mundo de la moda en Puerto Rico, el pr\u00f3ximo 25 de enero de 2019 a las 9:00 P.M. en La Bodega (413 Calle San Francisco, San Juan, Puerto&hellip;<\/p>\n<p class=\"more-link-p\"><a class=\"more-link\" href=\"https:\/\/bobvarela.com\/?p=128580\">Read more &rarr;<\/a><\/p>\n","protected":false},"author":1,"featured_media":0,"comment_status":"open","ping_status":"open","sticky":false,"template":"","format":"standard","meta":{"ngg_post_thumbnail":0,"footnotes":""},"categories":[4,295],"tags":[],"class_list":["post-128580","post","type-post","status-publish","format-standard","hentry","category-moda","category-puerto-rico"],"_links":{"self":[{"href":"https:\/\/bobvarela.com\/index.php?rest_route=\/wp\/v2\/posts\/128580","targetHints":{"allow":["GET"]}}],"collection":[{"href":"https:\/\/bobvarela.com\/index.php?rest_route=\/wp\/v2\/posts"}],"about":[{"href":"https:\/\/bobvarela.com\/index.php?rest_route=\/wp\/v2\/types\/post"}],"author":[{"embeddable":true,"href":"https:\/\/bobvarela.com\/index.php?rest_route=\/wp\/v2\/users\/1"}],"replies":[{"embeddable":true,"href":"https:\/\/bobvarela.com\/index.php?rest_route=%2Fwp%2Fv2%2Fcomments&post=128580"}],"version-history":[{"count":1,"href":"https:\/\/bobvarela.com\/index.php?rest_route=\/wp\/v2\/posts\/128580\/revisions"}],"predecessor-version":[{"id":128581,"href":"https:\/\/bobvarela.com\/index.php?rest_route=\/wp\/v2\/posts\/128580\/revisions\/128581"}],"wp:attachment":[{"href":"https:\/\/bobvarela.com\/index.php?rest_route=%2Fwp%2Fv2%2Fmedia&parent=128580"}],"wp:term":[{"taxonomy":"category","embeddable":true,"href":"https:\/\/bobvarela.com\/index.php?rest_route=%2Fwp%2Fv2%2Fcategories&post=128580"},{"taxonomy":"post_tag","embeddable":true,"href":"https:\/\/bobvarela.com\/index.php?rest_route=%2Fwp%2Fv2%2Ftags&post=128580"}],"curies":[{"name":"wp","href":"https:\/\/api.w.org\/{rel}","templated":true}]}}