{"id":128664,"date":"2019-02-19T17:15:45","date_gmt":"2019-02-19T21:15:45","guid":{"rendered":"https:\/\/bobvarela.com\/?p=128664"},"modified":"2019-02-19T17:15:45","modified_gmt":"2019-02-19T21:15:45","slug":"las-cejas-de-frida-una-nueva-propuesta-musica","status":"publish","type":"post","link":"https:\/\/bobvarela.com\/?p=128664","title":{"rendered":"Las Cejas de Frida: Una nueva propuesta Musica"},"content":{"rendered":"<p align=\"center\"><a href=\"https:\/\/bobvarela.com\/wp-content\/uploads\/2019\/02\/IMG_8353-1-1.jpg\"><img loading=\"lazy\" decoding=\"async\" title=\"IMG_8353-1 (1)\" style=\"display: inline; background-image: none;\" border=\"0\" alt=\"IMG_8353-1 (1)\" src=\"https:\/\/bobvarela.com\/wp-content\/uploads\/2019\/02\/IMG_8353-1-1_thumb.jpg\" width=\"588\" height=\"395\" \/><\/a><\/p>\n<p align=\"justify\"><font size=\"3\">El pop latino tiene nuevo nombre y es <i>Las Cejas de Frida<\/i>, una agrupaci\u00f3n femenina compuesto por un cuarteto de chicas de la regi\u00f3n Oeste de Puerto Rico.&#160; <br \/>Quienes en el 2015 deciden unir esfuerzos y crear una banda de m\u00fasica pop con fusiones ac\u00fasticas mezclando el pop con el jazz y hasta con lo urbano.&#160; <br \/>Sus integrantes Shakira Serrano, Nicole Sep\u00falveda, Ika Rivera y Jennifer Avil\u00e9s, todas con experiencia en la m\u00fasica desde muy corta edad. \u201cPara m\u00ed, la m\u00fasica vino en la sangre, es lo que me apasiona y me hizo crear este incre\u00edble proyecto llamado <i>Las Cejas de Frida<\/i>\u201d expres\u00f3 Shakira Serrano, percusionista de la agrupaci\u00f3n.       <br \/>El grupo se encuentra grabando su primer disco el cual saldr\u00e1 este mismo a\u00f1o 2019. Su primer sencillo, \u201cQu\u00edmica Perfecta\u201d&#160; actualmente en promoci\u00f3n y ya disponible en todas las plataformas digitales.&#160; <br \/>Esa&#160; <i>Qu\u00edmica Perfecta<\/i> es la qu\u00edmica que tenemos como grupo, que fue inexplicable. Tambi\u00e9n ocurre entre parejas, amigos etc. De la misma manera fusionamos todo lo que nos gusta y escribimos sobre todo que sentimos, mencionaron las chicas.       <br \/>Para conocer m\u00e1s sobre la agrupaci\u00f3n y sus pr\u00f3ximas presentaciones pueden visitar su p\u00e1gina de facebook (Las Cejas de Frida Music). Para contrataciones: 787.447.0581 o escribiendo a <\/font><a><font size=\"3\">bepublicpr@gmail.com<\/font><\/a><\/p>\n","protected":false},"excerpt":{"rendered":"<p>El pop latino tiene nuevo nombre y es Las Cejas de Frida, una agrupaci\u00f3n femenina compuesto por un cuarteto de chicas de la regi\u00f3n Oeste de Puerto Rico.&#160; Quienes en el 2015 deciden unir esfuerzos y crear una banda de&hellip;<\/p>\n<p class=\"more-link-p\"><a class=\"more-link\" href=\"https:\/\/bobvarela.com\/?p=128664\">Read more &rarr;<\/a><\/p>\n","protected":false},"author":1,"featured_media":0,"comment_status":"open","ping_status":"open","sticky":false,"template":"","format":"standard","meta":{"ngg_post_thumbnail":0,"footnotes":""},"categories":[3,127],"tags":[],"class_list":["post-128664","post","type-post","status-publish","format-standard","hentry","category-actividades","category-musica"],"_links":{"self":[{"href":"https:\/\/bobvarela.com\/index.php?rest_route=\/wp\/v2\/posts\/128664","targetHints":{"allow":["GET"]}}],"collection":[{"href":"https:\/\/bobvarela.com\/index.php?rest_route=\/wp\/v2\/posts"}],"about":[{"href":"https:\/\/bobvarela.com\/index.php?rest_route=\/wp\/v2\/types\/post"}],"author":[{"embeddable":true,"href":"https:\/\/bobvarela.com\/index.php?rest_route=\/wp\/v2\/users\/1"}],"replies":[{"embeddable":true,"href":"https:\/\/bobvarela.com\/index.php?rest_route=%2Fwp%2Fv2%2Fcomments&post=128664"}],"version-history":[{"count":1,"href":"https:\/\/bobvarela.com\/index.php?rest_route=\/wp\/v2\/posts\/128664\/revisions"}],"predecessor-version":[{"id":128665,"href":"https:\/\/bobvarela.com\/index.php?rest_route=\/wp\/v2\/posts\/128664\/revisions\/128665"}],"wp:attachment":[{"href":"https:\/\/bobvarela.com\/index.php?rest_route=%2Fwp%2Fv2%2Fmedia&parent=128664"}],"wp:term":[{"taxonomy":"category","embeddable":true,"href":"https:\/\/bobvarela.com\/index.php?rest_route=%2Fwp%2Fv2%2Fcategories&post=128664"},{"taxonomy":"post_tag","embeddable":true,"href":"https:\/\/bobvarela.com\/index.php?rest_route=%2Fwp%2Fv2%2Ftags&post=128664"}],"curies":[{"name":"wp","href":"https:\/\/api.w.org\/{rel}","templated":true}]}}