{"id":128708,"date":"2019-04-17T09:01:04","date_gmt":"2019-04-17T13:01:04","guid":{"rendered":"https:\/\/bobvarela.com\/?p=128708"},"modified":"2019-04-17T09:01:04","modified_gmt":"2019-04-17T13:01:04","slug":"the-last-world-by-juan-colon","status":"publish","type":"post","link":"https:\/\/bobvarela.com\/?p=128708","title":{"rendered":"THE LAST WORLD BY JUAN COLON"},"content":{"rendered":"<p align=\"center\"><font size=\"3\"><a href=\"https:\/\/bobvarela.com\/wp-content\/uploads\/2019\/04\/sjm3.jpg\"><img loading=\"lazy\" decoding=\"async\" title=\"sjm3\" style=\"display: inline; background-image: none;\" border=\"0\" alt=\"sjm3\" src=\"https:\/\/bobvarela.com\/wp-content\/uploads\/2019\/04\/sjm3_thumb.jpg\" width=\"339\" height=\"506\" \/><\/a><\/font><\/p>\n<p align=\"justify\"><font size=\"3\">El dise\u00f1ador y egresado de la segunda temporada del reality show Proyect Runway Latin America, regresa a San Juan Moda luego de cinco a\u00f1os con su propuesta de desfiles \u201cTINY WORLD\u201d, bajo el t\u00edtulo: The Last World, el 30 de abril del 2019 a las 7:00 p.m. en el Hotel San Juan de Isla Verde, en la plataforma de modas m\u00e1s importante del pa\u00eds San Juan Moda. <\/font><\/p>\n<p align=\"justify\"><font size=\"3\">Los desfiles bajo el t\u00edtulo \u201cTiny World\u201d se enfocan en la persona real y de estatura promedio, todos los modelos son entre 5\u20192\u201d-5\u20198\u201d de estatura, adem\u00e1s de modelos: curvy. Plus, andr\u00f3genos, teens y con condiciones especiales, diferente a lo que estamos acostumbrados a ver en pasarelas tradicionales.<\/font><\/p>\n<p align=\"center\"><font size=\"3\"><a href=\"https:\/\/bobvarela.com\/wp-content\/uploads\/2019\/04\/sjm2.jpg\"><img loading=\"lazy\" decoding=\"async\" title=\"sjm2\" style=\"display: inline; background-image: none;\" border=\"0\" alt=\"sjm2\" src=\"https:\/\/bobvarela.com\/wp-content\/uploads\/2019\/04\/sjm2_thumb.jpg\" width=\"298\" height=\"445\" \/><\/a><\/font><\/p>\n<p align=\"justify\"><font size=\"3\">\u201cTiny World\u201d surge hace 7 temporadas con la idea de brindar una plataforma al talento de personas reales. Queremos que cuando una persona vea uno de nuestros desfiles se identifique con cada modelo y diga yo me puedo ver as\u00ed. Las personas reales son quienes mueven la econom\u00eda de la industria de la moda y muchas veces solo pueden admirar porque esas piezas creadas no est\u00e1n hechas para sus especificaciones\u201d, explica Juan Colon.<\/font><\/p>\n<p align=\"justify\"><font size=\"3\">En esta ocasi\u00f3n el dise\u00f1ador Juan Colon nombra a su colecci\u00f3n \u201cThe Last World\u201d, influenciado por detalles del continente asi\u00e1tico, el momento de vivir cada d\u00eda como el \u00faltimo en el mundo, y conmemorando sus 20 a\u00f1os en la industria. Las tendencias a presentarse tanto para damas y caballeros tienen el fin de ser multifuncionales e intercambiables para que estas tengan una utilidad m\u00e1s efectiva en el guardarropa; ser\u00e1 predominada por encajes, textiles en chifones, charmouse, hilo y spandex. Una gama de colores como el blanco, negro y rojo dar\u00e1n vidas a estas piezas. La colecci\u00f3n ser\u00e1 complementada el arreglo de Myrangel Beauty Institute, Modern Hair Styling Institute con Mario Reyes, Century College con Cintia D\u00edaz, Gladys Romero, Juan Carlos Montalvo y \u00c1ngel Fern\u00e1ndez.<\/font><\/p>\n<p align=\"center\"><font size=\"3\"><a href=\"https:\/\/bobvarela.com\/wp-content\/uploads\/2019\/04\/sjm4.jpg\"><img loading=\"lazy\" decoding=\"async\" title=\"sjm4\" style=\"display: inline; background-image: none;\" border=\"0\" alt=\"sjm4\" src=\"https:\/\/bobvarela.com\/wp-content\/uploads\/2019\/04\/sjm4_thumb.jpg\" width=\"309\" height=\"461\" \/><\/a><\/font><\/p>\n<p align=\"justify\"><font size=\"3\">Para m\u00e1s informaci\u00f3n y boletos del evento \u201cThe Last World f\/w 2019\u201d by: Juan Colon solo tienen que enviar su nombre y RSV a: juancolonmoda@gmail.com o Facebook <a href=\"https:\/\/www.facebook.com\/SanJuanModaPR\">www.facebook.com\/SanJuanModaPR<\/a><\/font><\/p>\n<p>Fotos- Fernando Cruz Franco <\/p>\n<p>Modelo- Karimar Quinonez <\/p>\n<p>M&amp;H- Modern hair styling team Mario Reyes<\/p>\n","protected":false},"excerpt":{"rendered":"<p>El dise\u00f1ador y egresado de la segunda temporada del reality show Proyect Runway Latin America, regresa a San Juan Moda luego de cinco a\u00f1os con su propuesta de desfiles \u201cTINY WORLD\u201d, bajo el t\u00edtulo: The Last World, el 30 de&hellip;<\/p>\n<p class=\"more-link-p\"><a class=\"more-link\" href=\"https:\/\/bobvarela.com\/?p=128708\">Read more &rarr;<\/a><\/p>\n","protected":false},"author":1,"featured_media":0,"comment_status":"open","ping_status":"open","sticky":false,"template":"","format":"standard","meta":{"ngg_post_thumbnail":0,"footnotes":""},"categories":[4,295],"tags":[],"class_list":["post-128708","post","type-post","status-publish","format-standard","hentry","category-moda","category-puerto-rico"],"_links":{"self":[{"href":"https:\/\/bobvarela.com\/index.php?rest_route=\/wp\/v2\/posts\/128708","targetHints":{"allow":["GET"]}}],"collection":[{"href":"https:\/\/bobvarela.com\/index.php?rest_route=\/wp\/v2\/posts"}],"about":[{"href":"https:\/\/bobvarela.com\/index.php?rest_route=\/wp\/v2\/types\/post"}],"author":[{"embeddable":true,"href":"https:\/\/bobvarela.com\/index.php?rest_route=\/wp\/v2\/users\/1"}],"replies":[{"embeddable":true,"href":"https:\/\/bobvarela.com\/index.php?rest_route=%2Fwp%2Fv2%2Fcomments&post=128708"}],"version-history":[{"count":1,"href":"https:\/\/bobvarela.com\/index.php?rest_route=\/wp\/v2\/posts\/128708\/revisions"}],"predecessor-version":[{"id":128709,"href":"https:\/\/bobvarela.com\/index.php?rest_route=\/wp\/v2\/posts\/128708\/revisions\/128709"}],"wp:attachment":[{"href":"https:\/\/bobvarela.com\/index.php?rest_route=%2Fwp%2Fv2%2Fmedia&parent=128708"}],"wp:term":[{"taxonomy":"category","embeddable":true,"href":"https:\/\/bobvarela.com\/index.php?rest_route=%2Fwp%2Fv2%2Fcategories&post=128708"},{"taxonomy":"post_tag","embeddable":true,"href":"https:\/\/bobvarela.com\/index.php?rest_route=%2Fwp%2Fv2%2Ftags&post=128708"}],"curies":[{"name":"wp","href":"https:\/\/api.w.org\/{rel}","templated":true}]}}